{"id":127052,"date":"2024-07-06T07:25:01","date_gmt":"2024-07-06T12:25:01","guid":{"rendered":"https:\/\/lospoliticosveracruz.com.mx\/?p=127052"},"modified":"2024-07-06T07:29:00","modified_gmt":"2024-07-06T12:29:00","slug":"yunes-azules-vs-fge-morena","status":"publish","type":"post","link":"https:\/\/lospoliticosveracruz.com\/?p=127052","title":{"rendered":"YUNES AZULES VS FGE-MORENA"},"content":{"rendered":"\n<p><strong>Ricardo Chua<\/strong><\/p>\n\n\n\n<p><em>Sale y Vale<\/em><\/p>\n\n\n\n<p>LA LUCHA SIGUE.. El pleito legal entre la Fiscal\u00eda General del Estado, partido MORENA y poder judicial en Veracruz en contra del senador electo del PAN-PRI-PRD, Miguel \u00c4ngel Yunes M\u00e1rquez, contin\u00faa y se vienen muchos m\u00e1s cap\u00edtulos de esta \u00abnovela\u00bb.. Sobre todo porque el panista no se present\u00f3 a la Tercera Audiencia en Pacho Viejo despu\u00e9s de haber sido citado.. Fueron sus abogados y presentaron de nuevo un justificante m\u00e9dico.. Lo que enardeci\u00f3 al grupo de MORENA en el poder estatal..<\/p>\n\n\n\n<p>De manera inmediata.. Los propagandistas de la 4T en Veracruz, al servicio de Cuitl\u00e1huac Garc\u00eda, Ricardo Ahued, MORENA y Juan Javier G\u00f3mez Cazar\u00edn empezaron a mandar decenas de correos electr\u00f3nicos se\u00f1alando, desde su argumentaci\u00f3n pol\u00edtica, no jur\u00eddica, de que Yunes M\u00e1rquez al no presentarse a la audiencia de imputaci\u00f3n en pr\u00f3ximas horas se emitir\u00edan medidas legales y cautelares a seguir tras este nuevo \u00abdesacato\u00bb.. Al final se determin\u00f3 que ser\u00e1 a trav\u00e9s de una videoconferencia por el estado de salud del indiciado que se har\u00e1 la audiencia..<\/p>\n\n\n\n<p>\u00abGarganta Profunda\u00bb, en pocas palabras, dice que Miguel \u00c1ngel Yunes M\u00e1rquez, YA LOS \u00abTRAB\u00d3\u00bb tanto a la FGE como al Poder Judicial del Estado.. Ya que al no poder presentarse f\u00edsicamente, pase lo que pase, conecte donde se conecte si en CDMX, Guadalajara, Monterrey, Veracruz o en el extranjero en alg\u00fan hospital o en un sitio donde est\u00e9 en recuperaci\u00f3n.. Pues no podr\u00e1n intentar aprenderlo porque la audiencia no ser\u00e1 con su presencia f\u00edsica.. No tendr\u00e1n esa ANSIADA foto que buscan de Yunes M\u00e1rquez siendo esposado..<\/p>\n\n\n\n<p>Ya que de otra forma.. Si quieren que Miguel Yunes junior vaya f\u00edsicamente a la audiencia a Pacho Viejo.. Tendr\u00edan que esperar entre 8 a 12 semanas para que este hecho ocurra, pero para entonces, ya en ese tiempo, Yunes M\u00e1rquez tendr\u00eda fuero constitucional porque la audiencia ser\u00eda despu\u00e9s del 1 de septiembre.. Que es la fecha cuando el panista tendr\u00eda que estar en el Congreso de la Uni\u00f3n para tomar protesta como senador de la Rep\u00fablica.. Y eso le da el famoso fuero.. ABROOONN<\/p>\n\n\n\n<p>Sobre ese tema.. \u00abGarganta Profunda\u00bb menciona que por m\u00e1s que quieran poner \u00abel viento a su favor\u00bb en la FGE y el PJV.. No pueden ir contra la Constituci\u00f3n Mexicana que le da a todos los ciudadanos su derecho constitucional a la salud.. El art\u00edculo 4o de la CPM as\u00ed lo \u00edndica.. Mismo Derecho que en procesos legales o penales, se puede ejercer en este sistema acusatorio oral , sistema de audiencias y que el mismo c\u00f3digo nacional penal en su art\u00edculo 174, refiere que incluso en ese mismo momento se puede justificar la inasistencia..<\/p>\n\n\n\n<p>Esto debido a que es un derecho permitido y que en este caso en particular de Yunes M\u00e1rquez tiene derecho.. Y que seg\u00fan \u00abGarganta Profunda\u00bb es m\u00e1xime porque es completamente real su problema de salud.. Y que de hecho hasta de pel\u00edcula la hicieron, cuando se rectific\u00f3 si era verdad de que el ex alcalde de Boca del R\u00edo estaba mal de salud.. Y en la misma investigaci\u00f3n de la FGE se acredit\u00f3 que s\u00ed era cierto.. Y que por eso en la audiencia de ayer, bajo el principio de igualdad de partes se acredit\u00f3 la enfermedad del senador electo..<\/p>\n\n\n\n<p>Lo cual conlleva a que, presuntamente, \u00e9l no se niega llevar a cabo la audiencia que en tres ocasiones le han estado citando para que se presente.. Simplemente es que Yunes M\u00e1rquez est\u00e1 ejerciendo el derecho como cualquier otra persona con problemas de salud, que le da la Constituci\u00f3n Mexicana.. Por lo cual, se califica que en lo que est\u00e1 haciendo, no hay nada oscuro o imaginario, simplemente es lo real.. Y que por ello s\u00f3lo est\u00e1 solicitando que se le d\u00e9 el tiempo necesario para su rehabilitaci\u00f3n y poder estar en la audiencia..<\/p>\n\n\n\n<p>\u00abGarganta Profunda\u00bb aduce que lo cierto es que el art\u00edculo 51 del C\u00f3digo Penal Nacional, se contempla la posibilidad de llevar a cabo las audiencias por videoconferencia, situaci\u00f3n que en audiencia de ayer viernes fue lo que sucedi\u00f3.. La autoridad judicial fij\u00f3 audiencia por videoconferencia para el pr\u00f3ximo jueves a las 14:00 horas.. Ya que decidieron que fue pertinente tomar en consideraci\u00f3n que conforme al derecho a la salud y su recuperaci\u00f3n se solicit\u00f3 de 8 a 12 semanas de rehabilitaci\u00f3n pero han fijado audiencias cada 5 d\u00edas . REFLEXI\u00d3N: Esta historia continuar\u00e1 hasta el 1 de septiembre o cuando la FGE encuentre a Miguel Yunes.. Lo que suceda primero.. AMEN..<\/p>\n","protected":false},"excerpt":{"rendered":"<p>Ricardo Chua Sale y Vale LA LUCHA SIGUE.. El pleito legal entre la Fiscal\u00eda General del Estado, partido MORENA y poder judicial en Veracruz en contra del senador electo del PAN-PRI-PRD, Miguel \u00c4ngel Yunes M\u00e1rquez, contin\u00faa y se vienen muchos m\u00e1s cap\u00edtulos de esta \u00abnovela\u00bb.. Sobre todo porque el panista no se present\u00f3 a la [&hellip;]<\/p>\n","protected":false},"author":2,"featured_media":119817,"comment_status":"closed","ping_status":"closed","sticky":false,"template":"","format":"standard","meta":{"tdm_status":"","tdm_grid_status":"","footnotes":""},"categories":[70],"tags":[536,1026,195],"class_list":{"0":"post-127052","1":"post","2":"type-post","3":"status-publish","4":"format-standard","5":"has-post-thumbnail","7":"category-de-opinion","8":"tag-miguel-angel-yunes-marquez","9":"tag-morena","10":"tag-veracruz"},"yoast_head":"<!-- This site is optimized with the Yoast SEO plugin v27.4 - https:\/\/yoast.com\/product\/yoast-seo-wordpress\/ -->\n<title>YUNES AZULES VS FGE-MORENA - Los pol\u00edticos Veracruz<\/title>\n<meta name=\"robots\" content=\"index, follow, max-snippet:-1, max-image-preview:large, max-video-preview:-1\" \/>\n<link rel=\"canonical\" href=\"https:\/\/lospoliticosveracruz.com\/?p=127052\" \/>\n<meta property=\"og:locale\" content=\"es_ES\" \/>\n<meta property=\"og:type\" content=\"article\" \/>\n<meta property=\"og:title\" content=\"YUNES AZULES VS FGE-MORENA - Los pol\u00edticos Veracruz\" \/>\n<meta property=\"og:description\" content=\"Ricardo Chua Sale y Vale LA LUCHA SIGUE.. El pleito legal entre la Fiscal\u00eda General del Estado, partido MORENA y poder judicial en Veracruz en contra del senador electo del PAN-PRI-PRD, Miguel \u00c4ngel Yunes M\u00e1rquez, contin\u00faa y se vienen muchos m\u00e1s cap\u00edtulos de esta \u00abnovela\u00bb.. Sobre todo porque el panista no se present\u00f3 a la [&hellip;]\" \/>\n<meta property=\"og:url\" content=\"https:\/\/lospoliticosveracruz.com\/?p=127052\" \/>\n<meta property=\"og:site_name\" content=\"Los pol\u00edticos Veracruz\" \/>\n<meta property=\"article:publisher\" content=\"https:\/\/www.facebook.com\/people\/Notimemes-de-los-Polticos\/61565672886568\/\" \/>\n<meta property=\"article:published_time\" content=\"2024-07-06T12:25:01+00:00\" \/>\n<meta property=\"article:modified_time\" content=\"2024-07-06T12:29:00+00:00\" \/>\n<meta property=\"og:image\" content=\"https:\/\/lospoliticosveracruz.com\/wp-content\/uploads\/2024\/03\/Ricardo-Chua.jpg\" \/>\n\t<meta property=\"og:image:width\" content=\"1250\" \/>\n\t<meta property=\"og:image:height\" content=\"667\" \/>\n\t<meta property=\"og:image:type\" content=\"image\/jpeg\" \/>\n<meta name=\"author\" content=\"Lo viste en Los Pol\u00edticos\" \/>\n<meta name=\"twitter:card\" content=\"summary_large_image\" \/>\n<meta name=\"twitter:creator\" content=\"@LosPoliticosVer\" \/>\n<meta name=\"twitter:site\" content=\"@LosPoliticosVer\" \/>\n<meta name=\"twitter:label1\" content=\"Escrito por\" \/>\n\t<meta name=\"twitter:data1\" content=\"Lo viste en Los Pol\u00edticos\" \/>\n\t<meta name=\"twitter:label2\" content=\"Tiempo de lectura\" \/>\n\t<meta name=\"twitter:data2\" content=\"4 minutos\" \/>\n<script type=\"application\/ld+json\" class=\"yoast-schema-graph\">{\"@context\":\"https:\\\/\\\/schema.org\",\"@graph\":[{\"@type\":\"Article\",\"@id\":\"https:\\\/\\\/lospoliticosveracruz.com\\\/?p=127052#article\",\"isPartOf\":{\"@id\":\"https:\\\/\\\/lospoliticosveracruz.com\\\/?p=127052\"},\"author\":{\"name\":\"Lo viste en Los Pol\u00edticos\",\"@id\":\"https:\\\/\\\/lospoliticosveracruz.com\\\/#\\\/schema\\\/person\\\/b8702bb0e538456e6efd07080bf2a4a2\"},\"headline\":\"YUNES AZULES VS FGE-MORENA\",\"datePublished\":\"2024-07-06T12:25:01+00:00\",\"dateModified\":\"2024-07-06T12:29:00+00:00\",\"mainEntityOfPage\":{\"@id\":\"https:\\\/\\\/lospoliticosveracruz.com\\\/?p=127052\"},\"wordCount\":798,\"publisher\":{\"@id\":\"https:\\\/\\\/lospoliticosveracruz.com\\\/#organization\"},\"image\":{\"@id\":\"https:\\\/\\\/lospoliticosveracruz.com\\\/?p=127052#primaryimage\"},\"thumbnailUrl\":\"https:\\\/\\\/lospoliticosveracruz.com\\\/wp-content\\\/uploads\\\/2024\\\/03\\\/Ricardo-Chua.jpg\",\"keywords\":[\"Miguel \u00c1ngel Yunes M\u00e1rquez\",\"Morena\",\"Veracruz\"],\"articleSection\":[\"De Opini\u00f3n\"],\"inLanguage\":\"es\"},{\"@type\":\"WebPage\",\"@id\":\"https:\\\/\\\/lospoliticosveracruz.com\\\/?p=127052\",\"url\":\"https:\\\/\\\/lospoliticosveracruz.com\\\/?p=127052\",\"name\":\"YUNES AZULES VS FGE-MORENA - Los pol\u00edticos Veracruz\",\"isPartOf\":{\"@id\":\"https:\\\/\\\/lospoliticosveracruz.com\\\/#website\"},\"primaryImageOfPage\":{\"@id\":\"https:\\\/\\\/lospoliticosveracruz.com\\\/?p=127052#primaryimage\"},\"image\":{\"@id\":\"https:\\\/\\\/lospoliticosveracruz.com\\\/?p=127052#primaryimage\"},\"thumbnailUrl\":\"https:\\\/\\\/lospoliticosveracruz.com\\\/wp-content\\\/uploads\\\/2024\\\/03\\\/Ricardo-Chua.jpg\",\"datePublished\":\"2024-07-06T12:25:01+00:00\",\"dateModified\":\"2024-07-06T12:29:00+00:00\",\"breadcrumb\":{\"@id\":\"https:\\\/\\\/lospoliticosveracruz.com\\\/?p=127052#breadcrumb\"},\"inLanguage\":\"es\",\"potentialAction\":[{\"@type\":\"ReadAction\",\"target\":[\"https:\\\/\\\/lospoliticosveracruz.com\\\/?p=127052\"]}]},{\"@type\":\"ImageObject\",\"inLanguage\":\"es\",\"@id\":\"https:\\\/\\\/lospoliticosveracruz.com\\\/?p=127052#primaryimage\",\"url\":\"https:\\\/\\\/lospoliticosveracruz.com\\\/wp-content\\\/uploads\\\/2024\\\/03\\\/Ricardo-Chua.jpg\",\"contentUrl\":\"https:\\\/\\\/lospoliticosveracruz.com\\\/wp-content\\\/uploads\\\/2024\\\/03\\\/Ricardo-Chua.jpg\",\"width\":1250,\"height\":667},{\"@type\":\"BreadcrumbList\",\"@id\":\"https:\\\/\\\/lospoliticosveracruz.com\\\/?p=127052#breadcrumb\",\"itemListElement\":[{\"@type\":\"ListItem\",\"position\":1,\"name\":\"Portada\",\"item\":\"https:\\\/\\\/lospoliticosveracruz.com\\\/\"},{\"@type\":\"ListItem\",\"position\":2,\"name\":\"YUNES AZULES VS FGE-MORENA\"}]},{\"@type\":\"WebSite\",\"@id\":\"https:\\\/\\\/lospoliticosveracruz.com\\\/#website\",\"url\":\"https:\\\/\\\/lospoliticosveracruz.com\\\/\",\"name\":\"Los pol\u00edticos Veracruz\",\"description\":\"\",\"publisher\":{\"@id\":\"https:\\\/\\\/lospoliticosveracruz.com\\\/#organization\"},\"potentialAction\":[{\"@type\":\"SearchAction\",\"target\":{\"@type\":\"EntryPoint\",\"urlTemplate\":\"https:\\\/\\\/lospoliticosveracruz.com\\\/?s={search_term_string}\"},\"query-input\":{\"@type\":\"PropertyValueSpecification\",\"valueRequired\":true,\"valueName\":\"search_term_string\"}}],\"inLanguage\":\"es\"},{\"@type\":\"Organization\",\"@id\":\"https:\\\/\\\/lospoliticosveracruz.com\\\/#organization\",\"name\":\"Los pol\u00edticos Veracruz\",\"url\":\"https:\\\/\\\/lospoliticosveracruz.com\\\/\",\"logo\":{\"@type\":\"ImageObject\",\"inLanguage\":\"es\",\"@id\":\"https:\\\/\\\/lospoliticosveracruz.com\\\/#\\\/schema\\\/logo\\\/image\\\/\",\"url\":\"https:\\\/\\\/lospoliticosveracruz.com\\\/wp-content\\\/uploads\\\/2025\\\/12\\\/Logo-Nuevo-LOS-POLITICOS-1.jpg\",\"contentUrl\":\"https:\\\/\\\/lospoliticosveracruz.com\\\/wp-content\\\/uploads\\\/2025\\\/12\\\/Logo-Nuevo-LOS-POLITICOS-1.jpg\",\"width\":260,\"height\":70,\"caption\":\"Los pol\u00edticos Veracruz\"},\"image\":{\"@id\":\"https:\\\/\\\/lospoliticosveracruz.com\\\/#\\\/schema\\\/logo\\\/image\\\/\"},\"sameAs\":[\"https:\\\/\\\/www.facebook.com\\\/people\\\/Notimemes-de-los-Polticos\\\/61565672886568\\\/\",\"https:\\\/\\\/x.com\\\/LosPoliticosVer\"]},{\"@type\":\"Person\",\"@id\":\"https:\\\/\\\/lospoliticosveracruz.com\\\/#\\\/schema\\\/person\\\/b8702bb0e538456e6efd07080bf2a4a2\",\"name\":\"Lo viste en Los Pol\u00edticos\",\"image\":{\"@type\":\"ImageObject\",\"inLanguage\":\"es\",\"@id\":\"https:\\\/\\\/secure.gravatar.com\\\/avatar\\\/3a8de04a2656d44082be478bd6c086daa447c4651605818287b9532d3d0bd435?s=96&d=mm&r=g\",\"url\":\"https:\\\/\\\/secure.gravatar.com\\\/avatar\\\/3a8de04a2656d44082be478bd6c086daa447c4651605818287b9532d3d0bd435?s=96&d=mm&r=g\",\"contentUrl\":\"https:\\\/\\\/secure.gravatar.com\\\/avatar\\\/3a8de04a2656d44082be478bd6c086daa447c4651605818287b9532d3d0bd435?s=96&d=mm&r=g\",\"caption\":\"Lo viste en Los Pol\u00edticos\"},\"url\":\"https:\\\/\\\/lospoliticosveracruz.com\\\/?author=2\"}]}<\/script>\n<!-- \/ Yoast SEO plugin. -->","yoast_head_json":{"title":"YUNES AZULES VS FGE-MORENA - Los pol\u00edticos Veracruz","robots":{"index":"index","follow":"follow","max-snippet":"max-snippet:-1","max-image-preview":"max-image-preview:large","max-video-preview":"max-video-preview:-1"},"canonical":"https:\/\/lospoliticosveracruz.com\/?p=127052","og_locale":"es_ES","og_type":"article","og_title":"YUNES AZULES VS FGE-MORENA - Los pol\u00edticos Veracruz","og_description":"Ricardo Chua Sale y Vale LA LUCHA SIGUE.. El pleito legal entre la Fiscal\u00eda General del Estado, partido MORENA y poder judicial en Veracruz en contra del senador electo del PAN-PRI-PRD, Miguel \u00c4ngel Yunes M\u00e1rquez, contin\u00faa y se vienen muchos m\u00e1s cap\u00edtulos de esta \u00abnovela\u00bb.. Sobre todo porque el panista no se present\u00f3 a la [&hellip;]","og_url":"https:\/\/lospoliticosveracruz.com\/?p=127052","og_site_name":"Los pol\u00edticos Veracruz","article_publisher":"https:\/\/www.facebook.com\/people\/Notimemes-de-los-Polticos\/61565672886568\/","article_published_time":"2024-07-06T12:25:01+00:00","article_modified_time":"2024-07-06T12:29:00+00:00","og_image":[{"width":1250,"height":667,"url":"https:\/\/lospoliticosveracruz.com\/wp-content\/uploads\/2024\/03\/Ricardo-Chua.jpg","type":"image\/jpeg"}],"author":"Lo viste en Los Pol\u00edticos","twitter_card":"summary_large_image","twitter_creator":"@LosPoliticosVer","twitter_site":"@LosPoliticosVer","twitter_misc":{"Escrito por":"Lo viste en Los Pol\u00edticos","Tiempo de lectura":"4 minutos"},"schema":{"@context":"https:\/\/schema.org","@graph":[{"@type":"Article","@id":"https:\/\/lospoliticosveracruz.com\/?p=127052#article","isPartOf":{"@id":"https:\/\/lospoliticosveracruz.com\/?p=127052"},"author":{"name":"Lo viste en Los Pol\u00edticos","@id":"https:\/\/lospoliticosveracruz.com\/#\/schema\/person\/b8702bb0e538456e6efd07080bf2a4a2"},"headline":"YUNES AZULES VS FGE-MORENA","datePublished":"2024-07-06T12:25:01+00:00","dateModified":"2024-07-06T12:29:00+00:00","mainEntityOfPage":{"@id":"https:\/\/lospoliticosveracruz.com\/?p=127052"},"wordCount":798,"publisher":{"@id":"https:\/\/lospoliticosveracruz.com\/#organization"},"image":{"@id":"https:\/\/lospoliticosveracruz.com\/?p=127052#primaryimage"},"thumbnailUrl":"https:\/\/lospoliticosveracruz.com\/wp-content\/uploads\/2024\/03\/Ricardo-Chua.jpg","keywords":["Miguel \u00c1ngel Yunes M\u00e1rquez","Morena","Veracruz"],"articleSection":["De Opini\u00f3n"],"inLanguage":"es"},{"@type":"WebPage","@id":"https:\/\/lospoliticosveracruz.com\/?p=127052","url":"https:\/\/lospoliticosveracruz.com\/?p=127052","name":"YUNES AZULES VS FGE-MORENA - Los pol\u00edticos Veracruz","isPartOf":{"@id":"https:\/\/lospoliticosveracruz.com\/#website"},"primaryImageOfPage":{"@id":"https:\/\/lospoliticosveracruz.com\/?p=127052#primaryimage"},"image":{"@id":"https:\/\/lospoliticosveracruz.com\/?p=127052#primaryimage"},"thumbnailUrl":"https:\/\/lospoliticosveracruz.com\/wp-content\/uploads\/2024\/03\/Ricardo-Chua.jpg","datePublished":"2024-07-06T12:25:01+00:00","dateModified":"2024-07-06T12:29:00+00:00","breadcrumb":{"@id":"https:\/\/lospoliticosveracruz.com\/?p=127052#breadcrumb"},"inLanguage":"es","potentialAction":[{"@type":"ReadAction","target":["https:\/\/lospoliticosveracruz.com\/?p=127052"]}]},{"@type":"ImageObject","inLanguage":"es","@id":"https:\/\/lospoliticosveracruz.com\/?p=127052#primaryimage","url":"https:\/\/lospoliticosveracruz.com\/wp-content\/uploads\/2024\/03\/Ricardo-Chua.jpg","contentUrl":"https:\/\/lospoliticosveracruz.com\/wp-content\/uploads\/2024\/03\/Ricardo-Chua.jpg","width":1250,"height":667},{"@type":"BreadcrumbList","@id":"https:\/\/lospoliticosveracruz.com\/?p=127052#breadcrumb","itemListElement":[{"@type":"ListItem","position":1,"name":"Portada","item":"https:\/\/lospoliticosveracruz.com\/"},{"@type":"ListItem","position":2,"name":"YUNES AZULES VS FGE-MORENA"}]},{"@type":"WebSite","@id":"https:\/\/lospoliticosveracruz.com\/#website","url":"https:\/\/lospoliticosveracruz.com\/","name":"Los pol\u00edticos Veracruz","description":"","publisher":{"@id":"https:\/\/lospoliticosveracruz.com\/#organization"},"potentialAction":[{"@type":"SearchAction","target":{"@type":"EntryPoint","urlTemplate":"https:\/\/lospoliticosveracruz.com\/?s={search_term_string}"},"query-input":{"@type":"PropertyValueSpecification","valueRequired":true,"valueName":"search_term_string"}}],"inLanguage":"es"},{"@type":"Organization","@id":"https:\/\/lospoliticosveracruz.com\/#organization","name":"Los pol\u00edticos Veracruz","url":"https:\/\/lospoliticosveracruz.com\/","logo":{"@type":"ImageObject","inLanguage":"es","@id":"https:\/\/lospoliticosveracruz.com\/#\/schema\/logo\/image\/","url":"https:\/\/lospoliticosveracruz.com\/wp-content\/uploads\/2025\/12\/Logo-Nuevo-LOS-POLITICOS-1.jpg","contentUrl":"https:\/\/lospoliticosveracruz.com\/wp-content\/uploads\/2025\/12\/Logo-Nuevo-LOS-POLITICOS-1.jpg","width":260,"height":70,"caption":"Los pol\u00edticos Veracruz"},"image":{"@id":"https:\/\/lospoliticosveracruz.com\/#\/schema\/logo\/image\/"},"sameAs":["https:\/\/www.facebook.com\/people\/Notimemes-de-los-Polticos\/61565672886568\/","https:\/\/x.com\/LosPoliticosVer"]},{"@type":"Person","@id":"https:\/\/lospoliticosveracruz.com\/#\/schema\/person\/b8702bb0e538456e6efd07080bf2a4a2","name":"Lo viste en Los Pol\u00edticos","image":{"@type":"ImageObject","inLanguage":"es","@id":"https:\/\/secure.gravatar.com\/avatar\/3a8de04a2656d44082be478bd6c086daa447c4651605818287b9532d3d0bd435?s=96&d=mm&r=g","url":"https:\/\/secure.gravatar.com\/avatar\/3a8de04a2656d44082be478bd6c086daa447c4651605818287b9532d3d0bd435?s=96&d=mm&r=g","contentUrl":"https:\/\/secure.gravatar.com\/avatar\/3a8de04a2656d44082be478bd6c086daa447c4651605818287b9532d3d0bd435?s=96&d=mm&r=g","caption":"Lo viste en Los Pol\u00edticos"},"url":"https:\/\/lospoliticosveracruz.com\/?author=2"}]}},"_links":{"self":[{"href":"https:\/\/lospoliticosveracruz.com\/index.php?rest_route=\/wp\/v2\/posts\/127052","targetHints":{"allow":["GET"]}}],"collection":[{"href":"https:\/\/lospoliticosveracruz.com\/index.php?rest_route=\/wp\/v2\/posts"}],"about":[{"href":"https:\/\/lospoliticosveracruz.com\/index.php?rest_route=\/wp\/v2\/types\/post"}],"author":[{"embeddable":true,"href":"https:\/\/lospoliticosveracruz.com\/index.php?rest_route=\/wp\/v2\/users\/2"}],"replies":[{"embeddable":true,"href":"https:\/\/lospoliticosveracruz.com\/index.php?rest_route=%2Fwp%2Fv2%2Fcomments&post=127052"}],"version-history":[{"count":1,"href":"https:\/\/lospoliticosveracruz.com\/index.php?rest_route=\/wp\/v2\/posts\/127052\/revisions"}],"predecessor-version":[{"id":127053,"href":"https:\/\/lospoliticosveracruz.com\/index.php?rest_route=\/wp\/v2\/posts\/127052\/revisions\/127053"}],"wp:featuredmedia":[{"embeddable":true,"href":"https:\/\/lospoliticosveracruz.com\/index.php?rest_route=\/wp\/v2\/media\/119817"}],"wp:attachment":[{"href":"https:\/\/lospoliticosveracruz.com\/index.php?rest_route=%2Fwp%2Fv2%2Fmedia&parent=127052"}],"wp:term":[{"taxonomy":"category","embeddable":true,"href":"https:\/\/lospoliticosveracruz.com\/index.php?rest_route=%2Fwp%2Fv2%2Fcategories&post=127052"},{"taxonomy":"post_tag","embeddable":true,"href":"https:\/\/lospoliticosveracruz.com\/index.php?rest_route=%2Fwp%2Fv2%2Ftags&post=127052"}],"curies":[{"name":"wp","href":"https:\/\/api.w.org\/{rel}","templated":true}]}}