{"id":127094,"date":"2024-07-07T13:33:15","date_gmt":"2024-07-07T18:33:15","guid":{"rendered":"https:\/\/lospoliticosveracruz.com.mx\/?p=127094"},"modified":"2024-07-07T13:33:23","modified_gmt":"2024-07-07T18:33:23","slug":"huele-a-atentado","status":"publish","type":"post","link":"https:\/\/lospoliticosveracruz.com\/?p=127094","title":{"rendered":"HUELE A ATENTADO"},"content":{"rendered":"\n<p><strong>Oved Contreras<\/strong><\/p>\n\n\n\n<p><em>Secas Mecas<\/em><\/p>\n\n\n\n<p>Las cosas siguen calientes en el norte del estado\u2026la camioneta de la\u00a0hija del\u00a0alcalde\u00a0de\u00a0Cazones de Herrera, Miguel \u00c1ngel Uribe Toral, explot\u00f3 la tarde del pasado viernes mientras estaba estacionada en la v\u00eda p\u00fablica, frente a su domicilio\u2026el video circula en redes sociales, se ve el momento exacto en el que el veh\u00edculo, aparcado en la calle Ignacio Allende de la comunidad La Uni\u00f3n, zona conocida como Kil\u00f3metro 31, estalla de la nada.<\/p>\n\n\n<div class=\"wp-block-image\">\n<figure class=\"alignleft size-thumbnail\"><a href=\"https:\/\/lospoliticosveracruz.com.mx\/wp-content\/uploads\/2024\/05\/IMG_0341-e1716950925234.jpeg\"><img loading=\"lazy\" decoding=\"async\" width=\"150\" height=\"150\" src=\"https:\/\/lospoliticosveracruz.com.mx\/wp-content\/uploads\/2024\/05\/IMG_0341-150x150.jpeg\" alt=\"\" class=\"wp-image-125332\"\/><\/a><\/figure>\n<\/div>\n\n\n<p>Por estos hechos, la Fiscal\u00eda General del Estado abri\u00f3 una investigaci\u00f3n aunque evidentemente se trata de un atentado contra la hija del edil quien por cierto lleg\u00f3 a la alcald\u00eda de Cazones, tras el asesinato del candidato de Movimiento Ciudadano,&nbsp;Remigio Tovar Tovar, un d\u00eda antes de las elecciones de 2021.<\/p>\n\n\n\n<p>El suplente de Tovar era su jefe de campa\u00f1a, Omar \u201cN\u201d, quien&nbsp;fue detenido el 21 de junio del 2021, acusado de ser el responsable del&nbsp;homicidio\u2026as\u00ed entrega Cuitl\u00e1huac Garc\u00eda el estado pendiendo de un hilo en materia de seguridad por m\u00e1s reuniones diarias que hagan para dizque construir la paz.&nbsp;<\/p>\n\n\n\n<p>ANUNCIAN A LA NENA\u2026pura socialit\u00e9, escriben en las redes ante el anuncio de la t\u00eda CH\u00cdO de que Dulce Mar\u00eda \u201cNena\u201d de la Reguera G\u00f3mez ser\u00e1 la pr\u00f3xima titular de la Secretar\u00eda de Turismo de Veracruz\u2026la primera incursi\u00f3n de la Nena de la Reguera en la pol\u00edtica fue hace tres a\u00f1os cuando compiti\u00f3 como candidata a la alcald\u00eda de Boca del R\u00edo pero perdi\u00f3 de manera estrepitosa con Juan Manuel Unanue.<\/p>\n\n\n\n<p>\u201cLa maestra \u2018Nena\u2019 de la Reguera, originaria del hermoso puerto de Veracruz, ser\u00e1 quien nos ayude en la Secretar\u00eda de Turismo\u2026ella fue candidata cuando nadie quer\u00eda lanzarse a ayudarnos a conformar el movimiento. Ella nos ayud\u00f3, fue candidata y subimos mucho la votaci\u00f3n\u201d, dijo Nahle.<\/p>\n\n\n\n<p>Dulce Mar\u00eda de la Reguera G\u00f3mez es madre de la actriz Ana de la Reguera y es ampliamente conocida en la zona conurbada Veracruz-Boca del R\u00edo por un programa de televisi\u00f3n de sociales que condujo hace algunos a\u00f1os.<\/p>\n\n\n\n<p>En las redes escribieron que se juntaron las cuatro alegres comadres en referencia a la t\u00eda Ch\u00edo, Claudia Tello, la gorda Ahued y Nena de la Reguera.<\/p>\n\n\n\n<p>CRITICAN MALAS CARRETERAS\u2026le llueve sobre mojado al director del Centro SCT Veracruz, Luis Antonio Posada por el p\u00e9simo estado de las carreteras federales de Veracruz\u2026varios usuarios postraron en redes como ejemplo el mal estado de la carretera en puntos cercanos a la planta nuclear de Laguna Verde.<\/p>\n\n\n\n<p>Otros usuarios denunciaron que lo mismo pasa con la carretera federal que va de Los Tuxtlas a Coatzacoalcos, y tambi\u00e9n las carreteras del norte sobre todo de Tuxpan hacia P\u00e1nuco donde no se ve ninguna acci\u00f3n de mantenimiento\u2026los usuarios pidieron auditar a constructor al supervisor y a la SICT ya que no es posible que construyan carreteras con una carpeta asf\u00e1ltica de 2 CM, que eso es un burla y ah\u00ed se llevaron un dineral los involucrados.<\/p>\n\n\n\n<p>Al director del Centro SCIT, Luis Antonio Posada Flores, lo ven seguido jugando al golf en el Club Villa Rica de la Riviera Veracruzana, donde dicen que tambi\u00e9n tiene una residencia, se les olvida la austeridad y se dan gustos caros. Los empleados de su oficina critican que Posada Flores asiste tan s\u00f3lo \u00abuna vez a la semana\u00bb para firmar papeles y revisar&nbsp;&nbsp;\u201csus asuntos\u00bb.<\/p>\n\n\n\n<p>Hace unos d\u00edas solo fue a la<\/p>\n\n\n\n<p>Oficina para tomarse la foto con gente de la CMIC Veracruz, y se pudo apreciar la c\u00f3moda\u2026el Fulano lleva a puestos unos Hermenegildo Zengna y tir\u00f3 al olvido el mandato de la 4T para no darse vida de fif\u00ed.<\/p>\n\n\n\n<p>vida de Dandy que se da el corrupto Delegado de la SICT, pues pos\u00f3 nada m\u00e1s y nada menos que con sus Tenis Hermenegildo Zegna, los cuales cuestan casi $20,000 mil pesos, as\u00ed de sencillo y franciscano es el Delegado de la SICT en Veracruz, pobre Veracruz, pobres veracruzanos.<\/p>\n\n\n\n<p>por lo que tras estar unas pocas horas ah\u00ed vuelve a la comodidad de su mansi\u00f3n en la Riviera Veracruzana, desde donde despacha los negocios millonarios que est\u00e1 haciendo con los recursos federales que llegan para obras y la conservaci\u00f3n de la red carretera federal en Veracruz.<\/p>\n\n\n\n<p>Esperemos que Claudia Sheinbaum y el pr\u00f3ximo titular de la SICT hagan una limpia TOTAL llegando al cargo en el mes de octubre, y que barran con este tipo de funcionarios rateros y corruptos que est\u00e1n en la dependencia como el Director del Centro SICT en el Estado de Veracruz.<\/p>\n","protected":false},"excerpt":{"rendered":"<p>Oved Contreras Secas Mecas Las cosas siguen calientes en el norte del estado\u2026la camioneta de la\u00a0hija del\u00a0alcalde\u00a0de\u00a0Cazones de Herrera, Miguel \u00c1ngel Uribe Toral, explot\u00f3 la tarde del pasado viernes mientras estaba estacionada en la v\u00eda p\u00fablica, frente a su domicilio\u2026el video circula en redes sociales, se ve el momento exacto en el que el veh\u00edculo, [&hellip;]<\/p>\n","protected":false},"author":2,"featured_media":119816,"comment_status":"closed","ping_status":"closed","sticky":false,"template":"","format":"standard","meta":{"tdm_status":"","tdm_grid_status":"","footnotes":""},"categories":[70],"tags":[618,1563,1026,3578],"class_list":{"0":"post-127094","1":"post","2":"type-post","3":"status-publish","4":"format-standard","5":"has-post-thumbnail","7":"category-de-opinion","8":"tag-andres-manuel-lopez-obrador","9":"tag-cuitlahuac-garcia-jimenez","10":"tag-morena","11":"tag-rocio-nahle"},"yoast_head":"<!-- This site is optimized with the Yoast SEO plugin v27.4 - https:\/\/yoast.com\/product\/yoast-seo-wordpress\/ -->\n<title>HUELE A ATENTADO - Los pol\u00edticos Veracruz<\/title>\n<meta name=\"robots\" content=\"index, follow, max-snippet:-1, max-image-preview:large, max-video-preview:-1\" \/>\n<link rel=\"canonical\" href=\"https:\/\/lospoliticosveracruz.com\/?p=127094\" \/>\n<meta property=\"og:locale\" content=\"es_ES\" \/>\n<meta property=\"og:type\" content=\"article\" \/>\n<meta property=\"og:title\" content=\"HUELE A ATENTADO - Los pol\u00edticos Veracruz\" \/>\n<meta property=\"og:description\" content=\"Oved Contreras Secas Mecas Las cosas siguen calientes en el norte del estado\u2026la camioneta de la\u00a0hija del\u00a0alcalde\u00a0de\u00a0Cazones de Herrera, Miguel \u00c1ngel Uribe Toral, explot\u00f3 la tarde del pasado viernes mientras estaba estacionada en la v\u00eda p\u00fablica, frente a su domicilio\u2026el video circula en redes sociales, se ve el momento exacto en el que el veh\u00edculo, [&hellip;]\" \/>\n<meta property=\"og:url\" content=\"https:\/\/lospoliticosveracruz.com\/?p=127094\" \/>\n<meta property=\"og:site_name\" content=\"Los pol\u00edticos Veracruz\" \/>\n<meta property=\"article:publisher\" content=\"https:\/\/www.facebook.com\/people\/Notimemes-de-los-Polticos\/61565672886568\/\" \/>\n<meta property=\"article:published_time\" content=\"2024-07-07T18:33:15+00:00\" \/>\n<meta property=\"article:modified_time\" content=\"2024-07-07T18:33:23+00:00\" \/>\n<meta property=\"og:image\" content=\"https:\/\/lospoliticosveracruz.com\/wp-content\/uploads\/2024\/03\/Oved-Contreras.jpg\" \/>\n\t<meta property=\"og:image:width\" content=\"1250\" \/>\n\t<meta property=\"og:image:height\" content=\"667\" \/>\n\t<meta property=\"og:image:type\" content=\"image\/jpeg\" \/>\n<meta name=\"author\" content=\"Lo viste en Los Pol\u00edticos\" \/>\n<meta name=\"twitter:card\" content=\"summary_large_image\" \/>\n<meta name=\"twitter:creator\" content=\"@LosPoliticosVer\" \/>\n<meta name=\"twitter:site\" content=\"@LosPoliticosVer\" \/>\n<meta name=\"twitter:label1\" content=\"Escrito por\" \/>\n\t<meta name=\"twitter:data1\" content=\"Lo viste en Los Pol\u00edticos\" \/>\n\t<meta name=\"twitter:label2\" content=\"Tiempo de lectura\" \/>\n\t<meta name=\"twitter:data2\" content=\"4 minutos\" \/>\n<script type=\"application\/ld+json\" class=\"yoast-schema-graph\">{\"@context\":\"https:\\\/\\\/schema.org\",\"@graph\":[{\"@type\":\"Article\",\"@id\":\"https:\\\/\\\/lospoliticosveracruz.com\\\/?p=127094#article\",\"isPartOf\":{\"@id\":\"https:\\\/\\\/lospoliticosveracruz.com\\\/?p=127094\"},\"author\":{\"name\":\"Lo viste en Los Pol\u00edticos\",\"@id\":\"https:\\\/\\\/lospoliticosveracruz.com\\\/#\\\/schema\\\/person\\\/b8702bb0e538456e6efd07080bf2a4a2\"},\"headline\":\"HUELE A ATENTADO\",\"datePublished\":\"2024-07-07T18:33:15+00:00\",\"dateModified\":\"2024-07-07T18:33:23+00:00\",\"mainEntityOfPage\":{\"@id\":\"https:\\\/\\\/lospoliticosveracruz.com\\\/?p=127094\"},\"wordCount\":804,\"publisher\":{\"@id\":\"https:\\\/\\\/lospoliticosveracruz.com\\\/#organization\"},\"image\":{\"@id\":\"https:\\\/\\\/lospoliticosveracruz.com\\\/?p=127094#primaryimage\"},\"thumbnailUrl\":\"https:\\\/\\\/lospoliticosveracruz.com\\\/wp-content\\\/uploads\\\/2024\\\/03\\\/Oved-Contreras.jpg\",\"keywords\":[\"Andr\u00e9s Manuel L\u00f3pez Obrador\",\"Cuitl\u00e1huac Garc\u00eda Jim\u00e9nez\",\"Morena\",\"Roc\u00edo Nahle\"],\"articleSection\":[\"De Opini\u00f3n\"],\"inLanguage\":\"es\"},{\"@type\":\"WebPage\",\"@id\":\"https:\\\/\\\/lospoliticosveracruz.com\\\/?p=127094\",\"url\":\"https:\\\/\\\/lospoliticosveracruz.com\\\/?p=127094\",\"name\":\"HUELE A ATENTADO - Los pol\u00edticos Veracruz\",\"isPartOf\":{\"@id\":\"https:\\\/\\\/lospoliticosveracruz.com\\\/#website\"},\"primaryImageOfPage\":{\"@id\":\"https:\\\/\\\/lospoliticosveracruz.com\\\/?p=127094#primaryimage\"},\"image\":{\"@id\":\"https:\\\/\\\/lospoliticosveracruz.com\\\/?p=127094#primaryimage\"},\"thumbnailUrl\":\"https:\\\/\\\/lospoliticosveracruz.com\\\/wp-content\\\/uploads\\\/2024\\\/03\\\/Oved-Contreras.jpg\",\"datePublished\":\"2024-07-07T18:33:15+00:00\",\"dateModified\":\"2024-07-07T18:33:23+00:00\",\"breadcrumb\":{\"@id\":\"https:\\\/\\\/lospoliticosveracruz.com\\\/?p=127094#breadcrumb\"},\"inLanguage\":\"es\",\"potentialAction\":[{\"@type\":\"ReadAction\",\"target\":[\"https:\\\/\\\/lospoliticosveracruz.com\\\/?p=127094\"]}]},{\"@type\":\"ImageObject\",\"inLanguage\":\"es\",\"@id\":\"https:\\\/\\\/lospoliticosveracruz.com\\\/?p=127094#primaryimage\",\"url\":\"https:\\\/\\\/lospoliticosveracruz.com\\\/wp-content\\\/uploads\\\/2024\\\/03\\\/Oved-Contreras.jpg\",\"contentUrl\":\"https:\\\/\\\/lospoliticosveracruz.com\\\/wp-content\\\/uploads\\\/2024\\\/03\\\/Oved-Contreras.jpg\",\"width\":1250,\"height\":667},{\"@type\":\"BreadcrumbList\",\"@id\":\"https:\\\/\\\/lospoliticosveracruz.com\\\/?p=127094#breadcrumb\",\"itemListElement\":[{\"@type\":\"ListItem\",\"position\":1,\"name\":\"Portada\",\"item\":\"https:\\\/\\\/lospoliticosveracruz.com\\\/\"},{\"@type\":\"ListItem\",\"position\":2,\"name\":\"HUELE A ATENTADO\"}]},{\"@type\":\"WebSite\",\"@id\":\"https:\\\/\\\/lospoliticosveracruz.com\\\/#website\",\"url\":\"https:\\\/\\\/lospoliticosveracruz.com\\\/\",\"name\":\"Los pol\u00edticos Veracruz\",\"description\":\"\",\"publisher\":{\"@id\":\"https:\\\/\\\/lospoliticosveracruz.com\\\/#organization\"},\"potentialAction\":[{\"@type\":\"SearchAction\",\"target\":{\"@type\":\"EntryPoint\",\"urlTemplate\":\"https:\\\/\\\/lospoliticosveracruz.com\\\/?s={search_term_string}\"},\"query-input\":{\"@type\":\"PropertyValueSpecification\",\"valueRequired\":true,\"valueName\":\"search_term_string\"}}],\"inLanguage\":\"es\"},{\"@type\":\"Organization\",\"@id\":\"https:\\\/\\\/lospoliticosveracruz.com\\\/#organization\",\"name\":\"Los pol\u00edticos Veracruz\",\"url\":\"https:\\\/\\\/lospoliticosveracruz.com\\\/\",\"logo\":{\"@type\":\"ImageObject\",\"inLanguage\":\"es\",\"@id\":\"https:\\\/\\\/lospoliticosveracruz.com\\\/#\\\/schema\\\/logo\\\/image\\\/\",\"url\":\"https:\\\/\\\/lospoliticosveracruz.com\\\/wp-content\\\/uploads\\\/2025\\\/12\\\/Logo-Nuevo-LOS-POLITICOS-1.jpg\",\"contentUrl\":\"https:\\\/\\\/lospoliticosveracruz.com\\\/wp-content\\\/uploads\\\/2025\\\/12\\\/Logo-Nuevo-LOS-POLITICOS-1.jpg\",\"width\":260,\"height\":70,\"caption\":\"Los pol\u00edticos Veracruz\"},\"image\":{\"@id\":\"https:\\\/\\\/lospoliticosveracruz.com\\\/#\\\/schema\\\/logo\\\/image\\\/\"},\"sameAs\":[\"https:\\\/\\\/www.facebook.com\\\/people\\\/Notimemes-de-los-Polticos\\\/61565672886568\\\/\",\"https:\\\/\\\/x.com\\\/LosPoliticosVer\"]},{\"@type\":\"Person\",\"@id\":\"https:\\\/\\\/lospoliticosveracruz.com\\\/#\\\/schema\\\/person\\\/b8702bb0e538456e6efd07080bf2a4a2\",\"name\":\"Lo viste en Los Pol\u00edticos\",\"image\":{\"@type\":\"ImageObject\",\"inLanguage\":\"es\",\"@id\":\"https:\\\/\\\/secure.gravatar.com\\\/avatar\\\/3a8de04a2656d44082be478bd6c086daa447c4651605818287b9532d3d0bd435?s=96&d=mm&r=g\",\"url\":\"https:\\\/\\\/secure.gravatar.com\\\/avatar\\\/3a8de04a2656d44082be478bd6c086daa447c4651605818287b9532d3d0bd435?s=96&d=mm&r=g\",\"contentUrl\":\"https:\\\/\\\/secure.gravatar.com\\\/avatar\\\/3a8de04a2656d44082be478bd6c086daa447c4651605818287b9532d3d0bd435?s=96&d=mm&r=g\",\"caption\":\"Lo viste en Los Pol\u00edticos\"},\"url\":\"https:\\\/\\\/lospoliticosveracruz.com\\\/?author=2\"}]}<\/script>\n<!-- \/ Yoast SEO plugin. -->","yoast_head_json":{"title":"HUELE A ATENTADO - Los pol\u00edticos Veracruz","robots":{"index":"index","follow":"follow","max-snippet":"max-snippet:-1","max-image-preview":"max-image-preview:large","max-video-preview":"max-video-preview:-1"},"canonical":"https:\/\/lospoliticosveracruz.com\/?p=127094","og_locale":"es_ES","og_type":"article","og_title":"HUELE A ATENTADO - Los pol\u00edticos Veracruz","og_description":"Oved Contreras Secas Mecas Las cosas siguen calientes en el norte del estado\u2026la camioneta de la\u00a0hija del\u00a0alcalde\u00a0de\u00a0Cazones de Herrera, Miguel \u00c1ngel Uribe Toral, explot\u00f3 la tarde del pasado viernes mientras estaba estacionada en la v\u00eda p\u00fablica, frente a su domicilio\u2026el video circula en redes sociales, se ve el momento exacto en el que el veh\u00edculo, [&hellip;]","og_url":"https:\/\/lospoliticosveracruz.com\/?p=127094","og_site_name":"Los pol\u00edticos Veracruz","article_publisher":"https:\/\/www.facebook.com\/people\/Notimemes-de-los-Polticos\/61565672886568\/","article_published_time":"2024-07-07T18:33:15+00:00","article_modified_time":"2024-07-07T18:33:23+00:00","og_image":[{"width":1250,"height":667,"url":"https:\/\/lospoliticosveracruz.com\/wp-content\/uploads\/2024\/03\/Oved-Contreras.jpg","type":"image\/jpeg"}],"author":"Lo viste en Los Pol\u00edticos","twitter_card":"summary_large_image","twitter_creator":"@LosPoliticosVer","twitter_site":"@LosPoliticosVer","twitter_misc":{"Escrito por":"Lo viste en Los Pol\u00edticos","Tiempo de lectura":"4 minutos"},"schema":{"@context":"https:\/\/schema.org","@graph":[{"@type":"Article","@id":"https:\/\/lospoliticosveracruz.com\/?p=127094#article","isPartOf":{"@id":"https:\/\/lospoliticosveracruz.com\/?p=127094"},"author":{"name":"Lo viste en Los Pol\u00edticos","@id":"https:\/\/lospoliticosveracruz.com\/#\/schema\/person\/b8702bb0e538456e6efd07080bf2a4a2"},"headline":"HUELE A ATENTADO","datePublished":"2024-07-07T18:33:15+00:00","dateModified":"2024-07-07T18:33:23+00:00","mainEntityOfPage":{"@id":"https:\/\/lospoliticosveracruz.com\/?p=127094"},"wordCount":804,"publisher":{"@id":"https:\/\/lospoliticosveracruz.com\/#organization"},"image":{"@id":"https:\/\/lospoliticosveracruz.com\/?p=127094#primaryimage"},"thumbnailUrl":"https:\/\/lospoliticosveracruz.com\/wp-content\/uploads\/2024\/03\/Oved-Contreras.jpg","keywords":["Andr\u00e9s Manuel L\u00f3pez Obrador","Cuitl\u00e1huac Garc\u00eda Jim\u00e9nez","Morena","Roc\u00edo Nahle"],"articleSection":["De Opini\u00f3n"],"inLanguage":"es"},{"@type":"WebPage","@id":"https:\/\/lospoliticosveracruz.com\/?p=127094","url":"https:\/\/lospoliticosveracruz.com\/?p=127094","name":"HUELE A ATENTADO - Los pol\u00edticos Veracruz","isPartOf":{"@id":"https:\/\/lospoliticosveracruz.com\/#website"},"primaryImageOfPage":{"@id":"https:\/\/lospoliticosveracruz.com\/?p=127094#primaryimage"},"image":{"@id":"https:\/\/lospoliticosveracruz.com\/?p=127094#primaryimage"},"thumbnailUrl":"https:\/\/lospoliticosveracruz.com\/wp-content\/uploads\/2024\/03\/Oved-Contreras.jpg","datePublished":"2024-07-07T18:33:15+00:00","dateModified":"2024-07-07T18:33:23+00:00","breadcrumb":{"@id":"https:\/\/lospoliticosveracruz.com\/?p=127094#breadcrumb"},"inLanguage":"es","potentialAction":[{"@type":"ReadAction","target":["https:\/\/lospoliticosveracruz.com\/?p=127094"]}]},{"@type":"ImageObject","inLanguage":"es","@id":"https:\/\/lospoliticosveracruz.com\/?p=127094#primaryimage","url":"https:\/\/lospoliticosveracruz.com\/wp-content\/uploads\/2024\/03\/Oved-Contreras.jpg","contentUrl":"https:\/\/lospoliticosveracruz.com\/wp-content\/uploads\/2024\/03\/Oved-Contreras.jpg","width":1250,"height":667},{"@type":"BreadcrumbList","@id":"https:\/\/lospoliticosveracruz.com\/?p=127094#breadcrumb","itemListElement":[{"@type":"ListItem","position":1,"name":"Portada","item":"https:\/\/lospoliticosveracruz.com\/"},{"@type":"ListItem","position":2,"name":"HUELE A ATENTADO"}]},{"@type":"WebSite","@id":"https:\/\/lospoliticosveracruz.com\/#website","url":"https:\/\/lospoliticosveracruz.com\/","name":"Los pol\u00edticos Veracruz","description":"","publisher":{"@id":"https:\/\/lospoliticosveracruz.com\/#organization"},"potentialAction":[{"@type":"SearchAction","target":{"@type":"EntryPoint","urlTemplate":"https:\/\/lospoliticosveracruz.com\/?s={search_term_string}"},"query-input":{"@type":"PropertyValueSpecification","valueRequired":true,"valueName":"search_term_string"}}],"inLanguage":"es"},{"@type":"Organization","@id":"https:\/\/lospoliticosveracruz.com\/#organization","name":"Los pol\u00edticos Veracruz","url":"https:\/\/lospoliticosveracruz.com\/","logo":{"@type":"ImageObject","inLanguage":"es","@id":"https:\/\/lospoliticosveracruz.com\/#\/schema\/logo\/image\/","url":"https:\/\/lospoliticosveracruz.com\/wp-content\/uploads\/2025\/12\/Logo-Nuevo-LOS-POLITICOS-1.jpg","contentUrl":"https:\/\/lospoliticosveracruz.com\/wp-content\/uploads\/2025\/12\/Logo-Nuevo-LOS-POLITICOS-1.jpg","width":260,"height":70,"caption":"Los pol\u00edticos Veracruz"},"image":{"@id":"https:\/\/lospoliticosveracruz.com\/#\/schema\/logo\/image\/"},"sameAs":["https:\/\/www.facebook.com\/people\/Notimemes-de-los-Polticos\/61565672886568\/","https:\/\/x.com\/LosPoliticosVer"]},{"@type":"Person","@id":"https:\/\/lospoliticosveracruz.com\/#\/schema\/person\/b8702bb0e538456e6efd07080bf2a4a2","name":"Lo viste en Los Pol\u00edticos","image":{"@type":"ImageObject","inLanguage":"es","@id":"https:\/\/secure.gravatar.com\/avatar\/3a8de04a2656d44082be478bd6c086daa447c4651605818287b9532d3d0bd435?s=96&d=mm&r=g","url":"https:\/\/secure.gravatar.com\/avatar\/3a8de04a2656d44082be478bd6c086daa447c4651605818287b9532d3d0bd435?s=96&d=mm&r=g","contentUrl":"https:\/\/secure.gravatar.com\/avatar\/3a8de04a2656d44082be478bd6c086daa447c4651605818287b9532d3d0bd435?s=96&d=mm&r=g","caption":"Lo viste en Los Pol\u00edticos"},"url":"https:\/\/lospoliticosveracruz.com\/?author=2"}]}},"_links":{"self":[{"href":"https:\/\/lospoliticosveracruz.com\/index.php?rest_route=\/wp\/v2\/posts\/127094","targetHints":{"allow":["GET"]}}],"collection":[{"href":"https:\/\/lospoliticosveracruz.com\/index.php?rest_route=\/wp\/v2\/posts"}],"about":[{"href":"https:\/\/lospoliticosveracruz.com\/index.php?rest_route=\/wp\/v2\/types\/post"}],"author":[{"embeddable":true,"href":"https:\/\/lospoliticosveracruz.com\/index.php?rest_route=\/wp\/v2\/users\/2"}],"replies":[{"embeddable":true,"href":"https:\/\/lospoliticosveracruz.com\/index.php?rest_route=%2Fwp%2Fv2%2Fcomments&post=127094"}],"version-history":[{"count":1,"href":"https:\/\/lospoliticosveracruz.com\/index.php?rest_route=\/wp\/v2\/posts\/127094\/revisions"}],"predecessor-version":[{"id":127095,"href":"https:\/\/lospoliticosveracruz.com\/index.php?rest_route=\/wp\/v2\/posts\/127094\/revisions\/127095"}],"wp:featuredmedia":[{"embeddable":true,"href":"https:\/\/lospoliticosveracruz.com\/index.php?rest_route=\/wp\/v2\/media\/119816"}],"wp:attachment":[{"href":"https:\/\/lospoliticosveracruz.com\/index.php?rest_route=%2Fwp%2Fv2%2Fmedia&parent=127094"}],"wp:term":[{"taxonomy":"category","embeddable":true,"href":"https:\/\/lospoliticosveracruz.com\/index.php?rest_route=%2Fwp%2Fv2%2Fcategories&post=127094"},{"taxonomy":"post_tag","embeddable":true,"href":"https:\/\/lospoliticosveracruz.com\/index.php?rest_route=%2Fwp%2Fv2%2Ftags&post=127094"}],"curies":[{"name":"wp","href":"https:\/\/api.w.org\/{rel}","templated":true}]}}