{"id":127104,"date":"2024-07-07T20:31:27","date_gmt":"2024-07-08T01:31:27","guid":{"rendered":"https:\/\/lospoliticosveracruz.com.mx\/?p=127104"},"modified":"2024-07-07T20:31:35","modified_gmt":"2024-07-08T01:31:35","slug":"integracion-del-gabinete-y-estructura-de-gobierno","status":"publish","type":"post","link":"https:\/\/lospoliticosveracruz.com\/?p=127104","title":{"rendered":"INTEGRACI\u00d3N DEL GABINETE Y ESTRUCTURA DE GOBIERNO"},"content":{"rendered":"\n<p><strong>Jos\u00e9 Luis Enr\u00edquez Ambell<br><\/strong><em>Caf\u00e9 de Ma\u00f1ana<\/em><\/p>\n\n\n\n<p><\/p>\n\n\n\n<p>El Gabinete de Veracruz se suele integrar como lo estable nuestra constituci\u00f3n pol\u00edtica, y as\u00ed es como todos los titulares de las Secretar\u00edas de Despacho que ha venido invitando la Gobernadora Electa Roc\u00edo Nahle, habr\u00e1n de ir poco a poco concentrando sus bater\u00edas en las estructuras de cada uno de los sectores a su cargo, partiendo del proceso de entrega &#8211; recepci\u00f3n, de ah\u00ed que pr\u00f3ximamente sabremos qui\u00e9n ser\u00e1 el o la responsable del \u00d3rgano Estatal de Control o sea, la Contralor\u00eda General, y quiz\u00e1 con una nueva versi\u00f3n.<\/p>\n\n\n<div class=\"wp-block-image\">\n<figure class=\"alignleft size-medium\"><a href=\"https:\/\/lospoliticosveracruz.com.mx\/wp-content\/uploads\/2021\/10\/Zacauilt.jpg\"><img decoding=\"async\" src=\"https:\/\/lospoliticosveracruz.com.mx\/wp-content\/uploads\/2021\/10\/Zacauilt-150x300.jpg\" alt=\"\" class=\"wp-image-80558\"\/><\/a><\/figure>\n<\/div>\n\n\n<p>Pareciera ser que la pluralidad y diversidad ser\u00e1 la caracteristica del sexenio 2024-2030 desde el Poder Ejecutivo de Veracruz y creo que esas condiciones igual podr\u00edan estarse presentando en la conformaci\u00f3n de los equipos sectoriales de la administraci\u00f3n p\u00fablica, e incluso en enroques, cambios y ajustes en el Poder Legislativo, Judicial y \u00d3rganos Aut\u00f3nomos del Estado.<\/p>\n\n\n\n<p>El apetito pol\u00edtico no debe llevar a socavar y lastimar a otros actores,- de Morena y dem\u00e1s fuerzas,- como sucedi\u00f3 desde el inicio del r\u00e9gimen por terminar de Cuitl\u00e1huac Garc\u00eda Jim\u00e9nez, y que s\u00f3lo caus\u00f3 una divisi\u00f3n y hasta demolici\u00f3n de principios b\u00e1sicos para tratar de gobernar para todos, y que es concepto y herramienta elemental para la democracia.<\/p>\n\n\n\n<p>Los resultados de comicios del 2 de junio, la ciudadan\u00eda defini\u00f3 con su voto lo que quiere, y ha sido a favor del \u00abpluralismo, el equilibrio, la diversidad y la colaboraci\u00f3n entre las diferentes fuerzas pol\u00edticas\u00bb, de ah\u00ed que un servidor tenga la impresi\u00f3n que se ir\u00e1n dando pasos a buscar la armon\u00eda y concordia social entre el gobierno y la sociedad en su conjunto, y es que para empezar, pensando y partiendo del perfil de Ricardo Ahued como pr\u00f3ximo Secretario de Gobierno, estar\u00eda por seleccionar puentes para una comunicaci\u00f3n estrecha en favor de la Gobernadora Nahle que le lleve a las mejores tomas de decisi\u00f3n, alejando en el d\u00eda a d\u00eda y de la agenda; de chismes, intrigas, rumores y sobre todo de la desinformaci\u00f3n, pues esas l\u00edneas llevaron a momentos de frecuentes crisis al gobierno de Cuitl\u00e1huac Garc\u00eda y su gabinete, incluyendo a otros poderes.<\/p>\n\n\n\n<p>En los recientes a\u00f1os, la escasa b\u00fasqueda y colaboraci\u00f3n de los servidores p\u00fablicos formados en las instituciones, terminan por llevar a una elevada generaci\u00f3n de problemas, pero sobre todo para las de tomas de las mejores decisiones, y m\u00e1s en momentos de alta tensi\u00f3n social, y es que el orden social empieza a partir de los datos serios, pero si esas l\u00edneas las proveen bur\u00f3cratas poco o nada aptos, el manejo de los sobresaltos y la prevenci\u00f3n en la agenda de riesgos, adem\u00e1s de salir de control, conducen a la ingobernabilidad, y que en el sexenio por terminar ha venido siendo caracter\u00edstica.<\/p>\n\n\n\n<p>En resumen, un gobierno y sus sectores bien informados, ser\u00e1 natural que tomen las mejores decisiones en favor de todos los veracruzanos.<\/p>\n\n\n\n<p><strong>DE SOBREMESA<\/strong><\/p>\n\n\n\n<p>Las mejores tomas de decisi\u00f3n, son resultado del pensamiento y la participaci\u00f3n en grupos de trabajo, pues las personas que est\u00e1n al frente de una entidad p\u00fablica como ente o un cuerpo colegiado suelen tener desaf\u00edos que atender conservando para preservar y fortalecer;la armon\u00eda social.<\/p>\n\n\n\n<p>As\u00ed pues, los nuevos titulares de las estructuras del gabinete de Do\u00f1a Roc\u00edo Nahle, tendr\u00e1n en la opini\u00f3n del pensamiento grupal desde la mejor selecci\u00f3n de sus integrantes y colaboradores.<\/p>\n\n\n\n<p>Y es que la toma de decisiones como grupo tiene beneficios de mejor solidez, ya que parte de una amplia gama de voces en las mesas de trabajo institucional, y asi se corren menos riesgos de tomar decisiones equivocadas.<\/p>\n\n\n\n<p><strong>UN CAF\u00c9 CON DOBLE CARGA<\/strong><\/p>\n\n\n\n<p>Especialistas del pensamiento grupal en las estructuras de la administraci\u00f3n p\u00fablica coinciden<br>en asegurar que las decisiones colegiadas evitan que nadie en lo individual este por encima de toda decisi\u00f3n relevante desde el sector gobierno y autoridad, y es ah\u00ed en donde se sustenta que haya quien o quienes traten de hacer promoci\u00f3n individualista a su favor, y descuidando a quien gobierna y los equilibrios.<\/p>\n\n\n\n<p><strong>UN CAF\u00c9 LECHERO LIGTH<\/strong><\/p>\n\n\n\n<p>El pasado 2 de junio nacieron los \u00abCuahutemistas\u00bb y dar paso a los \u00abNahlistas\u00bb, aquellos porque ya se van, y estos porque est\u00e1n llegando.<\/p>\n\n\n\n<p>\u00abY es que siempre pasa igual cuando sucede lo mismo, al principio porque vamos llegando y al final porque ya nos vamos, pero siempre pasa a igual cuando sucede lo mismo\u00bb.<\/p>\n\n\n\n<p><strong>UN CAF\u00c9 CON PILONCILLO<\/strong><\/p>\n\n\n\n<p>Este fin de semana Alito Moreno, lanzo en el CEN-PRI una carga de pirotecnia post electoral, que no precisamente anuncian los festejos del 15 de Septiembre y 20 de Noviembre.<\/p>\n\n\n\n<p>\u00a1 ES CUANTO !<\/p>\n","protected":false},"excerpt":{"rendered":"<p>Jos\u00e9 Luis Enr\u00edquez AmbellCaf\u00e9 de Ma\u00f1ana El Gabinete de Veracruz se suele integrar como lo estable nuestra constituci\u00f3n pol\u00edtica, y as\u00ed es como todos los titulares de las Secretar\u00edas de Despacho que ha venido invitando la Gobernadora Electa Roc\u00edo Nahle, habr\u00e1n de ir poco a poco concentrando sus bater\u00edas en las estructuras de cada uno [&hellip;]<\/p>\n","protected":false},"author":2,"featured_media":119814,"comment_status":"closed","ping_status":"closed","sticky":false,"template":"","format":"standard","meta":{"tdm_status":"","tdm_grid_status":"","footnotes":""},"categories":[70],"tags":[8383],"class_list":{"0":"post-127104","1":"post","2":"type-post","3":"status-publish","4":"format-standard","5":"has-post-thumbnail","7":"category-de-opinion","8":"tag-jose-luis-enriquez-ambell"},"yoast_head":"<!-- This site is optimized with the Yoast SEO plugin v27.4 - https:\/\/yoast.com\/product\/yoast-seo-wordpress\/ -->\n<title>INTEGRACI\u00d3N DEL GABINETE Y ESTRUCTURA DE GOBIERNO - Los pol\u00edticos Veracruz<\/title>\n<meta name=\"robots\" content=\"index, follow, max-snippet:-1, max-image-preview:large, max-video-preview:-1\" \/>\n<link rel=\"canonical\" href=\"https:\/\/lospoliticosveracruz.com\/?p=127104\" \/>\n<meta property=\"og:locale\" content=\"es_ES\" \/>\n<meta property=\"og:type\" content=\"article\" \/>\n<meta property=\"og:title\" content=\"INTEGRACI\u00d3N DEL GABINETE Y ESTRUCTURA DE GOBIERNO - Los pol\u00edticos Veracruz\" \/>\n<meta property=\"og:description\" content=\"Jos\u00e9 Luis Enr\u00edquez AmbellCaf\u00e9 de Ma\u00f1ana El Gabinete de Veracruz se suele integrar como lo estable nuestra constituci\u00f3n pol\u00edtica, y as\u00ed es como todos los titulares de las Secretar\u00edas de Despacho que ha venido invitando la Gobernadora Electa Roc\u00edo Nahle, habr\u00e1n de ir poco a poco concentrando sus bater\u00edas en las estructuras de cada uno [&hellip;]\" \/>\n<meta property=\"og:url\" content=\"https:\/\/lospoliticosveracruz.com\/?p=127104\" \/>\n<meta property=\"og:site_name\" content=\"Los pol\u00edticos Veracruz\" \/>\n<meta property=\"article:publisher\" content=\"https:\/\/www.facebook.com\/people\/Notimemes-de-los-Polticos\/61565672886568\/\" \/>\n<meta property=\"article:published_time\" content=\"2024-07-08T01:31:27+00:00\" \/>\n<meta property=\"article:modified_time\" content=\"2024-07-08T01:31:35+00:00\" \/>\n<meta property=\"og:image\" content=\"https:\/\/lospoliticosveracruz.com\/wp-content\/uploads\/2024\/03\/Ambell.jpg\" \/>\n\t<meta property=\"og:image:width\" content=\"1250\" \/>\n\t<meta property=\"og:image:height\" content=\"667\" \/>\n\t<meta property=\"og:image:type\" content=\"image\/jpeg\" \/>\n<meta name=\"author\" content=\"Lo viste en Los Pol\u00edticos\" \/>\n<meta name=\"twitter:card\" content=\"summary_large_image\" \/>\n<meta name=\"twitter:creator\" content=\"@LosPoliticosVer\" \/>\n<meta name=\"twitter:site\" content=\"@LosPoliticosVer\" \/>\n<meta name=\"twitter:label1\" content=\"Escrito por\" \/>\n\t<meta name=\"twitter:data1\" content=\"Lo viste en Los Pol\u00edticos\" \/>\n\t<meta name=\"twitter:label2\" content=\"Tiempo de lectura\" \/>\n\t<meta name=\"twitter:data2\" content=\"4 minutos\" \/>\n<script type=\"application\/ld+json\" class=\"yoast-schema-graph\">{\"@context\":\"https:\\\/\\\/schema.org\",\"@graph\":[{\"@type\":\"Article\",\"@id\":\"https:\\\/\\\/lospoliticosveracruz.com\\\/?p=127104#article\",\"isPartOf\":{\"@id\":\"https:\\\/\\\/lospoliticosveracruz.com\\\/?p=127104\"},\"author\":{\"name\":\"Lo viste en Los Pol\u00edticos\",\"@id\":\"https:\\\/\\\/lospoliticosveracruz.com\\\/#\\\/schema\\\/person\\\/b8702bb0e538456e6efd07080bf2a4a2\"},\"headline\":\"INTEGRACI\u00d3N DEL GABINETE Y ESTRUCTURA DE GOBIERNO\",\"datePublished\":\"2024-07-08T01:31:27+00:00\",\"dateModified\":\"2024-07-08T01:31:35+00:00\",\"mainEntityOfPage\":{\"@id\":\"https:\\\/\\\/lospoliticosveracruz.com\\\/?p=127104\"},\"wordCount\":841,\"publisher\":{\"@id\":\"https:\\\/\\\/lospoliticosveracruz.com\\\/#organization\"},\"image\":{\"@id\":\"https:\\\/\\\/lospoliticosveracruz.com\\\/?p=127104#primaryimage\"},\"thumbnailUrl\":\"https:\\\/\\\/lospoliticosveracruz.com\\\/wp-content\\\/uploads\\\/2024\\\/03\\\/Ambell.jpg\",\"keywords\":[\"Jos\u00e9 Luis Enr\u00edquez Ambell\"],\"articleSection\":[\"De Opini\u00f3n\"],\"inLanguage\":\"es\"},{\"@type\":\"WebPage\",\"@id\":\"https:\\\/\\\/lospoliticosveracruz.com\\\/?p=127104\",\"url\":\"https:\\\/\\\/lospoliticosveracruz.com\\\/?p=127104\",\"name\":\"INTEGRACI\u00d3N DEL GABINETE Y ESTRUCTURA DE GOBIERNO - Los pol\u00edticos Veracruz\",\"isPartOf\":{\"@id\":\"https:\\\/\\\/lospoliticosveracruz.com\\\/#website\"},\"primaryImageOfPage\":{\"@id\":\"https:\\\/\\\/lospoliticosveracruz.com\\\/?p=127104#primaryimage\"},\"image\":{\"@id\":\"https:\\\/\\\/lospoliticosveracruz.com\\\/?p=127104#primaryimage\"},\"thumbnailUrl\":\"https:\\\/\\\/lospoliticosveracruz.com\\\/wp-content\\\/uploads\\\/2024\\\/03\\\/Ambell.jpg\",\"datePublished\":\"2024-07-08T01:31:27+00:00\",\"dateModified\":\"2024-07-08T01:31:35+00:00\",\"breadcrumb\":{\"@id\":\"https:\\\/\\\/lospoliticosveracruz.com\\\/?p=127104#breadcrumb\"},\"inLanguage\":\"es\",\"potentialAction\":[{\"@type\":\"ReadAction\",\"target\":[\"https:\\\/\\\/lospoliticosveracruz.com\\\/?p=127104\"]}]},{\"@type\":\"ImageObject\",\"inLanguage\":\"es\",\"@id\":\"https:\\\/\\\/lospoliticosveracruz.com\\\/?p=127104#primaryimage\",\"url\":\"https:\\\/\\\/lospoliticosveracruz.com\\\/wp-content\\\/uploads\\\/2024\\\/03\\\/Ambell.jpg\",\"contentUrl\":\"https:\\\/\\\/lospoliticosveracruz.com\\\/wp-content\\\/uploads\\\/2024\\\/03\\\/Ambell.jpg\",\"width\":1250,\"height\":667},{\"@type\":\"BreadcrumbList\",\"@id\":\"https:\\\/\\\/lospoliticosveracruz.com\\\/?p=127104#breadcrumb\",\"itemListElement\":[{\"@type\":\"ListItem\",\"position\":1,\"name\":\"Portada\",\"item\":\"https:\\\/\\\/lospoliticosveracruz.com\\\/\"},{\"@type\":\"ListItem\",\"position\":2,\"name\":\"INTEGRACI\u00d3N DEL GABINETE Y ESTRUCTURA DE GOBIERNO\"}]},{\"@type\":\"WebSite\",\"@id\":\"https:\\\/\\\/lospoliticosveracruz.com\\\/#website\",\"url\":\"https:\\\/\\\/lospoliticosveracruz.com\\\/\",\"name\":\"Los pol\u00edticos Veracruz\",\"description\":\"\",\"publisher\":{\"@id\":\"https:\\\/\\\/lospoliticosveracruz.com\\\/#organization\"},\"potentialAction\":[{\"@type\":\"SearchAction\",\"target\":{\"@type\":\"EntryPoint\",\"urlTemplate\":\"https:\\\/\\\/lospoliticosveracruz.com\\\/?s={search_term_string}\"},\"query-input\":{\"@type\":\"PropertyValueSpecification\",\"valueRequired\":true,\"valueName\":\"search_term_string\"}}],\"inLanguage\":\"es\"},{\"@type\":\"Organization\",\"@id\":\"https:\\\/\\\/lospoliticosveracruz.com\\\/#organization\",\"name\":\"Los pol\u00edticos Veracruz\",\"url\":\"https:\\\/\\\/lospoliticosveracruz.com\\\/\",\"logo\":{\"@type\":\"ImageObject\",\"inLanguage\":\"es\",\"@id\":\"https:\\\/\\\/lospoliticosveracruz.com\\\/#\\\/schema\\\/logo\\\/image\\\/\",\"url\":\"https:\\\/\\\/lospoliticosveracruz.com\\\/wp-content\\\/uploads\\\/2025\\\/12\\\/Logo-Nuevo-LOS-POLITICOS-1.jpg\",\"contentUrl\":\"https:\\\/\\\/lospoliticosveracruz.com\\\/wp-content\\\/uploads\\\/2025\\\/12\\\/Logo-Nuevo-LOS-POLITICOS-1.jpg\",\"width\":260,\"height\":70,\"caption\":\"Los pol\u00edticos Veracruz\"},\"image\":{\"@id\":\"https:\\\/\\\/lospoliticosveracruz.com\\\/#\\\/schema\\\/logo\\\/image\\\/\"},\"sameAs\":[\"https:\\\/\\\/www.facebook.com\\\/people\\\/Notimemes-de-los-Polticos\\\/61565672886568\\\/\",\"https:\\\/\\\/x.com\\\/LosPoliticosVer\"]},{\"@type\":\"Person\",\"@id\":\"https:\\\/\\\/lospoliticosveracruz.com\\\/#\\\/schema\\\/person\\\/b8702bb0e538456e6efd07080bf2a4a2\",\"name\":\"Lo viste en Los Pol\u00edticos\",\"image\":{\"@type\":\"ImageObject\",\"inLanguage\":\"es\",\"@id\":\"https:\\\/\\\/secure.gravatar.com\\\/avatar\\\/3a8de04a2656d44082be478bd6c086daa447c4651605818287b9532d3d0bd435?s=96&d=mm&r=g\",\"url\":\"https:\\\/\\\/secure.gravatar.com\\\/avatar\\\/3a8de04a2656d44082be478bd6c086daa447c4651605818287b9532d3d0bd435?s=96&d=mm&r=g\",\"contentUrl\":\"https:\\\/\\\/secure.gravatar.com\\\/avatar\\\/3a8de04a2656d44082be478bd6c086daa447c4651605818287b9532d3d0bd435?s=96&d=mm&r=g\",\"caption\":\"Lo viste en Los Pol\u00edticos\"},\"url\":\"https:\\\/\\\/lospoliticosveracruz.com\\\/?author=2\"}]}<\/script>\n<!-- \/ Yoast SEO plugin. -->","yoast_head_json":{"title":"INTEGRACI\u00d3N DEL GABINETE Y ESTRUCTURA DE GOBIERNO - Los pol\u00edticos Veracruz","robots":{"index":"index","follow":"follow","max-snippet":"max-snippet:-1","max-image-preview":"max-image-preview:large","max-video-preview":"max-video-preview:-1"},"canonical":"https:\/\/lospoliticosveracruz.com\/?p=127104","og_locale":"es_ES","og_type":"article","og_title":"INTEGRACI\u00d3N DEL GABINETE Y ESTRUCTURA DE GOBIERNO - Los pol\u00edticos Veracruz","og_description":"Jos\u00e9 Luis Enr\u00edquez AmbellCaf\u00e9 de Ma\u00f1ana El Gabinete de Veracruz se suele integrar como lo estable nuestra constituci\u00f3n pol\u00edtica, y as\u00ed es como todos los titulares de las Secretar\u00edas de Despacho que ha venido invitando la Gobernadora Electa Roc\u00edo Nahle, habr\u00e1n de ir poco a poco concentrando sus bater\u00edas en las estructuras de cada uno [&hellip;]","og_url":"https:\/\/lospoliticosveracruz.com\/?p=127104","og_site_name":"Los pol\u00edticos Veracruz","article_publisher":"https:\/\/www.facebook.com\/people\/Notimemes-de-los-Polticos\/61565672886568\/","article_published_time":"2024-07-08T01:31:27+00:00","article_modified_time":"2024-07-08T01:31:35+00:00","og_image":[{"width":1250,"height":667,"url":"https:\/\/lospoliticosveracruz.com\/wp-content\/uploads\/2024\/03\/Ambell.jpg","type":"image\/jpeg"}],"author":"Lo viste en Los Pol\u00edticos","twitter_card":"summary_large_image","twitter_creator":"@LosPoliticosVer","twitter_site":"@LosPoliticosVer","twitter_misc":{"Escrito por":"Lo viste en Los Pol\u00edticos","Tiempo de lectura":"4 minutos"},"schema":{"@context":"https:\/\/schema.org","@graph":[{"@type":"Article","@id":"https:\/\/lospoliticosveracruz.com\/?p=127104#article","isPartOf":{"@id":"https:\/\/lospoliticosveracruz.com\/?p=127104"},"author":{"name":"Lo viste en Los Pol\u00edticos","@id":"https:\/\/lospoliticosveracruz.com\/#\/schema\/person\/b8702bb0e538456e6efd07080bf2a4a2"},"headline":"INTEGRACI\u00d3N DEL GABINETE Y ESTRUCTURA DE GOBIERNO","datePublished":"2024-07-08T01:31:27+00:00","dateModified":"2024-07-08T01:31:35+00:00","mainEntityOfPage":{"@id":"https:\/\/lospoliticosveracruz.com\/?p=127104"},"wordCount":841,"publisher":{"@id":"https:\/\/lospoliticosveracruz.com\/#organization"},"image":{"@id":"https:\/\/lospoliticosveracruz.com\/?p=127104#primaryimage"},"thumbnailUrl":"https:\/\/lospoliticosveracruz.com\/wp-content\/uploads\/2024\/03\/Ambell.jpg","keywords":["Jos\u00e9 Luis Enr\u00edquez Ambell"],"articleSection":["De Opini\u00f3n"],"inLanguage":"es"},{"@type":"WebPage","@id":"https:\/\/lospoliticosveracruz.com\/?p=127104","url":"https:\/\/lospoliticosveracruz.com\/?p=127104","name":"INTEGRACI\u00d3N DEL GABINETE Y ESTRUCTURA DE GOBIERNO - Los pol\u00edticos Veracruz","isPartOf":{"@id":"https:\/\/lospoliticosveracruz.com\/#website"},"primaryImageOfPage":{"@id":"https:\/\/lospoliticosveracruz.com\/?p=127104#primaryimage"},"image":{"@id":"https:\/\/lospoliticosveracruz.com\/?p=127104#primaryimage"},"thumbnailUrl":"https:\/\/lospoliticosveracruz.com\/wp-content\/uploads\/2024\/03\/Ambell.jpg","datePublished":"2024-07-08T01:31:27+00:00","dateModified":"2024-07-08T01:31:35+00:00","breadcrumb":{"@id":"https:\/\/lospoliticosveracruz.com\/?p=127104#breadcrumb"},"inLanguage":"es","potentialAction":[{"@type":"ReadAction","target":["https:\/\/lospoliticosveracruz.com\/?p=127104"]}]},{"@type":"ImageObject","inLanguage":"es","@id":"https:\/\/lospoliticosveracruz.com\/?p=127104#primaryimage","url":"https:\/\/lospoliticosveracruz.com\/wp-content\/uploads\/2024\/03\/Ambell.jpg","contentUrl":"https:\/\/lospoliticosveracruz.com\/wp-content\/uploads\/2024\/03\/Ambell.jpg","width":1250,"height":667},{"@type":"BreadcrumbList","@id":"https:\/\/lospoliticosveracruz.com\/?p=127104#breadcrumb","itemListElement":[{"@type":"ListItem","position":1,"name":"Portada","item":"https:\/\/lospoliticosveracruz.com\/"},{"@type":"ListItem","position":2,"name":"INTEGRACI\u00d3N DEL GABINETE Y ESTRUCTURA DE GOBIERNO"}]},{"@type":"WebSite","@id":"https:\/\/lospoliticosveracruz.com\/#website","url":"https:\/\/lospoliticosveracruz.com\/","name":"Los pol\u00edticos Veracruz","description":"","publisher":{"@id":"https:\/\/lospoliticosveracruz.com\/#organization"},"potentialAction":[{"@type":"SearchAction","target":{"@type":"EntryPoint","urlTemplate":"https:\/\/lospoliticosveracruz.com\/?s={search_term_string}"},"query-input":{"@type":"PropertyValueSpecification","valueRequired":true,"valueName":"search_term_string"}}],"inLanguage":"es"},{"@type":"Organization","@id":"https:\/\/lospoliticosveracruz.com\/#organization","name":"Los pol\u00edticos Veracruz","url":"https:\/\/lospoliticosveracruz.com\/","logo":{"@type":"ImageObject","inLanguage":"es","@id":"https:\/\/lospoliticosveracruz.com\/#\/schema\/logo\/image\/","url":"https:\/\/lospoliticosveracruz.com\/wp-content\/uploads\/2025\/12\/Logo-Nuevo-LOS-POLITICOS-1.jpg","contentUrl":"https:\/\/lospoliticosveracruz.com\/wp-content\/uploads\/2025\/12\/Logo-Nuevo-LOS-POLITICOS-1.jpg","width":260,"height":70,"caption":"Los pol\u00edticos Veracruz"},"image":{"@id":"https:\/\/lospoliticosveracruz.com\/#\/schema\/logo\/image\/"},"sameAs":["https:\/\/www.facebook.com\/people\/Notimemes-de-los-Polticos\/61565672886568\/","https:\/\/x.com\/LosPoliticosVer"]},{"@type":"Person","@id":"https:\/\/lospoliticosveracruz.com\/#\/schema\/person\/b8702bb0e538456e6efd07080bf2a4a2","name":"Lo viste en Los Pol\u00edticos","image":{"@type":"ImageObject","inLanguage":"es","@id":"https:\/\/secure.gravatar.com\/avatar\/3a8de04a2656d44082be478bd6c086daa447c4651605818287b9532d3d0bd435?s=96&d=mm&r=g","url":"https:\/\/secure.gravatar.com\/avatar\/3a8de04a2656d44082be478bd6c086daa447c4651605818287b9532d3d0bd435?s=96&d=mm&r=g","contentUrl":"https:\/\/secure.gravatar.com\/avatar\/3a8de04a2656d44082be478bd6c086daa447c4651605818287b9532d3d0bd435?s=96&d=mm&r=g","caption":"Lo viste en Los Pol\u00edticos"},"url":"https:\/\/lospoliticosveracruz.com\/?author=2"}]}},"_links":{"self":[{"href":"https:\/\/lospoliticosveracruz.com\/index.php?rest_route=\/wp\/v2\/posts\/127104","targetHints":{"allow":["GET"]}}],"collection":[{"href":"https:\/\/lospoliticosveracruz.com\/index.php?rest_route=\/wp\/v2\/posts"}],"about":[{"href":"https:\/\/lospoliticosveracruz.com\/index.php?rest_route=\/wp\/v2\/types\/post"}],"author":[{"embeddable":true,"href":"https:\/\/lospoliticosveracruz.com\/index.php?rest_route=\/wp\/v2\/users\/2"}],"replies":[{"embeddable":true,"href":"https:\/\/lospoliticosveracruz.com\/index.php?rest_route=%2Fwp%2Fv2%2Fcomments&post=127104"}],"version-history":[{"count":1,"href":"https:\/\/lospoliticosveracruz.com\/index.php?rest_route=\/wp\/v2\/posts\/127104\/revisions"}],"predecessor-version":[{"id":127105,"href":"https:\/\/lospoliticosveracruz.com\/index.php?rest_route=\/wp\/v2\/posts\/127104\/revisions\/127105"}],"wp:featuredmedia":[{"embeddable":true,"href":"https:\/\/lospoliticosveracruz.com\/index.php?rest_route=\/wp\/v2\/media\/119814"}],"wp:attachment":[{"href":"https:\/\/lospoliticosveracruz.com\/index.php?rest_route=%2Fwp%2Fv2%2Fmedia&parent=127104"}],"wp:term":[{"taxonomy":"category","embeddable":true,"href":"https:\/\/lospoliticosveracruz.com\/index.php?rest_route=%2Fwp%2Fv2%2Fcategories&post=127104"},{"taxonomy":"post_tag","embeddable":true,"href":"https:\/\/lospoliticosveracruz.com\/index.php?rest_route=%2Fwp%2Fv2%2Ftags&post=127104"}],"curies":[{"name":"wp","href":"https:\/\/api.w.org\/{rel}","templated":true}]}}