{"id":127109,"date":"2024-07-08T06:20:42","date_gmt":"2024-07-08T11:20:42","guid":{"rendered":"https:\/\/lospoliticosveracruz.com.mx\/?p=127109"},"modified":"2024-07-08T09:25:18","modified_gmt":"2024-07-08T14:25:18","slug":"las-sobras-del-pri","status":"publish","type":"post","link":"https:\/\/lospoliticosveracruz.com\/?p=127109","title":{"rendered":"LAS SOBRAS DEL PRI"},"content":{"rendered":"\n<p><strong>Ricardo Chua<\/strong><\/p>\n\n\n\n<p><em>Sale y Vale<\/em><\/p>\n\n\n\n<p>Alejandro Moreno C\u00e1rdenas \u00abAlito\u00bb dej\u00f3 claro.. Que se aferr\u00f3 a las \u00absobras\u00bb del PRI nacional.. A la \u00abmembres\u00eda\u00bb que a\u00fan puede explotar para ser un partido \u00abesquirol\u00bb de MORENA.. Y aunque los \u00abMorenos\u00bb no lo necesitan, el PRI de \u00abAlito\u00bb podr\u00e1 ser un factor importante para poder LEGITIMARLE los triunfos en las elecciones a las gubernaturas en los pr\u00f3ximos 6 a\u00f1os con Claudia Shienbaum en el poder Presidencial.. En pocas palabras, \u00abAlito\u00bb le servir\u00e1 para \u00ablevantarle la mano\u00bb a los candidatos \u00abMorenos\u00bb.. No hay m\u00e1s..<\/p>\n\n\n<div class=\"wp-block-image\">\n<figure class=\"alignleft size-medium\"><a href=\"https:\/\/lospoliticosveracruz.com.mx\/wp-content\/uploads\/2021\/10\/Zacauilt.jpg\"><img decoding=\"async\" src=\"https:\/\/lospoliticosveracruz.com.mx\/wp-content\/uploads\/2021\/10\/Zacauilt-150x300.jpg\" alt=\"\" class=\"wp-image-80558\"\/><\/a><\/figure>\n<\/div>\n\n\n<p>Un ejemplo podr\u00eda ser en 3 a\u00f1os, Nuevo Le\u00f3n para que el PRI no pelee ese estado y se lo deje a MORENA.. Es como el \u00abseguro de vida\u00bb pol\u00edtica de \u00abAlito\u00bb que teniendo el control del partido, podr\u00eda ser la manera de ir \u00abpagando\u00bb favores y seguir evitando investigaciones en su contra, a su paso como gobernador de Campeche.. El PRI bajo su mando se convertir\u00e1 en una \u00abletra de cambio\u00bb en los Estados.. Y \u00e9l seguir\u00e1 contando con los privilegios y la protecci\u00f3n, independientemente de la inmunidad procesal que le da el fuero constitucional al ser Senador..<\/p>\n\n\n\n<p>En el caso de Veracruz.. Seguramente HAR\u00c1 A UN LADO y tratar\u00e1 DESAPARECER todo lo que \u00abhuela\u00bb a Pepe Yunes.. Ya que era evidente el distanciamiento que hab\u00eda entre el candidato a gobernador priista y el dirigente nacional del PRI.. Sobre todo con la insulsa dirigencia estatal de Adolfo Ram\u00edrez Arana, la cual tuvo la peor derrota de la historia del pri\u00edsmo en Veracruz.. Y \u00e9l al igual que \u00abAlito\u00bb se aferra al poder del comit\u00e9 estatal y que su esposa logr\u00e9 tomar protesta como diputada local plurinominal..<\/p>\n\n\n\n<p>Adolfo Ram\u00edrez, que tuvo miedo y se qued\u00f3 callado por no meterse en problemas legales, si hac\u00eda un se\u00f1alamiento pol\u00edtico contra Roc\u00edo Nahle, pese a estar en campa\u00f1a.. Ser\u00e1 el \u00abencargado\u00bb de \u00abenterrar\u00bb al PRI en Veracruz, como \u00abAlito\u00bb lo har\u00e1 en el pa\u00eds.. Si el \u00abEl Fofo\u00bb dejar\u00e1 la comodidad de los torneos de P\u00e1del y las camionetas de lujo del CDE priista y se lanzar\u00e1 a buscar la alcald\u00eda de Paso de Ovejas.. \u00c9l y su esposa la gobernaron durante todo el \u00abFidelato\u00bb y el \u00abDuartato\u00bb.. Si gana la elecci\u00f3n en 2025 seguro nos \u00abcalla la boca\u00bb a muchos..<\/p>\n\n\n\n<p>Pero seguramente Ram\u00edrez Arana ser\u00e1 qui\u00e9n se encargue de \u00abacabar\u00bb con toda la clase pol\u00edtica que apoy\u00f3 a Pepe Yunes en la pasada elecci\u00f3n a gobernador.. Ya que como dirigente estatal puede \u00abeternizarse\u00bb si hace la \u00abchicanada\u00bb pol\u00edtica que hizo \u00abAlito\u00bb en una asamblea estatal.. Y se queda m\u00e1s all\u00e1 de su interinato.. Esa ser\u00eda la \u00abofrenda\u00bb que le ir\u00eda a ofrecer a Roc\u00edo Nahle para congraciarse con ella.. MORENA y Nahle no lo necesitan.. Pero el \u00abFofo\u00bb dir\u00eda que los Yunes \u00abRojos\u00bb\u2026 No le dar\u00e1n lata, que la dejar\u00e1n gobernar y que todo se lo deber\u00e1n a \u00e9l..<\/p>\n\n\n\n<p>En pocas palabras.. La labor de \u00abFofo\u00bb Ram\u00edrez, ahora que \u00abAlito\u00bb se entroniz\u00f3 en el PRI nacional, ser\u00e1 \u00abentregar\u00bb al priismo veracruzano al futuro gobierno de Roc\u00edo Nahle.. Para que la poca oposici\u00f3n que hay en el tricolor, ya no exista.. Lo mismo har\u00e1 con todo el equipo de Pepe Yunes, que estuvo con \u00e9l en campa\u00f1a.. Irlos desapareciendo o coaccionando para evitar problemas con el gobierno en turno y ellos seguir viviendo con lo que queda en el partido.. En concreto, van a \u00abentregar\u00bb a Pepe Yunes para \u00abjubilarlo\u00bb pol\u00edticamente..<\/p>\n\n\n\n<p>Lo que pasar\u00e1 en el PRI en Veracruz es que todas aquellas voces opositoras al gobierno del Estado cuando entre Roc\u00edo Nahle.. Los mandar\u00e1n al \u00abmatadero\u00bb pol\u00edtico.. Teniendo el control Adolfo Ram\u00edrez Arana.. Su \u00abpriismo\u00bb no le dar\u00e1 el respaldo a aquellas personas que quieran ser una voz en contra de las acciones de un partido con gobierno en el poder.. Lo mismo que haga \u00abAlito\u00bb a nivel nacional.. Lo har\u00e1 \u00abEl Fofo\u00bb a nivel estatal.. Ese ser\u00e1 su nuevo encargo y por eso se quedar\u00e1 en la dirigencia estatal hasta despu\u00e9s del 2025.. NO HABR\u00c1 M\u00c1S..<\/p>\n\n\n\n<p>REFLEXI\u00d3N.. Como se ven las cosas en un futuro inmediato para el PRI en Veracruz y en el pa\u00eds.. El \u00abgran ganador\u00bb de todo lo que est\u00e1 pasando al interior del tricolor, ser\u00e1 el PAN.. Ya que la sociedad opositora a MORENA cuando se recupere del \u00abholocausto\u00bb que fue para ellos la elecci\u00f3n del pasado 2 de junio.. Se van a ir a refugiar al \u00fanico partido que representa a la OPOSICI\u00d3N VERDADERA que ser\u00e1 el PAN.. Ya que el PRI terminar\u00e1 siendo el \u00abPVEM\u00bb de MORENA.. Un organismo \u00absat\u00e9lite\u00bb a punto de la extinci\u00f3n..<\/p>\n\n\n\n<p>Ya que con las actitudes de \u00abAlito\u00bb y que seguramente seguir\u00e1n los dirigentes estatales, aliados a \u00e9l, como Adolfo Ram\u00edrez, de querer aferrarse al poder, a las \u00abmigajas\u00bb y \u00abpellejos\u00bb de lo que queda del priismo.. Y ser s\u00f3lo una \u00abletra de cambio\u00bb o esquirol del partido en el poder como es MORENA y servirle a Andr\u00e9s Manuel L\u00f3pez Obrador y despu\u00e9s a Claudia Shienbaum.. Y en Veracruz a Roc\u00edo Nahle.. No quieren perder el ser interlocutores con MORENA aunque eso los lleve a la extinci\u00f3n como partido.. CONSUMATUM EST..<\/p>\n","protected":false},"excerpt":{"rendered":"<p>Ricardo Chua Sale y Vale Alejandro Moreno C\u00e1rdenas \u00abAlito\u00bb dej\u00f3 claro.. Que se aferr\u00f3 a las \u00absobras\u00bb del PRI nacional.. A la \u00abmembres\u00eda\u00bb que a\u00fan puede explotar para ser un partido \u00abesquirol\u00bb de MORENA.. Y aunque los \u00abMorenos\u00bb no lo necesitan, el PRI de \u00abAlito\u00bb podr\u00e1 ser un factor importante para poder LEGITIMARLE los triunfos [&hellip;]<\/p>\n","protected":false},"author":2,"featured_media":119817,"comment_status":"closed","ping_status":"closed","sticky":false,"template":"","format":"standard","meta":{"tdm_status":"","tdm_grid_status":"","footnotes":""},"categories":[70],"tags":[24359,1026,251,3578,195],"class_list":{"0":"post-127109","1":"post","2":"type-post","3":"status-publish","4":"format-standard","5":"has-post-thumbnail","7":"category-de-opinion","8":"tag-alito-moreno","9":"tag-morena","10":"tag-pri","11":"tag-rocio-nahle","12":"tag-veracruz"},"yoast_head":"<!-- This site is optimized with the Yoast SEO plugin v27.4 - https:\/\/yoast.com\/product\/yoast-seo-wordpress\/ -->\n<title>LAS SOBRAS DEL PRI - Los pol\u00edticos Veracruz<\/title>\n<meta name=\"robots\" content=\"index, follow, max-snippet:-1, max-image-preview:large, max-video-preview:-1\" \/>\n<link rel=\"canonical\" href=\"https:\/\/lospoliticosveracruz.com\/?p=127109\" \/>\n<meta property=\"og:locale\" content=\"es_ES\" \/>\n<meta property=\"og:type\" content=\"article\" \/>\n<meta property=\"og:title\" content=\"LAS SOBRAS DEL PRI - Los pol\u00edticos Veracruz\" \/>\n<meta property=\"og:description\" content=\"Ricardo Chua Sale y Vale Alejandro Moreno C\u00e1rdenas \u00abAlito\u00bb dej\u00f3 claro.. Que se aferr\u00f3 a las \u00absobras\u00bb del PRI nacional.. A la \u00abmembres\u00eda\u00bb que a\u00fan puede explotar para ser un partido \u00abesquirol\u00bb de MORENA.. Y aunque los \u00abMorenos\u00bb no lo necesitan, el PRI de \u00abAlito\u00bb podr\u00e1 ser un factor importante para poder LEGITIMARLE los triunfos [&hellip;]\" \/>\n<meta property=\"og:url\" content=\"https:\/\/lospoliticosveracruz.com\/?p=127109\" \/>\n<meta property=\"og:site_name\" content=\"Los pol\u00edticos Veracruz\" \/>\n<meta property=\"article:publisher\" content=\"https:\/\/www.facebook.com\/people\/Notimemes-de-los-Polticos\/61565672886568\/\" \/>\n<meta property=\"article:published_time\" content=\"2024-07-08T11:20:42+00:00\" \/>\n<meta property=\"article:modified_time\" content=\"2024-07-08T14:25:18+00:00\" \/>\n<meta property=\"og:image\" content=\"https:\/\/lospoliticosveracruz.com\/wp-content\/uploads\/2024\/03\/Ricardo-Chua.jpg\" \/>\n\t<meta property=\"og:image:width\" content=\"1250\" \/>\n\t<meta property=\"og:image:height\" content=\"667\" \/>\n\t<meta property=\"og:image:type\" content=\"image\/jpeg\" \/>\n<meta name=\"author\" content=\"Lo viste en Los Pol\u00edticos\" \/>\n<meta name=\"twitter:card\" content=\"summary_large_image\" \/>\n<meta name=\"twitter:creator\" content=\"@LosPoliticosVer\" \/>\n<meta name=\"twitter:site\" content=\"@LosPoliticosVer\" \/>\n<meta name=\"twitter:label1\" content=\"Escrito por\" \/>\n\t<meta name=\"twitter:data1\" content=\"Lo viste en Los Pol\u00edticos\" \/>\n\t<meta name=\"twitter:label2\" content=\"Tiempo de lectura\" \/>\n\t<meta name=\"twitter:data2\" content=\"5 minutos\" \/>\n<script type=\"application\/ld+json\" class=\"yoast-schema-graph\">{\"@context\":\"https:\\\/\\\/schema.org\",\"@graph\":[{\"@type\":\"Article\",\"@id\":\"https:\\\/\\\/lospoliticosveracruz.com\\\/?p=127109#article\",\"isPartOf\":{\"@id\":\"https:\\\/\\\/lospoliticosveracruz.com\\\/?p=127109\"},\"author\":{\"name\":\"Lo viste en Los Pol\u00edticos\",\"@id\":\"https:\\\/\\\/lospoliticosveracruz.com\\\/#\\\/schema\\\/person\\\/b8702bb0e538456e6efd07080bf2a4a2\"},\"headline\":\"LAS SOBRAS DEL PRI\",\"datePublished\":\"2024-07-08T11:20:42+00:00\",\"dateModified\":\"2024-07-08T14:25:18+00:00\",\"mainEntityOfPage\":{\"@id\":\"https:\\\/\\\/lospoliticosveracruz.com\\\/?p=127109\"},\"wordCount\":912,\"publisher\":{\"@id\":\"https:\\\/\\\/lospoliticosveracruz.com\\\/#organization\"},\"image\":{\"@id\":\"https:\\\/\\\/lospoliticosveracruz.com\\\/?p=127109#primaryimage\"},\"thumbnailUrl\":\"https:\\\/\\\/lospoliticosveracruz.com\\\/wp-content\\\/uploads\\\/2024\\\/03\\\/Ricardo-Chua.jpg\",\"keywords\":[\"Alito Moreno\",\"Morena\",\"PRI\",\"Roc\u00edo Nahle\",\"Veracruz\"],\"articleSection\":[\"De Opini\u00f3n\"],\"inLanguage\":\"es\"},{\"@type\":\"WebPage\",\"@id\":\"https:\\\/\\\/lospoliticosveracruz.com\\\/?p=127109\",\"url\":\"https:\\\/\\\/lospoliticosveracruz.com\\\/?p=127109\",\"name\":\"LAS SOBRAS DEL PRI - Los pol\u00edticos Veracruz\",\"isPartOf\":{\"@id\":\"https:\\\/\\\/lospoliticosveracruz.com\\\/#website\"},\"primaryImageOfPage\":{\"@id\":\"https:\\\/\\\/lospoliticosveracruz.com\\\/?p=127109#primaryimage\"},\"image\":{\"@id\":\"https:\\\/\\\/lospoliticosveracruz.com\\\/?p=127109#primaryimage\"},\"thumbnailUrl\":\"https:\\\/\\\/lospoliticosveracruz.com\\\/wp-content\\\/uploads\\\/2024\\\/03\\\/Ricardo-Chua.jpg\",\"datePublished\":\"2024-07-08T11:20:42+00:00\",\"dateModified\":\"2024-07-08T14:25:18+00:00\",\"breadcrumb\":{\"@id\":\"https:\\\/\\\/lospoliticosveracruz.com\\\/?p=127109#breadcrumb\"},\"inLanguage\":\"es\",\"potentialAction\":[{\"@type\":\"ReadAction\",\"target\":[\"https:\\\/\\\/lospoliticosveracruz.com\\\/?p=127109\"]}]},{\"@type\":\"ImageObject\",\"inLanguage\":\"es\",\"@id\":\"https:\\\/\\\/lospoliticosveracruz.com\\\/?p=127109#primaryimage\",\"url\":\"https:\\\/\\\/lospoliticosveracruz.com\\\/wp-content\\\/uploads\\\/2024\\\/03\\\/Ricardo-Chua.jpg\",\"contentUrl\":\"https:\\\/\\\/lospoliticosveracruz.com\\\/wp-content\\\/uploads\\\/2024\\\/03\\\/Ricardo-Chua.jpg\",\"width\":1250,\"height\":667},{\"@type\":\"BreadcrumbList\",\"@id\":\"https:\\\/\\\/lospoliticosveracruz.com\\\/?p=127109#breadcrumb\",\"itemListElement\":[{\"@type\":\"ListItem\",\"position\":1,\"name\":\"Portada\",\"item\":\"https:\\\/\\\/lospoliticosveracruz.com\\\/\"},{\"@type\":\"ListItem\",\"position\":2,\"name\":\"LAS SOBRAS DEL PRI\"}]},{\"@type\":\"WebSite\",\"@id\":\"https:\\\/\\\/lospoliticosveracruz.com\\\/#website\",\"url\":\"https:\\\/\\\/lospoliticosveracruz.com\\\/\",\"name\":\"Los pol\u00edticos Veracruz\",\"description\":\"\",\"publisher\":{\"@id\":\"https:\\\/\\\/lospoliticosveracruz.com\\\/#organization\"},\"potentialAction\":[{\"@type\":\"SearchAction\",\"target\":{\"@type\":\"EntryPoint\",\"urlTemplate\":\"https:\\\/\\\/lospoliticosveracruz.com\\\/?s={search_term_string}\"},\"query-input\":{\"@type\":\"PropertyValueSpecification\",\"valueRequired\":true,\"valueName\":\"search_term_string\"}}],\"inLanguage\":\"es\"},{\"@type\":\"Organization\",\"@id\":\"https:\\\/\\\/lospoliticosveracruz.com\\\/#organization\",\"name\":\"Los pol\u00edticos Veracruz\",\"url\":\"https:\\\/\\\/lospoliticosveracruz.com\\\/\",\"logo\":{\"@type\":\"ImageObject\",\"inLanguage\":\"es\",\"@id\":\"https:\\\/\\\/lospoliticosveracruz.com\\\/#\\\/schema\\\/logo\\\/image\\\/\",\"url\":\"https:\\\/\\\/lospoliticosveracruz.com\\\/wp-content\\\/uploads\\\/2025\\\/12\\\/Logo-Nuevo-LOS-POLITICOS-1.jpg\",\"contentUrl\":\"https:\\\/\\\/lospoliticosveracruz.com\\\/wp-content\\\/uploads\\\/2025\\\/12\\\/Logo-Nuevo-LOS-POLITICOS-1.jpg\",\"width\":260,\"height\":70,\"caption\":\"Los pol\u00edticos Veracruz\"},\"image\":{\"@id\":\"https:\\\/\\\/lospoliticosveracruz.com\\\/#\\\/schema\\\/logo\\\/image\\\/\"},\"sameAs\":[\"https:\\\/\\\/www.facebook.com\\\/people\\\/Notimemes-de-los-Polticos\\\/61565672886568\\\/\",\"https:\\\/\\\/x.com\\\/LosPoliticosVer\"]},{\"@type\":\"Person\",\"@id\":\"https:\\\/\\\/lospoliticosveracruz.com\\\/#\\\/schema\\\/person\\\/b8702bb0e538456e6efd07080bf2a4a2\",\"name\":\"Lo viste en Los Pol\u00edticos\",\"image\":{\"@type\":\"ImageObject\",\"inLanguage\":\"es\",\"@id\":\"https:\\\/\\\/secure.gravatar.com\\\/avatar\\\/3a8de04a2656d44082be478bd6c086daa447c4651605818287b9532d3d0bd435?s=96&d=mm&r=g\",\"url\":\"https:\\\/\\\/secure.gravatar.com\\\/avatar\\\/3a8de04a2656d44082be478bd6c086daa447c4651605818287b9532d3d0bd435?s=96&d=mm&r=g\",\"contentUrl\":\"https:\\\/\\\/secure.gravatar.com\\\/avatar\\\/3a8de04a2656d44082be478bd6c086daa447c4651605818287b9532d3d0bd435?s=96&d=mm&r=g\",\"caption\":\"Lo viste en Los Pol\u00edticos\"},\"url\":\"https:\\\/\\\/lospoliticosveracruz.com\\\/?author=2\"}]}<\/script>\n<!-- \/ Yoast SEO plugin. -->","yoast_head_json":{"title":"LAS SOBRAS DEL PRI - Los pol\u00edticos Veracruz","robots":{"index":"index","follow":"follow","max-snippet":"max-snippet:-1","max-image-preview":"max-image-preview:large","max-video-preview":"max-video-preview:-1"},"canonical":"https:\/\/lospoliticosveracruz.com\/?p=127109","og_locale":"es_ES","og_type":"article","og_title":"LAS SOBRAS DEL PRI - Los pol\u00edticos Veracruz","og_description":"Ricardo Chua Sale y Vale Alejandro Moreno C\u00e1rdenas \u00abAlito\u00bb dej\u00f3 claro.. Que se aferr\u00f3 a las \u00absobras\u00bb del PRI nacional.. A la \u00abmembres\u00eda\u00bb que a\u00fan puede explotar para ser un partido \u00abesquirol\u00bb de MORENA.. Y aunque los \u00abMorenos\u00bb no lo necesitan, el PRI de \u00abAlito\u00bb podr\u00e1 ser un factor importante para poder LEGITIMARLE los triunfos [&hellip;]","og_url":"https:\/\/lospoliticosveracruz.com\/?p=127109","og_site_name":"Los pol\u00edticos Veracruz","article_publisher":"https:\/\/www.facebook.com\/people\/Notimemes-de-los-Polticos\/61565672886568\/","article_published_time":"2024-07-08T11:20:42+00:00","article_modified_time":"2024-07-08T14:25:18+00:00","og_image":[{"width":1250,"height":667,"url":"https:\/\/lospoliticosveracruz.com\/wp-content\/uploads\/2024\/03\/Ricardo-Chua.jpg","type":"image\/jpeg"}],"author":"Lo viste en Los Pol\u00edticos","twitter_card":"summary_large_image","twitter_creator":"@LosPoliticosVer","twitter_site":"@LosPoliticosVer","twitter_misc":{"Escrito por":"Lo viste en Los Pol\u00edticos","Tiempo de lectura":"5 minutos"},"schema":{"@context":"https:\/\/schema.org","@graph":[{"@type":"Article","@id":"https:\/\/lospoliticosveracruz.com\/?p=127109#article","isPartOf":{"@id":"https:\/\/lospoliticosveracruz.com\/?p=127109"},"author":{"name":"Lo viste en Los Pol\u00edticos","@id":"https:\/\/lospoliticosveracruz.com\/#\/schema\/person\/b8702bb0e538456e6efd07080bf2a4a2"},"headline":"LAS SOBRAS DEL PRI","datePublished":"2024-07-08T11:20:42+00:00","dateModified":"2024-07-08T14:25:18+00:00","mainEntityOfPage":{"@id":"https:\/\/lospoliticosveracruz.com\/?p=127109"},"wordCount":912,"publisher":{"@id":"https:\/\/lospoliticosveracruz.com\/#organization"},"image":{"@id":"https:\/\/lospoliticosveracruz.com\/?p=127109#primaryimage"},"thumbnailUrl":"https:\/\/lospoliticosveracruz.com\/wp-content\/uploads\/2024\/03\/Ricardo-Chua.jpg","keywords":["Alito Moreno","Morena","PRI","Roc\u00edo Nahle","Veracruz"],"articleSection":["De Opini\u00f3n"],"inLanguage":"es"},{"@type":"WebPage","@id":"https:\/\/lospoliticosveracruz.com\/?p=127109","url":"https:\/\/lospoliticosveracruz.com\/?p=127109","name":"LAS SOBRAS DEL PRI - Los pol\u00edticos Veracruz","isPartOf":{"@id":"https:\/\/lospoliticosveracruz.com\/#website"},"primaryImageOfPage":{"@id":"https:\/\/lospoliticosveracruz.com\/?p=127109#primaryimage"},"image":{"@id":"https:\/\/lospoliticosveracruz.com\/?p=127109#primaryimage"},"thumbnailUrl":"https:\/\/lospoliticosveracruz.com\/wp-content\/uploads\/2024\/03\/Ricardo-Chua.jpg","datePublished":"2024-07-08T11:20:42+00:00","dateModified":"2024-07-08T14:25:18+00:00","breadcrumb":{"@id":"https:\/\/lospoliticosveracruz.com\/?p=127109#breadcrumb"},"inLanguage":"es","potentialAction":[{"@type":"ReadAction","target":["https:\/\/lospoliticosveracruz.com\/?p=127109"]}]},{"@type":"ImageObject","inLanguage":"es","@id":"https:\/\/lospoliticosveracruz.com\/?p=127109#primaryimage","url":"https:\/\/lospoliticosveracruz.com\/wp-content\/uploads\/2024\/03\/Ricardo-Chua.jpg","contentUrl":"https:\/\/lospoliticosveracruz.com\/wp-content\/uploads\/2024\/03\/Ricardo-Chua.jpg","width":1250,"height":667},{"@type":"BreadcrumbList","@id":"https:\/\/lospoliticosveracruz.com\/?p=127109#breadcrumb","itemListElement":[{"@type":"ListItem","position":1,"name":"Portada","item":"https:\/\/lospoliticosveracruz.com\/"},{"@type":"ListItem","position":2,"name":"LAS SOBRAS DEL PRI"}]},{"@type":"WebSite","@id":"https:\/\/lospoliticosveracruz.com\/#website","url":"https:\/\/lospoliticosveracruz.com\/","name":"Los pol\u00edticos Veracruz","description":"","publisher":{"@id":"https:\/\/lospoliticosveracruz.com\/#organization"},"potentialAction":[{"@type":"SearchAction","target":{"@type":"EntryPoint","urlTemplate":"https:\/\/lospoliticosveracruz.com\/?s={search_term_string}"},"query-input":{"@type":"PropertyValueSpecification","valueRequired":true,"valueName":"search_term_string"}}],"inLanguage":"es"},{"@type":"Organization","@id":"https:\/\/lospoliticosveracruz.com\/#organization","name":"Los pol\u00edticos Veracruz","url":"https:\/\/lospoliticosveracruz.com\/","logo":{"@type":"ImageObject","inLanguage":"es","@id":"https:\/\/lospoliticosveracruz.com\/#\/schema\/logo\/image\/","url":"https:\/\/lospoliticosveracruz.com\/wp-content\/uploads\/2025\/12\/Logo-Nuevo-LOS-POLITICOS-1.jpg","contentUrl":"https:\/\/lospoliticosveracruz.com\/wp-content\/uploads\/2025\/12\/Logo-Nuevo-LOS-POLITICOS-1.jpg","width":260,"height":70,"caption":"Los pol\u00edticos Veracruz"},"image":{"@id":"https:\/\/lospoliticosveracruz.com\/#\/schema\/logo\/image\/"},"sameAs":["https:\/\/www.facebook.com\/people\/Notimemes-de-los-Polticos\/61565672886568\/","https:\/\/x.com\/LosPoliticosVer"]},{"@type":"Person","@id":"https:\/\/lospoliticosveracruz.com\/#\/schema\/person\/b8702bb0e538456e6efd07080bf2a4a2","name":"Lo viste en Los Pol\u00edticos","image":{"@type":"ImageObject","inLanguage":"es","@id":"https:\/\/secure.gravatar.com\/avatar\/3a8de04a2656d44082be478bd6c086daa447c4651605818287b9532d3d0bd435?s=96&d=mm&r=g","url":"https:\/\/secure.gravatar.com\/avatar\/3a8de04a2656d44082be478bd6c086daa447c4651605818287b9532d3d0bd435?s=96&d=mm&r=g","contentUrl":"https:\/\/secure.gravatar.com\/avatar\/3a8de04a2656d44082be478bd6c086daa447c4651605818287b9532d3d0bd435?s=96&d=mm&r=g","caption":"Lo viste en Los Pol\u00edticos"},"url":"https:\/\/lospoliticosveracruz.com\/?author=2"}]}},"_links":{"self":[{"href":"https:\/\/lospoliticosveracruz.com\/index.php?rest_route=\/wp\/v2\/posts\/127109","targetHints":{"allow":["GET"]}}],"collection":[{"href":"https:\/\/lospoliticosveracruz.com\/index.php?rest_route=\/wp\/v2\/posts"}],"about":[{"href":"https:\/\/lospoliticosveracruz.com\/index.php?rest_route=\/wp\/v2\/types\/post"}],"author":[{"embeddable":true,"href":"https:\/\/lospoliticosveracruz.com\/index.php?rest_route=\/wp\/v2\/users\/2"}],"replies":[{"embeddable":true,"href":"https:\/\/lospoliticosveracruz.com\/index.php?rest_route=%2Fwp%2Fv2%2Fcomments&post=127109"}],"version-history":[{"count":2,"href":"https:\/\/lospoliticosveracruz.com\/index.php?rest_route=\/wp\/v2\/posts\/127109\/revisions"}],"predecessor-version":[{"id":127124,"href":"https:\/\/lospoliticosveracruz.com\/index.php?rest_route=\/wp\/v2\/posts\/127109\/revisions\/127124"}],"wp:featuredmedia":[{"embeddable":true,"href":"https:\/\/lospoliticosveracruz.com\/index.php?rest_route=\/wp\/v2\/media\/119817"}],"wp:attachment":[{"href":"https:\/\/lospoliticosveracruz.com\/index.php?rest_route=%2Fwp%2Fv2%2Fmedia&parent=127109"}],"wp:term":[{"taxonomy":"category","embeddable":true,"href":"https:\/\/lospoliticosveracruz.com\/index.php?rest_route=%2Fwp%2Fv2%2Fcategories&post=127109"},{"taxonomy":"post_tag","embeddable":true,"href":"https:\/\/lospoliticosveracruz.com\/index.php?rest_route=%2Fwp%2Fv2%2Ftags&post=127109"}],"curies":[{"name":"wp","href":"https:\/\/api.w.org\/{rel}","templated":true}]}}