{"id":127277,"date":"2024-07-11T06:58:39","date_gmt":"2024-07-11T11:58:39","guid":{"rendered":"https:\/\/lospoliticosveracruz.com.mx\/?p=127277"},"modified":"2024-07-11T06:58:50","modified_gmt":"2024-07-11T11:58:50","slug":"los-yunes-cuic-fge-poder-judicial-y-el-show-mediatico","status":"publish","type":"post","link":"https:\/\/lospoliticosveracruz.com\/?p=127277","title":{"rendered":"LOS YUNES, CUIC, FGE, PODER JUDICIAL Y EL SHOW MEDI\u00c1TICO"},"content":{"rendered":"\n<p><strong>Ricardo Chua<\/strong><\/p>\n\n\n\n<p><em>Sale y Vale<\/em><\/p>\n\n\n\n<p>Se\u00f1ala \u00abGarganta Profunda\u00bb que cada d\u00eda queda m\u00e1s claro que el gobierno de Veracruz de Cuitl\u00e1huac Garc\u00eda Jim\u00e9nez y la Fiscal\u00eda General del Estado, S\u00d3LO QUIEREN entregarle como \u00abtrofeo\u00bb a MORENA y la nueva administraci\u00f3n que entrar\u00e1 en diciembre de Roc\u00edo Nahle.. La \u00abcabeza\u00bb de alguno de los Yunes \u00abAzules\u00bb para hacer esto m\u00e1s que un tema legal y penal.. Un \u00abShow\u00bb pol\u00edtico y medi\u00e1tico para exhibir a un grupo opositor despu\u00e9s de su derrota el pasado 2 de junio..<\/p>\n\n\n\n<p>De nuevo insisten que ese personaje sea el senador electo del PAN-PRI-PRD, Miguel \u00c1ngel Yunes M\u00e1rquez.. La FGE y MORENA quieren exhibirlo esposado con la foto en los medios de comunicaci\u00f3n y entrando al Penal de Pacho Viejo donde est\u00e1 el Juzgado que lleva el caso del presunto delito de falsificaci\u00f3n de documentos y detenerlo en el momento de su salida.. Ese es el \u00abescenario\u00bb ideal para dejar en claro que lo dicho por Cuitl\u00e1huac Garc\u00eda, ayer, que Los Yunes s\u00f3lo quer\u00edan fuero constitucional es \u00abVERDAD\u00bb.. Lo dem\u00e1s no importa..<\/p>\n\n\n\n<p>Adem\u00e1s dice \u00abGarganta Profunda\u00bb que har\u00e1n lo que tengan que hacer para lograrlo.. Ya que para los que entienden de estos temas legales y como se maneja el sistema de justicia con un gobierno extranjero.. Es risible que el Poder Judicial del Estado, se dirijan a un embajador extranjero, como el de Los Estados Unidos Americanos, que es Ken Salazar para solicitar informaci\u00f3n de Yunes M\u00e1rquez, que se supone est\u00e1 en Miami, Florida en EU.. Y que esto lo hagan ellos, no la Secretar\u00eda de Relaciones Exteriores como debe ser legalmente..<\/p>\n\n\n\n<p>Seguramente han de pensar que all\u00e1 tambi\u00e9n son de la 4T.. Hasta los propios medios ligados a MORENA.. Quieren dar a entender en sus comunicados que hay hasta \u00abFicha Roja\u00bb contra Miguel Yunes M\u00e1rquez.. Cuando esa s\u00f3lo la emite la Interpol ante la petici\u00f3n del gobierno federal mexicano.. Y en el caso del \u00abChiquiYunes\u00bb todav\u00eda ni siquiera hay orden de aprehensi\u00f3n o de presentaci\u00f3n. Y apenas hoy es la audiencia por videoconferencia ante el Juzgado que lleva el caso..<\/p>\n\n\n\n<p>Lo que s\u00ed provoc\u00f3 al \u00abfiltrar\u00bb esos documentos oficiales, es que el Poder Judicial del Estado viol\u00f3 el debido proceso.. Y eso evitar\u00eda que puedan proceder legalmente contra Yunes M\u00e1rquez.. Nunca pensaron que la sociedad sabe que la FGE o el PJV debe recurrir a Relaciones Exteriores para solicitar cualquier informaci\u00f3n sobre una persona en otro pa\u00eds.. Pareciera que en su desesperaci\u00f3n por querer consignar al senador electo.. Le est\u00e1n abriendo puertas que van a \u00abtumbar\u00bb el proceso.. Hasta pareciera que hay un acuerdo con estas pifias.. \u00bfO NO?..<\/p>\n\n\n\n<p>Pareciera que Cuitl\u00e1huac Garc\u00eda, la FGE o el Poder Judicial no conocen cuales son las v\u00edas legales y los canales de comunicaci\u00f3n con las Embajadas.. Esto los exhibe como ignorantes de la m\u00e1s elemental norma jur\u00eddica del derecho internacional\u2026 Aqu\u00ed alguien debe pagar este error garrafal. . Y todav\u00eda le ponen 48 horas al Embajador de EU para que informe a un correo (Ken Salazar debe estar apurado) y no le piden a SRE que sea el conducto con la Embajada, solo le piden que informe las entradas y salidas de Yunes a los \u00abYunaites\u00bb.. SIN PALABRAS<\/p>\n\n\n\n<p>REFLEXI\u00d3N I.. Se escucha el rumor en MORENA de que alguien anda desesperado por quedar bien con Roc\u00edo Nahle para que le den la Fiscal\u00eda del Estado.. Pero comete graves errores.. Dejando claro que a la \u00abT\u00eda Ch\u00edo\u00bb le urgen buenos asesores jur\u00eddicos y si no cuida ese detalle le va a pasar lo mismo que a Cuitl\u00e1huac.. De ir gobernando de error tras error jur\u00eddico.. Ya se est\u00e1n viendo como Eric Cisneros y no ha empezado a gobernar pero los ven como represores de sus opositores y que act\u00faan igual de lo que tanto se quejaron de Duarte o Yunes..<\/p>\n\n\n\n<p>REFLEXI\u00d3N II.. El otro rumor es que Cuitl\u00e1huac quiere \u00abacorralar\u00bb a los Yunes para dejarle la \u00abmesa tendida\u00bb a \u00abLa T\u00eda Ch\u00edo\u00bb.. Para que la busquen y negocien con ella \u00abpagando\u00bb un \u00fanico \u00abprecio\u00bb: Entregar a MORENA Veracruz y Boca del R\u00edo en elecci\u00f3n a alcaldes en 2025.. Y que ning\u00fan pol\u00edtico ligado a ellos participe como candidato.. Pero ser\u00e1 que Nahle quiera \u00abpagar el alto costo\u00bb de este acuerdo: Qu\u00e9 negocie y que a\u00fan as\u00ed NO gane la elecci\u00f3n.. Es un pleito que estar\u00eda \u00abcomprando\u00bb antes de llegar al poder.. EL QUE ENTENDI\u00d3, ENTENDI\u00d3..<\/p>\n\n\n\n<p>DANIELA GRIEGO, LA MEJOR DECISI\u00d3N DE ROCIO NAHLE.. La ratificaci\u00f3n de Daniela Griego como directora del Instituto de Pensiones del Estado (IPE).. Se asume como la mejor decisi\u00f3n tomada por la gobernadora electa para conformar su gabinete.. Ya que dentro de la 4T es de las funcionarias mejor preparadas.. Es lo m\u00e1s rescatable del gobierno de Cuitl\u00e1huac, ya que logr\u00f3 estabilizar las finanzas del IPE e increment\u00f3 el fondo de jubilaci\u00f3n.. Es considerada una de las mujeres de izquierda en Veracruz m\u00e1s honestas y sobre todo preparada..<\/p>\n\n\n\n<p>Griego ha sido diputada, consejera electoral y s\u00ed Rocio Nahle quisiera ganar tranquilamente la alcald\u00eda de Xalapa.. La funcionaria cuenta con un gran capital pol\u00edtico y es bien vista.. Es m\u00e1s, Claudia Tello existe por Daniela Griego.. Ya que ella fue quien gan\u00f3 la diputaci\u00f3n federal hace 6 a\u00f1os y ah\u00ed la actual senadora electa por MORENA era su suplente. Hay que recordar que a Daniela la \u00abtumb\u00f3\u00bb el tribunal electoral federal.. Sin Daniela, no existiera Claudia Tello.. Como funcionaria del IPE lo ha hecho bien.. Por eso, se gan\u00f3 el repetir.. BIEN POR NAHLE..<\/p>\n","protected":false},"excerpt":{"rendered":"<p>Ricardo Chua Sale y Vale Se\u00f1ala \u00abGarganta Profunda\u00bb que cada d\u00eda queda m\u00e1s claro que el gobierno de Veracruz de Cuitl\u00e1huac Garc\u00eda Jim\u00e9nez y la Fiscal\u00eda General del Estado, S\u00d3LO QUIEREN entregarle como \u00abtrofeo\u00bb a MORENA y la nueva administraci\u00f3n que entrar\u00e1 en diciembre de Roc\u00edo Nahle.. La \u00abcabeza\u00bb de alguno de los Yunes \u00abAzules\u00bb [&hellip;]<\/p>\n","protected":false},"author":2,"featured_media":119817,"comment_status":"closed","ping_status":"closed","sticky":false,"template":"","format":"standard","meta":{"tdm_status":"","tdm_grid_status":"","footnotes":""},"categories":[70],"tags":[1563,6657,4248,536,1026,3578,195],"class_list":{"0":"post-127277","1":"post","2":"type-post","3":"status-publish","4":"format-standard","5":"has-post-thumbnail","7":"category-de-opinion","8":"tag-cuitlahuac-garcia-jimenez","9":"tag-daniela-griego-ceballos","10":"tag-ipe","11":"tag-miguel-angel-yunes-marquez","12":"tag-morena","13":"tag-rocio-nahle","14":"tag-veracruz"},"yoast_head":"<!-- This site is optimized with the Yoast SEO plugin v27.4 - https:\/\/yoast.com\/product\/yoast-seo-wordpress\/ -->\n<title>LOS YUNES, CUIC, FGE, PODER JUDICIAL Y EL SHOW MEDI\u00c1TICO - Los pol\u00edticos Veracruz<\/title>\n<meta name=\"robots\" content=\"index, follow, max-snippet:-1, max-image-preview:large, max-video-preview:-1\" \/>\n<link rel=\"canonical\" href=\"https:\/\/lospoliticosveracruz.com\/?p=127277\" \/>\n<meta property=\"og:locale\" content=\"es_ES\" \/>\n<meta property=\"og:type\" content=\"article\" \/>\n<meta property=\"og:title\" content=\"LOS YUNES, CUIC, FGE, PODER JUDICIAL Y EL SHOW MEDI\u00c1TICO - Los pol\u00edticos Veracruz\" \/>\n<meta property=\"og:description\" content=\"Ricardo Chua Sale y Vale Se\u00f1ala \u00abGarganta Profunda\u00bb que cada d\u00eda queda m\u00e1s claro que el gobierno de Veracruz de Cuitl\u00e1huac Garc\u00eda Jim\u00e9nez y la Fiscal\u00eda General del Estado, S\u00d3LO QUIEREN entregarle como \u00abtrofeo\u00bb a MORENA y la nueva administraci\u00f3n que entrar\u00e1 en diciembre de Roc\u00edo Nahle.. La \u00abcabeza\u00bb de alguno de los Yunes \u00abAzules\u00bb [&hellip;]\" \/>\n<meta property=\"og:url\" content=\"https:\/\/lospoliticosveracruz.com\/?p=127277\" \/>\n<meta property=\"og:site_name\" content=\"Los pol\u00edticos Veracruz\" \/>\n<meta property=\"article:publisher\" content=\"https:\/\/www.facebook.com\/people\/Notimemes-de-los-Polticos\/61565672886568\/\" \/>\n<meta property=\"article:published_time\" content=\"2024-07-11T11:58:39+00:00\" \/>\n<meta property=\"article:modified_time\" content=\"2024-07-11T11:58:50+00:00\" \/>\n<meta property=\"og:image\" content=\"https:\/\/lospoliticosveracruz.com\/wp-content\/uploads\/2024\/03\/Ricardo-Chua.jpg\" \/>\n\t<meta property=\"og:image:width\" content=\"1250\" \/>\n\t<meta property=\"og:image:height\" content=\"667\" \/>\n\t<meta property=\"og:image:type\" content=\"image\/jpeg\" \/>\n<meta name=\"author\" content=\"Lo viste en Los Pol\u00edticos\" \/>\n<meta name=\"twitter:card\" content=\"summary_large_image\" \/>\n<meta name=\"twitter:creator\" content=\"@LosPoliticosVer\" \/>\n<meta name=\"twitter:site\" content=\"@LosPoliticosVer\" \/>\n<meta name=\"twitter:label1\" content=\"Escrito por\" \/>\n\t<meta name=\"twitter:data1\" content=\"Lo viste en Los Pol\u00edticos\" \/>\n\t<meta name=\"twitter:label2\" content=\"Tiempo de lectura\" \/>\n\t<meta name=\"twitter:data2\" content=\"5 minutos\" \/>\n<script type=\"application\/ld+json\" class=\"yoast-schema-graph\">{\"@context\":\"https:\\\/\\\/schema.org\",\"@graph\":[{\"@type\":\"Article\",\"@id\":\"https:\\\/\\\/lospoliticosveracruz.com\\\/?p=127277#article\",\"isPartOf\":{\"@id\":\"https:\\\/\\\/lospoliticosveracruz.com\\\/?p=127277\"},\"author\":{\"name\":\"Lo viste en Los Pol\u00edticos\",\"@id\":\"https:\\\/\\\/lospoliticosveracruz.com\\\/#\\\/schema\\\/person\\\/b8702bb0e538456e6efd07080bf2a4a2\"},\"headline\":\"LOS YUNES, CUIC, FGE, PODER JUDICIAL Y EL SHOW MEDI\u00c1TICO\",\"datePublished\":\"2024-07-11T11:58:39+00:00\",\"dateModified\":\"2024-07-11T11:58:50+00:00\",\"mainEntityOfPage\":{\"@id\":\"https:\\\/\\\/lospoliticosveracruz.com\\\/?p=127277\"},\"wordCount\":995,\"publisher\":{\"@id\":\"https:\\\/\\\/lospoliticosveracruz.com\\\/#organization\"},\"image\":{\"@id\":\"https:\\\/\\\/lospoliticosveracruz.com\\\/?p=127277#primaryimage\"},\"thumbnailUrl\":\"https:\\\/\\\/lospoliticosveracruz.com\\\/wp-content\\\/uploads\\\/2024\\\/03\\\/Ricardo-Chua.jpg\",\"keywords\":[\"Cuitl\u00e1huac Garc\u00eda Jim\u00e9nez\",\"Daniela Griego Ceballos\",\"IPE\",\"Miguel \u00c1ngel Yunes M\u00e1rquez\",\"Morena\",\"Roc\u00edo Nahle\",\"Veracruz\"],\"articleSection\":[\"De Opini\u00f3n\"],\"inLanguage\":\"es\"},{\"@type\":\"WebPage\",\"@id\":\"https:\\\/\\\/lospoliticosveracruz.com\\\/?p=127277\",\"url\":\"https:\\\/\\\/lospoliticosveracruz.com\\\/?p=127277\",\"name\":\"LOS YUNES, CUIC, FGE, PODER JUDICIAL Y EL SHOW MEDI\u00c1TICO - Los pol\u00edticos Veracruz\",\"isPartOf\":{\"@id\":\"https:\\\/\\\/lospoliticosveracruz.com\\\/#website\"},\"primaryImageOfPage\":{\"@id\":\"https:\\\/\\\/lospoliticosveracruz.com\\\/?p=127277#primaryimage\"},\"image\":{\"@id\":\"https:\\\/\\\/lospoliticosveracruz.com\\\/?p=127277#primaryimage\"},\"thumbnailUrl\":\"https:\\\/\\\/lospoliticosveracruz.com\\\/wp-content\\\/uploads\\\/2024\\\/03\\\/Ricardo-Chua.jpg\",\"datePublished\":\"2024-07-11T11:58:39+00:00\",\"dateModified\":\"2024-07-11T11:58:50+00:00\",\"breadcrumb\":{\"@id\":\"https:\\\/\\\/lospoliticosveracruz.com\\\/?p=127277#breadcrumb\"},\"inLanguage\":\"es\",\"potentialAction\":[{\"@type\":\"ReadAction\",\"target\":[\"https:\\\/\\\/lospoliticosveracruz.com\\\/?p=127277\"]}]},{\"@type\":\"ImageObject\",\"inLanguage\":\"es\",\"@id\":\"https:\\\/\\\/lospoliticosveracruz.com\\\/?p=127277#primaryimage\",\"url\":\"https:\\\/\\\/lospoliticosveracruz.com\\\/wp-content\\\/uploads\\\/2024\\\/03\\\/Ricardo-Chua.jpg\",\"contentUrl\":\"https:\\\/\\\/lospoliticosveracruz.com\\\/wp-content\\\/uploads\\\/2024\\\/03\\\/Ricardo-Chua.jpg\",\"width\":1250,\"height\":667},{\"@type\":\"BreadcrumbList\",\"@id\":\"https:\\\/\\\/lospoliticosveracruz.com\\\/?p=127277#breadcrumb\",\"itemListElement\":[{\"@type\":\"ListItem\",\"position\":1,\"name\":\"Portada\",\"item\":\"https:\\\/\\\/lospoliticosveracruz.com\\\/\"},{\"@type\":\"ListItem\",\"position\":2,\"name\":\"LOS YUNES, CUIC, FGE, PODER JUDICIAL Y EL SHOW MEDI\u00c1TICO\"}]},{\"@type\":\"WebSite\",\"@id\":\"https:\\\/\\\/lospoliticosveracruz.com\\\/#website\",\"url\":\"https:\\\/\\\/lospoliticosveracruz.com\\\/\",\"name\":\"Los pol\u00edticos Veracruz\",\"description\":\"\",\"publisher\":{\"@id\":\"https:\\\/\\\/lospoliticosveracruz.com\\\/#organization\"},\"potentialAction\":[{\"@type\":\"SearchAction\",\"target\":{\"@type\":\"EntryPoint\",\"urlTemplate\":\"https:\\\/\\\/lospoliticosveracruz.com\\\/?s={search_term_string}\"},\"query-input\":{\"@type\":\"PropertyValueSpecification\",\"valueRequired\":true,\"valueName\":\"search_term_string\"}}],\"inLanguage\":\"es\"},{\"@type\":\"Organization\",\"@id\":\"https:\\\/\\\/lospoliticosveracruz.com\\\/#organization\",\"name\":\"Los pol\u00edticos Veracruz\",\"url\":\"https:\\\/\\\/lospoliticosveracruz.com\\\/\",\"logo\":{\"@type\":\"ImageObject\",\"inLanguage\":\"es\",\"@id\":\"https:\\\/\\\/lospoliticosveracruz.com\\\/#\\\/schema\\\/logo\\\/image\\\/\",\"url\":\"https:\\\/\\\/lospoliticosveracruz.com\\\/wp-content\\\/uploads\\\/2025\\\/12\\\/Logo-Nuevo-LOS-POLITICOS-1.jpg\",\"contentUrl\":\"https:\\\/\\\/lospoliticosveracruz.com\\\/wp-content\\\/uploads\\\/2025\\\/12\\\/Logo-Nuevo-LOS-POLITICOS-1.jpg\",\"width\":260,\"height\":70,\"caption\":\"Los pol\u00edticos Veracruz\"},\"image\":{\"@id\":\"https:\\\/\\\/lospoliticosveracruz.com\\\/#\\\/schema\\\/logo\\\/image\\\/\"},\"sameAs\":[\"https:\\\/\\\/www.facebook.com\\\/people\\\/Notimemes-de-los-Polticos\\\/61565672886568\\\/\",\"https:\\\/\\\/x.com\\\/LosPoliticosVer\"]},{\"@type\":\"Person\",\"@id\":\"https:\\\/\\\/lospoliticosveracruz.com\\\/#\\\/schema\\\/person\\\/b8702bb0e538456e6efd07080bf2a4a2\",\"name\":\"Lo viste en Los Pol\u00edticos\",\"image\":{\"@type\":\"ImageObject\",\"inLanguage\":\"es\",\"@id\":\"https:\\\/\\\/secure.gravatar.com\\\/avatar\\\/3a8de04a2656d44082be478bd6c086daa447c4651605818287b9532d3d0bd435?s=96&d=mm&r=g\",\"url\":\"https:\\\/\\\/secure.gravatar.com\\\/avatar\\\/3a8de04a2656d44082be478bd6c086daa447c4651605818287b9532d3d0bd435?s=96&d=mm&r=g\",\"contentUrl\":\"https:\\\/\\\/secure.gravatar.com\\\/avatar\\\/3a8de04a2656d44082be478bd6c086daa447c4651605818287b9532d3d0bd435?s=96&d=mm&r=g\",\"caption\":\"Lo viste en Los Pol\u00edticos\"},\"url\":\"https:\\\/\\\/lospoliticosveracruz.com\\\/?author=2\"}]}<\/script>\n<!-- \/ Yoast SEO plugin. -->","yoast_head_json":{"title":"LOS YUNES, CUIC, FGE, PODER JUDICIAL Y EL SHOW MEDI\u00c1TICO - Los pol\u00edticos Veracruz","robots":{"index":"index","follow":"follow","max-snippet":"max-snippet:-1","max-image-preview":"max-image-preview:large","max-video-preview":"max-video-preview:-1"},"canonical":"https:\/\/lospoliticosveracruz.com\/?p=127277","og_locale":"es_ES","og_type":"article","og_title":"LOS YUNES, CUIC, FGE, PODER JUDICIAL Y EL SHOW MEDI\u00c1TICO - Los pol\u00edticos Veracruz","og_description":"Ricardo Chua Sale y Vale Se\u00f1ala \u00abGarganta Profunda\u00bb que cada d\u00eda queda m\u00e1s claro que el gobierno de Veracruz de Cuitl\u00e1huac Garc\u00eda Jim\u00e9nez y la Fiscal\u00eda General del Estado, S\u00d3LO QUIEREN entregarle como \u00abtrofeo\u00bb a MORENA y la nueva administraci\u00f3n que entrar\u00e1 en diciembre de Roc\u00edo Nahle.. La \u00abcabeza\u00bb de alguno de los Yunes \u00abAzules\u00bb [&hellip;]","og_url":"https:\/\/lospoliticosveracruz.com\/?p=127277","og_site_name":"Los pol\u00edticos Veracruz","article_publisher":"https:\/\/www.facebook.com\/people\/Notimemes-de-los-Polticos\/61565672886568\/","article_published_time":"2024-07-11T11:58:39+00:00","article_modified_time":"2024-07-11T11:58:50+00:00","og_image":[{"width":1250,"height":667,"url":"https:\/\/lospoliticosveracruz.com\/wp-content\/uploads\/2024\/03\/Ricardo-Chua.jpg","type":"image\/jpeg"}],"author":"Lo viste en Los Pol\u00edticos","twitter_card":"summary_large_image","twitter_creator":"@LosPoliticosVer","twitter_site":"@LosPoliticosVer","twitter_misc":{"Escrito por":"Lo viste en Los Pol\u00edticos","Tiempo de lectura":"5 minutos"},"schema":{"@context":"https:\/\/schema.org","@graph":[{"@type":"Article","@id":"https:\/\/lospoliticosveracruz.com\/?p=127277#article","isPartOf":{"@id":"https:\/\/lospoliticosveracruz.com\/?p=127277"},"author":{"name":"Lo viste en Los Pol\u00edticos","@id":"https:\/\/lospoliticosveracruz.com\/#\/schema\/person\/b8702bb0e538456e6efd07080bf2a4a2"},"headline":"LOS YUNES, CUIC, FGE, PODER JUDICIAL Y EL SHOW MEDI\u00c1TICO","datePublished":"2024-07-11T11:58:39+00:00","dateModified":"2024-07-11T11:58:50+00:00","mainEntityOfPage":{"@id":"https:\/\/lospoliticosveracruz.com\/?p=127277"},"wordCount":995,"publisher":{"@id":"https:\/\/lospoliticosveracruz.com\/#organization"},"image":{"@id":"https:\/\/lospoliticosveracruz.com\/?p=127277#primaryimage"},"thumbnailUrl":"https:\/\/lospoliticosveracruz.com\/wp-content\/uploads\/2024\/03\/Ricardo-Chua.jpg","keywords":["Cuitl\u00e1huac Garc\u00eda Jim\u00e9nez","Daniela Griego Ceballos","IPE","Miguel \u00c1ngel Yunes M\u00e1rquez","Morena","Roc\u00edo Nahle","Veracruz"],"articleSection":["De Opini\u00f3n"],"inLanguage":"es"},{"@type":"WebPage","@id":"https:\/\/lospoliticosveracruz.com\/?p=127277","url":"https:\/\/lospoliticosveracruz.com\/?p=127277","name":"LOS YUNES, CUIC, FGE, PODER JUDICIAL Y EL SHOW MEDI\u00c1TICO - Los pol\u00edticos Veracruz","isPartOf":{"@id":"https:\/\/lospoliticosveracruz.com\/#website"},"primaryImageOfPage":{"@id":"https:\/\/lospoliticosveracruz.com\/?p=127277#primaryimage"},"image":{"@id":"https:\/\/lospoliticosveracruz.com\/?p=127277#primaryimage"},"thumbnailUrl":"https:\/\/lospoliticosveracruz.com\/wp-content\/uploads\/2024\/03\/Ricardo-Chua.jpg","datePublished":"2024-07-11T11:58:39+00:00","dateModified":"2024-07-11T11:58:50+00:00","breadcrumb":{"@id":"https:\/\/lospoliticosveracruz.com\/?p=127277#breadcrumb"},"inLanguage":"es","potentialAction":[{"@type":"ReadAction","target":["https:\/\/lospoliticosveracruz.com\/?p=127277"]}]},{"@type":"ImageObject","inLanguage":"es","@id":"https:\/\/lospoliticosveracruz.com\/?p=127277#primaryimage","url":"https:\/\/lospoliticosveracruz.com\/wp-content\/uploads\/2024\/03\/Ricardo-Chua.jpg","contentUrl":"https:\/\/lospoliticosveracruz.com\/wp-content\/uploads\/2024\/03\/Ricardo-Chua.jpg","width":1250,"height":667},{"@type":"BreadcrumbList","@id":"https:\/\/lospoliticosveracruz.com\/?p=127277#breadcrumb","itemListElement":[{"@type":"ListItem","position":1,"name":"Portada","item":"https:\/\/lospoliticosveracruz.com\/"},{"@type":"ListItem","position":2,"name":"LOS YUNES, CUIC, FGE, PODER JUDICIAL Y EL SHOW MEDI\u00c1TICO"}]},{"@type":"WebSite","@id":"https:\/\/lospoliticosveracruz.com\/#website","url":"https:\/\/lospoliticosveracruz.com\/","name":"Los pol\u00edticos Veracruz","description":"","publisher":{"@id":"https:\/\/lospoliticosveracruz.com\/#organization"},"potentialAction":[{"@type":"SearchAction","target":{"@type":"EntryPoint","urlTemplate":"https:\/\/lospoliticosveracruz.com\/?s={search_term_string}"},"query-input":{"@type":"PropertyValueSpecification","valueRequired":true,"valueName":"search_term_string"}}],"inLanguage":"es"},{"@type":"Organization","@id":"https:\/\/lospoliticosveracruz.com\/#organization","name":"Los pol\u00edticos Veracruz","url":"https:\/\/lospoliticosveracruz.com\/","logo":{"@type":"ImageObject","inLanguage":"es","@id":"https:\/\/lospoliticosveracruz.com\/#\/schema\/logo\/image\/","url":"https:\/\/lospoliticosveracruz.com\/wp-content\/uploads\/2025\/12\/Logo-Nuevo-LOS-POLITICOS-1.jpg","contentUrl":"https:\/\/lospoliticosveracruz.com\/wp-content\/uploads\/2025\/12\/Logo-Nuevo-LOS-POLITICOS-1.jpg","width":260,"height":70,"caption":"Los pol\u00edticos Veracruz"},"image":{"@id":"https:\/\/lospoliticosveracruz.com\/#\/schema\/logo\/image\/"},"sameAs":["https:\/\/www.facebook.com\/people\/Notimemes-de-los-Polticos\/61565672886568\/","https:\/\/x.com\/LosPoliticosVer"]},{"@type":"Person","@id":"https:\/\/lospoliticosveracruz.com\/#\/schema\/person\/b8702bb0e538456e6efd07080bf2a4a2","name":"Lo viste en Los Pol\u00edticos","image":{"@type":"ImageObject","inLanguage":"es","@id":"https:\/\/secure.gravatar.com\/avatar\/3a8de04a2656d44082be478bd6c086daa447c4651605818287b9532d3d0bd435?s=96&d=mm&r=g","url":"https:\/\/secure.gravatar.com\/avatar\/3a8de04a2656d44082be478bd6c086daa447c4651605818287b9532d3d0bd435?s=96&d=mm&r=g","contentUrl":"https:\/\/secure.gravatar.com\/avatar\/3a8de04a2656d44082be478bd6c086daa447c4651605818287b9532d3d0bd435?s=96&d=mm&r=g","caption":"Lo viste en Los Pol\u00edticos"},"url":"https:\/\/lospoliticosveracruz.com\/?author=2"}]}},"_links":{"self":[{"href":"https:\/\/lospoliticosveracruz.com\/index.php?rest_route=\/wp\/v2\/posts\/127277","targetHints":{"allow":["GET"]}}],"collection":[{"href":"https:\/\/lospoliticosveracruz.com\/index.php?rest_route=\/wp\/v2\/posts"}],"about":[{"href":"https:\/\/lospoliticosveracruz.com\/index.php?rest_route=\/wp\/v2\/types\/post"}],"author":[{"embeddable":true,"href":"https:\/\/lospoliticosveracruz.com\/index.php?rest_route=\/wp\/v2\/users\/2"}],"replies":[{"embeddable":true,"href":"https:\/\/lospoliticosveracruz.com\/index.php?rest_route=%2Fwp%2Fv2%2Fcomments&post=127277"}],"version-history":[{"count":1,"href":"https:\/\/lospoliticosveracruz.com\/index.php?rest_route=\/wp\/v2\/posts\/127277\/revisions"}],"predecessor-version":[{"id":127278,"href":"https:\/\/lospoliticosveracruz.com\/index.php?rest_route=\/wp\/v2\/posts\/127277\/revisions\/127278"}],"wp:featuredmedia":[{"embeddable":true,"href":"https:\/\/lospoliticosveracruz.com\/index.php?rest_route=\/wp\/v2\/media\/119817"}],"wp:attachment":[{"href":"https:\/\/lospoliticosveracruz.com\/index.php?rest_route=%2Fwp%2Fv2%2Fmedia&parent=127277"}],"wp:term":[{"taxonomy":"category","embeddable":true,"href":"https:\/\/lospoliticosveracruz.com\/index.php?rest_route=%2Fwp%2Fv2%2Fcategories&post=127277"},{"taxonomy":"post_tag","embeddable":true,"href":"https:\/\/lospoliticosveracruz.com\/index.php?rest_route=%2Fwp%2Fv2%2Ftags&post=127277"}],"curies":[{"name":"wp","href":"https:\/\/api.w.org\/{rel}","templated":true}]}}