{"id":127279,"date":"2024-07-11T08:08:23","date_gmt":"2024-07-11T13:08:23","guid":{"rendered":"https:\/\/lospoliticosveracruz.com.mx\/?p=127279"},"modified":"2024-07-11T08:08:38","modified_gmt":"2024-07-11T13:08:38","slug":"al-infinito-y-mas-alla","status":"publish","type":"post","link":"https:\/\/lospoliticosveracruz.com\/?p=127279","title":{"rendered":"AL INFINITO Y M\u00c1S ALL\u00c1"},"content":{"rendered":"\n<p><br><strong>Uriel Flores Aguayo<\/strong><\/p>\n\n\n\n<p>Despu\u00e9s del periodo llamado revolucionario, la transici\u00f3n a la democracia y la regresi\u00f3n autoritaria los pendientes democr\u00e1ticos siguen siendo los mismos. Esto es : elecciones libres, instituciones aut\u00f3nomas, divisi\u00f3n de poderes, estado de derecho, derechos humanos, federalismo, sano y plural sistema de partidos y prensa libre, como elementos fundamentales para contar con sociedad de derechos y gobiernos funcionales y transparentes. Mucho de eso lo tuvimos a medias o nunca lo tuvimos; otro tanto fue simulaci\u00f3n. Ahora es m\u00e1s limitado todo. La transici\u00f3n democr\u00e1tica no result\u00f3 lo plena que se esperaba, fue reversible. Resurgi\u00f3 con otros colores y liderazgos la aplanadora electoral, se recorta la pluralidad y se fusiona al gobierno con el partido vuelto oficial. En t\u00e9rminos generales no se avizora un futuro luminoso para nuestro pa\u00eds. Faltan las definiciones claves del relevo: autonom\u00eda presidencial o maximato. Formas nuevas al menos o la repetici\u00f3n demag\u00f3gica y caudillista.<br>El gran d\u00e9ficit radica en la sociedad civil, la organizada, en la ciudadan\u00eda en plenitud. De su ejercicio de derechos y libertades depende nuestro nivel de democracia. No es por medio de mon\u00f3logos y consignas, seudo ideolog\u00edas y ocurrencias, carismas mit\u00f3manos, asambleismo y doctrinas transnochadas como se forma ciudadan\u00eda. Para que sea tal van sus derechos en primer lugar, el respeto absoluto a su forma de pensar , el proporcionarle informaci\u00f3n puntual, fomentar su participaci\u00f3n en las elecciones y en la vida p\u00fablica, alentar su organizaci\u00f3n, no hacerla masa amorfa y no verla como clientela electoral. Una visi\u00f3n democr\u00e1tica, honesta y consecuente, trabajar\u00eda en formar ciudadan\u00eda para tener una sociedad sana y participativa. Necesitamos ciudad cr\u00edticos, cuyas opiniones se respeten desde el poder. A m\u00e1s participaci\u00f3n ciudadana mayor fortaleza de nuestra democracia. Es el voto y sus efectos, es la vida p\u00fablica y la vida privada, son los derechos, son las libertades. Es lo indispensable para vivir en sociedad, como individuos libres, con visi\u00f3n de futuro y con proyecto democr\u00e1tico. No es cuesti\u00f3n de darle m\u00e1s o menos importancia a determinado partido pol\u00edtico,las exigencias son para todos, porque en general son bastante similares. Si no se actualizan y regeneran van a terminar como simples cascarones y estorbando a la democracia. Una oxigenaci\u00f3n de la democracia mexicana pasa por la refundaci\u00f3n de nuestro sistema de partidos, hoy reducidos a cascarones burocr\u00e1ticos y c\u00fapulas de auto consumo. Han dejado de cumplir con sus obligaciones democr\u00e1ticas y constitucionales. Es urgente su propia reflexi\u00f3n para que nos digan qu\u00e9 van a hacer con los problemas de nuestro pa\u00eds, cu\u00e1l es su idea sobre la sobre representaci\u00f3n y la demolici\u00f3n del poder judicial; esos y la inseguridad son los grandes temas que le interesan a los mexicanos; son los asuntos que los partidos omiten, a pesar de que nos salen muy caros. Si al menos hicieran un intento por ser \u00fatiles.<br>Sin ciudadan\u00eda plena no hay transformaci\u00f3n alguna y mucho menos la pomposa \u201c revoluci\u00f3n de las conciencias\u201d.<br>Recadito : seguimos esperando el balance de los partidos de oposici\u00f3n.<\/p>\n","protected":false},"excerpt":{"rendered":"<p>Uriel Flores Aguayo Despu\u00e9s del periodo llamado revolucionario, la transici\u00f3n a la democracia y la regresi\u00f3n autoritaria los pendientes democr\u00e1ticos siguen siendo los mismos. Esto es : elecciones libres, instituciones aut\u00f3nomas, divisi\u00f3n de poderes, estado de derecho, derechos humanos, federalismo, sano y plural sistema de partidos y prensa libre, como elementos fundamentales para contar con [&hellip;]<\/p>\n","protected":false},"author":2,"featured_media":119915,"comment_status":"closed","ping_status":"closed","sticky":false,"template":"","format":"standard","meta":{"tdm_status":"","tdm_grid_status":"","footnotes":""},"categories":[70],"tags":[207,195],"class_list":{"0":"post-127279","1":"post","2":"type-post","3":"status-publish","4":"format-standard","5":"has-post-thumbnail","7":"category-de-opinion","8":"tag-democracia","9":"tag-veracruz"},"yoast_head":"<!-- This site is optimized with the Yoast SEO plugin v27.4 - https:\/\/yoast.com\/product\/yoast-seo-wordpress\/ -->\n<title>AL INFINITO Y M\u00c1S ALL\u00c1 - Los pol\u00edticos Veracruz<\/title>\n<meta name=\"robots\" content=\"index, follow, max-snippet:-1, max-image-preview:large, max-video-preview:-1\" \/>\n<link rel=\"canonical\" href=\"https:\/\/lospoliticosveracruz.com\/?p=127279\" \/>\n<meta property=\"og:locale\" content=\"es_ES\" \/>\n<meta property=\"og:type\" content=\"article\" \/>\n<meta property=\"og:title\" content=\"AL INFINITO Y M\u00c1S ALL\u00c1 - Los pol\u00edticos Veracruz\" \/>\n<meta property=\"og:description\" content=\"Uriel Flores Aguayo Despu\u00e9s del periodo llamado revolucionario, la transici\u00f3n a la democracia y la regresi\u00f3n autoritaria los pendientes democr\u00e1ticos siguen siendo los mismos. Esto es : elecciones libres, instituciones aut\u00f3nomas, divisi\u00f3n de poderes, estado de derecho, derechos humanos, federalismo, sano y plural sistema de partidos y prensa libre, como elementos fundamentales para contar con [&hellip;]\" \/>\n<meta property=\"og:url\" content=\"https:\/\/lospoliticosveracruz.com\/?p=127279\" \/>\n<meta property=\"og:site_name\" content=\"Los pol\u00edticos Veracruz\" \/>\n<meta property=\"article:publisher\" content=\"https:\/\/www.facebook.com\/people\/Notimemes-de-los-Polticos\/61565672886568\/\" \/>\n<meta property=\"article:published_time\" content=\"2024-07-11T13:08:23+00:00\" \/>\n<meta property=\"article:modified_time\" content=\"2024-07-11T13:08:38+00:00\" \/>\n<meta property=\"og:image\" content=\"https:\/\/lospoliticosveracruz.com\/wp-content\/uploads\/2024\/03\/Uriel-Flores.jpg\" \/>\n\t<meta property=\"og:image:width\" content=\"1250\" \/>\n\t<meta property=\"og:image:height\" content=\"667\" \/>\n\t<meta property=\"og:image:type\" content=\"image\/jpeg\" \/>\n<meta name=\"author\" content=\"Lo viste en Los Pol\u00edticos\" \/>\n<meta name=\"twitter:card\" content=\"summary_large_image\" \/>\n<meta name=\"twitter:creator\" content=\"@LosPoliticosVer\" \/>\n<meta name=\"twitter:site\" content=\"@LosPoliticosVer\" \/>\n<meta name=\"twitter:label1\" content=\"Escrito por\" \/>\n\t<meta name=\"twitter:data1\" content=\"Lo viste en Los Pol\u00edticos\" \/>\n\t<meta name=\"twitter:label2\" content=\"Tiempo de lectura\" \/>\n\t<meta name=\"twitter:data2\" content=\"3 minutos\" \/>\n<script type=\"application\/ld+json\" class=\"yoast-schema-graph\">{\"@context\":\"https:\\\/\\\/schema.org\",\"@graph\":[{\"@type\":\"Article\",\"@id\":\"https:\\\/\\\/lospoliticosveracruz.com\\\/?p=127279#article\",\"isPartOf\":{\"@id\":\"https:\\\/\\\/lospoliticosveracruz.com\\\/?p=127279\"},\"author\":{\"name\":\"Lo viste en Los Pol\u00edticos\",\"@id\":\"https:\\\/\\\/lospoliticosveracruz.com\\\/#\\\/schema\\\/person\\\/b8702bb0e538456e6efd07080bf2a4a2\"},\"headline\":\"AL INFINITO Y M\u00c1S ALL\u00c1\",\"datePublished\":\"2024-07-11T13:08:23+00:00\",\"dateModified\":\"2024-07-11T13:08:38+00:00\",\"mainEntityOfPage\":{\"@id\":\"https:\\\/\\\/lospoliticosveracruz.com\\\/?p=127279\"},\"wordCount\":549,\"publisher\":{\"@id\":\"https:\\\/\\\/lospoliticosveracruz.com\\\/#organization\"},\"image\":{\"@id\":\"https:\\\/\\\/lospoliticosveracruz.com\\\/?p=127279#primaryimage\"},\"thumbnailUrl\":\"https:\\\/\\\/lospoliticosveracruz.com\\\/wp-content\\\/uploads\\\/2024\\\/03\\\/Uriel-Flores.jpg\",\"keywords\":[\"democracia\",\"Veracruz\"],\"articleSection\":[\"De Opini\u00f3n\"],\"inLanguage\":\"es\"},{\"@type\":\"WebPage\",\"@id\":\"https:\\\/\\\/lospoliticosveracruz.com\\\/?p=127279\",\"url\":\"https:\\\/\\\/lospoliticosveracruz.com\\\/?p=127279\",\"name\":\"AL INFINITO Y M\u00c1S ALL\u00c1 - Los pol\u00edticos Veracruz\",\"isPartOf\":{\"@id\":\"https:\\\/\\\/lospoliticosveracruz.com\\\/#website\"},\"primaryImageOfPage\":{\"@id\":\"https:\\\/\\\/lospoliticosveracruz.com\\\/?p=127279#primaryimage\"},\"image\":{\"@id\":\"https:\\\/\\\/lospoliticosveracruz.com\\\/?p=127279#primaryimage\"},\"thumbnailUrl\":\"https:\\\/\\\/lospoliticosveracruz.com\\\/wp-content\\\/uploads\\\/2024\\\/03\\\/Uriel-Flores.jpg\",\"datePublished\":\"2024-07-11T13:08:23+00:00\",\"dateModified\":\"2024-07-11T13:08:38+00:00\",\"breadcrumb\":{\"@id\":\"https:\\\/\\\/lospoliticosveracruz.com\\\/?p=127279#breadcrumb\"},\"inLanguage\":\"es\",\"potentialAction\":[{\"@type\":\"ReadAction\",\"target\":[\"https:\\\/\\\/lospoliticosveracruz.com\\\/?p=127279\"]}]},{\"@type\":\"ImageObject\",\"inLanguage\":\"es\",\"@id\":\"https:\\\/\\\/lospoliticosveracruz.com\\\/?p=127279#primaryimage\",\"url\":\"https:\\\/\\\/lospoliticosveracruz.com\\\/wp-content\\\/uploads\\\/2024\\\/03\\\/Uriel-Flores.jpg\",\"contentUrl\":\"https:\\\/\\\/lospoliticosveracruz.com\\\/wp-content\\\/uploads\\\/2024\\\/03\\\/Uriel-Flores.jpg\",\"width\":1250,\"height\":667},{\"@type\":\"BreadcrumbList\",\"@id\":\"https:\\\/\\\/lospoliticosveracruz.com\\\/?p=127279#breadcrumb\",\"itemListElement\":[{\"@type\":\"ListItem\",\"position\":1,\"name\":\"Portada\",\"item\":\"https:\\\/\\\/lospoliticosveracruz.com\\\/\"},{\"@type\":\"ListItem\",\"position\":2,\"name\":\"AL INFINITO Y M\u00c1S ALL\u00c1\"}]},{\"@type\":\"WebSite\",\"@id\":\"https:\\\/\\\/lospoliticosveracruz.com\\\/#website\",\"url\":\"https:\\\/\\\/lospoliticosveracruz.com\\\/\",\"name\":\"Los pol\u00edticos Veracruz\",\"description\":\"\",\"publisher\":{\"@id\":\"https:\\\/\\\/lospoliticosveracruz.com\\\/#organization\"},\"potentialAction\":[{\"@type\":\"SearchAction\",\"target\":{\"@type\":\"EntryPoint\",\"urlTemplate\":\"https:\\\/\\\/lospoliticosveracruz.com\\\/?s={search_term_string}\"},\"query-input\":{\"@type\":\"PropertyValueSpecification\",\"valueRequired\":true,\"valueName\":\"search_term_string\"}}],\"inLanguage\":\"es\"},{\"@type\":\"Organization\",\"@id\":\"https:\\\/\\\/lospoliticosveracruz.com\\\/#organization\",\"name\":\"Los pol\u00edticos Veracruz\",\"url\":\"https:\\\/\\\/lospoliticosveracruz.com\\\/\",\"logo\":{\"@type\":\"ImageObject\",\"inLanguage\":\"es\",\"@id\":\"https:\\\/\\\/lospoliticosveracruz.com\\\/#\\\/schema\\\/logo\\\/image\\\/\",\"url\":\"https:\\\/\\\/lospoliticosveracruz.com\\\/wp-content\\\/uploads\\\/2025\\\/12\\\/Logo-Nuevo-LOS-POLITICOS-1.jpg\",\"contentUrl\":\"https:\\\/\\\/lospoliticosveracruz.com\\\/wp-content\\\/uploads\\\/2025\\\/12\\\/Logo-Nuevo-LOS-POLITICOS-1.jpg\",\"width\":260,\"height\":70,\"caption\":\"Los pol\u00edticos Veracruz\"},\"image\":{\"@id\":\"https:\\\/\\\/lospoliticosveracruz.com\\\/#\\\/schema\\\/logo\\\/image\\\/\"},\"sameAs\":[\"https:\\\/\\\/www.facebook.com\\\/people\\\/Notimemes-de-los-Polticos\\\/61565672886568\\\/\",\"https:\\\/\\\/x.com\\\/LosPoliticosVer\"]},{\"@type\":\"Person\",\"@id\":\"https:\\\/\\\/lospoliticosveracruz.com\\\/#\\\/schema\\\/person\\\/b8702bb0e538456e6efd07080bf2a4a2\",\"name\":\"Lo viste en Los Pol\u00edticos\",\"image\":{\"@type\":\"ImageObject\",\"inLanguage\":\"es\",\"@id\":\"https:\\\/\\\/secure.gravatar.com\\\/avatar\\\/3a8de04a2656d44082be478bd6c086daa447c4651605818287b9532d3d0bd435?s=96&d=mm&r=g\",\"url\":\"https:\\\/\\\/secure.gravatar.com\\\/avatar\\\/3a8de04a2656d44082be478bd6c086daa447c4651605818287b9532d3d0bd435?s=96&d=mm&r=g\",\"contentUrl\":\"https:\\\/\\\/secure.gravatar.com\\\/avatar\\\/3a8de04a2656d44082be478bd6c086daa447c4651605818287b9532d3d0bd435?s=96&d=mm&r=g\",\"caption\":\"Lo viste en Los Pol\u00edticos\"},\"url\":\"https:\\\/\\\/lospoliticosveracruz.com\\\/?author=2\"}]}<\/script>\n<!-- \/ Yoast SEO plugin. -->","yoast_head_json":{"title":"AL INFINITO Y M\u00c1S ALL\u00c1 - Los pol\u00edticos Veracruz","robots":{"index":"index","follow":"follow","max-snippet":"max-snippet:-1","max-image-preview":"max-image-preview:large","max-video-preview":"max-video-preview:-1"},"canonical":"https:\/\/lospoliticosveracruz.com\/?p=127279","og_locale":"es_ES","og_type":"article","og_title":"AL INFINITO Y M\u00c1S ALL\u00c1 - Los pol\u00edticos Veracruz","og_description":"Uriel Flores Aguayo Despu\u00e9s del periodo llamado revolucionario, la transici\u00f3n a la democracia y la regresi\u00f3n autoritaria los pendientes democr\u00e1ticos siguen siendo los mismos. Esto es : elecciones libres, instituciones aut\u00f3nomas, divisi\u00f3n de poderes, estado de derecho, derechos humanos, federalismo, sano y plural sistema de partidos y prensa libre, como elementos fundamentales para contar con [&hellip;]","og_url":"https:\/\/lospoliticosveracruz.com\/?p=127279","og_site_name":"Los pol\u00edticos Veracruz","article_publisher":"https:\/\/www.facebook.com\/people\/Notimemes-de-los-Polticos\/61565672886568\/","article_published_time":"2024-07-11T13:08:23+00:00","article_modified_time":"2024-07-11T13:08:38+00:00","og_image":[{"width":1250,"height":667,"url":"https:\/\/lospoliticosveracruz.com\/wp-content\/uploads\/2024\/03\/Uriel-Flores.jpg","type":"image\/jpeg"}],"author":"Lo viste en Los Pol\u00edticos","twitter_card":"summary_large_image","twitter_creator":"@LosPoliticosVer","twitter_site":"@LosPoliticosVer","twitter_misc":{"Escrito por":"Lo viste en Los Pol\u00edticos","Tiempo de lectura":"3 minutos"},"schema":{"@context":"https:\/\/schema.org","@graph":[{"@type":"Article","@id":"https:\/\/lospoliticosveracruz.com\/?p=127279#article","isPartOf":{"@id":"https:\/\/lospoliticosveracruz.com\/?p=127279"},"author":{"name":"Lo viste en Los Pol\u00edticos","@id":"https:\/\/lospoliticosveracruz.com\/#\/schema\/person\/b8702bb0e538456e6efd07080bf2a4a2"},"headline":"AL INFINITO Y M\u00c1S ALL\u00c1","datePublished":"2024-07-11T13:08:23+00:00","dateModified":"2024-07-11T13:08:38+00:00","mainEntityOfPage":{"@id":"https:\/\/lospoliticosveracruz.com\/?p=127279"},"wordCount":549,"publisher":{"@id":"https:\/\/lospoliticosveracruz.com\/#organization"},"image":{"@id":"https:\/\/lospoliticosveracruz.com\/?p=127279#primaryimage"},"thumbnailUrl":"https:\/\/lospoliticosveracruz.com\/wp-content\/uploads\/2024\/03\/Uriel-Flores.jpg","keywords":["democracia","Veracruz"],"articleSection":["De Opini\u00f3n"],"inLanguage":"es"},{"@type":"WebPage","@id":"https:\/\/lospoliticosveracruz.com\/?p=127279","url":"https:\/\/lospoliticosveracruz.com\/?p=127279","name":"AL INFINITO Y M\u00c1S ALL\u00c1 - Los pol\u00edticos Veracruz","isPartOf":{"@id":"https:\/\/lospoliticosveracruz.com\/#website"},"primaryImageOfPage":{"@id":"https:\/\/lospoliticosveracruz.com\/?p=127279#primaryimage"},"image":{"@id":"https:\/\/lospoliticosveracruz.com\/?p=127279#primaryimage"},"thumbnailUrl":"https:\/\/lospoliticosveracruz.com\/wp-content\/uploads\/2024\/03\/Uriel-Flores.jpg","datePublished":"2024-07-11T13:08:23+00:00","dateModified":"2024-07-11T13:08:38+00:00","breadcrumb":{"@id":"https:\/\/lospoliticosveracruz.com\/?p=127279#breadcrumb"},"inLanguage":"es","potentialAction":[{"@type":"ReadAction","target":["https:\/\/lospoliticosveracruz.com\/?p=127279"]}]},{"@type":"ImageObject","inLanguage":"es","@id":"https:\/\/lospoliticosveracruz.com\/?p=127279#primaryimage","url":"https:\/\/lospoliticosveracruz.com\/wp-content\/uploads\/2024\/03\/Uriel-Flores.jpg","contentUrl":"https:\/\/lospoliticosveracruz.com\/wp-content\/uploads\/2024\/03\/Uriel-Flores.jpg","width":1250,"height":667},{"@type":"BreadcrumbList","@id":"https:\/\/lospoliticosveracruz.com\/?p=127279#breadcrumb","itemListElement":[{"@type":"ListItem","position":1,"name":"Portada","item":"https:\/\/lospoliticosveracruz.com\/"},{"@type":"ListItem","position":2,"name":"AL INFINITO Y M\u00c1S ALL\u00c1"}]},{"@type":"WebSite","@id":"https:\/\/lospoliticosveracruz.com\/#website","url":"https:\/\/lospoliticosveracruz.com\/","name":"Los pol\u00edticos Veracruz","description":"","publisher":{"@id":"https:\/\/lospoliticosveracruz.com\/#organization"},"potentialAction":[{"@type":"SearchAction","target":{"@type":"EntryPoint","urlTemplate":"https:\/\/lospoliticosveracruz.com\/?s={search_term_string}"},"query-input":{"@type":"PropertyValueSpecification","valueRequired":true,"valueName":"search_term_string"}}],"inLanguage":"es"},{"@type":"Organization","@id":"https:\/\/lospoliticosveracruz.com\/#organization","name":"Los pol\u00edticos Veracruz","url":"https:\/\/lospoliticosveracruz.com\/","logo":{"@type":"ImageObject","inLanguage":"es","@id":"https:\/\/lospoliticosveracruz.com\/#\/schema\/logo\/image\/","url":"https:\/\/lospoliticosveracruz.com\/wp-content\/uploads\/2025\/12\/Logo-Nuevo-LOS-POLITICOS-1.jpg","contentUrl":"https:\/\/lospoliticosveracruz.com\/wp-content\/uploads\/2025\/12\/Logo-Nuevo-LOS-POLITICOS-1.jpg","width":260,"height":70,"caption":"Los pol\u00edticos Veracruz"},"image":{"@id":"https:\/\/lospoliticosveracruz.com\/#\/schema\/logo\/image\/"},"sameAs":["https:\/\/www.facebook.com\/people\/Notimemes-de-los-Polticos\/61565672886568\/","https:\/\/x.com\/LosPoliticosVer"]},{"@type":"Person","@id":"https:\/\/lospoliticosveracruz.com\/#\/schema\/person\/b8702bb0e538456e6efd07080bf2a4a2","name":"Lo viste en Los Pol\u00edticos","image":{"@type":"ImageObject","inLanguage":"es","@id":"https:\/\/secure.gravatar.com\/avatar\/3a8de04a2656d44082be478bd6c086daa447c4651605818287b9532d3d0bd435?s=96&d=mm&r=g","url":"https:\/\/secure.gravatar.com\/avatar\/3a8de04a2656d44082be478bd6c086daa447c4651605818287b9532d3d0bd435?s=96&d=mm&r=g","contentUrl":"https:\/\/secure.gravatar.com\/avatar\/3a8de04a2656d44082be478bd6c086daa447c4651605818287b9532d3d0bd435?s=96&d=mm&r=g","caption":"Lo viste en Los Pol\u00edticos"},"url":"https:\/\/lospoliticosveracruz.com\/?author=2"}]}},"_links":{"self":[{"href":"https:\/\/lospoliticosveracruz.com\/index.php?rest_route=\/wp\/v2\/posts\/127279","targetHints":{"allow":["GET"]}}],"collection":[{"href":"https:\/\/lospoliticosveracruz.com\/index.php?rest_route=\/wp\/v2\/posts"}],"about":[{"href":"https:\/\/lospoliticosveracruz.com\/index.php?rest_route=\/wp\/v2\/types\/post"}],"author":[{"embeddable":true,"href":"https:\/\/lospoliticosveracruz.com\/index.php?rest_route=\/wp\/v2\/users\/2"}],"replies":[{"embeddable":true,"href":"https:\/\/lospoliticosveracruz.com\/index.php?rest_route=%2Fwp%2Fv2%2Fcomments&post=127279"}],"version-history":[{"count":2,"href":"https:\/\/lospoliticosveracruz.com\/index.php?rest_route=\/wp\/v2\/posts\/127279\/revisions"}],"predecessor-version":[{"id":127281,"href":"https:\/\/lospoliticosveracruz.com\/index.php?rest_route=\/wp\/v2\/posts\/127279\/revisions\/127281"}],"wp:featuredmedia":[{"embeddable":true,"href":"https:\/\/lospoliticosveracruz.com\/index.php?rest_route=\/wp\/v2\/media\/119915"}],"wp:attachment":[{"href":"https:\/\/lospoliticosveracruz.com\/index.php?rest_route=%2Fwp%2Fv2%2Fmedia&parent=127279"}],"wp:term":[{"taxonomy":"category","embeddable":true,"href":"https:\/\/lospoliticosveracruz.com\/index.php?rest_route=%2Fwp%2Fv2%2Fcategories&post=127279"},{"taxonomy":"post_tag","embeddable":true,"href":"https:\/\/lospoliticosveracruz.com\/index.php?rest_route=%2Fwp%2Fv2%2Ftags&post=127279"}],"curies":[{"name":"wp","href":"https:\/\/api.w.org\/{rel}","templated":true}]}}