{"id":12732,"date":"2014-10-15T22:44:10","date_gmt":"2014-10-16T03:44:10","guid":{"rendered":"http:\/\/www.lospoliticosveracruz.com.mx\/?p=12732"},"modified":"2014-10-15T22:44:10","modified_gmt":"2014-10-16T03:44:10","slug":"ya-sientes-tus-juegos","status":"publish","type":"post","link":"https:\/\/lospoliticosveracruz.com\/?p=12732","title":{"rendered":"\u00bfYa sientes tus juegos?"},"content":{"rendered":"<p><a href=\"http:\/\/www.lospoliticosveracruz.com.mx\/wp-content\/uploads\/2014\/10\/Eruviel-Avila-Javier-Duarte.jpg\"><img loading=\"lazy\" decoding=\"async\" class=\"alignnone size-medium wp-image-12733\" src=\"http:\/\/www.lospoliticosveracruz.com.mx\/wp-content\/uploads\/2014\/10\/Eruviel-Avila-Javier-Duarte-300x248.jpg\" alt=\"Eruviel-Avila-Javier-Duarte\" width=\"300\" height=\"248\" \/><\/a><\/p>\n<p><strong>\u00c1lvaro Belin Andrade<\/strong><\/p>\n<p><em>Hora Libre<\/em><\/p>\n<p>&nbsp;<\/p>\n<p>Fue en Teotihuac\u00e1n, en presencia de los gobernadores de dos entidades que ocupan los lugares 1 y 3 en n\u00famero de electores, Eruviel \u00c1vila Villegas y Javier Duarte de Ochoa, donde oficialmente comenzaron los Juegos Centroamericanos y del Caribe 2014 y, con ello, la cuenta regresiva para que Veracruz cuente con las instalaciones que servir\u00e1n para las competencias que comenzar\u00e1n dentro de menos de un mes, con la inauguraci\u00f3n en el Estadio Luis \u2018Pirata\u2019 Fuentes, en la ciudad de Veracruz, del primer evento deportivo internacional en tierras jarochas.<\/p>\n<p>En el sitio en que los hombres, al morir, se convert\u00edan en dioses, se hizo la ceremonia del encendido del fuego nuevo, de donde parti\u00f3 la antorcha que recorrer\u00e1 275 kil\u00f3metros, pasar\u00e1 por 11 ciudades, portada por mil deportistas de 31 pa\u00edses que refrendar\u00e1n sus lazos de amistad con M\u00e9xico y Veracruz.<br \/>\nA estas alturas, todas las instalaciones debieron haber sido entregadas al comit\u00e9 organizador. Sin embargo, no es as\u00ed y, tanto en la estructura gubernamental de la entidad como en las federaciones nacionales de cada una de las disciplinas, as\u00ed como en la confederaci\u00f3n regional correspondiente, se muerden las u\u00f1as porque las cosas no marchan como debieran.<br \/>\nLo m\u00e1s seguro es que las cosas se realicen bien, una vez que la fecha fatal se haga una realidad. Sin embargo, por lo pronto no hay certidumbre siquiera sobre que habr\u00e1 los espacios necesarios para el hospedaje de los miles de deportistas y delegaciones que se dar\u00e1n cita en todas las sedes de la miniolimpiada, lo que deja mucho que desear no solo al gobierno estatal, que encabeza el gobernador Javier Duarte de Ochoa, sino tambi\u00e9n al gobierno de Enrique Pe\u00f1a Nieto, porque no son juegos nacionales, pr\u00e1cticamente son los primeros de \u00edndole internacional en que M\u00e9xico (no solo Veracruz), tiene el compromiso de ser anfitri\u00f3n durante la actual Presidencia de la Rep\u00fablica.<br \/>\nQue a un mes de que inicien los JCC se haya implantado un programa para que familias veracruzanas se hagan cargo del hospedaje de deportistas o sus auxiliares nos muestra una realidad de la que hace mucho tiempo estamos hartos los veracruzanos: el gobierno estatal no tiene dinero y, en las \u00faltimas fechas, tampoco tiene cr\u00e9dito de los empresarios, que prefieren tener sus hoteles vac\u00edos, en lugar de financiar a un gobierno que siempre les quedar\u00e1 mal a la hora de tramitar sus facturas.<br \/>\nDesde el punto de vista de las autoridades veracruzanas, muchos apuestan a que los juegos centroamericanos y del Caribe fracasen. Todo lo contrario.<br \/>\nEs cierto que muchas organizaciones sociales est\u00e1n que trinan porque casi todos los programas oficiales en materia de infraestructura, apoyo a la producci\u00f3n y sociales se han detenido porque los escasos recursos se han destinado a cumplir medianamente con las expectativas de este evento deportivo, y miles de empresarios han debido esperar demasiado (y seguir\u00e1n esperando) para que se les paguen sus facturas.<br \/>\nPero, en honor a la verdad, lo que preocupa a muchos es que Veracruz no cumpla adecuadamente con un evento que debiera significar su proyecci\u00f3n internacional, independientemente de que perdimos la oportunidad de lograr instalaciones deportivas de primer mundo, muchas de las cuales debieron reducir sus expectativas o simplemente no construirse.<br \/>\nEn lo personal, espero que al menos no quedemos muy mal con tantos j\u00f3venes que se han preparado al 100 por ciento para hacer un papel destacado en lo deportivo. Habr\u00e1 que recordar que muchas competiciones significan el pasaporte a eventos de \u00edndole mundial.<\/p>\n<p>Comentarios: belin.alvaro@gmail.com<\/p>\n","protected":false},"excerpt":{"rendered":"<p>\u00c1lvaro Belin Andrade Hora Libre &nbsp; Fue en Teotihuac\u00e1n, en presencia de los gobernadores de dos entidades que ocupan los lugares 1 y 3 en n\u00famero de electores, Eruviel \u00c1vila Villegas y Javier Duarte de Ochoa, donde oficialmente comenzaron los Juegos Centroamericanos y del Caribe 2014 y, con ello, la cuenta regresiva para que Veracruz [&hellip;]<\/p>\n","protected":false},"author":2,"featured_media":0,"comment_status":"open","ping_status":"open","sticky":false,"template":"","format":"standard","meta":{"tdm_status":"","tdm_grid_status":"","footnotes":""},"categories":[70],"tags":[281,383,260,276,195],"class_list":{"0":"post-12732","1":"post","2":"type-post","3":"status-publish","4":"format-standard","6":"category-de-opinion","7":"tag-enrique-pena-nieto","8":"tag-eruviel-avila-villegas","9":"tag-javier-duarte-de-ochoa","10":"tag-juegos-centroamericanos-y-del-caribe-2014","11":"tag-veracruz"},"yoast_head":"<!-- This site is optimized with the Yoast SEO plugin v27.4 - https:\/\/yoast.com\/product\/yoast-seo-wordpress\/ -->\n<title>\u00bfYa sientes tus juegos? - Los pol\u00edticos Veracruz<\/title>\n<meta name=\"robots\" content=\"index, follow, max-snippet:-1, max-image-preview:large, max-video-preview:-1\" \/>\n<link rel=\"canonical\" href=\"https:\/\/lospoliticosveracruz.com\/?p=12732\" \/>\n<meta property=\"og:locale\" content=\"es_ES\" \/>\n<meta property=\"og:type\" content=\"article\" \/>\n<meta property=\"og:title\" content=\"\u00bfYa sientes tus juegos? - Los pol\u00edticos Veracruz\" \/>\n<meta property=\"og:description\" content=\"\u00c1lvaro Belin Andrade Hora Libre &nbsp; Fue en Teotihuac\u00e1n, en presencia de los gobernadores de dos entidades que ocupan los lugares 1 y 3 en n\u00famero de electores, Eruviel \u00c1vila Villegas y Javier Duarte de Ochoa, donde oficialmente comenzaron los Juegos Centroamericanos y del Caribe 2014 y, con ello, la cuenta regresiva para que Veracruz [&hellip;]\" \/>\n<meta property=\"og:url\" content=\"https:\/\/lospoliticosveracruz.com\/?p=12732\" \/>\n<meta property=\"og:site_name\" content=\"Los pol\u00edticos Veracruz\" \/>\n<meta property=\"article:publisher\" content=\"https:\/\/www.facebook.com\/people\/Notimemes-de-los-Polticos\/61565672886568\/\" \/>\n<meta property=\"article:published_time\" content=\"2014-10-16T03:44:10+00:00\" \/>\n<meta property=\"og:image\" content=\"http:\/\/www.lospoliticosveracruz.com.mx\/wp-content\/uploads\/2014\/10\/Eruviel-Avila-Javier-Duarte-300x248.jpg\" \/>\n<meta name=\"author\" content=\"Lo viste en Los Pol\u00edticos\" \/>\n<meta name=\"twitter:card\" content=\"summary_large_image\" \/>\n<meta name=\"twitter:creator\" content=\"@LosPoliticosVer\" \/>\n<meta name=\"twitter:site\" content=\"@LosPoliticosVer\" \/>\n<meta name=\"twitter:label1\" content=\"Escrito por\" \/>\n\t<meta name=\"twitter:data1\" content=\"Lo viste en Los Pol\u00edticos\" \/>\n\t<meta name=\"twitter:label2\" content=\"Tiempo de lectura\" \/>\n\t<meta name=\"twitter:data2\" content=\"3 minutos\" \/>\n<script type=\"application\/ld+json\" class=\"yoast-schema-graph\">{\"@context\":\"https:\\\/\\\/schema.org\",\"@graph\":[{\"@type\":\"Article\",\"@id\":\"https:\\\/\\\/lospoliticosveracruz.com\\\/?p=12732#article\",\"isPartOf\":{\"@id\":\"https:\\\/\\\/lospoliticosveracruz.com\\\/?p=12732\"},\"author\":{\"name\":\"Lo viste en Los Pol\u00edticos\",\"@id\":\"https:\\\/\\\/lospoliticosveracruz.com\\\/#\\\/schema\\\/person\\\/b8702bb0e538456e6efd07080bf2a4a2\"},\"headline\":\"\u00bfYa sientes tus juegos?\",\"datePublished\":\"2014-10-16T03:44:10+00:00\",\"mainEntityOfPage\":{\"@id\":\"https:\\\/\\\/lospoliticosveracruz.com\\\/?p=12732\"},\"wordCount\":610,\"commentCount\":0,\"publisher\":{\"@id\":\"https:\\\/\\\/lospoliticosveracruz.com\\\/#organization\"},\"image\":{\"@id\":\"https:\\\/\\\/lospoliticosveracruz.com\\\/?p=12732#primaryimage\"},\"thumbnailUrl\":\"http:\\\/\\\/www.lospoliticosveracruz.com.mx\\\/wp-content\\\/uploads\\\/2014\\\/10\\\/Eruviel-Avila-Javier-Duarte-300x248.jpg\",\"keywords\":[\"Enrique Pe\u00f1a Nieto\",\"Eruviel \u00c1vila Villegas\",\"Javier Duarte de Ochoa\",\"Juegos Centroamericanos y del Caribe 2014\",\"Veracruz\"],\"articleSection\":[\"De Opini\u00f3n\"],\"inLanguage\":\"es\",\"potentialAction\":[{\"@type\":\"CommentAction\",\"name\":\"Comment\",\"target\":[\"https:\\\/\\\/lospoliticosveracruz.com\\\/?p=12732#respond\"]}]},{\"@type\":\"WebPage\",\"@id\":\"https:\\\/\\\/lospoliticosveracruz.com\\\/?p=12732\",\"url\":\"https:\\\/\\\/lospoliticosveracruz.com\\\/?p=12732\",\"name\":\"\u00bfYa sientes tus juegos? - Los pol\u00edticos Veracruz\",\"isPartOf\":{\"@id\":\"https:\\\/\\\/lospoliticosveracruz.com\\\/#website\"},\"primaryImageOfPage\":{\"@id\":\"https:\\\/\\\/lospoliticosveracruz.com\\\/?p=12732#primaryimage\"},\"image\":{\"@id\":\"https:\\\/\\\/lospoliticosveracruz.com\\\/?p=12732#primaryimage\"},\"thumbnailUrl\":\"http:\\\/\\\/www.lospoliticosveracruz.com.mx\\\/wp-content\\\/uploads\\\/2014\\\/10\\\/Eruviel-Avila-Javier-Duarte-300x248.jpg\",\"datePublished\":\"2014-10-16T03:44:10+00:00\",\"breadcrumb\":{\"@id\":\"https:\\\/\\\/lospoliticosveracruz.com\\\/?p=12732#breadcrumb\"},\"inLanguage\":\"es\",\"potentialAction\":[{\"@type\":\"ReadAction\",\"target\":[\"https:\\\/\\\/lospoliticosveracruz.com\\\/?p=12732\"]}]},{\"@type\":\"ImageObject\",\"inLanguage\":\"es\",\"@id\":\"https:\\\/\\\/lospoliticosveracruz.com\\\/?p=12732#primaryimage\",\"url\":\"http:\\\/\\\/www.lospoliticosveracruz.com.mx\\\/wp-content\\\/uploads\\\/2014\\\/10\\\/Eruviel-Avila-Javier-Duarte-300x248.jpg\",\"contentUrl\":\"http:\\\/\\\/www.lospoliticosveracruz.com.mx\\\/wp-content\\\/uploads\\\/2014\\\/10\\\/Eruviel-Avila-Javier-Duarte-300x248.jpg\"},{\"@type\":\"BreadcrumbList\",\"@id\":\"https:\\\/\\\/lospoliticosveracruz.com\\\/?p=12732#breadcrumb\",\"itemListElement\":[{\"@type\":\"ListItem\",\"position\":1,\"name\":\"Portada\",\"item\":\"https:\\\/\\\/lospoliticosveracruz.com\\\/\"},{\"@type\":\"ListItem\",\"position\":2,\"name\":\"\u00bfYa sientes tus juegos?\"}]},{\"@type\":\"WebSite\",\"@id\":\"https:\\\/\\\/lospoliticosveracruz.com\\\/#website\",\"url\":\"https:\\\/\\\/lospoliticosveracruz.com\\\/\",\"name\":\"Los pol\u00edticos Veracruz\",\"description\":\"\",\"publisher\":{\"@id\":\"https:\\\/\\\/lospoliticosveracruz.com\\\/#organization\"},\"potentialAction\":[{\"@type\":\"SearchAction\",\"target\":{\"@type\":\"EntryPoint\",\"urlTemplate\":\"https:\\\/\\\/lospoliticosveracruz.com\\\/?s={search_term_string}\"},\"query-input\":{\"@type\":\"PropertyValueSpecification\",\"valueRequired\":true,\"valueName\":\"search_term_string\"}}],\"inLanguage\":\"es\"},{\"@type\":\"Organization\",\"@id\":\"https:\\\/\\\/lospoliticosveracruz.com\\\/#organization\",\"name\":\"Los pol\u00edticos Veracruz\",\"url\":\"https:\\\/\\\/lospoliticosveracruz.com\\\/\",\"logo\":{\"@type\":\"ImageObject\",\"inLanguage\":\"es\",\"@id\":\"https:\\\/\\\/lospoliticosveracruz.com\\\/#\\\/schema\\\/logo\\\/image\\\/\",\"url\":\"https:\\\/\\\/lospoliticosveracruz.com\\\/wp-content\\\/uploads\\\/2025\\\/12\\\/Logo-Nuevo-LOS-POLITICOS-1.jpg\",\"contentUrl\":\"https:\\\/\\\/lospoliticosveracruz.com\\\/wp-content\\\/uploads\\\/2025\\\/12\\\/Logo-Nuevo-LOS-POLITICOS-1.jpg\",\"width\":260,\"height\":70,\"caption\":\"Los pol\u00edticos Veracruz\"},\"image\":{\"@id\":\"https:\\\/\\\/lospoliticosveracruz.com\\\/#\\\/schema\\\/logo\\\/image\\\/\"},\"sameAs\":[\"https:\\\/\\\/www.facebook.com\\\/people\\\/Notimemes-de-los-Polticos\\\/61565672886568\\\/\",\"https:\\\/\\\/x.com\\\/LosPoliticosVer\"]},{\"@type\":\"Person\",\"@id\":\"https:\\\/\\\/lospoliticosveracruz.com\\\/#\\\/schema\\\/person\\\/b8702bb0e538456e6efd07080bf2a4a2\",\"name\":\"Lo viste en Los Pol\u00edticos\",\"image\":{\"@type\":\"ImageObject\",\"inLanguage\":\"es\",\"@id\":\"https:\\\/\\\/secure.gravatar.com\\\/avatar\\\/3a8de04a2656d44082be478bd6c086daa447c4651605818287b9532d3d0bd435?s=96&d=mm&r=g\",\"url\":\"https:\\\/\\\/secure.gravatar.com\\\/avatar\\\/3a8de04a2656d44082be478bd6c086daa447c4651605818287b9532d3d0bd435?s=96&d=mm&r=g\",\"contentUrl\":\"https:\\\/\\\/secure.gravatar.com\\\/avatar\\\/3a8de04a2656d44082be478bd6c086daa447c4651605818287b9532d3d0bd435?s=96&d=mm&r=g\",\"caption\":\"Lo viste en Los Pol\u00edticos\"},\"url\":\"https:\\\/\\\/lospoliticosveracruz.com\\\/?author=2\"}]}<\/script>\n<!-- \/ Yoast SEO plugin. -->","yoast_head_json":{"title":"\u00bfYa sientes tus juegos? - Los pol\u00edticos Veracruz","robots":{"index":"index","follow":"follow","max-snippet":"max-snippet:-1","max-image-preview":"max-image-preview:large","max-video-preview":"max-video-preview:-1"},"canonical":"https:\/\/lospoliticosveracruz.com\/?p=12732","og_locale":"es_ES","og_type":"article","og_title":"\u00bfYa sientes tus juegos? - Los pol\u00edticos Veracruz","og_description":"\u00c1lvaro Belin Andrade Hora Libre &nbsp; Fue en Teotihuac\u00e1n, en presencia de los gobernadores de dos entidades que ocupan los lugares 1 y 3 en n\u00famero de electores, Eruviel \u00c1vila Villegas y Javier Duarte de Ochoa, donde oficialmente comenzaron los Juegos Centroamericanos y del Caribe 2014 y, con ello, la cuenta regresiva para que Veracruz [&hellip;]","og_url":"https:\/\/lospoliticosveracruz.com\/?p=12732","og_site_name":"Los pol\u00edticos Veracruz","article_publisher":"https:\/\/www.facebook.com\/people\/Notimemes-de-los-Polticos\/61565672886568\/","article_published_time":"2014-10-16T03:44:10+00:00","og_image":[{"url":"http:\/\/www.lospoliticosveracruz.com.mx\/wp-content\/uploads\/2014\/10\/Eruviel-Avila-Javier-Duarte-300x248.jpg","type":"","width":"","height":""}],"author":"Lo viste en Los Pol\u00edticos","twitter_card":"summary_large_image","twitter_creator":"@LosPoliticosVer","twitter_site":"@LosPoliticosVer","twitter_misc":{"Escrito por":"Lo viste en Los Pol\u00edticos","Tiempo de lectura":"3 minutos"},"schema":{"@context":"https:\/\/schema.org","@graph":[{"@type":"Article","@id":"https:\/\/lospoliticosveracruz.com\/?p=12732#article","isPartOf":{"@id":"https:\/\/lospoliticosveracruz.com\/?p=12732"},"author":{"name":"Lo viste en Los Pol\u00edticos","@id":"https:\/\/lospoliticosveracruz.com\/#\/schema\/person\/b8702bb0e538456e6efd07080bf2a4a2"},"headline":"\u00bfYa sientes tus juegos?","datePublished":"2014-10-16T03:44:10+00:00","mainEntityOfPage":{"@id":"https:\/\/lospoliticosveracruz.com\/?p=12732"},"wordCount":610,"commentCount":0,"publisher":{"@id":"https:\/\/lospoliticosveracruz.com\/#organization"},"image":{"@id":"https:\/\/lospoliticosveracruz.com\/?p=12732#primaryimage"},"thumbnailUrl":"http:\/\/www.lospoliticosveracruz.com.mx\/wp-content\/uploads\/2014\/10\/Eruviel-Avila-Javier-Duarte-300x248.jpg","keywords":["Enrique Pe\u00f1a Nieto","Eruviel \u00c1vila Villegas","Javier Duarte de Ochoa","Juegos Centroamericanos y del Caribe 2014","Veracruz"],"articleSection":["De Opini\u00f3n"],"inLanguage":"es","potentialAction":[{"@type":"CommentAction","name":"Comment","target":["https:\/\/lospoliticosveracruz.com\/?p=12732#respond"]}]},{"@type":"WebPage","@id":"https:\/\/lospoliticosveracruz.com\/?p=12732","url":"https:\/\/lospoliticosveracruz.com\/?p=12732","name":"\u00bfYa sientes tus juegos? - Los pol\u00edticos Veracruz","isPartOf":{"@id":"https:\/\/lospoliticosveracruz.com\/#website"},"primaryImageOfPage":{"@id":"https:\/\/lospoliticosveracruz.com\/?p=12732#primaryimage"},"image":{"@id":"https:\/\/lospoliticosveracruz.com\/?p=12732#primaryimage"},"thumbnailUrl":"http:\/\/www.lospoliticosveracruz.com.mx\/wp-content\/uploads\/2014\/10\/Eruviel-Avila-Javier-Duarte-300x248.jpg","datePublished":"2014-10-16T03:44:10+00:00","breadcrumb":{"@id":"https:\/\/lospoliticosveracruz.com\/?p=12732#breadcrumb"},"inLanguage":"es","potentialAction":[{"@type":"ReadAction","target":["https:\/\/lospoliticosveracruz.com\/?p=12732"]}]},{"@type":"ImageObject","inLanguage":"es","@id":"https:\/\/lospoliticosveracruz.com\/?p=12732#primaryimage","url":"http:\/\/www.lospoliticosveracruz.com.mx\/wp-content\/uploads\/2014\/10\/Eruviel-Avila-Javier-Duarte-300x248.jpg","contentUrl":"http:\/\/www.lospoliticosveracruz.com.mx\/wp-content\/uploads\/2014\/10\/Eruviel-Avila-Javier-Duarte-300x248.jpg"},{"@type":"BreadcrumbList","@id":"https:\/\/lospoliticosveracruz.com\/?p=12732#breadcrumb","itemListElement":[{"@type":"ListItem","position":1,"name":"Portada","item":"https:\/\/lospoliticosveracruz.com\/"},{"@type":"ListItem","position":2,"name":"\u00bfYa sientes tus juegos?"}]},{"@type":"WebSite","@id":"https:\/\/lospoliticosveracruz.com\/#website","url":"https:\/\/lospoliticosveracruz.com\/","name":"Los pol\u00edticos Veracruz","description":"","publisher":{"@id":"https:\/\/lospoliticosveracruz.com\/#organization"},"potentialAction":[{"@type":"SearchAction","target":{"@type":"EntryPoint","urlTemplate":"https:\/\/lospoliticosveracruz.com\/?s={search_term_string}"},"query-input":{"@type":"PropertyValueSpecification","valueRequired":true,"valueName":"search_term_string"}}],"inLanguage":"es"},{"@type":"Organization","@id":"https:\/\/lospoliticosveracruz.com\/#organization","name":"Los pol\u00edticos Veracruz","url":"https:\/\/lospoliticosveracruz.com\/","logo":{"@type":"ImageObject","inLanguage":"es","@id":"https:\/\/lospoliticosveracruz.com\/#\/schema\/logo\/image\/","url":"https:\/\/lospoliticosveracruz.com\/wp-content\/uploads\/2025\/12\/Logo-Nuevo-LOS-POLITICOS-1.jpg","contentUrl":"https:\/\/lospoliticosveracruz.com\/wp-content\/uploads\/2025\/12\/Logo-Nuevo-LOS-POLITICOS-1.jpg","width":260,"height":70,"caption":"Los pol\u00edticos Veracruz"},"image":{"@id":"https:\/\/lospoliticosveracruz.com\/#\/schema\/logo\/image\/"},"sameAs":["https:\/\/www.facebook.com\/people\/Notimemes-de-los-Polticos\/61565672886568\/","https:\/\/x.com\/LosPoliticosVer"]},{"@type":"Person","@id":"https:\/\/lospoliticosveracruz.com\/#\/schema\/person\/b8702bb0e538456e6efd07080bf2a4a2","name":"Lo viste en Los Pol\u00edticos","image":{"@type":"ImageObject","inLanguage":"es","@id":"https:\/\/secure.gravatar.com\/avatar\/3a8de04a2656d44082be478bd6c086daa447c4651605818287b9532d3d0bd435?s=96&d=mm&r=g","url":"https:\/\/secure.gravatar.com\/avatar\/3a8de04a2656d44082be478bd6c086daa447c4651605818287b9532d3d0bd435?s=96&d=mm&r=g","contentUrl":"https:\/\/secure.gravatar.com\/avatar\/3a8de04a2656d44082be478bd6c086daa447c4651605818287b9532d3d0bd435?s=96&d=mm&r=g","caption":"Lo viste en Los Pol\u00edticos"},"url":"https:\/\/lospoliticosveracruz.com\/?author=2"}]}},"_links":{"self":[{"href":"https:\/\/lospoliticosveracruz.com\/index.php?rest_route=\/wp\/v2\/posts\/12732","targetHints":{"allow":["GET"]}}],"collection":[{"href":"https:\/\/lospoliticosveracruz.com\/index.php?rest_route=\/wp\/v2\/posts"}],"about":[{"href":"https:\/\/lospoliticosveracruz.com\/index.php?rest_route=\/wp\/v2\/types\/post"}],"author":[{"embeddable":true,"href":"https:\/\/lospoliticosveracruz.com\/index.php?rest_route=\/wp\/v2\/users\/2"}],"replies":[{"embeddable":true,"href":"https:\/\/lospoliticosveracruz.com\/index.php?rest_route=%2Fwp%2Fv2%2Fcomments&post=12732"}],"version-history":[{"count":1,"href":"https:\/\/lospoliticosveracruz.com\/index.php?rest_route=\/wp\/v2\/posts\/12732\/revisions"}],"predecessor-version":[{"id":12734,"href":"https:\/\/lospoliticosveracruz.com\/index.php?rest_route=\/wp\/v2\/posts\/12732\/revisions\/12734"}],"wp:attachment":[{"href":"https:\/\/lospoliticosveracruz.com\/index.php?rest_route=%2Fwp%2Fv2%2Fmedia&parent=12732"}],"wp:term":[{"taxonomy":"category","embeddable":true,"href":"https:\/\/lospoliticosveracruz.com\/index.php?rest_route=%2Fwp%2Fv2%2Fcategories&post=12732"},{"taxonomy":"post_tag","embeddable":true,"href":"https:\/\/lospoliticosveracruz.com\/index.php?rest_route=%2Fwp%2Fv2%2Ftags&post=12732"}],"curies":[{"name":"wp","href":"https:\/\/api.w.org\/{rel}","templated":true}]}}