{"id":127381,"date":"2024-07-13T13:08:08","date_gmt":"2024-07-13T18:08:08","guid":{"rendered":"https:\/\/lospoliticosveracruz.com.mx\/?p=127381"},"modified":"2024-07-13T13:08:22","modified_gmt":"2024-07-13T18:08:22","slug":"no-suelta-a-la-tia-chio","status":"publish","type":"post","link":"https:\/\/lospoliticosveracruz.com\/?p=127381","title":{"rendered":"NO SUELTA A LA T\u00cdA CH\u00cdO!"},"content":{"rendered":"\n<p><strong>Oved Contreras<\/strong><br><em>Secas Mecas<\/em><\/p>\n\n\n\n<p>El empresario Arturo Castagn\u00e9 no suelta a la t\u00eda Ch\u00edo aunque ya sea gobernadora electa y se prepare para tomar el control del estado\u2026el activista dio a conocer ayer que la Unidad de Inteligencia Financiera ya dio respuesta de la denuncia en contra de la se\u00f1ora @rocionahle , su esposo Jos\u00e9 Luis Pe\u00f1a Pe\u00f1a y su sobrina Maribel Hoyos Pe\u00f1a en la cual se le notifica que dicha Unidad se encuentra \u201cmaterial y jur\u00eddicamente imposibilitada para atenderla\u201d.<\/p>\n\n\n\n<p>En la denuncia, dice que claramente expone que con el sueldo que la se\u00f1ora y su esposo declararon es imposible adquirir los inmuebles de su propiedad, (Casas, terrenos y departamentos), lo mismo que su sobrina Maribel a quien mencionan como propietaria de la Mansi\u00f3n del fraccionamiento \u201cEl Dorado\u201d municipio de Boca Del R\u00edo.<\/p>\n\n\n\n<p>\u201cQue podemos esperar de este gobierno que se va con todo contra quien considera sus enemigos o adversarios dej\u00e1ndoles caer todo el peso de la ley, pero para sus aliados o part\u00edcipes, no solo perd\u00f3n, los premia con un cargo p\u00fablico del cual legalmente estar\u00edan impedidos ocupar hasta que se haga una investigaci\u00f3n y se determine su responsabilidad\u201d, escribi\u00f3 Arturo Castagn\u00e9 en sus redes.<\/p>\n\n\n\n<p>El Oficio de la Unidad de Inteligencia Financiera no menciona el nombre de la persona quien lo env\u00eda y firma, tiene fecha del d\u00eda 04 de Junio 2024 y apenas le fue entregado, pero es evidente que la autoridad se niega investigar a las personas mencionadas a pesar de presentar las denuncias correspondientes, acompa\u00f1adas de pruebas contundentes.<\/p>\n\n\n\n<p>Arturo Castagn\u00e9 exhort\u00f3 a la t\u00eda Ch\u00edo que deber\u00eda hacer lo que recomienda, someterse ante la autoridad y aclarar su riqueza inexplicable, son muchas las pruebas que se aportaron y las denuncias est\u00e1n presentadas, obviamente hoy se siente intocable pero que algo si le puede asegurar, que ella podr\u00e1 ejercer todo el poder del Estado en contra de su denunciante \u201cpero YO tengo la raz\u00f3n de mi lado y son muy necio, NO DESISTIR\u00c9, seguir\u00e9 presentando un mayor n\u00famero de pruebas y denuncias en su contra\u201d.<\/p>\n\n\n\n<p>QU\u00c9 S\u00cd HAY ORDEN\u2026luego de una audiencia que dur\u00f3 m\u00e1s de seis horas y que el juez suspendi\u00f3 por tiempo indefinido, trascendi\u00f3 que en las primeras horas de ayer viernes liberaron orden de aprehensi\u00f3n contra Chikiyunes: los delitos y las supuestas pruebas presentadas por la fiscal\u00eda son lo de menos\u2026la orden del r\u00e9gimen es apresarlo para impedir que rinda protesta como senador y que se les cumpla de ver por fin a un Yunes en la c\u00e1rcel pero el otro no est\u00e1 manco y ya les dijo que no lo van a doblar.<\/p>\n\n\n\n<p>La madrugada de ayer fue solicitada la orden de aprehensi\u00f3n&nbsp;por la Fiscal\u00eda, la cual fue concedida por el juez de control Oscar Luis Lozada Hern\u00e1ndez, quien horas antes encabez\u00f3 a distancia la audiencia inicial del panista para enfrentar las imputaciones por los delitos de uso de documento falso,&nbsp;falsedad&nbsp;ante la autoridad y fraude procesal.<\/p>\n\n\n\n<p>En un comunicado, Yunes M\u00e1rquez confirm\u00f3 la acci\u00f3n en su contra y manifest\u00f3 que \u201clos veracruzanos merecemos vivir bajo el imperio de la ley, no bajo el imperio de los caprichos. Lo que vivimos hoy es sumamente preocupante. Cualquier ciudadano, no solo yo, puede ser objeto de la acusaci\u00f3n que sea y despu\u00e9s ir a la c\u00e1rcel, sin posibilidades de defenderse\u201d.<\/p>\n\n\n\n<p>En la audiencia de este jueves, Chikiyunes dice que fue part\u00edcipe y testigo de los abusos que se cometen y de la falta de \u00e9tica, compromiso con la ley y falta de verg\u00fcenza de jueces locales y fiscales. Su comportamiento no es el que corresponde a su responsabilidad; no son dignos, son lacayos, serviles al poder, no les importa violentar la ley y hacer el rid\u00edculo, quieren \u2018quedar bien\u2019, ese es su objetivo, no hacer justicia.<\/p>\n\n\n\n<p>Afirma que el juez decidi\u00f3 suspender la audiencia a sus espaldas, cuando tuvo que ir a que le administraran un analg\u00e9sico despu\u00e9s de m\u00e1s de seis horas de audiencia, y lo hizo para poder dictar orden de aprehensi\u00f3n y as\u00ed poder acudir de rodillas ante sus jefes \u201cy decirles: deber cumplido, ya lo hice, ahora quiero ser magistrado. \u00a1Qu\u00e9 poca verg\u00fcenza! No s\u00e9 c\u00f3mo podr\u00e1n ver a los ojos a sus hijos y a su familia\u201d.<\/p>\n\n\n\n<p>Y aunque ya presumen que echar\u00e1n a andar todo el aparato para detenerlo, Chikiyunes les responde que se va a defender con el valor y dignidad que no tienen ni Cuitl\u00e1huac ni la t\u00eda Ch\u00edo, y adelanta que \u201cse les borrar\u00e1 su risa burlona y sus expresiones sarc\u00e1sticas, no tengan duda\u201d.<\/p>\n\n\n\n<p>SOLO DOS DETENIDOS\u2026de toda la gresca que armaron polic\u00edas estatales contra campesinos que reclamaban su agua en Totalco, ahora resulta que la fiscal\u00eda estatal solo detuvo a dos uniformados por los hechos de violencia\u2026se trata de Juan Carlos y Joel, polic\u00edas de la Fuerza Civil de Veracruz, que ahora enfrentan cargos por el delito de abuso de autoridad, ocasionada durante la represi\u00f3n contra manifestantes que exig\u00edan el cierre de Granjas Carroll en Totalco.<\/p>\n\n\n\n<p>En los hechos violentas fueron asesinados dos manifestantes adem\u00e1s de que la polic\u00eda estatal ingres\u00f3 a viviendas sin orden judicial. Los hechos ocurrieron el 20 de junio en Totalco, municipio de Perote, mientras ambos se desempe\u00f1aban como miembros de ese grupo de la Secretar\u00eda de Seguridad P\u00fablica. Los acusados ser\u00e1n presentados ante un juez de procedimiento penal oral en la Fiscal\u00eda Regional de Xalapa para determinar su situaci\u00f3n jur\u00eddica dentro del proceso penal 337\/2024-I.<\/p>\n\n\n\n<p>El incidente se relaciona con el asesinato de los hermanos Alberto y Jorge Cortina V\u00e1zquez, quienes presuntamente fueron abatidos a tiros por los polic\u00edas de Veracruz.<br>Seg\u00fan testimonios, los hermanos no participaban en el bloqueo que realizaban campesinos de San Antonio Lim\u00f3n Totalco contra la empresa Granjas Carroll, acusada de contaminar y extraer agua de sus cultivos.<\/p>\n\n\n\n<p>Al enfrentarse a la resistencia de los manifestantes, los polic\u00edas habr\u00edan comenzado a disparar. Los pobladores informaron que intentaron refugiarse en sus casas, pero fueron perseguidos por elementos de la extinta Fuerza Civil y Polic\u00eda Estatal, quienes irrumpieron en las viviendas sin orden de carro disparando y dejando al menos dos campesinos m\u00e1s heridos\u2026de los abusos cometidos por la fuerza civil, hoy solo presentan a dos detenidos y la impunidad para el resto incluyendo mandos superiores que dieron la orden de reprimir con violencia\u2026no hay hasta ahora ninguna renuncia por los hechos en la Secretar\u00eda de Seguridad P\u00fablica.<\/p>\n","protected":false},"excerpt":{"rendered":"<p>Oved ContrerasSecas Mecas El empresario Arturo Castagn\u00e9 no suelta a la t\u00eda Ch\u00edo aunque ya sea gobernadora electa y se prepare para tomar el control del estado\u2026el activista dio a conocer ayer que la Unidad de Inteligencia Financiera ya dio respuesta de la denuncia en contra de la se\u00f1ora @rocionahle , su esposo Jos\u00e9 Luis [&hellip;]<\/p>\n","protected":false},"author":2,"featured_media":119816,"comment_status":"closed","ping_status":"closed","sticky":false,"template":"","format":"standard","meta":{"tdm_status":"","tdm_grid_status":"","footnotes":""},"categories":[70],"tags":[13126,536,1026,3578,15674,195],"class_list":{"0":"post-127381","1":"post","2":"type-post","3":"status-publish","4":"format-standard","5":"has-post-thumbnail","7":"category-de-opinion","8":"tag-granjas-carroll","9":"tag-miguel-angel-yunes-marquez","10":"tag-morena","11":"tag-rocio-nahle","12":"tag-uif","13":"tag-veracruz"},"yoast_head":"<!-- This site is optimized with the Yoast SEO plugin v27.4 - https:\/\/yoast.com\/product\/yoast-seo-wordpress\/ -->\n<title>NO SUELTA A LA T\u00cdA CH\u00cdO! - Los pol\u00edticos Veracruz<\/title>\n<meta name=\"robots\" content=\"index, follow, max-snippet:-1, max-image-preview:large, max-video-preview:-1\" \/>\n<link rel=\"canonical\" href=\"https:\/\/lospoliticosveracruz.com\/?p=127381\" \/>\n<meta property=\"og:locale\" content=\"es_ES\" \/>\n<meta property=\"og:type\" content=\"article\" \/>\n<meta property=\"og:title\" content=\"NO SUELTA A LA T\u00cdA CH\u00cdO! - Los pol\u00edticos Veracruz\" \/>\n<meta property=\"og:description\" content=\"Oved ContrerasSecas Mecas El empresario Arturo Castagn\u00e9 no suelta a la t\u00eda Ch\u00edo aunque ya sea gobernadora electa y se prepare para tomar el control del estado\u2026el activista dio a conocer ayer que la Unidad de Inteligencia Financiera ya dio respuesta de la denuncia en contra de la se\u00f1ora @rocionahle , su esposo Jos\u00e9 Luis [&hellip;]\" \/>\n<meta property=\"og:url\" content=\"https:\/\/lospoliticosveracruz.com\/?p=127381\" \/>\n<meta property=\"og:site_name\" content=\"Los pol\u00edticos Veracruz\" \/>\n<meta property=\"article:publisher\" content=\"https:\/\/www.facebook.com\/people\/Notimemes-de-los-Polticos\/61565672886568\/\" \/>\n<meta property=\"article:published_time\" content=\"2024-07-13T18:08:08+00:00\" \/>\n<meta property=\"article:modified_time\" content=\"2024-07-13T18:08:22+00:00\" \/>\n<meta property=\"og:image\" content=\"https:\/\/lospoliticosveracruz.com\/wp-content\/uploads\/2024\/03\/Oved-Contreras.jpg\" \/>\n\t<meta property=\"og:image:width\" content=\"1250\" \/>\n\t<meta property=\"og:image:height\" content=\"667\" \/>\n\t<meta property=\"og:image:type\" content=\"image\/jpeg\" \/>\n<meta name=\"author\" content=\"Lo viste en Los Pol\u00edticos\" \/>\n<meta name=\"twitter:card\" content=\"summary_large_image\" \/>\n<meta name=\"twitter:creator\" content=\"@LosPoliticosVer\" \/>\n<meta name=\"twitter:site\" content=\"@LosPoliticosVer\" \/>\n<meta name=\"twitter:label1\" content=\"Escrito por\" \/>\n\t<meta name=\"twitter:data1\" content=\"Lo viste en Los Pol\u00edticos\" \/>\n\t<meta name=\"twitter:label2\" content=\"Tiempo de lectura\" \/>\n\t<meta name=\"twitter:data2\" content=\"6 minutos\" \/>\n<script type=\"application\/ld+json\" class=\"yoast-schema-graph\">{\"@context\":\"https:\\\/\\\/schema.org\",\"@graph\":[{\"@type\":\"Article\",\"@id\":\"https:\\\/\\\/lospoliticosveracruz.com\\\/?p=127381#article\",\"isPartOf\":{\"@id\":\"https:\\\/\\\/lospoliticosveracruz.com\\\/?p=127381\"},\"author\":{\"name\":\"Lo viste en Los Pol\u00edticos\",\"@id\":\"https:\\\/\\\/lospoliticosveracruz.com\\\/#\\\/schema\\\/person\\\/b8702bb0e538456e6efd07080bf2a4a2\"},\"headline\":\"NO SUELTA A LA T\u00cdA CH\u00cdO!\",\"datePublished\":\"2024-07-13T18:08:08+00:00\",\"dateModified\":\"2024-07-13T18:08:22+00:00\",\"mainEntityOfPage\":{\"@id\":\"https:\\\/\\\/lospoliticosveracruz.com\\\/?p=127381\"},\"wordCount\":1147,\"publisher\":{\"@id\":\"https:\\\/\\\/lospoliticosveracruz.com\\\/#organization\"},\"image\":{\"@id\":\"https:\\\/\\\/lospoliticosveracruz.com\\\/?p=127381#primaryimage\"},\"thumbnailUrl\":\"https:\\\/\\\/lospoliticosveracruz.com\\\/wp-content\\\/uploads\\\/2024\\\/03\\\/Oved-Contreras.jpg\",\"keywords\":[\"Granjas Carroll\",\"Miguel \u00c1ngel Yunes M\u00e1rquez\",\"Morena\",\"Roc\u00edo Nahle\",\"UIF\",\"Veracruz\"],\"articleSection\":[\"De Opini\u00f3n\"],\"inLanguage\":\"es\"},{\"@type\":\"WebPage\",\"@id\":\"https:\\\/\\\/lospoliticosveracruz.com\\\/?p=127381\",\"url\":\"https:\\\/\\\/lospoliticosveracruz.com\\\/?p=127381\",\"name\":\"NO SUELTA A LA T\u00cdA CH\u00cdO! - Los pol\u00edticos Veracruz\",\"isPartOf\":{\"@id\":\"https:\\\/\\\/lospoliticosveracruz.com\\\/#website\"},\"primaryImageOfPage\":{\"@id\":\"https:\\\/\\\/lospoliticosveracruz.com\\\/?p=127381#primaryimage\"},\"image\":{\"@id\":\"https:\\\/\\\/lospoliticosveracruz.com\\\/?p=127381#primaryimage\"},\"thumbnailUrl\":\"https:\\\/\\\/lospoliticosveracruz.com\\\/wp-content\\\/uploads\\\/2024\\\/03\\\/Oved-Contreras.jpg\",\"datePublished\":\"2024-07-13T18:08:08+00:00\",\"dateModified\":\"2024-07-13T18:08:22+00:00\",\"breadcrumb\":{\"@id\":\"https:\\\/\\\/lospoliticosveracruz.com\\\/?p=127381#breadcrumb\"},\"inLanguage\":\"es\",\"potentialAction\":[{\"@type\":\"ReadAction\",\"target\":[\"https:\\\/\\\/lospoliticosveracruz.com\\\/?p=127381\"]}]},{\"@type\":\"ImageObject\",\"inLanguage\":\"es\",\"@id\":\"https:\\\/\\\/lospoliticosveracruz.com\\\/?p=127381#primaryimage\",\"url\":\"https:\\\/\\\/lospoliticosveracruz.com\\\/wp-content\\\/uploads\\\/2024\\\/03\\\/Oved-Contreras.jpg\",\"contentUrl\":\"https:\\\/\\\/lospoliticosveracruz.com\\\/wp-content\\\/uploads\\\/2024\\\/03\\\/Oved-Contreras.jpg\",\"width\":1250,\"height\":667},{\"@type\":\"BreadcrumbList\",\"@id\":\"https:\\\/\\\/lospoliticosveracruz.com\\\/?p=127381#breadcrumb\",\"itemListElement\":[{\"@type\":\"ListItem\",\"position\":1,\"name\":\"Portada\",\"item\":\"https:\\\/\\\/lospoliticosveracruz.com\\\/\"},{\"@type\":\"ListItem\",\"position\":2,\"name\":\"NO SUELTA A LA T\u00cdA CH\u00cdO!\"}]},{\"@type\":\"WebSite\",\"@id\":\"https:\\\/\\\/lospoliticosveracruz.com\\\/#website\",\"url\":\"https:\\\/\\\/lospoliticosveracruz.com\\\/\",\"name\":\"Los pol\u00edticos Veracruz\",\"description\":\"\",\"publisher\":{\"@id\":\"https:\\\/\\\/lospoliticosveracruz.com\\\/#organization\"},\"potentialAction\":[{\"@type\":\"SearchAction\",\"target\":{\"@type\":\"EntryPoint\",\"urlTemplate\":\"https:\\\/\\\/lospoliticosveracruz.com\\\/?s={search_term_string}\"},\"query-input\":{\"@type\":\"PropertyValueSpecification\",\"valueRequired\":true,\"valueName\":\"search_term_string\"}}],\"inLanguage\":\"es\"},{\"@type\":\"Organization\",\"@id\":\"https:\\\/\\\/lospoliticosveracruz.com\\\/#organization\",\"name\":\"Los pol\u00edticos Veracruz\",\"url\":\"https:\\\/\\\/lospoliticosveracruz.com\\\/\",\"logo\":{\"@type\":\"ImageObject\",\"inLanguage\":\"es\",\"@id\":\"https:\\\/\\\/lospoliticosveracruz.com\\\/#\\\/schema\\\/logo\\\/image\\\/\",\"url\":\"https:\\\/\\\/lospoliticosveracruz.com\\\/wp-content\\\/uploads\\\/2025\\\/12\\\/Logo-Nuevo-LOS-POLITICOS-1.jpg\",\"contentUrl\":\"https:\\\/\\\/lospoliticosveracruz.com\\\/wp-content\\\/uploads\\\/2025\\\/12\\\/Logo-Nuevo-LOS-POLITICOS-1.jpg\",\"width\":260,\"height\":70,\"caption\":\"Los pol\u00edticos Veracruz\"},\"image\":{\"@id\":\"https:\\\/\\\/lospoliticosveracruz.com\\\/#\\\/schema\\\/logo\\\/image\\\/\"},\"sameAs\":[\"https:\\\/\\\/www.facebook.com\\\/people\\\/Notimemes-de-los-Polticos\\\/61565672886568\\\/\",\"https:\\\/\\\/x.com\\\/LosPoliticosVer\"]},{\"@type\":\"Person\",\"@id\":\"https:\\\/\\\/lospoliticosveracruz.com\\\/#\\\/schema\\\/person\\\/b8702bb0e538456e6efd07080bf2a4a2\",\"name\":\"Lo viste en Los Pol\u00edticos\",\"image\":{\"@type\":\"ImageObject\",\"inLanguage\":\"es\",\"@id\":\"https:\\\/\\\/secure.gravatar.com\\\/avatar\\\/3a8de04a2656d44082be478bd6c086daa447c4651605818287b9532d3d0bd435?s=96&d=mm&r=g\",\"url\":\"https:\\\/\\\/secure.gravatar.com\\\/avatar\\\/3a8de04a2656d44082be478bd6c086daa447c4651605818287b9532d3d0bd435?s=96&d=mm&r=g\",\"contentUrl\":\"https:\\\/\\\/secure.gravatar.com\\\/avatar\\\/3a8de04a2656d44082be478bd6c086daa447c4651605818287b9532d3d0bd435?s=96&d=mm&r=g\",\"caption\":\"Lo viste en Los Pol\u00edticos\"},\"url\":\"https:\\\/\\\/lospoliticosveracruz.com\\\/?author=2\"}]}<\/script>\n<!-- \/ Yoast SEO plugin. -->","yoast_head_json":{"title":"NO SUELTA A LA T\u00cdA CH\u00cdO! - Los pol\u00edticos Veracruz","robots":{"index":"index","follow":"follow","max-snippet":"max-snippet:-1","max-image-preview":"max-image-preview:large","max-video-preview":"max-video-preview:-1"},"canonical":"https:\/\/lospoliticosveracruz.com\/?p=127381","og_locale":"es_ES","og_type":"article","og_title":"NO SUELTA A LA T\u00cdA CH\u00cdO! - Los pol\u00edticos Veracruz","og_description":"Oved ContrerasSecas Mecas El empresario Arturo Castagn\u00e9 no suelta a la t\u00eda Ch\u00edo aunque ya sea gobernadora electa y se prepare para tomar el control del estado\u2026el activista dio a conocer ayer que la Unidad de Inteligencia Financiera ya dio respuesta de la denuncia en contra de la se\u00f1ora @rocionahle , su esposo Jos\u00e9 Luis [&hellip;]","og_url":"https:\/\/lospoliticosveracruz.com\/?p=127381","og_site_name":"Los pol\u00edticos Veracruz","article_publisher":"https:\/\/www.facebook.com\/people\/Notimemes-de-los-Polticos\/61565672886568\/","article_published_time":"2024-07-13T18:08:08+00:00","article_modified_time":"2024-07-13T18:08:22+00:00","og_image":[{"width":1250,"height":667,"url":"https:\/\/lospoliticosveracruz.com\/wp-content\/uploads\/2024\/03\/Oved-Contreras.jpg","type":"image\/jpeg"}],"author":"Lo viste en Los Pol\u00edticos","twitter_card":"summary_large_image","twitter_creator":"@LosPoliticosVer","twitter_site":"@LosPoliticosVer","twitter_misc":{"Escrito por":"Lo viste en Los Pol\u00edticos","Tiempo de lectura":"6 minutos"},"schema":{"@context":"https:\/\/schema.org","@graph":[{"@type":"Article","@id":"https:\/\/lospoliticosveracruz.com\/?p=127381#article","isPartOf":{"@id":"https:\/\/lospoliticosveracruz.com\/?p=127381"},"author":{"name":"Lo viste en Los Pol\u00edticos","@id":"https:\/\/lospoliticosveracruz.com\/#\/schema\/person\/b8702bb0e538456e6efd07080bf2a4a2"},"headline":"NO SUELTA A LA T\u00cdA CH\u00cdO!","datePublished":"2024-07-13T18:08:08+00:00","dateModified":"2024-07-13T18:08:22+00:00","mainEntityOfPage":{"@id":"https:\/\/lospoliticosveracruz.com\/?p=127381"},"wordCount":1147,"publisher":{"@id":"https:\/\/lospoliticosveracruz.com\/#organization"},"image":{"@id":"https:\/\/lospoliticosveracruz.com\/?p=127381#primaryimage"},"thumbnailUrl":"https:\/\/lospoliticosveracruz.com\/wp-content\/uploads\/2024\/03\/Oved-Contreras.jpg","keywords":["Granjas Carroll","Miguel \u00c1ngel Yunes M\u00e1rquez","Morena","Roc\u00edo Nahle","UIF","Veracruz"],"articleSection":["De Opini\u00f3n"],"inLanguage":"es"},{"@type":"WebPage","@id":"https:\/\/lospoliticosveracruz.com\/?p=127381","url":"https:\/\/lospoliticosveracruz.com\/?p=127381","name":"NO SUELTA A LA T\u00cdA CH\u00cdO! - Los pol\u00edticos Veracruz","isPartOf":{"@id":"https:\/\/lospoliticosveracruz.com\/#website"},"primaryImageOfPage":{"@id":"https:\/\/lospoliticosveracruz.com\/?p=127381#primaryimage"},"image":{"@id":"https:\/\/lospoliticosveracruz.com\/?p=127381#primaryimage"},"thumbnailUrl":"https:\/\/lospoliticosveracruz.com\/wp-content\/uploads\/2024\/03\/Oved-Contreras.jpg","datePublished":"2024-07-13T18:08:08+00:00","dateModified":"2024-07-13T18:08:22+00:00","breadcrumb":{"@id":"https:\/\/lospoliticosveracruz.com\/?p=127381#breadcrumb"},"inLanguage":"es","potentialAction":[{"@type":"ReadAction","target":["https:\/\/lospoliticosveracruz.com\/?p=127381"]}]},{"@type":"ImageObject","inLanguage":"es","@id":"https:\/\/lospoliticosveracruz.com\/?p=127381#primaryimage","url":"https:\/\/lospoliticosveracruz.com\/wp-content\/uploads\/2024\/03\/Oved-Contreras.jpg","contentUrl":"https:\/\/lospoliticosveracruz.com\/wp-content\/uploads\/2024\/03\/Oved-Contreras.jpg","width":1250,"height":667},{"@type":"BreadcrumbList","@id":"https:\/\/lospoliticosveracruz.com\/?p=127381#breadcrumb","itemListElement":[{"@type":"ListItem","position":1,"name":"Portada","item":"https:\/\/lospoliticosveracruz.com\/"},{"@type":"ListItem","position":2,"name":"NO SUELTA A LA T\u00cdA CH\u00cdO!"}]},{"@type":"WebSite","@id":"https:\/\/lospoliticosveracruz.com\/#website","url":"https:\/\/lospoliticosveracruz.com\/","name":"Los pol\u00edticos Veracruz","description":"","publisher":{"@id":"https:\/\/lospoliticosveracruz.com\/#organization"},"potentialAction":[{"@type":"SearchAction","target":{"@type":"EntryPoint","urlTemplate":"https:\/\/lospoliticosveracruz.com\/?s={search_term_string}"},"query-input":{"@type":"PropertyValueSpecification","valueRequired":true,"valueName":"search_term_string"}}],"inLanguage":"es"},{"@type":"Organization","@id":"https:\/\/lospoliticosveracruz.com\/#organization","name":"Los pol\u00edticos Veracruz","url":"https:\/\/lospoliticosveracruz.com\/","logo":{"@type":"ImageObject","inLanguage":"es","@id":"https:\/\/lospoliticosveracruz.com\/#\/schema\/logo\/image\/","url":"https:\/\/lospoliticosveracruz.com\/wp-content\/uploads\/2025\/12\/Logo-Nuevo-LOS-POLITICOS-1.jpg","contentUrl":"https:\/\/lospoliticosveracruz.com\/wp-content\/uploads\/2025\/12\/Logo-Nuevo-LOS-POLITICOS-1.jpg","width":260,"height":70,"caption":"Los pol\u00edticos Veracruz"},"image":{"@id":"https:\/\/lospoliticosveracruz.com\/#\/schema\/logo\/image\/"},"sameAs":["https:\/\/www.facebook.com\/people\/Notimemes-de-los-Polticos\/61565672886568\/","https:\/\/x.com\/LosPoliticosVer"]},{"@type":"Person","@id":"https:\/\/lospoliticosveracruz.com\/#\/schema\/person\/b8702bb0e538456e6efd07080bf2a4a2","name":"Lo viste en Los Pol\u00edticos","image":{"@type":"ImageObject","inLanguage":"es","@id":"https:\/\/secure.gravatar.com\/avatar\/3a8de04a2656d44082be478bd6c086daa447c4651605818287b9532d3d0bd435?s=96&d=mm&r=g","url":"https:\/\/secure.gravatar.com\/avatar\/3a8de04a2656d44082be478bd6c086daa447c4651605818287b9532d3d0bd435?s=96&d=mm&r=g","contentUrl":"https:\/\/secure.gravatar.com\/avatar\/3a8de04a2656d44082be478bd6c086daa447c4651605818287b9532d3d0bd435?s=96&d=mm&r=g","caption":"Lo viste en Los Pol\u00edticos"},"url":"https:\/\/lospoliticosveracruz.com\/?author=2"}]}},"_links":{"self":[{"href":"https:\/\/lospoliticosveracruz.com\/index.php?rest_route=\/wp\/v2\/posts\/127381","targetHints":{"allow":["GET"]}}],"collection":[{"href":"https:\/\/lospoliticosveracruz.com\/index.php?rest_route=\/wp\/v2\/posts"}],"about":[{"href":"https:\/\/lospoliticosveracruz.com\/index.php?rest_route=\/wp\/v2\/types\/post"}],"author":[{"embeddable":true,"href":"https:\/\/lospoliticosveracruz.com\/index.php?rest_route=\/wp\/v2\/users\/2"}],"replies":[{"embeddable":true,"href":"https:\/\/lospoliticosveracruz.com\/index.php?rest_route=%2Fwp%2Fv2%2Fcomments&post=127381"}],"version-history":[{"count":1,"href":"https:\/\/lospoliticosveracruz.com\/index.php?rest_route=\/wp\/v2\/posts\/127381\/revisions"}],"predecessor-version":[{"id":127382,"href":"https:\/\/lospoliticosveracruz.com\/index.php?rest_route=\/wp\/v2\/posts\/127381\/revisions\/127382"}],"wp:featuredmedia":[{"embeddable":true,"href":"https:\/\/lospoliticosveracruz.com\/index.php?rest_route=\/wp\/v2\/media\/119816"}],"wp:attachment":[{"href":"https:\/\/lospoliticosveracruz.com\/index.php?rest_route=%2Fwp%2Fv2%2Fmedia&parent=127381"}],"wp:term":[{"taxonomy":"category","embeddable":true,"href":"https:\/\/lospoliticosveracruz.com\/index.php?rest_route=%2Fwp%2Fv2%2Fcategories&post=127381"},{"taxonomy":"post_tag","embeddable":true,"href":"https:\/\/lospoliticosveracruz.com\/index.php?rest_route=%2Fwp%2Fv2%2Ftags&post=127381"}],"curies":[{"name":"wp","href":"https:\/\/api.w.org\/{rel}","templated":true}]}}