{"id":127403,"date":"2024-07-13T21:48:58","date_gmt":"2024-07-14T02:48:58","guid":{"rendered":"https:\/\/lospoliticosveracruz.com.mx\/?p=127403"},"modified":"2024-07-13T21:49:18","modified_gmt":"2024-07-14T02:49:18","slug":"ateichon-plis-senoras","status":"publish","type":"post","link":"https:\/\/lospoliticosveracruz.com\/?p=127403","title":{"rendered":"ATEICHON PLIS, SE\u00d1ORAS!"},"content":{"rendered":"\n<blockquote class=\"wp-block-quote is-layout-flow wp-block-quote-is-layout-flow\">\n<p><\/p>\n<\/blockquote>\n\n\n\n<p><em>Tantoyuca<\/em><\/p>\n\n\n\n<p>La presidenta electa Claudia Sheinbaum iniciar\u00e1 su administraci\u00f3n con la puesta en marcha de dos nuevos programas sociales: el apoyo a mujeres de 60 a 64 a\u00f1os y la beca para ni\u00f1os y ni\u00f1as de educaci\u00f3n b\u00e1sica en escuelas p\u00fablicas, anunci\u00f3 la gobernadora electa de Veracruz, Roc\u00edo Nahle Garc\u00eda.<\/p>\n\n\n\n<p>El segundo piso de la Cuarta Transformaci\u00f3n se construir\u00e1 con el Plan C que consistir\u00e1 en una serie de reformas constitucionales que empezar\u00e1n a votarse en septiembre pr\u00f3ximo a iniciativa del presidente Andr\u00e9s Manuel L\u00f3pez Obrador y con el respaldo de la mayor\u00eda calificada de la bancada de Morena.<\/p>\n\n\n\n<p>Roc\u00edo Nahle destac\u00f3 que el pueblo no se equivoc\u00f3 en darle la confianza nuevamente a Morena y garantizar as\u00ed la continuidad de la Cuarta Transformaci\u00f3n.<\/p>\n\n\n\n<p>Gracias a ello, desde septiembre, la nueva legislatura federal adelantar\u00e1 la discusi\u00f3n de las iniciativas pendientes para que el 1 de octubre, cuando comience su mandato Sheinbaum Pardo, los programas sociales ya sean ley.<\/p>\n\n\n\n<p>\u201cEn septiembre que entra la nueva C\u00e1mara de Diputados, lo primero que va a hacer nuestro presidente L\u00f3pez Obrador y Claudia Sheinbaum es presentar al Congreso en septiembre la reforma para que las mujeres de 60 a 64 a\u00f1os reciban su pensi\u00f3n y tambi\u00e9n en septiembre va a entrar la reforma para que todos los ni\u00f1os y ni\u00f1as de preescolar primaria y secundaria de escuelas p\u00fablicas tengan su beca, eso queda en septiembre para que nuestra presidenta el primero de octubre que asuma la presidencia, ese d\u00eda, eche a andar, estos dos grandes proyectos y que son de bienestar social directo a la poblaci\u00f3n que lo necesita desde el primer d\u00eda en tiro en pa\u00eds, es de lo que habl\u00e1bamos del Plan C, se va a poder hacer porque tenemos mayor\u00eda en la C\u00e1mara de Diputados gracias al pueblo\u201d, subray\u00f3.<\/p>\n\n\n\n<p>Explic\u00f3 que el PAN y el PRI no aceptan que Morena y el PVEM registren una alta representaci\u00f3n gracias a la votaci\u00f3n que les otorg\u00f3 el pueblo y exigen m\u00e1s plurinominales, lo que no esperan es que Morena y aliados van a empujar por desaparecerlas v\u00eda una reforma constitucional.<\/p>\n\n\n\n<p>Igualmente retomar\u00e1n la iniciativa para eliminar la reelecci\u00f3n sin demeritar otra importante reforma como la del Poder Judicial.<\/p>\n\n\n\n<p>\u201cPor eso tambi\u00e9n va a ir la reforma para quitar la reelecci\u00f3n y las plurinominales tambi\u00e9n y eso ya est\u00e1, ya se presenta en septiembre, ayer estuvimos en Xalapa en un foro que se llam\u00f3 Di\u00e1logo Nacional donde compa\u00f1eros diputados nos explicaban que son seis reformas las que entran en septiembre, seis, estas que les mencion\u00e9 son algunas para que ahora que entra en octubre acelerar la transformaci\u00f3n\u201d, indic\u00f3.<\/p>\n","protected":false},"excerpt":{"rendered":"<p>Tantoyuca La presidenta electa Claudia Sheinbaum iniciar\u00e1 su administraci\u00f3n con la puesta en marcha de dos nuevos programas sociales: el apoyo a mujeres de 60 a 64 a\u00f1os y la beca para ni\u00f1os y ni\u00f1as de educaci\u00f3n b\u00e1sica en escuelas p\u00fablicas, anunci\u00f3 la gobernadora electa de Veracruz, Roc\u00edo Nahle Garc\u00eda. El segundo piso de la [&hellip;]<\/p>\n","protected":false},"author":2,"featured_media":0,"comment_status":"closed","ping_status":"closed","sticky":false,"template":"","format":"standard","meta":{"tdm_status":"","tdm_grid_status":"","footnotes":""},"categories":[73],"tags":[9627,10459,1026,2305,3236,3578,195],"class_list":{"0":"post-127403","1":"post","2":"type-post","3":"status-publish","4":"format-standard","6":"category-de-boleto","7":"tag-claudia-sheinbaum","8":"tag-menores-de-edad","9":"tag-morena","10":"tag-mujeres","11":"tag-pension","12":"tag-rocio-nahle","13":"tag-veracruz"},"yoast_head":"<!-- This site is optimized with the Yoast SEO plugin v27.4 - https:\/\/yoast.com\/product\/yoast-seo-wordpress\/ -->\n<title>ATEICHON PLIS, SE\u00d1ORAS! - Los pol\u00edticos Veracruz<\/title>\n<meta name=\"robots\" content=\"index, follow, max-snippet:-1, max-image-preview:large, max-video-preview:-1\" \/>\n<link rel=\"canonical\" href=\"https:\/\/lospoliticosveracruz.com\/?p=127403\" \/>\n<meta property=\"og:locale\" content=\"es_ES\" \/>\n<meta property=\"og:type\" content=\"article\" \/>\n<meta property=\"og:title\" content=\"ATEICHON PLIS, SE\u00d1ORAS! - Los pol\u00edticos Veracruz\" \/>\n<meta property=\"og:description\" content=\"Tantoyuca La presidenta electa Claudia Sheinbaum iniciar\u00e1 su administraci\u00f3n con la puesta en marcha de dos nuevos programas sociales: el apoyo a mujeres de 60 a 64 a\u00f1os y la beca para ni\u00f1os y ni\u00f1as de educaci\u00f3n b\u00e1sica en escuelas p\u00fablicas, anunci\u00f3 la gobernadora electa de Veracruz, Roc\u00edo Nahle Garc\u00eda. El segundo piso de la [&hellip;]\" \/>\n<meta property=\"og:url\" content=\"https:\/\/lospoliticosveracruz.com\/?p=127403\" \/>\n<meta property=\"og:site_name\" content=\"Los pol\u00edticos Veracruz\" \/>\n<meta property=\"article:publisher\" content=\"https:\/\/www.facebook.com\/people\/Notimemes-de-los-Polticos\/61565672886568\/\" \/>\n<meta property=\"article:published_time\" content=\"2024-07-14T02:48:58+00:00\" \/>\n<meta property=\"article:modified_time\" content=\"2024-07-14T02:49:18+00:00\" \/>\n<meta property=\"og:image\" content=\"https:\/\/lospoliticosveracruz.com\/wp-content\/uploads\/2016\/07\/Logo-Dor.jpg\" \/>\n\t<meta property=\"og:image:width\" content=\"200\" \/>\n\t<meta property=\"og:image:height\" content=\"200\" \/>\n\t<meta property=\"og:image:type\" content=\"image\/jpeg\" \/>\n<meta name=\"author\" content=\"Lo viste en Los Pol\u00edticos\" \/>\n<meta name=\"twitter:card\" content=\"summary_large_image\" \/>\n<meta name=\"twitter:creator\" content=\"@LosPoliticosVer\" \/>\n<meta name=\"twitter:site\" content=\"@LosPoliticosVer\" \/>\n<meta name=\"twitter:label1\" content=\"Escrito por\" \/>\n\t<meta name=\"twitter:data1\" content=\"Lo viste en Los Pol\u00edticos\" \/>\n\t<meta name=\"twitter:label2\" content=\"Tiempo de lectura\" \/>\n\t<meta name=\"twitter:data2\" content=\"2 minutos\" \/>\n<script type=\"application\/ld+json\" class=\"yoast-schema-graph\">{\"@context\":\"https:\\\/\\\/schema.org\",\"@graph\":[{\"@type\":\"Article\",\"@id\":\"https:\\\/\\\/lospoliticosveracruz.com\\\/?p=127403#article\",\"isPartOf\":{\"@id\":\"https:\\\/\\\/lospoliticosveracruz.com\\\/?p=127403\"},\"author\":{\"name\":\"Lo viste en Los Pol\u00edticos\",\"@id\":\"https:\\\/\\\/lospoliticosveracruz.com\\\/#\\\/schema\\\/person\\\/b8702bb0e538456e6efd07080bf2a4a2\"},\"headline\":\"ATEICHON PLIS, SE\u00d1ORAS!\",\"datePublished\":\"2024-07-14T02:48:58+00:00\",\"dateModified\":\"2024-07-14T02:49:18+00:00\",\"mainEntityOfPage\":{\"@id\":\"https:\\\/\\\/lospoliticosveracruz.com\\\/?p=127403\"},\"wordCount\":478,\"publisher\":{\"@id\":\"https:\\\/\\\/lospoliticosveracruz.com\\\/#organization\"},\"keywords\":[\"Claudia Sheinbaum\",\"Menores de edad\",\"Morena\",\"Mujeres\",\"pensi\u00f3n\",\"Roc\u00edo Nahle\",\"Veracruz\"],\"articleSection\":[\"De Boleto\"],\"inLanguage\":\"es\"},{\"@type\":\"WebPage\",\"@id\":\"https:\\\/\\\/lospoliticosveracruz.com\\\/?p=127403\",\"url\":\"https:\\\/\\\/lospoliticosveracruz.com\\\/?p=127403\",\"name\":\"ATEICHON PLIS, SE\u00d1ORAS! - Los pol\u00edticos Veracruz\",\"isPartOf\":{\"@id\":\"https:\\\/\\\/lospoliticosveracruz.com\\\/#website\"},\"datePublished\":\"2024-07-14T02:48:58+00:00\",\"dateModified\":\"2024-07-14T02:49:18+00:00\",\"breadcrumb\":{\"@id\":\"https:\\\/\\\/lospoliticosveracruz.com\\\/?p=127403#breadcrumb\"},\"inLanguage\":\"es\",\"potentialAction\":[{\"@type\":\"ReadAction\",\"target\":[\"https:\\\/\\\/lospoliticosveracruz.com\\\/?p=127403\"]}]},{\"@type\":\"BreadcrumbList\",\"@id\":\"https:\\\/\\\/lospoliticosveracruz.com\\\/?p=127403#breadcrumb\",\"itemListElement\":[{\"@type\":\"ListItem\",\"position\":1,\"name\":\"Portada\",\"item\":\"https:\\\/\\\/lospoliticosveracruz.com\\\/\"},{\"@type\":\"ListItem\",\"position\":2,\"name\":\"ATEICHON PLIS, SE\u00d1ORAS!\"}]},{\"@type\":\"WebSite\",\"@id\":\"https:\\\/\\\/lospoliticosveracruz.com\\\/#website\",\"url\":\"https:\\\/\\\/lospoliticosveracruz.com\\\/\",\"name\":\"Los pol\u00edticos Veracruz\",\"description\":\"\",\"publisher\":{\"@id\":\"https:\\\/\\\/lospoliticosveracruz.com\\\/#organization\"},\"potentialAction\":[{\"@type\":\"SearchAction\",\"target\":{\"@type\":\"EntryPoint\",\"urlTemplate\":\"https:\\\/\\\/lospoliticosveracruz.com\\\/?s={search_term_string}\"},\"query-input\":{\"@type\":\"PropertyValueSpecification\",\"valueRequired\":true,\"valueName\":\"search_term_string\"}}],\"inLanguage\":\"es\"},{\"@type\":\"Organization\",\"@id\":\"https:\\\/\\\/lospoliticosveracruz.com\\\/#organization\",\"name\":\"Los pol\u00edticos Veracruz\",\"url\":\"https:\\\/\\\/lospoliticosveracruz.com\\\/\",\"logo\":{\"@type\":\"ImageObject\",\"inLanguage\":\"es\",\"@id\":\"https:\\\/\\\/lospoliticosveracruz.com\\\/#\\\/schema\\\/logo\\\/image\\\/\",\"url\":\"https:\\\/\\\/lospoliticosveracruz.com\\\/wp-content\\\/uploads\\\/2025\\\/12\\\/Logo-Nuevo-LOS-POLITICOS-1.jpg\",\"contentUrl\":\"https:\\\/\\\/lospoliticosveracruz.com\\\/wp-content\\\/uploads\\\/2025\\\/12\\\/Logo-Nuevo-LOS-POLITICOS-1.jpg\",\"width\":260,\"height\":70,\"caption\":\"Los pol\u00edticos Veracruz\"},\"image\":{\"@id\":\"https:\\\/\\\/lospoliticosveracruz.com\\\/#\\\/schema\\\/logo\\\/image\\\/\"},\"sameAs\":[\"https:\\\/\\\/www.facebook.com\\\/people\\\/Notimemes-de-los-Polticos\\\/61565672886568\\\/\",\"https:\\\/\\\/x.com\\\/LosPoliticosVer\"]},{\"@type\":\"Person\",\"@id\":\"https:\\\/\\\/lospoliticosveracruz.com\\\/#\\\/schema\\\/person\\\/b8702bb0e538456e6efd07080bf2a4a2\",\"name\":\"Lo viste en Los Pol\u00edticos\",\"image\":{\"@type\":\"ImageObject\",\"inLanguage\":\"es\",\"@id\":\"https:\\\/\\\/secure.gravatar.com\\\/avatar\\\/3a8de04a2656d44082be478bd6c086daa447c4651605818287b9532d3d0bd435?s=96&d=mm&r=g\",\"url\":\"https:\\\/\\\/secure.gravatar.com\\\/avatar\\\/3a8de04a2656d44082be478bd6c086daa447c4651605818287b9532d3d0bd435?s=96&d=mm&r=g\",\"contentUrl\":\"https:\\\/\\\/secure.gravatar.com\\\/avatar\\\/3a8de04a2656d44082be478bd6c086daa447c4651605818287b9532d3d0bd435?s=96&d=mm&r=g\",\"caption\":\"Lo viste en Los Pol\u00edticos\"},\"url\":\"https:\\\/\\\/lospoliticosveracruz.com\\\/?author=2\"}]}<\/script>\n<!-- \/ Yoast SEO plugin. -->","yoast_head_json":{"title":"ATEICHON PLIS, SE\u00d1ORAS! - Los pol\u00edticos Veracruz","robots":{"index":"index","follow":"follow","max-snippet":"max-snippet:-1","max-image-preview":"max-image-preview:large","max-video-preview":"max-video-preview:-1"},"canonical":"https:\/\/lospoliticosveracruz.com\/?p=127403","og_locale":"es_ES","og_type":"article","og_title":"ATEICHON PLIS, SE\u00d1ORAS! - Los pol\u00edticos Veracruz","og_description":"Tantoyuca La presidenta electa Claudia Sheinbaum iniciar\u00e1 su administraci\u00f3n con la puesta en marcha de dos nuevos programas sociales: el apoyo a mujeres de 60 a 64 a\u00f1os y la beca para ni\u00f1os y ni\u00f1as de educaci\u00f3n b\u00e1sica en escuelas p\u00fablicas, anunci\u00f3 la gobernadora electa de Veracruz, Roc\u00edo Nahle Garc\u00eda. El segundo piso de la [&hellip;]","og_url":"https:\/\/lospoliticosveracruz.com\/?p=127403","og_site_name":"Los pol\u00edticos Veracruz","article_publisher":"https:\/\/www.facebook.com\/people\/Notimemes-de-los-Polticos\/61565672886568\/","article_published_time":"2024-07-14T02:48:58+00:00","article_modified_time":"2024-07-14T02:49:18+00:00","og_image":[{"width":200,"height":200,"url":"https:\/\/lospoliticosveracruz.com\/wp-content\/uploads\/2016\/07\/Logo-Dor.jpg","type":"image\/jpeg"}],"author":"Lo viste en Los Pol\u00edticos","twitter_card":"summary_large_image","twitter_creator":"@LosPoliticosVer","twitter_site":"@LosPoliticosVer","twitter_misc":{"Escrito por":"Lo viste en Los Pol\u00edticos","Tiempo de lectura":"2 minutos"},"schema":{"@context":"https:\/\/schema.org","@graph":[{"@type":"Article","@id":"https:\/\/lospoliticosveracruz.com\/?p=127403#article","isPartOf":{"@id":"https:\/\/lospoliticosveracruz.com\/?p=127403"},"author":{"name":"Lo viste en Los Pol\u00edticos","@id":"https:\/\/lospoliticosveracruz.com\/#\/schema\/person\/b8702bb0e538456e6efd07080bf2a4a2"},"headline":"ATEICHON PLIS, SE\u00d1ORAS!","datePublished":"2024-07-14T02:48:58+00:00","dateModified":"2024-07-14T02:49:18+00:00","mainEntityOfPage":{"@id":"https:\/\/lospoliticosveracruz.com\/?p=127403"},"wordCount":478,"publisher":{"@id":"https:\/\/lospoliticosveracruz.com\/#organization"},"keywords":["Claudia Sheinbaum","Menores de edad","Morena","Mujeres","pensi\u00f3n","Roc\u00edo Nahle","Veracruz"],"articleSection":["De Boleto"],"inLanguage":"es"},{"@type":"WebPage","@id":"https:\/\/lospoliticosveracruz.com\/?p=127403","url":"https:\/\/lospoliticosveracruz.com\/?p=127403","name":"ATEICHON PLIS, SE\u00d1ORAS! - Los pol\u00edticos Veracruz","isPartOf":{"@id":"https:\/\/lospoliticosveracruz.com\/#website"},"datePublished":"2024-07-14T02:48:58+00:00","dateModified":"2024-07-14T02:49:18+00:00","breadcrumb":{"@id":"https:\/\/lospoliticosveracruz.com\/?p=127403#breadcrumb"},"inLanguage":"es","potentialAction":[{"@type":"ReadAction","target":["https:\/\/lospoliticosveracruz.com\/?p=127403"]}]},{"@type":"BreadcrumbList","@id":"https:\/\/lospoliticosveracruz.com\/?p=127403#breadcrumb","itemListElement":[{"@type":"ListItem","position":1,"name":"Portada","item":"https:\/\/lospoliticosveracruz.com\/"},{"@type":"ListItem","position":2,"name":"ATEICHON PLIS, SE\u00d1ORAS!"}]},{"@type":"WebSite","@id":"https:\/\/lospoliticosveracruz.com\/#website","url":"https:\/\/lospoliticosveracruz.com\/","name":"Los pol\u00edticos Veracruz","description":"","publisher":{"@id":"https:\/\/lospoliticosveracruz.com\/#organization"},"potentialAction":[{"@type":"SearchAction","target":{"@type":"EntryPoint","urlTemplate":"https:\/\/lospoliticosveracruz.com\/?s={search_term_string}"},"query-input":{"@type":"PropertyValueSpecification","valueRequired":true,"valueName":"search_term_string"}}],"inLanguage":"es"},{"@type":"Organization","@id":"https:\/\/lospoliticosveracruz.com\/#organization","name":"Los pol\u00edticos Veracruz","url":"https:\/\/lospoliticosveracruz.com\/","logo":{"@type":"ImageObject","inLanguage":"es","@id":"https:\/\/lospoliticosveracruz.com\/#\/schema\/logo\/image\/","url":"https:\/\/lospoliticosveracruz.com\/wp-content\/uploads\/2025\/12\/Logo-Nuevo-LOS-POLITICOS-1.jpg","contentUrl":"https:\/\/lospoliticosveracruz.com\/wp-content\/uploads\/2025\/12\/Logo-Nuevo-LOS-POLITICOS-1.jpg","width":260,"height":70,"caption":"Los pol\u00edticos Veracruz"},"image":{"@id":"https:\/\/lospoliticosveracruz.com\/#\/schema\/logo\/image\/"},"sameAs":["https:\/\/www.facebook.com\/people\/Notimemes-de-los-Polticos\/61565672886568\/","https:\/\/x.com\/LosPoliticosVer"]},{"@type":"Person","@id":"https:\/\/lospoliticosveracruz.com\/#\/schema\/person\/b8702bb0e538456e6efd07080bf2a4a2","name":"Lo viste en Los Pol\u00edticos","image":{"@type":"ImageObject","inLanguage":"es","@id":"https:\/\/secure.gravatar.com\/avatar\/3a8de04a2656d44082be478bd6c086daa447c4651605818287b9532d3d0bd435?s=96&d=mm&r=g","url":"https:\/\/secure.gravatar.com\/avatar\/3a8de04a2656d44082be478bd6c086daa447c4651605818287b9532d3d0bd435?s=96&d=mm&r=g","contentUrl":"https:\/\/secure.gravatar.com\/avatar\/3a8de04a2656d44082be478bd6c086daa447c4651605818287b9532d3d0bd435?s=96&d=mm&r=g","caption":"Lo viste en Los Pol\u00edticos"},"url":"https:\/\/lospoliticosveracruz.com\/?author=2"}]}},"_links":{"self":[{"href":"https:\/\/lospoliticosveracruz.com\/index.php?rest_route=\/wp\/v2\/posts\/127403","targetHints":{"allow":["GET"]}}],"collection":[{"href":"https:\/\/lospoliticosveracruz.com\/index.php?rest_route=\/wp\/v2\/posts"}],"about":[{"href":"https:\/\/lospoliticosveracruz.com\/index.php?rest_route=\/wp\/v2\/types\/post"}],"author":[{"embeddable":true,"href":"https:\/\/lospoliticosveracruz.com\/index.php?rest_route=\/wp\/v2\/users\/2"}],"replies":[{"embeddable":true,"href":"https:\/\/lospoliticosveracruz.com\/index.php?rest_route=%2Fwp%2Fv2%2Fcomments&post=127403"}],"version-history":[{"count":1,"href":"https:\/\/lospoliticosveracruz.com\/index.php?rest_route=\/wp\/v2\/posts\/127403\/revisions"}],"predecessor-version":[{"id":127405,"href":"https:\/\/lospoliticosveracruz.com\/index.php?rest_route=\/wp\/v2\/posts\/127403\/revisions\/127405"}],"wp:attachment":[{"href":"https:\/\/lospoliticosveracruz.com\/index.php?rest_route=%2Fwp%2Fv2%2Fmedia&parent=127403"}],"wp:term":[{"taxonomy":"category","embeddable":true,"href":"https:\/\/lospoliticosveracruz.com\/index.php?rest_route=%2Fwp%2Fv2%2Fcategories&post=127403"},{"taxonomy":"post_tag","embeddable":true,"href":"https:\/\/lospoliticosveracruz.com\/index.php?rest_route=%2Fwp%2Fv2%2Ftags&post=127403"}],"curies":[{"name":"wp","href":"https:\/\/api.w.org\/{rel}","templated":true}]}}