{"id":127431,"date":"2024-07-15T10:48:24","date_gmt":"2024-07-15T15:48:24","guid":{"rendered":"https:\/\/lospoliticosveracruz.com.mx\/?p=127431"},"modified":"2024-07-15T10:48:33","modified_gmt":"2024-07-15T15:48:33","slug":"justicia-pareja","status":"publish","type":"post","link":"https:\/\/lospoliticosveracruz.com\/?p=127431","title":{"rendered":"JUSTICIA PAREJA"},"content":{"rendered":"\n<p><strong>Ignacio Alvarez<\/strong><\/p>\n\n\n\n<p><em>Pluma Negra<\/em><\/p>\n\n\n\n<p>El senador electo por Veracruz del PAN, Miguel Angel Yunes M\u00e1rquez, enfrenta la misma suerte que el perredista y ex secretario de Gobierno, Rogelio Franco Cast\u00e1n quien no pudo tomar posesi\u00f3n como diputado federal plurinominal, o bien como Tito Delf\u00edn Cano quien en plena campa\u00f1a por la dirigencia estatal del PAN, fue detenido en noviembre del 2021.<\/p>\n\n\n<div class=\"wp-block-image\">\n<figure class=\"alignleft size-medium\"><a href=\"https:\/\/lospoliticosveracruz.com.mx\/wp-content\/uploads\/2021\/10\/Zacauilt.jpg\"><img decoding=\"async\" src=\"https:\/\/lospoliticosveracruz.com.mx\/wp-content\/uploads\/2021\/10\/Zacauilt-150x300.jpg\" alt=\"\" class=\"wp-image-80558\"\/><\/a><\/figure>\n<\/div>\n\n\n<p>La diferencia de Miguel Angel Yunes M\u00e1rquez es que es parte de la cabeza del clan de los Yunes y arrastra una situaci\u00f3n de denuncias desde el 2021, cuando se presume&nbsp;&nbsp;falsific\u00f3 documentaci\u00f3n sobre su domicilio y que su expediente fue guardado, pero pasada la elecci\u00f3n del 2024, fue citado a los juzgados de Pacho Viejo; y tras los tres citatorios de regla, le fue girada la orden de aprehensi\u00f3n.<\/p>\n\n\n\n<p>La solvencia econ\u00f3mica del senador electo, le permite enfrentar el proceso desde Miami en los Estados Unidos, aunque ahora en condiciones adversas pues se ha emitido la ficha roja internacional para su captura en cualquier lugar en el que se encuentre.<\/p>\n\n\n\n<p>En Veracruz, es imposible desligar los asuntos de impartici\u00f3n de justicia de la pol\u00edtica. Fue el ex gobernador Miguel Angel Yunes M\u00e1rquez el primero de los mandatarios en aplicar la ley a secas, sin perd\u00f3n ni olvido, en contra sus enemigos pol\u00edticos, as\u00ed el ex Fiscal del gobierno de Javier Duarte, Luis Angel Bravo fue detenido, al igual que media docena de ex funcionarios de ese gobierno, incluido el propio ex gobernador y al ex gobernador interino, Flavino R\u00edos Alvarado; Y fue el nuevo Fiscal, Jorge Winckler el encargado de fincar responsabilidades legales.<\/p>\n\n\n\n<p>Luego, a la llegada del gobernador Cuitl\u00e1huac Garc\u00eda Jim\u00e9nez fue destituido el Fiscal Winckler y tras un tiempo de ser pr\u00f3fugo de la justicia, fue procesado y en la actualidad se encuentra en prisi\u00f3n.<\/p>\n\n\n\n<p>Con el trabajo de la Fiscal Ver\u00f3nica Hern\u00e1ndez, la actual administraci\u00f3n, puso entre las rejas al ex secretario de Gobierno de Yunes Linares, Rogelio Franco quien no pudo tomar protesta como diputado federal en LXV Legislatura que est\u00e1 por concluir, y el otro ejemplo es, Tito Delf\u00edn Cano, ex candidato a la dirigencia estatal del PAN acusado de delitos ambientales, \u00e9ste ya sali\u00f3, pero no volvi\u00f3 al escenario pol\u00edtico.<\/p>\n\n\n\n<p>A pesar de la solvencia de Miguel Angel Yunes M\u00e1rquez, la tendencia indica que es cuesti\u00f3n de tiempo para su captura en alg\u00fan lugar de los Estados Unidos y que deber\u00e1 responder a las acusaciones desde la prisi\u00f3n preventiva, por los presuntos delitos de fraude procesal, falsificaci\u00f3n de documentos y mentir a la autoridad.<\/p>\n\n\n\n<p>La pr\u00e9dica popular no miente, los carniceros de hoy, ser\u00e1n las reses de ma\u00f1ana.<\/p>\n","protected":false},"excerpt":{"rendered":"<p>Ignacio Alvarez Pluma Negra El senador electo por Veracruz del PAN, Miguel Angel Yunes M\u00e1rquez, enfrenta la misma suerte que el perredista y ex secretario de Gobierno, Rogelio Franco Cast\u00e1n quien no pudo tomar posesi\u00f3n como diputado federal plurinominal, o bien como Tito Delf\u00edn Cano quien en plena campa\u00f1a por la dirigencia estatal del PAN, [&hellip;]<\/p>\n","protected":false},"author":2,"featured_media":119937,"comment_status":"closed","ping_status":"closed","sticky":false,"template":"","format":"standard","meta":{"tdm_status":"","tdm_grid_status":"","footnotes":""},"categories":[70],"tags":[26693,266,808],"class_list":{"0":"post-127431","1":"post","2":"type-post","3":"status-publish","4":"format-standard","5":"has-post-thumbnail","7":"category-de-opinion","8":"tag-miguel-angel-yunes-marquez-2","9":"tag-pan","10":"tag-rogelio-franco-castan"},"yoast_head":"<!-- This site is optimized with the Yoast SEO plugin v27.4 - https:\/\/yoast.com\/product\/yoast-seo-wordpress\/ -->\n<title>JUSTICIA PAREJA - Los pol\u00edticos Veracruz<\/title>\n<meta name=\"robots\" content=\"index, follow, max-snippet:-1, max-image-preview:large, max-video-preview:-1\" \/>\n<link rel=\"canonical\" href=\"https:\/\/lospoliticosveracruz.com\/?p=127431\" \/>\n<meta property=\"og:locale\" content=\"es_ES\" \/>\n<meta property=\"og:type\" content=\"article\" \/>\n<meta property=\"og:title\" content=\"JUSTICIA PAREJA - Los pol\u00edticos Veracruz\" \/>\n<meta property=\"og:description\" content=\"Ignacio Alvarez Pluma Negra El senador electo por Veracruz del PAN, Miguel Angel Yunes M\u00e1rquez, enfrenta la misma suerte que el perredista y ex secretario de Gobierno, Rogelio Franco Cast\u00e1n quien no pudo tomar posesi\u00f3n como diputado federal plurinominal, o bien como Tito Delf\u00edn Cano quien en plena campa\u00f1a por la dirigencia estatal del PAN, [&hellip;]\" \/>\n<meta property=\"og:url\" content=\"https:\/\/lospoliticosveracruz.com\/?p=127431\" \/>\n<meta property=\"og:site_name\" content=\"Los pol\u00edticos Veracruz\" \/>\n<meta property=\"article:publisher\" content=\"https:\/\/www.facebook.com\/people\/Notimemes-de-los-Polticos\/61565672886568\/\" \/>\n<meta property=\"article:published_time\" content=\"2024-07-15T15:48:24+00:00\" \/>\n<meta property=\"article:modified_time\" content=\"2024-07-15T15:48:33+00:00\" \/>\n<meta property=\"og:image\" content=\"https:\/\/lospoliticosveracruz.com\/wp-content\/uploads\/2024\/03\/Ignacio-Alvarez.jpg\" \/>\n\t<meta property=\"og:image:width\" content=\"1250\" \/>\n\t<meta property=\"og:image:height\" content=\"667\" \/>\n\t<meta property=\"og:image:type\" content=\"image\/jpeg\" \/>\n<meta name=\"author\" content=\"Lo viste en Los Pol\u00edticos\" \/>\n<meta name=\"twitter:card\" content=\"summary_large_image\" \/>\n<meta name=\"twitter:creator\" content=\"@LosPoliticosVer\" \/>\n<meta name=\"twitter:site\" content=\"@LosPoliticosVer\" \/>\n<meta name=\"twitter:label1\" content=\"Escrito por\" \/>\n\t<meta name=\"twitter:data1\" content=\"Lo viste en Los Pol\u00edticos\" \/>\n\t<meta name=\"twitter:label2\" content=\"Tiempo de lectura\" \/>\n\t<meta name=\"twitter:data2\" content=\"2 minutos\" \/>\n<script type=\"application\/ld+json\" class=\"yoast-schema-graph\">{\"@context\":\"https:\\\/\\\/schema.org\",\"@graph\":[{\"@type\":\"Article\",\"@id\":\"https:\\\/\\\/lospoliticosveracruz.com\\\/?p=127431#article\",\"isPartOf\":{\"@id\":\"https:\\\/\\\/lospoliticosveracruz.com\\\/?p=127431\"},\"author\":{\"name\":\"Lo viste en Los Pol\u00edticos\",\"@id\":\"https:\\\/\\\/lospoliticosveracruz.com\\\/#\\\/schema\\\/person\\\/b8702bb0e538456e6efd07080bf2a4a2\"},\"headline\":\"JUSTICIA PAREJA\",\"datePublished\":\"2024-07-15T15:48:24+00:00\",\"dateModified\":\"2024-07-15T15:48:33+00:00\",\"mainEntityOfPage\":{\"@id\":\"https:\\\/\\\/lospoliticosveracruz.com\\\/?p=127431\"},\"wordCount\":472,\"publisher\":{\"@id\":\"https:\\\/\\\/lospoliticosveracruz.com\\\/#organization\"},\"image\":{\"@id\":\"https:\\\/\\\/lospoliticosveracruz.com\\\/?p=127431#primaryimage\"},\"thumbnailUrl\":\"https:\\\/\\\/lospoliticosveracruz.com\\\/wp-content\\\/uploads\\\/2024\\\/03\\\/Ignacio-Alvarez.jpg\",\"keywords\":[\"Miguel Angel Yunes M\u00e1rquez\",\"PAN\",\"Rogelio Franco Cast\u00e1n\"],\"articleSection\":[\"De Opini\u00f3n\"],\"inLanguage\":\"es\"},{\"@type\":\"WebPage\",\"@id\":\"https:\\\/\\\/lospoliticosveracruz.com\\\/?p=127431\",\"url\":\"https:\\\/\\\/lospoliticosveracruz.com\\\/?p=127431\",\"name\":\"JUSTICIA PAREJA - Los pol\u00edticos Veracruz\",\"isPartOf\":{\"@id\":\"https:\\\/\\\/lospoliticosveracruz.com\\\/#website\"},\"primaryImageOfPage\":{\"@id\":\"https:\\\/\\\/lospoliticosveracruz.com\\\/?p=127431#primaryimage\"},\"image\":{\"@id\":\"https:\\\/\\\/lospoliticosveracruz.com\\\/?p=127431#primaryimage\"},\"thumbnailUrl\":\"https:\\\/\\\/lospoliticosveracruz.com\\\/wp-content\\\/uploads\\\/2024\\\/03\\\/Ignacio-Alvarez.jpg\",\"datePublished\":\"2024-07-15T15:48:24+00:00\",\"dateModified\":\"2024-07-15T15:48:33+00:00\",\"breadcrumb\":{\"@id\":\"https:\\\/\\\/lospoliticosveracruz.com\\\/?p=127431#breadcrumb\"},\"inLanguage\":\"es\",\"potentialAction\":[{\"@type\":\"ReadAction\",\"target\":[\"https:\\\/\\\/lospoliticosveracruz.com\\\/?p=127431\"]}]},{\"@type\":\"ImageObject\",\"inLanguage\":\"es\",\"@id\":\"https:\\\/\\\/lospoliticosveracruz.com\\\/?p=127431#primaryimage\",\"url\":\"https:\\\/\\\/lospoliticosveracruz.com\\\/wp-content\\\/uploads\\\/2024\\\/03\\\/Ignacio-Alvarez.jpg\",\"contentUrl\":\"https:\\\/\\\/lospoliticosveracruz.com\\\/wp-content\\\/uploads\\\/2024\\\/03\\\/Ignacio-Alvarez.jpg\",\"width\":1250,\"height\":667},{\"@type\":\"BreadcrumbList\",\"@id\":\"https:\\\/\\\/lospoliticosveracruz.com\\\/?p=127431#breadcrumb\",\"itemListElement\":[{\"@type\":\"ListItem\",\"position\":1,\"name\":\"Portada\",\"item\":\"https:\\\/\\\/lospoliticosveracruz.com\\\/\"},{\"@type\":\"ListItem\",\"position\":2,\"name\":\"JUSTICIA PAREJA\"}]},{\"@type\":\"WebSite\",\"@id\":\"https:\\\/\\\/lospoliticosveracruz.com\\\/#website\",\"url\":\"https:\\\/\\\/lospoliticosveracruz.com\\\/\",\"name\":\"Los pol\u00edticos Veracruz\",\"description\":\"\",\"publisher\":{\"@id\":\"https:\\\/\\\/lospoliticosveracruz.com\\\/#organization\"},\"potentialAction\":[{\"@type\":\"SearchAction\",\"target\":{\"@type\":\"EntryPoint\",\"urlTemplate\":\"https:\\\/\\\/lospoliticosveracruz.com\\\/?s={search_term_string}\"},\"query-input\":{\"@type\":\"PropertyValueSpecification\",\"valueRequired\":true,\"valueName\":\"search_term_string\"}}],\"inLanguage\":\"es\"},{\"@type\":\"Organization\",\"@id\":\"https:\\\/\\\/lospoliticosveracruz.com\\\/#organization\",\"name\":\"Los pol\u00edticos Veracruz\",\"url\":\"https:\\\/\\\/lospoliticosveracruz.com\\\/\",\"logo\":{\"@type\":\"ImageObject\",\"inLanguage\":\"es\",\"@id\":\"https:\\\/\\\/lospoliticosveracruz.com\\\/#\\\/schema\\\/logo\\\/image\\\/\",\"url\":\"https:\\\/\\\/lospoliticosveracruz.com\\\/wp-content\\\/uploads\\\/2025\\\/12\\\/Logo-Nuevo-LOS-POLITICOS-1.jpg\",\"contentUrl\":\"https:\\\/\\\/lospoliticosveracruz.com\\\/wp-content\\\/uploads\\\/2025\\\/12\\\/Logo-Nuevo-LOS-POLITICOS-1.jpg\",\"width\":260,\"height\":70,\"caption\":\"Los pol\u00edticos Veracruz\"},\"image\":{\"@id\":\"https:\\\/\\\/lospoliticosveracruz.com\\\/#\\\/schema\\\/logo\\\/image\\\/\"},\"sameAs\":[\"https:\\\/\\\/www.facebook.com\\\/people\\\/Notimemes-de-los-Polticos\\\/61565672886568\\\/\",\"https:\\\/\\\/x.com\\\/LosPoliticosVer\"]},{\"@type\":\"Person\",\"@id\":\"https:\\\/\\\/lospoliticosveracruz.com\\\/#\\\/schema\\\/person\\\/b8702bb0e538456e6efd07080bf2a4a2\",\"name\":\"Lo viste en Los Pol\u00edticos\",\"image\":{\"@type\":\"ImageObject\",\"inLanguage\":\"es\",\"@id\":\"https:\\\/\\\/secure.gravatar.com\\\/avatar\\\/3a8de04a2656d44082be478bd6c086daa447c4651605818287b9532d3d0bd435?s=96&d=mm&r=g\",\"url\":\"https:\\\/\\\/secure.gravatar.com\\\/avatar\\\/3a8de04a2656d44082be478bd6c086daa447c4651605818287b9532d3d0bd435?s=96&d=mm&r=g\",\"contentUrl\":\"https:\\\/\\\/secure.gravatar.com\\\/avatar\\\/3a8de04a2656d44082be478bd6c086daa447c4651605818287b9532d3d0bd435?s=96&d=mm&r=g\",\"caption\":\"Lo viste en Los Pol\u00edticos\"},\"url\":\"https:\\\/\\\/lospoliticosveracruz.com\\\/?author=2\"}]}<\/script>\n<!-- \/ Yoast SEO plugin. -->","yoast_head_json":{"title":"JUSTICIA PAREJA - Los pol\u00edticos Veracruz","robots":{"index":"index","follow":"follow","max-snippet":"max-snippet:-1","max-image-preview":"max-image-preview:large","max-video-preview":"max-video-preview:-1"},"canonical":"https:\/\/lospoliticosveracruz.com\/?p=127431","og_locale":"es_ES","og_type":"article","og_title":"JUSTICIA PAREJA - Los pol\u00edticos Veracruz","og_description":"Ignacio Alvarez Pluma Negra El senador electo por Veracruz del PAN, Miguel Angel Yunes M\u00e1rquez, enfrenta la misma suerte que el perredista y ex secretario de Gobierno, Rogelio Franco Cast\u00e1n quien no pudo tomar posesi\u00f3n como diputado federal plurinominal, o bien como Tito Delf\u00edn Cano quien en plena campa\u00f1a por la dirigencia estatal del PAN, [&hellip;]","og_url":"https:\/\/lospoliticosveracruz.com\/?p=127431","og_site_name":"Los pol\u00edticos Veracruz","article_publisher":"https:\/\/www.facebook.com\/people\/Notimemes-de-los-Polticos\/61565672886568\/","article_published_time":"2024-07-15T15:48:24+00:00","article_modified_time":"2024-07-15T15:48:33+00:00","og_image":[{"width":1250,"height":667,"url":"https:\/\/lospoliticosveracruz.com\/wp-content\/uploads\/2024\/03\/Ignacio-Alvarez.jpg","type":"image\/jpeg"}],"author":"Lo viste en Los Pol\u00edticos","twitter_card":"summary_large_image","twitter_creator":"@LosPoliticosVer","twitter_site":"@LosPoliticosVer","twitter_misc":{"Escrito por":"Lo viste en Los Pol\u00edticos","Tiempo de lectura":"2 minutos"},"schema":{"@context":"https:\/\/schema.org","@graph":[{"@type":"Article","@id":"https:\/\/lospoliticosveracruz.com\/?p=127431#article","isPartOf":{"@id":"https:\/\/lospoliticosveracruz.com\/?p=127431"},"author":{"name":"Lo viste en Los Pol\u00edticos","@id":"https:\/\/lospoliticosveracruz.com\/#\/schema\/person\/b8702bb0e538456e6efd07080bf2a4a2"},"headline":"JUSTICIA PAREJA","datePublished":"2024-07-15T15:48:24+00:00","dateModified":"2024-07-15T15:48:33+00:00","mainEntityOfPage":{"@id":"https:\/\/lospoliticosveracruz.com\/?p=127431"},"wordCount":472,"publisher":{"@id":"https:\/\/lospoliticosveracruz.com\/#organization"},"image":{"@id":"https:\/\/lospoliticosveracruz.com\/?p=127431#primaryimage"},"thumbnailUrl":"https:\/\/lospoliticosveracruz.com\/wp-content\/uploads\/2024\/03\/Ignacio-Alvarez.jpg","keywords":["Miguel Angel Yunes M\u00e1rquez","PAN","Rogelio Franco Cast\u00e1n"],"articleSection":["De Opini\u00f3n"],"inLanguage":"es"},{"@type":"WebPage","@id":"https:\/\/lospoliticosveracruz.com\/?p=127431","url":"https:\/\/lospoliticosveracruz.com\/?p=127431","name":"JUSTICIA PAREJA - Los pol\u00edticos Veracruz","isPartOf":{"@id":"https:\/\/lospoliticosveracruz.com\/#website"},"primaryImageOfPage":{"@id":"https:\/\/lospoliticosveracruz.com\/?p=127431#primaryimage"},"image":{"@id":"https:\/\/lospoliticosveracruz.com\/?p=127431#primaryimage"},"thumbnailUrl":"https:\/\/lospoliticosveracruz.com\/wp-content\/uploads\/2024\/03\/Ignacio-Alvarez.jpg","datePublished":"2024-07-15T15:48:24+00:00","dateModified":"2024-07-15T15:48:33+00:00","breadcrumb":{"@id":"https:\/\/lospoliticosveracruz.com\/?p=127431#breadcrumb"},"inLanguage":"es","potentialAction":[{"@type":"ReadAction","target":["https:\/\/lospoliticosveracruz.com\/?p=127431"]}]},{"@type":"ImageObject","inLanguage":"es","@id":"https:\/\/lospoliticosveracruz.com\/?p=127431#primaryimage","url":"https:\/\/lospoliticosveracruz.com\/wp-content\/uploads\/2024\/03\/Ignacio-Alvarez.jpg","contentUrl":"https:\/\/lospoliticosveracruz.com\/wp-content\/uploads\/2024\/03\/Ignacio-Alvarez.jpg","width":1250,"height":667},{"@type":"BreadcrumbList","@id":"https:\/\/lospoliticosveracruz.com\/?p=127431#breadcrumb","itemListElement":[{"@type":"ListItem","position":1,"name":"Portada","item":"https:\/\/lospoliticosveracruz.com\/"},{"@type":"ListItem","position":2,"name":"JUSTICIA PAREJA"}]},{"@type":"WebSite","@id":"https:\/\/lospoliticosveracruz.com\/#website","url":"https:\/\/lospoliticosveracruz.com\/","name":"Los pol\u00edticos Veracruz","description":"","publisher":{"@id":"https:\/\/lospoliticosveracruz.com\/#organization"},"potentialAction":[{"@type":"SearchAction","target":{"@type":"EntryPoint","urlTemplate":"https:\/\/lospoliticosveracruz.com\/?s={search_term_string}"},"query-input":{"@type":"PropertyValueSpecification","valueRequired":true,"valueName":"search_term_string"}}],"inLanguage":"es"},{"@type":"Organization","@id":"https:\/\/lospoliticosveracruz.com\/#organization","name":"Los pol\u00edticos Veracruz","url":"https:\/\/lospoliticosveracruz.com\/","logo":{"@type":"ImageObject","inLanguage":"es","@id":"https:\/\/lospoliticosveracruz.com\/#\/schema\/logo\/image\/","url":"https:\/\/lospoliticosveracruz.com\/wp-content\/uploads\/2025\/12\/Logo-Nuevo-LOS-POLITICOS-1.jpg","contentUrl":"https:\/\/lospoliticosveracruz.com\/wp-content\/uploads\/2025\/12\/Logo-Nuevo-LOS-POLITICOS-1.jpg","width":260,"height":70,"caption":"Los pol\u00edticos Veracruz"},"image":{"@id":"https:\/\/lospoliticosveracruz.com\/#\/schema\/logo\/image\/"},"sameAs":["https:\/\/www.facebook.com\/people\/Notimemes-de-los-Polticos\/61565672886568\/","https:\/\/x.com\/LosPoliticosVer"]},{"@type":"Person","@id":"https:\/\/lospoliticosveracruz.com\/#\/schema\/person\/b8702bb0e538456e6efd07080bf2a4a2","name":"Lo viste en Los Pol\u00edticos","image":{"@type":"ImageObject","inLanguage":"es","@id":"https:\/\/secure.gravatar.com\/avatar\/3a8de04a2656d44082be478bd6c086daa447c4651605818287b9532d3d0bd435?s=96&d=mm&r=g","url":"https:\/\/secure.gravatar.com\/avatar\/3a8de04a2656d44082be478bd6c086daa447c4651605818287b9532d3d0bd435?s=96&d=mm&r=g","contentUrl":"https:\/\/secure.gravatar.com\/avatar\/3a8de04a2656d44082be478bd6c086daa447c4651605818287b9532d3d0bd435?s=96&d=mm&r=g","caption":"Lo viste en Los Pol\u00edticos"},"url":"https:\/\/lospoliticosveracruz.com\/?author=2"}]}},"_links":{"self":[{"href":"https:\/\/lospoliticosveracruz.com\/index.php?rest_route=\/wp\/v2\/posts\/127431","targetHints":{"allow":["GET"]}}],"collection":[{"href":"https:\/\/lospoliticosveracruz.com\/index.php?rest_route=\/wp\/v2\/posts"}],"about":[{"href":"https:\/\/lospoliticosveracruz.com\/index.php?rest_route=\/wp\/v2\/types\/post"}],"author":[{"embeddable":true,"href":"https:\/\/lospoliticosveracruz.com\/index.php?rest_route=\/wp\/v2\/users\/2"}],"replies":[{"embeddable":true,"href":"https:\/\/lospoliticosveracruz.com\/index.php?rest_route=%2Fwp%2Fv2%2Fcomments&post=127431"}],"version-history":[{"count":1,"href":"https:\/\/lospoliticosveracruz.com\/index.php?rest_route=\/wp\/v2\/posts\/127431\/revisions"}],"predecessor-version":[{"id":127432,"href":"https:\/\/lospoliticosveracruz.com\/index.php?rest_route=\/wp\/v2\/posts\/127431\/revisions\/127432"}],"wp:featuredmedia":[{"embeddable":true,"href":"https:\/\/lospoliticosveracruz.com\/index.php?rest_route=\/wp\/v2\/media\/119937"}],"wp:attachment":[{"href":"https:\/\/lospoliticosveracruz.com\/index.php?rest_route=%2Fwp%2Fv2%2Fmedia&parent=127431"}],"wp:term":[{"taxonomy":"category","embeddable":true,"href":"https:\/\/lospoliticosveracruz.com\/index.php?rest_route=%2Fwp%2Fv2%2Fcategories&post=127431"},{"taxonomy":"post_tag","embeddable":true,"href":"https:\/\/lospoliticosveracruz.com\/index.php?rest_route=%2Fwp%2Fv2%2Ftags&post=127431"}],"curies":[{"name":"wp","href":"https:\/\/api.w.org\/{rel}","templated":true}]}}