{"id":127472,"date":"2024-07-15T21:51:03","date_gmt":"2024-07-16T02:51:03","guid":{"rendered":"https:\/\/lospoliticosveracruz.com.mx\/?p=127472"},"modified":"2024-07-16T09:52:29","modified_gmt":"2024-07-16T14:52:29","slug":"alito","status":"publish","type":"post","link":"https:\/\/lospoliticosveracruz.com\/?p=127472","title":{"rendered":"ALITO"},"content":{"rendered":"\n<p><\/p>\n\n\n\n<p><strong>Luis Bustos<\/strong><\/p>\n\n\n\n<p><em>EnEstaHora<\/em><\/p>\n\n\n\n<p>De hecho, todo est\u00e1 dicho en lo que se refiere al tal \u201cAlito\u201d.<br>En poco tiempo logr\u00f3 la unificaci\u00f3n del verdadero priismo de aut\u00e9ntica sangre roja\u2026 todos en contra.<br>Quiz\u00e1s, como alguna vez lo dijimos en este espacio, lo \u00fanico rescatable de su presidencia fue mantenerse en el bloque opositor legislativo y jug\u00e1rsela en la Coalici\u00f3n Fuerza y etc, etc\u2026 (nombre, por cierto, muy largo que le quit\u00f3 la poca identidad que ya hab\u00eda logrado Fuerza por M\u00e9xico). Estos dos puntos fueron a su favor.<\/p>\n\n\n<div class=\"wp-block-image\">\n<figure class=\"alignleft size-medium\"><a href=\"https:\/\/lospoliticosveracruz.com.mx\/wp-content\/uploads\/2021\/10\/WhatsApp-Image-2021-10-02-at-15.20.25.jpeg\"><img loading=\"lazy\" decoding=\"async\" width=\"212\" height=\"300\" src=\"https:\/\/lospoliticosveracruz.com.mx\/wp-content\/uploads\/2021\/10\/WhatsApp-Image-2021-10-02-at-15.20.25-212x300.jpeg\" alt=\"\" class=\"wp-image-80177\" srcset=\"https:\/\/lospoliticosveracruz.com\/wp-content\/uploads\/2021\/10\/WhatsApp-Image-2021-10-02-at-15.20.25-212x300.jpeg 212w, https:\/\/lospoliticosveracruz.com\/wp-content\/uploads\/2021\/10\/WhatsApp-Image-2021-10-02-at-15.20.25-724x1024.jpeg 724w, https:\/\/lospoliticosveracruz.com\/wp-content\/uploads\/2021\/10\/WhatsApp-Image-2021-10-02-at-15.20.25-768x1086.jpeg 768w, https:\/\/lospoliticosveracruz.com\/wp-content\/uploads\/2021\/10\/WhatsApp-Image-2021-10-02-at-15.20.25.jpeg 905w\" sizes=\"auto, (max-width: 212px) 100vw, 212px\" \/><\/a><\/figure>\n<\/div>\n\n\n<p><br>Lo malo es que en contra no se ha cansado de seguir sumando.<br>El conjurar con Rub\u00e9n Moreira para asegurar la \u201cpropiedad temporal del PRI\u201d, ha sido un tropiezo que ahonda divisiones en el priismo.<br>Sencillo, el coahuilense tiene dos credenciales muy visibles: su esposa es la secretaria general y seguir\u00e1 siendo legisladora, al igual que \u00e9l; o sea, marido y mujer.<br>El resultado de esos acuerdos en lo oscurito no ha logrado penetrar en las bases y menos en quienes han sido dirigentes, exgobernadores y exlegisladores. Gente que, efectivamente, por muchos a\u00f1os permaneci\u00f3 en el PRI recibiendo oportunidades y m\u00e1s oportunidades, pero que fueron parte de un sistema que construy\u00f3 el M\u00e9xico que a\u00fan tenemos vigente, raz\u00f3n suficiente para tener arraigo, peso territorial y su voz sea escuchada y atendida, a\u00fan, por muchos militantes.<br>Atacar a sus antecesores es pendenciero.<br>\u201cAlito\u201d lo menos que puede ocultar es que tambi\u00e9n ha recibido mucho del PRI -hasta ser gobernador-, como para siga aferr\u00e1ndose a firmar como su dirigente. Su embestida es como pararse frente a un espejo y escupir a su propio rostro.<br>Alega que quienes lo combaten, no participaron en la pasada campa\u00f1a, que no se les vio. Quiz\u00e1s pudiera tener raz\u00f3n.<br>Sin embargo, hay una interrogante a\u00fan mayor:<br>La pregunta que se impone es: \u00bfAcaso \u201cAlito\u201d ayud\u00f3, con su presencia egoc\u00e9ntrica, en alguna campa\u00f1a?<br>La respuesta es sencilla: NO.<br>Al contrario, desde su presencia que no genera simpat\u00edas hasta su vestimenta adornada de 100% ego, molestaban m\u00e1s a la vista y a la empat\u00eda.<br>As\u00ed que, si la decisi\u00f3n tomada es desaparecer a ese partido, entonces si es v\u00e1lido que se aferre a la dirigencia que, sin duda alguna, un d\u00eda se quedar\u00e1 sola y sin militantes que les aplaudan sus discursos perdidos en el espacio.<br>Empatando el escenario con Veracruz, la verdad es que no hay un solo aliciente para pensar que en el 2025 se ganen suficientes alcald\u00edas para conservar el registro, menos si se rompe la alianza con el PAN, que es el partido de oposici\u00f3n que a\u00fan trae un mejor tanque de ox\u00edgeno.<br>De por s\u00ed, dicen que acudir a las oficinas de la dirigencia estatal de ese partido, es encontrase con pasillos y oficinas vac\u00edas; mejor ni imaginar un evento convocado a cielo abierto.<br>Adolfo (\u201cFofo\u201d, como \u00e9l mismo se hace llamar imitando todo el estilo fanfarr\u00f3n de \u201cAlito\u201d) Ram\u00edrez Arana, habiendo adoptado la misma moda en la vestimenta del presidente nacional, que refleja unas letras m\u00e1s grandes que su propia convicci\u00f3n de militante del PRI, debe de reconocer que no tiene arraigo ni identidad con la militancia de los 212 municipios, porque es muy distinto haberlos visitado en plena campa\u00f1a con un candidato que parec\u00eda llenar las expectativas de los veracruzanos, a ir ahora cuando su dirigencia ha entregado los peores resultados electorales de la historia de la entidad.<br>A \u201cFofo\u201d lo perjudic\u00f3 aun m\u00e1s, la compa\u00f1\u00eda de una Secretaria General que no representa nada para el priismo veracruzano, ni siquiera para el de su tierra San Rafael (que es asiento real del PRD desde hace tres trienios) y, ella, Lorena Pi\u00f1\u00f3n, la diputada federal repetidora gracias a \u201cAlito\u201d, ni las manos ha metido.<br>En conclusi\u00f3n, \u201cFofo\u201d como \u201cAlito\u201d, est\u00e1n dejando morir al PRI, sin siquiera hacer una llamado a emergencias y llevarlo, cuando menos, a consulta en el \u00e1rea de urgencias.<br>Nota final: La cirug\u00eda a coraz\u00f3n abierto es una verdadera y urgente necesidad, l\u00e1stima que no lo terminan de entender.<br>No \u201cbombea\u201d sangre roja en las marchitas dirigencias de ese partido\u2026 bye-bye, PRI.<\/p>\n","protected":false},"excerpt":{"rendered":"<p>Luis Bustos EnEstaHora De hecho, todo est\u00e1 dicho en lo que se refiere al tal \u201cAlito\u201d.En poco tiempo logr\u00f3 la unificaci\u00f3n del verdadero priismo de aut\u00e9ntica sangre roja\u2026 todos en contra.Quiz\u00e1s, como alguna vez lo dijimos en este espacio, lo \u00fanico rescatable de su presidencia fue mantenerse en el bloque opositor legislativo y jug\u00e1rsela en [&hellip;]<\/p>\n","protected":false},"author":2,"featured_media":0,"comment_status":"closed","ping_status":"closed","sticky":false,"template":"","format":"standard","meta":{"tdm_status":"","tdm_grid_status":"","footnotes":""},"categories":[70],"tags":[16759],"class_list":{"0":"post-127472","1":"post","2":"type-post","3":"status-publish","4":"format-standard","6":"category-de-opinion","7":"tag-luis-bustos"},"yoast_head":"<!-- This site is optimized with the Yoast SEO plugin v27.4 - https:\/\/yoast.com\/product\/yoast-seo-wordpress\/ -->\n<title>ALITO - Los pol\u00edticos Veracruz<\/title>\n<meta name=\"robots\" content=\"index, follow, max-snippet:-1, max-image-preview:large, max-video-preview:-1\" \/>\n<link rel=\"canonical\" href=\"https:\/\/lospoliticosveracruz.com\/?p=127472\" \/>\n<meta property=\"og:locale\" content=\"es_ES\" \/>\n<meta property=\"og:type\" content=\"article\" \/>\n<meta property=\"og:title\" content=\"ALITO - Los pol\u00edticos Veracruz\" \/>\n<meta property=\"og:description\" content=\"Luis Bustos EnEstaHora De hecho, todo est\u00e1 dicho en lo que se refiere al tal \u201cAlito\u201d.En poco tiempo logr\u00f3 la unificaci\u00f3n del verdadero priismo de aut\u00e9ntica sangre roja\u2026 todos en contra.Quiz\u00e1s, como alguna vez lo dijimos en este espacio, lo \u00fanico rescatable de su presidencia fue mantenerse en el bloque opositor legislativo y jug\u00e1rsela en [&hellip;]\" \/>\n<meta property=\"og:url\" content=\"https:\/\/lospoliticosveracruz.com\/?p=127472\" \/>\n<meta property=\"og:site_name\" content=\"Los pol\u00edticos Veracruz\" \/>\n<meta property=\"article:publisher\" content=\"https:\/\/www.facebook.com\/people\/Notimemes-de-los-Polticos\/61565672886568\/\" \/>\n<meta property=\"article:published_time\" content=\"2024-07-16T02:51:03+00:00\" \/>\n<meta property=\"article:modified_time\" content=\"2024-07-16T14:52:29+00:00\" \/>\n<meta property=\"og:image\" content=\"https:\/\/lospoliticosveracruz.com.mx\/wp-content\/uploads\/2021\/10\/WhatsApp-Image-2021-10-02-at-15.20.25-212x300.jpeg\" \/>\n<meta name=\"author\" content=\"Lo viste en Los Pol\u00edticos\" \/>\n<meta name=\"twitter:card\" content=\"summary_large_image\" \/>\n<meta name=\"twitter:creator\" content=\"@LosPoliticosVer\" \/>\n<meta name=\"twitter:site\" content=\"@LosPoliticosVer\" \/>\n<meta name=\"twitter:label1\" content=\"Escrito por\" \/>\n\t<meta name=\"twitter:data1\" content=\"Lo viste en Los Pol\u00edticos\" \/>\n\t<meta name=\"twitter:label2\" content=\"Tiempo de lectura\" \/>\n\t<meta name=\"twitter:data2\" content=\"4 minutos\" \/>\n<script type=\"application\/ld+json\" class=\"yoast-schema-graph\">{\"@context\":\"https:\\\/\\\/schema.org\",\"@graph\":[{\"@type\":\"Article\",\"@id\":\"https:\\\/\\\/lospoliticosveracruz.com\\\/?p=127472#article\",\"isPartOf\":{\"@id\":\"https:\\\/\\\/lospoliticosveracruz.com\\\/?p=127472\"},\"author\":{\"name\":\"Lo viste en Los Pol\u00edticos\",\"@id\":\"https:\\\/\\\/lospoliticosveracruz.com\\\/#\\\/schema\\\/person\\\/b8702bb0e538456e6efd07080bf2a4a2\"},\"headline\":\"ALITO\",\"datePublished\":\"2024-07-16T02:51:03+00:00\",\"dateModified\":\"2024-07-16T14:52:29+00:00\",\"mainEntityOfPage\":{\"@id\":\"https:\\\/\\\/lospoliticosveracruz.com\\\/?p=127472\"},\"wordCount\":725,\"publisher\":{\"@id\":\"https:\\\/\\\/lospoliticosveracruz.com\\\/#organization\"},\"image\":{\"@id\":\"https:\\\/\\\/lospoliticosveracruz.com\\\/?p=127472#primaryimage\"},\"thumbnailUrl\":\"https:\\\/\\\/lospoliticosveracruz.com.mx\\\/wp-content\\\/uploads\\\/2021\\\/10\\\/WhatsApp-Image-2021-10-02-at-15.20.25-212x300.jpeg\",\"keywords\":[\"Luis Bustos\"],\"articleSection\":[\"De Opini\u00f3n\"],\"inLanguage\":\"es\"},{\"@type\":\"WebPage\",\"@id\":\"https:\\\/\\\/lospoliticosveracruz.com\\\/?p=127472\",\"url\":\"https:\\\/\\\/lospoliticosveracruz.com\\\/?p=127472\",\"name\":\"ALITO - Los pol\u00edticos Veracruz\",\"isPartOf\":{\"@id\":\"https:\\\/\\\/lospoliticosveracruz.com\\\/#website\"},\"primaryImageOfPage\":{\"@id\":\"https:\\\/\\\/lospoliticosveracruz.com\\\/?p=127472#primaryimage\"},\"image\":{\"@id\":\"https:\\\/\\\/lospoliticosveracruz.com\\\/?p=127472#primaryimage\"},\"thumbnailUrl\":\"https:\\\/\\\/lospoliticosveracruz.com.mx\\\/wp-content\\\/uploads\\\/2021\\\/10\\\/WhatsApp-Image-2021-10-02-at-15.20.25-212x300.jpeg\",\"datePublished\":\"2024-07-16T02:51:03+00:00\",\"dateModified\":\"2024-07-16T14:52:29+00:00\",\"breadcrumb\":{\"@id\":\"https:\\\/\\\/lospoliticosveracruz.com\\\/?p=127472#breadcrumb\"},\"inLanguage\":\"es\",\"potentialAction\":[{\"@type\":\"ReadAction\",\"target\":[\"https:\\\/\\\/lospoliticosveracruz.com\\\/?p=127472\"]}]},{\"@type\":\"ImageObject\",\"inLanguage\":\"es\",\"@id\":\"https:\\\/\\\/lospoliticosveracruz.com\\\/?p=127472#primaryimage\",\"url\":\"https:\\\/\\\/lospoliticosveracruz.com.mx\\\/wp-content\\\/uploads\\\/2021\\\/10\\\/WhatsApp-Image-2021-10-02-at-15.20.25-212x300.jpeg\",\"contentUrl\":\"https:\\\/\\\/lospoliticosveracruz.com.mx\\\/wp-content\\\/uploads\\\/2021\\\/10\\\/WhatsApp-Image-2021-10-02-at-15.20.25-212x300.jpeg\"},{\"@type\":\"BreadcrumbList\",\"@id\":\"https:\\\/\\\/lospoliticosveracruz.com\\\/?p=127472#breadcrumb\",\"itemListElement\":[{\"@type\":\"ListItem\",\"position\":1,\"name\":\"Portada\",\"item\":\"https:\\\/\\\/lospoliticosveracruz.com\\\/\"},{\"@type\":\"ListItem\",\"position\":2,\"name\":\"ALITO\"}]},{\"@type\":\"WebSite\",\"@id\":\"https:\\\/\\\/lospoliticosveracruz.com\\\/#website\",\"url\":\"https:\\\/\\\/lospoliticosveracruz.com\\\/\",\"name\":\"Los pol\u00edticos Veracruz\",\"description\":\"\",\"publisher\":{\"@id\":\"https:\\\/\\\/lospoliticosveracruz.com\\\/#organization\"},\"potentialAction\":[{\"@type\":\"SearchAction\",\"target\":{\"@type\":\"EntryPoint\",\"urlTemplate\":\"https:\\\/\\\/lospoliticosveracruz.com\\\/?s={search_term_string}\"},\"query-input\":{\"@type\":\"PropertyValueSpecification\",\"valueRequired\":true,\"valueName\":\"search_term_string\"}}],\"inLanguage\":\"es\"},{\"@type\":\"Organization\",\"@id\":\"https:\\\/\\\/lospoliticosveracruz.com\\\/#organization\",\"name\":\"Los pol\u00edticos Veracruz\",\"url\":\"https:\\\/\\\/lospoliticosveracruz.com\\\/\",\"logo\":{\"@type\":\"ImageObject\",\"inLanguage\":\"es\",\"@id\":\"https:\\\/\\\/lospoliticosveracruz.com\\\/#\\\/schema\\\/logo\\\/image\\\/\",\"url\":\"https:\\\/\\\/lospoliticosveracruz.com\\\/wp-content\\\/uploads\\\/2025\\\/12\\\/Logo-Nuevo-LOS-POLITICOS-1.jpg\",\"contentUrl\":\"https:\\\/\\\/lospoliticosveracruz.com\\\/wp-content\\\/uploads\\\/2025\\\/12\\\/Logo-Nuevo-LOS-POLITICOS-1.jpg\",\"width\":260,\"height\":70,\"caption\":\"Los pol\u00edticos Veracruz\"},\"image\":{\"@id\":\"https:\\\/\\\/lospoliticosveracruz.com\\\/#\\\/schema\\\/logo\\\/image\\\/\"},\"sameAs\":[\"https:\\\/\\\/www.facebook.com\\\/people\\\/Notimemes-de-los-Polticos\\\/61565672886568\\\/\",\"https:\\\/\\\/x.com\\\/LosPoliticosVer\"]},{\"@type\":\"Person\",\"@id\":\"https:\\\/\\\/lospoliticosveracruz.com\\\/#\\\/schema\\\/person\\\/b8702bb0e538456e6efd07080bf2a4a2\",\"name\":\"Lo viste en Los Pol\u00edticos\",\"image\":{\"@type\":\"ImageObject\",\"inLanguage\":\"es\",\"@id\":\"https:\\\/\\\/secure.gravatar.com\\\/avatar\\\/3a8de04a2656d44082be478bd6c086daa447c4651605818287b9532d3d0bd435?s=96&d=mm&r=g\",\"url\":\"https:\\\/\\\/secure.gravatar.com\\\/avatar\\\/3a8de04a2656d44082be478bd6c086daa447c4651605818287b9532d3d0bd435?s=96&d=mm&r=g\",\"contentUrl\":\"https:\\\/\\\/secure.gravatar.com\\\/avatar\\\/3a8de04a2656d44082be478bd6c086daa447c4651605818287b9532d3d0bd435?s=96&d=mm&r=g\",\"caption\":\"Lo viste en Los Pol\u00edticos\"},\"url\":\"https:\\\/\\\/lospoliticosveracruz.com\\\/?author=2\"}]}<\/script>\n<!-- \/ Yoast SEO plugin. -->","yoast_head_json":{"title":"ALITO - Los pol\u00edticos Veracruz","robots":{"index":"index","follow":"follow","max-snippet":"max-snippet:-1","max-image-preview":"max-image-preview:large","max-video-preview":"max-video-preview:-1"},"canonical":"https:\/\/lospoliticosveracruz.com\/?p=127472","og_locale":"es_ES","og_type":"article","og_title":"ALITO - Los pol\u00edticos Veracruz","og_description":"Luis Bustos EnEstaHora De hecho, todo est\u00e1 dicho en lo que se refiere al tal \u201cAlito\u201d.En poco tiempo logr\u00f3 la unificaci\u00f3n del verdadero priismo de aut\u00e9ntica sangre roja\u2026 todos en contra.Quiz\u00e1s, como alguna vez lo dijimos en este espacio, lo \u00fanico rescatable de su presidencia fue mantenerse en el bloque opositor legislativo y jug\u00e1rsela en [&hellip;]","og_url":"https:\/\/lospoliticosveracruz.com\/?p=127472","og_site_name":"Los pol\u00edticos Veracruz","article_publisher":"https:\/\/www.facebook.com\/people\/Notimemes-de-los-Polticos\/61565672886568\/","article_published_time":"2024-07-16T02:51:03+00:00","article_modified_time":"2024-07-16T14:52:29+00:00","og_image":[{"url":"https:\/\/lospoliticosveracruz.com.mx\/wp-content\/uploads\/2021\/10\/WhatsApp-Image-2021-10-02-at-15.20.25-212x300.jpeg","type":"","width":"","height":""}],"author":"Lo viste en Los Pol\u00edticos","twitter_card":"summary_large_image","twitter_creator":"@LosPoliticosVer","twitter_site":"@LosPoliticosVer","twitter_misc":{"Escrito por":"Lo viste en Los Pol\u00edticos","Tiempo de lectura":"4 minutos"},"schema":{"@context":"https:\/\/schema.org","@graph":[{"@type":"Article","@id":"https:\/\/lospoliticosveracruz.com\/?p=127472#article","isPartOf":{"@id":"https:\/\/lospoliticosveracruz.com\/?p=127472"},"author":{"name":"Lo viste en Los Pol\u00edticos","@id":"https:\/\/lospoliticosveracruz.com\/#\/schema\/person\/b8702bb0e538456e6efd07080bf2a4a2"},"headline":"ALITO","datePublished":"2024-07-16T02:51:03+00:00","dateModified":"2024-07-16T14:52:29+00:00","mainEntityOfPage":{"@id":"https:\/\/lospoliticosveracruz.com\/?p=127472"},"wordCount":725,"publisher":{"@id":"https:\/\/lospoliticosveracruz.com\/#organization"},"image":{"@id":"https:\/\/lospoliticosveracruz.com\/?p=127472#primaryimage"},"thumbnailUrl":"https:\/\/lospoliticosveracruz.com.mx\/wp-content\/uploads\/2021\/10\/WhatsApp-Image-2021-10-02-at-15.20.25-212x300.jpeg","keywords":["Luis Bustos"],"articleSection":["De Opini\u00f3n"],"inLanguage":"es"},{"@type":"WebPage","@id":"https:\/\/lospoliticosveracruz.com\/?p=127472","url":"https:\/\/lospoliticosveracruz.com\/?p=127472","name":"ALITO - Los pol\u00edticos Veracruz","isPartOf":{"@id":"https:\/\/lospoliticosveracruz.com\/#website"},"primaryImageOfPage":{"@id":"https:\/\/lospoliticosveracruz.com\/?p=127472#primaryimage"},"image":{"@id":"https:\/\/lospoliticosveracruz.com\/?p=127472#primaryimage"},"thumbnailUrl":"https:\/\/lospoliticosveracruz.com.mx\/wp-content\/uploads\/2021\/10\/WhatsApp-Image-2021-10-02-at-15.20.25-212x300.jpeg","datePublished":"2024-07-16T02:51:03+00:00","dateModified":"2024-07-16T14:52:29+00:00","breadcrumb":{"@id":"https:\/\/lospoliticosveracruz.com\/?p=127472#breadcrumb"},"inLanguage":"es","potentialAction":[{"@type":"ReadAction","target":["https:\/\/lospoliticosveracruz.com\/?p=127472"]}]},{"@type":"ImageObject","inLanguage":"es","@id":"https:\/\/lospoliticosveracruz.com\/?p=127472#primaryimage","url":"https:\/\/lospoliticosveracruz.com.mx\/wp-content\/uploads\/2021\/10\/WhatsApp-Image-2021-10-02-at-15.20.25-212x300.jpeg","contentUrl":"https:\/\/lospoliticosveracruz.com.mx\/wp-content\/uploads\/2021\/10\/WhatsApp-Image-2021-10-02-at-15.20.25-212x300.jpeg"},{"@type":"BreadcrumbList","@id":"https:\/\/lospoliticosveracruz.com\/?p=127472#breadcrumb","itemListElement":[{"@type":"ListItem","position":1,"name":"Portada","item":"https:\/\/lospoliticosveracruz.com\/"},{"@type":"ListItem","position":2,"name":"ALITO"}]},{"@type":"WebSite","@id":"https:\/\/lospoliticosveracruz.com\/#website","url":"https:\/\/lospoliticosveracruz.com\/","name":"Los pol\u00edticos Veracruz","description":"","publisher":{"@id":"https:\/\/lospoliticosveracruz.com\/#organization"},"potentialAction":[{"@type":"SearchAction","target":{"@type":"EntryPoint","urlTemplate":"https:\/\/lospoliticosveracruz.com\/?s={search_term_string}"},"query-input":{"@type":"PropertyValueSpecification","valueRequired":true,"valueName":"search_term_string"}}],"inLanguage":"es"},{"@type":"Organization","@id":"https:\/\/lospoliticosveracruz.com\/#organization","name":"Los pol\u00edticos Veracruz","url":"https:\/\/lospoliticosveracruz.com\/","logo":{"@type":"ImageObject","inLanguage":"es","@id":"https:\/\/lospoliticosveracruz.com\/#\/schema\/logo\/image\/","url":"https:\/\/lospoliticosveracruz.com\/wp-content\/uploads\/2025\/12\/Logo-Nuevo-LOS-POLITICOS-1.jpg","contentUrl":"https:\/\/lospoliticosveracruz.com\/wp-content\/uploads\/2025\/12\/Logo-Nuevo-LOS-POLITICOS-1.jpg","width":260,"height":70,"caption":"Los pol\u00edticos Veracruz"},"image":{"@id":"https:\/\/lospoliticosveracruz.com\/#\/schema\/logo\/image\/"},"sameAs":["https:\/\/www.facebook.com\/people\/Notimemes-de-los-Polticos\/61565672886568\/","https:\/\/x.com\/LosPoliticosVer"]},{"@type":"Person","@id":"https:\/\/lospoliticosveracruz.com\/#\/schema\/person\/b8702bb0e538456e6efd07080bf2a4a2","name":"Lo viste en Los Pol\u00edticos","image":{"@type":"ImageObject","inLanguage":"es","@id":"https:\/\/secure.gravatar.com\/avatar\/3a8de04a2656d44082be478bd6c086daa447c4651605818287b9532d3d0bd435?s=96&d=mm&r=g","url":"https:\/\/secure.gravatar.com\/avatar\/3a8de04a2656d44082be478bd6c086daa447c4651605818287b9532d3d0bd435?s=96&d=mm&r=g","contentUrl":"https:\/\/secure.gravatar.com\/avatar\/3a8de04a2656d44082be478bd6c086daa447c4651605818287b9532d3d0bd435?s=96&d=mm&r=g","caption":"Lo viste en Los Pol\u00edticos"},"url":"https:\/\/lospoliticosveracruz.com\/?author=2"}]}},"_links":{"self":[{"href":"https:\/\/lospoliticosveracruz.com\/index.php?rest_route=\/wp\/v2\/posts\/127472","targetHints":{"allow":["GET"]}}],"collection":[{"href":"https:\/\/lospoliticosveracruz.com\/index.php?rest_route=\/wp\/v2\/posts"}],"about":[{"href":"https:\/\/lospoliticosveracruz.com\/index.php?rest_route=\/wp\/v2\/types\/post"}],"author":[{"embeddable":true,"href":"https:\/\/lospoliticosveracruz.com\/index.php?rest_route=\/wp\/v2\/users\/2"}],"replies":[{"embeddable":true,"href":"https:\/\/lospoliticosveracruz.com\/index.php?rest_route=%2Fwp%2Fv2%2Fcomments&post=127472"}],"version-history":[{"count":1,"href":"https:\/\/lospoliticosveracruz.com\/index.php?rest_route=\/wp\/v2\/posts\/127472\/revisions"}],"predecessor-version":[{"id":127473,"href":"https:\/\/lospoliticosveracruz.com\/index.php?rest_route=\/wp\/v2\/posts\/127472\/revisions\/127473"}],"wp:attachment":[{"href":"https:\/\/lospoliticosveracruz.com\/index.php?rest_route=%2Fwp%2Fv2%2Fmedia&parent=127472"}],"wp:term":[{"taxonomy":"category","embeddable":true,"href":"https:\/\/lospoliticosveracruz.com\/index.php?rest_route=%2Fwp%2Fv2%2Fcategories&post=127472"},{"taxonomy":"post_tag","embeddable":true,"href":"https:\/\/lospoliticosveracruz.com\/index.php?rest_route=%2Fwp%2Fv2%2Ftags&post=127472"}],"curies":[{"name":"wp","href":"https:\/\/api.w.org\/{rel}","templated":true}]}}