{"id":127477,"date":"2024-07-16T03:29:20","date_gmt":"2024-07-16T08:29:20","guid":{"rendered":"https:\/\/lospoliticosveracruz.com.mx\/?p=127477"},"modified":"2024-07-16T03:29:35","modified_gmt":"2024-07-16T08:29:35","slug":"los-mensajes-de-nahle","status":"publish","type":"post","link":"https:\/\/lospoliticosveracruz.com\/?p=127477","title":{"rendered":"LOS MENSAJES DE NAHLE"},"content":{"rendered":"\n<p><strong>Ricardo Chua<\/strong><\/p>\n\n\n\n<p><em>Sale y Vale<\/em><\/p>\n\n\n\n<p>Dentro del \u00abC\u00edrculo Rojo\u00bb del poder en Veracruz.. Se comenta que la gobernadora electa, Roc\u00edo Nahle, m\u00e1s que una disputa pol\u00edtica con Los Yunes \u00abAzules\u00bb.. Ella est\u00e1 mandando mensajes directos a los \u00abSIMULADORES DE LA 4T\u00bb en Veracruz, que en este sexenio de Cuitl\u00e1huac Garc\u00eda, le orquestaron la \u00abguerra sucia\u00bb en contra y le saquearon el Estado.. Es decir, les \u00abpint\u00f3 su raya\u00bb con el actual sexenio de MORENA y el mensaje vino v\u00eda Zenyazen Escobar y Jos\u00e9 Luis Lima Franco.. DURO Y A LA CABEZA..<\/p>\n\n\n\n<p>Esto comenz\u00f3, dice \u00abGarganta Profunda\u00bb desde el momento que se reuni\u00f3 con los diputados federales de MORENA que ganaron en Veracruz.. Y que de ah\u00ed nombr\u00f3 a Zenyazen Escobar como el coordinador de este grupo legislativo en la c\u00e1mara baja del Congreso de la Uni\u00f3n.. Y marc\u00f3 la distancia entre ella y Eleazar Guerrero P\u00e9rez.. El Primo de Cuitl\u00e1huac.. Dej\u00e1ndole s\u00f3lo su curul pero sin ninguna influencia con estos legisladores federales.. Y el \u00abgolpe sec\u00f3\u00bb fue la permanencia de Jos\u00e9 Luis Lima Franco en la SEFIPLAN..<\/p>\n\n\n\n<p>Ya que se ha comentado que el que se quedara ah\u00ed en SEFIPLAN.. Es por dos cosas.. Una que permanezca \u00abarraigado\u00bb en esa oficina para aguantar las \u00abcontingencias\u00bb y les desmenuce a Nahle como est\u00e1n las cosas.. Pero que se supone tambi\u00e9n se queda para que entregue la informaci\u00f3n contra \u00abEl Primo Eleazar\u00bb y sus presuntos operadores financieros en las distintas dependencias estatales.. Donde estaban con los cargos de directores administrativos.. Van con todo por ellos.. Las carpetas se est\u00e1n preparando.. No todos tienen el fuero del Primo..<\/p>\n\n\n\n<p>As\u00ed que la permanencia de Lima en SEFIPLAN.. Les da un mensaje.. El titular de esa secretar\u00eda era un adversario \u00abcantado\u00bb del \u00abPrimo\u00bb Eleazar.. Ya que Guerrero P\u00e9rez como subsecretario de Finanzas controlaba todas las dependencias estatales con sus direcciones administrativas.. Y nada le pod\u00edan decir porque era primo de Cuitl\u00e1huac Garc\u00eda.. Por ello, Lima Franco se queda a aguantar y sacar los compromisos del gobierno que son los pagos de diciembre con los aguinaldos, junto con las deudas y pr\u00e9stamos.. PEROOOOO<\/p>\n\n\n\n<p>Tambi\u00e9n dicen que se queda para juntar toda la informaci\u00f3n y en el proceso entregar\u00e1 todos estos datos a la hoy gobernadora electa sobre \u00abEl Primo\u00bb Eleazar y de todos sus operadores personales del ex subsecretario de Finanzas, hoy diputado federal por MORENA.. Sobre todo el tema de la compra y renta de las patrullas de la Secretar\u00eda de Seguridad P\u00fablica hechas desde SEFIPLAN.. As\u00ed que Nahle manda esos mensajes a los personajes ligados a la 4T.. La \u00abgolpearon\u00bb mucho con la \u00abguerra sucia\u00bb.. EL QUE ENTENDI\u00d3, ENTENDI\u00d3..<\/p>\n\n\n\n<p>EL \u00abHOME RUN\u00bb DE \u00abCHIO\u00bb Y EL \u00abPULPO\u00bb REMES.. Que en el norte de Veracruz.. Ya se empezar\u00e1 a construir la Planta de Fertilizantes en Poza Rica.. Misma que ya se licito, se invertir\u00e1n 3 mil 200 millones de d\u00f3lares\u2026 As\u00ed que lo que parec\u00eda algo lejano, se hace realidad.. Por la gesti\u00f3n de la gobernadora electa, Roc\u00edo Nahle y del alcalde de Poza Rica, Fernando \u201cEl Pulpo\u201d Remes.. Este pasado 19 de junio de 2024, ya se adjudic\u00f3, mediante licitaci\u00f3n, la construcci\u00f3n de la Planta de Fertilizantes en lo que era el Complejo Petroqu\u00edmico Escol\u00ecn..<\/p>\n\n\n\n<p>Cabe mencionar que la licitaci\u00f3n la gan\u00f3 la empresa MOTA-ENGIL MEXICO, S. A. P. I. DE C. V. y dicha obra tendr\u00e1 un costo de m\u00e1s de 3 mil 200 millones de d\u00f3lares, lo que viene a reactivar la econom\u00eda de la regi\u00f3n norte del estado, as\u00ed como a incentivar la generaci\u00f3n de empleos.. Fernando Remes ha expresado que Andr\u00e9s Manuel L\u00f3pez Obrador y Roc\u00edo Nahle le est\u00e1n cumpliendo lo prometido a Poza Rica.. Por la inversi\u00f3n hist\u00f3rica para la zona.. No cabe duda, que al \u00abPulpo\u00bb si lo quiere el Presidente y ahora la gobernadora..<\/p>\n\n\n\n<p>Desde julio del 2022, L\u00f3pez Obrador visit\u00f3 el complejo Petroqu\u00edmico Escolin, donde estuvo en la reuni\u00f3n Fernando Remes, la entonces Secretar\u00eda de Energ\u00eda, Roc\u00edo Nahle, el Director de PEMEX, Octavio Romero Oropeza, el Secretario de Agricultura, V\u00edctor Manuel Villalobos, entre otros, y fue ah\u00ed donde L\u00f3pez Obrador anunci\u00f3 la viabilidad de la construcci\u00f3n de la mencionada Planta de Fertilizantes, la cual va a generar m\u00e1s de tres mil empleos, y una gran derrama econ\u00f3mica.. Si se avanza, al \u00abPulpo\u00bb lo sacan en \u00abhombros\u00bb..<\/p>\n\n\n\n<p>De acuerdo a las bases de la licitaci\u00f3n realizada por PEMEX, ser\u00e1 el 1 de octubre el inicio de la construcci\u00f3n de dicha Planta de Fertilizantes, aunque se espera que L\u00f3pez Obrador visite antes Poza Rica para hacer el anuncio oficial, acompa\u00f1ado por la Presidenta Electa, Claudia Sheinbaum y Roc\u00edo Nahle, como gobernadora electa del estado.. Y pensar que Cuitl\u00e1huac Garc\u00eda \u00abbloqueo\u00bb al \u00abPulpo\u00bb hasta m\u00e1s no poder para que no fuera candidato a alcalde de Poza Rica en 2021.. Y miren.. HOME RUN..<\/p>\n","protected":false},"excerpt":{"rendered":"<p>Ricardo Chua Sale y Vale Dentro del \u00abC\u00edrculo Rojo\u00bb del poder en Veracruz.. Se comenta que la gobernadora electa, Roc\u00edo Nahle, m\u00e1s que una disputa pol\u00edtica con Los Yunes \u00abAzules\u00bb.. Ella est\u00e1 mandando mensajes directos a los \u00abSIMULADORES DE LA 4T\u00bb en Veracruz, que en este sexenio de Cuitl\u00e1huac Garc\u00eda, le orquestaron la \u00abguerra sucia\u00bb [&hellip;]<\/p>\n","protected":false},"author":2,"featured_media":119817,"comment_status":"closed","ping_status":"closed","sticky":false,"template":"","format":"standard","meta":{"tdm_status":"","tdm_grid_status":"","footnotes":""},"categories":[70],"tags":[1563,13713,1026,3578,195,12372],"class_list":{"0":"post-127477","1":"post","2":"type-post","3":"status-publish","4":"format-standard","5":"has-post-thumbnail","7":"category-de-opinion","8":"tag-cuitlahuac-garcia-jimenez","9":"tag-jose-luis-lima-franco","10":"tag-morena","11":"tag-rocio-nahle","12":"tag-veracruz","13":"tag-zenyazen-escobar-garcia"},"yoast_head":"<!-- This site is optimized with the Yoast SEO plugin v27.4 - https:\/\/yoast.com\/product\/yoast-seo-wordpress\/ -->\n<title>LOS MENSAJES DE NAHLE - Los pol\u00edticos Veracruz<\/title>\n<meta name=\"robots\" content=\"index, follow, max-snippet:-1, max-image-preview:large, max-video-preview:-1\" \/>\n<link rel=\"canonical\" href=\"https:\/\/lospoliticosveracruz.com\/?p=127477\" \/>\n<meta property=\"og:locale\" content=\"es_ES\" \/>\n<meta property=\"og:type\" content=\"article\" \/>\n<meta property=\"og:title\" content=\"LOS MENSAJES DE NAHLE - Los pol\u00edticos Veracruz\" \/>\n<meta property=\"og:description\" content=\"Ricardo Chua Sale y Vale Dentro del \u00abC\u00edrculo Rojo\u00bb del poder en Veracruz.. Se comenta que la gobernadora electa, Roc\u00edo Nahle, m\u00e1s que una disputa pol\u00edtica con Los Yunes \u00abAzules\u00bb.. Ella est\u00e1 mandando mensajes directos a los \u00abSIMULADORES DE LA 4T\u00bb en Veracruz, que en este sexenio de Cuitl\u00e1huac Garc\u00eda, le orquestaron la \u00abguerra sucia\u00bb [&hellip;]\" \/>\n<meta property=\"og:url\" content=\"https:\/\/lospoliticosveracruz.com\/?p=127477\" \/>\n<meta property=\"og:site_name\" content=\"Los pol\u00edticos Veracruz\" \/>\n<meta property=\"article:publisher\" content=\"https:\/\/www.facebook.com\/people\/Notimemes-de-los-Polticos\/61565672886568\/\" \/>\n<meta property=\"article:published_time\" content=\"2024-07-16T08:29:20+00:00\" \/>\n<meta property=\"article:modified_time\" content=\"2024-07-16T08:29:35+00:00\" \/>\n<meta property=\"og:image\" content=\"https:\/\/lospoliticosveracruz.com\/wp-content\/uploads\/2024\/03\/Ricardo-Chua.jpg\" \/>\n\t<meta property=\"og:image:width\" content=\"1250\" \/>\n\t<meta property=\"og:image:height\" content=\"667\" \/>\n\t<meta property=\"og:image:type\" content=\"image\/jpeg\" \/>\n<meta name=\"author\" content=\"Lo viste en Los Pol\u00edticos\" \/>\n<meta name=\"twitter:card\" content=\"summary_large_image\" \/>\n<meta name=\"twitter:creator\" content=\"@LosPoliticosVer\" \/>\n<meta name=\"twitter:site\" content=\"@LosPoliticosVer\" \/>\n<meta name=\"twitter:label1\" content=\"Escrito por\" \/>\n\t<meta name=\"twitter:data1\" content=\"Lo viste en Los Pol\u00edticos\" \/>\n\t<meta name=\"twitter:label2\" content=\"Tiempo de lectura\" \/>\n\t<meta name=\"twitter:data2\" content=\"4 minutos\" \/>\n<script type=\"application\/ld+json\" class=\"yoast-schema-graph\">{\"@context\":\"https:\\\/\\\/schema.org\",\"@graph\":[{\"@type\":\"Article\",\"@id\":\"https:\\\/\\\/lospoliticosveracruz.com\\\/?p=127477#article\",\"isPartOf\":{\"@id\":\"https:\\\/\\\/lospoliticosveracruz.com\\\/?p=127477\"},\"author\":{\"name\":\"Lo viste en Los Pol\u00edticos\",\"@id\":\"https:\\\/\\\/lospoliticosveracruz.com\\\/#\\\/schema\\\/person\\\/b8702bb0e538456e6efd07080bf2a4a2\"},\"headline\":\"LOS MENSAJES DE NAHLE\",\"datePublished\":\"2024-07-16T08:29:20+00:00\",\"dateModified\":\"2024-07-16T08:29:35+00:00\",\"mainEntityOfPage\":{\"@id\":\"https:\\\/\\\/lospoliticosveracruz.com\\\/?p=127477\"},\"wordCount\":856,\"publisher\":{\"@id\":\"https:\\\/\\\/lospoliticosveracruz.com\\\/#organization\"},\"image\":{\"@id\":\"https:\\\/\\\/lospoliticosveracruz.com\\\/?p=127477#primaryimage\"},\"thumbnailUrl\":\"https:\\\/\\\/lospoliticosveracruz.com\\\/wp-content\\\/uploads\\\/2024\\\/03\\\/Ricardo-Chua.jpg\",\"keywords\":[\"Cuitl\u00e1huac Garc\u00eda Jim\u00e9nez\",\"Jos\u00e9 Luis Lima Franco\",\"Morena\",\"Roc\u00edo Nahle\",\"Veracruz\",\"Zenyazen Escobar Garc\u00eda\"],\"articleSection\":[\"De Opini\u00f3n\"],\"inLanguage\":\"es\"},{\"@type\":\"WebPage\",\"@id\":\"https:\\\/\\\/lospoliticosveracruz.com\\\/?p=127477\",\"url\":\"https:\\\/\\\/lospoliticosveracruz.com\\\/?p=127477\",\"name\":\"LOS MENSAJES DE NAHLE - Los pol\u00edticos Veracruz\",\"isPartOf\":{\"@id\":\"https:\\\/\\\/lospoliticosveracruz.com\\\/#website\"},\"primaryImageOfPage\":{\"@id\":\"https:\\\/\\\/lospoliticosveracruz.com\\\/?p=127477#primaryimage\"},\"image\":{\"@id\":\"https:\\\/\\\/lospoliticosveracruz.com\\\/?p=127477#primaryimage\"},\"thumbnailUrl\":\"https:\\\/\\\/lospoliticosveracruz.com\\\/wp-content\\\/uploads\\\/2024\\\/03\\\/Ricardo-Chua.jpg\",\"datePublished\":\"2024-07-16T08:29:20+00:00\",\"dateModified\":\"2024-07-16T08:29:35+00:00\",\"breadcrumb\":{\"@id\":\"https:\\\/\\\/lospoliticosveracruz.com\\\/?p=127477#breadcrumb\"},\"inLanguage\":\"es\",\"potentialAction\":[{\"@type\":\"ReadAction\",\"target\":[\"https:\\\/\\\/lospoliticosveracruz.com\\\/?p=127477\"]}]},{\"@type\":\"ImageObject\",\"inLanguage\":\"es\",\"@id\":\"https:\\\/\\\/lospoliticosveracruz.com\\\/?p=127477#primaryimage\",\"url\":\"https:\\\/\\\/lospoliticosveracruz.com\\\/wp-content\\\/uploads\\\/2024\\\/03\\\/Ricardo-Chua.jpg\",\"contentUrl\":\"https:\\\/\\\/lospoliticosveracruz.com\\\/wp-content\\\/uploads\\\/2024\\\/03\\\/Ricardo-Chua.jpg\",\"width\":1250,\"height\":667},{\"@type\":\"BreadcrumbList\",\"@id\":\"https:\\\/\\\/lospoliticosveracruz.com\\\/?p=127477#breadcrumb\",\"itemListElement\":[{\"@type\":\"ListItem\",\"position\":1,\"name\":\"Portada\",\"item\":\"https:\\\/\\\/lospoliticosveracruz.com\\\/\"},{\"@type\":\"ListItem\",\"position\":2,\"name\":\"LOS MENSAJES DE NAHLE\"}]},{\"@type\":\"WebSite\",\"@id\":\"https:\\\/\\\/lospoliticosveracruz.com\\\/#website\",\"url\":\"https:\\\/\\\/lospoliticosveracruz.com\\\/\",\"name\":\"Los pol\u00edticos Veracruz\",\"description\":\"\",\"publisher\":{\"@id\":\"https:\\\/\\\/lospoliticosveracruz.com\\\/#organization\"},\"potentialAction\":[{\"@type\":\"SearchAction\",\"target\":{\"@type\":\"EntryPoint\",\"urlTemplate\":\"https:\\\/\\\/lospoliticosveracruz.com\\\/?s={search_term_string}\"},\"query-input\":{\"@type\":\"PropertyValueSpecification\",\"valueRequired\":true,\"valueName\":\"search_term_string\"}}],\"inLanguage\":\"es\"},{\"@type\":\"Organization\",\"@id\":\"https:\\\/\\\/lospoliticosveracruz.com\\\/#organization\",\"name\":\"Los pol\u00edticos Veracruz\",\"url\":\"https:\\\/\\\/lospoliticosveracruz.com\\\/\",\"logo\":{\"@type\":\"ImageObject\",\"inLanguage\":\"es\",\"@id\":\"https:\\\/\\\/lospoliticosveracruz.com\\\/#\\\/schema\\\/logo\\\/image\\\/\",\"url\":\"https:\\\/\\\/lospoliticosveracruz.com\\\/wp-content\\\/uploads\\\/2025\\\/12\\\/Logo-Nuevo-LOS-POLITICOS-1.jpg\",\"contentUrl\":\"https:\\\/\\\/lospoliticosveracruz.com\\\/wp-content\\\/uploads\\\/2025\\\/12\\\/Logo-Nuevo-LOS-POLITICOS-1.jpg\",\"width\":260,\"height\":70,\"caption\":\"Los pol\u00edticos Veracruz\"},\"image\":{\"@id\":\"https:\\\/\\\/lospoliticosveracruz.com\\\/#\\\/schema\\\/logo\\\/image\\\/\"},\"sameAs\":[\"https:\\\/\\\/www.facebook.com\\\/people\\\/Notimemes-de-los-Polticos\\\/61565672886568\\\/\",\"https:\\\/\\\/x.com\\\/LosPoliticosVer\"]},{\"@type\":\"Person\",\"@id\":\"https:\\\/\\\/lospoliticosveracruz.com\\\/#\\\/schema\\\/person\\\/b8702bb0e538456e6efd07080bf2a4a2\",\"name\":\"Lo viste en Los Pol\u00edticos\",\"image\":{\"@type\":\"ImageObject\",\"inLanguage\":\"es\",\"@id\":\"https:\\\/\\\/secure.gravatar.com\\\/avatar\\\/3a8de04a2656d44082be478bd6c086daa447c4651605818287b9532d3d0bd435?s=96&d=mm&r=g\",\"url\":\"https:\\\/\\\/secure.gravatar.com\\\/avatar\\\/3a8de04a2656d44082be478bd6c086daa447c4651605818287b9532d3d0bd435?s=96&d=mm&r=g\",\"contentUrl\":\"https:\\\/\\\/secure.gravatar.com\\\/avatar\\\/3a8de04a2656d44082be478bd6c086daa447c4651605818287b9532d3d0bd435?s=96&d=mm&r=g\",\"caption\":\"Lo viste en Los Pol\u00edticos\"},\"url\":\"https:\\\/\\\/lospoliticosveracruz.com\\\/?author=2\"}]}<\/script>\n<!-- \/ Yoast SEO plugin. -->","yoast_head_json":{"title":"LOS MENSAJES DE NAHLE - Los pol\u00edticos Veracruz","robots":{"index":"index","follow":"follow","max-snippet":"max-snippet:-1","max-image-preview":"max-image-preview:large","max-video-preview":"max-video-preview:-1"},"canonical":"https:\/\/lospoliticosveracruz.com\/?p=127477","og_locale":"es_ES","og_type":"article","og_title":"LOS MENSAJES DE NAHLE - Los pol\u00edticos Veracruz","og_description":"Ricardo Chua Sale y Vale Dentro del \u00abC\u00edrculo Rojo\u00bb del poder en Veracruz.. Se comenta que la gobernadora electa, Roc\u00edo Nahle, m\u00e1s que una disputa pol\u00edtica con Los Yunes \u00abAzules\u00bb.. Ella est\u00e1 mandando mensajes directos a los \u00abSIMULADORES DE LA 4T\u00bb en Veracruz, que en este sexenio de Cuitl\u00e1huac Garc\u00eda, le orquestaron la \u00abguerra sucia\u00bb [&hellip;]","og_url":"https:\/\/lospoliticosveracruz.com\/?p=127477","og_site_name":"Los pol\u00edticos Veracruz","article_publisher":"https:\/\/www.facebook.com\/people\/Notimemes-de-los-Polticos\/61565672886568\/","article_published_time":"2024-07-16T08:29:20+00:00","article_modified_time":"2024-07-16T08:29:35+00:00","og_image":[{"width":1250,"height":667,"url":"https:\/\/lospoliticosveracruz.com\/wp-content\/uploads\/2024\/03\/Ricardo-Chua.jpg","type":"image\/jpeg"}],"author":"Lo viste en Los Pol\u00edticos","twitter_card":"summary_large_image","twitter_creator":"@LosPoliticosVer","twitter_site":"@LosPoliticosVer","twitter_misc":{"Escrito por":"Lo viste en Los Pol\u00edticos","Tiempo de lectura":"4 minutos"},"schema":{"@context":"https:\/\/schema.org","@graph":[{"@type":"Article","@id":"https:\/\/lospoliticosveracruz.com\/?p=127477#article","isPartOf":{"@id":"https:\/\/lospoliticosveracruz.com\/?p=127477"},"author":{"name":"Lo viste en Los Pol\u00edticos","@id":"https:\/\/lospoliticosveracruz.com\/#\/schema\/person\/b8702bb0e538456e6efd07080bf2a4a2"},"headline":"LOS MENSAJES DE NAHLE","datePublished":"2024-07-16T08:29:20+00:00","dateModified":"2024-07-16T08:29:35+00:00","mainEntityOfPage":{"@id":"https:\/\/lospoliticosveracruz.com\/?p=127477"},"wordCount":856,"publisher":{"@id":"https:\/\/lospoliticosveracruz.com\/#organization"},"image":{"@id":"https:\/\/lospoliticosveracruz.com\/?p=127477#primaryimage"},"thumbnailUrl":"https:\/\/lospoliticosveracruz.com\/wp-content\/uploads\/2024\/03\/Ricardo-Chua.jpg","keywords":["Cuitl\u00e1huac Garc\u00eda Jim\u00e9nez","Jos\u00e9 Luis Lima Franco","Morena","Roc\u00edo Nahle","Veracruz","Zenyazen Escobar Garc\u00eda"],"articleSection":["De Opini\u00f3n"],"inLanguage":"es"},{"@type":"WebPage","@id":"https:\/\/lospoliticosveracruz.com\/?p=127477","url":"https:\/\/lospoliticosveracruz.com\/?p=127477","name":"LOS MENSAJES DE NAHLE - Los pol\u00edticos Veracruz","isPartOf":{"@id":"https:\/\/lospoliticosveracruz.com\/#website"},"primaryImageOfPage":{"@id":"https:\/\/lospoliticosveracruz.com\/?p=127477#primaryimage"},"image":{"@id":"https:\/\/lospoliticosveracruz.com\/?p=127477#primaryimage"},"thumbnailUrl":"https:\/\/lospoliticosveracruz.com\/wp-content\/uploads\/2024\/03\/Ricardo-Chua.jpg","datePublished":"2024-07-16T08:29:20+00:00","dateModified":"2024-07-16T08:29:35+00:00","breadcrumb":{"@id":"https:\/\/lospoliticosveracruz.com\/?p=127477#breadcrumb"},"inLanguage":"es","potentialAction":[{"@type":"ReadAction","target":["https:\/\/lospoliticosveracruz.com\/?p=127477"]}]},{"@type":"ImageObject","inLanguage":"es","@id":"https:\/\/lospoliticosveracruz.com\/?p=127477#primaryimage","url":"https:\/\/lospoliticosveracruz.com\/wp-content\/uploads\/2024\/03\/Ricardo-Chua.jpg","contentUrl":"https:\/\/lospoliticosveracruz.com\/wp-content\/uploads\/2024\/03\/Ricardo-Chua.jpg","width":1250,"height":667},{"@type":"BreadcrumbList","@id":"https:\/\/lospoliticosveracruz.com\/?p=127477#breadcrumb","itemListElement":[{"@type":"ListItem","position":1,"name":"Portada","item":"https:\/\/lospoliticosveracruz.com\/"},{"@type":"ListItem","position":2,"name":"LOS MENSAJES DE NAHLE"}]},{"@type":"WebSite","@id":"https:\/\/lospoliticosveracruz.com\/#website","url":"https:\/\/lospoliticosveracruz.com\/","name":"Los pol\u00edticos Veracruz","description":"","publisher":{"@id":"https:\/\/lospoliticosveracruz.com\/#organization"},"potentialAction":[{"@type":"SearchAction","target":{"@type":"EntryPoint","urlTemplate":"https:\/\/lospoliticosveracruz.com\/?s={search_term_string}"},"query-input":{"@type":"PropertyValueSpecification","valueRequired":true,"valueName":"search_term_string"}}],"inLanguage":"es"},{"@type":"Organization","@id":"https:\/\/lospoliticosveracruz.com\/#organization","name":"Los pol\u00edticos Veracruz","url":"https:\/\/lospoliticosveracruz.com\/","logo":{"@type":"ImageObject","inLanguage":"es","@id":"https:\/\/lospoliticosveracruz.com\/#\/schema\/logo\/image\/","url":"https:\/\/lospoliticosveracruz.com\/wp-content\/uploads\/2025\/12\/Logo-Nuevo-LOS-POLITICOS-1.jpg","contentUrl":"https:\/\/lospoliticosveracruz.com\/wp-content\/uploads\/2025\/12\/Logo-Nuevo-LOS-POLITICOS-1.jpg","width":260,"height":70,"caption":"Los pol\u00edticos Veracruz"},"image":{"@id":"https:\/\/lospoliticosveracruz.com\/#\/schema\/logo\/image\/"},"sameAs":["https:\/\/www.facebook.com\/people\/Notimemes-de-los-Polticos\/61565672886568\/","https:\/\/x.com\/LosPoliticosVer"]},{"@type":"Person","@id":"https:\/\/lospoliticosveracruz.com\/#\/schema\/person\/b8702bb0e538456e6efd07080bf2a4a2","name":"Lo viste en Los Pol\u00edticos","image":{"@type":"ImageObject","inLanguage":"es","@id":"https:\/\/secure.gravatar.com\/avatar\/3a8de04a2656d44082be478bd6c086daa447c4651605818287b9532d3d0bd435?s=96&d=mm&r=g","url":"https:\/\/secure.gravatar.com\/avatar\/3a8de04a2656d44082be478bd6c086daa447c4651605818287b9532d3d0bd435?s=96&d=mm&r=g","contentUrl":"https:\/\/secure.gravatar.com\/avatar\/3a8de04a2656d44082be478bd6c086daa447c4651605818287b9532d3d0bd435?s=96&d=mm&r=g","caption":"Lo viste en Los Pol\u00edticos"},"url":"https:\/\/lospoliticosveracruz.com\/?author=2"}]}},"_links":{"self":[{"href":"https:\/\/lospoliticosveracruz.com\/index.php?rest_route=\/wp\/v2\/posts\/127477","targetHints":{"allow":["GET"]}}],"collection":[{"href":"https:\/\/lospoliticosveracruz.com\/index.php?rest_route=\/wp\/v2\/posts"}],"about":[{"href":"https:\/\/lospoliticosveracruz.com\/index.php?rest_route=\/wp\/v2\/types\/post"}],"author":[{"embeddable":true,"href":"https:\/\/lospoliticosveracruz.com\/index.php?rest_route=\/wp\/v2\/users\/2"}],"replies":[{"embeddable":true,"href":"https:\/\/lospoliticosveracruz.com\/index.php?rest_route=%2Fwp%2Fv2%2Fcomments&post=127477"}],"version-history":[{"count":2,"href":"https:\/\/lospoliticosveracruz.com\/index.php?rest_route=\/wp\/v2\/posts\/127477\/revisions"}],"predecessor-version":[{"id":127479,"href":"https:\/\/lospoliticosveracruz.com\/index.php?rest_route=\/wp\/v2\/posts\/127477\/revisions\/127479"}],"wp:featuredmedia":[{"embeddable":true,"href":"https:\/\/lospoliticosveracruz.com\/index.php?rest_route=\/wp\/v2\/media\/119817"}],"wp:attachment":[{"href":"https:\/\/lospoliticosveracruz.com\/index.php?rest_route=%2Fwp%2Fv2%2Fmedia&parent=127477"}],"wp:term":[{"taxonomy":"category","embeddable":true,"href":"https:\/\/lospoliticosveracruz.com\/index.php?rest_route=%2Fwp%2Fv2%2Fcategories&post=127477"},{"taxonomy":"post_tag","embeddable":true,"href":"https:\/\/lospoliticosveracruz.com\/index.php?rest_route=%2Fwp%2Fv2%2Ftags&post=127477"}],"curies":[{"name":"wp","href":"https:\/\/api.w.org\/{rel}","templated":true}]}}