{"id":12749,"date":"2014-10-16T11:04:20","date_gmt":"2014-10-16T16:04:20","guid":{"rendered":"http:\/\/www.lospoliticosveracruz.com.mx\/?p=12749"},"modified":"2014-10-16T11:04:20","modified_gmt":"2014-10-16T16:04:20","slug":"diputados-locales-caros-e-improductivos","status":"publish","type":"post","link":"https:\/\/lospoliticosveracruz.com\/?p=12749","title":{"rendered":"Diputados locales, caros e improductivos"},"content":{"rendered":"<p><a href=\"http:\/\/www.lospoliticosveracruz.com.mx\/wp-content\/uploads\/2014\/10\/Callejas.jpg\"><img loading=\"lazy\" decoding=\"async\" class=\"alignnone size-medium wp-image-12750\" src=\"http:\/\/www.lospoliticosveracruz.com.mx\/wp-content\/uploads\/2014\/10\/Callejas-300x235.jpg\" alt=\"Callejas\" width=\"300\" height=\"235\" \/><\/a><\/p>\n<p><strong>Miguel Angel Cristiani Gonz\u00e1lez<\/strong><\/p>\n<p><em>Bit\u00e1cora Veracruz<\/em><\/p>\n<p>&nbsp;<\/p>\n<p>A puerta cerrada, sin permitir el acceso al pueblo, mucho menos a los medios de comunicaci\u00f3n masiva, encerrados a piedra y lodo, los diputados locales veracruzanos, se auto-aprobaron un presupuesto por 616 millones de pesos, que habr\u00e1n de gastar en el transcurso del a\u00f1o entrante.<\/p>\n<p>En lo que se denomin\u00f3 como una reuni\u00f3n de \u201cdeliberaci\u00f3n privada\u201d los y las diputadas del Congreso de Veracruz, se autorizaron ellos mismos, ejercer el a\u00f1o entrante la nada despreciable cantidad de 616 millones de pesos, aunque argumentaron que \u201csolamente\u201d tendr\u00eda un incremento del 6.7 por ciento en relaci\u00f3n a lo gastado este a\u00f1o.<\/p>\n<p>Pero lo que se supone deber\u00eda de ser la casa del pueblo, en donde se trabaja con puertas abiertas, con transparencia absoluta, en donde, entre otras cosas, se debe de vigilar el gasto de todas las dependencias de gobierno estatal y municipal, pues en el caso de los diputados y diputadas locales, como si se tratara de una empresa privada y no de una instituci\u00f3n de gobierno p\u00fablica, para definir en qu\u00e9 y cu\u00e1nto habr\u00e1n de gastar, pues deciden encerrarse y de manera subrepticia, escondida y secreta, aprobarse un presupuesto de 616 millones.<\/p>\n<p>A manera de justificaci\u00f3n, al ser abordado al salir de la encerrona, el presidente de la Junta de Coordinaci\u00f3n Pol\u00edtica, diputado Juan Nicol\u00e1s Callejas Arroyo, explic\u00f3 que con base en criterios de racionalidad y austeridad, este aumento es pr\u00e1cticamente el mismo que se aplic\u00f3 el a\u00f1o anterior: \u201cNo habr\u00e1 incremento a las dietas de los 50 diputados ni se comprar\u00e1n veh\u00edculos para su uso particular\u201d, declar\u00f3.<\/p>\n<p>Qu\u00e9 bueno que aclara el presidente de la Junta de Coordinaci\u00f3n Pol\u00edtica, profesor Juan Nicol\u00e1s Callejas Arroyo que con esos 616 millones de pesos, no se van a aumentar las \u201cdietas\u201d ni se van a comprar camionetas y autos de lujo, para que los diputados puedan andar paseando por todo el estado.<\/p>\n<p>Pero entonces, si no hay nada malo que ocultar, entonces porqu\u00e9 la discusi\u00f3n entre los representantes populares veracruzanos se hace a puerta cerrada, enclaustrados, sin permitir la entrada de nadie ajeno a la repartici\u00f3n del presupuesto multimillonario.<\/p>\n<p>Si como asegura el diputado Juan Nicol\u00e1s Callejas Arroyo se acord\u00f3 en base a criterios de \u201cracionalidad y austeridad\u201d, bueno, pues con m\u00e1s raz\u00f3n, debi\u00f3 de ser en una discusi\u00f3n p\u00fablica y abierta.<\/p>\n<p>Por principio, se debe de hacer p\u00fablica, como se hace con el Poder Ejecutivo y el Poder Judicial, las partidas y los montos en los que se destinar\u00e1n los recursos millonarios aprobados.<\/p>\n<p>As\u00ed, aunque no se aumenten las dietas, se podr\u00eda conocer por ejemplo, cu\u00e1nto cobran los diputados locales por vi\u00e1ticos, que a lo mejor resulta que con lo que les dan al mes, tienen para comprar y pagar la mensualidad, no de uno sino hasta dos veh\u00edculos, eso por poner un ejemplo.<\/p>\n<p>Porque hasta ahora, como dir\u00eda el monje loco, nadie sabe ni nadie supo, c\u00f3mo, cu\u00e1nto y en qu\u00e9 se gastan los millones de pesos al a\u00f1o los y las diputados locales.<br \/>\nPero como quieren que los municipios rindan cuentas claras, si ellos no rinden cuentas claras tambi\u00e9n.<\/p>\n<p>Y para justificar que el a\u00f1o entrante \u201csolamente\u201d se van a gastar 616 millones de pesos, es decir 51 millones al mes, lo que significa un mill\u00f3n de pesos por diputado.<\/p>\n<p>Pero para tratar de justificar lo injustificable, \u201cmal de muchos, consuelo de pocos\u201d dir\u00edan en mi pueblo, el diputado Juan Nicolas Callejas Arroyo compar\u00f3 al Congreso de Veracruz con otros, con menor n\u00famero de diputados, tienen un presupuesto mayor caso de Jalisco, con 39 legisladores, que ejerce 912 millones de pesos; Sonora, con 33 diputados, 800 millones, y Michoac\u00e1n, con 40 representantes populares, 698 millones.<\/p>\n<p>Aunque no se ha dicho nada, acerca de c\u00f3mo lo est\u00e1 proponiendo el PRI a nivel nacional, disminuir en el Congreso Federal el n\u00famero de diputados, de los llamados de representaci\u00f3n proporcional, que en realidad no representan a nadie, pero que si son una pesada carga presupuestal.<\/p>\n<p>Tampoco se habla de la \u201cproductividad\u201d de los y las 51 diputadas locales que como vemos cuentan a los veracruzanos un mill\u00f3n de pesos al mes cada uno, pero que sin embargo, la mayor\u00eda \u00fanicamente se dedican a levantar el dedo y cobrar, por aprobar las iniciativas que env\u00eda el Ejecutivo Estatal, que tiene una mayor\u00eda abrumadora de propuestas de legislaci\u00f3n.<\/p>\n<p>En resumen, que tenemos un Congreso del Estado, que resulta demasiado costoso para los veracruzanos, que tienen que pagar por su \u201ctrabajo\u201d un promedio de un mill\u00f3n de pesos por diputado al mes.<\/p>\n","protected":false},"excerpt":{"rendered":"<p>Miguel Angel Cristiani Gonz\u00e1lez Bit\u00e1cora Veracruz &nbsp; A puerta cerrada, sin permitir el acceso al pueblo, mucho menos a los medios de comunicaci\u00f3n masiva, encerrados a piedra y lodo, los diputados locales veracruzanos, se auto-aprobaron un presupuesto por 616 millones de pesos, que habr\u00e1n de gastar en el transcurso del a\u00f1o entrante. En lo que [&hellip;]<\/p>\n","protected":false},"author":2,"featured_media":0,"comment_status":"open","ping_status":"open","sticky":false,"template":"","format":"standard","meta":{"tdm_status":"","tdm_grid_status":"","footnotes":""},"categories":[70],"tags":[393,377,394],"class_list":{"0":"post-12749","1":"post","2":"type-post","3":"status-publish","4":"format-standard","6":"category-de-opinion","7":"tag-congreso-de-veracruz","8":"tag-juan-nicolas-callejas-arroyo","9":"tag-presupuesto"},"yoast_head":"<!-- This site is optimized with the Yoast SEO plugin v27.4 - https:\/\/yoast.com\/product\/yoast-seo-wordpress\/ -->\n<title>Diputados locales, caros e improductivos - Los pol\u00edticos Veracruz<\/title>\n<meta name=\"robots\" content=\"index, follow, max-snippet:-1, max-image-preview:large, max-video-preview:-1\" \/>\n<link rel=\"canonical\" href=\"https:\/\/lospoliticosveracruz.com\/?p=12749\" \/>\n<meta property=\"og:locale\" content=\"es_ES\" \/>\n<meta property=\"og:type\" content=\"article\" \/>\n<meta property=\"og:title\" content=\"Diputados locales, caros e improductivos - Los pol\u00edticos Veracruz\" \/>\n<meta property=\"og:description\" content=\"Miguel Angel Cristiani Gonz\u00e1lez Bit\u00e1cora Veracruz &nbsp; A puerta cerrada, sin permitir el acceso al pueblo, mucho menos a los medios de comunicaci\u00f3n masiva, encerrados a piedra y lodo, los diputados locales veracruzanos, se auto-aprobaron un presupuesto por 616 millones de pesos, que habr\u00e1n de gastar en el transcurso del a\u00f1o entrante. En lo que [&hellip;]\" \/>\n<meta property=\"og:url\" content=\"https:\/\/lospoliticosveracruz.com\/?p=12749\" \/>\n<meta property=\"og:site_name\" content=\"Los pol\u00edticos Veracruz\" \/>\n<meta property=\"article:publisher\" content=\"https:\/\/www.facebook.com\/people\/Notimemes-de-los-Polticos\/61565672886568\/\" \/>\n<meta property=\"article:published_time\" content=\"2014-10-16T16:04:20+00:00\" \/>\n<meta property=\"og:image\" content=\"http:\/\/www.lospoliticosveracruz.com.mx\/wp-content\/uploads\/2014\/10\/Callejas-300x235.jpg\" \/>\n<meta name=\"author\" content=\"Lo viste en Los Pol\u00edticos\" \/>\n<meta name=\"twitter:card\" content=\"summary_large_image\" \/>\n<meta name=\"twitter:creator\" content=\"@LosPoliticosVer\" \/>\n<meta name=\"twitter:site\" content=\"@LosPoliticosVer\" \/>\n<meta name=\"twitter:label1\" content=\"Escrito por\" \/>\n\t<meta name=\"twitter:data1\" content=\"Lo viste en Los Pol\u00edticos\" \/>\n\t<meta name=\"twitter:label2\" content=\"Tiempo de lectura\" \/>\n\t<meta name=\"twitter:data2\" content=\"4 minutos\" \/>\n<script type=\"application\/ld+json\" class=\"yoast-schema-graph\">{\"@context\":\"https:\\\/\\\/schema.org\",\"@graph\":[{\"@type\":\"Article\",\"@id\":\"https:\\\/\\\/lospoliticosveracruz.com\\\/?p=12749#article\",\"isPartOf\":{\"@id\":\"https:\\\/\\\/lospoliticosveracruz.com\\\/?p=12749\"},\"author\":{\"name\":\"Lo viste en Los Pol\u00edticos\",\"@id\":\"https:\\\/\\\/lospoliticosveracruz.com\\\/#\\\/schema\\\/person\\\/b8702bb0e538456e6efd07080bf2a4a2\"},\"headline\":\"Diputados locales, caros e improductivos\",\"datePublished\":\"2014-10-16T16:04:20+00:00\",\"mainEntityOfPage\":{\"@id\":\"https:\\\/\\\/lospoliticosveracruz.com\\\/?p=12749\"},\"wordCount\":803,\"commentCount\":0,\"publisher\":{\"@id\":\"https:\\\/\\\/lospoliticosveracruz.com\\\/#organization\"},\"image\":{\"@id\":\"https:\\\/\\\/lospoliticosveracruz.com\\\/?p=12749#primaryimage\"},\"thumbnailUrl\":\"http:\\\/\\\/www.lospoliticosveracruz.com.mx\\\/wp-content\\\/uploads\\\/2014\\\/10\\\/Callejas-300x235.jpg\",\"keywords\":[\"Congreso de Veracruz\",\"Juan Nicol\u00e1s Callejas Arroyo\",\"presupuesto\"],\"articleSection\":[\"De Opini\u00f3n\"],\"inLanguage\":\"es\",\"potentialAction\":[{\"@type\":\"CommentAction\",\"name\":\"Comment\",\"target\":[\"https:\\\/\\\/lospoliticosveracruz.com\\\/?p=12749#respond\"]}]},{\"@type\":\"WebPage\",\"@id\":\"https:\\\/\\\/lospoliticosveracruz.com\\\/?p=12749\",\"url\":\"https:\\\/\\\/lospoliticosveracruz.com\\\/?p=12749\",\"name\":\"Diputados locales, caros e improductivos - Los pol\u00edticos Veracruz\",\"isPartOf\":{\"@id\":\"https:\\\/\\\/lospoliticosveracruz.com\\\/#website\"},\"primaryImageOfPage\":{\"@id\":\"https:\\\/\\\/lospoliticosveracruz.com\\\/?p=12749#primaryimage\"},\"image\":{\"@id\":\"https:\\\/\\\/lospoliticosveracruz.com\\\/?p=12749#primaryimage\"},\"thumbnailUrl\":\"http:\\\/\\\/www.lospoliticosveracruz.com.mx\\\/wp-content\\\/uploads\\\/2014\\\/10\\\/Callejas-300x235.jpg\",\"datePublished\":\"2014-10-16T16:04:20+00:00\",\"breadcrumb\":{\"@id\":\"https:\\\/\\\/lospoliticosveracruz.com\\\/?p=12749#breadcrumb\"},\"inLanguage\":\"es\",\"potentialAction\":[{\"@type\":\"ReadAction\",\"target\":[\"https:\\\/\\\/lospoliticosveracruz.com\\\/?p=12749\"]}]},{\"@type\":\"ImageObject\",\"inLanguage\":\"es\",\"@id\":\"https:\\\/\\\/lospoliticosveracruz.com\\\/?p=12749#primaryimage\",\"url\":\"http:\\\/\\\/www.lospoliticosveracruz.com.mx\\\/wp-content\\\/uploads\\\/2014\\\/10\\\/Callejas-300x235.jpg\",\"contentUrl\":\"http:\\\/\\\/www.lospoliticosveracruz.com.mx\\\/wp-content\\\/uploads\\\/2014\\\/10\\\/Callejas-300x235.jpg\"},{\"@type\":\"BreadcrumbList\",\"@id\":\"https:\\\/\\\/lospoliticosveracruz.com\\\/?p=12749#breadcrumb\",\"itemListElement\":[{\"@type\":\"ListItem\",\"position\":1,\"name\":\"Portada\",\"item\":\"https:\\\/\\\/lospoliticosveracruz.com\\\/\"},{\"@type\":\"ListItem\",\"position\":2,\"name\":\"Diputados locales, caros e improductivos\"}]},{\"@type\":\"WebSite\",\"@id\":\"https:\\\/\\\/lospoliticosveracruz.com\\\/#website\",\"url\":\"https:\\\/\\\/lospoliticosveracruz.com\\\/\",\"name\":\"Los pol\u00edticos Veracruz\",\"description\":\"\",\"publisher\":{\"@id\":\"https:\\\/\\\/lospoliticosveracruz.com\\\/#organization\"},\"potentialAction\":[{\"@type\":\"SearchAction\",\"target\":{\"@type\":\"EntryPoint\",\"urlTemplate\":\"https:\\\/\\\/lospoliticosveracruz.com\\\/?s={search_term_string}\"},\"query-input\":{\"@type\":\"PropertyValueSpecification\",\"valueRequired\":true,\"valueName\":\"search_term_string\"}}],\"inLanguage\":\"es\"},{\"@type\":\"Organization\",\"@id\":\"https:\\\/\\\/lospoliticosveracruz.com\\\/#organization\",\"name\":\"Los pol\u00edticos Veracruz\",\"url\":\"https:\\\/\\\/lospoliticosveracruz.com\\\/\",\"logo\":{\"@type\":\"ImageObject\",\"inLanguage\":\"es\",\"@id\":\"https:\\\/\\\/lospoliticosveracruz.com\\\/#\\\/schema\\\/logo\\\/image\\\/\",\"url\":\"https:\\\/\\\/lospoliticosveracruz.com\\\/wp-content\\\/uploads\\\/2025\\\/12\\\/Logo-Nuevo-LOS-POLITICOS-1.jpg\",\"contentUrl\":\"https:\\\/\\\/lospoliticosveracruz.com\\\/wp-content\\\/uploads\\\/2025\\\/12\\\/Logo-Nuevo-LOS-POLITICOS-1.jpg\",\"width\":260,\"height\":70,\"caption\":\"Los pol\u00edticos Veracruz\"},\"image\":{\"@id\":\"https:\\\/\\\/lospoliticosveracruz.com\\\/#\\\/schema\\\/logo\\\/image\\\/\"},\"sameAs\":[\"https:\\\/\\\/www.facebook.com\\\/people\\\/Notimemes-de-los-Polticos\\\/61565672886568\\\/\",\"https:\\\/\\\/x.com\\\/LosPoliticosVer\"]},{\"@type\":\"Person\",\"@id\":\"https:\\\/\\\/lospoliticosveracruz.com\\\/#\\\/schema\\\/person\\\/b8702bb0e538456e6efd07080bf2a4a2\",\"name\":\"Lo viste en Los Pol\u00edticos\",\"image\":{\"@type\":\"ImageObject\",\"inLanguage\":\"es\",\"@id\":\"https:\\\/\\\/secure.gravatar.com\\\/avatar\\\/3a8de04a2656d44082be478bd6c086daa447c4651605818287b9532d3d0bd435?s=96&d=mm&r=g\",\"url\":\"https:\\\/\\\/secure.gravatar.com\\\/avatar\\\/3a8de04a2656d44082be478bd6c086daa447c4651605818287b9532d3d0bd435?s=96&d=mm&r=g\",\"contentUrl\":\"https:\\\/\\\/secure.gravatar.com\\\/avatar\\\/3a8de04a2656d44082be478bd6c086daa447c4651605818287b9532d3d0bd435?s=96&d=mm&r=g\",\"caption\":\"Lo viste en Los Pol\u00edticos\"},\"url\":\"https:\\\/\\\/lospoliticosveracruz.com\\\/?author=2\"}]}<\/script>\n<!-- \/ Yoast SEO plugin. -->","yoast_head_json":{"title":"Diputados locales, caros e improductivos - Los pol\u00edticos Veracruz","robots":{"index":"index","follow":"follow","max-snippet":"max-snippet:-1","max-image-preview":"max-image-preview:large","max-video-preview":"max-video-preview:-1"},"canonical":"https:\/\/lospoliticosveracruz.com\/?p=12749","og_locale":"es_ES","og_type":"article","og_title":"Diputados locales, caros e improductivos - Los pol\u00edticos Veracruz","og_description":"Miguel Angel Cristiani Gonz\u00e1lez Bit\u00e1cora Veracruz &nbsp; A puerta cerrada, sin permitir el acceso al pueblo, mucho menos a los medios de comunicaci\u00f3n masiva, encerrados a piedra y lodo, los diputados locales veracruzanos, se auto-aprobaron un presupuesto por 616 millones de pesos, que habr\u00e1n de gastar en el transcurso del a\u00f1o entrante. En lo que [&hellip;]","og_url":"https:\/\/lospoliticosveracruz.com\/?p=12749","og_site_name":"Los pol\u00edticos Veracruz","article_publisher":"https:\/\/www.facebook.com\/people\/Notimemes-de-los-Polticos\/61565672886568\/","article_published_time":"2014-10-16T16:04:20+00:00","og_image":[{"url":"http:\/\/www.lospoliticosveracruz.com.mx\/wp-content\/uploads\/2014\/10\/Callejas-300x235.jpg","type":"","width":"","height":""}],"author":"Lo viste en Los Pol\u00edticos","twitter_card":"summary_large_image","twitter_creator":"@LosPoliticosVer","twitter_site":"@LosPoliticosVer","twitter_misc":{"Escrito por":"Lo viste en Los Pol\u00edticos","Tiempo de lectura":"4 minutos"},"schema":{"@context":"https:\/\/schema.org","@graph":[{"@type":"Article","@id":"https:\/\/lospoliticosveracruz.com\/?p=12749#article","isPartOf":{"@id":"https:\/\/lospoliticosveracruz.com\/?p=12749"},"author":{"name":"Lo viste en Los Pol\u00edticos","@id":"https:\/\/lospoliticosveracruz.com\/#\/schema\/person\/b8702bb0e538456e6efd07080bf2a4a2"},"headline":"Diputados locales, caros e improductivos","datePublished":"2014-10-16T16:04:20+00:00","mainEntityOfPage":{"@id":"https:\/\/lospoliticosveracruz.com\/?p=12749"},"wordCount":803,"commentCount":0,"publisher":{"@id":"https:\/\/lospoliticosveracruz.com\/#organization"},"image":{"@id":"https:\/\/lospoliticosveracruz.com\/?p=12749#primaryimage"},"thumbnailUrl":"http:\/\/www.lospoliticosveracruz.com.mx\/wp-content\/uploads\/2014\/10\/Callejas-300x235.jpg","keywords":["Congreso de Veracruz","Juan Nicol\u00e1s Callejas Arroyo","presupuesto"],"articleSection":["De Opini\u00f3n"],"inLanguage":"es","potentialAction":[{"@type":"CommentAction","name":"Comment","target":["https:\/\/lospoliticosveracruz.com\/?p=12749#respond"]}]},{"@type":"WebPage","@id":"https:\/\/lospoliticosveracruz.com\/?p=12749","url":"https:\/\/lospoliticosveracruz.com\/?p=12749","name":"Diputados locales, caros e improductivos - Los pol\u00edticos Veracruz","isPartOf":{"@id":"https:\/\/lospoliticosveracruz.com\/#website"},"primaryImageOfPage":{"@id":"https:\/\/lospoliticosveracruz.com\/?p=12749#primaryimage"},"image":{"@id":"https:\/\/lospoliticosveracruz.com\/?p=12749#primaryimage"},"thumbnailUrl":"http:\/\/www.lospoliticosveracruz.com.mx\/wp-content\/uploads\/2014\/10\/Callejas-300x235.jpg","datePublished":"2014-10-16T16:04:20+00:00","breadcrumb":{"@id":"https:\/\/lospoliticosveracruz.com\/?p=12749#breadcrumb"},"inLanguage":"es","potentialAction":[{"@type":"ReadAction","target":["https:\/\/lospoliticosveracruz.com\/?p=12749"]}]},{"@type":"ImageObject","inLanguage":"es","@id":"https:\/\/lospoliticosveracruz.com\/?p=12749#primaryimage","url":"http:\/\/www.lospoliticosveracruz.com.mx\/wp-content\/uploads\/2014\/10\/Callejas-300x235.jpg","contentUrl":"http:\/\/www.lospoliticosveracruz.com.mx\/wp-content\/uploads\/2014\/10\/Callejas-300x235.jpg"},{"@type":"BreadcrumbList","@id":"https:\/\/lospoliticosveracruz.com\/?p=12749#breadcrumb","itemListElement":[{"@type":"ListItem","position":1,"name":"Portada","item":"https:\/\/lospoliticosveracruz.com\/"},{"@type":"ListItem","position":2,"name":"Diputados locales, caros e improductivos"}]},{"@type":"WebSite","@id":"https:\/\/lospoliticosveracruz.com\/#website","url":"https:\/\/lospoliticosveracruz.com\/","name":"Los pol\u00edticos Veracruz","description":"","publisher":{"@id":"https:\/\/lospoliticosveracruz.com\/#organization"},"potentialAction":[{"@type":"SearchAction","target":{"@type":"EntryPoint","urlTemplate":"https:\/\/lospoliticosveracruz.com\/?s={search_term_string}"},"query-input":{"@type":"PropertyValueSpecification","valueRequired":true,"valueName":"search_term_string"}}],"inLanguage":"es"},{"@type":"Organization","@id":"https:\/\/lospoliticosveracruz.com\/#organization","name":"Los pol\u00edticos Veracruz","url":"https:\/\/lospoliticosveracruz.com\/","logo":{"@type":"ImageObject","inLanguage":"es","@id":"https:\/\/lospoliticosveracruz.com\/#\/schema\/logo\/image\/","url":"https:\/\/lospoliticosveracruz.com\/wp-content\/uploads\/2025\/12\/Logo-Nuevo-LOS-POLITICOS-1.jpg","contentUrl":"https:\/\/lospoliticosveracruz.com\/wp-content\/uploads\/2025\/12\/Logo-Nuevo-LOS-POLITICOS-1.jpg","width":260,"height":70,"caption":"Los pol\u00edticos Veracruz"},"image":{"@id":"https:\/\/lospoliticosveracruz.com\/#\/schema\/logo\/image\/"},"sameAs":["https:\/\/www.facebook.com\/people\/Notimemes-de-los-Polticos\/61565672886568\/","https:\/\/x.com\/LosPoliticosVer"]},{"@type":"Person","@id":"https:\/\/lospoliticosveracruz.com\/#\/schema\/person\/b8702bb0e538456e6efd07080bf2a4a2","name":"Lo viste en Los Pol\u00edticos","image":{"@type":"ImageObject","inLanguage":"es","@id":"https:\/\/secure.gravatar.com\/avatar\/3a8de04a2656d44082be478bd6c086daa447c4651605818287b9532d3d0bd435?s=96&d=mm&r=g","url":"https:\/\/secure.gravatar.com\/avatar\/3a8de04a2656d44082be478bd6c086daa447c4651605818287b9532d3d0bd435?s=96&d=mm&r=g","contentUrl":"https:\/\/secure.gravatar.com\/avatar\/3a8de04a2656d44082be478bd6c086daa447c4651605818287b9532d3d0bd435?s=96&d=mm&r=g","caption":"Lo viste en Los Pol\u00edticos"},"url":"https:\/\/lospoliticosveracruz.com\/?author=2"}]}},"_links":{"self":[{"href":"https:\/\/lospoliticosveracruz.com\/index.php?rest_route=\/wp\/v2\/posts\/12749","targetHints":{"allow":["GET"]}}],"collection":[{"href":"https:\/\/lospoliticosveracruz.com\/index.php?rest_route=\/wp\/v2\/posts"}],"about":[{"href":"https:\/\/lospoliticosveracruz.com\/index.php?rest_route=\/wp\/v2\/types\/post"}],"author":[{"embeddable":true,"href":"https:\/\/lospoliticosveracruz.com\/index.php?rest_route=\/wp\/v2\/users\/2"}],"replies":[{"embeddable":true,"href":"https:\/\/lospoliticosveracruz.com\/index.php?rest_route=%2Fwp%2Fv2%2Fcomments&post=12749"}],"version-history":[{"count":1,"href":"https:\/\/lospoliticosveracruz.com\/index.php?rest_route=\/wp\/v2\/posts\/12749\/revisions"}],"predecessor-version":[{"id":12751,"href":"https:\/\/lospoliticosveracruz.com\/index.php?rest_route=\/wp\/v2\/posts\/12749\/revisions\/12751"}],"wp:attachment":[{"href":"https:\/\/lospoliticosveracruz.com\/index.php?rest_route=%2Fwp%2Fv2%2Fmedia&parent=12749"}],"wp:term":[{"taxonomy":"category","embeddable":true,"href":"https:\/\/lospoliticosveracruz.com\/index.php?rest_route=%2Fwp%2Fv2%2Fcategories&post=12749"},{"taxonomy":"post_tag","embeddable":true,"href":"https:\/\/lospoliticosveracruz.com\/index.php?rest_route=%2Fwp%2Fv2%2Ftags&post=12749"}],"curies":[{"name":"wp","href":"https:\/\/api.w.org\/{rel}","templated":true}]}}