{"id":127542,"date":"2024-07-17T08:30:46","date_gmt":"2024-07-17T13:30:46","guid":{"rendered":"https:\/\/lospoliticosveracruz.com.mx\/?p=127542"},"modified":"2024-07-17T08:30:55","modified_gmt":"2024-07-17T13:30:55","slug":"disparos-a-la-democracia-en-el-mundo","status":"publish","type":"post","link":"https:\/\/lospoliticosveracruz.com\/?p=127542","title":{"rendered":"DISPAROS A LA DEMOCRACIA EN EL MUNDO"},"content":{"rendered":"\n<p><strong>Julio Vallejo<\/strong><br><em>La delgada l\u00ednea entre mi opini\u00f3n y la tuya<\/em><\/p>\n\n\n\n<p>Pol\u00edtica y comunicaci\u00f3n, son dos disciplinas que en conjunto se han consolidado como una gran herramienta que ha ayudado al desarrollo de la sociedad; pues a trav\u00e9s de d\u00e9cadas, los pol\u00edticos se han privilegiado de la comunicaci\u00f3n para informar, promover y difundir sus ideolog\u00edas, propuestas y programas, con la finalidad de captar la atenci\u00f3n y apoyo del p\u00fablico.<\/p>\n\n\n\n<p>La comunicaci\u00f3n pol\u00edtica al igual que la alternancia en el poder, son requisitos imprescindibles para preservar la democracia. Sin embargo, hoy en d\u00eda pareciera que todo mundo lucha por el poder creyendo que estamos frente a una lucha de sentimientos y acciones ocultas que van a florecer cuando este se tenga, es dif\u00edcil pero no imposible solamente \u00bfquerer el bien com\u00fan?<\/p>\n\n\n\n<p>La democracia se encuentra en riesgo al verse rebasada por las redes sociales y otras formas de comunicaci\u00f3n que se est\u00e1n utilizando como instrumentos para el fanatismo. El discurso p\u00fablico por ejemplo, se est\u00e1 viendo modificado hacia una ret\u00f3rica de odio para difundir ideolog\u00edas divisorias que amenazan sin duda alguna la paz y estabilidad social, al sentar las bases de conflictos y tensiones, que violenten los derechos humanos.<\/p>\n\n\n\n<p>En los \u00faltimos a\u00f1os, los pol\u00edticos y aspirantes a ocupar alg\u00fan cargo p\u00fablico en el mundo se est\u00e1n viendo inmersos en la violencia, a causa de los discursos de odio; tan s\u00f3lo en M\u00e9xico, en el reciente proceso electoral se contabilizaron alrededor de 828 ataques contra candidatos.<\/p>\n\n\n\n<p>El ataque que m\u00e1s marc\u00f3 este proceso electoral, fue el de Jos\u00e9 Alfredo Cabrera Barrientos candidato a la alcald\u00eda de Coyuca de Ben\u00edtez en el estado de Guerrero, quien fue asesinado al concluir su cierre de campa\u00f1a, remont\u00e1ndonos a cuando se le arrebat\u00f3 la vida de la misma manera al candidato Luis Donaldo Colosio en 1994.<\/p>\n\n\n\n<p>Por si esto fuera poco, en otras partes del mundo tambi\u00e9n se est\u00e1 volviendo cotidiano este tipo de acontecimientos. En febrero de este mismo a\u00f1o, los comicios legislativos y provinciales en Pakist\u00e1n, estuvieron bajo un ambiente de violencia e inseguridad, tras la muerte de al menos 28 personas por dos explosiones frente a oficinas de candidatos electorales en el conflictivo suroeste del pa\u00eds.<\/p>\n\n\n\n<p>Eslovaquia no se queda atr\u00e1s, puesto que en mayo el primer ministro Robert Fico fue tiroteado frente a un centro comunitario cultural, recibiendo varios disparos en el abdomen.<\/p>\n\n\n\n<p>Hace un par de d\u00edas como pel\u00edcula de Hollywood, la pre campa\u00f1a del candidato republicano Donald Trump qued\u00f3 conmocionada y te\u00f1ida por la violencia luego de que un joven de 20 a\u00f1os, le disparara mientras pronunciaba su discurso en la ciudad de Butler, Pensilvania. Tras la difusi\u00f3n inmediata del ataque, su opositor el actual presidente de los Estados Unidos, Joe Biden aprovech\u00f3 para enviar el siguiente mensaje a los estadounidenses: \u201cel ambiente pol\u00edtico en este pa\u00eds se ha calentado mucho. Es hora de enfriarlo. Todos tenemos la responsabilidad de hacerlo\u201d. As\u00ed es como debe de funcionar la democracia.<\/p>\n\n\n\n<p>Para los expertos en comunicaci\u00f3n pol\u00edtica, estos acontecimientos no son factor sorpresa, Eric Murice, investigador del Centro de Pol\u00edtica Europea de Bruselas manifiesta que existe violencia verbal en los ataques publicitarios y en el debate pol\u00edtico. Llev\u00e1ndome a reflexionar \u00bfPor qu\u00e9 muchas personas son sensibles a la desinformaci\u00f3n o al menos a las teor\u00edas de conspiraci\u00f3n? Pues, porque ya no conf\u00edan en las autoridades.<\/p>\n\n\n\n<p>Tal parece que la necesidad de tener amor a Dios y al pr\u00f3jimo se ha quedado atr\u00e1s, ahora lo m\u00e1s importante es la ideolog\u00eda de tener poder, dinero, bienes materiales y muchas comodidades. Estamos ante a una lucha de emociones (odio, coraje, envidia y arrogancia) que produce un desgarre social y un desequilibrio en nuestras vidas.<\/p>\n","protected":false},"excerpt":{"rendered":"<p>Julio VallejoLa delgada l\u00ednea entre mi opini\u00f3n y la tuya Pol\u00edtica y comunicaci\u00f3n, son dos disciplinas que en conjunto se han consolidado como una gran herramienta que ha ayudado al desarrollo de la sociedad; pues a trav\u00e9s de d\u00e9cadas, los pol\u00edticos se han privilegiado de la comunicaci\u00f3n para informar, promover y difundir sus ideolog\u00edas, propuestas [&hellip;]<\/p>\n","protected":false},"author":2,"featured_media":119926,"comment_status":"closed","ping_status":"closed","sticky":false,"template":"","format":"standard","meta":{"tdm_status":"","tdm_grid_status":"","footnotes":""},"categories":[70],"tags":[5719,2846,195],"class_list":{"0":"post-127542","1":"post","2":"type-post","3":"status-publish","4":"format-standard","5":"has-post-thumbnail","7":"category-de-opinion","8":"tag-discurso-de-odio","9":"tag-donald-trump","10":"tag-veracruz"},"yoast_head":"<!-- This site is optimized with the Yoast SEO plugin v27.4 - https:\/\/yoast.com\/product\/yoast-seo-wordpress\/ -->\n<title>DISPAROS A LA DEMOCRACIA EN EL MUNDO - Los pol\u00edticos Veracruz<\/title>\n<meta name=\"robots\" content=\"index, follow, max-snippet:-1, max-image-preview:large, max-video-preview:-1\" \/>\n<link rel=\"canonical\" href=\"https:\/\/lospoliticosveracruz.com\/?p=127542\" \/>\n<meta property=\"og:locale\" content=\"es_ES\" \/>\n<meta property=\"og:type\" content=\"article\" \/>\n<meta property=\"og:title\" content=\"DISPAROS A LA DEMOCRACIA EN EL MUNDO - Los pol\u00edticos Veracruz\" \/>\n<meta property=\"og:description\" content=\"Julio VallejoLa delgada l\u00ednea entre mi opini\u00f3n y la tuya Pol\u00edtica y comunicaci\u00f3n, son dos disciplinas que en conjunto se han consolidado como una gran herramienta que ha ayudado al desarrollo de la sociedad; pues a trav\u00e9s de d\u00e9cadas, los pol\u00edticos se han privilegiado de la comunicaci\u00f3n para informar, promover y difundir sus ideolog\u00edas, propuestas [&hellip;]\" \/>\n<meta property=\"og:url\" content=\"https:\/\/lospoliticosveracruz.com\/?p=127542\" \/>\n<meta property=\"og:site_name\" content=\"Los pol\u00edticos Veracruz\" \/>\n<meta property=\"article:publisher\" content=\"https:\/\/www.facebook.com\/people\/Notimemes-de-los-Polticos\/61565672886568\/\" \/>\n<meta property=\"article:published_time\" content=\"2024-07-17T13:30:46+00:00\" \/>\n<meta property=\"article:modified_time\" content=\"2024-07-17T13:30:55+00:00\" \/>\n<meta property=\"og:image\" content=\"https:\/\/lospoliticosveracruz.com\/wp-content\/uploads\/2024\/03\/Julio-Vallejo.jpg\" \/>\n\t<meta property=\"og:image:width\" content=\"1250\" \/>\n\t<meta property=\"og:image:height\" content=\"667\" \/>\n\t<meta property=\"og:image:type\" content=\"image\/jpeg\" \/>\n<meta name=\"author\" content=\"Lo viste en Los Pol\u00edticos\" \/>\n<meta name=\"twitter:card\" content=\"summary_large_image\" \/>\n<meta name=\"twitter:creator\" content=\"@LosPoliticosVer\" \/>\n<meta name=\"twitter:site\" content=\"@LosPoliticosVer\" \/>\n<meta name=\"twitter:label1\" content=\"Escrito por\" \/>\n\t<meta name=\"twitter:data1\" content=\"Lo viste en Los Pol\u00edticos\" \/>\n\t<meta name=\"twitter:label2\" content=\"Tiempo de lectura\" \/>\n\t<meta name=\"twitter:data2\" content=\"3 minutos\" \/>\n<script type=\"application\/ld+json\" class=\"yoast-schema-graph\">{\"@context\":\"https:\\\/\\\/schema.org\",\"@graph\":[{\"@type\":\"Article\",\"@id\":\"https:\\\/\\\/lospoliticosveracruz.com\\\/?p=127542#article\",\"isPartOf\":{\"@id\":\"https:\\\/\\\/lospoliticosveracruz.com\\\/?p=127542\"},\"author\":{\"name\":\"Lo viste en Los Pol\u00edticos\",\"@id\":\"https:\\\/\\\/lospoliticosveracruz.com\\\/#\\\/schema\\\/person\\\/b8702bb0e538456e6efd07080bf2a4a2\"},\"headline\":\"DISPAROS A LA DEMOCRACIA EN EL MUNDO\",\"datePublished\":\"2024-07-17T13:30:46+00:00\",\"dateModified\":\"2024-07-17T13:30:55+00:00\",\"mainEntityOfPage\":{\"@id\":\"https:\\\/\\\/lospoliticosveracruz.com\\\/?p=127542\"},\"wordCount\":672,\"publisher\":{\"@id\":\"https:\\\/\\\/lospoliticosveracruz.com\\\/#organization\"},\"image\":{\"@id\":\"https:\\\/\\\/lospoliticosveracruz.com\\\/?p=127542#primaryimage\"},\"thumbnailUrl\":\"https:\\\/\\\/lospoliticosveracruz.com\\\/wp-content\\\/uploads\\\/2024\\\/03\\\/Julio-Vallejo.jpg\",\"keywords\":[\"discurso de odio\",\"Donald Trump\",\"Veracruz\"],\"articleSection\":[\"De Opini\u00f3n\"],\"inLanguage\":\"es\"},{\"@type\":\"WebPage\",\"@id\":\"https:\\\/\\\/lospoliticosveracruz.com\\\/?p=127542\",\"url\":\"https:\\\/\\\/lospoliticosveracruz.com\\\/?p=127542\",\"name\":\"DISPAROS A LA DEMOCRACIA EN EL MUNDO - Los pol\u00edticos Veracruz\",\"isPartOf\":{\"@id\":\"https:\\\/\\\/lospoliticosveracruz.com\\\/#website\"},\"primaryImageOfPage\":{\"@id\":\"https:\\\/\\\/lospoliticosveracruz.com\\\/?p=127542#primaryimage\"},\"image\":{\"@id\":\"https:\\\/\\\/lospoliticosveracruz.com\\\/?p=127542#primaryimage\"},\"thumbnailUrl\":\"https:\\\/\\\/lospoliticosveracruz.com\\\/wp-content\\\/uploads\\\/2024\\\/03\\\/Julio-Vallejo.jpg\",\"datePublished\":\"2024-07-17T13:30:46+00:00\",\"dateModified\":\"2024-07-17T13:30:55+00:00\",\"breadcrumb\":{\"@id\":\"https:\\\/\\\/lospoliticosveracruz.com\\\/?p=127542#breadcrumb\"},\"inLanguage\":\"es\",\"potentialAction\":[{\"@type\":\"ReadAction\",\"target\":[\"https:\\\/\\\/lospoliticosveracruz.com\\\/?p=127542\"]}]},{\"@type\":\"ImageObject\",\"inLanguage\":\"es\",\"@id\":\"https:\\\/\\\/lospoliticosveracruz.com\\\/?p=127542#primaryimage\",\"url\":\"https:\\\/\\\/lospoliticosveracruz.com\\\/wp-content\\\/uploads\\\/2024\\\/03\\\/Julio-Vallejo.jpg\",\"contentUrl\":\"https:\\\/\\\/lospoliticosveracruz.com\\\/wp-content\\\/uploads\\\/2024\\\/03\\\/Julio-Vallejo.jpg\",\"width\":1250,\"height\":667},{\"@type\":\"BreadcrumbList\",\"@id\":\"https:\\\/\\\/lospoliticosveracruz.com\\\/?p=127542#breadcrumb\",\"itemListElement\":[{\"@type\":\"ListItem\",\"position\":1,\"name\":\"Portada\",\"item\":\"https:\\\/\\\/lospoliticosveracruz.com\\\/\"},{\"@type\":\"ListItem\",\"position\":2,\"name\":\"DISPAROS A LA DEMOCRACIA EN EL MUNDO\"}]},{\"@type\":\"WebSite\",\"@id\":\"https:\\\/\\\/lospoliticosveracruz.com\\\/#website\",\"url\":\"https:\\\/\\\/lospoliticosveracruz.com\\\/\",\"name\":\"Los pol\u00edticos Veracruz\",\"description\":\"\",\"publisher\":{\"@id\":\"https:\\\/\\\/lospoliticosveracruz.com\\\/#organization\"},\"potentialAction\":[{\"@type\":\"SearchAction\",\"target\":{\"@type\":\"EntryPoint\",\"urlTemplate\":\"https:\\\/\\\/lospoliticosveracruz.com\\\/?s={search_term_string}\"},\"query-input\":{\"@type\":\"PropertyValueSpecification\",\"valueRequired\":true,\"valueName\":\"search_term_string\"}}],\"inLanguage\":\"es\"},{\"@type\":\"Organization\",\"@id\":\"https:\\\/\\\/lospoliticosveracruz.com\\\/#organization\",\"name\":\"Los pol\u00edticos Veracruz\",\"url\":\"https:\\\/\\\/lospoliticosveracruz.com\\\/\",\"logo\":{\"@type\":\"ImageObject\",\"inLanguage\":\"es\",\"@id\":\"https:\\\/\\\/lospoliticosveracruz.com\\\/#\\\/schema\\\/logo\\\/image\\\/\",\"url\":\"https:\\\/\\\/lospoliticosveracruz.com\\\/wp-content\\\/uploads\\\/2025\\\/12\\\/Logo-Nuevo-LOS-POLITICOS-1.jpg\",\"contentUrl\":\"https:\\\/\\\/lospoliticosveracruz.com\\\/wp-content\\\/uploads\\\/2025\\\/12\\\/Logo-Nuevo-LOS-POLITICOS-1.jpg\",\"width\":260,\"height\":70,\"caption\":\"Los pol\u00edticos Veracruz\"},\"image\":{\"@id\":\"https:\\\/\\\/lospoliticosveracruz.com\\\/#\\\/schema\\\/logo\\\/image\\\/\"},\"sameAs\":[\"https:\\\/\\\/www.facebook.com\\\/people\\\/Notimemes-de-los-Polticos\\\/61565672886568\\\/\",\"https:\\\/\\\/x.com\\\/LosPoliticosVer\"]},{\"@type\":\"Person\",\"@id\":\"https:\\\/\\\/lospoliticosveracruz.com\\\/#\\\/schema\\\/person\\\/b8702bb0e538456e6efd07080bf2a4a2\",\"name\":\"Lo viste en Los Pol\u00edticos\",\"image\":{\"@type\":\"ImageObject\",\"inLanguage\":\"es\",\"@id\":\"https:\\\/\\\/secure.gravatar.com\\\/avatar\\\/3a8de04a2656d44082be478bd6c086daa447c4651605818287b9532d3d0bd435?s=96&d=mm&r=g\",\"url\":\"https:\\\/\\\/secure.gravatar.com\\\/avatar\\\/3a8de04a2656d44082be478bd6c086daa447c4651605818287b9532d3d0bd435?s=96&d=mm&r=g\",\"contentUrl\":\"https:\\\/\\\/secure.gravatar.com\\\/avatar\\\/3a8de04a2656d44082be478bd6c086daa447c4651605818287b9532d3d0bd435?s=96&d=mm&r=g\",\"caption\":\"Lo viste en Los Pol\u00edticos\"},\"url\":\"https:\\\/\\\/lospoliticosveracruz.com\\\/?author=2\"}]}<\/script>\n<!-- \/ Yoast SEO plugin. -->","yoast_head_json":{"title":"DISPAROS A LA DEMOCRACIA EN EL MUNDO - Los pol\u00edticos Veracruz","robots":{"index":"index","follow":"follow","max-snippet":"max-snippet:-1","max-image-preview":"max-image-preview:large","max-video-preview":"max-video-preview:-1"},"canonical":"https:\/\/lospoliticosveracruz.com\/?p=127542","og_locale":"es_ES","og_type":"article","og_title":"DISPAROS A LA DEMOCRACIA EN EL MUNDO - Los pol\u00edticos Veracruz","og_description":"Julio VallejoLa delgada l\u00ednea entre mi opini\u00f3n y la tuya Pol\u00edtica y comunicaci\u00f3n, son dos disciplinas que en conjunto se han consolidado como una gran herramienta que ha ayudado al desarrollo de la sociedad; pues a trav\u00e9s de d\u00e9cadas, los pol\u00edticos se han privilegiado de la comunicaci\u00f3n para informar, promover y difundir sus ideolog\u00edas, propuestas [&hellip;]","og_url":"https:\/\/lospoliticosveracruz.com\/?p=127542","og_site_name":"Los pol\u00edticos Veracruz","article_publisher":"https:\/\/www.facebook.com\/people\/Notimemes-de-los-Polticos\/61565672886568\/","article_published_time":"2024-07-17T13:30:46+00:00","article_modified_time":"2024-07-17T13:30:55+00:00","og_image":[{"width":1250,"height":667,"url":"https:\/\/lospoliticosveracruz.com\/wp-content\/uploads\/2024\/03\/Julio-Vallejo.jpg","type":"image\/jpeg"}],"author":"Lo viste en Los Pol\u00edticos","twitter_card":"summary_large_image","twitter_creator":"@LosPoliticosVer","twitter_site":"@LosPoliticosVer","twitter_misc":{"Escrito por":"Lo viste en Los Pol\u00edticos","Tiempo de lectura":"3 minutos"},"schema":{"@context":"https:\/\/schema.org","@graph":[{"@type":"Article","@id":"https:\/\/lospoliticosveracruz.com\/?p=127542#article","isPartOf":{"@id":"https:\/\/lospoliticosveracruz.com\/?p=127542"},"author":{"name":"Lo viste en Los Pol\u00edticos","@id":"https:\/\/lospoliticosveracruz.com\/#\/schema\/person\/b8702bb0e538456e6efd07080bf2a4a2"},"headline":"DISPAROS A LA DEMOCRACIA EN EL MUNDO","datePublished":"2024-07-17T13:30:46+00:00","dateModified":"2024-07-17T13:30:55+00:00","mainEntityOfPage":{"@id":"https:\/\/lospoliticosveracruz.com\/?p=127542"},"wordCount":672,"publisher":{"@id":"https:\/\/lospoliticosveracruz.com\/#organization"},"image":{"@id":"https:\/\/lospoliticosveracruz.com\/?p=127542#primaryimage"},"thumbnailUrl":"https:\/\/lospoliticosveracruz.com\/wp-content\/uploads\/2024\/03\/Julio-Vallejo.jpg","keywords":["discurso de odio","Donald Trump","Veracruz"],"articleSection":["De Opini\u00f3n"],"inLanguage":"es"},{"@type":"WebPage","@id":"https:\/\/lospoliticosveracruz.com\/?p=127542","url":"https:\/\/lospoliticosveracruz.com\/?p=127542","name":"DISPAROS A LA DEMOCRACIA EN EL MUNDO - Los pol\u00edticos Veracruz","isPartOf":{"@id":"https:\/\/lospoliticosveracruz.com\/#website"},"primaryImageOfPage":{"@id":"https:\/\/lospoliticosveracruz.com\/?p=127542#primaryimage"},"image":{"@id":"https:\/\/lospoliticosveracruz.com\/?p=127542#primaryimage"},"thumbnailUrl":"https:\/\/lospoliticosveracruz.com\/wp-content\/uploads\/2024\/03\/Julio-Vallejo.jpg","datePublished":"2024-07-17T13:30:46+00:00","dateModified":"2024-07-17T13:30:55+00:00","breadcrumb":{"@id":"https:\/\/lospoliticosveracruz.com\/?p=127542#breadcrumb"},"inLanguage":"es","potentialAction":[{"@type":"ReadAction","target":["https:\/\/lospoliticosveracruz.com\/?p=127542"]}]},{"@type":"ImageObject","inLanguage":"es","@id":"https:\/\/lospoliticosveracruz.com\/?p=127542#primaryimage","url":"https:\/\/lospoliticosveracruz.com\/wp-content\/uploads\/2024\/03\/Julio-Vallejo.jpg","contentUrl":"https:\/\/lospoliticosveracruz.com\/wp-content\/uploads\/2024\/03\/Julio-Vallejo.jpg","width":1250,"height":667},{"@type":"BreadcrumbList","@id":"https:\/\/lospoliticosveracruz.com\/?p=127542#breadcrumb","itemListElement":[{"@type":"ListItem","position":1,"name":"Portada","item":"https:\/\/lospoliticosveracruz.com\/"},{"@type":"ListItem","position":2,"name":"DISPAROS A LA DEMOCRACIA EN EL MUNDO"}]},{"@type":"WebSite","@id":"https:\/\/lospoliticosveracruz.com\/#website","url":"https:\/\/lospoliticosveracruz.com\/","name":"Los pol\u00edticos Veracruz","description":"","publisher":{"@id":"https:\/\/lospoliticosveracruz.com\/#organization"},"potentialAction":[{"@type":"SearchAction","target":{"@type":"EntryPoint","urlTemplate":"https:\/\/lospoliticosveracruz.com\/?s={search_term_string}"},"query-input":{"@type":"PropertyValueSpecification","valueRequired":true,"valueName":"search_term_string"}}],"inLanguage":"es"},{"@type":"Organization","@id":"https:\/\/lospoliticosveracruz.com\/#organization","name":"Los pol\u00edticos Veracruz","url":"https:\/\/lospoliticosveracruz.com\/","logo":{"@type":"ImageObject","inLanguage":"es","@id":"https:\/\/lospoliticosveracruz.com\/#\/schema\/logo\/image\/","url":"https:\/\/lospoliticosveracruz.com\/wp-content\/uploads\/2025\/12\/Logo-Nuevo-LOS-POLITICOS-1.jpg","contentUrl":"https:\/\/lospoliticosveracruz.com\/wp-content\/uploads\/2025\/12\/Logo-Nuevo-LOS-POLITICOS-1.jpg","width":260,"height":70,"caption":"Los pol\u00edticos Veracruz"},"image":{"@id":"https:\/\/lospoliticosveracruz.com\/#\/schema\/logo\/image\/"},"sameAs":["https:\/\/www.facebook.com\/people\/Notimemes-de-los-Polticos\/61565672886568\/","https:\/\/x.com\/LosPoliticosVer"]},{"@type":"Person","@id":"https:\/\/lospoliticosveracruz.com\/#\/schema\/person\/b8702bb0e538456e6efd07080bf2a4a2","name":"Lo viste en Los Pol\u00edticos","image":{"@type":"ImageObject","inLanguage":"es","@id":"https:\/\/secure.gravatar.com\/avatar\/3a8de04a2656d44082be478bd6c086daa447c4651605818287b9532d3d0bd435?s=96&d=mm&r=g","url":"https:\/\/secure.gravatar.com\/avatar\/3a8de04a2656d44082be478bd6c086daa447c4651605818287b9532d3d0bd435?s=96&d=mm&r=g","contentUrl":"https:\/\/secure.gravatar.com\/avatar\/3a8de04a2656d44082be478bd6c086daa447c4651605818287b9532d3d0bd435?s=96&d=mm&r=g","caption":"Lo viste en Los Pol\u00edticos"},"url":"https:\/\/lospoliticosveracruz.com\/?author=2"}]}},"_links":{"self":[{"href":"https:\/\/lospoliticosveracruz.com\/index.php?rest_route=\/wp\/v2\/posts\/127542","targetHints":{"allow":["GET"]}}],"collection":[{"href":"https:\/\/lospoliticosveracruz.com\/index.php?rest_route=\/wp\/v2\/posts"}],"about":[{"href":"https:\/\/lospoliticosveracruz.com\/index.php?rest_route=\/wp\/v2\/types\/post"}],"author":[{"embeddable":true,"href":"https:\/\/lospoliticosveracruz.com\/index.php?rest_route=\/wp\/v2\/users\/2"}],"replies":[{"embeddable":true,"href":"https:\/\/lospoliticosveracruz.com\/index.php?rest_route=%2Fwp%2Fv2%2Fcomments&post=127542"}],"version-history":[{"count":1,"href":"https:\/\/lospoliticosveracruz.com\/index.php?rest_route=\/wp\/v2\/posts\/127542\/revisions"}],"predecessor-version":[{"id":127543,"href":"https:\/\/lospoliticosveracruz.com\/index.php?rest_route=\/wp\/v2\/posts\/127542\/revisions\/127543"}],"wp:featuredmedia":[{"embeddable":true,"href":"https:\/\/lospoliticosveracruz.com\/index.php?rest_route=\/wp\/v2\/media\/119926"}],"wp:attachment":[{"href":"https:\/\/lospoliticosveracruz.com\/index.php?rest_route=%2Fwp%2Fv2%2Fmedia&parent=127542"}],"wp:term":[{"taxonomy":"category","embeddable":true,"href":"https:\/\/lospoliticosveracruz.com\/index.php?rest_route=%2Fwp%2Fv2%2Fcategories&post=127542"},{"taxonomy":"post_tag","embeddable":true,"href":"https:\/\/lospoliticosveracruz.com\/index.php?rest_route=%2Fwp%2Fv2%2Ftags&post=127542"}],"curies":[{"name":"wp","href":"https:\/\/api.w.org\/{rel}","templated":true}]}}