{"id":12756,"date":"2014-10-16T11:52:11","date_gmt":"2014-10-16T16:52:11","guid":{"rendered":"http:\/\/www.lospoliticosveracruz.com.mx\/?p=12756"},"modified":"2014-10-16T11:52:11","modified_gmt":"2014-10-16T16:52:11","slug":"es-ayotzinapa-la-gota-que-derramo-el-vaso","status":"publish","type":"post","link":"https:\/\/lospoliticosveracruz.com\/?p=12756","title":{"rendered":"\u00bfEs Ayotzinapa la gota que derram\u00f3 el vaso?"},"content":{"rendered":"<p><a href=\"http:\/\/www.lospoliticosveracruz.com.mx\/wp-content\/uploads\/2014\/10\/Mexico.jpg\"><img loading=\"lazy\" decoding=\"async\" class=\"alignnone size-medium wp-image-12757\" src=\"http:\/\/www.lospoliticosveracruz.com.mx\/wp-content\/uploads\/2014\/10\/Mexico-300x150.jpg\" alt=\"Mexico\" width=\"300\" height=\"150\" \/><\/a><\/p>\n<p><strong>Jes\u00fas J. Casta\u00f1eda Nev\u00e1rez<\/strong><br \/>\nTodav\u00eda est\u00e1n frescas las frases de la reciente campa\u00f1a presidencial declarando que \u201cM\u00e9xico necesita un nuevo rumbo\u201d y en medio de una guerra declarada en contra de la delincuencia y que mantuvo a la sociedad agazapada bajo una lluvia de balas, sangre y muertos, la expresi\u00f3n logr\u00f3 que muchos vieran como necesario el \u201cnuevo rumbo\u201d.<br \/>\nSi le agregamos una enf\u00e1tica promoci\u00f3n medi\u00e1tica de los contrincantes pol\u00edticos del gobierno en turno, criticando todo: la estrategia, los operativos, los da\u00f1os colaterales, los gasolinazos, etc., result\u00f3 contundente la necesidad del \u201cnuevo rumbo\u201d.<br \/>\nEl resultado del proceso electoral defini\u00f3 el cambio de estafeta y con ello el inicio del \u201cnuevo rumbo\u201d.<br \/>\nMuchas cosas han cambiado de ese momento a la fecha; con una estrategia dise\u00f1ada con base a la aprobaci\u00f3n de las reformas estructurales y a partir de ellas todo un futuro promisorio lleno de cosas buenas para todas las clases sociales.<br \/>\nConforme se fueron dando las aprobaciones a las Reformas en el Congreso Federal, comenzaron las reacciones. Algunas perfectamente entendibles, como es el caso de la reforma laboral que modific\u00f3 varios esquemas que habr\u00edan generado muchos vicios y poca productividad, pero como las costumbres se hacen leyes, estos cambios generaron cr\u00edtica y molestia.<br \/>\nLa reforma educativa gener\u00f3 la mayor manifestaci\u00f3n callejera ante los criterios laborales que contiene la nueva ley, que marcaron una clara afectaci\u00f3n a los derechos de los trabajadores, por la desaparici\u00f3n de algunos privilegios que se adjudicaron los sindicatos y que abusaron de ellos, lesionando a todo el sistema educativo nacional y a la poblaci\u00f3n estudiantil. La reforma no aplic\u00f3 una estrategia quir\u00fargica directamente al problema (los sindicatos) y pens\u00f3 que con el encarcelamiento de su entonces lideresa era suficiente. Arrasaron con todo el magisterio cual si \u00e9ste fuera un virus mortal y que debiera ser aniquilado.<br \/>\nAunque la reacci\u00f3n de los maestros fue \u201ccontrolada\u201d con el deterioro medi\u00e1tico de la figura del \u201cpobresor\u201d convertido ahora en \u201cv\u00e1ndalo\u201d, para justificar las brutales agresiones de la fuerza p\u00fablica en su contra; adem\u00e1s del agravio econ\u00f3mico ejercido por la propia secretar\u00eda en contra de los que \u201cabandonaron sus aulas\u201d, finalmente \u00e9stos fueron \u201ccontrolados\u201d o \u201csometidos\u201d, pero lejos est\u00e1n del convencimiento y aceptaci\u00f3n de la llamada reforma educativa.<br \/>\nLa Reforma Hacendaria trae su propio ingrediente, con una clara estrategia de ampliar la recaudaci\u00f3n fiscal y las facultades de fiscalizaci\u00f3n de los contribuyentes cautivos, adem\u00e1s de incorporar a quienes operan en la informalidad. Esto suena bien; el problema es el c\u00f3mo lo pretenden hacer. Porque se pretende que todos los contribuyentes del pa\u00eds utilicen la tecnolog\u00eda para el cumplimiento de sus nuevas obligaciones.<br \/>\nTodos es una intenci\u00f3n ofensiva, ya que el SAT ignora completamente que en nuestro pa\u00eds s\u00f3lo el 29.54% de los hogares tiene acceso a la computadora e internet y que 186 de cada mil habitantes est\u00e1 en esa condici\u00f3n. Miles de personas adultas, sin importar su nivel de escolaridad, est\u00e1n en un grave problema por su desconocimiento del uso de la tecnolog\u00eda y su primera reacci\u00f3n est\u00e1 siendo el cerrar sus peque\u00f1os negocios. La econom\u00eda del pa\u00eds ya lo est\u00e1 resintiendo.<br \/>\nOtros muchos miles m\u00e1s de personas en condiciones de marginalidad ni idea tienen de con que se come eso de las computadoras y su limitante los hace preferir la econom\u00eda informal.<br \/>\nLa reacci\u00f3n del SAT est\u00e1 siendo en el sentido de amenazar con la aplicaci\u00f3n de multas que van hasta los 69 mil pesos y si esto empieza a levantar polvo, el riesgo es que los miles de empresarios de micro y peque\u00f1as empresas, mas sus trabajadores, podr\u00edan levantarse en acciones de repudio y reclamo ante lo que representa un acto de injusticia que lesiona y mata las empresas y los empleos.<br \/>\nAparecieron los del Polit\u00e9cnico Nacional en una reacci\u00f3n que no tiene nada que ver directamente con las reformas pero si con su pol\u00edtica interior y con manifestaciones callejeras de miles de estudiantes, pusieron una muestra clara de que la sociedad ya no est\u00e1 dispuesta a \u201caguantar\u201d callada todas las disposiciones emanadas de ese \u201cnuevo rumbo\u201d. La respuesta no tard\u00f3 mucho.<br \/>\nAhora est\u00e1 en el escenario el lamentable hecho de una criminal acci\u00f3n policiaca en contra de estudiantes de la Normal Rural de Ayotzinapa, Gro., que destapa otras criminales acciones de exterminio oficial o delincuencial, al aparecer muchas fosas clandestinas con cuerpos humanos que forman parte de las listas de personas desaparecidas y lloradas por muchas familias que hoy claman por justicia.<br \/>\nYa hay brotes violentos que reflejan el hartazgo que ocasiona la impunidad. El reclamo social se est\u00e1 multiplicando; son demasiados acontecimientos negativos en contra por parte de la sociedad mexicana. Todos con poca respuesta oficial y con pocos resultados en cuanto a la impartici\u00f3n de justicia se refieren.<br \/>\nEsto debe resolverse ya, no podemos ni siguiera intentar minimizar lo ocurrido, porque definitivamente esto no parece ser el \u201cnuevo rumbo\u201d que los mexicanos deseamos. Ese es mi pienso.<\/p>\n<p>jjcastaneda55@gmail.com<\/p>\n","protected":false},"excerpt":{"rendered":"<p>Jes\u00fas J. Casta\u00f1eda Nev\u00e1rez Todav\u00eda est\u00e1n frescas las frases de la reciente campa\u00f1a presidencial declarando que \u201cM\u00e9xico necesita un nuevo rumbo\u201d y en medio de una guerra declarada en contra de la delincuencia y que mantuvo a la sociedad agazapada bajo una lluvia de balas, sangre y muertos, la expresi\u00f3n logr\u00f3 que muchos vieran como [&hellip;]<\/p>\n","protected":false},"author":2,"featured_media":0,"comment_status":"open","ping_status":"open","sticky":false,"template":"","format":"standard","meta":{"tdm_status":"","tdm_grid_status":"","footnotes":""},"categories":[70],"tags":[101,395,396,115],"class_list":{"0":"post-12756","1":"post","2":"type-post","3":"status-publish","4":"format-standard","6":"category-de-opinion","7":"tag-ayotzinapa","8":"tag-mexico","9":"tag-reformas","10":"tag-sat"},"yoast_head":"<!-- This site is optimized with the Yoast SEO plugin v27.4 - https:\/\/yoast.com\/product\/yoast-seo-wordpress\/ -->\n<title>\u00bfEs Ayotzinapa la gota que derram\u00f3 el vaso? - Los pol\u00edticos Veracruz<\/title>\n<meta name=\"robots\" content=\"index, follow, max-snippet:-1, max-image-preview:large, max-video-preview:-1\" \/>\n<link rel=\"canonical\" href=\"https:\/\/lospoliticosveracruz.com\/?p=12756\" \/>\n<meta property=\"og:locale\" content=\"es_ES\" \/>\n<meta property=\"og:type\" content=\"article\" \/>\n<meta property=\"og:title\" content=\"\u00bfEs Ayotzinapa la gota que derram\u00f3 el vaso? - Los pol\u00edticos Veracruz\" \/>\n<meta property=\"og:description\" content=\"Jes\u00fas J. Casta\u00f1eda Nev\u00e1rez Todav\u00eda est\u00e1n frescas las frases de la reciente campa\u00f1a presidencial declarando que \u201cM\u00e9xico necesita un nuevo rumbo\u201d y en medio de una guerra declarada en contra de la delincuencia y que mantuvo a la sociedad agazapada bajo una lluvia de balas, sangre y muertos, la expresi\u00f3n logr\u00f3 que muchos vieran como [&hellip;]\" \/>\n<meta property=\"og:url\" content=\"https:\/\/lospoliticosveracruz.com\/?p=12756\" \/>\n<meta property=\"og:site_name\" content=\"Los pol\u00edticos Veracruz\" \/>\n<meta property=\"article:publisher\" content=\"https:\/\/www.facebook.com\/people\/Notimemes-de-los-Polticos\/61565672886568\/\" \/>\n<meta property=\"article:published_time\" content=\"2014-10-16T16:52:11+00:00\" \/>\n<meta property=\"og:image\" content=\"http:\/\/www.lospoliticosveracruz.com.mx\/wp-content\/uploads\/2014\/10\/Mexico-300x150.jpg\" \/>\n<meta name=\"author\" content=\"Lo viste en Los Pol\u00edticos\" \/>\n<meta name=\"twitter:card\" content=\"summary_large_image\" \/>\n<meta name=\"twitter:creator\" content=\"@LosPoliticosVer\" \/>\n<meta name=\"twitter:site\" content=\"@LosPoliticosVer\" \/>\n<meta name=\"twitter:label1\" content=\"Escrito por\" \/>\n\t<meta name=\"twitter:data1\" content=\"Lo viste en Los Pol\u00edticos\" \/>\n\t<meta name=\"twitter:label2\" content=\"Tiempo de lectura\" \/>\n\t<meta name=\"twitter:data2\" content=\"4 minutos\" \/>\n<script type=\"application\/ld+json\" class=\"yoast-schema-graph\">{\"@context\":\"https:\\\/\\\/schema.org\",\"@graph\":[{\"@type\":\"Article\",\"@id\":\"https:\\\/\\\/lospoliticosveracruz.com\\\/?p=12756#article\",\"isPartOf\":{\"@id\":\"https:\\\/\\\/lospoliticosveracruz.com\\\/?p=12756\"},\"author\":{\"name\":\"Lo viste en Los Pol\u00edticos\",\"@id\":\"https:\\\/\\\/lospoliticosveracruz.com\\\/#\\\/schema\\\/person\\\/b8702bb0e538456e6efd07080bf2a4a2\"},\"headline\":\"\u00bfEs Ayotzinapa la gota que derram\u00f3 el vaso?\",\"datePublished\":\"2014-10-16T16:52:11+00:00\",\"mainEntityOfPage\":{\"@id\":\"https:\\\/\\\/lospoliticosveracruz.com\\\/?p=12756\"},\"wordCount\":880,\"commentCount\":0,\"publisher\":{\"@id\":\"https:\\\/\\\/lospoliticosveracruz.com\\\/#organization\"},\"image\":{\"@id\":\"https:\\\/\\\/lospoliticosveracruz.com\\\/?p=12756#primaryimage\"},\"thumbnailUrl\":\"http:\\\/\\\/www.lospoliticosveracruz.com.mx\\\/wp-content\\\/uploads\\\/2014\\\/10\\\/Mexico-300x150.jpg\",\"keywords\":[\"Ayotzinapa\",\"M\u00e9xico\",\"Reformas\",\"SAT\"],\"articleSection\":[\"De Opini\u00f3n\"],\"inLanguage\":\"es\",\"potentialAction\":[{\"@type\":\"CommentAction\",\"name\":\"Comment\",\"target\":[\"https:\\\/\\\/lospoliticosveracruz.com\\\/?p=12756#respond\"]}]},{\"@type\":\"WebPage\",\"@id\":\"https:\\\/\\\/lospoliticosveracruz.com\\\/?p=12756\",\"url\":\"https:\\\/\\\/lospoliticosveracruz.com\\\/?p=12756\",\"name\":\"\u00bfEs Ayotzinapa la gota que derram\u00f3 el vaso? - Los pol\u00edticos Veracruz\",\"isPartOf\":{\"@id\":\"https:\\\/\\\/lospoliticosveracruz.com\\\/#website\"},\"primaryImageOfPage\":{\"@id\":\"https:\\\/\\\/lospoliticosveracruz.com\\\/?p=12756#primaryimage\"},\"image\":{\"@id\":\"https:\\\/\\\/lospoliticosveracruz.com\\\/?p=12756#primaryimage\"},\"thumbnailUrl\":\"http:\\\/\\\/www.lospoliticosveracruz.com.mx\\\/wp-content\\\/uploads\\\/2014\\\/10\\\/Mexico-300x150.jpg\",\"datePublished\":\"2014-10-16T16:52:11+00:00\",\"breadcrumb\":{\"@id\":\"https:\\\/\\\/lospoliticosveracruz.com\\\/?p=12756#breadcrumb\"},\"inLanguage\":\"es\",\"potentialAction\":[{\"@type\":\"ReadAction\",\"target\":[\"https:\\\/\\\/lospoliticosveracruz.com\\\/?p=12756\"]}]},{\"@type\":\"ImageObject\",\"inLanguage\":\"es\",\"@id\":\"https:\\\/\\\/lospoliticosveracruz.com\\\/?p=12756#primaryimage\",\"url\":\"http:\\\/\\\/www.lospoliticosveracruz.com.mx\\\/wp-content\\\/uploads\\\/2014\\\/10\\\/Mexico-300x150.jpg\",\"contentUrl\":\"http:\\\/\\\/www.lospoliticosveracruz.com.mx\\\/wp-content\\\/uploads\\\/2014\\\/10\\\/Mexico-300x150.jpg\"},{\"@type\":\"BreadcrumbList\",\"@id\":\"https:\\\/\\\/lospoliticosveracruz.com\\\/?p=12756#breadcrumb\",\"itemListElement\":[{\"@type\":\"ListItem\",\"position\":1,\"name\":\"Portada\",\"item\":\"https:\\\/\\\/lospoliticosveracruz.com\\\/\"},{\"@type\":\"ListItem\",\"position\":2,\"name\":\"\u00bfEs Ayotzinapa la gota que derram\u00f3 el vaso?\"}]},{\"@type\":\"WebSite\",\"@id\":\"https:\\\/\\\/lospoliticosveracruz.com\\\/#website\",\"url\":\"https:\\\/\\\/lospoliticosveracruz.com\\\/\",\"name\":\"Los pol\u00edticos Veracruz\",\"description\":\"\",\"publisher\":{\"@id\":\"https:\\\/\\\/lospoliticosveracruz.com\\\/#organization\"},\"potentialAction\":[{\"@type\":\"SearchAction\",\"target\":{\"@type\":\"EntryPoint\",\"urlTemplate\":\"https:\\\/\\\/lospoliticosveracruz.com\\\/?s={search_term_string}\"},\"query-input\":{\"@type\":\"PropertyValueSpecification\",\"valueRequired\":true,\"valueName\":\"search_term_string\"}}],\"inLanguage\":\"es\"},{\"@type\":\"Organization\",\"@id\":\"https:\\\/\\\/lospoliticosveracruz.com\\\/#organization\",\"name\":\"Los pol\u00edticos Veracruz\",\"url\":\"https:\\\/\\\/lospoliticosveracruz.com\\\/\",\"logo\":{\"@type\":\"ImageObject\",\"inLanguage\":\"es\",\"@id\":\"https:\\\/\\\/lospoliticosveracruz.com\\\/#\\\/schema\\\/logo\\\/image\\\/\",\"url\":\"https:\\\/\\\/lospoliticosveracruz.com\\\/wp-content\\\/uploads\\\/2025\\\/12\\\/Logo-Nuevo-LOS-POLITICOS-1.jpg\",\"contentUrl\":\"https:\\\/\\\/lospoliticosveracruz.com\\\/wp-content\\\/uploads\\\/2025\\\/12\\\/Logo-Nuevo-LOS-POLITICOS-1.jpg\",\"width\":260,\"height\":70,\"caption\":\"Los pol\u00edticos Veracruz\"},\"image\":{\"@id\":\"https:\\\/\\\/lospoliticosveracruz.com\\\/#\\\/schema\\\/logo\\\/image\\\/\"},\"sameAs\":[\"https:\\\/\\\/www.facebook.com\\\/people\\\/Notimemes-de-los-Polticos\\\/61565672886568\\\/\",\"https:\\\/\\\/x.com\\\/LosPoliticosVer\"]},{\"@type\":\"Person\",\"@id\":\"https:\\\/\\\/lospoliticosveracruz.com\\\/#\\\/schema\\\/person\\\/b8702bb0e538456e6efd07080bf2a4a2\",\"name\":\"Lo viste en Los Pol\u00edticos\",\"image\":{\"@type\":\"ImageObject\",\"inLanguage\":\"es\",\"@id\":\"https:\\\/\\\/secure.gravatar.com\\\/avatar\\\/3a8de04a2656d44082be478bd6c086daa447c4651605818287b9532d3d0bd435?s=96&d=mm&r=g\",\"url\":\"https:\\\/\\\/secure.gravatar.com\\\/avatar\\\/3a8de04a2656d44082be478bd6c086daa447c4651605818287b9532d3d0bd435?s=96&d=mm&r=g\",\"contentUrl\":\"https:\\\/\\\/secure.gravatar.com\\\/avatar\\\/3a8de04a2656d44082be478bd6c086daa447c4651605818287b9532d3d0bd435?s=96&d=mm&r=g\",\"caption\":\"Lo viste en Los Pol\u00edticos\"},\"url\":\"https:\\\/\\\/lospoliticosveracruz.com\\\/?author=2\"}]}<\/script>\n<!-- \/ Yoast SEO plugin. -->","yoast_head_json":{"title":"\u00bfEs Ayotzinapa la gota que derram\u00f3 el vaso? - Los pol\u00edticos Veracruz","robots":{"index":"index","follow":"follow","max-snippet":"max-snippet:-1","max-image-preview":"max-image-preview:large","max-video-preview":"max-video-preview:-1"},"canonical":"https:\/\/lospoliticosveracruz.com\/?p=12756","og_locale":"es_ES","og_type":"article","og_title":"\u00bfEs Ayotzinapa la gota que derram\u00f3 el vaso? - Los pol\u00edticos Veracruz","og_description":"Jes\u00fas J. Casta\u00f1eda Nev\u00e1rez Todav\u00eda est\u00e1n frescas las frases de la reciente campa\u00f1a presidencial declarando que \u201cM\u00e9xico necesita un nuevo rumbo\u201d y en medio de una guerra declarada en contra de la delincuencia y que mantuvo a la sociedad agazapada bajo una lluvia de balas, sangre y muertos, la expresi\u00f3n logr\u00f3 que muchos vieran como [&hellip;]","og_url":"https:\/\/lospoliticosveracruz.com\/?p=12756","og_site_name":"Los pol\u00edticos Veracruz","article_publisher":"https:\/\/www.facebook.com\/people\/Notimemes-de-los-Polticos\/61565672886568\/","article_published_time":"2014-10-16T16:52:11+00:00","og_image":[{"url":"http:\/\/www.lospoliticosveracruz.com.mx\/wp-content\/uploads\/2014\/10\/Mexico-300x150.jpg","type":"","width":"","height":""}],"author":"Lo viste en Los Pol\u00edticos","twitter_card":"summary_large_image","twitter_creator":"@LosPoliticosVer","twitter_site":"@LosPoliticosVer","twitter_misc":{"Escrito por":"Lo viste en Los Pol\u00edticos","Tiempo de lectura":"4 minutos"},"schema":{"@context":"https:\/\/schema.org","@graph":[{"@type":"Article","@id":"https:\/\/lospoliticosveracruz.com\/?p=12756#article","isPartOf":{"@id":"https:\/\/lospoliticosveracruz.com\/?p=12756"},"author":{"name":"Lo viste en Los Pol\u00edticos","@id":"https:\/\/lospoliticosveracruz.com\/#\/schema\/person\/b8702bb0e538456e6efd07080bf2a4a2"},"headline":"\u00bfEs Ayotzinapa la gota que derram\u00f3 el vaso?","datePublished":"2014-10-16T16:52:11+00:00","mainEntityOfPage":{"@id":"https:\/\/lospoliticosveracruz.com\/?p=12756"},"wordCount":880,"commentCount":0,"publisher":{"@id":"https:\/\/lospoliticosveracruz.com\/#organization"},"image":{"@id":"https:\/\/lospoliticosveracruz.com\/?p=12756#primaryimage"},"thumbnailUrl":"http:\/\/www.lospoliticosveracruz.com.mx\/wp-content\/uploads\/2014\/10\/Mexico-300x150.jpg","keywords":["Ayotzinapa","M\u00e9xico","Reformas","SAT"],"articleSection":["De Opini\u00f3n"],"inLanguage":"es","potentialAction":[{"@type":"CommentAction","name":"Comment","target":["https:\/\/lospoliticosveracruz.com\/?p=12756#respond"]}]},{"@type":"WebPage","@id":"https:\/\/lospoliticosveracruz.com\/?p=12756","url":"https:\/\/lospoliticosveracruz.com\/?p=12756","name":"\u00bfEs Ayotzinapa la gota que derram\u00f3 el vaso? - Los pol\u00edticos Veracruz","isPartOf":{"@id":"https:\/\/lospoliticosveracruz.com\/#website"},"primaryImageOfPage":{"@id":"https:\/\/lospoliticosveracruz.com\/?p=12756#primaryimage"},"image":{"@id":"https:\/\/lospoliticosveracruz.com\/?p=12756#primaryimage"},"thumbnailUrl":"http:\/\/www.lospoliticosveracruz.com.mx\/wp-content\/uploads\/2014\/10\/Mexico-300x150.jpg","datePublished":"2014-10-16T16:52:11+00:00","breadcrumb":{"@id":"https:\/\/lospoliticosveracruz.com\/?p=12756#breadcrumb"},"inLanguage":"es","potentialAction":[{"@type":"ReadAction","target":["https:\/\/lospoliticosveracruz.com\/?p=12756"]}]},{"@type":"ImageObject","inLanguage":"es","@id":"https:\/\/lospoliticosveracruz.com\/?p=12756#primaryimage","url":"http:\/\/www.lospoliticosveracruz.com.mx\/wp-content\/uploads\/2014\/10\/Mexico-300x150.jpg","contentUrl":"http:\/\/www.lospoliticosveracruz.com.mx\/wp-content\/uploads\/2014\/10\/Mexico-300x150.jpg"},{"@type":"BreadcrumbList","@id":"https:\/\/lospoliticosveracruz.com\/?p=12756#breadcrumb","itemListElement":[{"@type":"ListItem","position":1,"name":"Portada","item":"https:\/\/lospoliticosveracruz.com\/"},{"@type":"ListItem","position":2,"name":"\u00bfEs Ayotzinapa la gota que derram\u00f3 el vaso?"}]},{"@type":"WebSite","@id":"https:\/\/lospoliticosveracruz.com\/#website","url":"https:\/\/lospoliticosveracruz.com\/","name":"Los pol\u00edticos Veracruz","description":"","publisher":{"@id":"https:\/\/lospoliticosveracruz.com\/#organization"},"potentialAction":[{"@type":"SearchAction","target":{"@type":"EntryPoint","urlTemplate":"https:\/\/lospoliticosveracruz.com\/?s={search_term_string}"},"query-input":{"@type":"PropertyValueSpecification","valueRequired":true,"valueName":"search_term_string"}}],"inLanguage":"es"},{"@type":"Organization","@id":"https:\/\/lospoliticosveracruz.com\/#organization","name":"Los pol\u00edticos Veracruz","url":"https:\/\/lospoliticosveracruz.com\/","logo":{"@type":"ImageObject","inLanguage":"es","@id":"https:\/\/lospoliticosveracruz.com\/#\/schema\/logo\/image\/","url":"https:\/\/lospoliticosveracruz.com\/wp-content\/uploads\/2025\/12\/Logo-Nuevo-LOS-POLITICOS-1.jpg","contentUrl":"https:\/\/lospoliticosveracruz.com\/wp-content\/uploads\/2025\/12\/Logo-Nuevo-LOS-POLITICOS-1.jpg","width":260,"height":70,"caption":"Los pol\u00edticos Veracruz"},"image":{"@id":"https:\/\/lospoliticosveracruz.com\/#\/schema\/logo\/image\/"},"sameAs":["https:\/\/www.facebook.com\/people\/Notimemes-de-los-Polticos\/61565672886568\/","https:\/\/x.com\/LosPoliticosVer"]},{"@type":"Person","@id":"https:\/\/lospoliticosveracruz.com\/#\/schema\/person\/b8702bb0e538456e6efd07080bf2a4a2","name":"Lo viste en Los Pol\u00edticos","image":{"@type":"ImageObject","inLanguage":"es","@id":"https:\/\/secure.gravatar.com\/avatar\/3a8de04a2656d44082be478bd6c086daa447c4651605818287b9532d3d0bd435?s=96&d=mm&r=g","url":"https:\/\/secure.gravatar.com\/avatar\/3a8de04a2656d44082be478bd6c086daa447c4651605818287b9532d3d0bd435?s=96&d=mm&r=g","contentUrl":"https:\/\/secure.gravatar.com\/avatar\/3a8de04a2656d44082be478bd6c086daa447c4651605818287b9532d3d0bd435?s=96&d=mm&r=g","caption":"Lo viste en Los Pol\u00edticos"},"url":"https:\/\/lospoliticosveracruz.com\/?author=2"}]}},"_links":{"self":[{"href":"https:\/\/lospoliticosveracruz.com\/index.php?rest_route=\/wp\/v2\/posts\/12756","targetHints":{"allow":["GET"]}}],"collection":[{"href":"https:\/\/lospoliticosveracruz.com\/index.php?rest_route=\/wp\/v2\/posts"}],"about":[{"href":"https:\/\/lospoliticosveracruz.com\/index.php?rest_route=\/wp\/v2\/types\/post"}],"author":[{"embeddable":true,"href":"https:\/\/lospoliticosveracruz.com\/index.php?rest_route=\/wp\/v2\/users\/2"}],"replies":[{"embeddable":true,"href":"https:\/\/lospoliticosveracruz.com\/index.php?rest_route=%2Fwp%2Fv2%2Fcomments&post=12756"}],"version-history":[{"count":1,"href":"https:\/\/lospoliticosveracruz.com\/index.php?rest_route=\/wp\/v2\/posts\/12756\/revisions"}],"predecessor-version":[{"id":12758,"href":"https:\/\/lospoliticosveracruz.com\/index.php?rest_route=\/wp\/v2\/posts\/12756\/revisions\/12758"}],"wp:attachment":[{"href":"https:\/\/lospoliticosveracruz.com\/index.php?rest_route=%2Fwp%2Fv2%2Fmedia&parent=12756"}],"wp:term":[{"taxonomy":"category","embeddable":true,"href":"https:\/\/lospoliticosveracruz.com\/index.php?rest_route=%2Fwp%2Fv2%2Fcategories&post=12756"},{"taxonomy":"post_tag","embeddable":true,"href":"https:\/\/lospoliticosveracruz.com\/index.php?rest_route=%2Fwp%2Fv2%2Ftags&post=12756"}],"curies":[{"name":"wp","href":"https:\/\/api.w.org\/{rel}","templated":true}]}}