{"id":12766,"date":"2014-10-16T16:55:23","date_gmt":"2014-10-16T21:55:23","guid":{"rendered":"http:\/\/www.lospoliticosveracruz.com.mx\/?p=12766"},"modified":"2014-10-16T16:55:23","modified_gmt":"2014-10-16T21:55:23","slug":"cada-veracruzano-debe-cerca-de-5-mil-pesos","status":"publish","type":"post","link":"https:\/\/lospoliticosveracruz.com\/?p=12766","title":{"rendered":"Cada veracruzano debe cerca de 5 mil pesos"},"content":{"rendered":"<p><a href=\"http:\/\/www.lospoliticosveracruz.com.mx\/wp-content\/uploads\/2014\/10\/Sin_dinero.jpg\"><img loading=\"lazy\" decoding=\"async\" class=\"alignnone size-medium wp-image-12767\" src=\"http:\/\/www.lospoliticosveracruz.com.mx\/wp-content\/uploads\/2014\/10\/Sin_dinero-300x270.jpg\" alt=\"Sin_dinero\" width=\"300\" height=\"270\" \/><\/a><br \/>\n<strong>\u00c1lvaro Belin Andrade<\/strong><\/p>\n<p><em>Hora Libre<\/em><\/p>\n<p>&nbsp;<\/p>\n<p>Aunque los pobladores de Coahuila, Chihuahua, Nuevo Le\u00f3n, Quintana Roo, Distrito Federal, Nayarit y Sonora nos superan en deuda per c\u00e1pita, gracias a gobernadores que se han convertido en los villanos de la historia m\u00e1s cercana a nuestros bolsillos, quienes vivimos en Veracruz no cantamos mal las rancheras.<br \/>\nSeg\u00fan el estudio sobre el \u00cdndice de Informaci\u00f3n Presupuestal Estatal 2014, elaborado por el Instituto Mexicano para la Competitividad (IMCO), cada uno de los veracruzanos debe, en promedio, 4 mil 780 pesos, mientras que el promedio nacional se calcula en 3 mil 513. Los coahuilenses son los m\u00e1s endeudados, porque sobre cada uno pesa una deuda de 11 mil 826 pesos, seguida por los chihuahuenses (11 mil 170), neoloneses (10 mil 617), quintanarroenses (10 mil 292), defe\u00f1os (6 mil 919), nayaritas (4 mil 862) y sonorenses (4 mil 861). En cambio, estados como Quer\u00e9taro (que tiene una deuda per c\u00e1pita de 615 pesos) y Tlaxcala (sin deuda) est\u00e1n en los gloriosos \u00faltimos lugares en endeudamiento.<br \/>\nPara poner un ejemplo, lo que pasa en Veracruz con la deuda p\u00fablica estatal implicar\u00eda que hasta una familia campesina compuesta por cinco integrantes, refundidos en la m\u00e1s inh\u00f3spita regi\u00f3n monta\u00f1osa, adeude sin saberlo cerca de 24 mil pesos, cifra astron\u00f3mica si consideramos que lo que ganan no les alcanza ni para comer.<br \/>\nCon base en datos oficiales recabado por el IMCO, Veracruz ocupa el cuarto lugar nacional por el monto de su deuda p\u00fablica, al acumular hasta el 30 de junio pasado, la nada despreciable suma de 38 mil 200 millones de pesos en obligaciones tanto con la banca m\u00faltiple y de desarrollo como derivado de emisiones burs\u00e1tiles, como la que se realiz\u00f3 sobre el pago de tenencia vehicular y, todo ello, teniendo como base las participaciones federales.<br \/>\nEl estudio se\u00f1ala que solo 10 entidades federativas concentran el 75 por ciento de la deuda subnacional, calculada en 489 mil 643 millones de pesos, entre las que se cuenta Veracruz, mientras que el 25 por ciento restante se reparte en 22 entidades (en realidad, en 21, habida cuenta de que Tlaxcala tiene en cero su deuda).<br \/>\nLa lista de los 10 m\u00e1s endeudados la encabeza el Distrito Federal (con 61.4 mil millones de pesos), seguida de Nuevo Le\u00f3n (53.2 mmdp), Chihuahua (41.0 mmdp), Veracruz (38.2 mmdp), Coahuila (34.6 mmdp), Estado de M\u00e9xico (33.4 mmdp), Chiapas (18.1 mmdp), Jalisco (16.5 mmdp), Michoac\u00e1n (15.8 mmdp) y Quintana Roo (15.7 mmdp).<br \/>\nAunque Veracruz multiplic\u00f3 su deuda mediante emisiones burs\u00e1tiles, la mayor\u00eda de la deuda nacional ten\u00eda como acreedor a la banca m\u00faltiple (284 mil 509 millones de pesos), mientras que la banca de desarrollo se manten\u00eda en el segundo sitio (107 mil 329 mdp) y las emisiones burs\u00e1tiles en tercero (84 mil 671 mdp).<br \/>\nEl 84.3 por ciento de los montos de deuda tienen como garant\u00eda las participaciones federales, el 14.1 por ciento las aportaciones y el 1.6 por ciento los ingresos propios.<\/p>\n<p>Presupuesto 2015: estados gananciosos<\/p>\n<p>El estudio del IMCO prev\u00e9 para 2015, con base en el proyecto de presupuesto de egresos del gobierno federal, un gasto neto total de 4 billones, 676 mil 237 millones 100 mil pesos. De tal cifra, el 67 por ciento ser\u00e1 manejado directamente por la Federaci\u00f3n o a trav\u00e9s de organismos como el IMSSS, ISSSTE, Pemex y CFE, y el 33 por ciento restante ser\u00e1 transferido a las entidades federativas.<br \/>\nNo es una cifra menor, se calcula que por aportaciones (ramos 33 y 25) se transfieran m\u00e1s de 637 mil millones de pesos (14%), por participaciones (ramo 28) 605 mil millones de pesos (13%) y por otros federalizados aterricen en los estados 283 mil millones de pesos (6%). En total, 1 bill\u00f3n 526 mil millones de pesos. Dicha cantidad equivale a 5 veces el gasto en Educaci\u00f3n P\u00fablica (305.7 mmdp) y a 2.8 veces lo que se destina al IMSS (537 mmdp).<br \/>\nPara hacer un comparativo, el IMCO contrasta el porcentaje del presupuesto federal destinado a estados en M\u00e9xico (33%) con lo que sucede en naciones como Islandia, que solo transfiere el 3.5 por ciento. En realidad, M\u00e9xico transfiere m\u00e1s que 27 pa\u00edses en desarrollo.<br \/>\nLa enorme dependencia de los gobiernos de los estados respecto a la Federaci\u00f3n no es analizada en el fondo por el IMCO, sin embargo, en el estudio se se\u00f1ala que mientras las entidades federativas y los municipios generan el 9.6% de los ingresos totales, ejercen en cambio el 45.6 por ciento de los egresos.<br \/>\nNi estados ni municipios se quieren echar encima la repulsa popular (tan peligrosa en un pa\u00eds donde casi cada mes hay elecciones) subiendo los impuestos o creando nuevos; por ello, el 83.6 por ciento de sus ingresos provienen del gobierno federal, mientras que sus ingresos propios apenas significan el 7.8 por ciento. Veracruz, incluso, est\u00e1 por debajo de ese promedio (debajo de 5%).<\/p>\n<p>En el pa\u00eds, un secuestro cada tres horas<\/p>\n<p>El terror\u00edfico c\u00e1lculo sobre incidencia de plagios en el pa\u00eds ha sido presentado por la organizaci\u00f3n Alto al Secuestro, que preside Isabel Miranda de Wallace: en promedio, en el pa\u00eds se produce un secuestro cada tres horas, y lo m\u00e1s grave, el 73 por ciento de estos delitos cometidos en M\u00e9xico ocurren en siete entidades: Estado de M\u00e9xico, Tamaulipas, Morelos, Guerrero, Distrito Federal, Veracruz y Michoac\u00e1n.<br \/>\nEn informaci\u00f3n ofrecida a medios de comunicaci\u00f3n, este organismo civil asegura (con datos hasta septiembre, inclusive) que, en comparaci\u00f3n con los primeros nueve meses de 2013, el delito de secuestro ha experimentado un alza de 36 por ciento.<br \/>\nSus estad\u00edsticas ri\u00f1en con las presentadas por el Sistema Nacional de Seguridad P\u00fablica, que se basa en las averiguaciones iniciadas y reportadas por las procuradur\u00edas estatales. Mientras Alto al Secuestro presenta un registro de 2,039 casos de enero a septiembre de este a\u00f1o, es decir, un promedio de 256 casos mensuales, el SNSP registra una media de 176 secuestros por mes.<br \/>\n\u00bfQuiere usted saber, independientemente de los ciclos mes\/a\u00f1o c\u00f3mo le ha ido al presidente Enrique Pe\u00f1a Nieto en materia de secuestros durante su mandato? Entre el primero de diciembre de 2012 y el 30 de septiembre pasado, se han producido 5 mil 177 secuestros, de los cuales solo 4 mil 635 fueron denunciados, mientras que los 542 casos restantes fueron atendidos por alguna autoridad aunque no medi\u00f3 denuncia.<br \/>\nEl 71 por ciento de los plagiados es var\u00f3n; el 24 por ciento con edades que van de los 21 a los 30 a\u00f1os. La buena noticia es que, respecto a agosto, la cifra de secuestros disminuy\u00f3 en un 2 por ciento, al ocurrir 178 casos.<br \/>\nPese a ello, seg\u00fan la excandidata panista al Gobierno del Distrito Federal, a cuatro a\u00f1os de la entrada en vigor de la ley contra el secuestro, ninguno de los tres niveles de gobierno ha logrado establecer \u201cun registro eficiente sobre el n\u00famero de delitos\u201d y es que, seg\u00fan Miranda de Wallace, eso es as\u00ed porque no es una prioridad.<\/p>\n<p>Comentarios: belin.alvaro@gmail.com<\/p>\n","protected":false},"excerpt":{"rendered":"<p>\u00c1lvaro Belin Andrade Hora Libre &nbsp; Aunque los pobladores de Coahuila, Chihuahua, Nuevo Le\u00f3n, Quintana Roo, Distrito Federal, Nayarit y Sonora nos superan en deuda per c\u00e1pita, gracias a gobernadores que se han convertido en los villanos de la historia m\u00e1s cercana a nuestros bolsillos, quienes vivimos en Veracruz no cantamos mal las rancheras. Seg\u00fan [&hellip;]<\/p>\n","protected":false},"author":2,"featured_media":0,"comment_status":"open","ping_status":"open","sticky":false,"template":"","format":"standard","meta":{"tdm_status":"","tdm_grid_status":"","footnotes":""},"categories":[70],"tags":[398],"class_list":{"0":"post-12766","1":"post","2":"type-post","3":"status-publish","4":"format-standard","6":"category-de-opinion","7":"tag-imco"},"yoast_head":"<!-- This site is optimized with the Yoast SEO plugin v27.4 - https:\/\/yoast.com\/product\/yoast-seo-wordpress\/ -->\n<title>Cada veracruzano debe cerca de 5 mil pesos - Los pol\u00edticos Veracruz<\/title>\n<meta name=\"robots\" content=\"index, follow, max-snippet:-1, max-image-preview:large, max-video-preview:-1\" \/>\n<link rel=\"canonical\" href=\"https:\/\/lospoliticosveracruz.com\/?p=12766\" \/>\n<meta property=\"og:locale\" content=\"es_ES\" \/>\n<meta property=\"og:type\" content=\"article\" \/>\n<meta property=\"og:title\" content=\"Cada veracruzano debe cerca de 5 mil pesos - Los pol\u00edticos Veracruz\" \/>\n<meta property=\"og:description\" content=\"\u00c1lvaro Belin Andrade Hora Libre &nbsp; Aunque los pobladores de Coahuila, Chihuahua, Nuevo Le\u00f3n, Quintana Roo, Distrito Federal, Nayarit y Sonora nos superan en deuda per c\u00e1pita, gracias a gobernadores que se han convertido en los villanos de la historia m\u00e1s cercana a nuestros bolsillos, quienes vivimos en Veracruz no cantamos mal las rancheras. Seg\u00fan [&hellip;]\" \/>\n<meta property=\"og:url\" content=\"https:\/\/lospoliticosveracruz.com\/?p=12766\" \/>\n<meta property=\"og:site_name\" content=\"Los pol\u00edticos Veracruz\" \/>\n<meta property=\"article:publisher\" content=\"https:\/\/www.facebook.com\/people\/Notimemes-de-los-Polticos\/61565672886568\/\" \/>\n<meta property=\"article:published_time\" content=\"2014-10-16T21:55:23+00:00\" \/>\n<meta property=\"og:image\" content=\"http:\/\/www.lospoliticosveracruz.com.mx\/wp-content\/uploads\/2014\/10\/Sin_dinero-300x270.jpg\" \/>\n<meta name=\"author\" content=\"Lo viste en Los Pol\u00edticos\" \/>\n<meta name=\"twitter:card\" content=\"summary_large_image\" \/>\n<meta name=\"twitter:creator\" content=\"@LosPoliticosVer\" \/>\n<meta name=\"twitter:site\" content=\"@LosPoliticosVer\" \/>\n<meta name=\"twitter:label1\" content=\"Escrito por\" \/>\n\t<meta name=\"twitter:data1\" content=\"Lo viste en Los Pol\u00edticos\" \/>\n\t<meta name=\"twitter:label2\" content=\"Tiempo de lectura\" \/>\n\t<meta name=\"twitter:data2\" content=\"6 minutos\" \/>\n<script type=\"application\/ld+json\" class=\"yoast-schema-graph\">{\"@context\":\"https:\\\/\\\/schema.org\",\"@graph\":[{\"@type\":\"Article\",\"@id\":\"https:\\\/\\\/lospoliticosveracruz.com\\\/?p=12766#article\",\"isPartOf\":{\"@id\":\"https:\\\/\\\/lospoliticosveracruz.com\\\/?p=12766\"},\"author\":{\"name\":\"Lo viste en Los Pol\u00edticos\",\"@id\":\"https:\\\/\\\/lospoliticosveracruz.com\\\/#\\\/schema\\\/person\\\/b8702bb0e538456e6efd07080bf2a4a2\"},\"headline\":\"Cada veracruzano debe cerca de 5 mil pesos\",\"datePublished\":\"2014-10-16T21:55:23+00:00\",\"mainEntityOfPage\":{\"@id\":\"https:\\\/\\\/lospoliticosveracruz.com\\\/?p=12766\"},\"wordCount\":1135,\"commentCount\":0,\"publisher\":{\"@id\":\"https:\\\/\\\/lospoliticosveracruz.com\\\/#organization\"},\"image\":{\"@id\":\"https:\\\/\\\/lospoliticosveracruz.com\\\/?p=12766#primaryimage\"},\"thumbnailUrl\":\"http:\\\/\\\/www.lospoliticosveracruz.com.mx\\\/wp-content\\\/uploads\\\/2014\\\/10\\\/Sin_dinero-300x270.jpg\",\"keywords\":[\"IMCO\"],\"articleSection\":[\"De Opini\u00f3n\"],\"inLanguage\":\"es\",\"potentialAction\":[{\"@type\":\"CommentAction\",\"name\":\"Comment\",\"target\":[\"https:\\\/\\\/lospoliticosveracruz.com\\\/?p=12766#respond\"]}]},{\"@type\":\"WebPage\",\"@id\":\"https:\\\/\\\/lospoliticosveracruz.com\\\/?p=12766\",\"url\":\"https:\\\/\\\/lospoliticosveracruz.com\\\/?p=12766\",\"name\":\"Cada veracruzano debe cerca de 5 mil pesos - Los pol\u00edticos Veracruz\",\"isPartOf\":{\"@id\":\"https:\\\/\\\/lospoliticosveracruz.com\\\/#website\"},\"primaryImageOfPage\":{\"@id\":\"https:\\\/\\\/lospoliticosveracruz.com\\\/?p=12766#primaryimage\"},\"image\":{\"@id\":\"https:\\\/\\\/lospoliticosveracruz.com\\\/?p=12766#primaryimage\"},\"thumbnailUrl\":\"http:\\\/\\\/www.lospoliticosveracruz.com.mx\\\/wp-content\\\/uploads\\\/2014\\\/10\\\/Sin_dinero-300x270.jpg\",\"datePublished\":\"2014-10-16T21:55:23+00:00\",\"breadcrumb\":{\"@id\":\"https:\\\/\\\/lospoliticosveracruz.com\\\/?p=12766#breadcrumb\"},\"inLanguage\":\"es\",\"potentialAction\":[{\"@type\":\"ReadAction\",\"target\":[\"https:\\\/\\\/lospoliticosveracruz.com\\\/?p=12766\"]}]},{\"@type\":\"ImageObject\",\"inLanguage\":\"es\",\"@id\":\"https:\\\/\\\/lospoliticosveracruz.com\\\/?p=12766#primaryimage\",\"url\":\"http:\\\/\\\/www.lospoliticosveracruz.com.mx\\\/wp-content\\\/uploads\\\/2014\\\/10\\\/Sin_dinero-300x270.jpg\",\"contentUrl\":\"http:\\\/\\\/www.lospoliticosveracruz.com.mx\\\/wp-content\\\/uploads\\\/2014\\\/10\\\/Sin_dinero-300x270.jpg\"},{\"@type\":\"BreadcrumbList\",\"@id\":\"https:\\\/\\\/lospoliticosveracruz.com\\\/?p=12766#breadcrumb\",\"itemListElement\":[{\"@type\":\"ListItem\",\"position\":1,\"name\":\"Portada\",\"item\":\"https:\\\/\\\/lospoliticosveracruz.com\\\/\"},{\"@type\":\"ListItem\",\"position\":2,\"name\":\"Cada veracruzano debe cerca de 5 mil pesos\"}]},{\"@type\":\"WebSite\",\"@id\":\"https:\\\/\\\/lospoliticosveracruz.com\\\/#website\",\"url\":\"https:\\\/\\\/lospoliticosveracruz.com\\\/\",\"name\":\"Los pol\u00edticos Veracruz\",\"description\":\"\",\"publisher\":{\"@id\":\"https:\\\/\\\/lospoliticosveracruz.com\\\/#organization\"},\"potentialAction\":[{\"@type\":\"SearchAction\",\"target\":{\"@type\":\"EntryPoint\",\"urlTemplate\":\"https:\\\/\\\/lospoliticosveracruz.com\\\/?s={search_term_string}\"},\"query-input\":{\"@type\":\"PropertyValueSpecification\",\"valueRequired\":true,\"valueName\":\"search_term_string\"}}],\"inLanguage\":\"es\"},{\"@type\":\"Organization\",\"@id\":\"https:\\\/\\\/lospoliticosveracruz.com\\\/#organization\",\"name\":\"Los pol\u00edticos Veracruz\",\"url\":\"https:\\\/\\\/lospoliticosveracruz.com\\\/\",\"logo\":{\"@type\":\"ImageObject\",\"inLanguage\":\"es\",\"@id\":\"https:\\\/\\\/lospoliticosveracruz.com\\\/#\\\/schema\\\/logo\\\/image\\\/\",\"url\":\"https:\\\/\\\/lospoliticosveracruz.com\\\/wp-content\\\/uploads\\\/2025\\\/12\\\/Logo-Nuevo-LOS-POLITICOS-1.jpg\",\"contentUrl\":\"https:\\\/\\\/lospoliticosveracruz.com\\\/wp-content\\\/uploads\\\/2025\\\/12\\\/Logo-Nuevo-LOS-POLITICOS-1.jpg\",\"width\":260,\"height\":70,\"caption\":\"Los pol\u00edticos Veracruz\"},\"image\":{\"@id\":\"https:\\\/\\\/lospoliticosveracruz.com\\\/#\\\/schema\\\/logo\\\/image\\\/\"},\"sameAs\":[\"https:\\\/\\\/www.facebook.com\\\/people\\\/Notimemes-de-los-Polticos\\\/61565672886568\\\/\",\"https:\\\/\\\/x.com\\\/LosPoliticosVer\"]},{\"@type\":\"Person\",\"@id\":\"https:\\\/\\\/lospoliticosveracruz.com\\\/#\\\/schema\\\/person\\\/b8702bb0e538456e6efd07080bf2a4a2\",\"name\":\"Lo viste en Los Pol\u00edticos\",\"image\":{\"@type\":\"ImageObject\",\"inLanguage\":\"es\",\"@id\":\"https:\\\/\\\/secure.gravatar.com\\\/avatar\\\/3a8de04a2656d44082be478bd6c086daa447c4651605818287b9532d3d0bd435?s=96&d=mm&r=g\",\"url\":\"https:\\\/\\\/secure.gravatar.com\\\/avatar\\\/3a8de04a2656d44082be478bd6c086daa447c4651605818287b9532d3d0bd435?s=96&d=mm&r=g\",\"contentUrl\":\"https:\\\/\\\/secure.gravatar.com\\\/avatar\\\/3a8de04a2656d44082be478bd6c086daa447c4651605818287b9532d3d0bd435?s=96&d=mm&r=g\",\"caption\":\"Lo viste en Los Pol\u00edticos\"},\"url\":\"https:\\\/\\\/lospoliticosveracruz.com\\\/?author=2\"}]}<\/script>\n<!-- \/ Yoast SEO plugin. -->","yoast_head_json":{"title":"Cada veracruzano debe cerca de 5 mil pesos - Los pol\u00edticos Veracruz","robots":{"index":"index","follow":"follow","max-snippet":"max-snippet:-1","max-image-preview":"max-image-preview:large","max-video-preview":"max-video-preview:-1"},"canonical":"https:\/\/lospoliticosveracruz.com\/?p=12766","og_locale":"es_ES","og_type":"article","og_title":"Cada veracruzano debe cerca de 5 mil pesos - Los pol\u00edticos Veracruz","og_description":"\u00c1lvaro Belin Andrade Hora Libre &nbsp; Aunque los pobladores de Coahuila, Chihuahua, Nuevo Le\u00f3n, Quintana Roo, Distrito Federal, Nayarit y Sonora nos superan en deuda per c\u00e1pita, gracias a gobernadores que se han convertido en los villanos de la historia m\u00e1s cercana a nuestros bolsillos, quienes vivimos en Veracruz no cantamos mal las rancheras. Seg\u00fan [&hellip;]","og_url":"https:\/\/lospoliticosveracruz.com\/?p=12766","og_site_name":"Los pol\u00edticos Veracruz","article_publisher":"https:\/\/www.facebook.com\/people\/Notimemes-de-los-Polticos\/61565672886568\/","article_published_time":"2014-10-16T21:55:23+00:00","og_image":[{"url":"http:\/\/www.lospoliticosveracruz.com.mx\/wp-content\/uploads\/2014\/10\/Sin_dinero-300x270.jpg","type":"","width":"","height":""}],"author":"Lo viste en Los Pol\u00edticos","twitter_card":"summary_large_image","twitter_creator":"@LosPoliticosVer","twitter_site":"@LosPoliticosVer","twitter_misc":{"Escrito por":"Lo viste en Los Pol\u00edticos","Tiempo de lectura":"6 minutos"},"schema":{"@context":"https:\/\/schema.org","@graph":[{"@type":"Article","@id":"https:\/\/lospoliticosveracruz.com\/?p=12766#article","isPartOf":{"@id":"https:\/\/lospoliticosveracruz.com\/?p=12766"},"author":{"name":"Lo viste en Los Pol\u00edticos","@id":"https:\/\/lospoliticosveracruz.com\/#\/schema\/person\/b8702bb0e538456e6efd07080bf2a4a2"},"headline":"Cada veracruzano debe cerca de 5 mil pesos","datePublished":"2014-10-16T21:55:23+00:00","mainEntityOfPage":{"@id":"https:\/\/lospoliticosveracruz.com\/?p=12766"},"wordCount":1135,"commentCount":0,"publisher":{"@id":"https:\/\/lospoliticosveracruz.com\/#organization"},"image":{"@id":"https:\/\/lospoliticosveracruz.com\/?p=12766#primaryimage"},"thumbnailUrl":"http:\/\/www.lospoliticosveracruz.com.mx\/wp-content\/uploads\/2014\/10\/Sin_dinero-300x270.jpg","keywords":["IMCO"],"articleSection":["De Opini\u00f3n"],"inLanguage":"es","potentialAction":[{"@type":"CommentAction","name":"Comment","target":["https:\/\/lospoliticosveracruz.com\/?p=12766#respond"]}]},{"@type":"WebPage","@id":"https:\/\/lospoliticosveracruz.com\/?p=12766","url":"https:\/\/lospoliticosveracruz.com\/?p=12766","name":"Cada veracruzano debe cerca de 5 mil pesos - Los pol\u00edticos Veracruz","isPartOf":{"@id":"https:\/\/lospoliticosveracruz.com\/#website"},"primaryImageOfPage":{"@id":"https:\/\/lospoliticosveracruz.com\/?p=12766#primaryimage"},"image":{"@id":"https:\/\/lospoliticosveracruz.com\/?p=12766#primaryimage"},"thumbnailUrl":"http:\/\/www.lospoliticosveracruz.com.mx\/wp-content\/uploads\/2014\/10\/Sin_dinero-300x270.jpg","datePublished":"2014-10-16T21:55:23+00:00","breadcrumb":{"@id":"https:\/\/lospoliticosveracruz.com\/?p=12766#breadcrumb"},"inLanguage":"es","potentialAction":[{"@type":"ReadAction","target":["https:\/\/lospoliticosveracruz.com\/?p=12766"]}]},{"@type":"ImageObject","inLanguage":"es","@id":"https:\/\/lospoliticosveracruz.com\/?p=12766#primaryimage","url":"http:\/\/www.lospoliticosveracruz.com.mx\/wp-content\/uploads\/2014\/10\/Sin_dinero-300x270.jpg","contentUrl":"http:\/\/www.lospoliticosveracruz.com.mx\/wp-content\/uploads\/2014\/10\/Sin_dinero-300x270.jpg"},{"@type":"BreadcrumbList","@id":"https:\/\/lospoliticosveracruz.com\/?p=12766#breadcrumb","itemListElement":[{"@type":"ListItem","position":1,"name":"Portada","item":"https:\/\/lospoliticosveracruz.com\/"},{"@type":"ListItem","position":2,"name":"Cada veracruzano debe cerca de 5 mil pesos"}]},{"@type":"WebSite","@id":"https:\/\/lospoliticosveracruz.com\/#website","url":"https:\/\/lospoliticosveracruz.com\/","name":"Los pol\u00edticos Veracruz","description":"","publisher":{"@id":"https:\/\/lospoliticosveracruz.com\/#organization"},"potentialAction":[{"@type":"SearchAction","target":{"@type":"EntryPoint","urlTemplate":"https:\/\/lospoliticosveracruz.com\/?s={search_term_string}"},"query-input":{"@type":"PropertyValueSpecification","valueRequired":true,"valueName":"search_term_string"}}],"inLanguage":"es"},{"@type":"Organization","@id":"https:\/\/lospoliticosveracruz.com\/#organization","name":"Los pol\u00edticos Veracruz","url":"https:\/\/lospoliticosveracruz.com\/","logo":{"@type":"ImageObject","inLanguage":"es","@id":"https:\/\/lospoliticosveracruz.com\/#\/schema\/logo\/image\/","url":"https:\/\/lospoliticosveracruz.com\/wp-content\/uploads\/2025\/12\/Logo-Nuevo-LOS-POLITICOS-1.jpg","contentUrl":"https:\/\/lospoliticosveracruz.com\/wp-content\/uploads\/2025\/12\/Logo-Nuevo-LOS-POLITICOS-1.jpg","width":260,"height":70,"caption":"Los pol\u00edticos Veracruz"},"image":{"@id":"https:\/\/lospoliticosveracruz.com\/#\/schema\/logo\/image\/"},"sameAs":["https:\/\/www.facebook.com\/people\/Notimemes-de-los-Polticos\/61565672886568\/","https:\/\/x.com\/LosPoliticosVer"]},{"@type":"Person","@id":"https:\/\/lospoliticosveracruz.com\/#\/schema\/person\/b8702bb0e538456e6efd07080bf2a4a2","name":"Lo viste en Los Pol\u00edticos","image":{"@type":"ImageObject","inLanguage":"es","@id":"https:\/\/secure.gravatar.com\/avatar\/3a8de04a2656d44082be478bd6c086daa447c4651605818287b9532d3d0bd435?s=96&d=mm&r=g","url":"https:\/\/secure.gravatar.com\/avatar\/3a8de04a2656d44082be478bd6c086daa447c4651605818287b9532d3d0bd435?s=96&d=mm&r=g","contentUrl":"https:\/\/secure.gravatar.com\/avatar\/3a8de04a2656d44082be478bd6c086daa447c4651605818287b9532d3d0bd435?s=96&d=mm&r=g","caption":"Lo viste en Los Pol\u00edticos"},"url":"https:\/\/lospoliticosveracruz.com\/?author=2"}]}},"_links":{"self":[{"href":"https:\/\/lospoliticosveracruz.com\/index.php?rest_route=\/wp\/v2\/posts\/12766","targetHints":{"allow":["GET"]}}],"collection":[{"href":"https:\/\/lospoliticosveracruz.com\/index.php?rest_route=\/wp\/v2\/posts"}],"about":[{"href":"https:\/\/lospoliticosveracruz.com\/index.php?rest_route=\/wp\/v2\/types\/post"}],"author":[{"embeddable":true,"href":"https:\/\/lospoliticosveracruz.com\/index.php?rest_route=\/wp\/v2\/users\/2"}],"replies":[{"embeddable":true,"href":"https:\/\/lospoliticosveracruz.com\/index.php?rest_route=%2Fwp%2Fv2%2Fcomments&post=12766"}],"version-history":[{"count":1,"href":"https:\/\/lospoliticosveracruz.com\/index.php?rest_route=\/wp\/v2\/posts\/12766\/revisions"}],"predecessor-version":[{"id":12768,"href":"https:\/\/lospoliticosveracruz.com\/index.php?rest_route=\/wp\/v2\/posts\/12766\/revisions\/12768"}],"wp:attachment":[{"href":"https:\/\/lospoliticosveracruz.com\/index.php?rest_route=%2Fwp%2Fv2%2Fmedia&parent=12766"}],"wp:term":[{"taxonomy":"category","embeddable":true,"href":"https:\/\/lospoliticosveracruz.com\/index.php?rest_route=%2Fwp%2Fv2%2Fcategories&post=12766"},{"taxonomy":"post_tag","embeddable":true,"href":"https:\/\/lospoliticosveracruz.com\/index.php?rest_route=%2Fwp%2Fv2%2Ftags&post=12766"}],"curies":[{"name":"wp","href":"https:\/\/api.w.org\/{rel}","templated":true}]}}