{"id":127703,"date":"2024-07-21T19:40:59","date_gmt":"2024-07-22T00:40:59","guid":{"rendered":"https:\/\/lospoliticosveracruz.com.mx\/?p=127703"},"modified":"2024-07-21T19:41:04","modified_gmt":"2024-07-22T00:41:04","slug":"noriko-y-nahle","status":"publish","type":"post","link":"https:\/\/lospoliticosveracruz.com\/?p=127703","title":{"rendered":"NORIKO Y NAHLE"},"content":{"rendered":"\n<p><strong>Brenda Caballero<\/strong><\/p>\n\n\n\n<p><em>N\u00fameros Rojos<\/em><\/p>\n\n\n\n<p>\u00a1Denuncia! Es lo que siempre te dicen cuando eres v\u00edctima de violencia y acoso. As\u00ed lo hizo Noriko Dayana despu\u00e9s de que su ex novio Gregorio \u201cN\u201d la acosara para que regresara con \u00e9l, ejerciendo violencia f\u00edsica y emocional. Incluso se dio a conocer que las Autoridades Universitarias donde ella estudiaba ten\u00edan conocimiento del acoso que sufr\u00eda, pues en su momento ambos eran alumnos.<\/p>\n\n\n<div class=\"wp-block-image\">\n<figure class=\"alignleft size-medium\"><a href=\"https:\/\/lospoliticosveracruz.com.mx\/wp-content\/uploads\/2021\/10\/WhatsApp-Image-2021-10-02-at-15.20.25.jpeg\"><img loading=\"lazy\" decoding=\"async\" width=\"212\" height=\"300\" src=\"https:\/\/lospoliticosveracruz.com.mx\/wp-content\/uploads\/2021\/10\/WhatsApp-Image-2021-10-02-at-15.20.25-212x300.jpeg\" alt=\"\" class=\"wp-image-80177\" srcset=\"https:\/\/lospoliticosveracruz.com\/wp-content\/uploads\/2021\/10\/WhatsApp-Image-2021-10-02-at-15.20.25-212x300.jpeg 212w, https:\/\/lospoliticosveracruz.com\/wp-content\/uploads\/2021\/10\/WhatsApp-Image-2021-10-02-at-15.20.25-724x1024.jpeg 724w, https:\/\/lospoliticosveracruz.com\/wp-content\/uploads\/2021\/10\/WhatsApp-Image-2021-10-02-at-15.20.25-768x1086.jpeg 768w, https:\/\/lospoliticosveracruz.com\/wp-content\/uploads\/2021\/10\/WhatsApp-Image-2021-10-02-at-15.20.25.jpeg 905w\" sizes=\"auto, (max-width: 212px) 100vw, 212px\" \/><\/a><\/figure>\n<\/div>\n\n\n<p>La denuncia \u00fanicamente deriv\u00f3 en una restricci\u00f3n, en la cual Gregorio no pod\u00eda acercarse a Noriko. \u00bfY luego?&nbsp;<\/p>\n\n\n\n<p>Hoy, Noriko est\u00e1 muerta, la joven de 21 a\u00f1os de edad ya no ver\u00e1 cumplidos su sue\u00f1o de ser enfermera, pues el viernes un hombre que seg\u00fan sus familiares es Gregorio \u201cN\u201d, le dio dos tiros en la cabeza porque presuntamente platicaba con su actual novio Sebasti\u00e1n \u201cN\u201d afuera de las instalaciones del hospital regional n\u00famero 36 del IMSS en Coatzacoalcos, donde Gregorio y Sebasti\u00e1n trabajaban, siendo ese d\u00eda el \u00faltimo de los servicios profesionales de Noriko.<\/p>\n\n\n\n<p>El feminicidio de Noriko ha impactado al sur de Veracruz y se ha extendido a todo el Estado. El feminicidio de Noriko muestra que a pesar de la denuncia y la restricci\u00f3n, las mujeres siguen muriendo en manos de sus ex parejas, pues el Estado no puede protegerlas.<\/p>\n\n\n\n<p>El feminicidio de Noriko demuestra los nulos resultados de la Alerta de Violencia de G\u00e9nero Contra Las Mujeres por el Delito de Feminicidio, pues la violencia no cede.<\/p>\n\n\n\n<p>Tampoco ha servido la Estrategia de Cero Tolerancia a la Violencia contra las Mujeres y las Ni\u00f1as implementada con bombo y platillo a principios del Gobierno de Cuith\u00e1huac Garc\u00eda Jim\u00e9nez, en la cual, por cierto, nadie se ha hecho responsable de los resultados.<\/p>\n\n\n\n<p>Si hablamos de mujeres, recordemos que el Instituto Veracruzano de las Mujeres (IVM) el mismo que dentro de sus funciones est\u00e1 atender y dar seguimiento a las mujeres y ni\u00f1as que sufren violencia, no tiene titular, s\u00f3lo encargada, demostrando el nulo inter\u00e9s de este gobierno por las Mujeres y Ni\u00f1as.<\/p>\n\n\n\n<p>Esperemos que ahora que Veracruz sea gobernada por Roc\u00edo Nahle, la estrategia de protecci\u00f3n a las mujeres cambie, ya que poco ha servido la llegada de Ver\u00f3nica Hern\u00e1ndez a la Fiscal\u00eda de Veracruz.<\/p>\n\n\n\n<p>Tal parece que Roc\u00edo Nahle es la esperanza de muchos y muchas para disminuir los feminicidios en Veracruz, de atenderlos, de exigir justicia, a tal grado que el hermano de Noriko tom\u00f3 un reconocimiento que hab\u00eda recibido su hermana y fue a buscar a la gobernadora electa que el s\u00e1bado estaba de gira por Coatzacoalcos, para pedirle su intervenci\u00f3n y se detenga al o los responsables del asesinato de su hermana.<\/p>\n\n\n\n<p>Contrario a lo que ha hecho Cuitl\u00e1huac Garc\u00eda durante estos casi seis a\u00f1os de no escuchar e ignorar a v\u00edctimas y familiares, la gobernadora electa atendi\u00f3 al joven Jorge con el compromiso de darle seguimiento al caso de su hermana.<\/p>\n\n\n\n<p>Esperemos que el Tiempo de Mujeres en Veracruz traiga cambios. Ni Una M\u00e1s, Ni Una Menos. Justicia para Noriko.<\/p>\n\n\n\n<p>correo:caballero_brenda@hotmail.com<\/p>\n\n\n\n<p>Twitter: @NumerosRojos_BC<\/p>\n","protected":false},"excerpt":{"rendered":"<p>Brenda Caballero N\u00fameros Rojos \u00a1Denuncia! Es lo que siempre te dicen cuando eres v\u00edctima de violencia y acoso. As\u00ed lo hizo Noriko Dayana despu\u00e9s de que su ex novio Gregorio \u201cN\u201d la acosara para que regresara con \u00e9l, ejerciendo violencia f\u00edsica y emocional. Incluso se dio a conocer que las Autoridades Universitarias donde ella estudiaba [&hellip;]<\/p>\n","protected":false},"author":2,"featured_media":119809,"comment_status":"closed","ping_status":"closed","sticky":false,"template":"","format":"standard","meta":{"tdm_status":"","tdm_grid_status":"","footnotes":""},"categories":[70],"tags":[2687],"class_list":{"0":"post-127703","1":"post","2":"type-post","3":"status-publish","4":"format-standard","5":"has-post-thumbnail","7":"category-de-opinion","8":"tag-brenda-caballero"},"yoast_head":"<!-- This site is optimized with the Yoast SEO plugin v27.4 - https:\/\/yoast.com\/product\/yoast-seo-wordpress\/ -->\n<title>NORIKO Y NAHLE - Los pol\u00edticos Veracruz<\/title>\n<meta name=\"robots\" content=\"index, follow, max-snippet:-1, max-image-preview:large, max-video-preview:-1\" \/>\n<link rel=\"canonical\" href=\"https:\/\/lospoliticosveracruz.com\/?p=127703\" \/>\n<meta property=\"og:locale\" content=\"es_ES\" \/>\n<meta property=\"og:type\" content=\"article\" \/>\n<meta property=\"og:title\" content=\"NORIKO Y NAHLE - Los pol\u00edticos Veracruz\" \/>\n<meta property=\"og:description\" content=\"Brenda Caballero N\u00fameros Rojos \u00a1Denuncia! Es lo que siempre te dicen cuando eres v\u00edctima de violencia y acoso. As\u00ed lo hizo Noriko Dayana despu\u00e9s de que su ex novio Gregorio \u201cN\u201d la acosara para que regresara con \u00e9l, ejerciendo violencia f\u00edsica y emocional. Incluso se dio a conocer que las Autoridades Universitarias donde ella estudiaba [&hellip;]\" \/>\n<meta property=\"og:url\" content=\"https:\/\/lospoliticosveracruz.com\/?p=127703\" \/>\n<meta property=\"og:site_name\" content=\"Los pol\u00edticos Veracruz\" \/>\n<meta property=\"article:publisher\" content=\"https:\/\/www.facebook.com\/people\/Notimemes-de-los-Polticos\/61565672886568\/\" \/>\n<meta property=\"article:published_time\" content=\"2024-07-22T00:40:59+00:00\" \/>\n<meta property=\"article:modified_time\" content=\"2024-07-22T00:41:04+00:00\" \/>\n<meta property=\"og:image\" content=\"https:\/\/lospoliticosveracruz.com\/wp-content\/uploads\/2024\/03\/Brenda-Caballero.jpg\" \/>\n\t<meta property=\"og:image:width\" content=\"1600\" \/>\n\t<meta property=\"og:image:height\" content=\"853\" \/>\n\t<meta property=\"og:image:type\" content=\"image\/jpeg\" \/>\n<meta name=\"author\" content=\"Lo viste en Los Pol\u00edticos\" \/>\n<meta name=\"twitter:card\" content=\"summary_large_image\" \/>\n<meta name=\"twitter:creator\" content=\"@LosPoliticosVer\" \/>\n<meta name=\"twitter:site\" content=\"@LosPoliticosVer\" \/>\n<meta name=\"twitter:label1\" content=\"Escrito por\" \/>\n\t<meta name=\"twitter:data1\" content=\"Lo viste en Los Pol\u00edticos\" \/>\n\t<meta name=\"twitter:label2\" content=\"Tiempo de lectura\" \/>\n\t<meta name=\"twitter:data2\" content=\"3 minutos\" \/>\n<script type=\"application\/ld+json\" class=\"yoast-schema-graph\">{\"@context\":\"https:\\\/\\\/schema.org\",\"@graph\":[{\"@type\":\"Article\",\"@id\":\"https:\\\/\\\/lospoliticosveracruz.com\\\/?p=127703#article\",\"isPartOf\":{\"@id\":\"https:\\\/\\\/lospoliticosveracruz.com\\\/?p=127703\"},\"author\":{\"name\":\"Lo viste en Los Pol\u00edticos\",\"@id\":\"https:\\\/\\\/lospoliticosveracruz.com\\\/#\\\/schema\\\/person\\\/b8702bb0e538456e6efd07080bf2a4a2\"},\"headline\":\"NORIKO Y NAHLE\",\"datePublished\":\"2024-07-22T00:40:59+00:00\",\"dateModified\":\"2024-07-22T00:41:04+00:00\",\"mainEntityOfPage\":{\"@id\":\"https:\\\/\\\/lospoliticosveracruz.com\\\/?p=127703\"},\"wordCount\":544,\"publisher\":{\"@id\":\"https:\\\/\\\/lospoliticosveracruz.com\\\/#organization\"},\"image\":{\"@id\":\"https:\\\/\\\/lospoliticosveracruz.com\\\/?p=127703#primaryimage\"},\"thumbnailUrl\":\"https:\\\/\\\/lospoliticosveracruz.com\\\/wp-content\\\/uploads\\\/2024\\\/03\\\/Brenda-Caballero.jpg\",\"keywords\":[\"Brenda Caballero\"],\"articleSection\":[\"De Opini\u00f3n\"],\"inLanguage\":\"es\"},{\"@type\":\"WebPage\",\"@id\":\"https:\\\/\\\/lospoliticosveracruz.com\\\/?p=127703\",\"url\":\"https:\\\/\\\/lospoliticosveracruz.com\\\/?p=127703\",\"name\":\"NORIKO Y NAHLE - Los pol\u00edticos Veracruz\",\"isPartOf\":{\"@id\":\"https:\\\/\\\/lospoliticosveracruz.com\\\/#website\"},\"primaryImageOfPage\":{\"@id\":\"https:\\\/\\\/lospoliticosveracruz.com\\\/?p=127703#primaryimage\"},\"image\":{\"@id\":\"https:\\\/\\\/lospoliticosveracruz.com\\\/?p=127703#primaryimage\"},\"thumbnailUrl\":\"https:\\\/\\\/lospoliticosveracruz.com\\\/wp-content\\\/uploads\\\/2024\\\/03\\\/Brenda-Caballero.jpg\",\"datePublished\":\"2024-07-22T00:40:59+00:00\",\"dateModified\":\"2024-07-22T00:41:04+00:00\",\"breadcrumb\":{\"@id\":\"https:\\\/\\\/lospoliticosveracruz.com\\\/?p=127703#breadcrumb\"},\"inLanguage\":\"es\",\"potentialAction\":[{\"@type\":\"ReadAction\",\"target\":[\"https:\\\/\\\/lospoliticosveracruz.com\\\/?p=127703\"]}]},{\"@type\":\"ImageObject\",\"inLanguage\":\"es\",\"@id\":\"https:\\\/\\\/lospoliticosveracruz.com\\\/?p=127703#primaryimage\",\"url\":\"https:\\\/\\\/lospoliticosveracruz.com\\\/wp-content\\\/uploads\\\/2024\\\/03\\\/Brenda-Caballero.jpg\",\"contentUrl\":\"https:\\\/\\\/lospoliticosveracruz.com\\\/wp-content\\\/uploads\\\/2024\\\/03\\\/Brenda-Caballero.jpg\",\"width\":1600,\"height\":853},{\"@type\":\"BreadcrumbList\",\"@id\":\"https:\\\/\\\/lospoliticosveracruz.com\\\/?p=127703#breadcrumb\",\"itemListElement\":[{\"@type\":\"ListItem\",\"position\":1,\"name\":\"Portada\",\"item\":\"https:\\\/\\\/lospoliticosveracruz.com\\\/\"},{\"@type\":\"ListItem\",\"position\":2,\"name\":\"NORIKO Y NAHLE\"}]},{\"@type\":\"WebSite\",\"@id\":\"https:\\\/\\\/lospoliticosveracruz.com\\\/#website\",\"url\":\"https:\\\/\\\/lospoliticosveracruz.com\\\/\",\"name\":\"Los pol\u00edticos Veracruz\",\"description\":\"\",\"publisher\":{\"@id\":\"https:\\\/\\\/lospoliticosveracruz.com\\\/#organization\"},\"potentialAction\":[{\"@type\":\"SearchAction\",\"target\":{\"@type\":\"EntryPoint\",\"urlTemplate\":\"https:\\\/\\\/lospoliticosveracruz.com\\\/?s={search_term_string}\"},\"query-input\":{\"@type\":\"PropertyValueSpecification\",\"valueRequired\":true,\"valueName\":\"search_term_string\"}}],\"inLanguage\":\"es\"},{\"@type\":\"Organization\",\"@id\":\"https:\\\/\\\/lospoliticosveracruz.com\\\/#organization\",\"name\":\"Los pol\u00edticos Veracruz\",\"url\":\"https:\\\/\\\/lospoliticosveracruz.com\\\/\",\"logo\":{\"@type\":\"ImageObject\",\"inLanguage\":\"es\",\"@id\":\"https:\\\/\\\/lospoliticosveracruz.com\\\/#\\\/schema\\\/logo\\\/image\\\/\",\"url\":\"https:\\\/\\\/lospoliticosveracruz.com\\\/wp-content\\\/uploads\\\/2025\\\/12\\\/Logo-Nuevo-LOS-POLITICOS-1.jpg\",\"contentUrl\":\"https:\\\/\\\/lospoliticosveracruz.com\\\/wp-content\\\/uploads\\\/2025\\\/12\\\/Logo-Nuevo-LOS-POLITICOS-1.jpg\",\"width\":260,\"height\":70,\"caption\":\"Los pol\u00edticos Veracruz\"},\"image\":{\"@id\":\"https:\\\/\\\/lospoliticosveracruz.com\\\/#\\\/schema\\\/logo\\\/image\\\/\"},\"sameAs\":[\"https:\\\/\\\/www.facebook.com\\\/people\\\/Notimemes-de-los-Polticos\\\/61565672886568\\\/\",\"https:\\\/\\\/x.com\\\/LosPoliticosVer\"]},{\"@type\":\"Person\",\"@id\":\"https:\\\/\\\/lospoliticosveracruz.com\\\/#\\\/schema\\\/person\\\/b8702bb0e538456e6efd07080bf2a4a2\",\"name\":\"Lo viste en Los Pol\u00edticos\",\"image\":{\"@type\":\"ImageObject\",\"inLanguage\":\"es\",\"@id\":\"https:\\\/\\\/secure.gravatar.com\\\/avatar\\\/3a8de04a2656d44082be478bd6c086daa447c4651605818287b9532d3d0bd435?s=96&d=mm&r=g\",\"url\":\"https:\\\/\\\/secure.gravatar.com\\\/avatar\\\/3a8de04a2656d44082be478bd6c086daa447c4651605818287b9532d3d0bd435?s=96&d=mm&r=g\",\"contentUrl\":\"https:\\\/\\\/secure.gravatar.com\\\/avatar\\\/3a8de04a2656d44082be478bd6c086daa447c4651605818287b9532d3d0bd435?s=96&d=mm&r=g\",\"caption\":\"Lo viste en Los Pol\u00edticos\"},\"url\":\"https:\\\/\\\/lospoliticosveracruz.com\\\/?author=2\"}]}<\/script>\n<!-- \/ Yoast SEO plugin. -->","yoast_head_json":{"title":"NORIKO Y NAHLE - Los pol\u00edticos Veracruz","robots":{"index":"index","follow":"follow","max-snippet":"max-snippet:-1","max-image-preview":"max-image-preview:large","max-video-preview":"max-video-preview:-1"},"canonical":"https:\/\/lospoliticosveracruz.com\/?p=127703","og_locale":"es_ES","og_type":"article","og_title":"NORIKO Y NAHLE - Los pol\u00edticos Veracruz","og_description":"Brenda Caballero N\u00fameros Rojos \u00a1Denuncia! Es lo que siempre te dicen cuando eres v\u00edctima de violencia y acoso. As\u00ed lo hizo Noriko Dayana despu\u00e9s de que su ex novio Gregorio \u201cN\u201d la acosara para que regresara con \u00e9l, ejerciendo violencia f\u00edsica y emocional. Incluso se dio a conocer que las Autoridades Universitarias donde ella estudiaba [&hellip;]","og_url":"https:\/\/lospoliticosveracruz.com\/?p=127703","og_site_name":"Los pol\u00edticos Veracruz","article_publisher":"https:\/\/www.facebook.com\/people\/Notimemes-de-los-Polticos\/61565672886568\/","article_published_time":"2024-07-22T00:40:59+00:00","article_modified_time":"2024-07-22T00:41:04+00:00","og_image":[{"width":1600,"height":853,"url":"https:\/\/lospoliticosveracruz.com\/wp-content\/uploads\/2024\/03\/Brenda-Caballero.jpg","type":"image\/jpeg"}],"author":"Lo viste en Los Pol\u00edticos","twitter_card":"summary_large_image","twitter_creator":"@LosPoliticosVer","twitter_site":"@LosPoliticosVer","twitter_misc":{"Escrito por":"Lo viste en Los Pol\u00edticos","Tiempo de lectura":"3 minutos"},"schema":{"@context":"https:\/\/schema.org","@graph":[{"@type":"Article","@id":"https:\/\/lospoliticosveracruz.com\/?p=127703#article","isPartOf":{"@id":"https:\/\/lospoliticosveracruz.com\/?p=127703"},"author":{"name":"Lo viste en Los Pol\u00edticos","@id":"https:\/\/lospoliticosveracruz.com\/#\/schema\/person\/b8702bb0e538456e6efd07080bf2a4a2"},"headline":"NORIKO Y NAHLE","datePublished":"2024-07-22T00:40:59+00:00","dateModified":"2024-07-22T00:41:04+00:00","mainEntityOfPage":{"@id":"https:\/\/lospoliticosveracruz.com\/?p=127703"},"wordCount":544,"publisher":{"@id":"https:\/\/lospoliticosveracruz.com\/#organization"},"image":{"@id":"https:\/\/lospoliticosveracruz.com\/?p=127703#primaryimage"},"thumbnailUrl":"https:\/\/lospoliticosveracruz.com\/wp-content\/uploads\/2024\/03\/Brenda-Caballero.jpg","keywords":["Brenda Caballero"],"articleSection":["De Opini\u00f3n"],"inLanguage":"es"},{"@type":"WebPage","@id":"https:\/\/lospoliticosveracruz.com\/?p=127703","url":"https:\/\/lospoliticosveracruz.com\/?p=127703","name":"NORIKO Y NAHLE - Los pol\u00edticos Veracruz","isPartOf":{"@id":"https:\/\/lospoliticosveracruz.com\/#website"},"primaryImageOfPage":{"@id":"https:\/\/lospoliticosveracruz.com\/?p=127703#primaryimage"},"image":{"@id":"https:\/\/lospoliticosveracruz.com\/?p=127703#primaryimage"},"thumbnailUrl":"https:\/\/lospoliticosveracruz.com\/wp-content\/uploads\/2024\/03\/Brenda-Caballero.jpg","datePublished":"2024-07-22T00:40:59+00:00","dateModified":"2024-07-22T00:41:04+00:00","breadcrumb":{"@id":"https:\/\/lospoliticosveracruz.com\/?p=127703#breadcrumb"},"inLanguage":"es","potentialAction":[{"@type":"ReadAction","target":["https:\/\/lospoliticosveracruz.com\/?p=127703"]}]},{"@type":"ImageObject","inLanguage":"es","@id":"https:\/\/lospoliticosveracruz.com\/?p=127703#primaryimage","url":"https:\/\/lospoliticosveracruz.com\/wp-content\/uploads\/2024\/03\/Brenda-Caballero.jpg","contentUrl":"https:\/\/lospoliticosveracruz.com\/wp-content\/uploads\/2024\/03\/Brenda-Caballero.jpg","width":1600,"height":853},{"@type":"BreadcrumbList","@id":"https:\/\/lospoliticosveracruz.com\/?p=127703#breadcrumb","itemListElement":[{"@type":"ListItem","position":1,"name":"Portada","item":"https:\/\/lospoliticosveracruz.com\/"},{"@type":"ListItem","position":2,"name":"NORIKO Y NAHLE"}]},{"@type":"WebSite","@id":"https:\/\/lospoliticosveracruz.com\/#website","url":"https:\/\/lospoliticosveracruz.com\/","name":"Los pol\u00edticos Veracruz","description":"","publisher":{"@id":"https:\/\/lospoliticosveracruz.com\/#organization"},"potentialAction":[{"@type":"SearchAction","target":{"@type":"EntryPoint","urlTemplate":"https:\/\/lospoliticosveracruz.com\/?s={search_term_string}"},"query-input":{"@type":"PropertyValueSpecification","valueRequired":true,"valueName":"search_term_string"}}],"inLanguage":"es"},{"@type":"Organization","@id":"https:\/\/lospoliticosveracruz.com\/#organization","name":"Los pol\u00edticos Veracruz","url":"https:\/\/lospoliticosveracruz.com\/","logo":{"@type":"ImageObject","inLanguage":"es","@id":"https:\/\/lospoliticosveracruz.com\/#\/schema\/logo\/image\/","url":"https:\/\/lospoliticosveracruz.com\/wp-content\/uploads\/2025\/12\/Logo-Nuevo-LOS-POLITICOS-1.jpg","contentUrl":"https:\/\/lospoliticosveracruz.com\/wp-content\/uploads\/2025\/12\/Logo-Nuevo-LOS-POLITICOS-1.jpg","width":260,"height":70,"caption":"Los pol\u00edticos Veracruz"},"image":{"@id":"https:\/\/lospoliticosveracruz.com\/#\/schema\/logo\/image\/"},"sameAs":["https:\/\/www.facebook.com\/people\/Notimemes-de-los-Polticos\/61565672886568\/","https:\/\/x.com\/LosPoliticosVer"]},{"@type":"Person","@id":"https:\/\/lospoliticosveracruz.com\/#\/schema\/person\/b8702bb0e538456e6efd07080bf2a4a2","name":"Lo viste en Los Pol\u00edticos","image":{"@type":"ImageObject","inLanguage":"es","@id":"https:\/\/secure.gravatar.com\/avatar\/3a8de04a2656d44082be478bd6c086daa447c4651605818287b9532d3d0bd435?s=96&d=mm&r=g","url":"https:\/\/secure.gravatar.com\/avatar\/3a8de04a2656d44082be478bd6c086daa447c4651605818287b9532d3d0bd435?s=96&d=mm&r=g","contentUrl":"https:\/\/secure.gravatar.com\/avatar\/3a8de04a2656d44082be478bd6c086daa447c4651605818287b9532d3d0bd435?s=96&d=mm&r=g","caption":"Lo viste en Los Pol\u00edticos"},"url":"https:\/\/lospoliticosveracruz.com\/?author=2"}]}},"_links":{"self":[{"href":"https:\/\/lospoliticosveracruz.com\/index.php?rest_route=\/wp\/v2\/posts\/127703","targetHints":{"allow":["GET"]}}],"collection":[{"href":"https:\/\/lospoliticosveracruz.com\/index.php?rest_route=\/wp\/v2\/posts"}],"about":[{"href":"https:\/\/lospoliticosveracruz.com\/index.php?rest_route=\/wp\/v2\/types\/post"}],"author":[{"embeddable":true,"href":"https:\/\/lospoliticosveracruz.com\/index.php?rest_route=\/wp\/v2\/users\/2"}],"replies":[{"embeddable":true,"href":"https:\/\/lospoliticosveracruz.com\/index.php?rest_route=%2Fwp%2Fv2%2Fcomments&post=127703"}],"version-history":[{"count":1,"href":"https:\/\/lospoliticosveracruz.com\/index.php?rest_route=\/wp\/v2\/posts\/127703\/revisions"}],"predecessor-version":[{"id":127704,"href":"https:\/\/lospoliticosveracruz.com\/index.php?rest_route=\/wp\/v2\/posts\/127703\/revisions\/127704"}],"wp:featuredmedia":[{"embeddable":true,"href":"https:\/\/lospoliticosveracruz.com\/index.php?rest_route=\/wp\/v2\/media\/119809"}],"wp:attachment":[{"href":"https:\/\/lospoliticosveracruz.com\/index.php?rest_route=%2Fwp%2Fv2%2Fmedia&parent=127703"}],"wp:term":[{"taxonomy":"category","embeddable":true,"href":"https:\/\/lospoliticosveracruz.com\/index.php?rest_route=%2Fwp%2Fv2%2Fcategories&post=127703"},{"taxonomy":"post_tag","embeddable":true,"href":"https:\/\/lospoliticosveracruz.com\/index.php?rest_route=%2Fwp%2Fv2%2Ftags&post=127703"}],"curies":[{"name":"wp","href":"https:\/\/api.w.org\/{rel}","templated":true}]}}