{"id":127709,"date":"2024-07-21T22:35:19","date_gmt":"2024-07-22T03:35:19","guid":{"rendered":"https:\/\/lospoliticosveracruz.com.mx\/?p=127709"},"modified":"2024-07-21T22:35:27","modified_gmt":"2024-07-22T03:35:27","slug":"herencia","status":"publish","type":"post","link":"https:\/\/lospoliticosveracruz.com\/?p=127709","title":{"rendered":"HERENCIA"},"content":{"rendered":"\n<p><strong>Guadalupe H. Mar<br><\/strong><em>Mira Pol\u00edtica<\/em><\/p>\n\n\n\n<p><strong>LA DE ATR\u00c1S PAGA<\/strong> \u2026 \u00bfSab\u00edan ustedes amables lectores que el estado de Veracruz es el segundo del pa\u00eds en casos denunciados de extorsi\u00f3n y el tercero de la rep\u00fablica donde las m\u00e1s afectadas por este delito son las mujeres?<\/p>\n\n\n\n<figure class=\"wp-block-image size-large\"><a href=\"https:\/\/lospoliticosveracruz.com.mx\/wp-content\/uploads\/2016\/07\/Seguro-Julio-Cerecedo-2.jpg\"><img decoding=\"async\" src=\"https:\/\/lospoliticosveracruz.com.mx\/wp-content\/uploads\/2016\/07\/Seguro-Julio-Cerecedo-2-1024x381.jpg\" alt=\"\" class=\"wp-image-105879\"\/><\/a><\/figure>\n\n\n\n<p><br>Nosotros tampoco lo sab\u00edamos hasta que el tema nos llam\u00f3 la atenci\u00f3n luego de que la semana pasada el secretario del ayuntamiento de Acayucan, Veracruz, Fernando Morales Ju\u00e1rez, emiti\u00f3 un comunicado oficial haciendo recomendaciones a la ciudadan\u00eda ante los m\u00faltiples casos de extorsi\u00f3n que se est\u00e1n sucediendo en esa regi\u00f3n del sur del estado.<br>Para que no se queden con la duda y a modo de contexto, con base en datos del Secretariado Ejecutivo del Sistema Nacional de Seguridad P\u00fablica (SESNSP) del gobierno federal, los cinco estados de la rep\u00fablica mexicana con el mayor n\u00famero de denuncias presentadas por quienes fueron extorsionados en el primer semestre de este a\u00f1o son: Estado de M\u00e9xico con mil 699, Veracruz con 471, Guanajuato con 468, Nuevo Le\u00f3n con 418 y Jalisco con 276.<br>En el estado de Veracruz, por cierto, el pasado mes de junio fue cuando se recibieron el mayor n\u00famero de denuncias por este delito en el a\u00f1o con 95 casos.<br>Por otra parte, los reportes del SESNSP indican que, de enero a mayo de este a\u00f1o, el estado de Veracruz registr\u00f3 166 denuncias de extorsi\u00f3n en contra de mujeres, la tercera cifra m\u00e1s alta del pa\u00eds, pues que la primera le corresponde tambi\u00e9n al Estado de M\u00e9xico con 532 casos, seguido de Guanajuato con 189.<br>Porque seguramente ustedes se estar\u00e1n preguntando qu\u00e9 municipio del estado de Veracruz es el que registra el mayor n\u00famero de denuncias por el delito de extorsi\u00f3n, le comentamos que ese primer lugar lo ostenta precisamente Acayucan.<br>Ello explica y justifica que a poco m\u00e1s de cuatro meses de que inicie la administraci\u00f3n estatal de la ingeniera qu\u00edmica Norma Roc\u00edo Nahle Garc\u00eda, van encendi\u00e9ndose focos rojos en la entidad veracruzana con asuntos que visto est\u00e1, le heredar\u00e1 el actual gobernador del estado, el ingeniero mec\u00e1nico electricista Cuitl\u00e1huac Garc\u00eda Jim\u00e9nez, para lo cual y como bot\u00f3n que sirva de muestra, est\u00e1 el de la extorsi\u00f3n.<br>Ese foco rojo evidencia la grave inseguridad que se padece en la entidad veracruzana, luego de que el secretario del ayuntamiento acayuque\u00f1o Fernando Morales Ju\u00e1rez, emiti\u00f3 un comunicado oficial, por cierto, sin n\u00famero de folio y fecha, haciendo recomendaciones a la ciudadan\u00eda ante los m\u00faltiples casos de extorsi\u00f3n que han caracterizado a esa regi\u00f3n del sur del estado.<br>En el comunicado oficial el secretario del ayuntamiento de Acayucan expone que: \u201cDerivado de los diversos reportes ciudadanos, en los que manifiestan ser v\u00edctimas de extorsi\u00f3n telef\u00f3nica, esta autoridad municipal informa a la ciudadan\u00eda que eviten contestar mensajes o llamadas del siguiente n\u00famero 784 131 07 68\u201d, el cual luego se ubic\u00f3 en el reclusorio de Papantla, Veracruz.<br>Habr\u00e1 que esperar a quien designa la ingeniera qu\u00edmica Norma Roc\u00edo Nahle Garc\u00eda como titular de la Secretar\u00eda de Seguridad P\u00fablica del estado de Veracruz, para saber si ese foco rojo se mantendr\u00e1 encendido como en este periodo 2018 \u2013 2024 en el que Veracruz se ha mantenido en el Top Five de las entidades federativas con mayor inseguridad.<br><strong>BUEN VIAJE AMIGO<\/strong> \u2026 Nuestro sentido p\u00e9same a la familia del ingeniero Ezequiel Guam\u00e1n Arango, \u201cCheque\u201d como se le llamaba cari\u00f1osamente a quien fuera un incansable promotor del turismo y la gastronom\u00eda de la regi\u00f3n de Veracruz \u2013 Boca del R\u00edo, cuyo deceso se sucedi\u00f3 la semana pasada.<br>El ingeniero Guzm\u00e1n Arango, quien nos honr\u00f3 con su amistad, se encontraba con su hija y nietos en sus \u00faltimos momentos en este plano terrenal.<br>Su hija, por cierto, traer\u00e1 a Veracruz las cenizas del ingeniero Guzm\u00e1n Arango y se realizar\u00e1 una misa para pedir por su eterno descanso.<br><strong>OTRA PERSPECTIVA<\/strong> \u2026 Este lunes 22 de julio, a las diez de la ma\u00f1ana, en el Sal\u00f3n de la Ganadera Local de Soconusco, el comunicador y periodista Jos\u00e9 Luis Ortega Vidal, dar\u00e1 la conferencia \u00abCorredor Interoce\u00e1nico del Istmo de Tehuantepec\u00bb, a invitaci\u00f3n del Ayuntamiento local que preside Cuauht\u00e9moc Baruch Custodio.<br>Ortega Vidal, abordar\u00e1 en su conferencia temas como: el impacto en la regi\u00f3n veracruzana del Tren Interoce\u00e1nico, Influencia en la Subregi\u00f3n de Soconusco y Texistepec y por supuesto, la perspectiva sexenal con el cambio de gobierno<br>D\u00cdGALO SIN MIEDO \u2026 Al correo electr\u00f3nico guadalupehmar@gmail.com<\/p>\n","protected":false},"excerpt":{"rendered":"<p>Guadalupe H. MarMira Pol\u00edtica LA DE ATR\u00c1S PAGA \u2026 \u00bfSab\u00edan ustedes amables lectores que el estado de Veracruz es el segundo del pa\u00eds en casos denunciados de extorsi\u00f3n y el tercero de la rep\u00fablica donde las m\u00e1s afectadas por este delito son las mujeres? Nosotros tampoco lo sab\u00edamos hasta que el tema nos llam\u00f3 la [&hellip;]<\/p>\n","protected":false},"author":2,"featured_media":119929,"comment_status":"closed","ping_status":"closed","sticky":false,"template":"","format":"standard","meta":{"tdm_status":"","tdm_grid_status":"","footnotes":""},"categories":[70],"tags":[103,1563,41392,41391,1606,1026,3578,195],"class_list":{"0":"post-127709","1":"post","2":"type-post","3":"status-publish","4":"format-standard","5":"has-post-thumbnail","7":"category-de-opinion","8":"tag-acayucan","9":"tag-cuitlahuac-garcia-jimenez","10":"tag-ezequiel-guaman-arango","11":"tag-fernando-morales-juarez","12":"tag-guadalupe-h-mar","13":"tag-morena","14":"tag-rocio-nahle","15":"tag-veracruz"},"yoast_head":"<!-- This site is optimized with the Yoast SEO plugin v27.4 - https:\/\/yoast.com\/product\/yoast-seo-wordpress\/ -->\n<title>HERENCIA - Los pol\u00edticos Veracruz<\/title>\n<meta name=\"robots\" content=\"index, follow, max-snippet:-1, max-image-preview:large, max-video-preview:-1\" \/>\n<link rel=\"canonical\" href=\"https:\/\/lospoliticosveracruz.com\/?p=127709\" \/>\n<meta property=\"og:locale\" content=\"es_ES\" \/>\n<meta property=\"og:type\" content=\"article\" \/>\n<meta property=\"og:title\" content=\"HERENCIA - Los pol\u00edticos Veracruz\" \/>\n<meta property=\"og:description\" content=\"Guadalupe H. MarMira Pol\u00edtica LA DE ATR\u00c1S PAGA \u2026 \u00bfSab\u00edan ustedes amables lectores que el estado de Veracruz es el segundo del pa\u00eds en casos denunciados de extorsi\u00f3n y el tercero de la rep\u00fablica donde las m\u00e1s afectadas por este delito son las mujeres? Nosotros tampoco lo sab\u00edamos hasta que el tema nos llam\u00f3 la [&hellip;]\" \/>\n<meta property=\"og:url\" content=\"https:\/\/lospoliticosveracruz.com\/?p=127709\" \/>\n<meta property=\"og:site_name\" content=\"Los pol\u00edticos Veracruz\" \/>\n<meta property=\"article:publisher\" content=\"https:\/\/www.facebook.com\/people\/Notimemes-de-los-Polticos\/61565672886568\/\" \/>\n<meta property=\"article:published_time\" content=\"2024-07-22T03:35:19+00:00\" \/>\n<meta property=\"article:modified_time\" content=\"2024-07-22T03:35:27+00:00\" \/>\n<meta property=\"og:image\" content=\"https:\/\/lospoliticosveracruz.com\/wp-content\/uploads\/2024\/03\/Lupita-Mar.jpg\" \/>\n\t<meta property=\"og:image:width\" content=\"1250\" \/>\n\t<meta property=\"og:image:height\" content=\"667\" \/>\n\t<meta property=\"og:image:type\" content=\"image\/jpeg\" \/>\n<meta name=\"author\" content=\"Lo viste en Los Pol\u00edticos\" \/>\n<meta name=\"twitter:card\" content=\"summary_large_image\" \/>\n<meta name=\"twitter:creator\" content=\"@LosPoliticosVer\" \/>\n<meta name=\"twitter:site\" content=\"@LosPoliticosVer\" \/>\n<meta name=\"twitter:label1\" content=\"Escrito por\" \/>\n\t<meta name=\"twitter:data1\" content=\"Lo viste en Los Pol\u00edticos\" \/>\n\t<meta name=\"twitter:label2\" content=\"Tiempo de lectura\" \/>\n\t<meta name=\"twitter:data2\" content=\"4 minutos\" \/>\n<script type=\"application\/ld+json\" class=\"yoast-schema-graph\">{\"@context\":\"https:\\\/\\\/schema.org\",\"@graph\":[{\"@type\":\"Article\",\"@id\":\"https:\\\/\\\/lospoliticosveracruz.com\\\/?p=127709#article\",\"isPartOf\":{\"@id\":\"https:\\\/\\\/lospoliticosveracruz.com\\\/?p=127709\"},\"author\":{\"name\":\"Lo viste en Los Pol\u00edticos\",\"@id\":\"https:\\\/\\\/lospoliticosveracruz.com\\\/#\\\/schema\\\/person\\\/b8702bb0e538456e6efd07080bf2a4a2\"},\"headline\":\"HERENCIA\",\"datePublished\":\"2024-07-22T03:35:19+00:00\",\"dateModified\":\"2024-07-22T03:35:27+00:00\",\"mainEntityOfPage\":{\"@id\":\"https:\\\/\\\/lospoliticosveracruz.com\\\/?p=127709\"},\"wordCount\":788,\"publisher\":{\"@id\":\"https:\\\/\\\/lospoliticosveracruz.com\\\/#organization\"},\"image\":{\"@id\":\"https:\\\/\\\/lospoliticosveracruz.com\\\/?p=127709#primaryimage\"},\"thumbnailUrl\":\"https:\\\/\\\/lospoliticosveracruz.com\\\/wp-content\\\/uploads\\\/2024\\\/03\\\/Lupita-Mar.jpg\",\"keywords\":[\"Acayucan\",\"Cuitl\u00e1huac Garc\u00eda Jim\u00e9nez\",\"Ezequiel Guam\u00e1n Arango\",\"Fernando Morales Ju\u00e1rez\",\"Guadalupe H. Mar\",\"Morena\",\"Roc\u00edo Nahle\",\"Veracruz\"],\"articleSection\":[\"De Opini\u00f3n\"],\"inLanguage\":\"es\"},{\"@type\":\"WebPage\",\"@id\":\"https:\\\/\\\/lospoliticosveracruz.com\\\/?p=127709\",\"url\":\"https:\\\/\\\/lospoliticosveracruz.com\\\/?p=127709\",\"name\":\"HERENCIA - Los pol\u00edticos Veracruz\",\"isPartOf\":{\"@id\":\"https:\\\/\\\/lospoliticosveracruz.com\\\/#website\"},\"primaryImageOfPage\":{\"@id\":\"https:\\\/\\\/lospoliticosveracruz.com\\\/?p=127709#primaryimage\"},\"image\":{\"@id\":\"https:\\\/\\\/lospoliticosveracruz.com\\\/?p=127709#primaryimage\"},\"thumbnailUrl\":\"https:\\\/\\\/lospoliticosveracruz.com\\\/wp-content\\\/uploads\\\/2024\\\/03\\\/Lupita-Mar.jpg\",\"datePublished\":\"2024-07-22T03:35:19+00:00\",\"dateModified\":\"2024-07-22T03:35:27+00:00\",\"breadcrumb\":{\"@id\":\"https:\\\/\\\/lospoliticosveracruz.com\\\/?p=127709#breadcrumb\"},\"inLanguage\":\"es\",\"potentialAction\":[{\"@type\":\"ReadAction\",\"target\":[\"https:\\\/\\\/lospoliticosveracruz.com\\\/?p=127709\"]}]},{\"@type\":\"ImageObject\",\"inLanguage\":\"es\",\"@id\":\"https:\\\/\\\/lospoliticosveracruz.com\\\/?p=127709#primaryimage\",\"url\":\"https:\\\/\\\/lospoliticosveracruz.com\\\/wp-content\\\/uploads\\\/2024\\\/03\\\/Lupita-Mar.jpg\",\"contentUrl\":\"https:\\\/\\\/lospoliticosveracruz.com\\\/wp-content\\\/uploads\\\/2024\\\/03\\\/Lupita-Mar.jpg\",\"width\":1250,\"height\":667},{\"@type\":\"BreadcrumbList\",\"@id\":\"https:\\\/\\\/lospoliticosveracruz.com\\\/?p=127709#breadcrumb\",\"itemListElement\":[{\"@type\":\"ListItem\",\"position\":1,\"name\":\"Portada\",\"item\":\"https:\\\/\\\/lospoliticosveracruz.com\\\/\"},{\"@type\":\"ListItem\",\"position\":2,\"name\":\"HERENCIA\"}]},{\"@type\":\"WebSite\",\"@id\":\"https:\\\/\\\/lospoliticosveracruz.com\\\/#website\",\"url\":\"https:\\\/\\\/lospoliticosveracruz.com\\\/\",\"name\":\"Los pol\u00edticos Veracruz\",\"description\":\"\",\"publisher\":{\"@id\":\"https:\\\/\\\/lospoliticosveracruz.com\\\/#organization\"},\"potentialAction\":[{\"@type\":\"SearchAction\",\"target\":{\"@type\":\"EntryPoint\",\"urlTemplate\":\"https:\\\/\\\/lospoliticosveracruz.com\\\/?s={search_term_string}\"},\"query-input\":{\"@type\":\"PropertyValueSpecification\",\"valueRequired\":true,\"valueName\":\"search_term_string\"}}],\"inLanguage\":\"es\"},{\"@type\":\"Organization\",\"@id\":\"https:\\\/\\\/lospoliticosveracruz.com\\\/#organization\",\"name\":\"Los pol\u00edticos Veracruz\",\"url\":\"https:\\\/\\\/lospoliticosveracruz.com\\\/\",\"logo\":{\"@type\":\"ImageObject\",\"inLanguage\":\"es\",\"@id\":\"https:\\\/\\\/lospoliticosveracruz.com\\\/#\\\/schema\\\/logo\\\/image\\\/\",\"url\":\"https:\\\/\\\/lospoliticosveracruz.com\\\/wp-content\\\/uploads\\\/2025\\\/12\\\/Logo-Nuevo-LOS-POLITICOS-1.jpg\",\"contentUrl\":\"https:\\\/\\\/lospoliticosveracruz.com\\\/wp-content\\\/uploads\\\/2025\\\/12\\\/Logo-Nuevo-LOS-POLITICOS-1.jpg\",\"width\":260,\"height\":70,\"caption\":\"Los pol\u00edticos Veracruz\"},\"image\":{\"@id\":\"https:\\\/\\\/lospoliticosveracruz.com\\\/#\\\/schema\\\/logo\\\/image\\\/\"},\"sameAs\":[\"https:\\\/\\\/www.facebook.com\\\/people\\\/Notimemes-de-los-Polticos\\\/61565672886568\\\/\",\"https:\\\/\\\/x.com\\\/LosPoliticosVer\"]},{\"@type\":\"Person\",\"@id\":\"https:\\\/\\\/lospoliticosveracruz.com\\\/#\\\/schema\\\/person\\\/b8702bb0e538456e6efd07080bf2a4a2\",\"name\":\"Lo viste en Los Pol\u00edticos\",\"image\":{\"@type\":\"ImageObject\",\"inLanguage\":\"es\",\"@id\":\"https:\\\/\\\/secure.gravatar.com\\\/avatar\\\/3a8de04a2656d44082be478bd6c086daa447c4651605818287b9532d3d0bd435?s=96&d=mm&r=g\",\"url\":\"https:\\\/\\\/secure.gravatar.com\\\/avatar\\\/3a8de04a2656d44082be478bd6c086daa447c4651605818287b9532d3d0bd435?s=96&d=mm&r=g\",\"contentUrl\":\"https:\\\/\\\/secure.gravatar.com\\\/avatar\\\/3a8de04a2656d44082be478bd6c086daa447c4651605818287b9532d3d0bd435?s=96&d=mm&r=g\",\"caption\":\"Lo viste en Los Pol\u00edticos\"},\"url\":\"https:\\\/\\\/lospoliticosveracruz.com\\\/?author=2\"}]}<\/script>\n<!-- \/ Yoast SEO plugin. -->","yoast_head_json":{"title":"HERENCIA - Los pol\u00edticos Veracruz","robots":{"index":"index","follow":"follow","max-snippet":"max-snippet:-1","max-image-preview":"max-image-preview:large","max-video-preview":"max-video-preview:-1"},"canonical":"https:\/\/lospoliticosveracruz.com\/?p=127709","og_locale":"es_ES","og_type":"article","og_title":"HERENCIA - Los pol\u00edticos Veracruz","og_description":"Guadalupe H. MarMira Pol\u00edtica LA DE ATR\u00c1S PAGA \u2026 \u00bfSab\u00edan ustedes amables lectores que el estado de Veracruz es el segundo del pa\u00eds en casos denunciados de extorsi\u00f3n y el tercero de la rep\u00fablica donde las m\u00e1s afectadas por este delito son las mujeres? Nosotros tampoco lo sab\u00edamos hasta que el tema nos llam\u00f3 la [&hellip;]","og_url":"https:\/\/lospoliticosveracruz.com\/?p=127709","og_site_name":"Los pol\u00edticos Veracruz","article_publisher":"https:\/\/www.facebook.com\/people\/Notimemes-de-los-Polticos\/61565672886568\/","article_published_time":"2024-07-22T03:35:19+00:00","article_modified_time":"2024-07-22T03:35:27+00:00","og_image":[{"width":1250,"height":667,"url":"https:\/\/lospoliticosveracruz.com\/wp-content\/uploads\/2024\/03\/Lupita-Mar.jpg","type":"image\/jpeg"}],"author":"Lo viste en Los Pol\u00edticos","twitter_card":"summary_large_image","twitter_creator":"@LosPoliticosVer","twitter_site":"@LosPoliticosVer","twitter_misc":{"Escrito por":"Lo viste en Los Pol\u00edticos","Tiempo de lectura":"4 minutos"},"schema":{"@context":"https:\/\/schema.org","@graph":[{"@type":"Article","@id":"https:\/\/lospoliticosveracruz.com\/?p=127709#article","isPartOf":{"@id":"https:\/\/lospoliticosveracruz.com\/?p=127709"},"author":{"name":"Lo viste en Los Pol\u00edticos","@id":"https:\/\/lospoliticosveracruz.com\/#\/schema\/person\/b8702bb0e538456e6efd07080bf2a4a2"},"headline":"HERENCIA","datePublished":"2024-07-22T03:35:19+00:00","dateModified":"2024-07-22T03:35:27+00:00","mainEntityOfPage":{"@id":"https:\/\/lospoliticosveracruz.com\/?p=127709"},"wordCount":788,"publisher":{"@id":"https:\/\/lospoliticosveracruz.com\/#organization"},"image":{"@id":"https:\/\/lospoliticosveracruz.com\/?p=127709#primaryimage"},"thumbnailUrl":"https:\/\/lospoliticosveracruz.com\/wp-content\/uploads\/2024\/03\/Lupita-Mar.jpg","keywords":["Acayucan","Cuitl\u00e1huac Garc\u00eda Jim\u00e9nez","Ezequiel Guam\u00e1n Arango","Fernando Morales Ju\u00e1rez","Guadalupe H. Mar","Morena","Roc\u00edo Nahle","Veracruz"],"articleSection":["De Opini\u00f3n"],"inLanguage":"es"},{"@type":"WebPage","@id":"https:\/\/lospoliticosveracruz.com\/?p=127709","url":"https:\/\/lospoliticosveracruz.com\/?p=127709","name":"HERENCIA - Los pol\u00edticos Veracruz","isPartOf":{"@id":"https:\/\/lospoliticosveracruz.com\/#website"},"primaryImageOfPage":{"@id":"https:\/\/lospoliticosveracruz.com\/?p=127709#primaryimage"},"image":{"@id":"https:\/\/lospoliticosveracruz.com\/?p=127709#primaryimage"},"thumbnailUrl":"https:\/\/lospoliticosveracruz.com\/wp-content\/uploads\/2024\/03\/Lupita-Mar.jpg","datePublished":"2024-07-22T03:35:19+00:00","dateModified":"2024-07-22T03:35:27+00:00","breadcrumb":{"@id":"https:\/\/lospoliticosveracruz.com\/?p=127709#breadcrumb"},"inLanguage":"es","potentialAction":[{"@type":"ReadAction","target":["https:\/\/lospoliticosveracruz.com\/?p=127709"]}]},{"@type":"ImageObject","inLanguage":"es","@id":"https:\/\/lospoliticosveracruz.com\/?p=127709#primaryimage","url":"https:\/\/lospoliticosveracruz.com\/wp-content\/uploads\/2024\/03\/Lupita-Mar.jpg","contentUrl":"https:\/\/lospoliticosveracruz.com\/wp-content\/uploads\/2024\/03\/Lupita-Mar.jpg","width":1250,"height":667},{"@type":"BreadcrumbList","@id":"https:\/\/lospoliticosveracruz.com\/?p=127709#breadcrumb","itemListElement":[{"@type":"ListItem","position":1,"name":"Portada","item":"https:\/\/lospoliticosveracruz.com\/"},{"@type":"ListItem","position":2,"name":"HERENCIA"}]},{"@type":"WebSite","@id":"https:\/\/lospoliticosveracruz.com\/#website","url":"https:\/\/lospoliticosveracruz.com\/","name":"Los pol\u00edticos Veracruz","description":"","publisher":{"@id":"https:\/\/lospoliticosveracruz.com\/#organization"},"potentialAction":[{"@type":"SearchAction","target":{"@type":"EntryPoint","urlTemplate":"https:\/\/lospoliticosveracruz.com\/?s={search_term_string}"},"query-input":{"@type":"PropertyValueSpecification","valueRequired":true,"valueName":"search_term_string"}}],"inLanguage":"es"},{"@type":"Organization","@id":"https:\/\/lospoliticosveracruz.com\/#organization","name":"Los pol\u00edticos Veracruz","url":"https:\/\/lospoliticosveracruz.com\/","logo":{"@type":"ImageObject","inLanguage":"es","@id":"https:\/\/lospoliticosveracruz.com\/#\/schema\/logo\/image\/","url":"https:\/\/lospoliticosveracruz.com\/wp-content\/uploads\/2025\/12\/Logo-Nuevo-LOS-POLITICOS-1.jpg","contentUrl":"https:\/\/lospoliticosveracruz.com\/wp-content\/uploads\/2025\/12\/Logo-Nuevo-LOS-POLITICOS-1.jpg","width":260,"height":70,"caption":"Los pol\u00edticos Veracruz"},"image":{"@id":"https:\/\/lospoliticosveracruz.com\/#\/schema\/logo\/image\/"},"sameAs":["https:\/\/www.facebook.com\/people\/Notimemes-de-los-Polticos\/61565672886568\/","https:\/\/x.com\/LosPoliticosVer"]},{"@type":"Person","@id":"https:\/\/lospoliticosveracruz.com\/#\/schema\/person\/b8702bb0e538456e6efd07080bf2a4a2","name":"Lo viste en Los Pol\u00edticos","image":{"@type":"ImageObject","inLanguage":"es","@id":"https:\/\/secure.gravatar.com\/avatar\/3a8de04a2656d44082be478bd6c086daa447c4651605818287b9532d3d0bd435?s=96&d=mm&r=g","url":"https:\/\/secure.gravatar.com\/avatar\/3a8de04a2656d44082be478bd6c086daa447c4651605818287b9532d3d0bd435?s=96&d=mm&r=g","contentUrl":"https:\/\/secure.gravatar.com\/avatar\/3a8de04a2656d44082be478bd6c086daa447c4651605818287b9532d3d0bd435?s=96&d=mm&r=g","caption":"Lo viste en Los Pol\u00edticos"},"url":"https:\/\/lospoliticosveracruz.com\/?author=2"}]}},"_links":{"self":[{"href":"https:\/\/lospoliticosveracruz.com\/index.php?rest_route=\/wp\/v2\/posts\/127709","targetHints":{"allow":["GET"]}}],"collection":[{"href":"https:\/\/lospoliticosveracruz.com\/index.php?rest_route=\/wp\/v2\/posts"}],"about":[{"href":"https:\/\/lospoliticosveracruz.com\/index.php?rest_route=\/wp\/v2\/types\/post"}],"author":[{"embeddable":true,"href":"https:\/\/lospoliticosveracruz.com\/index.php?rest_route=\/wp\/v2\/users\/2"}],"replies":[{"embeddable":true,"href":"https:\/\/lospoliticosveracruz.com\/index.php?rest_route=%2Fwp%2Fv2%2Fcomments&post=127709"}],"version-history":[{"count":1,"href":"https:\/\/lospoliticosveracruz.com\/index.php?rest_route=\/wp\/v2\/posts\/127709\/revisions"}],"predecessor-version":[{"id":127710,"href":"https:\/\/lospoliticosveracruz.com\/index.php?rest_route=\/wp\/v2\/posts\/127709\/revisions\/127710"}],"wp:featuredmedia":[{"embeddable":true,"href":"https:\/\/lospoliticosveracruz.com\/index.php?rest_route=\/wp\/v2\/media\/119929"}],"wp:attachment":[{"href":"https:\/\/lospoliticosveracruz.com\/index.php?rest_route=%2Fwp%2Fv2%2Fmedia&parent=127709"}],"wp:term":[{"taxonomy":"category","embeddable":true,"href":"https:\/\/lospoliticosveracruz.com\/index.php?rest_route=%2Fwp%2Fv2%2Fcategories&post=127709"},{"taxonomy":"post_tag","embeddable":true,"href":"https:\/\/lospoliticosveracruz.com\/index.php?rest_route=%2Fwp%2Fv2%2Ftags&post=127709"}],"curies":[{"name":"wp","href":"https:\/\/api.w.org\/{rel}","templated":true}]}}