{"id":127716,"date":"2024-07-22T08:36:24","date_gmt":"2024-07-22T13:36:24","guid":{"rendered":"https:\/\/lospoliticosveracruz.com.mx\/?p=127716"},"modified":"2024-07-22T08:36:32","modified_gmt":"2024-07-22T13:36:32","slug":"la-gran-ana-miriam","status":"publish","type":"post","link":"https:\/\/lospoliticosveracruz.com\/?p=127716","title":{"rendered":"LA GRAN ANA MIRIAM"},"content":{"rendered":"\n<p><strong>Omar Z\u00fa\u00f1iga<\/strong><\/p>\n\n\n\n<p><em>De Primera Mano<\/em><\/p>\n\n\n\n<p>El pasado 7 de julio dieron inicio en todo el pa\u00eds las mentadas \u201cAsambleas Informativas sobre la Reforma al Poder Judicial\u201d que busca imponer\u00a0<strong>Andr\u00e9s Manuel L\u00f3pez Obrador\u00a0<\/strong>antes de irse a La Chingada (su rancho de Palenque).<\/p>\n\n\n\n<p>Xalapa por supuesto no fue la excepci\u00f3n,&nbsp;y la diputada federal electa por el distrito 10, la misma que dijo que L\u00f3pez Obrador \u201cle daba asquito\u201d,&nbsp;<strong>Ana Miriam&nbsp;<\/strong><strong>Ferr\u00e1ez<\/strong>, encabez\u00f3 esta \u201casamblea informativa\u201d, que se realiz\u00f3 bajo una carpa en Plaza Lerdo\u2026, similar a un circo, s\u00ed.<\/p>\n\n\n\n<p>En ese momento, Ana Miriam dio la bienvenida a asistentes y ponentes del Instituto Nacional de Formaci\u00f3n Pol\u00edtica de Morena, \u201ca la reuni\u00f3n de informaci\u00f3n y concientizaci\u00f3n sobre uno de los temas de mayor relevancia que se encuentra actualmente en la discusi\u00f3n nacional, y que sin duda es la Reforma Judicial, la cual traer\u00e1 grandes beneficios al pueblo de M\u00e9xico\u201d.<\/p>\n\n\n\n<p>Dijo que entre algunos de los puntos m\u00e1s importantes de la iniciativa presidencial se encuentran que los ministros de la Corte, consejeros, magistrados y jueces sean \u201celectos por el pueblo en junio de 2025\u201d; as\u00ed como la creaci\u00f3n de un Tribunal de Disciplina Judicial que investigue y sancione a jueces por corrupci\u00f3n, tr\u00e1fico de influencias, nepotismo, complicidad con presuntos delincuentes y corrupci\u00f3n.<\/p>\n\n\n\n<p>Y repiti\u00f3 que \u201cse busca establecer un mecanismo para que la Corte no pueda suspender leyes en beneficio de la mayor\u00eda del pueblo expedidas por el Congreso de la Uni\u00f3n, y que esas suspensiones beneficien a unos cuantos intereses econ\u00f3micos, pol\u00edticos y de grupos\u201d.<\/p>\n\n\n\n<p>La realidad es que no fui invitado a ese foro, pero tambi\u00e9n debo reconocer que no me tom\u00e9 la molestia de informarme para estar ah\u00ed.<\/p>\n\n\n\n<p>Sin embargo, en la rigurosidad que me mantiene en este negocio, a partir del lunes 8 de julio, es decir un d\u00eda despu\u00e9s, busqu\u00e9 con insistencia a la diputada&nbsp;<strong>Ana Miriam&nbsp;<\/strong><strong>Ferr\u00e1ez<\/strong>.<\/p>\n\n\n\n<p>La intenci\u00f3n era (es) platicar sobre el tema, que me interesa sobremanera, no es poca cosa la que est\u00e1 en juego.<\/p>\n\n\n\n<p>Los argumentos que esgrime la diputada, no por justos y bien trovados dejan de ser puro cuento, pues s\u00f3lo repite y repite lo que dice el presidente, parafraseando al \u00ednclito, \u201crepite como loro\u201d.<\/p>\n\n\n\n<p>No hay una argumentaci\u00f3n de peso que nos diga que esa reforma, como est\u00e1 redactada, deba&nbsp;ser aprobada, como un hecho necesario para la vida democr\u00e1tica de este pa\u00eds.<\/p>\n\n\n\n<p>Mis preguntas en todo caso son, -\u00bfporqu\u00e9 deben elegirse por voto popular los jueces y magistrados, si en todo caso la promesa de&nbsp;esa&nbsp;campa\u00f1a debe ser la realizaci\u00f3n de justicia pronta y expedita;&nbsp;o c\u00f3mo ser\u00edan las promesas de campa\u00f1a?<\/p>\n\n\n\n<p>-\u00bfCu\u00e1nto van a costar esas elecciones?<\/p>\n\n\n\n<p>-\u00bfC\u00f3mo se podr\u00e1n financiar las campa\u00f1as de los aspirantes a puestos de elecci\u00f3n popular?<\/p>\n\n\n\n<p>-\u00bfC\u00f3mo evitar que dinero del crimen organizado permee en las campa\u00f1as de quienes buscan impartir justicia?<\/p>\n\n\n\n<p>Estas preguntas y varias m\u00e1s se quedan sin respuesta, pues lo \u00fanico que obtuve en la b\u00fasqueda de la diputada, fue un ominoso silencio.<\/p>\n\n\n\n<p><strong>Ana Miriam&nbsp;<\/strong><strong>Ferr\u00e1ez<\/strong>, diputada federal electa por Xalapa hoy est\u00e1 impugnada por su adversario&nbsp;<strong>Am\u00e9rico Z\u00fa\u00f1iga Mart\u00ednez<\/strong>,&nbsp;quien en la impugnaci\u00f3n de primera instancia, le asignaron m\u00e1s votos, y ahora est\u00e1&nbsp;a&nbsp;la espera de una&nbsp;resoluci\u00f3n de&nbsp;la&nbsp;Sala Superior del&nbsp;Tribunal Electoral del Poder Judicial de la Federaci\u00f3n.<\/p>\n\n\n\n<p>A manera de contexto, hasta&nbsp;<strong>Ivonne Cisneros&nbsp;<\/strong>contest\u00f3 cuando se le cuestion\u00f3 sobre el primer paquete de reformas propuesto por le presidente.<\/p>\n\n\n\n<p>\u00bfUsted quiere una diputada que guarde silencio ante los reclamos ciudadanos?\u2026 \u00a1yo, no!<\/p>\n\n\n\n<p>*****<\/p>\n\n\n\n<p>Para documentar el optimismo\u2026, &nbsp;un director m\u00e1s que se sinti\u00f3 intocable durante la administraci\u00f3n de&nbsp;<strong>Cuitl\u00e1huac Garc\u00eda&nbsp;<\/strong>est\u00e1 ya en la mira de&nbsp;<strong>Roc\u00edo&nbsp;<\/strong><strong>Nahle<\/strong>.<\/p>\n\n\n\n<p>Se trata del flamante director del&nbsp;Colegio de Estudios Cient\u00edficos y Tecnol\u00f3gicos del Estado de Veracruz&nbsp;(CECYTEV),&nbsp;<strong>Javier&nbsp;<\/strong><strong>Baizabal<\/strong><strong>&nbsp;Cordero<\/strong>.<\/p>\n\n\n\n<p>A trav\u00e9s de una carta, -en la que&nbsp;los denunciantes nos piden el anonimato, pero est\u00e1n plenamente identificados- advierten que este oscuro personaje ha difundido entre los agremiados del sindicato y personal de oficinas administrativas, que no deber\u00edan ser leales a la gobernadora.<\/p>\n\n\n\n<p>Este servidor de lo p\u00fablico, protegido por&nbsp;<strong>Cuitl\u00e1huac Garc\u00eda Jim\u00e9nez<\/strong>&nbsp;habr\u00eda defraudado no solamente a los empleados, si no tambi\u00e9n a las arcas del CECYTEV, inflando salarios y &nbsp;protegiendo a gente como&nbsp;<strong>Wendy Garrido Arenas<\/strong>, sobrina de&nbsp;<strong>Eleazar Guerrero P\u00e9rez&nbsp;<\/strong>(primo del gobernador), a quien le habr\u00edan asignado un salario mucho mayor al de personal administrativo, que es el que detenta.&nbsp;<\/p>\n\n\n\n<p>El mismo ex subsecretario de Media Superior y Superior&nbsp;(SEMSYS),&nbsp;<strong>Jorge&nbsp;<\/strong><strong>Uscanga<\/strong><strong>&nbsp;&nbsp;<\/strong><strong>Villalba<\/strong>.<\/p>\n\n\n\n<p><strong>Jorge Dom\u00ednguez&nbsp;<\/strong>ex encargado de deportes y cultura de la SEMSYS (mismo origen de&nbsp;UscangaVillalba), una vez que fue dado de baja de la SEV, lleg\u00f3 al CECYTEV para ser cobijado bajo la sombra protectora, de Javier&nbsp;Baizalbal.&nbsp;<\/p>\n\n\n\n<p>Tambi\u00e9n tendr\u00eda en n\u00f3mina a la esposa del chofer del diputado electo,&nbsp;<strong>Zenyazen<\/strong><strong>&nbsp;Escobar<\/strong>, como aviadora.&nbsp;<\/p>\n\n\n\n<p>Adem\u00e1s, entre las m\u00faltiples irregularidades de&nbsp;Baizabal&nbsp;Cordero estar\u00eda tambi\u00e9n la creaci\u00f3n de empresas fantasma.<\/p>\n\n\n\n<p>Las preguntas que privan entre los empleados afectados del CECYTEV, es &nbsp;-\u00bfPor qu\u00e9 es intocable?-, -\u00bfcu\u00e1ntos favores le deben?-, -\u00bfqu\u00e9 sucedi\u00f3 con los maestros a los que dej\u00f3 sin empleo?-, -\u00bfqu\u00e9 sucedi\u00f3 con las denuncias de las mujeres que sufrieron de hostigamiento y acoso laboral?<\/p>\n\n\n\n<p>Todas esas preguntas esperan respuesta y la esperan de la gobernadora electa&nbsp;<strong>Roc\u00edo&nbsp;<\/strong><strong>Nahle<\/strong>, pero no s\u00f3lo eso, sino que tambi\u00e9n haya una investigaci\u00f3n seria en contra de este funcionario y que en su caso, exista un castigo ejemplar.<\/p>\n\n\n\n<p>\u00a1Qu\u00e9 barbaridad!<\/p>\n\n\n\n<p>deprimera.mano2020@gmail.com<\/p>\n","protected":false},"excerpt":{"rendered":"<p>Omar Z\u00fa\u00f1iga De Primera Mano El pasado 7 de julio dieron inicio en todo el pa\u00eds las mentadas \u201cAsambleas Informativas sobre la Reforma al Poder Judicial\u201d que busca imponer\u00a0Andr\u00e9s Manuel L\u00f3pez Obrador\u00a0antes de irse a La Chingada (su rancho de Palenque). Xalapa por supuesto no fue la excepci\u00f3n,&nbsp;y la diputada federal electa por el distrito [&hellip;]<\/p>\n","protected":false},"author":2,"featured_media":119918,"comment_status":"closed","ping_status":"closed","sticky":false,"template":"","format":"standard","meta":{"tdm_status":"","tdm_grid_status":"","footnotes":""},"categories":[70],"tags":[483,7408,1563,1026,3578,195],"class_list":{"0":"post-127716","1":"post","2":"type-post","3":"status-publish","4":"format-standard","5":"has-post-thumbnail","7":"category-de-opinion","8":"tag-americo-zuniga","9":"tag-ana-miriam-ferraez","10":"tag-cuitlahuac-garcia-jimenez","11":"tag-morena","12":"tag-rocio-nahle","13":"tag-veracruz"},"yoast_head":"<!-- This site is optimized with the Yoast SEO plugin v27.4 - https:\/\/yoast.com\/product\/yoast-seo-wordpress\/ -->\n<title>LA GRAN ANA MIRIAM - Los pol\u00edticos Veracruz<\/title>\n<meta name=\"robots\" content=\"index, follow, max-snippet:-1, max-image-preview:large, max-video-preview:-1\" \/>\n<link rel=\"canonical\" href=\"https:\/\/lospoliticosveracruz.com\/?p=127716\" \/>\n<meta property=\"og:locale\" content=\"es_ES\" \/>\n<meta property=\"og:type\" content=\"article\" \/>\n<meta property=\"og:title\" content=\"LA GRAN ANA MIRIAM - Los pol\u00edticos Veracruz\" \/>\n<meta property=\"og:description\" content=\"Omar Z\u00fa\u00f1iga De Primera Mano El pasado 7 de julio dieron inicio en todo el pa\u00eds las mentadas \u201cAsambleas Informativas sobre la Reforma al Poder Judicial\u201d que busca imponer\u00a0Andr\u00e9s Manuel L\u00f3pez Obrador\u00a0antes de irse a La Chingada (su rancho de Palenque). Xalapa por supuesto no fue la excepci\u00f3n,&nbsp;y la diputada federal electa por el distrito [&hellip;]\" \/>\n<meta property=\"og:url\" content=\"https:\/\/lospoliticosveracruz.com\/?p=127716\" \/>\n<meta property=\"og:site_name\" content=\"Los pol\u00edticos Veracruz\" \/>\n<meta property=\"article:publisher\" content=\"https:\/\/www.facebook.com\/people\/Notimemes-de-los-Polticos\/61565672886568\/\" \/>\n<meta property=\"article:published_time\" content=\"2024-07-22T13:36:24+00:00\" \/>\n<meta property=\"article:modified_time\" content=\"2024-07-22T13:36:32+00:00\" \/>\n<meta property=\"og:image\" content=\"https:\/\/lospoliticosveracruz.com\/wp-content\/uploads\/2024\/03\/Omar-Zuniga.jpg\" \/>\n\t<meta property=\"og:image:width\" content=\"1250\" \/>\n\t<meta property=\"og:image:height\" content=\"667\" \/>\n\t<meta property=\"og:image:type\" content=\"image\/jpeg\" \/>\n<meta name=\"author\" content=\"Lo viste en Los Pol\u00edticos\" \/>\n<meta name=\"twitter:card\" content=\"summary_large_image\" \/>\n<meta name=\"twitter:creator\" content=\"@LosPoliticosVer\" \/>\n<meta name=\"twitter:site\" content=\"@LosPoliticosVer\" \/>\n<meta name=\"twitter:label1\" content=\"Escrito por\" \/>\n\t<meta name=\"twitter:data1\" content=\"Lo viste en Los Pol\u00edticos\" \/>\n\t<meta name=\"twitter:label2\" content=\"Tiempo de lectura\" \/>\n\t<meta name=\"twitter:data2\" content=\"5 minutos\" \/>\n<script type=\"application\/ld+json\" class=\"yoast-schema-graph\">{\"@context\":\"https:\\\/\\\/schema.org\",\"@graph\":[{\"@type\":\"Article\",\"@id\":\"https:\\\/\\\/lospoliticosveracruz.com\\\/?p=127716#article\",\"isPartOf\":{\"@id\":\"https:\\\/\\\/lospoliticosveracruz.com\\\/?p=127716\"},\"author\":{\"name\":\"Lo viste en Los Pol\u00edticos\",\"@id\":\"https:\\\/\\\/lospoliticosveracruz.com\\\/#\\\/schema\\\/person\\\/b8702bb0e538456e6efd07080bf2a4a2\"},\"headline\":\"LA GRAN ANA MIRIAM\",\"datePublished\":\"2024-07-22T13:36:24+00:00\",\"dateModified\":\"2024-07-22T13:36:32+00:00\",\"mainEntityOfPage\":{\"@id\":\"https:\\\/\\\/lospoliticosveracruz.com\\\/?p=127716\"},\"wordCount\":1055,\"publisher\":{\"@id\":\"https:\\\/\\\/lospoliticosveracruz.com\\\/#organization\"},\"image\":{\"@id\":\"https:\\\/\\\/lospoliticosveracruz.com\\\/?p=127716#primaryimage\"},\"thumbnailUrl\":\"https:\\\/\\\/lospoliticosveracruz.com\\\/wp-content\\\/uploads\\\/2024\\\/03\\\/Omar-Zuniga.jpg\",\"keywords\":[\"Am\u00e9rico Z\u00fa\u00f1iga\",\"Ana Miriam Ferr\u00e1ez\",\"Cuitl\u00e1huac Garc\u00eda Jim\u00e9nez\",\"Morena\",\"Roc\u00edo Nahle\",\"Veracruz\"],\"articleSection\":[\"De Opini\u00f3n\"],\"inLanguage\":\"es\"},{\"@type\":\"WebPage\",\"@id\":\"https:\\\/\\\/lospoliticosveracruz.com\\\/?p=127716\",\"url\":\"https:\\\/\\\/lospoliticosveracruz.com\\\/?p=127716\",\"name\":\"LA GRAN ANA MIRIAM - Los pol\u00edticos Veracruz\",\"isPartOf\":{\"@id\":\"https:\\\/\\\/lospoliticosveracruz.com\\\/#website\"},\"primaryImageOfPage\":{\"@id\":\"https:\\\/\\\/lospoliticosveracruz.com\\\/?p=127716#primaryimage\"},\"image\":{\"@id\":\"https:\\\/\\\/lospoliticosveracruz.com\\\/?p=127716#primaryimage\"},\"thumbnailUrl\":\"https:\\\/\\\/lospoliticosveracruz.com\\\/wp-content\\\/uploads\\\/2024\\\/03\\\/Omar-Zuniga.jpg\",\"datePublished\":\"2024-07-22T13:36:24+00:00\",\"dateModified\":\"2024-07-22T13:36:32+00:00\",\"breadcrumb\":{\"@id\":\"https:\\\/\\\/lospoliticosveracruz.com\\\/?p=127716#breadcrumb\"},\"inLanguage\":\"es\",\"potentialAction\":[{\"@type\":\"ReadAction\",\"target\":[\"https:\\\/\\\/lospoliticosveracruz.com\\\/?p=127716\"]}]},{\"@type\":\"ImageObject\",\"inLanguage\":\"es\",\"@id\":\"https:\\\/\\\/lospoliticosveracruz.com\\\/?p=127716#primaryimage\",\"url\":\"https:\\\/\\\/lospoliticosveracruz.com\\\/wp-content\\\/uploads\\\/2024\\\/03\\\/Omar-Zuniga.jpg\",\"contentUrl\":\"https:\\\/\\\/lospoliticosveracruz.com\\\/wp-content\\\/uploads\\\/2024\\\/03\\\/Omar-Zuniga.jpg\",\"width\":1250,\"height\":667},{\"@type\":\"BreadcrumbList\",\"@id\":\"https:\\\/\\\/lospoliticosveracruz.com\\\/?p=127716#breadcrumb\",\"itemListElement\":[{\"@type\":\"ListItem\",\"position\":1,\"name\":\"Portada\",\"item\":\"https:\\\/\\\/lospoliticosveracruz.com\\\/\"},{\"@type\":\"ListItem\",\"position\":2,\"name\":\"LA GRAN ANA MIRIAM\"}]},{\"@type\":\"WebSite\",\"@id\":\"https:\\\/\\\/lospoliticosveracruz.com\\\/#website\",\"url\":\"https:\\\/\\\/lospoliticosveracruz.com\\\/\",\"name\":\"Los pol\u00edticos Veracruz\",\"description\":\"\",\"publisher\":{\"@id\":\"https:\\\/\\\/lospoliticosveracruz.com\\\/#organization\"},\"potentialAction\":[{\"@type\":\"SearchAction\",\"target\":{\"@type\":\"EntryPoint\",\"urlTemplate\":\"https:\\\/\\\/lospoliticosveracruz.com\\\/?s={search_term_string}\"},\"query-input\":{\"@type\":\"PropertyValueSpecification\",\"valueRequired\":true,\"valueName\":\"search_term_string\"}}],\"inLanguage\":\"es\"},{\"@type\":\"Organization\",\"@id\":\"https:\\\/\\\/lospoliticosveracruz.com\\\/#organization\",\"name\":\"Los pol\u00edticos Veracruz\",\"url\":\"https:\\\/\\\/lospoliticosveracruz.com\\\/\",\"logo\":{\"@type\":\"ImageObject\",\"inLanguage\":\"es\",\"@id\":\"https:\\\/\\\/lospoliticosveracruz.com\\\/#\\\/schema\\\/logo\\\/image\\\/\",\"url\":\"https:\\\/\\\/lospoliticosveracruz.com\\\/wp-content\\\/uploads\\\/2025\\\/12\\\/Logo-Nuevo-LOS-POLITICOS-1.jpg\",\"contentUrl\":\"https:\\\/\\\/lospoliticosveracruz.com\\\/wp-content\\\/uploads\\\/2025\\\/12\\\/Logo-Nuevo-LOS-POLITICOS-1.jpg\",\"width\":260,\"height\":70,\"caption\":\"Los pol\u00edticos Veracruz\"},\"image\":{\"@id\":\"https:\\\/\\\/lospoliticosveracruz.com\\\/#\\\/schema\\\/logo\\\/image\\\/\"},\"sameAs\":[\"https:\\\/\\\/www.facebook.com\\\/people\\\/Notimemes-de-los-Polticos\\\/61565672886568\\\/\",\"https:\\\/\\\/x.com\\\/LosPoliticosVer\"]},{\"@type\":\"Person\",\"@id\":\"https:\\\/\\\/lospoliticosveracruz.com\\\/#\\\/schema\\\/person\\\/b8702bb0e538456e6efd07080bf2a4a2\",\"name\":\"Lo viste en Los Pol\u00edticos\",\"image\":{\"@type\":\"ImageObject\",\"inLanguage\":\"es\",\"@id\":\"https:\\\/\\\/secure.gravatar.com\\\/avatar\\\/3a8de04a2656d44082be478bd6c086daa447c4651605818287b9532d3d0bd435?s=96&d=mm&r=g\",\"url\":\"https:\\\/\\\/secure.gravatar.com\\\/avatar\\\/3a8de04a2656d44082be478bd6c086daa447c4651605818287b9532d3d0bd435?s=96&d=mm&r=g\",\"contentUrl\":\"https:\\\/\\\/secure.gravatar.com\\\/avatar\\\/3a8de04a2656d44082be478bd6c086daa447c4651605818287b9532d3d0bd435?s=96&d=mm&r=g\",\"caption\":\"Lo viste en Los Pol\u00edticos\"},\"url\":\"https:\\\/\\\/lospoliticosveracruz.com\\\/?author=2\"}]}<\/script>\n<!-- \/ Yoast SEO plugin. -->","yoast_head_json":{"title":"LA GRAN ANA MIRIAM - Los pol\u00edticos Veracruz","robots":{"index":"index","follow":"follow","max-snippet":"max-snippet:-1","max-image-preview":"max-image-preview:large","max-video-preview":"max-video-preview:-1"},"canonical":"https:\/\/lospoliticosveracruz.com\/?p=127716","og_locale":"es_ES","og_type":"article","og_title":"LA GRAN ANA MIRIAM - Los pol\u00edticos Veracruz","og_description":"Omar Z\u00fa\u00f1iga De Primera Mano El pasado 7 de julio dieron inicio en todo el pa\u00eds las mentadas \u201cAsambleas Informativas sobre la Reforma al Poder Judicial\u201d que busca imponer\u00a0Andr\u00e9s Manuel L\u00f3pez Obrador\u00a0antes de irse a La Chingada (su rancho de Palenque). Xalapa por supuesto no fue la excepci\u00f3n,&nbsp;y la diputada federal electa por el distrito [&hellip;]","og_url":"https:\/\/lospoliticosveracruz.com\/?p=127716","og_site_name":"Los pol\u00edticos Veracruz","article_publisher":"https:\/\/www.facebook.com\/people\/Notimemes-de-los-Polticos\/61565672886568\/","article_published_time":"2024-07-22T13:36:24+00:00","article_modified_time":"2024-07-22T13:36:32+00:00","og_image":[{"width":1250,"height":667,"url":"https:\/\/lospoliticosveracruz.com\/wp-content\/uploads\/2024\/03\/Omar-Zuniga.jpg","type":"image\/jpeg"}],"author":"Lo viste en Los Pol\u00edticos","twitter_card":"summary_large_image","twitter_creator":"@LosPoliticosVer","twitter_site":"@LosPoliticosVer","twitter_misc":{"Escrito por":"Lo viste en Los Pol\u00edticos","Tiempo de lectura":"5 minutos"},"schema":{"@context":"https:\/\/schema.org","@graph":[{"@type":"Article","@id":"https:\/\/lospoliticosveracruz.com\/?p=127716#article","isPartOf":{"@id":"https:\/\/lospoliticosveracruz.com\/?p=127716"},"author":{"name":"Lo viste en Los Pol\u00edticos","@id":"https:\/\/lospoliticosveracruz.com\/#\/schema\/person\/b8702bb0e538456e6efd07080bf2a4a2"},"headline":"LA GRAN ANA MIRIAM","datePublished":"2024-07-22T13:36:24+00:00","dateModified":"2024-07-22T13:36:32+00:00","mainEntityOfPage":{"@id":"https:\/\/lospoliticosveracruz.com\/?p=127716"},"wordCount":1055,"publisher":{"@id":"https:\/\/lospoliticosveracruz.com\/#organization"},"image":{"@id":"https:\/\/lospoliticosveracruz.com\/?p=127716#primaryimage"},"thumbnailUrl":"https:\/\/lospoliticosveracruz.com\/wp-content\/uploads\/2024\/03\/Omar-Zuniga.jpg","keywords":["Am\u00e9rico Z\u00fa\u00f1iga","Ana Miriam Ferr\u00e1ez","Cuitl\u00e1huac Garc\u00eda Jim\u00e9nez","Morena","Roc\u00edo Nahle","Veracruz"],"articleSection":["De Opini\u00f3n"],"inLanguage":"es"},{"@type":"WebPage","@id":"https:\/\/lospoliticosveracruz.com\/?p=127716","url":"https:\/\/lospoliticosveracruz.com\/?p=127716","name":"LA GRAN ANA MIRIAM - Los pol\u00edticos Veracruz","isPartOf":{"@id":"https:\/\/lospoliticosveracruz.com\/#website"},"primaryImageOfPage":{"@id":"https:\/\/lospoliticosveracruz.com\/?p=127716#primaryimage"},"image":{"@id":"https:\/\/lospoliticosveracruz.com\/?p=127716#primaryimage"},"thumbnailUrl":"https:\/\/lospoliticosveracruz.com\/wp-content\/uploads\/2024\/03\/Omar-Zuniga.jpg","datePublished":"2024-07-22T13:36:24+00:00","dateModified":"2024-07-22T13:36:32+00:00","breadcrumb":{"@id":"https:\/\/lospoliticosveracruz.com\/?p=127716#breadcrumb"},"inLanguage":"es","potentialAction":[{"@type":"ReadAction","target":["https:\/\/lospoliticosveracruz.com\/?p=127716"]}]},{"@type":"ImageObject","inLanguage":"es","@id":"https:\/\/lospoliticosveracruz.com\/?p=127716#primaryimage","url":"https:\/\/lospoliticosveracruz.com\/wp-content\/uploads\/2024\/03\/Omar-Zuniga.jpg","contentUrl":"https:\/\/lospoliticosveracruz.com\/wp-content\/uploads\/2024\/03\/Omar-Zuniga.jpg","width":1250,"height":667},{"@type":"BreadcrumbList","@id":"https:\/\/lospoliticosveracruz.com\/?p=127716#breadcrumb","itemListElement":[{"@type":"ListItem","position":1,"name":"Portada","item":"https:\/\/lospoliticosveracruz.com\/"},{"@type":"ListItem","position":2,"name":"LA GRAN ANA MIRIAM"}]},{"@type":"WebSite","@id":"https:\/\/lospoliticosveracruz.com\/#website","url":"https:\/\/lospoliticosveracruz.com\/","name":"Los pol\u00edticos Veracruz","description":"","publisher":{"@id":"https:\/\/lospoliticosveracruz.com\/#organization"},"potentialAction":[{"@type":"SearchAction","target":{"@type":"EntryPoint","urlTemplate":"https:\/\/lospoliticosveracruz.com\/?s={search_term_string}"},"query-input":{"@type":"PropertyValueSpecification","valueRequired":true,"valueName":"search_term_string"}}],"inLanguage":"es"},{"@type":"Organization","@id":"https:\/\/lospoliticosveracruz.com\/#organization","name":"Los pol\u00edticos Veracruz","url":"https:\/\/lospoliticosveracruz.com\/","logo":{"@type":"ImageObject","inLanguage":"es","@id":"https:\/\/lospoliticosveracruz.com\/#\/schema\/logo\/image\/","url":"https:\/\/lospoliticosveracruz.com\/wp-content\/uploads\/2025\/12\/Logo-Nuevo-LOS-POLITICOS-1.jpg","contentUrl":"https:\/\/lospoliticosveracruz.com\/wp-content\/uploads\/2025\/12\/Logo-Nuevo-LOS-POLITICOS-1.jpg","width":260,"height":70,"caption":"Los pol\u00edticos Veracruz"},"image":{"@id":"https:\/\/lospoliticosveracruz.com\/#\/schema\/logo\/image\/"},"sameAs":["https:\/\/www.facebook.com\/people\/Notimemes-de-los-Polticos\/61565672886568\/","https:\/\/x.com\/LosPoliticosVer"]},{"@type":"Person","@id":"https:\/\/lospoliticosveracruz.com\/#\/schema\/person\/b8702bb0e538456e6efd07080bf2a4a2","name":"Lo viste en Los Pol\u00edticos","image":{"@type":"ImageObject","inLanguage":"es","@id":"https:\/\/secure.gravatar.com\/avatar\/3a8de04a2656d44082be478bd6c086daa447c4651605818287b9532d3d0bd435?s=96&d=mm&r=g","url":"https:\/\/secure.gravatar.com\/avatar\/3a8de04a2656d44082be478bd6c086daa447c4651605818287b9532d3d0bd435?s=96&d=mm&r=g","contentUrl":"https:\/\/secure.gravatar.com\/avatar\/3a8de04a2656d44082be478bd6c086daa447c4651605818287b9532d3d0bd435?s=96&d=mm&r=g","caption":"Lo viste en Los Pol\u00edticos"},"url":"https:\/\/lospoliticosveracruz.com\/?author=2"}]}},"_links":{"self":[{"href":"https:\/\/lospoliticosveracruz.com\/index.php?rest_route=\/wp\/v2\/posts\/127716","targetHints":{"allow":["GET"]}}],"collection":[{"href":"https:\/\/lospoliticosveracruz.com\/index.php?rest_route=\/wp\/v2\/posts"}],"about":[{"href":"https:\/\/lospoliticosveracruz.com\/index.php?rest_route=\/wp\/v2\/types\/post"}],"author":[{"embeddable":true,"href":"https:\/\/lospoliticosveracruz.com\/index.php?rest_route=\/wp\/v2\/users\/2"}],"replies":[{"embeddable":true,"href":"https:\/\/lospoliticosveracruz.com\/index.php?rest_route=%2Fwp%2Fv2%2Fcomments&post=127716"}],"version-history":[{"count":1,"href":"https:\/\/lospoliticosveracruz.com\/index.php?rest_route=\/wp\/v2\/posts\/127716\/revisions"}],"predecessor-version":[{"id":127717,"href":"https:\/\/lospoliticosveracruz.com\/index.php?rest_route=\/wp\/v2\/posts\/127716\/revisions\/127717"}],"wp:featuredmedia":[{"embeddable":true,"href":"https:\/\/lospoliticosveracruz.com\/index.php?rest_route=\/wp\/v2\/media\/119918"}],"wp:attachment":[{"href":"https:\/\/lospoliticosveracruz.com\/index.php?rest_route=%2Fwp%2Fv2%2Fmedia&parent=127716"}],"wp:term":[{"taxonomy":"category","embeddable":true,"href":"https:\/\/lospoliticosveracruz.com\/index.php?rest_route=%2Fwp%2Fv2%2Fcategories&post=127716"},{"taxonomy":"post_tag","embeddable":true,"href":"https:\/\/lospoliticosveracruz.com\/index.php?rest_route=%2Fwp%2Fv2%2Ftags&post=127716"}],"curies":[{"name":"wp","href":"https:\/\/api.w.org\/{rel}","templated":true}]}}