{"id":12775,"date":"2014-10-16T23:43:28","date_gmt":"2014-10-17T04:43:28","guid":{"rendered":"http:\/\/www.lospoliticosveracruz.com.mx\/?p=12775"},"modified":"2014-10-16T23:43:28","modified_gmt":"2014-10-17T04:43:28","slug":"2015-coyuntura-nacional-no-ranchera","status":"publish","type":"post","link":"https:\/\/lospoliticosveracruz.com\/?p=12775","title":{"rendered":"2015: coyuntura nacional, no ranchera"},"content":{"rendered":"<p><a href=\"http:\/\/www.lospoliticosveracruz.com.mx\/wp-content\/uploads\/2014\/10\/reloj.jpg\"><img loading=\"lazy\" decoding=\"async\" class=\"alignnone size-medium wp-image-12776\" src=\"http:\/\/www.lospoliticosveracruz.com.mx\/wp-content\/uploads\/2014\/10\/reloj-300x288.jpg\" alt=\"reloj\" width=\"300\" height=\"288\" \/><\/a><\/p>\n<p><strong>Jos\u00e9 Luis Ortega Vidal<\/strong><\/p>\n<p><em>Claroscuros<\/em><\/p>\n<p>&nbsp;<\/p>\n<p>Si bien la elecci\u00f3n del 2015 corresponde al \u00e1mbito federal, la agenda pol\u00edtica estatal y a\u00fan la regional son pieza fundamental en dicho proceso.<br \/>\nNo es posible entender los amarres federales que surgir\u00e1n a partir de la elecci\u00f3n de Diputados, sin los escenarios locales del poder.<br \/>\nY viceversa: tampoco se pueden analizar las coyunturas del norte, centro y sur de Veracruz sin los avatares del poder que nacen en el Distrito Federal.<br \/>\nPor si fuera poco este toma y daca, el estira y afloja, el amasiato entre padrinos y ahijados que nacen de tan singular escenario pol\u00edtico es v\u00e1lido para el PRI, el PAN, el PRD y anexas.<\/p>\n<p>(2)<br \/>\nSabemos, por ejemplo, que la mitad del Gabinete de Javier Duarte de Ochoa ha preparado sus maletas para marcharse en diciembre a la b\u00fasqueda de nuevos destinos burocr\u00e1ticos.<br \/>\nLa eventual salida de los Secretarios de Gobierno, Educaci\u00f3n, Protecci\u00f3n Civil, Desarrollo Social y Comunicaci\u00f3n Social acarrear\u00e1 reacomodos en las \u00e1reas de Infraestructura y Obras P\u00fablicas, SEDARPA, delegaciones federales como la SEDESOL, el Congreso, la dirigencia estatal del PRI e incluso en sistemas del DIF, entre otras.<br \/>\nLa principal movilizaci\u00f3n corresponde al grupo del ex gobernador Fidel Herrera Beltr\u00e1n.<br \/>\nLigado a \u00e9ste, el segundo movimiento se vincula al actual ejecutivo Javier Duarte de Ochoa.<br \/>\nLuego, ya en el Sur, el grupo a reacomodarse es el encabezado por Marcelo Montiel Montiel, a quien siguen en orden de importancia y presencia el Sindicato Petrolero \u2013v\u00eda las secciones 11 de Nanchital y 10 de Minatitl\u00e1n- as\u00ed como V\u00eda Veracruzana de Amadeo Flores Espinoza y sus seguidores: la familia de Gladys Merl\u00edn en Cosoleacaque y Flavino R\u00edos en Minatitl\u00e1n.<br \/>\nLa familia V\u00e1zquez suele dar se\u00f1ales de divisi\u00f3n ocasional pero a la hora de cuidar sus intereses generalmente se une.<br \/>\nRegina V\u00e1zquez Saut es diputada federal y le entregar\u00e1 el cargo a Erick Lagos Hern\u00e1ndez, tema por dem\u00e1s pactado.<br \/>\nSu hermana Fabiola ocupa un cargo en la SEDARPA del acayuque\u00f1o Manuel Mart\u00ednez de Leo y llegado el momento se sumar\u00e1 a la campa\u00f1a de Erick por el distrito XX que incluye a la cabecera Acayucan pero abarca la tierra nativa del vasquismo, es decir San Juan Evangelista y Juan Rodr\u00edguez Clara as\u00ed como un sector de la cuenca del Papaloapan.<br \/>\nJes\u00fas V\u00e1zquez Gonz\u00e1lez tambi\u00e9n es diputado, pero local, por Acayucan y navega con bajo perfil prepar\u00e1ndose para los comicios municipales del 2017.<br \/>\nSu hermano Abel V\u00e1zquez Gonz\u00e1lez gobierna con eficacia el municipio de San Juan y se reporta listo para entregar buenas cuentas a la campa\u00f1a del actual Secretario de Gobierno.<br \/>\nPor si hiciera falta Ponciano V\u00e1zquez Parissi es alcalde en Cosoleacaque, cabecera de otro distrito electoral que alguna vez control\u00f3 el fidelista Antonio Ben\u00edtez Lucho, actual delegado del IMSS en el norte de Veracruz y lejano, muy lejano, a la figura que \u00e9l cre\u00f3 e impuls\u00f3: la de Isela Gonz\u00e1lez, maestra y legisladora federal que pinta de gris opaco la tierra de los cojolites.<\/p>\n<p>(3)<br \/>\nLuego de Acayucan con Erick y Coatzacoalcos con la venia de Marcelo, al PRI s\u00f3lo le preocupan Cosoleacaque y Minatitl\u00e1n.<br \/>\nLa preocupaci\u00f3n, empero, no es hacia el exterior sino al interior.<br \/>\nEl PRI sabe que ganar\u00eda sin problema alguno ambas plazas no s\u00f3lo por su poder electoral sino por la flaqueza opositora.<br \/>\nDe tal modo luce d\u00e9bil la oposici\u00f3n en el Sur de Veracruz que al PRI le duelen mucho m\u00e1s las pugnas internas que las coyunturas de sus rivales.<br \/>\nEn Cosoleacaque el panista Enrique Cambranis Torres por s\u00ed solo no representa peligro; tanto Gladys Merl\u00edn como Cirilo V\u00e1zquez vencer\u00edan al panista mientras que el perredismo luce tan rojo que de momento no ganar\u00eda ni una competencia para Rey del Carnaval.<br \/>\nLa pregunta es: \u00bfa qui\u00e9n se la dar\u00e1n los tricolores: a Gladys o a Cirilo?<br \/>\nElla es diputada local, \u00e9l est\u00e1 en la banca de un equipo ganador, goleador, poderoso.<br \/>\nLa l\u00f3gica, por tanto, indica que la posici\u00f3n ser\u00eda para Cirilo y a Gladys le corresponder\u00eda una posici\u00f3n importante en el gabinete.<br \/>\nAlgo parecido podr\u00eda ocurrir en Minatitl\u00e1n: los petroleros han enderezado el barco del Ayuntamiento que hundieron con Leopoldo Torres a quien exculpan de alg\u00fan modo porque lo de Guadalupe Porras \u2013ajena al STPRM- simplemente fue peor.<br \/>\nJos\u00e9 Luis S\u00e1enz Soto, actual alcalde y m\u00e1s petrolero que el logotipo de la ex paraestatal, ha puesto orden ah\u00ed donde hab\u00eda caos; impone visi\u00f3n en un palacio municipal que recibi\u00f3 en calidad de escenario de guerra.<br \/>\n\u00bfSoltar\u00edan lo petroleros una candidatura que hist\u00f3ricamente han manejado siempre?<br \/>\nSe ve dif\u00edcil y de nuevo la coyuntura pesar\u00e1 y la negociaci\u00f3n habr\u00eda de imponerse: lo mismo que Gladys Merl\u00edn, el notario Flavino R\u00edos es acuerpado por la V\u00eda Veracruzana de Amadeo Flores y Miguel Angel D\u00edaz Pedroza.<br \/>\nAl igual que Gladys don Flavino tiene vejigas, nada solo y es personaje de peso hist\u00f3rico.<br \/>\nBanquearlo tanto tiempo y en una circunstancia como la que tiene ser\u00eda desperdiciarlo; algo as\u00ed como dejar al Chicharito fue de una convocatoria a la Selecci\u00f3n Nacional nom\u00e1s por la falta de un buen entrenador.<br \/>\n\u00bfLa soluci\u00f3n? Otra vez, el gabinete que lucir\u00e1 medio vac\u00edo en diciembre permitir\u00eda la salida a estas dudas y la garant\u00eda de que en el Sur el PRI se lleve 4 diputaciones federales al mismo tiempo que se muere de la risa frente a sus opositores.<br \/>\nIncluso Los Tuxtlas y hasta la cuenca del Papaloapan se pueden incluir en el carro completo si los pri\u00edstas se ponen de acuerdo y van juntos a enfrentarse con una oposici\u00f3n blandengue.<\/p>\n<p>(4)<br \/>\nTodo lo anterior depende en buena medida de que los pol\u00edticos federales tomen en cuenta las circunstancias estatales y regionales a la hora de palomear la lista.<br \/>\nE influye tambi\u00e9n que los hombres y mujeres de la aldea entiendan que la del 2015 es una coyuntura nacional, no del rancho.<\/p>\n<p>(5)<br \/>\nEl tema de la inseguridad en el pa\u00eds que de manera particular se ha convertido en una bomba de alcances impredecibles en Guerrero, Michoac\u00e1n, Tamaulipas y Oaxaca, constituye una variable muy importante para analizar \u2013en prospectiva- la coyuntura pol\u00edtica federal en Veracruz.<br \/>\nDicho tema, empero, merece trato aparte.<\/p>\n","protected":false},"excerpt":{"rendered":"<p>Jos\u00e9 Luis Ortega Vidal Claroscuros &nbsp; Si bien la elecci\u00f3n del 2015 corresponde al \u00e1mbito federal, la agenda pol\u00edtica estatal y a\u00fan la regional son pieza fundamental en dicho proceso. No es posible entender los amarres federales que surgir\u00e1n a partir de la elecci\u00f3n de Diputados, sin los escenarios locales del poder. Y viceversa: tampoco [&hellip;]<\/p>\n","protected":false},"author":2,"featured_media":0,"comment_status":"open","ping_status":"open","sticky":false,"template":"","format":"standard","meta":{"tdm_status":"","tdm_grid_status":"","footnotes":""},"categories":[70],"tags":[410,260,251],"class_list":{"0":"post-12775","1":"post","2":"type-post","3":"status-publish","4":"format-standard","6":"category-de-opinion","7":"tag-fidel-herrera-beltran","8":"tag-javier-duarte-de-ochoa","9":"tag-pri"},"yoast_head":"<!-- This site is optimized with the Yoast SEO plugin v27.4 - https:\/\/yoast.com\/product\/yoast-seo-wordpress\/ -->\n<title>2015: coyuntura nacional, no ranchera - Los pol\u00edticos Veracruz<\/title>\n<meta name=\"robots\" content=\"index, follow, max-snippet:-1, max-image-preview:large, max-video-preview:-1\" \/>\n<link rel=\"canonical\" href=\"https:\/\/lospoliticosveracruz.com\/?p=12775\" \/>\n<meta property=\"og:locale\" content=\"es_ES\" \/>\n<meta property=\"og:type\" content=\"article\" \/>\n<meta property=\"og:title\" content=\"2015: coyuntura nacional, no ranchera - Los pol\u00edticos Veracruz\" \/>\n<meta property=\"og:description\" content=\"Jos\u00e9 Luis Ortega Vidal Claroscuros &nbsp; Si bien la elecci\u00f3n del 2015 corresponde al \u00e1mbito federal, la agenda pol\u00edtica estatal y a\u00fan la regional son pieza fundamental en dicho proceso. No es posible entender los amarres federales que surgir\u00e1n a partir de la elecci\u00f3n de Diputados, sin los escenarios locales del poder. Y viceversa: tampoco [&hellip;]\" \/>\n<meta property=\"og:url\" content=\"https:\/\/lospoliticosveracruz.com\/?p=12775\" \/>\n<meta property=\"og:site_name\" content=\"Los pol\u00edticos Veracruz\" \/>\n<meta property=\"article:publisher\" content=\"https:\/\/www.facebook.com\/people\/Notimemes-de-los-Polticos\/61565672886568\/\" \/>\n<meta property=\"article:published_time\" content=\"2014-10-17T04:43:28+00:00\" \/>\n<meta property=\"og:image\" content=\"http:\/\/www.lospoliticosveracruz.com.mx\/wp-content\/uploads\/2014\/10\/reloj-300x288.jpg\" \/>\n<meta name=\"author\" content=\"Lo viste en Los Pol\u00edticos\" \/>\n<meta name=\"twitter:card\" content=\"summary_large_image\" \/>\n<meta name=\"twitter:creator\" content=\"@LosPoliticosVer\" \/>\n<meta name=\"twitter:site\" content=\"@LosPoliticosVer\" \/>\n<meta name=\"twitter:label1\" content=\"Escrito por\" \/>\n\t<meta name=\"twitter:data1\" content=\"Lo viste en Los Pol\u00edticos\" \/>\n\t<meta name=\"twitter:label2\" content=\"Tiempo de lectura\" \/>\n\t<meta name=\"twitter:data2\" content=\"5 minutos\" \/>\n<script type=\"application\/ld+json\" class=\"yoast-schema-graph\">{\"@context\":\"https:\\\/\\\/schema.org\",\"@graph\":[{\"@type\":\"Article\",\"@id\":\"https:\\\/\\\/lospoliticosveracruz.com\\\/?p=12775#article\",\"isPartOf\":{\"@id\":\"https:\\\/\\\/lospoliticosveracruz.com\\\/?p=12775\"},\"author\":{\"name\":\"Lo viste en Los Pol\u00edticos\",\"@id\":\"https:\\\/\\\/lospoliticosveracruz.com\\\/#\\\/schema\\\/person\\\/b8702bb0e538456e6efd07080bf2a4a2\"},\"headline\":\"2015: coyuntura nacional, no ranchera\",\"datePublished\":\"2014-10-17T04:43:28+00:00\",\"mainEntityOfPage\":{\"@id\":\"https:\\\/\\\/lospoliticosveracruz.com\\\/?p=12775\"},\"wordCount\":1103,\"commentCount\":0,\"publisher\":{\"@id\":\"https:\\\/\\\/lospoliticosveracruz.com\\\/#organization\"},\"image\":{\"@id\":\"https:\\\/\\\/lospoliticosveracruz.com\\\/?p=12775#primaryimage\"},\"thumbnailUrl\":\"http:\\\/\\\/www.lospoliticosveracruz.com.mx\\\/wp-content\\\/uploads\\\/2014\\\/10\\\/reloj-300x288.jpg\",\"keywords\":[\"Fidel Herrera Beltr\u00e1n\",\"Javier Duarte de Ochoa\",\"PRI\"],\"articleSection\":[\"De Opini\u00f3n\"],\"inLanguage\":\"es\",\"potentialAction\":[{\"@type\":\"CommentAction\",\"name\":\"Comment\",\"target\":[\"https:\\\/\\\/lospoliticosveracruz.com\\\/?p=12775#respond\"]}]},{\"@type\":\"WebPage\",\"@id\":\"https:\\\/\\\/lospoliticosveracruz.com\\\/?p=12775\",\"url\":\"https:\\\/\\\/lospoliticosveracruz.com\\\/?p=12775\",\"name\":\"2015: coyuntura nacional, no ranchera - Los pol\u00edticos Veracruz\",\"isPartOf\":{\"@id\":\"https:\\\/\\\/lospoliticosveracruz.com\\\/#website\"},\"primaryImageOfPage\":{\"@id\":\"https:\\\/\\\/lospoliticosveracruz.com\\\/?p=12775#primaryimage\"},\"image\":{\"@id\":\"https:\\\/\\\/lospoliticosveracruz.com\\\/?p=12775#primaryimage\"},\"thumbnailUrl\":\"http:\\\/\\\/www.lospoliticosveracruz.com.mx\\\/wp-content\\\/uploads\\\/2014\\\/10\\\/reloj-300x288.jpg\",\"datePublished\":\"2014-10-17T04:43:28+00:00\",\"breadcrumb\":{\"@id\":\"https:\\\/\\\/lospoliticosveracruz.com\\\/?p=12775#breadcrumb\"},\"inLanguage\":\"es\",\"potentialAction\":[{\"@type\":\"ReadAction\",\"target\":[\"https:\\\/\\\/lospoliticosveracruz.com\\\/?p=12775\"]}]},{\"@type\":\"ImageObject\",\"inLanguage\":\"es\",\"@id\":\"https:\\\/\\\/lospoliticosveracruz.com\\\/?p=12775#primaryimage\",\"url\":\"http:\\\/\\\/www.lospoliticosveracruz.com.mx\\\/wp-content\\\/uploads\\\/2014\\\/10\\\/reloj-300x288.jpg\",\"contentUrl\":\"http:\\\/\\\/www.lospoliticosveracruz.com.mx\\\/wp-content\\\/uploads\\\/2014\\\/10\\\/reloj-300x288.jpg\"},{\"@type\":\"BreadcrumbList\",\"@id\":\"https:\\\/\\\/lospoliticosveracruz.com\\\/?p=12775#breadcrumb\",\"itemListElement\":[{\"@type\":\"ListItem\",\"position\":1,\"name\":\"Portada\",\"item\":\"https:\\\/\\\/lospoliticosveracruz.com\\\/\"},{\"@type\":\"ListItem\",\"position\":2,\"name\":\"2015: coyuntura nacional, no ranchera\"}]},{\"@type\":\"WebSite\",\"@id\":\"https:\\\/\\\/lospoliticosveracruz.com\\\/#website\",\"url\":\"https:\\\/\\\/lospoliticosveracruz.com\\\/\",\"name\":\"Los pol\u00edticos Veracruz\",\"description\":\"\",\"publisher\":{\"@id\":\"https:\\\/\\\/lospoliticosveracruz.com\\\/#organization\"},\"potentialAction\":[{\"@type\":\"SearchAction\",\"target\":{\"@type\":\"EntryPoint\",\"urlTemplate\":\"https:\\\/\\\/lospoliticosveracruz.com\\\/?s={search_term_string}\"},\"query-input\":{\"@type\":\"PropertyValueSpecification\",\"valueRequired\":true,\"valueName\":\"search_term_string\"}}],\"inLanguage\":\"es\"},{\"@type\":\"Organization\",\"@id\":\"https:\\\/\\\/lospoliticosveracruz.com\\\/#organization\",\"name\":\"Los pol\u00edticos Veracruz\",\"url\":\"https:\\\/\\\/lospoliticosveracruz.com\\\/\",\"logo\":{\"@type\":\"ImageObject\",\"inLanguage\":\"es\",\"@id\":\"https:\\\/\\\/lospoliticosveracruz.com\\\/#\\\/schema\\\/logo\\\/image\\\/\",\"url\":\"https:\\\/\\\/lospoliticosveracruz.com\\\/wp-content\\\/uploads\\\/2025\\\/12\\\/Logo-Nuevo-LOS-POLITICOS-1.jpg\",\"contentUrl\":\"https:\\\/\\\/lospoliticosveracruz.com\\\/wp-content\\\/uploads\\\/2025\\\/12\\\/Logo-Nuevo-LOS-POLITICOS-1.jpg\",\"width\":260,\"height\":70,\"caption\":\"Los pol\u00edticos Veracruz\"},\"image\":{\"@id\":\"https:\\\/\\\/lospoliticosveracruz.com\\\/#\\\/schema\\\/logo\\\/image\\\/\"},\"sameAs\":[\"https:\\\/\\\/www.facebook.com\\\/people\\\/Notimemes-de-los-Polticos\\\/61565672886568\\\/\",\"https:\\\/\\\/x.com\\\/LosPoliticosVer\"]},{\"@type\":\"Person\",\"@id\":\"https:\\\/\\\/lospoliticosveracruz.com\\\/#\\\/schema\\\/person\\\/b8702bb0e538456e6efd07080bf2a4a2\",\"name\":\"Lo viste en Los Pol\u00edticos\",\"image\":{\"@type\":\"ImageObject\",\"inLanguage\":\"es\",\"@id\":\"https:\\\/\\\/secure.gravatar.com\\\/avatar\\\/3a8de04a2656d44082be478bd6c086daa447c4651605818287b9532d3d0bd435?s=96&d=mm&r=g\",\"url\":\"https:\\\/\\\/secure.gravatar.com\\\/avatar\\\/3a8de04a2656d44082be478bd6c086daa447c4651605818287b9532d3d0bd435?s=96&d=mm&r=g\",\"contentUrl\":\"https:\\\/\\\/secure.gravatar.com\\\/avatar\\\/3a8de04a2656d44082be478bd6c086daa447c4651605818287b9532d3d0bd435?s=96&d=mm&r=g\",\"caption\":\"Lo viste en Los Pol\u00edticos\"},\"url\":\"https:\\\/\\\/lospoliticosveracruz.com\\\/?author=2\"}]}<\/script>\n<!-- \/ Yoast SEO plugin. -->","yoast_head_json":{"title":"2015: coyuntura nacional, no ranchera - Los pol\u00edticos Veracruz","robots":{"index":"index","follow":"follow","max-snippet":"max-snippet:-1","max-image-preview":"max-image-preview:large","max-video-preview":"max-video-preview:-1"},"canonical":"https:\/\/lospoliticosveracruz.com\/?p=12775","og_locale":"es_ES","og_type":"article","og_title":"2015: coyuntura nacional, no ranchera - Los pol\u00edticos Veracruz","og_description":"Jos\u00e9 Luis Ortega Vidal Claroscuros &nbsp; Si bien la elecci\u00f3n del 2015 corresponde al \u00e1mbito federal, la agenda pol\u00edtica estatal y a\u00fan la regional son pieza fundamental en dicho proceso. No es posible entender los amarres federales que surgir\u00e1n a partir de la elecci\u00f3n de Diputados, sin los escenarios locales del poder. Y viceversa: tampoco [&hellip;]","og_url":"https:\/\/lospoliticosveracruz.com\/?p=12775","og_site_name":"Los pol\u00edticos Veracruz","article_publisher":"https:\/\/www.facebook.com\/people\/Notimemes-de-los-Polticos\/61565672886568\/","article_published_time":"2014-10-17T04:43:28+00:00","og_image":[{"url":"http:\/\/www.lospoliticosveracruz.com.mx\/wp-content\/uploads\/2014\/10\/reloj-300x288.jpg","type":"","width":"","height":""}],"author":"Lo viste en Los Pol\u00edticos","twitter_card":"summary_large_image","twitter_creator":"@LosPoliticosVer","twitter_site":"@LosPoliticosVer","twitter_misc":{"Escrito por":"Lo viste en Los Pol\u00edticos","Tiempo de lectura":"5 minutos"},"schema":{"@context":"https:\/\/schema.org","@graph":[{"@type":"Article","@id":"https:\/\/lospoliticosveracruz.com\/?p=12775#article","isPartOf":{"@id":"https:\/\/lospoliticosveracruz.com\/?p=12775"},"author":{"name":"Lo viste en Los Pol\u00edticos","@id":"https:\/\/lospoliticosveracruz.com\/#\/schema\/person\/b8702bb0e538456e6efd07080bf2a4a2"},"headline":"2015: coyuntura nacional, no ranchera","datePublished":"2014-10-17T04:43:28+00:00","mainEntityOfPage":{"@id":"https:\/\/lospoliticosveracruz.com\/?p=12775"},"wordCount":1103,"commentCount":0,"publisher":{"@id":"https:\/\/lospoliticosveracruz.com\/#organization"},"image":{"@id":"https:\/\/lospoliticosveracruz.com\/?p=12775#primaryimage"},"thumbnailUrl":"http:\/\/www.lospoliticosveracruz.com.mx\/wp-content\/uploads\/2014\/10\/reloj-300x288.jpg","keywords":["Fidel Herrera Beltr\u00e1n","Javier Duarte de Ochoa","PRI"],"articleSection":["De Opini\u00f3n"],"inLanguage":"es","potentialAction":[{"@type":"CommentAction","name":"Comment","target":["https:\/\/lospoliticosveracruz.com\/?p=12775#respond"]}]},{"@type":"WebPage","@id":"https:\/\/lospoliticosveracruz.com\/?p=12775","url":"https:\/\/lospoliticosveracruz.com\/?p=12775","name":"2015: coyuntura nacional, no ranchera - Los pol\u00edticos Veracruz","isPartOf":{"@id":"https:\/\/lospoliticosveracruz.com\/#website"},"primaryImageOfPage":{"@id":"https:\/\/lospoliticosveracruz.com\/?p=12775#primaryimage"},"image":{"@id":"https:\/\/lospoliticosveracruz.com\/?p=12775#primaryimage"},"thumbnailUrl":"http:\/\/www.lospoliticosveracruz.com.mx\/wp-content\/uploads\/2014\/10\/reloj-300x288.jpg","datePublished":"2014-10-17T04:43:28+00:00","breadcrumb":{"@id":"https:\/\/lospoliticosveracruz.com\/?p=12775#breadcrumb"},"inLanguage":"es","potentialAction":[{"@type":"ReadAction","target":["https:\/\/lospoliticosveracruz.com\/?p=12775"]}]},{"@type":"ImageObject","inLanguage":"es","@id":"https:\/\/lospoliticosveracruz.com\/?p=12775#primaryimage","url":"http:\/\/www.lospoliticosveracruz.com.mx\/wp-content\/uploads\/2014\/10\/reloj-300x288.jpg","contentUrl":"http:\/\/www.lospoliticosveracruz.com.mx\/wp-content\/uploads\/2014\/10\/reloj-300x288.jpg"},{"@type":"BreadcrumbList","@id":"https:\/\/lospoliticosveracruz.com\/?p=12775#breadcrumb","itemListElement":[{"@type":"ListItem","position":1,"name":"Portada","item":"https:\/\/lospoliticosveracruz.com\/"},{"@type":"ListItem","position":2,"name":"2015: coyuntura nacional, no ranchera"}]},{"@type":"WebSite","@id":"https:\/\/lospoliticosveracruz.com\/#website","url":"https:\/\/lospoliticosveracruz.com\/","name":"Los pol\u00edticos Veracruz","description":"","publisher":{"@id":"https:\/\/lospoliticosveracruz.com\/#organization"},"potentialAction":[{"@type":"SearchAction","target":{"@type":"EntryPoint","urlTemplate":"https:\/\/lospoliticosveracruz.com\/?s={search_term_string}"},"query-input":{"@type":"PropertyValueSpecification","valueRequired":true,"valueName":"search_term_string"}}],"inLanguage":"es"},{"@type":"Organization","@id":"https:\/\/lospoliticosveracruz.com\/#organization","name":"Los pol\u00edticos Veracruz","url":"https:\/\/lospoliticosveracruz.com\/","logo":{"@type":"ImageObject","inLanguage":"es","@id":"https:\/\/lospoliticosveracruz.com\/#\/schema\/logo\/image\/","url":"https:\/\/lospoliticosveracruz.com\/wp-content\/uploads\/2025\/12\/Logo-Nuevo-LOS-POLITICOS-1.jpg","contentUrl":"https:\/\/lospoliticosveracruz.com\/wp-content\/uploads\/2025\/12\/Logo-Nuevo-LOS-POLITICOS-1.jpg","width":260,"height":70,"caption":"Los pol\u00edticos Veracruz"},"image":{"@id":"https:\/\/lospoliticosveracruz.com\/#\/schema\/logo\/image\/"},"sameAs":["https:\/\/www.facebook.com\/people\/Notimemes-de-los-Polticos\/61565672886568\/","https:\/\/x.com\/LosPoliticosVer"]},{"@type":"Person","@id":"https:\/\/lospoliticosveracruz.com\/#\/schema\/person\/b8702bb0e538456e6efd07080bf2a4a2","name":"Lo viste en Los Pol\u00edticos","image":{"@type":"ImageObject","inLanguage":"es","@id":"https:\/\/secure.gravatar.com\/avatar\/3a8de04a2656d44082be478bd6c086daa447c4651605818287b9532d3d0bd435?s=96&d=mm&r=g","url":"https:\/\/secure.gravatar.com\/avatar\/3a8de04a2656d44082be478bd6c086daa447c4651605818287b9532d3d0bd435?s=96&d=mm&r=g","contentUrl":"https:\/\/secure.gravatar.com\/avatar\/3a8de04a2656d44082be478bd6c086daa447c4651605818287b9532d3d0bd435?s=96&d=mm&r=g","caption":"Lo viste en Los Pol\u00edticos"},"url":"https:\/\/lospoliticosveracruz.com\/?author=2"}]}},"_links":{"self":[{"href":"https:\/\/lospoliticosveracruz.com\/index.php?rest_route=\/wp\/v2\/posts\/12775","targetHints":{"allow":["GET"]}}],"collection":[{"href":"https:\/\/lospoliticosveracruz.com\/index.php?rest_route=\/wp\/v2\/posts"}],"about":[{"href":"https:\/\/lospoliticosveracruz.com\/index.php?rest_route=\/wp\/v2\/types\/post"}],"author":[{"embeddable":true,"href":"https:\/\/lospoliticosveracruz.com\/index.php?rest_route=\/wp\/v2\/users\/2"}],"replies":[{"embeddable":true,"href":"https:\/\/lospoliticosveracruz.com\/index.php?rest_route=%2Fwp%2Fv2%2Fcomments&post=12775"}],"version-history":[{"count":1,"href":"https:\/\/lospoliticosveracruz.com\/index.php?rest_route=\/wp\/v2\/posts\/12775\/revisions"}],"predecessor-version":[{"id":12777,"href":"https:\/\/lospoliticosveracruz.com\/index.php?rest_route=\/wp\/v2\/posts\/12775\/revisions\/12777"}],"wp:attachment":[{"href":"https:\/\/lospoliticosveracruz.com\/index.php?rest_route=%2Fwp%2Fv2%2Fmedia&parent=12775"}],"wp:term":[{"taxonomy":"category","embeddable":true,"href":"https:\/\/lospoliticosveracruz.com\/index.php?rest_route=%2Fwp%2Fv2%2Fcategories&post=12775"},{"taxonomy":"post_tag","embeddable":true,"href":"https:\/\/lospoliticosveracruz.com\/index.php?rest_route=%2Fwp%2Fv2%2Ftags&post=12775"}],"curies":[{"name":"wp","href":"https:\/\/api.w.org\/{rel}","templated":true}]}}