{"id":12778,"date":"2014-10-16T23:59:46","date_gmt":"2014-10-17T04:59:46","guid":{"rendered":"http:\/\/www.lospoliticosveracruz.com.mx\/?p=12778"},"modified":"2014-10-16T23:59:46","modified_gmt":"2014-10-17T04:59:46","slug":"perredadas","status":"publish","type":"post","link":"https:\/\/lospoliticosveracruz.com\/?p=12778","title":{"rendered":"Perredadas"},"content":{"rendered":"<p><a href=\"http:\/\/www.lospoliticosveracruz.com.mx\/wp-content\/uploads\/2014\/10\/Gaby-Garc\u00eda.jpg\"><img loading=\"lazy\" decoding=\"async\" class=\"alignnone size-medium wp-image-12779\" src=\"http:\/\/www.lospoliticosveracruz.com.mx\/wp-content\/uploads\/2014\/10\/Gaby-Garc\u00eda-300x215.jpg\" alt=\"Gaby-Garc\u00eda\" width=\"300\" height=\"215\" \/><\/a><\/p>\n<p><strong>Salvador Mu\u00f1oz<\/strong><\/p>\n<p><em>Los Pol\u00edticos\u00a0<\/em><\/p>\n<p>&nbsp;<\/p>\n<p>El titular de la nota ser\u00eda: \u201cDuarte, en paz con los Perros\u201d, pero estoy seguro que muchos la tomar\u00edan en doble sentido y se perder\u00eda la esencia de la informaci\u00f3n que es: \u201cLas autoridades o ciudadanos que atenten contra la vida animal ser\u00e1n sancionados con todo el rigor de la Ley\u201d, dijo el gobernador dando respuesta a la versi\u00f3n de que habr\u00eda \u201cperredadas\u201d por parte del Centro de Salud Animal de Xalapa, para limpiar de canes las calles por los Juegos Centroamericanos y del Caribe y con ello, de acuerdo a nota de \u201cProceso\u201d, habr\u00eda lugar al sacrificio de \u00e9stos.<br \/>\n\u00bfY Gabriela? \u00bfOn t\u00e1? Nom\u00e1s no apareci\u00f3 la encargada del Centro de Salud Animal en el Ayuntamiento. Cara a cara con representantes de asociaciones de Protecci\u00f3n Animal, Javier Duarte de Ochoa dejaba en claro que nunca hubo orden para \u201cPerredadas\u201d y respecto a lo que se o\u00eda en el audio, el Gobernador dej\u00f3 en claro que era un asunto total del Ayuntamiento.<br \/>\nNo obstante, y atendiendo la preocupaci\u00f3n de los \u201cAnimalistas\u201d, como se refieren algunas personas a los defensores de los animales, Duarte de Ochoa dijo que continuar\u00e1 apoyando iniciativas y propuestas para buscar medios (sea impresos, redes sociales o hasta espectaculares) que fomenten la cultura de la tenencia animal.<br \/>\nAdem\u00e1s, pedir\u00e1 el apoyo de la Secretar\u00eda de Salud para implementar equipo m\u00f3vil en aras de llevar campa\u00f1as de esterilizaci\u00f3n y otro tipo de atenciones.<br \/>\n\u00a1Vamos! \u00a1Hasta embarc\u00f3 a Erick Lagos para que est\u00e9 atento tanto en la constituci\u00f3n de asociaciones civiles como en las ya formalizadas.<br \/>\nPosiblemente con esto, se cierre un cap\u00edtulo pol\u00edtico que estuvo \u00a1bien perr\u00f3n! aunque eso s\u00ed, el problema de los perros no se ha de resolver por decreto aun con las buenas intenciones de cualquier autoridad, sea Duarte de Ochoa, Am\u00e9rico Z\u00fa\u00f1iga o ya sea por parte de las asociaciones civiles que protegen a los animalitos\u2026 intenciones son las que nos sobran pero el asunto es que m\u00e1s que un problema de las autoridades realmente es un problema cultural\u2026<br \/>\nEn aras de relajarnos, algunas ideas y propuestas en torno a los amigos de cuatro patas:<br \/>\n* Propongo que cada funcionario de direcci\u00f3n para arriba, adopte a un perro. Siendo nuestra burocracia demasiado abultada y por lo regular, bien pagada, es probable que el problema de los perros callejeros se acabar\u00eda.<br \/>\n* Si un perrito fuera adoptado por un pol\u00edtico, habr\u00eda identificaci\u00f3n entre ellos pues nadie mejor que un pol\u00edtico para defender como perro el peso\u2026 \u00a1o el hueso!<br \/>\n* Si Berm\u00fadez adoptara cachorros, podr\u00eda capacitarlos y es m\u00e1s seguro que pasar\u00edan todos la prueba de confiabilidad m\u00e1s que muchos de sus polic\u00edas y sobre todo, \u00a1\u00e9stos no conocen la palabra Desertar! Aunque en una de \u00e9sas, podr\u00eda dar un regalo a cada persona que adquiriera sus servicios de alarma: \u201cTe incluimos perro y candado al momento de contratarnos: GPA\u201d<br \/>\n* Si el procurador adoptara a un can, \u00e9ste se mantendr\u00eda siempre pulcro, limpio, desparasitado\u2026 porque El Cul\u00edn para los cuates \u00a1es de pocas pulgas!<br \/>\n* \u00bfY cu\u00e1ntos pol\u00edticos y uno que otro periodista no estar\u00edan dispuestos a adquirir los nuevos disc\u00edpulos de Berm\u00fadez con tal de \u201cecharle los perros\u201d a Xochitl Tress, la de Espacios Educativos?<br \/>\n* Zazil Reyes es una persona que se preocupa mucho por los perritos\u2026 \u00bfser\u00e1 porque al igual que ellos le gusta estar de \u201cpata de perro\u201d, porque ya se va a M\u00e9xico, ya se va con Pepe Yunes, ya se va a las Europas?<br \/>\n* Adem\u00e1s, con un perro de la calle, cuando el alcalde le pregunte por el Plan Municipal de Desarrollo, ella tendr\u00eda el cl\u00e1sico pretexto que se daba en la escuela cuando no se hac\u00eda la tarea: \u201cMi perro se lo comi\u00f3\u201d.<br \/>\n* Ahora que si se trata de quitarle los par\u00e1sitos a un can, qui\u00e9n mejor que Nemi Dib que est\u00e1 de moda\u2026 \u201c\u00a1al perro m\u00e1s flaco se le cargan todas las pulgas!\u201d<br \/>\n* A quienes les caer\u00eda bien sendos canes no hay lugar a duda, ser\u00eda a H\u00e9ctor y Pepe Yunes\u2026 \u00a1es que andan emperrados con la Gubernatura!<br \/>\n* Aunque eso s\u00ed, deben andar con pies de plomo no sea que en una de \u00e9sas \u00a1se queden como el perro de las dos tortas\u2026 \u00bfo de los dos a\u00f1os?<br \/>\nComo sea, el asunto es que la pol\u00e9mica de la \u201cPerredada\u201d al parecer, qued\u00f3 atr\u00e1s\u2026 pero por si las moscas, yo no le quitar\u00e9 los ojos de encima a \u201cMuchacho\u201d, el perro de nadie y de todos de por mi casa\u2026 aunque apuesto a las buenas intenciones del alcalde y del gobernador, quien por cierto, tiene tres perros en Casa Veracruz pero dicen que le tiene m\u00e1s confianza a su Pavo Real&#8230;<\/p>\n<p><strong>PD Gina: Vecinos inc\u00f3modos<\/strong><br \/>\nApenas se enteraron en Catastro de que llegaba Gina Dom\u00ednguez a la Fundaci\u00f3n Colosio, \u00a1empezaron a buscar otras oficinas! No es cierto\u2026 ya estaba planeado el cambio desde hace varios meses\u2026 parece que Catastro se pasa enfrente de Caxa aunque falta por confirmar. Aunque eso s\u00ed, a quien no le gustaron para nada las oficinas de la Fundaci\u00f3n Colosio fue a Gina Dom\u00ednguez\u2026 quesque le dan mala espina los vecinos de enfrente en Landero y Coss\u2026 son los del Pante\u00f3n Xalape\u00f1o. Ahora que si tiene intenciones de buscar nueva residencia para la Fundaci\u00f3n Colosio, bien pudiera preguntarle a Gabriel Deantes si tiene disponible un espacio de Plaza Santa Cecilia o en el inmueble ubicado frente al edificio Hakim\u2026 la pregunta es \u00bfde d\u00f3nde, mami, para una renta nueva y a modo de como t\u00fa la quieres?<\/p>\n<p><strong>PD Cooperen para el Santuario<\/strong><br \/>\nEl Mariachi Juvenil de la Universidad Veracruzana ofrecer\u00e1 un concierto a beneficio de la Construcci\u00f3n del Santuario del Se\u00f1or de la Divina Misericordia en el Fraccionamiento Homex Miradores, este domingo 19 de octubre, a las 18 horas, en la Capilla de San Isidro Labrador y la Virgen de Guadalupe, ubicada en Miradores del Mar, municipio de Emiliano Zapata. Venta de boletos al tel\u00e9fono 2287766660.<\/p>\n","protected":false},"excerpt":{"rendered":"<p>Salvador Mu\u00f1oz Los Pol\u00edticos\u00a0 &nbsp; El titular de la nota ser\u00eda: \u201cDuarte, en paz con los Perros\u201d, pero estoy seguro que muchos la tomar\u00edan en doble sentido y se perder\u00eda la esencia de la informaci\u00f3n que es: \u201cLas autoridades o ciudadanos que atenten contra la vida animal ser\u00e1n sancionados con todo el rigor de la [&hellip;]<\/p>\n","protected":false},"author":2,"featured_media":0,"comment_status":"open","ping_status":"open","sticky":false,"template":"","format":"standard","meta":{"tdm_status":"","tdm_grid_status":"","footnotes":""},"categories":[70],"tags":[141,162,336,90],"class_list":{"0":"post-12778","1":"post","2":"type-post","3":"status-publish","4":"format-standard","6":"category-de-opinion","7":"tag-erick-lagos","8":"tag-javier-duarte","9":"tag-perros","10":"tag-salud"},"yoast_head":"<!-- This site is optimized with the Yoast SEO plugin v27.4 - https:\/\/yoast.com\/product\/yoast-seo-wordpress\/ -->\n<title>Perredadas - Los pol\u00edticos Veracruz<\/title>\n<meta name=\"robots\" content=\"index, follow, max-snippet:-1, max-image-preview:large, max-video-preview:-1\" \/>\n<link rel=\"canonical\" href=\"https:\/\/lospoliticosveracruz.com\/?p=12778\" \/>\n<meta property=\"og:locale\" content=\"es_ES\" \/>\n<meta property=\"og:type\" content=\"article\" \/>\n<meta property=\"og:title\" content=\"Perredadas - Los pol\u00edticos Veracruz\" \/>\n<meta property=\"og:description\" content=\"Salvador Mu\u00f1oz Los Pol\u00edticos\u00a0 &nbsp; El titular de la nota ser\u00eda: \u201cDuarte, en paz con los Perros\u201d, pero estoy seguro que muchos la tomar\u00edan en doble sentido y se perder\u00eda la esencia de la informaci\u00f3n que es: \u201cLas autoridades o ciudadanos que atenten contra la vida animal ser\u00e1n sancionados con todo el rigor de la [&hellip;]\" \/>\n<meta property=\"og:url\" content=\"https:\/\/lospoliticosveracruz.com\/?p=12778\" \/>\n<meta property=\"og:site_name\" content=\"Los pol\u00edticos Veracruz\" \/>\n<meta property=\"article:publisher\" content=\"https:\/\/www.facebook.com\/people\/Notimemes-de-los-Polticos\/61565672886568\/\" \/>\n<meta property=\"article:published_time\" content=\"2014-10-17T04:59:46+00:00\" \/>\n<meta property=\"og:image\" content=\"https:\/\/lospoliticosveracruz.com\/wp-content\/uploads\/2016\/07\/Logo-Dor.jpg\" \/>\n\t<meta property=\"og:image:width\" content=\"200\" \/>\n\t<meta property=\"og:image:height\" content=\"200\" \/>\n\t<meta property=\"og:image:type\" content=\"image\/jpeg\" \/>\n<meta name=\"author\" content=\"Lo viste en Los Pol\u00edticos\" \/>\n<meta name=\"twitter:card\" content=\"summary_large_image\" \/>\n<meta name=\"twitter:creator\" content=\"@LosPoliticosVer\" \/>\n<meta name=\"twitter:site\" content=\"@LosPoliticosVer\" \/>\n<meta name=\"twitter:label1\" content=\"Escrito por\" \/>\n\t<meta name=\"twitter:data1\" content=\"Lo viste en Los Pol\u00edticos\" \/>\n\t<meta name=\"twitter:label2\" content=\"Tiempo de lectura\" \/>\n\t<meta name=\"twitter:data2\" content=\"5 minutos\" \/>\n<script type=\"application\/ld+json\" class=\"yoast-schema-graph\">{\"@context\":\"https:\\\/\\\/schema.org\",\"@graph\":[{\"@type\":\"Article\",\"@id\":\"https:\\\/\\\/lospoliticosveracruz.com\\\/?p=12778#article\",\"isPartOf\":{\"@id\":\"https:\\\/\\\/lospoliticosveracruz.com\\\/?p=12778\"},\"author\":{\"name\":\"Lo viste en Los Pol\u00edticos\",\"@id\":\"https:\\\/\\\/lospoliticosveracruz.com\\\/#\\\/schema\\\/person\\\/b8702bb0e538456e6efd07080bf2a4a2\"},\"headline\":\"Perredadas\",\"datePublished\":\"2014-10-17T04:59:46+00:00\",\"mainEntityOfPage\":{\"@id\":\"https:\\\/\\\/lospoliticosveracruz.com\\\/?p=12778\"},\"wordCount\":1053,\"commentCount\":0,\"publisher\":{\"@id\":\"https:\\\/\\\/lospoliticosveracruz.com\\\/#organization\"},\"keywords\":[\"Erick Lagos\",\"Javier Duarte\",\"perros\",\"Salud\"],\"articleSection\":[\"De Opini\u00f3n\"],\"inLanguage\":\"es\",\"potentialAction\":[{\"@type\":\"CommentAction\",\"name\":\"Comment\",\"target\":[\"https:\\\/\\\/lospoliticosveracruz.com\\\/?p=12778#respond\"]}]},{\"@type\":\"WebPage\",\"@id\":\"https:\\\/\\\/lospoliticosveracruz.com\\\/?p=12778\",\"url\":\"https:\\\/\\\/lospoliticosveracruz.com\\\/?p=12778\",\"name\":\"Perredadas - Los pol\u00edticos Veracruz\",\"isPartOf\":{\"@id\":\"https:\\\/\\\/lospoliticosveracruz.com\\\/#website\"},\"datePublished\":\"2014-10-17T04:59:46+00:00\",\"breadcrumb\":{\"@id\":\"https:\\\/\\\/lospoliticosveracruz.com\\\/?p=12778#breadcrumb\"},\"inLanguage\":\"es\",\"potentialAction\":[{\"@type\":\"ReadAction\",\"target\":[\"https:\\\/\\\/lospoliticosveracruz.com\\\/?p=12778\"]}]},{\"@type\":\"BreadcrumbList\",\"@id\":\"https:\\\/\\\/lospoliticosveracruz.com\\\/?p=12778#breadcrumb\",\"itemListElement\":[{\"@type\":\"ListItem\",\"position\":1,\"name\":\"Portada\",\"item\":\"https:\\\/\\\/lospoliticosveracruz.com\\\/\"},{\"@type\":\"ListItem\",\"position\":2,\"name\":\"Perredadas\"}]},{\"@type\":\"WebSite\",\"@id\":\"https:\\\/\\\/lospoliticosveracruz.com\\\/#website\",\"url\":\"https:\\\/\\\/lospoliticosveracruz.com\\\/\",\"name\":\"Los pol\u00edticos Veracruz\",\"description\":\"\",\"publisher\":{\"@id\":\"https:\\\/\\\/lospoliticosveracruz.com\\\/#organization\"},\"potentialAction\":[{\"@type\":\"SearchAction\",\"target\":{\"@type\":\"EntryPoint\",\"urlTemplate\":\"https:\\\/\\\/lospoliticosveracruz.com\\\/?s={search_term_string}\"},\"query-input\":{\"@type\":\"PropertyValueSpecification\",\"valueRequired\":true,\"valueName\":\"search_term_string\"}}],\"inLanguage\":\"es\"},{\"@type\":\"Organization\",\"@id\":\"https:\\\/\\\/lospoliticosveracruz.com\\\/#organization\",\"name\":\"Los pol\u00edticos Veracruz\",\"url\":\"https:\\\/\\\/lospoliticosveracruz.com\\\/\",\"logo\":{\"@type\":\"ImageObject\",\"inLanguage\":\"es\",\"@id\":\"https:\\\/\\\/lospoliticosveracruz.com\\\/#\\\/schema\\\/logo\\\/image\\\/\",\"url\":\"https:\\\/\\\/lospoliticosveracruz.com\\\/wp-content\\\/uploads\\\/2025\\\/12\\\/Logo-Nuevo-LOS-POLITICOS-1.jpg\",\"contentUrl\":\"https:\\\/\\\/lospoliticosveracruz.com\\\/wp-content\\\/uploads\\\/2025\\\/12\\\/Logo-Nuevo-LOS-POLITICOS-1.jpg\",\"width\":260,\"height\":70,\"caption\":\"Los pol\u00edticos Veracruz\"},\"image\":{\"@id\":\"https:\\\/\\\/lospoliticosveracruz.com\\\/#\\\/schema\\\/logo\\\/image\\\/\"},\"sameAs\":[\"https:\\\/\\\/www.facebook.com\\\/people\\\/Notimemes-de-los-Polticos\\\/61565672886568\\\/\",\"https:\\\/\\\/x.com\\\/LosPoliticosVer\"]},{\"@type\":\"Person\",\"@id\":\"https:\\\/\\\/lospoliticosveracruz.com\\\/#\\\/schema\\\/person\\\/b8702bb0e538456e6efd07080bf2a4a2\",\"name\":\"Lo viste en Los Pol\u00edticos\",\"image\":{\"@type\":\"ImageObject\",\"inLanguage\":\"es\",\"@id\":\"https:\\\/\\\/secure.gravatar.com\\\/avatar\\\/3a8de04a2656d44082be478bd6c086daa447c4651605818287b9532d3d0bd435?s=96&d=mm&r=g\",\"url\":\"https:\\\/\\\/secure.gravatar.com\\\/avatar\\\/3a8de04a2656d44082be478bd6c086daa447c4651605818287b9532d3d0bd435?s=96&d=mm&r=g\",\"contentUrl\":\"https:\\\/\\\/secure.gravatar.com\\\/avatar\\\/3a8de04a2656d44082be478bd6c086daa447c4651605818287b9532d3d0bd435?s=96&d=mm&r=g\",\"caption\":\"Lo viste en Los Pol\u00edticos\"},\"url\":\"https:\\\/\\\/lospoliticosveracruz.com\\\/?author=2\"}]}<\/script>\n<!-- \/ Yoast SEO plugin. -->","yoast_head_json":{"title":"Perredadas - Los pol\u00edticos Veracruz","robots":{"index":"index","follow":"follow","max-snippet":"max-snippet:-1","max-image-preview":"max-image-preview:large","max-video-preview":"max-video-preview:-1"},"canonical":"https:\/\/lospoliticosveracruz.com\/?p=12778","og_locale":"es_ES","og_type":"article","og_title":"Perredadas - Los pol\u00edticos Veracruz","og_description":"Salvador Mu\u00f1oz Los Pol\u00edticos\u00a0 &nbsp; El titular de la nota ser\u00eda: \u201cDuarte, en paz con los Perros\u201d, pero estoy seguro que muchos la tomar\u00edan en doble sentido y se perder\u00eda la esencia de la informaci\u00f3n que es: \u201cLas autoridades o ciudadanos que atenten contra la vida animal ser\u00e1n sancionados con todo el rigor de la [&hellip;]","og_url":"https:\/\/lospoliticosveracruz.com\/?p=12778","og_site_name":"Los pol\u00edticos Veracruz","article_publisher":"https:\/\/www.facebook.com\/people\/Notimemes-de-los-Polticos\/61565672886568\/","article_published_time":"2014-10-17T04:59:46+00:00","og_image":[{"width":200,"height":200,"url":"https:\/\/lospoliticosveracruz.com\/wp-content\/uploads\/2016\/07\/Logo-Dor.jpg","type":"image\/jpeg"}],"author":"Lo viste en Los Pol\u00edticos","twitter_card":"summary_large_image","twitter_creator":"@LosPoliticosVer","twitter_site":"@LosPoliticosVer","twitter_misc":{"Escrito por":"Lo viste en Los Pol\u00edticos","Tiempo de lectura":"5 minutos"},"schema":{"@context":"https:\/\/schema.org","@graph":[{"@type":"Article","@id":"https:\/\/lospoliticosveracruz.com\/?p=12778#article","isPartOf":{"@id":"https:\/\/lospoliticosveracruz.com\/?p=12778"},"author":{"name":"Lo viste en Los Pol\u00edticos","@id":"https:\/\/lospoliticosveracruz.com\/#\/schema\/person\/b8702bb0e538456e6efd07080bf2a4a2"},"headline":"Perredadas","datePublished":"2014-10-17T04:59:46+00:00","mainEntityOfPage":{"@id":"https:\/\/lospoliticosveracruz.com\/?p=12778"},"wordCount":1053,"commentCount":0,"publisher":{"@id":"https:\/\/lospoliticosveracruz.com\/#organization"},"keywords":["Erick Lagos","Javier Duarte","perros","Salud"],"articleSection":["De Opini\u00f3n"],"inLanguage":"es","potentialAction":[{"@type":"CommentAction","name":"Comment","target":["https:\/\/lospoliticosveracruz.com\/?p=12778#respond"]}]},{"@type":"WebPage","@id":"https:\/\/lospoliticosveracruz.com\/?p=12778","url":"https:\/\/lospoliticosveracruz.com\/?p=12778","name":"Perredadas - Los pol\u00edticos Veracruz","isPartOf":{"@id":"https:\/\/lospoliticosveracruz.com\/#website"},"datePublished":"2014-10-17T04:59:46+00:00","breadcrumb":{"@id":"https:\/\/lospoliticosveracruz.com\/?p=12778#breadcrumb"},"inLanguage":"es","potentialAction":[{"@type":"ReadAction","target":["https:\/\/lospoliticosveracruz.com\/?p=12778"]}]},{"@type":"BreadcrumbList","@id":"https:\/\/lospoliticosveracruz.com\/?p=12778#breadcrumb","itemListElement":[{"@type":"ListItem","position":1,"name":"Portada","item":"https:\/\/lospoliticosveracruz.com\/"},{"@type":"ListItem","position":2,"name":"Perredadas"}]},{"@type":"WebSite","@id":"https:\/\/lospoliticosveracruz.com\/#website","url":"https:\/\/lospoliticosveracruz.com\/","name":"Los pol\u00edticos Veracruz","description":"","publisher":{"@id":"https:\/\/lospoliticosveracruz.com\/#organization"},"potentialAction":[{"@type":"SearchAction","target":{"@type":"EntryPoint","urlTemplate":"https:\/\/lospoliticosveracruz.com\/?s={search_term_string}"},"query-input":{"@type":"PropertyValueSpecification","valueRequired":true,"valueName":"search_term_string"}}],"inLanguage":"es"},{"@type":"Organization","@id":"https:\/\/lospoliticosveracruz.com\/#organization","name":"Los pol\u00edticos Veracruz","url":"https:\/\/lospoliticosveracruz.com\/","logo":{"@type":"ImageObject","inLanguage":"es","@id":"https:\/\/lospoliticosveracruz.com\/#\/schema\/logo\/image\/","url":"https:\/\/lospoliticosveracruz.com\/wp-content\/uploads\/2025\/12\/Logo-Nuevo-LOS-POLITICOS-1.jpg","contentUrl":"https:\/\/lospoliticosveracruz.com\/wp-content\/uploads\/2025\/12\/Logo-Nuevo-LOS-POLITICOS-1.jpg","width":260,"height":70,"caption":"Los pol\u00edticos Veracruz"},"image":{"@id":"https:\/\/lospoliticosveracruz.com\/#\/schema\/logo\/image\/"},"sameAs":["https:\/\/www.facebook.com\/people\/Notimemes-de-los-Polticos\/61565672886568\/","https:\/\/x.com\/LosPoliticosVer"]},{"@type":"Person","@id":"https:\/\/lospoliticosveracruz.com\/#\/schema\/person\/b8702bb0e538456e6efd07080bf2a4a2","name":"Lo viste en Los Pol\u00edticos","image":{"@type":"ImageObject","inLanguage":"es","@id":"https:\/\/secure.gravatar.com\/avatar\/3a8de04a2656d44082be478bd6c086daa447c4651605818287b9532d3d0bd435?s=96&d=mm&r=g","url":"https:\/\/secure.gravatar.com\/avatar\/3a8de04a2656d44082be478bd6c086daa447c4651605818287b9532d3d0bd435?s=96&d=mm&r=g","contentUrl":"https:\/\/secure.gravatar.com\/avatar\/3a8de04a2656d44082be478bd6c086daa447c4651605818287b9532d3d0bd435?s=96&d=mm&r=g","caption":"Lo viste en Los Pol\u00edticos"},"url":"https:\/\/lospoliticosveracruz.com\/?author=2"}]}},"_links":{"self":[{"href":"https:\/\/lospoliticosveracruz.com\/index.php?rest_route=\/wp\/v2\/posts\/12778","targetHints":{"allow":["GET"]}}],"collection":[{"href":"https:\/\/lospoliticosveracruz.com\/index.php?rest_route=\/wp\/v2\/posts"}],"about":[{"href":"https:\/\/lospoliticosveracruz.com\/index.php?rest_route=\/wp\/v2\/types\/post"}],"author":[{"embeddable":true,"href":"https:\/\/lospoliticosveracruz.com\/index.php?rest_route=\/wp\/v2\/users\/2"}],"replies":[{"embeddable":true,"href":"https:\/\/lospoliticosveracruz.com\/index.php?rest_route=%2Fwp%2Fv2%2Fcomments&post=12778"}],"version-history":[{"count":1,"href":"https:\/\/lospoliticosveracruz.com\/index.php?rest_route=\/wp\/v2\/posts\/12778\/revisions"}],"predecessor-version":[{"id":12780,"href":"https:\/\/lospoliticosveracruz.com\/index.php?rest_route=\/wp\/v2\/posts\/12778\/revisions\/12780"}],"wp:attachment":[{"href":"https:\/\/lospoliticosveracruz.com\/index.php?rest_route=%2Fwp%2Fv2%2Fmedia&parent=12778"}],"wp:term":[{"taxonomy":"category","embeddable":true,"href":"https:\/\/lospoliticosveracruz.com\/index.php?rest_route=%2Fwp%2Fv2%2Fcategories&post=12778"},{"taxonomy":"post_tag","embeddable":true,"href":"https:\/\/lospoliticosveracruz.com\/index.php?rest_route=%2Fwp%2Fv2%2Ftags&post=12778"}],"curies":[{"name":"wp","href":"https:\/\/api.w.org\/{rel}","templated":true}]}}