{"id":127788,"date":"2024-07-23T13:38:31","date_gmt":"2024-07-23T18:38:31","guid":{"rendered":"https:\/\/lospoliticosveracruz.com.mx\/?p=127788"},"modified":"2024-07-23T13:38:44","modified_gmt":"2024-07-23T18:38:44","slug":"cuando-desperte-ariana-ya-no-estaba","status":"publish","type":"post","link":"https:\/\/lospoliticosveracruz.com\/?p=127788","title":{"rendered":"CUANDO DESPERT\u00c9, ARIANA YA NO ESTABA!"},"content":{"rendered":"\n<p><\/p>\n\n\n\n<p><strong>Karla M\u00e9ndez<\/strong><br><em>Xalapa<\/em><br>Familiares de Ariana Guti\u00e9rrez Le\u00f3n, una joven estudiante de preparatoria, reportaron que la joven desapareci\u00f3 desde el pasado 20 de julio en la localidad de Chichicaxtle, municipio de Puente Nacional.<\/p>\n\n\n\n<p>Este 23 de julio es el cumplea\u00f1os n\u00famero 18 de Ariana, sin embargo, en lugar de realizar los preparativos para su celebraci\u00f3n, su familia comparte su fotograf\u00eda con la leyenda de \u201cse busca\u201d.<\/p>\n\n\n\n<p>Elizabeth Le\u00f3n Garc\u00eda y Rodolfo Octavio Guti\u00e9rrez, padres de la joven, pidieron a la ciudadan\u00eda apoyo para dar con su paradero luego de que desde la ma\u00f1ana del s\u00e1bado 20 de julio no fuera hallada en su domicilio.<\/p>\n\n\n\n<p>\u201cYo solo tuve contacto con ella el viernes, nos acostamos y ya al despertar, yo despert\u00e9 y cuando yo despert\u00e9, ella ya no estaba\u201d, explic\u00f3 Elizabeth Le\u00f3n Garc\u00eda.<\/p>\n\n\n\n<p>De acuerdo con los familiares la ma\u00f1ana del s\u00e1bado intentaron localizarla con familiares y amigos, pero no tuvieron respuesta, por ello el domingo 21 de julio acudieron ante las autoridades para presentar la denuncia de su desaparici\u00f3n.<\/p>\n\n\n\n<p>Explicaron que fueron remitidos ante la Fiscal\u00eda Especializada en Desaparici\u00f3n de Personas, en la ciudad de Veracruz, mismas que hasta el lunes 22 de julio aplic\u00f3 el Protocolo Alba, el cual es un proceso para la atenci\u00f3n, reacci\u00f3n y coordinaci\u00f3n cuando existe el extrav\u00edo de mujeres y ni\u00f1as.<\/p>\n\n\n\n<p>\u201cPara empezar realmente, lo que queremos saber si est\u00e1 viva porque desconocemos desde ese momento algo de ella, para ver d\u00f3nde est\u00e1, con qui\u00e9n est\u00e1, lo que queremos saber realmente es si est\u00e1 viva\u201d, pidi\u00f3 el padre.<\/p>\n\n\n\n<p>Ariana tiene una estatura de 1.73 metros, pesa 64 kilos, piel morena clara, ella usa bracket, cabello negro lacio a la altura de los hombros, ojos medianos, un lunar tipo mancha del lado derecho entre o\u00eddo y mejilla, la nariz recta y adem\u00e1s de eso tiene un lunar de bolita del lado derecho de la nariz.<\/p>\n\n\n\n<p>\u201cVest\u00eda con un pantal\u00f3n negro, botas blancas y de plataforma, y no encontr\u00e9 un vestido rosado de manga, es lo que yo hasta ahorita he notado y sus documentos se llev\u00f3. El aparato celular se qued\u00f3 aqu\u00ed con nosotros, no tenemos manera de comunicarnos\u201d, a\u00f1adi\u00f3 la madre.<\/p>\n","protected":false},"excerpt":{"rendered":"<p>Karla M\u00e9ndezXalapaFamiliares de Ariana Guti\u00e9rrez Le\u00f3n, una joven estudiante de preparatoria, reportaron que la joven desapareci\u00f3 desde el pasado 20 de julio en la localidad de Chichicaxtle, municipio de Puente Nacional. Este 23 de julio es el cumplea\u00f1os n\u00famero 18 de Ariana, sin embargo, en lugar de realizar los preparativos para su celebraci\u00f3n, su familia [&hellip;]<\/p>\n","protected":false},"author":2,"featured_media":0,"comment_status":"closed","ping_status":"closed","sticky":false,"template":"","format":"standard","meta":{"tdm_status":"","tdm_grid_status":"","footnotes":""},"categories":[6446],"tags":[],"class_list":{"0":"post-127788","1":"post","2":"type-post","3":"status-publish","4":"format-standard","6":"category-la-nota"},"yoast_head":"<!-- This site is optimized with the Yoast SEO plugin v27.4 - https:\/\/yoast.com\/product\/yoast-seo-wordpress\/ -->\n<title>CUANDO DESPERT\u00c9, ARIANA YA NO ESTABA! - Los pol\u00edticos Veracruz<\/title>\n<meta name=\"robots\" content=\"index, follow, max-snippet:-1, max-image-preview:large, max-video-preview:-1\" \/>\n<link rel=\"canonical\" href=\"https:\/\/lospoliticosveracruz.com\/?p=127788\" \/>\n<meta property=\"og:locale\" content=\"es_ES\" \/>\n<meta property=\"og:type\" content=\"article\" \/>\n<meta property=\"og:title\" content=\"CUANDO DESPERT\u00c9, ARIANA YA NO ESTABA! - Los pol\u00edticos Veracruz\" \/>\n<meta property=\"og:description\" content=\"Karla M\u00e9ndezXalapaFamiliares de Ariana Guti\u00e9rrez Le\u00f3n, una joven estudiante de preparatoria, reportaron que la joven desapareci\u00f3 desde el pasado 20 de julio en la localidad de Chichicaxtle, municipio de Puente Nacional. Este 23 de julio es el cumplea\u00f1os n\u00famero 18 de Ariana, sin embargo, en lugar de realizar los preparativos para su celebraci\u00f3n, su familia [&hellip;]\" \/>\n<meta property=\"og:url\" content=\"https:\/\/lospoliticosveracruz.com\/?p=127788\" \/>\n<meta property=\"og:site_name\" content=\"Los pol\u00edticos Veracruz\" \/>\n<meta property=\"article:publisher\" content=\"https:\/\/www.facebook.com\/people\/Notimemes-de-los-Polticos\/61565672886568\/\" \/>\n<meta property=\"article:published_time\" content=\"2024-07-23T18:38:31+00:00\" \/>\n<meta property=\"article:modified_time\" content=\"2024-07-23T18:38:44+00:00\" \/>\n<meta property=\"og:image\" content=\"https:\/\/lospoliticosveracruz.com\/wp-content\/uploads\/2016\/07\/Logo-Dor.jpg\" \/>\n\t<meta property=\"og:image:width\" content=\"200\" \/>\n\t<meta property=\"og:image:height\" content=\"200\" \/>\n\t<meta property=\"og:image:type\" content=\"image\/jpeg\" \/>\n<meta name=\"author\" content=\"Lo viste en Los Pol\u00edticos\" \/>\n<meta name=\"twitter:card\" content=\"summary_large_image\" \/>\n<meta name=\"twitter:creator\" content=\"@LosPoliticosVer\" \/>\n<meta name=\"twitter:site\" content=\"@LosPoliticosVer\" \/>\n<meta name=\"twitter:label1\" content=\"Escrito por\" \/>\n\t<meta name=\"twitter:data1\" content=\"Lo viste en Los Pol\u00edticos\" \/>\n\t<meta name=\"twitter:label2\" content=\"Tiempo de lectura\" \/>\n\t<meta name=\"twitter:data2\" content=\"2 minutos\" \/>\n<script type=\"application\/ld+json\" class=\"yoast-schema-graph\">{\"@context\":\"https:\\\/\\\/schema.org\",\"@graph\":[{\"@type\":\"Article\",\"@id\":\"https:\\\/\\\/lospoliticosveracruz.com\\\/?p=127788#article\",\"isPartOf\":{\"@id\":\"https:\\\/\\\/lospoliticosveracruz.com\\\/?p=127788\"},\"author\":{\"name\":\"Lo viste en Los Pol\u00edticos\",\"@id\":\"https:\\\/\\\/lospoliticosveracruz.com\\\/#\\\/schema\\\/person\\\/b8702bb0e538456e6efd07080bf2a4a2\"},\"headline\":\"CUANDO DESPERT\u00c9, ARIANA YA NO ESTABA!\",\"datePublished\":\"2024-07-23T18:38:31+00:00\",\"dateModified\":\"2024-07-23T18:38:44+00:00\",\"mainEntityOfPage\":{\"@id\":\"https:\\\/\\\/lospoliticosveracruz.com\\\/?p=127788\"},\"wordCount\":387,\"publisher\":{\"@id\":\"https:\\\/\\\/lospoliticosveracruz.com\\\/#organization\"},\"articleSection\":[\"La Nota\"],\"inLanguage\":\"es\"},{\"@type\":\"WebPage\",\"@id\":\"https:\\\/\\\/lospoliticosveracruz.com\\\/?p=127788\",\"url\":\"https:\\\/\\\/lospoliticosveracruz.com\\\/?p=127788\",\"name\":\"CUANDO DESPERT\u00c9, ARIANA YA NO ESTABA! - Los pol\u00edticos Veracruz\",\"isPartOf\":{\"@id\":\"https:\\\/\\\/lospoliticosveracruz.com\\\/#website\"},\"datePublished\":\"2024-07-23T18:38:31+00:00\",\"dateModified\":\"2024-07-23T18:38:44+00:00\",\"breadcrumb\":{\"@id\":\"https:\\\/\\\/lospoliticosveracruz.com\\\/?p=127788#breadcrumb\"},\"inLanguage\":\"es\",\"potentialAction\":[{\"@type\":\"ReadAction\",\"target\":[\"https:\\\/\\\/lospoliticosveracruz.com\\\/?p=127788\"]}]},{\"@type\":\"BreadcrumbList\",\"@id\":\"https:\\\/\\\/lospoliticosveracruz.com\\\/?p=127788#breadcrumb\",\"itemListElement\":[{\"@type\":\"ListItem\",\"position\":1,\"name\":\"Portada\",\"item\":\"https:\\\/\\\/lospoliticosveracruz.com\\\/\"},{\"@type\":\"ListItem\",\"position\":2,\"name\":\"CUANDO DESPERT\u00c9, ARIANA YA NO ESTABA!\"}]},{\"@type\":\"WebSite\",\"@id\":\"https:\\\/\\\/lospoliticosveracruz.com\\\/#website\",\"url\":\"https:\\\/\\\/lospoliticosveracruz.com\\\/\",\"name\":\"Los pol\u00edticos Veracruz\",\"description\":\"\",\"publisher\":{\"@id\":\"https:\\\/\\\/lospoliticosveracruz.com\\\/#organization\"},\"potentialAction\":[{\"@type\":\"SearchAction\",\"target\":{\"@type\":\"EntryPoint\",\"urlTemplate\":\"https:\\\/\\\/lospoliticosveracruz.com\\\/?s={search_term_string}\"},\"query-input\":{\"@type\":\"PropertyValueSpecification\",\"valueRequired\":true,\"valueName\":\"search_term_string\"}}],\"inLanguage\":\"es\"},{\"@type\":\"Organization\",\"@id\":\"https:\\\/\\\/lospoliticosveracruz.com\\\/#organization\",\"name\":\"Los pol\u00edticos Veracruz\",\"url\":\"https:\\\/\\\/lospoliticosveracruz.com\\\/\",\"logo\":{\"@type\":\"ImageObject\",\"inLanguage\":\"es\",\"@id\":\"https:\\\/\\\/lospoliticosveracruz.com\\\/#\\\/schema\\\/logo\\\/image\\\/\",\"url\":\"https:\\\/\\\/lospoliticosveracruz.com\\\/wp-content\\\/uploads\\\/2025\\\/12\\\/Logo-Nuevo-LOS-POLITICOS-1.jpg\",\"contentUrl\":\"https:\\\/\\\/lospoliticosveracruz.com\\\/wp-content\\\/uploads\\\/2025\\\/12\\\/Logo-Nuevo-LOS-POLITICOS-1.jpg\",\"width\":260,\"height\":70,\"caption\":\"Los pol\u00edticos Veracruz\"},\"image\":{\"@id\":\"https:\\\/\\\/lospoliticosveracruz.com\\\/#\\\/schema\\\/logo\\\/image\\\/\"},\"sameAs\":[\"https:\\\/\\\/www.facebook.com\\\/people\\\/Notimemes-de-los-Polticos\\\/61565672886568\\\/\",\"https:\\\/\\\/x.com\\\/LosPoliticosVer\"]},{\"@type\":\"Person\",\"@id\":\"https:\\\/\\\/lospoliticosveracruz.com\\\/#\\\/schema\\\/person\\\/b8702bb0e538456e6efd07080bf2a4a2\",\"name\":\"Lo viste en Los Pol\u00edticos\",\"image\":{\"@type\":\"ImageObject\",\"inLanguage\":\"es\",\"@id\":\"https:\\\/\\\/secure.gravatar.com\\\/avatar\\\/3a8de04a2656d44082be478bd6c086daa447c4651605818287b9532d3d0bd435?s=96&d=mm&r=g\",\"url\":\"https:\\\/\\\/secure.gravatar.com\\\/avatar\\\/3a8de04a2656d44082be478bd6c086daa447c4651605818287b9532d3d0bd435?s=96&d=mm&r=g\",\"contentUrl\":\"https:\\\/\\\/secure.gravatar.com\\\/avatar\\\/3a8de04a2656d44082be478bd6c086daa447c4651605818287b9532d3d0bd435?s=96&d=mm&r=g\",\"caption\":\"Lo viste en Los Pol\u00edticos\"},\"url\":\"https:\\\/\\\/lospoliticosveracruz.com\\\/?author=2\"}]}<\/script>\n<!-- \/ Yoast SEO plugin. -->","yoast_head_json":{"title":"CUANDO DESPERT\u00c9, ARIANA YA NO ESTABA! - Los pol\u00edticos Veracruz","robots":{"index":"index","follow":"follow","max-snippet":"max-snippet:-1","max-image-preview":"max-image-preview:large","max-video-preview":"max-video-preview:-1"},"canonical":"https:\/\/lospoliticosveracruz.com\/?p=127788","og_locale":"es_ES","og_type":"article","og_title":"CUANDO DESPERT\u00c9, ARIANA YA NO ESTABA! - Los pol\u00edticos Veracruz","og_description":"Karla M\u00e9ndezXalapaFamiliares de Ariana Guti\u00e9rrez Le\u00f3n, una joven estudiante de preparatoria, reportaron que la joven desapareci\u00f3 desde el pasado 20 de julio en la localidad de Chichicaxtle, municipio de Puente Nacional. Este 23 de julio es el cumplea\u00f1os n\u00famero 18 de Ariana, sin embargo, en lugar de realizar los preparativos para su celebraci\u00f3n, su familia [&hellip;]","og_url":"https:\/\/lospoliticosveracruz.com\/?p=127788","og_site_name":"Los pol\u00edticos Veracruz","article_publisher":"https:\/\/www.facebook.com\/people\/Notimemes-de-los-Polticos\/61565672886568\/","article_published_time":"2024-07-23T18:38:31+00:00","article_modified_time":"2024-07-23T18:38:44+00:00","og_image":[{"width":200,"height":200,"url":"https:\/\/lospoliticosveracruz.com\/wp-content\/uploads\/2016\/07\/Logo-Dor.jpg","type":"image\/jpeg"}],"author":"Lo viste en Los Pol\u00edticos","twitter_card":"summary_large_image","twitter_creator":"@LosPoliticosVer","twitter_site":"@LosPoliticosVer","twitter_misc":{"Escrito por":"Lo viste en Los Pol\u00edticos","Tiempo de lectura":"2 minutos"},"schema":{"@context":"https:\/\/schema.org","@graph":[{"@type":"Article","@id":"https:\/\/lospoliticosveracruz.com\/?p=127788#article","isPartOf":{"@id":"https:\/\/lospoliticosveracruz.com\/?p=127788"},"author":{"name":"Lo viste en Los Pol\u00edticos","@id":"https:\/\/lospoliticosveracruz.com\/#\/schema\/person\/b8702bb0e538456e6efd07080bf2a4a2"},"headline":"CUANDO DESPERT\u00c9, ARIANA YA NO ESTABA!","datePublished":"2024-07-23T18:38:31+00:00","dateModified":"2024-07-23T18:38:44+00:00","mainEntityOfPage":{"@id":"https:\/\/lospoliticosveracruz.com\/?p=127788"},"wordCount":387,"publisher":{"@id":"https:\/\/lospoliticosveracruz.com\/#organization"},"articleSection":["La Nota"],"inLanguage":"es"},{"@type":"WebPage","@id":"https:\/\/lospoliticosveracruz.com\/?p=127788","url":"https:\/\/lospoliticosveracruz.com\/?p=127788","name":"CUANDO DESPERT\u00c9, ARIANA YA NO ESTABA! - Los pol\u00edticos Veracruz","isPartOf":{"@id":"https:\/\/lospoliticosveracruz.com\/#website"},"datePublished":"2024-07-23T18:38:31+00:00","dateModified":"2024-07-23T18:38:44+00:00","breadcrumb":{"@id":"https:\/\/lospoliticosveracruz.com\/?p=127788#breadcrumb"},"inLanguage":"es","potentialAction":[{"@type":"ReadAction","target":["https:\/\/lospoliticosveracruz.com\/?p=127788"]}]},{"@type":"BreadcrumbList","@id":"https:\/\/lospoliticosveracruz.com\/?p=127788#breadcrumb","itemListElement":[{"@type":"ListItem","position":1,"name":"Portada","item":"https:\/\/lospoliticosveracruz.com\/"},{"@type":"ListItem","position":2,"name":"CUANDO DESPERT\u00c9, ARIANA YA NO ESTABA!"}]},{"@type":"WebSite","@id":"https:\/\/lospoliticosveracruz.com\/#website","url":"https:\/\/lospoliticosveracruz.com\/","name":"Los pol\u00edticos Veracruz","description":"","publisher":{"@id":"https:\/\/lospoliticosveracruz.com\/#organization"},"potentialAction":[{"@type":"SearchAction","target":{"@type":"EntryPoint","urlTemplate":"https:\/\/lospoliticosveracruz.com\/?s={search_term_string}"},"query-input":{"@type":"PropertyValueSpecification","valueRequired":true,"valueName":"search_term_string"}}],"inLanguage":"es"},{"@type":"Organization","@id":"https:\/\/lospoliticosveracruz.com\/#organization","name":"Los pol\u00edticos Veracruz","url":"https:\/\/lospoliticosveracruz.com\/","logo":{"@type":"ImageObject","inLanguage":"es","@id":"https:\/\/lospoliticosveracruz.com\/#\/schema\/logo\/image\/","url":"https:\/\/lospoliticosveracruz.com\/wp-content\/uploads\/2025\/12\/Logo-Nuevo-LOS-POLITICOS-1.jpg","contentUrl":"https:\/\/lospoliticosveracruz.com\/wp-content\/uploads\/2025\/12\/Logo-Nuevo-LOS-POLITICOS-1.jpg","width":260,"height":70,"caption":"Los pol\u00edticos Veracruz"},"image":{"@id":"https:\/\/lospoliticosveracruz.com\/#\/schema\/logo\/image\/"},"sameAs":["https:\/\/www.facebook.com\/people\/Notimemes-de-los-Polticos\/61565672886568\/","https:\/\/x.com\/LosPoliticosVer"]},{"@type":"Person","@id":"https:\/\/lospoliticosveracruz.com\/#\/schema\/person\/b8702bb0e538456e6efd07080bf2a4a2","name":"Lo viste en Los Pol\u00edticos","image":{"@type":"ImageObject","inLanguage":"es","@id":"https:\/\/secure.gravatar.com\/avatar\/3a8de04a2656d44082be478bd6c086daa447c4651605818287b9532d3d0bd435?s=96&d=mm&r=g","url":"https:\/\/secure.gravatar.com\/avatar\/3a8de04a2656d44082be478bd6c086daa447c4651605818287b9532d3d0bd435?s=96&d=mm&r=g","contentUrl":"https:\/\/secure.gravatar.com\/avatar\/3a8de04a2656d44082be478bd6c086daa447c4651605818287b9532d3d0bd435?s=96&d=mm&r=g","caption":"Lo viste en Los Pol\u00edticos"},"url":"https:\/\/lospoliticosveracruz.com\/?author=2"}]}},"_links":{"self":[{"href":"https:\/\/lospoliticosveracruz.com\/index.php?rest_route=\/wp\/v2\/posts\/127788","targetHints":{"allow":["GET"]}}],"collection":[{"href":"https:\/\/lospoliticosveracruz.com\/index.php?rest_route=\/wp\/v2\/posts"}],"about":[{"href":"https:\/\/lospoliticosveracruz.com\/index.php?rest_route=\/wp\/v2\/types\/post"}],"author":[{"embeddable":true,"href":"https:\/\/lospoliticosveracruz.com\/index.php?rest_route=\/wp\/v2\/users\/2"}],"replies":[{"embeddable":true,"href":"https:\/\/lospoliticosveracruz.com\/index.php?rest_route=%2Fwp%2Fv2%2Fcomments&post=127788"}],"version-history":[{"count":1,"href":"https:\/\/lospoliticosveracruz.com\/index.php?rest_route=\/wp\/v2\/posts\/127788\/revisions"}],"predecessor-version":[{"id":127790,"href":"https:\/\/lospoliticosveracruz.com\/index.php?rest_route=\/wp\/v2\/posts\/127788\/revisions\/127790"}],"wp:attachment":[{"href":"https:\/\/lospoliticosveracruz.com\/index.php?rest_route=%2Fwp%2Fv2%2Fmedia&parent=127788"}],"wp:term":[{"taxonomy":"category","embeddable":true,"href":"https:\/\/lospoliticosveracruz.com\/index.php?rest_route=%2Fwp%2Fv2%2Fcategories&post=127788"},{"taxonomy":"post_tag","embeddable":true,"href":"https:\/\/lospoliticosveracruz.com\/index.php?rest_route=%2Fwp%2Fv2%2Ftags&post=127788"}],"curies":[{"name":"wp","href":"https:\/\/api.w.org\/{rel}","templated":true}]}}