{"id":12785,"date":"2014-10-18T11:15:48","date_gmt":"2014-10-18T16:15:48","guid":{"rendered":"http:\/\/www.lospoliticosveracruz.com.mx\/?p=12785"},"modified":"2014-10-18T22:37:36","modified_gmt":"2014-10-19T03:37:36","slug":"el-destino-entre-nosotros","status":"publish","type":"post","link":"https:\/\/lospoliticosveracruz.com\/?p=12785","title":{"rendered":"El destino entre nosotros"},"content":{"rendered":"<p><a href=\"http:\/\/www.lospoliticosveracruz.com.mx\/wp-content\/uploads\/2014\/10\/IMG_1598.jpg\"><img decoding=\"async\" src=\"http:\/\/www.lospoliticosveracruz.com.mx\/wp-content\/uploads\/2014\/10\/IMG_1598.jpg\" alt=\"IMG_1598.JPG\" class=\"alignnone size-full\" \/><\/a><\/p>\n<p>Ernesto Viveros<br \/>\nEl Ojo Ilustrado<\/p>\n<p>Independientemente de si ya hay enfermos de \u00c9bola en territorio mexicano, lo cual no se ha confirmado oficialmente, se da por sentado que la enfermedad se presentar\u00e1 pr\u00f3ximamente entre nosotros.<\/p>\n<p>La dolorosa experiencia de la Influenza, durante los a\u00f1os de 2009 y 2010, seguramente ha dejado precedentes operativos para las instituciones mexicanas de salud y seguridad. La poblaci\u00f3n coopera en estos casos y acepta medidas dr\u00e1sticas como el cierre de lugares de alta concentraci\u00f3n de personas como escuelas, centros de trabajo, zonas tur\u00edsticas y restauranteras, etc.<\/p>\n<p>Los costos fueron enormes: m\u00e1s de 100 muertos, cientos  de hospitalizados, 4 mil millones de d\u00f3lares en costos y afectaciones, empleos cerrados, una sociedad que lucha contra el p\u00e1nico\u2026 en suma, el 0.7% del PIB nacional perdido.<\/p>\n<p>Hoy, el Banco Mundial estima que  la afectaci\u00f3n africana del \u00c9bola costar\u00e1 32 mil millones de d\u00f3lares en 2015 y ello solamente si se evita la expansi\u00f3n desde Sierra Leona, Guinea Conakry y Liberia; pa\u00edses donde el impacto de la enfermedad tiene alcances de crisis humanitaria, primordialmente entre la gente m\u00e1s pobre.<\/p>\n<p>\u201cLas se\u00f1ales estaban ah\u00ed, pero el sistema ha sido incapaz de analizarlas y de reaccionar\u201d, expres\u00f3 el presidente del Banco Mundial, Jim Yong Kim. \u00bfCu\u00e1les son esas fallas? La incomprensi\u00f3n del riesgo para la econom\u00eda global de una enfermedad como esta y la resultante falta de solidaridad y cooperaci\u00f3n internacional.<\/p>\n<p>El \u00c9bola es una enfermedad detectada hace d\u00e9cadas y que no tiene cura hasta la fecha por el desinter\u00e9s de los grandes organismos de salud y laboratorios mundiales. Apenas ahora que amenaza a Europa y Estados Unidos se aceleran estos esfuerzos.<br \/>\nLos sistemas de salud no est\u00e1n preparados para ella como nos han presentado las noticias de los meses recientes mientras la sociedad, temerosa, espera desconfiada.<br \/>\nRecordemos que en M\u00e9xico, por ejemplo, se repartieron 6 millones de tapabocas hospitalarios en la Ciudad de M\u00e9xico aunque ello no impedir\u00eda el contagio de Influenza o bien la Secretar\u00eda de Salud federal permiti\u00f3 la perdida de millones de antivirales, comprados en el extranjero, que no se aplicaron a la poblaci\u00f3n.<br \/>\nLo m\u00e1s grave, sin embargo, tanto en el 2009 como ahora, es la continuidad del deterioro de los sistemas gubernamentales de salud y su creciente desvinculaci\u00f3n de la poblaci\u00f3n. Las pol\u00edticas de cambio estructural y los ajustes derivados de ellas  han mermado la capacidad operativa de dichas instituciones ante retos de esta magnitud. Lo vimos en 2009 y lo veremos ahora tambi\u00e9n.<br \/>\nComo se vi\u00f3 entonces, M\u00e9xico no tiene capacidad de desarrollar sus propias vacunas porque hace d\u00e9cadas que el gobierno desmantel\u00f3 los laboratorios que podr\u00edan hacerlo. Hoy sucede lo mismo. Como la Influenza nos ense\u00f1\u00f3, no basta con atender pacientes en las cl\u00ednicas, se necesitan enfermeras de campo, trabajadoras sociales, m\u00e9dicos capacitados, archivos confiables para atacar el reto de pandemias de este tipo.<br \/>\nEl problema no es el \u00e9bola, la influenza o cualquier otra enfermedad, sino las limitaciones, plenamente tercermundistas, de nuestros sistemas de salud dispuestas por un ajuste estructural neoliberal, el fracaso operativo de nuestras \u00e9lites pol\u00edticas y su desprecio hacia la poblaci\u00f3n en general.<br \/>\nEs probable que la cat\u00e1strofe  sea evitada nuevamente aunque sus se\u00f1ales siguen tercamente entre nosotros.<br \/>\nAs\u00ed como en estos d\u00edas miles de prestadores de servicios en Canc\u00fan lamentan que no se haya permitido el arribo de un crucero tur\u00edstico a su ciudad, los costos de la segunda crisis sanitaria del siglo XXI en M\u00e9xico ser\u00e1n asumidos por los mexicanos.<\/p>\n","protected":false},"excerpt":{"rendered":"<p>Ernesto Viveros El Ojo Ilustrado Independientemente de si ya hay enfermos de \u00c9bola en territorio mexicano, lo cual no se ha confirmado oficialmente, se da por sentado que la enfermedad se presentar\u00e1 pr\u00f3ximamente entre nosotros. La dolorosa experiencia de la Influenza, durante los a\u00f1os de 2009 y 2010, seguramente ha dejado precedentes operativos para las [&hellip;]<\/p>\n","protected":false},"author":2,"featured_media":0,"comment_status":"open","ping_status":"open","sticky":false,"template":"","format":"standard","meta":{"tdm_status":"","tdm_grid_status":"","footnotes":""},"categories":[70],"tags":[413,395],"class_list":{"0":"post-12785","1":"post","2":"type-post","3":"status-publish","4":"format-standard","6":"category-de-opinion","7":"tag-ebola","8":"tag-mexico"},"yoast_head":"<!-- This site is optimized with the Yoast SEO plugin v27.4 - https:\/\/yoast.com\/product\/yoast-seo-wordpress\/ -->\n<title>El destino entre nosotros - Los pol\u00edticos Veracruz<\/title>\n<meta name=\"robots\" content=\"index, follow, max-snippet:-1, max-image-preview:large, max-video-preview:-1\" \/>\n<link rel=\"canonical\" href=\"https:\/\/lospoliticosveracruz.com\/?p=12785\" \/>\n<meta property=\"og:locale\" content=\"es_ES\" \/>\n<meta property=\"og:type\" content=\"article\" \/>\n<meta property=\"og:title\" content=\"El destino entre nosotros - Los pol\u00edticos Veracruz\" \/>\n<meta property=\"og:description\" content=\"Ernesto Viveros El Ojo Ilustrado Independientemente de si ya hay enfermos de \u00c9bola en territorio mexicano, lo cual no se ha confirmado oficialmente, se da por sentado que la enfermedad se presentar\u00e1 pr\u00f3ximamente entre nosotros. La dolorosa experiencia de la Influenza, durante los a\u00f1os de 2009 y 2010, seguramente ha dejado precedentes operativos para las [&hellip;]\" \/>\n<meta property=\"og:url\" content=\"https:\/\/lospoliticosveracruz.com\/?p=12785\" \/>\n<meta property=\"og:site_name\" content=\"Los pol\u00edticos Veracruz\" \/>\n<meta property=\"article:publisher\" content=\"https:\/\/www.facebook.com\/people\/Notimemes-de-los-Polticos\/61565672886568\/\" \/>\n<meta property=\"article:published_time\" content=\"2014-10-18T16:15:48+00:00\" \/>\n<meta property=\"article:modified_time\" content=\"2014-10-19T03:37:36+00:00\" \/>\n<meta property=\"og:image\" content=\"http:\/\/www.lospoliticosveracruz.com.mx\/wp-content\/uploads\/2014\/10\/IMG_1598.jpg\" \/>\n<meta name=\"author\" content=\"Lo viste en Los Pol\u00edticos\" \/>\n<meta name=\"twitter:card\" content=\"summary_large_image\" \/>\n<meta name=\"twitter:creator\" content=\"@LosPoliticosVer\" \/>\n<meta name=\"twitter:site\" content=\"@LosPoliticosVer\" \/>\n<meta name=\"twitter:label1\" content=\"Escrito por\" \/>\n\t<meta name=\"twitter:data1\" content=\"Lo viste en Los Pol\u00edticos\" \/>\n\t<meta name=\"twitter:label2\" content=\"Tiempo de lectura\" \/>\n\t<meta name=\"twitter:data2\" content=\"3 minutos\" \/>\n<script type=\"application\/ld+json\" class=\"yoast-schema-graph\">{\"@context\":\"https:\\\/\\\/schema.org\",\"@graph\":[{\"@type\":\"Article\",\"@id\":\"https:\\\/\\\/lospoliticosveracruz.com\\\/?p=12785#article\",\"isPartOf\":{\"@id\":\"https:\\\/\\\/lospoliticosveracruz.com\\\/?p=12785\"},\"author\":{\"name\":\"Lo viste en Los Pol\u00edticos\",\"@id\":\"https:\\\/\\\/lospoliticosveracruz.com\\\/#\\\/schema\\\/person\\\/b8702bb0e538456e6efd07080bf2a4a2\"},\"headline\":\"El destino entre nosotros\",\"datePublished\":\"2014-10-18T16:15:48+00:00\",\"dateModified\":\"2014-10-19T03:37:36+00:00\",\"mainEntityOfPage\":{\"@id\":\"https:\\\/\\\/lospoliticosveracruz.com\\\/?p=12785\"},\"wordCount\":613,\"commentCount\":0,\"publisher\":{\"@id\":\"https:\\\/\\\/lospoliticosveracruz.com\\\/#organization\"},\"image\":{\"@id\":\"https:\\\/\\\/lospoliticosveracruz.com\\\/?p=12785#primaryimage\"},\"thumbnailUrl\":\"http:\\\/\\\/www.lospoliticosveracruz.com.mx\\\/wp-content\\\/uploads\\\/2014\\\/10\\\/IMG_1598.jpg\",\"keywords\":[\"\u00c9bola\",\"M\u00e9xico\"],\"articleSection\":[\"De Opini\u00f3n\"],\"inLanguage\":\"es\",\"potentialAction\":[{\"@type\":\"CommentAction\",\"name\":\"Comment\",\"target\":[\"https:\\\/\\\/lospoliticosveracruz.com\\\/?p=12785#respond\"]}]},{\"@type\":\"WebPage\",\"@id\":\"https:\\\/\\\/lospoliticosveracruz.com\\\/?p=12785\",\"url\":\"https:\\\/\\\/lospoliticosveracruz.com\\\/?p=12785\",\"name\":\"El destino entre nosotros - Los pol\u00edticos Veracruz\",\"isPartOf\":{\"@id\":\"https:\\\/\\\/lospoliticosveracruz.com\\\/#website\"},\"primaryImageOfPage\":{\"@id\":\"https:\\\/\\\/lospoliticosveracruz.com\\\/?p=12785#primaryimage\"},\"image\":{\"@id\":\"https:\\\/\\\/lospoliticosveracruz.com\\\/?p=12785#primaryimage\"},\"thumbnailUrl\":\"http:\\\/\\\/www.lospoliticosveracruz.com.mx\\\/wp-content\\\/uploads\\\/2014\\\/10\\\/IMG_1598.jpg\",\"datePublished\":\"2014-10-18T16:15:48+00:00\",\"dateModified\":\"2014-10-19T03:37:36+00:00\",\"breadcrumb\":{\"@id\":\"https:\\\/\\\/lospoliticosveracruz.com\\\/?p=12785#breadcrumb\"},\"inLanguage\":\"es\",\"potentialAction\":[{\"@type\":\"ReadAction\",\"target\":[\"https:\\\/\\\/lospoliticosveracruz.com\\\/?p=12785\"]}]},{\"@type\":\"ImageObject\",\"inLanguage\":\"es\",\"@id\":\"https:\\\/\\\/lospoliticosveracruz.com\\\/?p=12785#primaryimage\",\"url\":\"http:\\\/\\\/www.lospoliticosveracruz.com.mx\\\/wp-content\\\/uploads\\\/2014\\\/10\\\/IMG_1598.jpg\",\"contentUrl\":\"http:\\\/\\\/www.lospoliticosveracruz.com.mx\\\/wp-content\\\/uploads\\\/2014\\\/10\\\/IMG_1598.jpg\"},{\"@type\":\"BreadcrumbList\",\"@id\":\"https:\\\/\\\/lospoliticosveracruz.com\\\/?p=12785#breadcrumb\",\"itemListElement\":[{\"@type\":\"ListItem\",\"position\":1,\"name\":\"Portada\",\"item\":\"https:\\\/\\\/lospoliticosveracruz.com\\\/\"},{\"@type\":\"ListItem\",\"position\":2,\"name\":\"El destino entre nosotros\"}]},{\"@type\":\"WebSite\",\"@id\":\"https:\\\/\\\/lospoliticosveracruz.com\\\/#website\",\"url\":\"https:\\\/\\\/lospoliticosveracruz.com\\\/\",\"name\":\"Los pol\u00edticos Veracruz\",\"description\":\"\",\"publisher\":{\"@id\":\"https:\\\/\\\/lospoliticosveracruz.com\\\/#organization\"},\"potentialAction\":[{\"@type\":\"SearchAction\",\"target\":{\"@type\":\"EntryPoint\",\"urlTemplate\":\"https:\\\/\\\/lospoliticosveracruz.com\\\/?s={search_term_string}\"},\"query-input\":{\"@type\":\"PropertyValueSpecification\",\"valueRequired\":true,\"valueName\":\"search_term_string\"}}],\"inLanguage\":\"es\"},{\"@type\":\"Organization\",\"@id\":\"https:\\\/\\\/lospoliticosveracruz.com\\\/#organization\",\"name\":\"Los pol\u00edticos Veracruz\",\"url\":\"https:\\\/\\\/lospoliticosveracruz.com\\\/\",\"logo\":{\"@type\":\"ImageObject\",\"inLanguage\":\"es\",\"@id\":\"https:\\\/\\\/lospoliticosveracruz.com\\\/#\\\/schema\\\/logo\\\/image\\\/\",\"url\":\"https:\\\/\\\/lospoliticosveracruz.com\\\/wp-content\\\/uploads\\\/2025\\\/12\\\/Logo-Nuevo-LOS-POLITICOS-1.jpg\",\"contentUrl\":\"https:\\\/\\\/lospoliticosveracruz.com\\\/wp-content\\\/uploads\\\/2025\\\/12\\\/Logo-Nuevo-LOS-POLITICOS-1.jpg\",\"width\":260,\"height\":70,\"caption\":\"Los pol\u00edticos Veracruz\"},\"image\":{\"@id\":\"https:\\\/\\\/lospoliticosveracruz.com\\\/#\\\/schema\\\/logo\\\/image\\\/\"},\"sameAs\":[\"https:\\\/\\\/www.facebook.com\\\/people\\\/Notimemes-de-los-Polticos\\\/61565672886568\\\/\",\"https:\\\/\\\/x.com\\\/LosPoliticosVer\"]},{\"@type\":\"Person\",\"@id\":\"https:\\\/\\\/lospoliticosveracruz.com\\\/#\\\/schema\\\/person\\\/b8702bb0e538456e6efd07080bf2a4a2\",\"name\":\"Lo viste en Los Pol\u00edticos\",\"image\":{\"@type\":\"ImageObject\",\"inLanguage\":\"es\",\"@id\":\"https:\\\/\\\/secure.gravatar.com\\\/avatar\\\/3a8de04a2656d44082be478bd6c086daa447c4651605818287b9532d3d0bd435?s=96&d=mm&r=g\",\"url\":\"https:\\\/\\\/secure.gravatar.com\\\/avatar\\\/3a8de04a2656d44082be478bd6c086daa447c4651605818287b9532d3d0bd435?s=96&d=mm&r=g\",\"contentUrl\":\"https:\\\/\\\/secure.gravatar.com\\\/avatar\\\/3a8de04a2656d44082be478bd6c086daa447c4651605818287b9532d3d0bd435?s=96&d=mm&r=g\",\"caption\":\"Lo viste en Los Pol\u00edticos\"},\"url\":\"https:\\\/\\\/lospoliticosveracruz.com\\\/?author=2\"}]}<\/script>\n<!-- \/ Yoast SEO plugin. -->","yoast_head_json":{"title":"El destino entre nosotros - Los pol\u00edticos Veracruz","robots":{"index":"index","follow":"follow","max-snippet":"max-snippet:-1","max-image-preview":"max-image-preview:large","max-video-preview":"max-video-preview:-1"},"canonical":"https:\/\/lospoliticosveracruz.com\/?p=12785","og_locale":"es_ES","og_type":"article","og_title":"El destino entre nosotros - Los pol\u00edticos Veracruz","og_description":"Ernesto Viveros El Ojo Ilustrado Independientemente de si ya hay enfermos de \u00c9bola en territorio mexicano, lo cual no se ha confirmado oficialmente, se da por sentado que la enfermedad se presentar\u00e1 pr\u00f3ximamente entre nosotros. La dolorosa experiencia de la Influenza, durante los a\u00f1os de 2009 y 2010, seguramente ha dejado precedentes operativos para las [&hellip;]","og_url":"https:\/\/lospoliticosveracruz.com\/?p=12785","og_site_name":"Los pol\u00edticos Veracruz","article_publisher":"https:\/\/www.facebook.com\/people\/Notimemes-de-los-Polticos\/61565672886568\/","article_published_time":"2014-10-18T16:15:48+00:00","article_modified_time":"2014-10-19T03:37:36+00:00","og_image":[{"url":"http:\/\/www.lospoliticosveracruz.com.mx\/wp-content\/uploads\/2014\/10\/IMG_1598.jpg","type":"","width":"","height":""}],"author":"Lo viste en Los Pol\u00edticos","twitter_card":"summary_large_image","twitter_creator":"@LosPoliticosVer","twitter_site":"@LosPoliticosVer","twitter_misc":{"Escrito por":"Lo viste en Los Pol\u00edticos","Tiempo de lectura":"3 minutos"},"schema":{"@context":"https:\/\/schema.org","@graph":[{"@type":"Article","@id":"https:\/\/lospoliticosveracruz.com\/?p=12785#article","isPartOf":{"@id":"https:\/\/lospoliticosveracruz.com\/?p=12785"},"author":{"name":"Lo viste en Los Pol\u00edticos","@id":"https:\/\/lospoliticosveracruz.com\/#\/schema\/person\/b8702bb0e538456e6efd07080bf2a4a2"},"headline":"El destino entre nosotros","datePublished":"2014-10-18T16:15:48+00:00","dateModified":"2014-10-19T03:37:36+00:00","mainEntityOfPage":{"@id":"https:\/\/lospoliticosveracruz.com\/?p=12785"},"wordCount":613,"commentCount":0,"publisher":{"@id":"https:\/\/lospoliticosveracruz.com\/#organization"},"image":{"@id":"https:\/\/lospoliticosveracruz.com\/?p=12785#primaryimage"},"thumbnailUrl":"http:\/\/www.lospoliticosveracruz.com.mx\/wp-content\/uploads\/2014\/10\/IMG_1598.jpg","keywords":["\u00c9bola","M\u00e9xico"],"articleSection":["De Opini\u00f3n"],"inLanguage":"es","potentialAction":[{"@type":"CommentAction","name":"Comment","target":["https:\/\/lospoliticosveracruz.com\/?p=12785#respond"]}]},{"@type":"WebPage","@id":"https:\/\/lospoliticosveracruz.com\/?p=12785","url":"https:\/\/lospoliticosveracruz.com\/?p=12785","name":"El destino entre nosotros - Los pol\u00edticos Veracruz","isPartOf":{"@id":"https:\/\/lospoliticosveracruz.com\/#website"},"primaryImageOfPage":{"@id":"https:\/\/lospoliticosveracruz.com\/?p=12785#primaryimage"},"image":{"@id":"https:\/\/lospoliticosveracruz.com\/?p=12785#primaryimage"},"thumbnailUrl":"http:\/\/www.lospoliticosveracruz.com.mx\/wp-content\/uploads\/2014\/10\/IMG_1598.jpg","datePublished":"2014-10-18T16:15:48+00:00","dateModified":"2014-10-19T03:37:36+00:00","breadcrumb":{"@id":"https:\/\/lospoliticosveracruz.com\/?p=12785#breadcrumb"},"inLanguage":"es","potentialAction":[{"@type":"ReadAction","target":["https:\/\/lospoliticosveracruz.com\/?p=12785"]}]},{"@type":"ImageObject","inLanguage":"es","@id":"https:\/\/lospoliticosveracruz.com\/?p=12785#primaryimage","url":"http:\/\/www.lospoliticosveracruz.com.mx\/wp-content\/uploads\/2014\/10\/IMG_1598.jpg","contentUrl":"http:\/\/www.lospoliticosveracruz.com.mx\/wp-content\/uploads\/2014\/10\/IMG_1598.jpg"},{"@type":"BreadcrumbList","@id":"https:\/\/lospoliticosveracruz.com\/?p=12785#breadcrumb","itemListElement":[{"@type":"ListItem","position":1,"name":"Portada","item":"https:\/\/lospoliticosveracruz.com\/"},{"@type":"ListItem","position":2,"name":"El destino entre nosotros"}]},{"@type":"WebSite","@id":"https:\/\/lospoliticosveracruz.com\/#website","url":"https:\/\/lospoliticosveracruz.com\/","name":"Los pol\u00edticos Veracruz","description":"","publisher":{"@id":"https:\/\/lospoliticosveracruz.com\/#organization"},"potentialAction":[{"@type":"SearchAction","target":{"@type":"EntryPoint","urlTemplate":"https:\/\/lospoliticosveracruz.com\/?s={search_term_string}"},"query-input":{"@type":"PropertyValueSpecification","valueRequired":true,"valueName":"search_term_string"}}],"inLanguage":"es"},{"@type":"Organization","@id":"https:\/\/lospoliticosveracruz.com\/#organization","name":"Los pol\u00edticos Veracruz","url":"https:\/\/lospoliticosveracruz.com\/","logo":{"@type":"ImageObject","inLanguage":"es","@id":"https:\/\/lospoliticosveracruz.com\/#\/schema\/logo\/image\/","url":"https:\/\/lospoliticosveracruz.com\/wp-content\/uploads\/2025\/12\/Logo-Nuevo-LOS-POLITICOS-1.jpg","contentUrl":"https:\/\/lospoliticosveracruz.com\/wp-content\/uploads\/2025\/12\/Logo-Nuevo-LOS-POLITICOS-1.jpg","width":260,"height":70,"caption":"Los pol\u00edticos Veracruz"},"image":{"@id":"https:\/\/lospoliticosveracruz.com\/#\/schema\/logo\/image\/"},"sameAs":["https:\/\/www.facebook.com\/people\/Notimemes-de-los-Polticos\/61565672886568\/","https:\/\/x.com\/LosPoliticosVer"]},{"@type":"Person","@id":"https:\/\/lospoliticosveracruz.com\/#\/schema\/person\/b8702bb0e538456e6efd07080bf2a4a2","name":"Lo viste en Los Pol\u00edticos","image":{"@type":"ImageObject","inLanguage":"es","@id":"https:\/\/secure.gravatar.com\/avatar\/3a8de04a2656d44082be478bd6c086daa447c4651605818287b9532d3d0bd435?s=96&d=mm&r=g","url":"https:\/\/secure.gravatar.com\/avatar\/3a8de04a2656d44082be478bd6c086daa447c4651605818287b9532d3d0bd435?s=96&d=mm&r=g","contentUrl":"https:\/\/secure.gravatar.com\/avatar\/3a8de04a2656d44082be478bd6c086daa447c4651605818287b9532d3d0bd435?s=96&d=mm&r=g","caption":"Lo viste en Los Pol\u00edticos"},"url":"https:\/\/lospoliticosveracruz.com\/?author=2"}]}},"_links":{"self":[{"href":"https:\/\/lospoliticosveracruz.com\/index.php?rest_route=\/wp\/v2\/posts\/12785","targetHints":{"allow":["GET"]}}],"collection":[{"href":"https:\/\/lospoliticosveracruz.com\/index.php?rest_route=\/wp\/v2\/posts"}],"about":[{"href":"https:\/\/lospoliticosveracruz.com\/index.php?rest_route=\/wp\/v2\/types\/post"}],"author":[{"embeddable":true,"href":"https:\/\/lospoliticosveracruz.com\/index.php?rest_route=\/wp\/v2\/users\/2"}],"replies":[{"embeddable":true,"href":"https:\/\/lospoliticosveracruz.com\/index.php?rest_route=%2Fwp%2Fv2%2Fcomments&post=12785"}],"version-history":[{"count":1,"href":"https:\/\/lospoliticosveracruz.com\/index.php?rest_route=\/wp\/v2\/posts\/12785\/revisions"}],"predecessor-version":[{"id":12786,"href":"https:\/\/lospoliticosveracruz.com\/index.php?rest_route=\/wp\/v2\/posts\/12785\/revisions\/12786"}],"wp:attachment":[{"href":"https:\/\/lospoliticosveracruz.com\/index.php?rest_route=%2Fwp%2Fv2%2Fmedia&parent=12785"}],"wp:term":[{"taxonomy":"category","embeddable":true,"href":"https:\/\/lospoliticosveracruz.com\/index.php?rest_route=%2Fwp%2Fv2%2Fcategories&post=12785"},{"taxonomy":"post_tag","embeddable":true,"href":"https:\/\/lospoliticosveracruz.com\/index.php?rest_route=%2Fwp%2Fv2%2Ftags&post=12785"}],"curies":[{"name":"wp","href":"https:\/\/api.w.org\/{rel}","templated":true}]}}