{"id":127868,"date":"2024-07-24T21:07:32","date_gmt":"2024-07-25T02:07:32","guid":{"rendered":"https:\/\/lospoliticosveracruz.com.mx\/?p=127868"},"modified":"2024-07-24T21:07:53","modified_gmt":"2024-07-25T02:07:53","slug":"la-politica-como-exterminio","status":"publish","type":"post","link":"https:\/\/lospoliticosveracruz.com\/?p=127868","title":{"rendered":"LA POL\u00cdTICA COMO EXTERMINIO"},"content":{"rendered":"\n<p><strong>Inocencio Y\u00e1\u00f1ez Vicencio<\/strong><\/p>\n\n\n\n<p>Desde luego la pol\u00edtica como exterminio, no existe, sencillamente porque la violencia aparece ah\u00ed donde la pol\u00edtica fracasa.<br>Para quienes entendemos por pol\u00edtica toda acci\u00f3n concertada dirigida a la b\u00fasqueda del bien com\u00fan, un bien com\u00fan no externo, un bien com\u00fan que surja de la discusi\u00f3n, la deliberaci\u00f3n, el debate, el consenso y el acuerdo, la politica no surge para sofocar sino para encauzar diferencias, la pol\u00edtica no puede ser vista como trampa y fuerza.<\/p>\n\n\n<div class=\"wp-block-image\">\n<figure class=\"alignleft size-thumbnail\"><a href=\"https:\/\/lospoliticosveracruz.com.mx\/wp-content\/uploads\/2023\/02\/Vinissimo.jpg\"><img decoding=\"async\" src=\"https:\/\/lospoliticosveracruz.com.mx\/wp-content\/uploads\/2023\/02\/Vinissimo-150x150.jpg\" alt=\"\" class=\"wp-image-102752\"\/><\/a><\/figure>\n<\/div>\n\n\n<p><br>Es a partir de que la pol\u00edtica se define en torno del poder y \u00e9ste se tiene como separado de la sociedad, que hay que someterlo al derecho y a controles org\u00e1nicos, para que el poder detenga al poder, a fin de racionalizarlo y limitarlo.<br>Fue Maquiavelo, quien descaradamente mostr\u00f3 todo lo que puede generar y genera su conquista y la lucha por retenerlo.<br>La concepci\u00f3n schmittiana ve la pol\u00edtica como una relaci\u00f3n amigo-enemigo, por lo que sin enemigo no hay politica y el conflicto termina con la liquidaci\u00f3n del contrario, es decir, que mientras para Hannah Arendt la pol\u00edtica es competencia de propuestas, que se reduce a encauzar diferencias, en la concepci\u00f3n del te\u00f3rico de Hitler, Carl Schmitt, la batalla entre amigo-enemigo, \u00e9sta no finaliza hasta acabar con el opositor o diferente.<br>El poder politico es una correlacion de fuerzas sociales pero el centro de su ejercicio, es donde se expresa, que es el Estado, por eso en torno a \u00e9l se libran las batallas estelares.<br>La res p\u00fablica, es decir, lo p\u00fablico como primac\u00eda, est\u00e1 en contradicci\u00f3n con la sociedad liberal que se edific\u00f3 sobre los escombros de la sociedad feudal-estamental . La sociedad atomizada convoca a valores comunitarios que son relegados en la pr\u00e1ctica por un darwinismo social sin cuartel, donde se comercia hasta con los \u00f3rganos humanos para sobrevivir. Nos hemos constituido en una Rep\u00fablica , sin republicanos, sin poner lo p\u00fablico sobre lo privado, sin ciudadanos que sepan colocar lo com\u00fan sobre el beneficio personal, por eso no s\u00f3lo no reparamos que quienes gobiernan no \u00fanicamente privatizan lo p\u00fablico sino que orientan el mismo poder en beneficio de sus amigos y parientes.<br>Una Rep\u00fablica, con equilibrios de poderes, con contrapesos, sometida al derecho, que ponga el poder al servicio de la comunidad, que enarbole la libertad como no dominaci\u00f3n, no podr\u00e1 prosperar en una social donde se lleva al paroxismo el individualismo y las principales decisiones est\u00e1n en manos del mercado, funcionar\u00e1 mientras brinde espectativas de mejorar, que al cancelarse, har\u00e1 crisis, porque los elementos que la coaccionan, son mercantiles, no patri\u00f3ticos.<br>Esta sociedad darwinista, que nos hizo creer que los vicios de las clases burguesas eran virtudes para las clases trabajadoras, han terminado por corromper todo. La clase pol\u00edtica no viene de otro planeta, sale de nuestra sociedad, refleja sus vicios, su individualismo, su darwinismo. Fue ella la que a trav\u00e9s de Radio, Televisi\u00f3n, Iglesias, escuelas privadas\u2026 nos quisieron imponer un modelo de partidos alejados de las demandas sociales y que no diferenciaran sus plataformas, para que ganara quien ganara, no hubiera sobresaltos, abriendo con ello reclamos por ausencia de representaci\u00f3n, por olvido de las clases subalternas y rechazo a los partidos tradicionales, que obviamente fue llenado por un populismo que ofrec\u00eda responder a las asignaturas pendientes, haciendo pol\u00edtica atacando la pol\u00edtica y llenando los vac\u00edos de representacion, pepenando inconformidades y reclamos de toda clase, con lo cual reclut\u00f3 un ej\u00e9rcito de resentidos y vividores, que han conducido al pa\u00eds a la bancarrota.<br>Si las masas aclamaron a Cal\u00edgula, a Ner\u00f3n, a Mussolini, a Hitler\u2026por qu\u00e9 no habr\u00edan de aclamar a Andr\u00e9s Manuel L\u00f3pez Obrador. No es nuevo que un gobernante sea vitoreado por destruir a su pais. No es nuevo que por unas cuantas monedas se entregue al padre, al hijo y a toda la familia. Lo importante es saber el tama\u00f1o del monstruo a que nos enfrentamos. Que de raro tiene que del interior de una sociedad que entrega a unos malhechores su voto, salga una pandilla de maleantes para gobernarnos.<br>Nada de raro tiene que de esta sociedad mercantilista, salga un presidente que quiere acabar con todo lo p\u00fablico, con el patrimonio com\u00fan, con los contrapesos, con el Estado de derecho, con los \u00f3rganos aut\u00f3nomos, con los periodistas independientes, con sus cr\u00edticos, con los partidos que se le oponen, con el PRD, con el PAN, con el PRI.<br>La quema simb\u00f3lica de Norma Pi\u00f1a, por el gobernador Cuitlahuac, representa la pol\u00edtica de odio del morenismo contra el poder judicial y la Rep\u00fablica.<br>Los bufones que Cuitlahuac y Roc\u00edo Nahle ha contratado para promover su imagen, prueban que no pueden ir m\u00e1s all\u00e1 de las coladeras para armar sus trincheras. Curioso que mientras los morenistas se cobijan con lo peor del periodismo, persiguen a los hombres y mujeres m\u00e1s acreditados en este ejercicio.<br>No exra\u00f1o a nadie que el Tribunal Federal Electoral que, siendo que fue quien autoriz\u00f3 la extensi\u00f3n del mandato de Alito, rechace su impugnaci\u00f3n , toda vez que es p\u00fablico que el INE como el TRIFE, est\u00e1n colonizados por Amlo, y act\u00faan, igual que su amo, para destruir al PRI, a trav\u00e9s de un g\u00e1nster campechano, que con ello compra la impunidad que necesita para no ser procesado por el saqueo que hizo como gobernador.<br>Los morenistas no surgieron para competir sino para destruir las instituciones y externinar a sus adversarios.<br>No s\u00f3lo necesitamos cambiar el mal gobierno, tambi\u00e9n necesitamos cambiar la sociedad mercantilista e individualista que lo engendra, por una sociedad republicana, una sociedad donde nadie viva del esfuerzo de otros.<\/p>\n","protected":false},"excerpt":{"rendered":"<p>Inocencio Y\u00e1\u00f1ez Vicencio Desde luego la pol\u00edtica como exterminio, no existe, sencillamente porque la violencia aparece ah\u00ed donde la pol\u00edtica fracasa.Para quienes entendemos por pol\u00edtica toda acci\u00f3n concertada dirigida a la b\u00fasqueda del bien com\u00fan, un bien com\u00fan no externo, un bien com\u00fan que surja de la discusi\u00f3n, la deliberaci\u00f3n, el debate, el consenso y [&hellip;]<\/p>\n","protected":false},"author":2,"featured_media":120033,"comment_status":"closed","ping_status":"closed","sticky":false,"template":"","format":"standard","meta":{"tdm_status":"","tdm_grid_status":"","footnotes":""},"categories":[70],"tags":[1563,8256,1026,3578,195,463],"class_list":{"0":"post-127868","1":"post","2":"type-post","3":"status-publish","4":"format-standard","5":"has-post-thumbnail","7":"category-de-opinion","8":"tag-cuitlahuac-garcia-jimenez","9":"tag-inocencio-yanez-vicencio","10":"tag-morena","11":"tag-rocio-nahle","12":"tag-veracruz","13":"tag-violencia"},"yoast_head":"<!-- This site is optimized with the Yoast SEO plugin v27.4 - https:\/\/yoast.com\/product\/yoast-seo-wordpress\/ -->\n<title>LA POL\u00cdTICA COMO EXTERMINIO - Los pol\u00edticos Veracruz<\/title>\n<meta name=\"robots\" content=\"index, follow, max-snippet:-1, max-image-preview:large, max-video-preview:-1\" \/>\n<link rel=\"canonical\" href=\"https:\/\/lospoliticosveracruz.com\/?p=127868\" \/>\n<meta property=\"og:locale\" content=\"es_ES\" \/>\n<meta property=\"og:type\" content=\"article\" \/>\n<meta property=\"og:title\" content=\"LA POL\u00cdTICA COMO EXTERMINIO - Los pol\u00edticos Veracruz\" \/>\n<meta property=\"og:description\" content=\"Inocencio Y\u00e1\u00f1ez Vicencio Desde luego la pol\u00edtica como exterminio, no existe, sencillamente porque la violencia aparece ah\u00ed donde la pol\u00edtica fracasa.Para quienes entendemos por pol\u00edtica toda acci\u00f3n concertada dirigida a la b\u00fasqueda del bien com\u00fan, un bien com\u00fan no externo, un bien com\u00fan que surja de la discusi\u00f3n, la deliberaci\u00f3n, el debate, el consenso y [&hellip;]\" \/>\n<meta property=\"og:url\" content=\"https:\/\/lospoliticosveracruz.com\/?p=127868\" \/>\n<meta property=\"og:site_name\" content=\"Los pol\u00edticos Veracruz\" \/>\n<meta property=\"article:publisher\" content=\"https:\/\/www.facebook.com\/people\/Notimemes-de-los-Polticos\/61565672886568\/\" \/>\n<meta property=\"article:published_time\" content=\"2024-07-25T02:07:32+00:00\" \/>\n<meta property=\"article:modified_time\" content=\"2024-07-25T02:07:53+00:00\" \/>\n<meta property=\"og:image\" content=\"https:\/\/lospoliticosveracruz.com\/wp-content\/uploads\/2024\/03\/Inocencio-Yanez-Vicencio.jpg\" \/>\n\t<meta property=\"og:image:width\" content=\"1250\" \/>\n\t<meta property=\"og:image:height\" content=\"667\" \/>\n\t<meta property=\"og:image:type\" content=\"image\/jpeg\" \/>\n<meta name=\"author\" content=\"Lo viste en Los Pol\u00edticos\" \/>\n<meta name=\"twitter:card\" content=\"summary_large_image\" \/>\n<meta name=\"twitter:creator\" content=\"@LosPoliticosVer\" \/>\n<meta name=\"twitter:site\" content=\"@LosPoliticosVer\" \/>\n<meta name=\"twitter:label1\" content=\"Escrito por\" \/>\n\t<meta name=\"twitter:data1\" content=\"Lo viste en Los Pol\u00edticos\" \/>\n\t<meta name=\"twitter:label2\" content=\"Tiempo de lectura\" \/>\n\t<meta name=\"twitter:data2\" content=\"5 minutos\" \/>\n<script type=\"application\/ld+json\" class=\"yoast-schema-graph\">{\"@context\":\"https:\\\/\\\/schema.org\",\"@graph\":[{\"@type\":\"Article\",\"@id\":\"https:\\\/\\\/lospoliticosveracruz.com\\\/?p=127868#article\",\"isPartOf\":{\"@id\":\"https:\\\/\\\/lospoliticosveracruz.com\\\/?p=127868\"},\"author\":{\"name\":\"Lo viste en Los Pol\u00edticos\",\"@id\":\"https:\\\/\\\/lospoliticosveracruz.com\\\/#\\\/schema\\\/person\\\/b8702bb0e538456e6efd07080bf2a4a2\"},\"headline\":\"LA POL\u00cdTICA COMO EXTERMINIO\",\"datePublished\":\"2024-07-25T02:07:32+00:00\",\"dateModified\":\"2024-07-25T02:07:53+00:00\",\"mainEntityOfPage\":{\"@id\":\"https:\\\/\\\/lospoliticosveracruz.com\\\/?p=127868\"},\"wordCount\":996,\"publisher\":{\"@id\":\"https:\\\/\\\/lospoliticosveracruz.com\\\/#organization\"},\"image\":{\"@id\":\"https:\\\/\\\/lospoliticosveracruz.com\\\/?p=127868#primaryimage\"},\"thumbnailUrl\":\"https:\\\/\\\/lospoliticosveracruz.com\\\/wp-content\\\/uploads\\\/2024\\\/03\\\/Inocencio-Yanez-Vicencio.jpg\",\"keywords\":[\"Cuitl\u00e1huac Garc\u00eda Jim\u00e9nez\",\"Inocencio Y\u00e1\u00f1ez Vicencio\",\"Morena\",\"Roc\u00edo Nahle\",\"Veracruz\",\"violencia\"],\"articleSection\":[\"De Opini\u00f3n\"],\"inLanguage\":\"es\"},{\"@type\":\"WebPage\",\"@id\":\"https:\\\/\\\/lospoliticosveracruz.com\\\/?p=127868\",\"url\":\"https:\\\/\\\/lospoliticosveracruz.com\\\/?p=127868\",\"name\":\"LA POL\u00cdTICA COMO EXTERMINIO - Los pol\u00edticos Veracruz\",\"isPartOf\":{\"@id\":\"https:\\\/\\\/lospoliticosveracruz.com\\\/#website\"},\"primaryImageOfPage\":{\"@id\":\"https:\\\/\\\/lospoliticosveracruz.com\\\/?p=127868#primaryimage\"},\"image\":{\"@id\":\"https:\\\/\\\/lospoliticosveracruz.com\\\/?p=127868#primaryimage\"},\"thumbnailUrl\":\"https:\\\/\\\/lospoliticosveracruz.com\\\/wp-content\\\/uploads\\\/2024\\\/03\\\/Inocencio-Yanez-Vicencio.jpg\",\"datePublished\":\"2024-07-25T02:07:32+00:00\",\"dateModified\":\"2024-07-25T02:07:53+00:00\",\"breadcrumb\":{\"@id\":\"https:\\\/\\\/lospoliticosveracruz.com\\\/?p=127868#breadcrumb\"},\"inLanguage\":\"es\",\"potentialAction\":[{\"@type\":\"ReadAction\",\"target\":[\"https:\\\/\\\/lospoliticosveracruz.com\\\/?p=127868\"]}]},{\"@type\":\"ImageObject\",\"inLanguage\":\"es\",\"@id\":\"https:\\\/\\\/lospoliticosveracruz.com\\\/?p=127868#primaryimage\",\"url\":\"https:\\\/\\\/lospoliticosveracruz.com\\\/wp-content\\\/uploads\\\/2024\\\/03\\\/Inocencio-Yanez-Vicencio.jpg\",\"contentUrl\":\"https:\\\/\\\/lospoliticosveracruz.com\\\/wp-content\\\/uploads\\\/2024\\\/03\\\/Inocencio-Yanez-Vicencio.jpg\",\"width\":1250,\"height\":667},{\"@type\":\"BreadcrumbList\",\"@id\":\"https:\\\/\\\/lospoliticosveracruz.com\\\/?p=127868#breadcrumb\",\"itemListElement\":[{\"@type\":\"ListItem\",\"position\":1,\"name\":\"Portada\",\"item\":\"https:\\\/\\\/lospoliticosveracruz.com\\\/\"},{\"@type\":\"ListItem\",\"position\":2,\"name\":\"LA POL\u00cdTICA COMO EXTERMINIO\"}]},{\"@type\":\"WebSite\",\"@id\":\"https:\\\/\\\/lospoliticosveracruz.com\\\/#website\",\"url\":\"https:\\\/\\\/lospoliticosveracruz.com\\\/\",\"name\":\"Los pol\u00edticos Veracruz\",\"description\":\"\",\"publisher\":{\"@id\":\"https:\\\/\\\/lospoliticosveracruz.com\\\/#organization\"},\"potentialAction\":[{\"@type\":\"SearchAction\",\"target\":{\"@type\":\"EntryPoint\",\"urlTemplate\":\"https:\\\/\\\/lospoliticosveracruz.com\\\/?s={search_term_string}\"},\"query-input\":{\"@type\":\"PropertyValueSpecification\",\"valueRequired\":true,\"valueName\":\"search_term_string\"}}],\"inLanguage\":\"es\"},{\"@type\":\"Organization\",\"@id\":\"https:\\\/\\\/lospoliticosveracruz.com\\\/#organization\",\"name\":\"Los pol\u00edticos Veracruz\",\"url\":\"https:\\\/\\\/lospoliticosveracruz.com\\\/\",\"logo\":{\"@type\":\"ImageObject\",\"inLanguage\":\"es\",\"@id\":\"https:\\\/\\\/lospoliticosveracruz.com\\\/#\\\/schema\\\/logo\\\/image\\\/\",\"url\":\"https:\\\/\\\/lospoliticosveracruz.com\\\/wp-content\\\/uploads\\\/2025\\\/12\\\/Logo-Nuevo-LOS-POLITICOS-1.jpg\",\"contentUrl\":\"https:\\\/\\\/lospoliticosveracruz.com\\\/wp-content\\\/uploads\\\/2025\\\/12\\\/Logo-Nuevo-LOS-POLITICOS-1.jpg\",\"width\":260,\"height\":70,\"caption\":\"Los pol\u00edticos Veracruz\"},\"image\":{\"@id\":\"https:\\\/\\\/lospoliticosveracruz.com\\\/#\\\/schema\\\/logo\\\/image\\\/\"},\"sameAs\":[\"https:\\\/\\\/www.facebook.com\\\/people\\\/Notimemes-de-los-Polticos\\\/61565672886568\\\/\",\"https:\\\/\\\/x.com\\\/LosPoliticosVer\"]},{\"@type\":\"Person\",\"@id\":\"https:\\\/\\\/lospoliticosveracruz.com\\\/#\\\/schema\\\/person\\\/b8702bb0e538456e6efd07080bf2a4a2\",\"name\":\"Lo viste en Los Pol\u00edticos\",\"image\":{\"@type\":\"ImageObject\",\"inLanguage\":\"es\",\"@id\":\"https:\\\/\\\/secure.gravatar.com\\\/avatar\\\/3a8de04a2656d44082be478bd6c086daa447c4651605818287b9532d3d0bd435?s=96&d=mm&r=g\",\"url\":\"https:\\\/\\\/secure.gravatar.com\\\/avatar\\\/3a8de04a2656d44082be478bd6c086daa447c4651605818287b9532d3d0bd435?s=96&d=mm&r=g\",\"contentUrl\":\"https:\\\/\\\/secure.gravatar.com\\\/avatar\\\/3a8de04a2656d44082be478bd6c086daa447c4651605818287b9532d3d0bd435?s=96&d=mm&r=g\",\"caption\":\"Lo viste en Los Pol\u00edticos\"},\"url\":\"https:\\\/\\\/lospoliticosveracruz.com\\\/?author=2\"}]}<\/script>\n<!-- \/ Yoast SEO plugin. -->","yoast_head_json":{"title":"LA POL\u00cdTICA COMO EXTERMINIO - Los pol\u00edticos Veracruz","robots":{"index":"index","follow":"follow","max-snippet":"max-snippet:-1","max-image-preview":"max-image-preview:large","max-video-preview":"max-video-preview:-1"},"canonical":"https:\/\/lospoliticosveracruz.com\/?p=127868","og_locale":"es_ES","og_type":"article","og_title":"LA POL\u00cdTICA COMO EXTERMINIO - Los pol\u00edticos Veracruz","og_description":"Inocencio Y\u00e1\u00f1ez Vicencio Desde luego la pol\u00edtica como exterminio, no existe, sencillamente porque la violencia aparece ah\u00ed donde la pol\u00edtica fracasa.Para quienes entendemos por pol\u00edtica toda acci\u00f3n concertada dirigida a la b\u00fasqueda del bien com\u00fan, un bien com\u00fan no externo, un bien com\u00fan que surja de la discusi\u00f3n, la deliberaci\u00f3n, el debate, el consenso y [&hellip;]","og_url":"https:\/\/lospoliticosveracruz.com\/?p=127868","og_site_name":"Los pol\u00edticos Veracruz","article_publisher":"https:\/\/www.facebook.com\/people\/Notimemes-de-los-Polticos\/61565672886568\/","article_published_time":"2024-07-25T02:07:32+00:00","article_modified_time":"2024-07-25T02:07:53+00:00","og_image":[{"width":1250,"height":667,"url":"https:\/\/lospoliticosveracruz.com\/wp-content\/uploads\/2024\/03\/Inocencio-Yanez-Vicencio.jpg","type":"image\/jpeg"}],"author":"Lo viste en Los Pol\u00edticos","twitter_card":"summary_large_image","twitter_creator":"@LosPoliticosVer","twitter_site":"@LosPoliticosVer","twitter_misc":{"Escrito por":"Lo viste en Los Pol\u00edticos","Tiempo de lectura":"5 minutos"},"schema":{"@context":"https:\/\/schema.org","@graph":[{"@type":"Article","@id":"https:\/\/lospoliticosveracruz.com\/?p=127868#article","isPartOf":{"@id":"https:\/\/lospoliticosveracruz.com\/?p=127868"},"author":{"name":"Lo viste en Los Pol\u00edticos","@id":"https:\/\/lospoliticosveracruz.com\/#\/schema\/person\/b8702bb0e538456e6efd07080bf2a4a2"},"headline":"LA POL\u00cdTICA COMO EXTERMINIO","datePublished":"2024-07-25T02:07:32+00:00","dateModified":"2024-07-25T02:07:53+00:00","mainEntityOfPage":{"@id":"https:\/\/lospoliticosveracruz.com\/?p=127868"},"wordCount":996,"publisher":{"@id":"https:\/\/lospoliticosveracruz.com\/#organization"},"image":{"@id":"https:\/\/lospoliticosveracruz.com\/?p=127868#primaryimage"},"thumbnailUrl":"https:\/\/lospoliticosveracruz.com\/wp-content\/uploads\/2024\/03\/Inocencio-Yanez-Vicencio.jpg","keywords":["Cuitl\u00e1huac Garc\u00eda Jim\u00e9nez","Inocencio Y\u00e1\u00f1ez Vicencio","Morena","Roc\u00edo Nahle","Veracruz","violencia"],"articleSection":["De Opini\u00f3n"],"inLanguage":"es"},{"@type":"WebPage","@id":"https:\/\/lospoliticosveracruz.com\/?p=127868","url":"https:\/\/lospoliticosveracruz.com\/?p=127868","name":"LA POL\u00cdTICA COMO EXTERMINIO - Los pol\u00edticos Veracruz","isPartOf":{"@id":"https:\/\/lospoliticosveracruz.com\/#website"},"primaryImageOfPage":{"@id":"https:\/\/lospoliticosveracruz.com\/?p=127868#primaryimage"},"image":{"@id":"https:\/\/lospoliticosveracruz.com\/?p=127868#primaryimage"},"thumbnailUrl":"https:\/\/lospoliticosveracruz.com\/wp-content\/uploads\/2024\/03\/Inocencio-Yanez-Vicencio.jpg","datePublished":"2024-07-25T02:07:32+00:00","dateModified":"2024-07-25T02:07:53+00:00","breadcrumb":{"@id":"https:\/\/lospoliticosveracruz.com\/?p=127868#breadcrumb"},"inLanguage":"es","potentialAction":[{"@type":"ReadAction","target":["https:\/\/lospoliticosveracruz.com\/?p=127868"]}]},{"@type":"ImageObject","inLanguage":"es","@id":"https:\/\/lospoliticosveracruz.com\/?p=127868#primaryimage","url":"https:\/\/lospoliticosveracruz.com\/wp-content\/uploads\/2024\/03\/Inocencio-Yanez-Vicencio.jpg","contentUrl":"https:\/\/lospoliticosveracruz.com\/wp-content\/uploads\/2024\/03\/Inocencio-Yanez-Vicencio.jpg","width":1250,"height":667},{"@type":"BreadcrumbList","@id":"https:\/\/lospoliticosveracruz.com\/?p=127868#breadcrumb","itemListElement":[{"@type":"ListItem","position":1,"name":"Portada","item":"https:\/\/lospoliticosveracruz.com\/"},{"@type":"ListItem","position":2,"name":"LA POL\u00cdTICA COMO EXTERMINIO"}]},{"@type":"WebSite","@id":"https:\/\/lospoliticosveracruz.com\/#website","url":"https:\/\/lospoliticosveracruz.com\/","name":"Los pol\u00edticos Veracruz","description":"","publisher":{"@id":"https:\/\/lospoliticosveracruz.com\/#organization"},"potentialAction":[{"@type":"SearchAction","target":{"@type":"EntryPoint","urlTemplate":"https:\/\/lospoliticosveracruz.com\/?s={search_term_string}"},"query-input":{"@type":"PropertyValueSpecification","valueRequired":true,"valueName":"search_term_string"}}],"inLanguage":"es"},{"@type":"Organization","@id":"https:\/\/lospoliticosveracruz.com\/#organization","name":"Los pol\u00edticos Veracruz","url":"https:\/\/lospoliticosveracruz.com\/","logo":{"@type":"ImageObject","inLanguage":"es","@id":"https:\/\/lospoliticosveracruz.com\/#\/schema\/logo\/image\/","url":"https:\/\/lospoliticosveracruz.com\/wp-content\/uploads\/2025\/12\/Logo-Nuevo-LOS-POLITICOS-1.jpg","contentUrl":"https:\/\/lospoliticosveracruz.com\/wp-content\/uploads\/2025\/12\/Logo-Nuevo-LOS-POLITICOS-1.jpg","width":260,"height":70,"caption":"Los pol\u00edticos Veracruz"},"image":{"@id":"https:\/\/lospoliticosveracruz.com\/#\/schema\/logo\/image\/"},"sameAs":["https:\/\/www.facebook.com\/people\/Notimemes-de-los-Polticos\/61565672886568\/","https:\/\/x.com\/LosPoliticosVer"]},{"@type":"Person","@id":"https:\/\/lospoliticosveracruz.com\/#\/schema\/person\/b8702bb0e538456e6efd07080bf2a4a2","name":"Lo viste en Los Pol\u00edticos","image":{"@type":"ImageObject","inLanguage":"es","@id":"https:\/\/secure.gravatar.com\/avatar\/3a8de04a2656d44082be478bd6c086daa447c4651605818287b9532d3d0bd435?s=96&d=mm&r=g","url":"https:\/\/secure.gravatar.com\/avatar\/3a8de04a2656d44082be478bd6c086daa447c4651605818287b9532d3d0bd435?s=96&d=mm&r=g","contentUrl":"https:\/\/secure.gravatar.com\/avatar\/3a8de04a2656d44082be478bd6c086daa447c4651605818287b9532d3d0bd435?s=96&d=mm&r=g","caption":"Lo viste en Los Pol\u00edticos"},"url":"https:\/\/lospoliticosveracruz.com\/?author=2"}]}},"_links":{"self":[{"href":"https:\/\/lospoliticosveracruz.com\/index.php?rest_route=\/wp\/v2\/posts\/127868","targetHints":{"allow":["GET"]}}],"collection":[{"href":"https:\/\/lospoliticosveracruz.com\/index.php?rest_route=\/wp\/v2\/posts"}],"about":[{"href":"https:\/\/lospoliticosveracruz.com\/index.php?rest_route=\/wp\/v2\/types\/post"}],"author":[{"embeddable":true,"href":"https:\/\/lospoliticosveracruz.com\/index.php?rest_route=\/wp\/v2\/users\/2"}],"replies":[{"embeddable":true,"href":"https:\/\/lospoliticosveracruz.com\/index.php?rest_route=%2Fwp%2Fv2%2Fcomments&post=127868"}],"version-history":[{"count":1,"href":"https:\/\/lospoliticosveracruz.com\/index.php?rest_route=\/wp\/v2\/posts\/127868\/revisions"}],"predecessor-version":[{"id":127869,"href":"https:\/\/lospoliticosveracruz.com\/index.php?rest_route=\/wp\/v2\/posts\/127868\/revisions\/127869"}],"wp:featuredmedia":[{"embeddable":true,"href":"https:\/\/lospoliticosveracruz.com\/index.php?rest_route=\/wp\/v2\/media\/120033"}],"wp:attachment":[{"href":"https:\/\/lospoliticosveracruz.com\/index.php?rest_route=%2Fwp%2Fv2%2Fmedia&parent=127868"}],"wp:term":[{"taxonomy":"category","embeddable":true,"href":"https:\/\/lospoliticosveracruz.com\/index.php?rest_route=%2Fwp%2Fv2%2Fcategories&post=127868"},{"taxonomy":"post_tag","embeddable":true,"href":"https:\/\/lospoliticosveracruz.com\/index.php?rest_route=%2Fwp%2Fv2%2Ftags&post=127868"}],"curies":[{"name":"wp","href":"https:\/\/api.w.org\/{rel}","templated":true}]}}