{"id":127878,"date":"2024-07-25T08:30:24","date_gmt":"2024-07-25T13:30:24","guid":{"rendered":"https:\/\/lospoliticosveracruz.com.mx\/?p=127878"},"modified":"2024-07-25T08:30:52","modified_gmt":"2024-07-25T13:30:52","slug":"cuitlahuac-el-charlatan","status":"publish","type":"post","link":"https:\/\/lospoliticosveracruz.com\/?p=127878","title":{"rendered":"CUITL\u00c1HUAC, EL CHARLAT\u00c1N"},"content":{"rendered":"\n<p><strong>Omar Z\u00fa\u00f1iga<\/strong><\/p>\n\n\n\n<p><em>De Primera Mano<\/em><\/p>\n\n\n\n<p>En&nbsp;el&nbsp;desenfrenado af\u00e1n&nbsp;del Ejecutivo federal&nbsp;de sacar la reforma judicial a costa de lo que sea y de quien sea, este&nbsp;martes 22 de julio en la conferencia ma\u00f1anera,&nbsp;<strong>Luis Rodr\u00edguez&nbsp;<\/strong><strong>Bucio<\/strong>, subsecretario de Seguridad P\u00fablica revivi\u00f3 un par de asuntos en contra de impartidores de justicia como \u201cejemplos de corrupci\u00f3n\u201d, entre ellos&nbsp;el&nbsp;de la jueza en suspensi\u00f3n, la veracruzana&nbsp;<strong>Ang\u00e9lica S\u00e1nchez Hern\u00e1ndez<\/strong>, tambi\u00e9n&nbsp;excandidata&nbsp;al Senado&nbsp;de la Rep\u00fablica enel pasado&nbsp;reciente.<\/p>\n\n\n\n<p>Quien ha sido denominada la \u201cjueza de hierro\u201d por enfrentarse al sistema de justicia veracruzano en suconjunto, tanto de procuraci\u00f3n,&nbsp;como de impartici\u00f3n, incluso de prevenci\u00f3n, se mostr\u00f3 sorprendida por&nbsp;el&nbsp;hecho del martes, pero tambi\u00e9n molesta, mucho, sobre todo por las mentiras que&nbsp;<strong>Cuitl\u00e1huac Garc\u00eda Jim\u00e9nez&nbsp;<\/strong>le ha informado al presidente L\u00f3pez Obrador.<\/p>\n\n\n\n<p>\u201cSobre&nbsp;todo,&nbsp;quiero hacer menci\u00f3n que ni&nbsp;el Secretario de Seguridad P\u00fablica&nbsp;(<strong>Cuauht\u00e9moc Z\u00fa\u00f1iga<\/strong>)&nbsp;ni&nbsp;<strong>Cuitl\u00e1huac&nbsp;<\/strong>(<strong>Garc\u00eda Jim\u00e9nez<\/strong>)&nbsp;nunca hicieron del&nbsp;conocimiento al se\u00f1or presidente&nbsp;(<strong>Andr\u00e9s Manuel&nbsp;<\/strong><strong>L\u00f3pez Obrador<\/strong>) de&nbsp;la primera detenci\u00f3n que sufr\u00ed,&nbsp;el&nbsp;5&nbsp;de junio del 2023, cuando elementos de la corporaci\u00f3n&nbsp;(SSP)&nbsp;me sembraron droga y me hicieron disparar un arma.\u201d<\/p>\n\n\n\n<p>\u201cAdem\u00e1s de que me tuvieron por desaparecida por un lapso de cinco horas y que eso la ONU lo&nbsp;tiene&nbsp;como&nbsp;(un hecho de)&nbsp;desaparici\u00f3n forzada. De esto, el gobierno de Cuitl\u00e1huac no ha referido absolutamente nada\u201d.&nbsp;<\/p>\n\n\n\n<p>\u201cHe aclarado ya en otras ocasiones&nbsp;que yo&nbsp;no&nbsp;dict\u00e9 una libertad en una hora,&nbsp;como hizo referencia el&nbsp;subsecretario de Seguridad P\u00fablica.&nbsp;Yo dict\u00e9 una resoluci\u00f3n en cumplimiento de una amparo federal, misma que me llev\u00f3 meses elaborar, y de la que guard\u00e9 sigilo respecto de la misma, como mandata la ley\u201d.<\/p>\n\n\n\n<p>\u201cEsta decisi\u00f3n me cost\u00f3 no s\u00f3lo mi trabajo,&nbsp;25&nbsp;a\u00f1os de carrera judicial intachable, sino tambi\u00e9n mi libertad, afectaciones a la salud personal, a mi econom\u00eda, un desgaste emocional y psicol\u00f3gico que trajo tambi\u00e9n riesgo para&nbsp;mi familia,&nbsp;el hecho de que me detuvieran dos veces, que me abrieron cuatro carpetas de investigaci\u00f3n, s\u00f3lo haber por haber cumplido con mi trabajo\u201d.&nbsp;<\/p>\n\n\n\n<p>\u201cJam\u00e1s me han demostrado,&nbsp;ni pudieron demostrar ni&nbsp;podr\u00e1n hacerlo porque no lo hay,&nbsp;ning\u00fan acto de corrupci\u00f3n. Me torturaron psicol\u00f3gicamente, lo que Cuitl\u00e1huac fue muy claro en decir que nunca se iba a investigar nada en este respecto. Por eso no me extra\u00f1a haya enga\u00f1ado al presidente\u201d.<\/p>\n\n\n\n<p>\u201cA pesar de quererme silenciar, le enoj\u00f3 sobremanera&nbsp;(a Cuitl\u00e1huac)&nbsp;que haya sido candidata al Senado de la Rep\u00fablica. Yo s\u00e9 de lo que son capaces. Han intentado silenciarme, pero me seguir\u00e9 defendiendo\u201d.&nbsp;<\/p>\n\n\n\n<p>Reconoce tener temor de su seguridad \u201ccomo muchos otros ciudadanos veracruzanos, como muchos, porque este gobierno de Cuitl\u00e1huac le ha permitido abusos a&nbsp;Seguridad P\u00fablica\u201d.<\/p>\n\n\n\n<p>Adem\u00e1s \u201cCuitl\u00e1huac enga\u00f1a y est\u00e1 enga\u00f1ado, pues \u00e9l cree que cuenta con la aprobaci\u00f3n de los veracruzanos, pero no es as\u00ed,&nbsp;porque como se ha demostrado,&nbsp;solamente ha sido un lastre para su partido pol\u00edtico\u201d.&nbsp;<\/p>\n\n\n\n<p>\u201cLe exijo que aclare todo lo referente a la primera detenci\u00f3n que me hicieron y c\u00f3mo me detuvieron haciendo uso de la fuerza, as\u00ed como&nbsp;la fabricaci\u00f3n de pruebas, como sembrarme droga y arma de fuego\u201d.<\/p>\n\n\n\n<p>Destaca que la Relatora Especial de las Naciones Unidas sobre la Independencia de Magistrados y Abogados,&nbsp;<strong>Margaret&nbsp;<\/strong><strong>Satterthwaite<\/strong>,&nbsp;reconoci\u00f3&nbsp;desde la ONU&nbsp;\u201cque yo hab\u00eda sufrido desaparici\u00f3n forzada por un lapso corto, porque fueron cinco horas nada m\u00e1s, y que gracias a los medios de comunicaci\u00f3n, a la presi\u00f3n de mi familia, a la presi\u00f3n de abogados, tuvieron que decir d\u00f3nde me ten\u00edan, porque yo estaba desaparecida, por Seguridad P\u00fablica\u201d<\/p>\n\n\n\n<p>\u201cLe pido al se\u00f1or presidente&nbsp;que&nbsp;me conceda una audiencia,&nbsp;para poderle&nbsp;aclarar. Ni siquiera Cuitl\u00e1huac, jam\u00e1s, se&nbsp;ha dado la molestia de recibirme para que yo pudiese aclarar algunos puntos, y no espero que lo haga\u201d.<\/p>\n\n\n\n<p>\u201cPero al se\u00f1or presidente&nbsp;(<strong>L\u00f3pez Obrador<\/strong>) y a la&nbsp;gobernadora electa&nbsp;(<strong>Roc\u00edo&nbsp;<\/strong><strong>Nahle<\/strong>),&nbsp;les pido&nbsp;que tengan esa peque\u00f1a atenci\u00f3n,&nbsp;de poderme recibir,&nbsp;para demostrar con pruebas todo lo que dicho.&nbsp;De todo lo que he dicho, hay pruebas\u201d, enfatiz\u00f3 S\u00e1nchez Hern\u00e1ndez.<\/p>\n\n\n\n<p>Este es el contexto en que nuevamente queda de manifiesto la parcialidad e ignorancia con que ha \u201cgobernado\u201d Cuitl\u00e1huac Garc\u00eda,&nbsp;un charlat\u00e1n que&nbsp;por su terrible falta de conocimiento de las leyes y procedimientos, miente&nbsp;a quien lo protege,&nbsp;para salvar el pellejo.<\/p>\n\n\n\n<p>Sin embargo, vuelve a olvidar que invariablemente, los carniceros de hoy ser\u00e1n las reses ma\u00f1ana y que el inexorable paso del tiempo&nbsp;sigue su marcha,&nbsp;le va a llegar y&nbsp;cuando ocurra&nbsp;no tendr\u00e1 el velo de impunidad que lo cubre en su&nbsp;despacho&nbsp;y que al final, como todos, se quedar\u00e1 solo y como muchos, muy probablemente&nbsp;ser\u00e1&nbsp;en una oscura, fr\u00eda y h\u00fameda habitaci\u00f3n de la congregaci\u00f3n de Pacho Viejo, proclamando la inocencia de un p\u00e1rvulo que no sab\u00eda lo que hac\u00eda\u2026 y que nunca lo supo.<\/p>\n\n\n\n<p>\u00a1Qu\u00e9 barbaridad!<\/p>\n\n\n\n<p>deprimera.mano2020@gmail.com<\/p>\n","protected":false},"excerpt":{"rendered":"<p>Omar Z\u00fa\u00f1iga De Primera Mano En&nbsp;el&nbsp;desenfrenado af\u00e1n&nbsp;del Ejecutivo federal&nbsp;de sacar la reforma judicial a costa de lo que sea y de quien sea, este&nbsp;martes 22 de julio en la conferencia ma\u00f1anera,&nbsp;Luis Rodr\u00edguez&nbsp;Bucio, subsecretario de Seguridad P\u00fablica revivi\u00f3 un par de asuntos en contra de impartidores de justicia como \u201cejemplos de corrupci\u00f3n\u201d, entre ellos&nbsp;el&nbsp;de la jueza [&hellip;]<\/p>\n","protected":false},"author":2,"featured_media":119918,"comment_status":"closed","ping_status":"closed","sticky":false,"template":"","format":"standard","meta":{"tdm_status":"","tdm_grid_status":"","footnotes":""},"categories":[70],"tags":[618,1563,1026,3578,195],"class_list":{"0":"post-127878","1":"post","2":"type-post","3":"status-publish","4":"format-standard","5":"has-post-thumbnail","7":"category-de-opinion","8":"tag-andres-manuel-lopez-obrador","9":"tag-cuitlahuac-garcia-jimenez","10":"tag-morena","11":"tag-rocio-nahle","12":"tag-veracruz"},"yoast_head":"<!-- This site is optimized with the Yoast SEO plugin v27.4 - https:\/\/yoast.com\/product\/yoast-seo-wordpress\/ -->\n<title>CUITL\u00c1HUAC, EL CHARLAT\u00c1N - Los pol\u00edticos Veracruz<\/title>\n<meta name=\"robots\" content=\"index, follow, max-snippet:-1, max-image-preview:large, max-video-preview:-1\" \/>\n<link rel=\"canonical\" href=\"https:\/\/lospoliticosveracruz.com\/?p=127878\" \/>\n<meta property=\"og:locale\" content=\"es_ES\" \/>\n<meta property=\"og:type\" content=\"article\" \/>\n<meta property=\"og:title\" content=\"CUITL\u00c1HUAC, EL CHARLAT\u00c1N - Los pol\u00edticos Veracruz\" \/>\n<meta property=\"og:description\" content=\"Omar Z\u00fa\u00f1iga De Primera Mano En&nbsp;el&nbsp;desenfrenado af\u00e1n&nbsp;del Ejecutivo federal&nbsp;de sacar la reforma judicial a costa de lo que sea y de quien sea, este&nbsp;martes 22 de julio en la conferencia ma\u00f1anera,&nbsp;Luis Rodr\u00edguez&nbsp;Bucio, subsecretario de Seguridad P\u00fablica revivi\u00f3 un par de asuntos en contra de impartidores de justicia como \u201cejemplos de corrupci\u00f3n\u201d, entre ellos&nbsp;el&nbsp;de la jueza [&hellip;]\" \/>\n<meta property=\"og:url\" content=\"https:\/\/lospoliticosveracruz.com\/?p=127878\" \/>\n<meta property=\"og:site_name\" content=\"Los pol\u00edticos Veracruz\" \/>\n<meta property=\"article:publisher\" content=\"https:\/\/www.facebook.com\/people\/Notimemes-de-los-Polticos\/61565672886568\/\" \/>\n<meta property=\"article:published_time\" content=\"2024-07-25T13:30:24+00:00\" \/>\n<meta property=\"article:modified_time\" content=\"2024-07-25T13:30:52+00:00\" \/>\n<meta property=\"og:image\" content=\"https:\/\/lospoliticosveracruz.com\/wp-content\/uploads\/2024\/03\/Omar-Zuniga.jpg\" \/>\n\t<meta property=\"og:image:width\" content=\"1250\" \/>\n\t<meta property=\"og:image:height\" content=\"667\" \/>\n\t<meta property=\"og:image:type\" content=\"image\/jpeg\" \/>\n<meta name=\"author\" content=\"Lo viste en Los Pol\u00edticos\" \/>\n<meta name=\"twitter:card\" content=\"summary_large_image\" \/>\n<meta name=\"twitter:creator\" content=\"@LosPoliticosVer\" \/>\n<meta name=\"twitter:site\" content=\"@LosPoliticosVer\" \/>\n<meta name=\"twitter:label1\" content=\"Escrito por\" \/>\n\t<meta name=\"twitter:data1\" content=\"Lo viste en Los Pol\u00edticos\" \/>\n\t<meta name=\"twitter:label2\" content=\"Tiempo de lectura\" \/>\n\t<meta name=\"twitter:data2\" content=\"5 minutos\" \/>\n<script type=\"application\/ld+json\" class=\"yoast-schema-graph\">{\"@context\":\"https:\\\/\\\/schema.org\",\"@graph\":[{\"@type\":\"Article\",\"@id\":\"https:\\\/\\\/lospoliticosveracruz.com\\\/?p=127878#article\",\"isPartOf\":{\"@id\":\"https:\\\/\\\/lospoliticosveracruz.com\\\/?p=127878\"},\"author\":{\"name\":\"Lo viste en Los Pol\u00edticos\",\"@id\":\"https:\\\/\\\/lospoliticosveracruz.com\\\/#\\\/schema\\\/person\\\/b8702bb0e538456e6efd07080bf2a4a2\"},\"headline\":\"CUITL\u00c1HUAC, EL CHARLAT\u00c1N\",\"datePublished\":\"2024-07-25T13:30:24+00:00\",\"dateModified\":\"2024-07-25T13:30:52+00:00\",\"mainEntityOfPage\":{\"@id\":\"https:\\\/\\\/lospoliticosveracruz.com\\\/?p=127878\"},\"wordCount\":999,\"publisher\":{\"@id\":\"https:\\\/\\\/lospoliticosveracruz.com\\\/#organization\"},\"image\":{\"@id\":\"https:\\\/\\\/lospoliticosveracruz.com\\\/?p=127878#primaryimage\"},\"thumbnailUrl\":\"https:\\\/\\\/lospoliticosveracruz.com\\\/wp-content\\\/uploads\\\/2024\\\/03\\\/Omar-Zuniga.jpg\",\"keywords\":[\"Andr\u00e9s Manuel L\u00f3pez Obrador\",\"Cuitl\u00e1huac Garc\u00eda Jim\u00e9nez\",\"Morena\",\"Roc\u00edo Nahle\",\"Veracruz\"],\"articleSection\":[\"De Opini\u00f3n\"],\"inLanguage\":\"es\"},{\"@type\":\"WebPage\",\"@id\":\"https:\\\/\\\/lospoliticosveracruz.com\\\/?p=127878\",\"url\":\"https:\\\/\\\/lospoliticosveracruz.com\\\/?p=127878\",\"name\":\"CUITL\u00c1HUAC, EL CHARLAT\u00c1N - Los pol\u00edticos Veracruz\",\"isPartOf\":{\"@id\":\"https:\\\/\\\/lospoliticosveracruz.com\\\/#website\"},\"primaryImageOfPage\":{\"@id\":\"https:\\\/\\\/lospoliticosveracruz.com\\\/?p=127878#primaryimage\"},\"image\":{\"@id\":\"https:\\\/\\\/lospoliticosveracruz.com\\\/?p=127878#primaryimage\"},\"thumbnailUrl\":\"https:\\\/\\\/lospoliticosveracruz.com\\\/wp-content\\\/uploads\\\/2024\\\/03\\\/Omar-Zuniga.jpg\",\"datePublished\":\"2024-07-25T13:30:24+00:00\",\"dateModified\":\"2024-07-25T13:30:52+00:00\",\"breadcrumb\":{\"@id\":\"https:\\\/\\\/lospoliticosveracruz.com\\\/?p=127878#breadcrumb\"},\"inLanguage\":\"es\",\"potentialAction\":[{\"@type\":\"ReadAction\",\"target\":[\"https:\\\/\\\/lospoliticosveracruz.com\\\/?p=127878\"]}]},{\"@type\":\"ImageObject\",\"inLanguage\":\"es\",\"@id\":\"https:\\\/\\\/lospoliticosveracruz.com\\\/?p=127878#primaryimage\",\"url\":\"https:\\\/\\\/lospoliticosveracruz.com\\\/wp-content\\\/uploads\\\/2024\\\/03\\\/Omar-Zuniga.jpg\",\"contentUrl\":\"https:\\\/\\\/lospoliticosveracruz.com\\\/wp-content\\\/uploads\\\/2024\\\/03\\\/Omar-Zuniga.jpg\",\"width\":1250,\"height\":667},{\"@type\":\"BreadcrumbList\",\"@id\":\"https:\\\/\\\/lospoliticosveracruz.com\\\/?p=127878#breadcrumb\",\"itemListElement\":[{\"@type\":\"ListItem\",\"position\":1,\"name\":\"Portada\",\"item\":\"https:\\\/\\\/lospoliticosveracruz.com\\\/\"},{\"@type\":\"ListItem\",\"position\":2,\"name\":\"CUITL\u00c1HUAC, EL CHARLAT\u00c1N\"}]},{\"@type\":\"WebSite\",\"@id\":\"https:\\\/\\\/lospoliticosveracruz.com\\\/#website\",\"url\":\"https:\\\/\\\/lospoliticosveracruz.com\\\/\",\"name\":\"Los pol\u00edticos Veracruz\",\"description\":\"\",\"publisher\":{\"@id\":\"https:\\\/\\\/lospoliticosveracruz.com\\\/#organization\"},\"potentialAction\":[{\"@type\":\"SearchAction\",\"target\":{\"@type\":\"EntryPoint\",\"urlTemplate\":\"https:\\\/\\\/lospoliticosveracruz.com\\\/?s={search_term_string}\"},\"query-input\":{\"@type\":\"PropertyValueSpecification\",\"valueRequired\":true,\"valueName\":\"search_term_string\"}}],\"inLanguage\":\"es\"},{\"@type\":\"Organization\",\"@id\":\"https:\\\/\\\/lospoliticosveracruz.com\\\/#organization\",\"name\":\"Los pol\u00edticos Veracruz\",\"url\":\"https:\\\/\\\/lospoliticosveracruz.com\\\/\",\"logo\":{\"@type\":\"ImageObject\",\"inLanguage\":\"es\",\"@id\":\"https:\\\/\\\/lospoliticosveracruz.com\\\/#\\\/schema\\\/logo\\\/image\\\/\",\"url\":\"https:\\\/\\\/lospoliticosveracruz.com\\\/wp-content\\\/uploads\\\/2025\\\/12\\\/Logo-Nuevo-LOS-POLITICOS-1.jpg\",\"contentUrl\":\"https:\\\/\\\/lospoliticosveracruz.com\\\/wp-content\\\/uploads\\\/2025\\\/12\\\/Logo-Nuevo-LOS-POLITICOS-1.jpg\",\"width\":260,\"height\":70,\"caption\":\"Los pol\u00edticos Veracruz\"},\"image\":{\"@id\":\"https:\\\/\\\/lospoliticosveracruz.com\\\/#\\\/schema\\\/logo\\\/image\\\/\"},\"sameAs\":[\"https:\\\/\\\/www.facebook.com\\\/people\\\/Notimemes-de-los-Polticos\\\/61565672886568\\\/\",\"https:\\\/\\\/x.com\\\/LosPoliticosVer\"]},{\"@type\":\"Person\",\"@id\":\"https:\\\/\\\/lospoliticosveracruz.com\\\/#\\\/schema\\\/person\\\/b8702bb0e538456e6efd07080bf2a4a2\",\"name\":\"Lo viste en Los Pol\u00edticos\",\"image\":{\"@type\":\"ImageObject\",\"inLanguage\":\"es\",\"@id\":\"https:\\\/\\\/secure.gravatar.com\\\/avatar\\\/3a8de04a2656d44082be478bd6c086daa447c4651605818287b9532d3d0bd435?s=96&d=mm&r=g\",\"url\":\"https:\\\/\\\/secure.gravatar.com\\\/avatar\\\/3a8de04a2656d44082be478bd6c086daa447c4651605818287b9532d3d0bd435?s=96&d=mm&r=g\",\"contentUrl\":\"https:\\\/\\\/secure.gravatar.com\\\/avatar\\\/3a8de04a2656d44082be478bd6c086daa447c4651605818287b9532d3d0bd435?s=96&d=mm&r=g\",\"caption\":\"Lo viste en Los Pol\u00edticos\"},\"url\":\"https:\\\/\\\/lospoliticosveracruz.com\\\/?author=2\"}]}<\/script>\n<!-- \/ Yoast SEO plugin. -->","yoast_head_json":{"title":"CUITL\u00c1HUAC, EL CHARLAT\u00c1N - Los pol\u00edticos Veracruz","robots":{"index":"index","follow":"follow","max-snippet":"max-snippet:-1","max-image-preview":"max-image-preview:large","max-video-preview":"max-video-preview:-1"},"canonical":"https:\/\/lospoliticosveracruz.com\/?p=127878","og_locale":"es_ES","og_type":"article","og_title":"CUITL\u00c1HUAC, EL CHARLAT\u00c1N - Los pol\u00edticos Veracruz","og_description":"Omar Z\u00fa\u00f1iga De Primera Mano En&nbsp;el&nbsp;desenfrenado af\u00e1n&nbsp;del Ejecutivo federal&nbsp;de sacar la reforma judicial a costa de lo que sea y de quien sea, este&nbsp;martes 22 de julio en la conferencia ma\u00f1anera,&nbsp;Luis Rodr\u00edguez&nbsp;Bucio, subsecretario de Seguridad P\u00fablica revivi\u00f3 un par de asuntos en contra de impartidores de justicia como \u201cejemplos de corrupci\u00f3n\u201d, entre ellos&nbsp;el&nbsp;de la jueza [&hellip;]","og_url":"https:\/\/lospoliticosveracruz.com\/?p=127878","og_site_name":"Los pol\u00edticos Veracruz","article_publisher":"https:\/\/www.facebook.com\/people\/Notimemes-de-los-Polticos\/61565672886568\/","article_published_time":"2024-07-25T13:30:24+00:00","article_modified_time":"2024-07-25T13:30:52+00:00","og_image":[{"width":1250,"height":667,"url":"https:\/\/lospoliticosveracruz.com\/wp-content\/uploads\/2024\/03\/Omar-Zuniga.jpg","type":"image\/jpeg"}],"author":"Lo viste en Los Pol\u00edticos","twitter_card":"summary_large_image","twitter_creator":"@LosPoliticosVer","twitter_site":"@LosPoliticosVer","twitter_misc":{"Escrito por":"Lo viste en Los Pol\u00edticos","Tiempo de lectura":"5 minutos"},"schema":{"@context":"https:\/\/schema.org","@graph":[{"@type":"Article","@id":"https:\/\/lospoliticosveracruz.com\/?p=127878#article","isPartOf":{"@id":"https:\/\/lospoliticosveracruz.com\/?p=127878"},"author":{"name":"Lo viste en Los Pol\u00edticos","@id":"https:\/\/lospoliticosveracruz.com\/#\/schema\/person\/b8702bb0e538456e6efd07080bf2a4a2"},"headline":"CUITL\u00c1HUAC, EL CHARLAT\u00c1N","datePublished":"2024-07-25T13:30:24+00:00","dateModified":"2024-07-25T13:30:52+00:00","mainEntityOfPage":{"@id":"https:\/\/lospoliticosveracruz.com\/?p=127878"},"wordCount":999,"publisher":{"@id":"https:\/\/lospoliticosveracruz.com\/#organization"},"image":{"@id":"https:\/\/lospoliticosveracruz.com\/?p=127878#primaryimage"},"thumbnailUrl":"https:\/\/lospoliticosveracruz.com\/wp-content\/uploads\/2024\/03\/Omar-Zuniga.jpg","keywords":["Andr\u00e9s Manuel L\u00f3pez Obrador","Cuitl\u00e1huac Garc\u00eda Jim\u00e9nez","Morena","Roc\u00edo Nahle","Veracruz"],"articleSection":["De Opini\u00f3n"],"inLanguage":"es"},{"@type":"WebPage","@id":"https:\/\/lospoliticosveracruz.com\/?p=127878","url":"https:\/\/lospoliticosveracruz.com\/?p=127878","name":"CUITL\u00c1HUAC, EL CHARLAT\u00c1N - Los pol\u00edticos Veracruz","isPartOf":{"@id":"https:\/\/lospoliticosveracruz.com\/#website"},"primaryImageOfPage":{"@id":"https:\/\/lospoliticosveracruz.com\/?p=127878#primaryimage"},"image":{"@id":"https:\/\/lospoliticosveracruz.com\/?p=127878#primaryimage"},"thumbnailUrl":"https:\/\/lospoliticosveracruz.com\/wp-content\/uploads\/2024\/03\/Omar-Zuniga.jpg","datePublished":"2024-07-25T13:30:24+00:00","dateModified":"2024-07-25T13:30:52+00:00","breadcrumb":{"@id":"https:\/\/lospoliticosveracruz.com\/?p=127878#breadcrumb"},"inLanguage":"es","potentialAction":[{"@type":"ReadAction","target":["https:\/\/lospoliticosveracruz.com\/?p=127878"]}]},{"@type":"ImageObject","inLanguage":"es","@id":"https:\/\/lospoliticosveracruz.com\/?p=127878#primaryimage","url":"https:\/\/lospoliticosveracruz.com\/wp-content\/uploads\/2024\/03\/Omar-Zuniga.jpg","contentUrl":"https:\/\/lospoliticosveracruz.com\/wp-content\/uploads\/2024\/03\/Omar-Zuniga.jpg","width":1250,"height":667},{"@type":"BreadcrumbList","@id":"https:\/\/lospoliticosveracruz.com\/?p=127878#breadcrumb","itemListElement":[{"@type":"ListItem","position":1,"name":"Portada","item":"https:\/\/lospoliticosveracruz.com\/"},{"@type":"ListItem","position":2,"name":"CUITL\u00c1HUAC, EL CHARLAT\u00c1N"}]},{"@type":"WebSite","@id":"https:\/\/lospoliticosveracruz.com\/#website","url":"https:\/\/lospoliticosveracruz.com\/","name":"Los pol\u00edticos Veracruz","description":"","publisher":{"@id":"https:\/\/lospoliticosveracruz.com\/#organization"},"potentialAction":[{"@type":"SearchAction","target":{"@type":"EntryPoint","urlTemplate":"https:\/\/lospoliticosveracruz.com\/?s={search_term_string}"},"query-input":{"@type":"PropertyValueSpecification","valueRequired":true,"valueName":"search_term_string"}}],"inLanguage":"es"},{"@type":"Organization","@id":"https:\/\/lospoliticosveracruz.com\/#organization","name":"Los pol\u00edticos Veracruz","url":"https:\/\/lospoliticosveracruz.com\/","logo":{"@type":"ImageObject","inLanguage":"es","@id":"https:\/\/lospoliticosveracruz.com\/#\/schema\/logo\/image\/","url":"https:\/\/lospoliticosveracruz.com\/wp-content\/uploads\/2025\/12\/Logo-Nuevo-LOS-POLITICOS-1.jpg","contentUrl":"https:\/\/lospoliticosveracruz.com\/wp-content\/uploads\/2025\/12\/Logo-Nuevo-LOS-POLITICOS-1.jpg","width":260,"height":70,"caption":"Los pol\u00edticos Veracruz"},"image":{"@id":"https:\/\/lospoliticosveracruz.com\/#\/schema\/logo\/image\/"},"sameAs":["https:\/\/www.facebook.com\/people\/Notimemes-de-los-Polticos\/61565672886568\/","https:\/\/x.com\/LosPoliticosVer"]},{"@type":"Person","@id":"https:\/\/lospoliticosveracruz.com\/#\/schema\/person\/b8702bb0e538456e6efd07080bf2a4a2","name":"Lo viste en Los Pol\u00edticos","image":{"@type":"ImageObject","inLanguage":"es","@id":"https:\/\/secure.gravatar.com\/avatar\/3a8de04a2656d44082be478bd6c086daa447c4651605818287b9532d3d0bd435?s=96&d=mm&r=g","url":"https:\/\/secure.gravatar.com\/avatar\/3a8de04a2656d44082be478bd6c086daa447c4651605818287b9532d3d0bd435?s=96&d=mm&r=g","contentUrl":"https:\/\/secure.gravatar.com\/avatar\/3a8de04a2656d44082be478bd6c086daa447c4651605818287b9532d3d0bd435?s=96&d=mm&r=g","caption":"Lo viste en Los Pol\u00edticos"},"url":"https:\/\/lospoliticosveracruz.com\/?author=2"}]}},"_links":{"self":[{"href":"https:\/\/lospoliticosveracruz.com\/index.php?rest_route=\/wp\/v2\/posts\/127878","targetHints":{"allow":["GET"]}}],"collection":[{"href":"https:\/\/lospoliticosveracruz.com\/index.php?rest_route=\/wp\/v2\/posts"}],"about":[{"href":"https:\/\/lospoliticosveracruz.com\/index.php?rest_route=\/wp\/v2\/types\/post"}],"author":[{"embeddable":true,"href":"https:\/\/lospoliticosveracruz.com\/index.php?rest_route=\/wp\/v2\/users\/2"}],"replies":[{"embeddable":true,"href":"https:\/\/lospoliticosveracruz.com\/index.php?rest_route=%2Fwp%2Fv2%2Fcomments&post=127878"}],"version-history":[{"count":2,"href":"https:\/\/lospoliticosveracruz.com\/index.php?rest_route=\/wp\/v2\/posts\/127878\/revisions"}],"predecessor-version":[{"id":127880,"href":"https:\/\/lospoliticosveracruz.com\/index.php?rest_route=\/wp\/v2\/posts\/127878\/revisions\/127880"}],"wp:featuredmedia":[{"embeddable":true,"href":"https:\/\/lospoliticosveracruz.com\/index.php?rest_route=\/wp\/v2\/media\/119918"}],"wp:attachment":[{"href":"https:\/\/lospoliticosveracruz.com\/index.php?rest_route=%2Fwp%2Fv2%2Fmedia&parent=127878"}],"wp:term":[{"taxonomy":"category","embeddable":true,"href":"https:\/\/lospoliticosveracruz.com\/index.php?rest_route=%2Fwp%2Fv2%2Fcategories&post=127878"},{"taxonomy":"post_tag","embeddable":true,"href":"https:\/\/lospoliticosveracruz.com\/index.php?rest_route=%2Fwp%2Fv2%2Ftags&post=127878"}],"curies":[{"name":"wp","href":"https:\/\/api.w.org\/{rel}","templated":true}]}}