{"id":127885,"date":"2024-07-25T09:52:48","date_gmt":"2024-07-25T14:52:48","guid":{"rendered":"https:\/\/lospoliticosveracruz.com.mx\/?p=127885"},"modified":"2024-07-25T09:52:59","modified_gmt":"2024-07-25T14:52:59","slug":"la-pura-brutalidad","status":"publish","type":"post","link":"https:\/\/lospoliticosveracruz.com\/?p=127885","title":{"rendered":"LA PURA BRUTALIDAD"},"content":{"rendered":"\n<p><strong>Oved Contreras<\/strong><\/p>\n\n\n\n<p><em>Secas Mecas<\/em><\/p>\n\n\n\n<p>Otras m\u00e1s de la polic\u00eda estatal\u2026no hay quien los pare\u2026dos estudiantes de la Universidad Iberoamericana de Puebla fueron perseguidos y heridos a balazos por elementos de Seguridad P\u00fablica del estado durante una persecuci\u00f3n el martes por la noche en residencial Los Lagos en Xalapa, presuntamente porque se negaron a una revisi\u00f3n.<\/p>\n\n\n<div class=\"wp-block-image\">\n<figure class=\"alignleft size-thumbnail\"><a href=\"https:\/\/lospoliticosveracruz.com.mx\/wp-content\/uploads\/2023\/02\/Vinissimo.jpg\"><img decoding=\"async\" src=\"https:\/\/lospoliticosveracruz.com.mx\/wp-content\/uploads\/2023\/02\/Vinissimo-150x150.jpg\" alt=\"\" class=\"wp-image-102752\"\/><\/a><\/figure>\n<\/div>\n\n\n<p>Los hechos se registraron cuando dos j\u00f3venes estudiantes de 21 a\u00f1os de la Ibero Puebla, radicados en Xalapa, se encontraban platicando&nbsp;en una camioneta Tundra color caf\u00e9 en los lagos de Las \u00c1nimas\u2026los j\u00f3venes fueron rodeados por los elementos policiacos, quienes de manera agresiva solicitaban que descendieran del veh\u00edculo de inmediato, pero por nervios, el conductor decidi\u00f3 ignorar la orden y al avanzar golpe\u00f3 y tir\u00f3 una motocicleta de los polic\u00edas arrollando a dos de ellos, lo que dio inicio a la persecuci\u00f3n&nbsp;y balacera en un operativo que emprendieron varias patrullas en las inmediaciones del fraccionamiento Las \u00c1nimas y Residencial del Lago.<\/p>\n\n\n\n<p>La persecuci\u00f3n acab\u00f3 en el Fraccionamiento Valle Real, donde qued\u00f3 atravesada la camioneta Tundra con varios impactos de bala as\u00ed como tambi\u00e9n con los j\u00f3venes heridos por arma de fuego\u2026los primeros reportes se\u00f1alan que&nbsp;&nbsp;uno de los j\u00f3venes present\u00f3 heridas de arma de fuego en la pierna y brazo, y el otro un \u201croz\u00f3n\u201d de bala en la mejilla.<\/p>\n\n\n\n<p>SE ARRUGA\u2026el gobernador Cuitl\u00e1huac Garc\u00eda dijo en conferencia de prensa que todo indica que los j\u00f3venes arrollaron a&nbsp;&nbsp;polic\u00edas de la Secretar\u00eda de Seguridad P\u00fablica (SSP)&nbsp;durante la madrugada de este mi\u00e9rcoles en el residencial del Lago de Xalapa, donde hab\u00eda un operativo por un C\u00f3digo Rojo en la Estanzuela, que se encuentra lejos de esa zona.&nbsp;<\/p>\n\n\n\n<p>Aunque se reportan dos j\u00f3venes con lesiones, el mandatario estatal justific\u00f3 el C\u00f3digo Rojo contra los estudiantes a pesar de que no iban armados ni repelieron agresi\u00f3n\u2026consider\u00f3 que el hecho \u201cno pas\u00f3 a mayores\u201d, adem\u00e1s de que se les \u201cdar\u00e1 oportunidad\u201d para que puedan dar su versi\u00f3n sobre lo ocurrido, y que el caso ya es investigado por la Fiscal\u00eda General del Estado y por el \u00e1rea de Asuntos Internos de la SSP, a fin de deslindar responsabilidades de los elementos de seguridad.<\/p>\n\n\n\n<p>En descargo, los estudiantes refieren que no se pararon para la revisi\u00f3n porque que ya hab\u00edan sido alertados por retenes falsos de polic\u00edas, que usan de pretexto revisiones de autos para luego llevarse detenida gente a la c\u00e1rcel San Jos\u00e9, y los veh\u00edculos a las gr\u00faas, mismas que siguen sin regulaci\u00f3n.<\/p>\n\n\n\n<p>El chambero nos cuenta que don Ku\u00edkaras se arrug\u00f3 porque al parecer uno de los chamacos es hijo de un magistrado federal de justicia administrativa y le est\u00e1n pidiendo al gobernante que entregue a los polic\u00edas que dispararon as\u00ed que el asunto de pondr\u00e1 candente y otra vez la tropa pagar\u00e1 por sus desfiguros\u2026ya mataron a dos campesinos por disparar sin esperar orden de altos mandos y ahora esto en fraccionamiento de Xalapa.<\/p>\n\n\n\n<p>PUROS BORREGOS\u2026la colectiva feminista \u201cBrujas del Mar\u201d alert\u00f3 que en los \u00faltimos d\u00edas a trav\u00e9s de redes sociales, est\u00e1n diferentes perfiles, la mayor\u00eda an\u00f3nimos, creando una narrativa que desde hace ya a\u00f1os se ha divulgado en distintos estados de que equis n\u00famero de camionetas blancas est\u00e1n llev\u00e1ndose a grupos de mujeres por las calles. Esto a trav\u00e9s de grupos de Facebook y en audios de WhatsApp.<\/p>\n\n\n\n<p>Aunque es cierto que existe una crisis de seguridad en el estado y es cierto que el n\u00famero de mujeres desaparecidas va en incremento, NO es cierto nada de lo que se est\u00e1 difundiendo con la pura intenci\u00f3n de crear p\u00e1nico colectivo\u2026la colectiva hizo un llamado a no caer en desinformaci\u00f3n ni compartir informaci\u00f3n de dudosa procedencia.&nbsp;<\/p>\n\n\n\n<p>\u201cLes recordamos que esto ya ha pasado muchas veces antes, por ejemplo hace unos a\u00f1os durante las elecciones los audios que se viralizaron advirtiendo que algo le pasar\u00eda a quienes salieran a votar o cuando se cre\u00f3 un caos en la zona conurbada por la viralizaci\u00f3n de que estaban entrando a escuelas para llevarse a ni\u00f1os siendo todo esto falso. Por favor estemos pendientes a lo que indiquen medios confiables y oficiales, tomemos precauciones y no caigamos en informaci\u00f3n falsa\u201d, escribi\u00f3 \u201cBrujas del Mar\u201d en sus redes.<\/p>\n\n\n\n<p>En las mismas redes, hay muchos opinando que el gobierno quiere minimizar la situaci\u00f3n e intenta tapar la realidad difundiendo que se genera psicosis con difundir estas noticias en grupos de whatsapp\u2026s\u00ed es real que la inseguridad en muchos casos ha superado al gobierno, s\u00ed es real que a diario desaparecen personas y tambi\u00e9n es real que las mujeres enfrentan una situaci\u00f3n de violencia nunca antes vista\u2026pero lo que no se vale es que alimentemos m\u00e1s el morbo con notificas no confirmadas o de dudosa fuente solo porque nos lleg\u00f3 de rebote en alg\u00fan grupo de whatsapp.<\/p>\n\n\n\n<p>En el primer a\u00f1o de gobierno de Javier Duarte pas\u00f3 algo parecido: las redes sociales sirvieron para difundir supuestos ataques del crimen organizado en escuelas del<\/p>\n\n\n\n<p>Puerto de Veracruz incluso una conocida tuitera refiri\u00f3 que hab\u00eda testimonios que desde un helic\u00f3ptero estaban disputando contra los ni\u00f1os\u2026el resultado fue que cientos de mam\u00e1s entraron en crisis y llegaron a las escuelas exigiendo a sus hijos cuando en realidad no hab\u00eda pasado nada.<\/p>\n\n\n\n<p>El resultado de ese episodio fue que el gobierno de Javier Duarte orden\u00f3 a su Procuradur\u00eda General de Justicia presentar cargos de terrorismo en contra de los due\u00f1os de 17 cuentas de Twitter por difundirla. Varios de los inculpados lograron borrar sus cuentas, mientras que otros decidieron abandonar el estado. El 25 de agosto, los medios de comunicaci\u00f3n dieron a conocer el arresto de Maruchi Bravo Pagola (@maruchibravo) y Gilberto Mart\u00ednez Vera (@gilius_22), y su traslado a la capital del estado quienes fueron acusados de terrorismo por difundir \u201cfakenews\u201d aunque fueron liberados un par de meses despu\u00e9s. No caigamos en lo mismo.<\/p>\n","protected":false},"excerpt":{"rendered":"<p>Oved Contreras Secas Mecas Otras m\u00e1s de la polic\u00eda estatal\u2026no hay quien los pare\u2026dos estudiantes de la Universidad Iberoamericana de Puebla fueron perseguidos y heridos a balazos por elementos de Seguridad P\u00fablica del estado durante una persecuci\u00f3n el martes por la noche en residencial Los Lagos en Xalapa, presuntamente porque se negaron a una revisi\u00f3n. [&hellip;]<\/p>\n","protected":false},"author":2,"featured_media":119816,"comment_status":"closed","ping_status":"closed","sticky":false,"template":"","format":"standard","meta":{"tdm_status":"","tdm_grid_status":"","footnotes":""},"categories":[70],"tags":[1563,1026,177,195,96],"class_list":{"0":"post-127885","1":"post","2":"type-post","3":"status-publish","4":"format-standard","5":"has-post-thumbnail","7":"category-de-opinion","8":"tag-cuitlahuac-garcia-jimenez","9":"tag-morena","10":"tag-seguridad-publica","11":"tag-veracruz","12":"tag-xalapa"},"yoast_head":"<!-- This site is optimized with the Yoast SEO plugin v27.4 - https:\/\/yoast.com\/product\/yoast-seo-wordpress\/ -->\n<title>LA PURA BRUTALIDAD - Los pol\u00edticos Veracruz<\/title>\n<meta name=\"robots\" content=\"index, follow, max-snippet:-1, max-image-preview:large, max-video-preview:-1\" \/>\n<link rel=\"canonical\" href=\"https:\/\/lospoliticosveracruz.com\/?p=127885\" \/>\n<meta property=\"og:locale\" content=\"es_ES\" \/>\n<meta property=\"og:type\" content=\"article\" \/>\n<meta property=\"og:title\" content=\"LA PURA BRUTALIDAD - Los pol\u00edticos Veracruz\" \/>\n<meta property=\"og:description\" content=\"Oved Contreras Secas Mecas Otras m\u00e1s de la polic\u00eda estatal\u2026no hay quien los pare\u2026dos estudiantes de la Universidad Iberoamericana de Puebla fueron perseguidos y heridos a balazos por elementos de Seguridad P\u00fablica del estado durante una persecuci\u00f3n el martes por la noche en residencial Los Lagos en Xalapa, presuntamente porque se negaron a una revisi\u00f3n. [&hellip;]\" \/>\n<meta property=\"og:url\" content=\"https:\/\/lospoliticosveracruz.com\/?p=127885\" \/>\n<meta property=\"og:site_name\" content=\"Los pol\u00edticos Veracruz\" \/>\n<meta property=\"article:publisher\" content=\"https:\/\/www.facebook.com\/people\/Notimemes-de-los-Polticos\/61565672886568\/\" \/>\n<meta property=\"article:published_time\" content=\"2024-07-25T14:52:48+00:00\" \/>\n<meta property=\"article:modified_time\" content=\"2024-07-25T14:52:59+00:00\" \/>\n<meta property=\"og:image\" content=\"https:\/\/lospoliticosveracruz.com\/wp-content\/uploads\/2024\/03\/Oved-Contreras.jpg\" \/>\n\t<meta property=\"og:image:width\" content=\"1250\" \/>\n\t<meta property=\"og:image:height\" content=\"667\" \/>\n\t<meta property=\"og:image:type\" content=\"image\/jpeg\" \/>\n<meta name=\"author\" content=\"Lo viste en Los Pol\u00edticos\" \/>\n<meta name=\"twitter:card\" content=\"summary_large_image\" \/>\n<meta name=\"twitter:creator\" content=\"@LosPoliticosVer\" \/>\n<meta name=\"twitter:site\" content=\"@LosPoliticosVer\" \/>\n<meta name=\"twitter:label1\" content=\"Escrito por\" \/>\n\t<meta name=\"twitter:data1\" content=\"Lo viste en Los Pol\u00edticos\" \/>\n\t<meta name=\"twitter:label2\" content=\"Tiempo de lectura\" \/>\n\t<meta name=\"twitter:data2\" content=\"5 minutos\" \/>\n<script type=\"application\/ld+json\" class=\"yoast-schema-graph\">{\"@context\":\"https:\\\/\\\/schema.org\",\"@graph\":[{\"@type\":\"Article\",\"@id\":\"https:\\\/\\\/lospoliticosveracruz.com\\\/?p=127885#article\",\"isPartOf\":{\"@id\":\"https:\\\/\\\/lospoliticosveracruz.com\\\/?p=127885\"},\"author\":{\"name\":\"Lo viste en Los Pol\u00edticos\",\"@id\":\"https:\\\/\\\/lospoliticosveracruz.com\\\/#\\\/schema\\\/person\\\/b8702bb0e538456e6efd07080bf2a4a2\"},\"headline\":\"LA PURA BRUTALIDAD\",\"datePublished\":\"2024-07-25T14:52:48+00:00\",\"dateModified\":\"2024-07-25T14:52:59+00:00\",\"mainEntityOfPage\":{\"@id\":\"https:\\\/\\\/lospoliticosveracruz.com\\\/?p=127885\"},\"wordCount\":1060,\"publisher\":{\"@id\":\"https:\\\/\\\/lospoliticosveracruz.com\\\/#organization\"},\"image\":{\"@id\":\"https:\\\/\\\/lospoliticosveracruz.com\\\/?p=127885#primaryimage\"},\"thumbnailUrl\":\"https:\\\/\\\/lospoliticosveracruz.com\\\/wp-content\\\/uploads\\\/2024\\\/03\\\/Oved-Contreras.jpg\",\"keywords\":[\"Cuitl\u00e1huac Garc\u00eda Jim\u00e9nez\",\"Morena\",\"Seguridad P\u00fablica\",\"Veracruz\",\"Xalapa\"],\"articleSection\":[\"De Opini\u00f3n\"],\"inLanguage\":\"es\"},{\"@type\":\"WebPage\",\"@id\":\"https:\\\/\\\/lospoliticosveracruz.com\\\/?p=127885\",\"url\":\"https:\\\/\\\/lospoliticosveracruz.com\\\/?p=127885\",\"name\":\"LA PURA BRUTALIDAD - Los pol\u00edticos Veracruz\",\"isPartOf\":{\"@id\":\"https:\\\/\\\/lospoliticosveracruz.com\\\/#website\"},\"primaryImageOfPage\":{\"@id\":\"https:\\\/\\\/lospoliticosveracruz.com\\\/?p=127885#primaryimage\"},\"image\":{\"@id\":\"https:\\\/\\\/lospoliticosveracruz.com\\\/?p=127885#primaryimage\"},\"thumbnailUrl\":\"https:\\\/\\\/lospoliticosveracruz.com\\\/wp-content\\\/uploads\\\/2024\\\/03\\\/Oved-Contreras.jpg\",\"datePublished\":\"2024-07-25T14:52:48+00:00\",\"dateModified\":\"2024-07-25T14:52:59+00:00\",\"breadcrumb\":{\"@id\":\"https:\\\/\\\/lospoliticosveracruz.com\\\/?p=127885#breadcrumb\"},\"inLanguage\":\"es\",\"potentialAction\":[{\"@type\":\"ReadAction\",\"target\":[\"https:\\\/\\\/lospoliticosveracruz.com\\\/?p=127885\"]}]},{\"@type\":\"ImageObject\",\"inLanguage\":\"es\",\"@id\":\"https:\\\/\\\/lospoliticosveracruz.com\\\/?p=127885#primaryimage\",\"url\":\"https:\\\/\\\/lospoliticosveracruz.com\\\/wp-content\\\/uploads\\\/2024\\\/03\\\/Oved-Contreras.jpg\",\"contentUrl\":\"https:\\\/\\\/lospoliticosveracruz.com\\\/wp-content\\\/uploads\\\/2024\\\/03\\\/Oved-Contreras.jpg\",\"width\":1250,\"height\":667},{\"@type\":\"BreadcrumbList\",\"@id\":\"https:\\\/\\\/lospoliticosveracruz.com\\\/?p=127885#breadcrumb\",\"itemListElement\":[{\"@type\":\"ListItem\",\"position\":1,\"name\":\"Portada\",\"item\":\"https:\\\/\\\/lospoliticosveracruz.com\\\/\"},{\"@type\":\"ListItem\",\"position\":2,\"name\":\"LA PURA BRUTALIDAD\"}]},{\"@type\":\"WebSite\",\"@id\":\"https:\\\/\\\/lospoliticosveracruz.com\\\/#website\",\"url\":\"https:\\\/\\\/lospoliticosveracruz.com\\\/\",\"name\":\"Los pol\u00edticos Veracruz\",\"description\":\"\",\"publisher\":{\"@id\":\"https:\\\/\\\/lospoliticosveracruz.com\\\/#organization\"},\"potentialAction\":[{\"@type\":\"SearchAction\",\"target\":{\"@type\":\"EntryPoint\",\"urlTemplate\":\"https:\\\/\\\/lospoliticosveracruz.com\\\/?s={search_term_string}\"},\"query-input\":{\"@type\":\"PropertyValueSpecification\",\"valueRequired\":true,\"valueName\":\"search_term_string\"}}],\"inLanguage\":\"es\"},{\"@type\":\"Organization\",\"@id\":\"https:\\\/\\\/lospoliticosveracruz.com\\\/#organization\",\"name\":\"Los pol\u00edticos Veracruz\",\"url\":\"https:\\\/\\\/lospoliticosveracruz.com\\\/\",\"logo\":{\"@type\":\"ImageObject\",\"inLanguage\":\"es\",\"@id\":\"https:\\\/\\\/lospoliticosveracruz.com\\\/#\\\/schema\\\/logo\\\/image\\\/\",\"url\":\"https:\\\/\\\/lospoliticosveracruz.com\\\/wp-content\\\/uploads\\\/2025\\\/12\\\/Logo-Nuevo-LOS-POLITICOS-1.jpg\",\"contentUrl\":\"https:\\\/\\\/lospoliticosveracruz.com\\\/wp-content\\\/uploads\\\/2025\\\/12\\\/Logo-Nuevo-LOS-POLITICOS-1.jpg\",\"width\":260,\"height\":70,\"caption\":\"Los pol\u00edticos Veracruz\"},\"image\":{\"@id\":\"https:\\\/\\\/lospoliticosveracruz.com\\\/#\\\/schema\\\/logo\\\/image\\\/\"},\"sameAs\":[\"https:\\\/\\\/www.facebook.com\\\/people\\\/Notimemes-de-los-Polticos\\\/61565672886568\\\/\",\"https:\\\/\\\/x.com\\\/LosPoliticosVer\"]},{\"@type\":\"Person\",\"@id\":\"https:\\\/\\\/lospoliticosveracruz.com\\\/#\\\/schema\\\/person\\\/b8702bb0e538456e6efd07080bf2a4a2\",\"name\":\"Lo viste en Los Pol\u00edticos\",\"image\":{\"@type\":\"ImageObject\",\"inLanguage\":\"es\",\"@id\":\"https:\\\/\\\/secure.gravatar.com\\\/avatar\\\/3a8de04a2656d44082be478bd6c086daa447c4651605818287b9532d3d0bd435?s=96&d=mm&r=g\",\"url\":\"https:\\\/\\\/secure.gravatar.com\\\/avatar\\\/3a8de04a2656d44082be478bd6c086daa447c4651605818287b9532d3d0bd435?s=96&d=mm&r=g\",\"contentUrl\":\"https:\\\/\\\/secure.gravatar.com\\\/avatar\\\/3a8de04a2656d44082be478bd6c086daa447c4651605818287b9532d3d0bd435?s=96&d=mm&r=g\",\"caption\":\"Lo viste en Los Pol\u00edticos\"},\"url\":\"https:\\\/\\\/lospoliticosveracruz.com\\\/?author=2\"}]}<\/script>\n<!-- \/ Yoast SEO plugin. -->","yoast_head_json":{"title":"LA PURA BRUTALIDAD - Los pol\u00edticos Veracruz","robots":{"index":"index","follow":"follow","max-snippet":"max-snippet:-1","max-image-preview":"max-image-preview:large","max-video-preview":"max-video-preview:-1"},"canonical":"https:\/\/lospoliticosveracruz.com\/?p=127885","og_locale":"es_ES","og_type":"article","og_title":"LA PURA BRUTALIDAD - Los pol\u00edticos Veracruz","og_description":"Oved Contreras Secas Mecas Otras m\u00e1s de la polic\u00eda estatal\u2026no hay quien los pare\u2026dos estudiantes de la Universidad Iberoamericana de Puebla fueron perseguidos y heridos a balazos por elementos de Seguridad P\u00fablica del estado durante una persecuci\u00f3n el martes por la noche en residencial Los Lagos en Xalapa, presuntamente porque se negaron a una revisi\u00f3n. [&hellip;]","og_url":"https:\/\/lospoliticosveracruz.com\/?p=127885","og_site_name":"Los pol\u00edticos Veracruz","article_publisher":"https:\/\/www.facebook.com\/people\/Notimemes-de-los-Polticos\/61565672886568\/","article_published_time":"2024-07-25T14:52:48+00:00","article_modified_time":"2024-07-25T14:52:59+00:00","og_image":[{"width":1250,"height":667,"url":"https:\/\/lospoliticosveracruz.com\/wp-content\/uploads\/2024\/03\/Oved-Contreras.jpg","type":"image\/jpeg"}],"author":"Lo viste en Los Pol\u00edticos","twitter_card":"summary_large_image","twitter_creator":"@LosPoliticosVer","twitter_site":"@LosPoliticosVer","twitter_misc":{"Escrito por":"Lo viste en Los Pol\u00edticos","Tiempo de lectura":"5 minutos"},"schema":{"@context":"https:\/\/schema.org","@graph":[{"@type":"Article","@id":"https:\/\/lospoliticosveracruz.com\/?p=127885#article","isPartOf":{"@id":"https:\/\/lospoliticosveracruz.com\/?p=127885"},"author":{"name":"Lo viste en Los Pol\u00edticos","@id":"https:\/\/lospoliticosveracruz.com\/#\/schema\/person\/b8702bb0e538456e6efd07080bf2a4a2"},"headline":"LA PURA BRUTALIDAD","datePublished":"2024-07-25T14:52:48+00:00","dateModified":"2024-07-25T14:52:59+00:00","mainEntityOfPage":{"@id":"https:\/\/lospoliticosveracruz.com\/?p=127885"},"wordCount":1060,"publisher":{"@id":"https:\/\/lospoliticosveracruz.com\/#organization"},"image":{"@id":"https:\/\/lospoliticosveracruz.com\/?p=127885#primaryimage"},"thumbnailUrl":"https:\/\/lospoliticosveracruz.com\/wp-content\/uploads\/2024\/03\/Oved-Contreras.jpg","keywords":["Cuitl\u00e1huac Garc\u00eda Jim\u00e9nez","Morena","Seguridad P\u00fablica","Veracruz","Xalapa"],"articleSection":["De Opini\u00f3n"],"inLanguage":"es"},{"@type":"WebPage","@id":"https:\/\/lospoliticosveracruz.com\/?p=127885","url":"https:\/\/lospoliticosveracruz.com\/?p=127885","name":"LA PURA BRUTALIDAD - Los pol\u00edticos Veracruz","isPartOf":{"@id":"https:\/\/lospoliticosveracruz.com\/#website"},"primaryImageOfPage":{"@id":"https:\/\/lospoliticosveracruz.com\/?p=127885#primaryimage"},"image":{"@id":"https:\/\/lospoliticosveracruz.com\/?p=127885#primaryimage"},"thumbnailUrl":"https:\/\/lospoliticosveracruz.com\/wp-content\/uploads\/2024\/03\/Oved-Contreras.jpg","datePublished":"2024-07-25T14:52:48+00:00","dateModified":"2024-07-25T14:52:59+00:00","breadcrumb":{"@id":"https:\/\/lospoliticosveracruz.com\/?p=127885#breadcrumb"},"inLanguage":"es","potentialAction":[{"@type":"ReadAction","target":["https:\/\/lospoliticosveracruz.com\/?p=127885"]}]},{"@type":"ImageObject","inLanguage":"es","@id":"https:\/\/lospoliticosveracruz.com\/?p=127885#primaryimage","url":"https:\/\/lospoliticosveracruz.com\/wp-content\/uploads\/2024\/03\/Oved-Contreras.jpg","contentUrl":"https:\/\/lospoliticosveracruz.com\/wp-content\/uploads\/2024\/03\/Oved-Contreras.jpg","width":1250,"height":667},{"@type":"BreadcrumbList","@id":"https:\/\/lospoliticosveracruz.com\/?p=127885#breadcrumb","itemListElement":[{"@type":"ListItem","position":1,"name":"Portada","item":"https:\/\/lospoliticosveracruz.com\/"},{"@type":"ListItem","position":2,"name":"LA PURA BRUTALIDAD"}]},{"@type":"WebSite","@id":"https:\/\/lospoliticosveracruz.com\/#website","url":"https:\/\/lospoliticosveracruz.com\/","name":"Los pol\u00edticos Veracruz","description":"","publisher":{"@id":"https:\/\/lospoliticosveracruz.com\/#organization"},"potentialAction":[{"@type":"SearchAction","target":{"@type":"EntryPoint","urlTemplate":"https:\/\/lospoliticosveracruz.com\/?s={search_term_string}"},"query-input":{"@type":"PropertyValueSpecification","valueRequired":true,"valueName":"search_term_string"}}],"inLanguage":"es"},{"@type":"Organization","@id":"https:\/\/lospoliticosveracruz.com\/#organization","name":"Los pol\u00edticos Veracruz","url":"https:\/\/lospoliticosveracruz.com\/","logo":{"@type":"ImageObject","inLanguage":"es","@id":"https:\/\/lospoliticosveracruz.com\/#\/schema\/logo\/image\/","url":"https:\/\/lospoliticosveracruz.com\/wp-content\/uploads\/2025\/12\/Logo-Nuevo-LOS-POLITICOS-1.jpg","contentUrl":"https:\/\/lospoliticosveracruz.com\/wp-content\/uploads\/2025\/12\/Logo-Nuevo-LOS-POLITICOS-1.jpg","width":260,"height":70,"caption":"Los pol\u00edticos Veracruz"},"image":{"@id":"https:\/\/lospoliticosveracruz.com\/#\/schema\/logo\/image\/"},"sameAs":["https:\/\/www.facebook.com\/people\/Notimemes-de-los-Polticos\/61565672886568\/","https:\/\/x.com\/LosPoliticosVer"]},{"@type":"Person","@id":"https:\/\/lospoliticosveracruz.com\/#\/schema\/person\/b8702bb0e538456e6efd07080bf2a4a2","name":"Lo viste en Los Pol\u00edticos","image":{"@type":"ImageObject","inLanguage":"es","@id":"https:\/\/secure.gravatar.com\/avatar\/3a8de04a2656d44082be478bd6c086daa447c4651605818287b9532d3d0bd435?s=96&d=mm&r=g","url":"https:\/\/secure.gravatar.com\/avatar\/3a8de04a2656d44082be478bd6c086daa447c4651605818287b9532d3d0bd435?s=96&d=mm&r=g","contentUrl":"https:\/\/secure.gravatar.com\/avatar\/3a8de04a2656d44082be478bd6c086daa447c4651605818287b9532d3d0bd435?s=96&d=mm&r=g","caption":"Lo viste en Los Pol\u00edticos"},"url":"https:\/\/lospoliticosveracruz.com\/?author=2"}]}},"_links":{"self":[{"href":"https:\/\/lospoliticosveracruz.com\/index.php?rest_route=\/wp\/v2\/posts\/127885","targetHints":{"allow":["GET"]}}],"collection":[{"href":"https:\/\/lospoliticosveracruz.com\/index.php?rest_route=\/wp\/v2\/posts"}],"about":[{"href":"https:\/\/lospoliticosveracruz.com\/index.php?rest_route=\/wp\/v2\/types\/post"}],"author":[{"embeddable":true,"href":"https:\/\/lospoliticosveracruz.com\/index.php?rest_route=\/wp\/v2\/users\/2"}],"replies":[{"embeddable":true,"href":"https:\/\/lospoliticosveracruz.com\/index.php?rest_route=%2Fwp%2Fv2%2Fcomments&post=127885"}],"version-history":[{"count":1,"href":"https:\/\/lospoliticosveracruz.com\/index.php?rest_route=\/wp\/v2\/posts\/127885\/revisions"}],"predecessor-version":[{"id":127886,"href":"https:\/\/lospoliticosveracruz.com\/index.php?rest_route=\/wp\/v2\/posts\/127885\/revisions\/127886"}],"wp:featuredmedia":[{"embeddable":true,"href":"https:\/\/lospoliticosveracruz.com\/index.php?rest_route=\/wp\/v2\/media\/119816"}],"wp:attachment":[{"href":"https:\/\/lospoliticosveracruz.com\/index.php?rest_route=%2Fwp%2Fv2%2Fmedia&parent=127885"}],"wp:term":[{"taxonomy":"category","embeddable":true,"href":"https:\/\/lospoliticosveracruz.com\/index.php?rest_route=%2Fwp%2Fv2%2Fcategories&post=127885"},{"taxonomy":"post_tag","embeddable":true,"href":"https:\/\/lospoliticosveracruz.com\/index.php?rest_route=%2Fwp%2Fv2%2Ftags&post=127885"}],"curies":[{"name":"wp","href":"https:\/\/api.w.org\/{rel}","templated":true}]}}