{"id":12808,"date":"2014-10-19T21:20:53","date_gmt":"2014-10-20T02:20:53","guid":{"rendered":"http:\/\/www.lospoliticosveracruz.com.mx\/?p=12808"},"modified":"2014-10-19T21:20:53","modified_gmt":"2014-10-20T02:20:53","slug":"paciencia-constancia-y-circunstancia-convocatoria","status":"publish","type":"post","link":"https:\/\/lospoliticosveracruz.com\/?p=12808","title":{"rendered":"Paciencia, constancia y circunstancia\u2026 Convocatoria"},"content":{"rendered":"<figure id=\"attachment_12809\" aria-describedby=\"caption-attachment-12809\" style=\"width: 300px\" class=\"wp-caption alignnone\"><a href=\"http:\/\/www.lospoliticosveracruz.com.mx\/wp-content\/uploads\/2014\/10\/Pepe-Yunes.jpg\"><img loading=\"lazy\" decoding=\"async\" class=\"wp-image-12809 size-medium\" src=\"http:\/\/www.lospoliticosveracruz.com.mx\/wp-content\/uploads\/2014\/10\/Pepe-Yunes-300x199.jpg\" alt=\"Pepe Yunes\" width=\"300\" height=\"199\" \/><\/a><figcaption id=\"caption-attachment-12809\" class=\"wp-caption-text\">Pepe Yunes. Gr\u00e1fica: www.fotoxalapa.com.mx<\/figcaption><\/figure>\n<p><strong>Rodrigo Montoya Rivera<\/strong><\/p>\n<p><em>Ideas<\/em><br \/>\nDec\u00eda el ex Presidente de la Rep\u00fablica Miguel Alem\u00e1n que la pol\u00edtica consta de 3 factores, que definen muchas veces el rumbo de quien la ejerce. Estas caracter\u00edsticas hacen del personaje su formaci\u00f3n y destino. El primer elemento es la paciencia, necesaria en todo momento para sortear con las adversidades que se presenten en el pantanoso camino que se debe recorrer adem\u00e1s, cualidad fundamental de todo miembro de la vida p\u00fablica que deber\u00e1 saber que este atributo ayudar\u00e1 a no caer en la desesperaci\u00f3n producto de las batallas en las que no se logre salir victorioso. El segundo elemento es la constancia, caracter\u00edstica fundamental que debe seguir todo aqu\u00e9l que se quiera dedicar de por vida al quehacer p\u00fablico. La constancia es un factor clave en la vida de gobierno ya que es la generadora de resultados tangibles a mediano y largo plazo, recordemos que esta actividad es una carrera que no de velocidad pero si de resistencia, raz\u00f3n que hace a la constancia una condici\u00f3n predominante para este medio. El \u00faltimo elemento pero pareciera ser el m\u00e1s importante muchas veces es la circunstancia, esa coyuntura de situaciones que se presenta para que alguien logre su objetivo o m\u00e1s sorprendentemente a\u00fan para que alguien llegue a un lugar o puesto p\u00fablico, producto de los factores y la sinergia del momento muchas veces sin esperarlo o a lo mejor sin tener las cualidades propicias. En este \u00faltimo factor alguna vez escuche una frase de un amigo de ideolog\u00eda de izquierda, -un poco radical a mi gusto el compa\u00f1ero- pero que refleja perfectamente a lo que se refiere la circunstancia en pol\u00edtica. \u201cPara tener hueso solo necesitas estar en el momento y en el lugar preciso y simpatizarle al macizo\u201d.<br \/>\nLa reflexi\u00f3n anterior la hago por lo siguiente: en Veracruz se vive una efervescencia pol\u00edtica natural, producto de los procesos electorales que se aproximan en nuestra entidad, primeramente en 2015 con la renovaci\u00f3n de la C\u00e1mara Baja del Congreso de la Uni\u00f3n y en donde esta grandiosa tierra aportar\u00e1 21 legisladores federales, y la madre de todas las batallas, la gubernatura de 2016, que aunque no se acaba de definir si de 2 o de 5 o de 6 a\u00f1os, la elecci\u00f3n del 2016 ser\u00e1 sin duda fundamental para ver de qu\u00e9 manera- sea quien sea- se da continuidad al trabajo del Gobernador Javier Duarte de Ochoa.<br \/>\nUn pol\u00edtico que cuenta con los atributos que mencionaba el ex Gobernador y ex Presidente Veracruzano Alem\u00e1n Vald\u00e9s es el oriundo de Perote Jos\u00e9 Francisco Yunes Zorrilla Senador de la Rep\u00fablica por el estado de Veracruz. Pepe, como lo conoce su electorado y la mayor\u00eda de los veracruzanos ha tenido paciencia para sortear con las adversidades que se han presentado a su paso. En 2006 siendo candidato \u2013por primera vez- al Senado de la Rep\u00fablica, el voto popular no le favoreci\u00f3 para ocupar un esca\u00f1o al interior de la C\u00e1mara Alta, para su mala fortuna en ese momento, la coalici\u00f3n a la que representaba qued\u00f3 en tercer lugar, raz\u00f3n por la cual no logr\u00f3 entrar por el principio de primera minor\u00eda. En cuanto a constancia se refiere, la situaci\u00f3n que lo coloc\u00f3 junto con Max Fern\u00e1ndez en el tercer lugar de ese proceso electoral, no fue un portazo para su carrera pol\u00edtica, poco despu\u00e9s fue nombrado Presidente del Comit\u00e9 Directivo Estatal del PRI en Veracruz y posteriormente candidato a Diputado Federal y Diputado Federal Presidente de la Comisi\u00f3n de Desarrollo Social. Hoy en d\u00eda al parecer la caracter\u00edstica que el ex Presidente Alem\u00e1n ponderaba como la m\u00e1s importante tambi\u00e9n le favorece a Yunes Zorrilla: la circunstancia. Presidente de la Comisi\u00f3n de Hacienda en el Senado de la Rep\u00fablica, allegado al hombre fuerte del gabinete Enrique Pe\u00f1a Nieto Luis Videgaray, ex compa\u00f1ero del Canciller Antonio Meade, bien posicionado ante el pueblo veracruzano y allegado al mandatario Javier Duarte de Ochoa, Pepe Yunes tiene la circunstancia para seguir creciendo en su carrera pol\u00edtica.<br \/>\nApenas el viernes pasado trascendi\u00f3 una comida en el rancho propiedad de la familia del legislador donde se congregaron importantes personajes de la clase pol\u00edtica veracruzana y destacados periodistas y analistas informativos de la entidad. Ah\u00ed, comentan quienes estuvieron a la mesa, Yunes Zorrilla les habl\u00f3 sobre su informe de resultados, que tendr\u00e1 lugar el domingo 26 de octubre a las 11AM en el WTC en Boca del R\u00edo, coment\u00f3 claramente que su informe no era un \u201cdestape\u201d, sino el reflejo de sus actividades en beneficio de Veracruz, las cuales hace desde hace mucho tiempo.<br \/>\nPepe ya est\u00e1 \u201cdestapado\u201d leg\u00edtimamente por su trayectoria ante el electorado y los cargos por los que se ha conducido, raz\u00f3n que al parecer no le importa ya que est\u00e1 concentrado en su papel legislativo y de gestor\u00eda.<\/p>\n<p>Nota 1: Aunque al interior de Convergencia y \u00faltimamente bajo las siglas de Movimiento Ciudadano, Jos\u00e9 Luis Lobato era un pol\u00edtico como pocos; de la talla de Guillermo H\u00e9ctor Z\u00fa\u00f1iga Mart\u00ednez, Amadeo Flores Espinosa, Gonzalo Morgado Huesca, Carlos Brito G\u00f3mez y Jorge Uscanga Escobar, Lobato Campos fue un brillante pol\u00edtico y empresario. Descanse en paz.<br \/>\nComentarios: rodrigomontoya91@gmail.com<\/p>\n","protected":false},"excerpt":{"rendered":"<p>Rodrigo Montoya Rivera Ideas Dec\u00eda el ex Presidente de la Rep\u00fablica Miguel Alem\u00e1n que la pol\u00edtica consta de 3 factores, que definen muchas veces el rumbo de quien la ejerce. Estas caracter\u00edsticas hacen del personaje su formaci\u00f3n y destino. El primer elemento es la paciencia, necesaria en todo momento para sortear con las adversidades que [&hellip;]<\/p>\n","protected":false},"author":2,"featured_media":0,"comment_status":"open","ping_status":"open","sticky":false,"template":"","format":"standard","meta":{"tdm_status":"","tdm_grid_status":"","footnotes":""},"categories":[70],"tags":[260,414,424,346,246],"class_list":{"0":"post-12808","1":"post","2":"type-post","3":"status-publish","4":"format-standard","6":"category-de-opinion","7":"tag-javier-duarte-de-ochoa","8":"tag-jose-luis-lobato-campos","9":"tag-luis-videgaray","10":"tag-miguel-aleman","11":"tag-pepe-yunes-zorrilla"},"yoast_head":"<!-- This site is optimized with the Yoast SEO plugin v27.4 - https:\/\/yoast.com\/product\/yoast-seo-wordpress\/ -->\n<title>Paciencia, constancia y circunstancia\u2026 Convocatoria - Los pol\u00edticos Veracruz<\/title>\n<meta name=\"robots\" content=\"index, follow, max-snippet:-1, max-image-preview:large, max-video-preview:-1\" \/>\n<link rel=\"canonical\" href=\"https:\/\/lospoliticosveracruz.com\/?p=12808\" \/>\n<meta property=\"og:locale\" content=\"es_ES\" \/>\n<meta property=\"og:type\" content=\"article\" \/>\n<meta property=\"og:title\" content=\"Paciencia, constancia y circunstancia\u2026 Convocatoria - Los pol\u00edticos Veracruz\" \/>\n<meta property=\"og:description\" content=\"Rodrigo Montoya Rivera Ideas Dec\u00eda el ex Presidente de la Rep\u00fablica Miguel Alem\u00e1n que la pol\u00edtica consta de 3 factores, que definen muchas veces el rumbo de quien la ejerce. Estas caracter\u00edsticas hacen del personaje su formaci\u00f3n y destino. El primer elemento es la paciencia, necesaria en todo momento para sortear con las adversidades que [&hellip;]\" \/>\n<meta property=\"og:url\" content=\"https:\/\/lospoliticosveracruz.com\/?p=12808\" \/>\n<meta property=\"og:site_name\" content=\"Los pol\u00edticos Veracruz\" \/>\n<meta property=\"article:publisher\" content=\"https:\/\/www.facebook.com\/people\/Notimemes-de-los-Polticos\/61565672886568\/\" \/>\n<meta property=\"article:published_time\" content=\"2014-10-20T02:20:53+00:00\" \/>\n<meta property=\"og:image\" content=\"http:\/\/www.lospoliticosveracruz.com.mx\/wp-content\/uploads\/2014\/10\/Pepe-Yunes-300x199.jpg\" \/>\n<meta name=\"author\" content=\"Lo viste en Los Pol\u00edticos\" \/>\n<meta name=\"twitter:card\" content=\"summary_large_image\" \/>\n<meta name=\"twitter:creator\" content=\"@LosPoliticosVer\" \/>\n<meta name=\"twitter:site\" content=\"@LosPoliticosVer\" \/>\n<meta name=\"twitter:label1\" content=\"Escrito por\" \/>\n\t<meta name=\"twitter:data1\" content=\"Lo viste en Los Pol\u00edticos\" \/>\n\t<meta name=\"twitter:label2\" content=\"Tiempo de lectura\" \/>\n\t<meta name=\"twitter:data2\" content=\"5 minutos\" \/>\n<script type=\"application\/ld+json\" class=\"yoast-schema-graph\">{\"@context\":\"https:\\\/\\\/schema.org\",\"@graph\":[{\"@type\":\"Article\",\"@id\":\"https:\\\/\\\/lospoliticosveracruz.com\\\/?p=12808#article\",\"isPartOf\":{\"@id\":\"https:\\\/\\\/lospoliticosveracruz.com\\\/?p=12808\"},\"author\":{\"name\":\"Lo viste en Los Pol\u00edticos\",\"@id\":\"https:\\\/\\\/lospoliticosveracruz.com\\\/#\\\/schema\\\/person\\\/b8702bb0e538456e6efd07080bf2a4a2\"},\"headline\":\"Paciencia, constancia y circunstancia\u2026 Convocatoria\",\"datePublished\":\"2014-10-20T02:20:53+00:00\",\"mainEntityOfPage\":{\"@id\":\"https:\\\/\\\/lospoliticosveracruz.com\\\/?p=12808\"},\"wordCount\":926,\"commentCount\":0,\"publisher\":{\"@id\":\"https:\\\/\\\/lospoliticosveracruz.com\\\/#organization\"},\"image\":{\"@id\":\"https:\\\/\\\/lospoliticosveracruz.com\\\/?p=12808#primaryimage\"},\"thumbnailUrl\":\"http:\\\/\\\/www.lospoliticosveracruz.com.mx\\\/wp-content\\\/uploads\\\/2014\\\/10\\\/Pepe-Yunes-300x199.jpg\",\"keywords\":[\"Javier Duarte de Ochoa\",\"Jos\u00e9 Luis Lobato Campos\",\"Luis Videgaray\",\"Miguel Alem\u00e1n\",\"Pepe Yunes Zorrilla\"],\"articleSection\":[\"De Opini\u00f3n\"],\"inLanguage\":\"es\",\"potentialAction\":[{\"@type\":\"CommentAction\",\"name\":\"Comment\",\"target\":[\"https:\\\/\\\/lospoliticosveracruz.com\\\/?p=12808#respond\"]}]},{\"@type\":\"WebPage\",\"@id\":\"https:\\\/\\\/lospoliticosveracruz.com\\\/?p=12808\",\"url\":\"https:\\\/\\\/lospoliticosveracruz.com\\\/?p=12808\",\"name\":\"Paciencia, constancia y circunstancia\u2026 Convocatoria - Los pol\u00edticos Veracruz\",\"isPartOf\":{\"@id\":\"https:\\\/\\\/lospoliticosveracruz.com\\\/#website\"},\"primaryImageOfPage\":{\"@id\":\"https:\\\/\\\/lospoliticosveracruz.com\\\/?p=12808#primaryimage\"},\"image\":{\"@id\":\"https:\\\/\\\/lospoliticosveracruz.com\\\/?p=12808#primaryimage\"},\"thumbnailUrl\":\"http:\\\/\\\/www.lospoliticosveracruz.com.mx\\\/wp-content\\\/uploads\\\/2014\\\/10\\\/Pepe-Yunes-300x199.jpg\",\"datePublished\":\"2014-10-20T02:20:53+00:00\",\"breadcrumb\":{\"@id\":\"https:\\\/\\\/lospoliticosveracruz.com\\\/?p=12808#breadcrumb\"},\"inLanguage\":\"es\",\"potentialAction\":[{\"@type\":\"ReadAction\",\"target\":[\"https:\\\/\\\/lospoliticosveracruz.com\\\/?p=12808\"]}]},{\"@type\":\"ImageObject\",\"inLanguage\":\"es\",\"@id\":\"https:\\\/\\\/lospoliticosveracruz.com\\\/?p=12808#primaryimage\",\"url\":\"http:\\\/\\\/www.lospoliticosveracruz.com.mx\\\/wp-content\\\/uploads\\\/2014\\\/10\\\/Pepe-Yunes-300x199.jpg\",\"contentUrl\":\"http:\\\/\\\/www.lospoliticosveracruz.com.mx\\\/wp-content\\\/uploads\\\/2014\\\/10\\\/Pepe-Yunes-300x199.jpg\"},{\"@type\":\"BreadcrumbList\",\"@id\":\"https:\\\/\\\/lospoliticosveracruz.com\\\/?p=12808#breadcrumb\",\"itemListElement\":[{\"@type\":\"ListItem\",\"position\":1,\"name\":\"Portada\",\"item\":\"https:\\\/\\\/lospoliticosveracruz.com\\\/\"},{\"@type\":\"ListItem\",\"position\":2,\"name\":\"Paciencia, constancia y circunstancia\u2026 Convocatoria\"}]},{\"@type\":\"WebSite\",\"@id\":\"https:\\\/\\\/lospoliticosveracruz.com\\\/#website\",\"url\":\"https:\\\/\\\/lospoliticosveracruz.com\\\/\",\"name\":\"Los pol\u00edticos Veracruz\",\"description\":\"\",\"publisher\":{\"@id\":\"https:\\\/\\\/lospoliticosveracruz.com\\\/#organization\"},\"potentialAction\":[{\"@type\":\"SearchAction\",\"target\":{\"@type\":\"EntryPoint\",\"urlTemplate\":\"https:\\\/\\\/lospoliticosveracruz.com\\\/?s={search_term_string}\"},\"query-input\":{\"@type\":\"PropertyValueSpecification\",\"valueRequired\":true,\"valueName\":\"search_term_string\"}}],\"inLanguage\":\"es\"},{\"@type\":\"Organization\",\"@id\":\"https:\\\/\\\/lospoliticosveracruz.com\\\/#organization\",\"name\":\"Los pol\u00edticos Veracruz\",\"url\":\"https:\\\/\\\/lospoliticosveracruz.com\\\/\",\"logo\":{\"@type\":\"ImageObject\",\"inLanguage\":\"es\",\"@id\":\"https:\\\/\\\/lospoliticosveracruz.com\\\/#\\\/schema\\\/logo\\\/image\\\/\",\"url\":\"https:\\\/\\\/lospoliticosveracruz.com\\\/wp-content\\\/uploads\\\/2025\\\/12\\\/Logo-Nuevo-LOS-POLITICOS-1.jpg\",\"contentUrl\":\"https:\\\/\\\/lospoliticosveracruz.com\\\/wp-content\\\/uploads\\\/2025\\\/12\\\/Logo-Nuevo-LOS-POLITICOS-1.jpg\",\"width\":260,\"height\":70,\"caption\":\"Los pol\u00edticos Veracruz\"},\"image\":{\"@id\":\"https:\\\/\\\/lospoliticosveracruz.com\\\/#\\\/schema\\\/logo\\\/image\\\/\"},\"sameAs\":[\"https:\\\/\\\/www.facebook.com\\\/people\\\/Notimemes-de-los-Polticos\\\/61565672886568\\\/\",\"https:\\\/\\\/x.com\\\/LosPoliticosVer\"]},{\"@type\":\"Person\",\"@id\":\"https:\\\/\\\/lospoliticosveracruz.com\\\/#\\\/schema\\\/person\\\/b8702bb0e538456e6efd07080bf2a4a2\",\"name\":\"Lo viste en Los Pol\u00edticos\",\"image\":{\"@type\":\"ImageObject\",\"inLanguage\":\"es\",\"@id\":\"https:\\\/\\\/secure.gravatar.com\\\/avatar\\\/3a8de04a2656d44082be478bd6c086daa447c4651605818287b9532d3d0bd435?s=96&d=mm&r=g\",\"url\":\"https:\\\/\\\/secure.gravatar.com\\\/avatar\\\/3a8de04a2656d44082be478bd6c086daa447c4651605818287b9532d3d0bd435?s=96&d=mm&r=g\",\"contentUrl\":\"https:\\\/\\\/secure.gravatar.com\\\/avatar\\\/3a8de04a2656d44082be478bd6c086daa447c4651605818287b9532d3d0bd435?s=96&d=mm&r=g\",\"caption\":\"Lo viste en Los Pol\u00edticos\"},\"url\":\"https:\\\/\\\/lospoliticosveracruz.com\\\/?author=2\"}]}<\/script>\n<!-- \/ Yoast SEO plugin. -->","yoast_head_json":{"title":"Paciencia, constancia y circunstancia\u2026 Convocatoria - Los pol\u00edticos Veracruz","robots":{"index":"index","follow":"follow","max-snippet":"max-snippet:-1","max-image-preview":"max-image-preview:large","max-video-preview":"max-video-preview:-1"},"canonical":"https:\/\/lospoliticosveracruz.com\/?p=12808","og_locale":"es_ES","og_type":"article","og_title":"Paciencia, constancia y circunstancia\u2026 Convocatoria - Los pol\u00edticos Veracruz","og_description":"Rodrigo Montoya Rivera Ideas Dec\u00eda el ex Presidente de la Rep\u00fablica Miguel Alem\u00e1n que la pol\u00edtica consta de 3 factores, que definen muchas veces el rumbo de quien la ejerce. Estas caracter\u00edsticas hacen del personaje su formaci\u00f3n y destino. El primer elemento es la paciencia, necesaria en todo momento para sortear con las adversidades que [&hellip;]","og_url":"https:\/\/lospoliticosveracruz.com\/?p=12808","og_site_name":"Los pol\u00edticos Veracruz","article_publisher":"https:\/\/www.facebook.com\/people\/Notimemes-de-los-Polticos\/61565672886568\/","article_published_time":"2014-10-20T02:20:53+00:00","og_image":[{"url":"http:\/\/www.lospoliticosveracruz.com.mx\/wp-content\/uploads\/2014\/10\/Pepe-Yunes-300x199.jpg","type":"","width":"","height":""}],"author":"Lo viste en Los Pol\u00edticos","twitter_card":"summary_large_image","twitter_creator":"@LosPoliticosVer","twitter_site":"@LosPoliticosVer","twitter_misc":{"Escrito por":"Lo viste en Los Pol\u00edticos","Tiempo de lectura":"5 minutos"},"schema":{"@context":"https:\/\/schema.org","@graph":[{"@type":"Article","@id":"https:\/\/lospoliticosveracruz.com\/?p=12808#article","isPartOf":{"@id":"https:\/\/lospoliticosveracruz.com\/?p=12808"},"author":{"name":"Lo viste en Los Pol\u00edticos","@id":"https:\/\/lospoliticosveracruz.com\/#\/schema\/person\/b8702bb0e538456e6efd07080bf2a4a2"},"headline":"Paciencia, constancia y circunstancia\u2026 Convocatoria","datePublished":"2014-10-20T02:20:53+00:00","mainEntityOfPage":{"@id":"https:\/\/lospoliticosveracruz.com\/?p=12808"},"wordCount":926,"commentCount":0,"publisher":{"@id":"https:\/\/lospoliticosveracruz.com\/#organization"},"image":{"@id":"https:\/\/lospoliticosveracruz.com\/?p=12808#primaryimage"},"thumbnailUrl":"http:\/\/www.lospoliticosveracruz.com.mx\/wp-content\/uploads\/2014\/10\/Pepe-Yunes-300x199.jpg","keywords":["Javier Duarte de Ochoa","Jos\u00e9 Luis Lobato Campos","Luis Videgaray","Miguel Alem\u00e1n","Pepe Yunes Zorrilla"],"articleSection":["De Opini\u00f3n"],"inLanguage":"es","potentialAction":[{"@type":"CommentAction","name":"Comment","target":["https:\/\/lospoliticosveracruz.com\/?p=12808#respond"]}]},{"@type":"WebPage","@id":"https:\/\/lospoliticosveracruz.com\/?p=12808","url":"https:\/\/lospoliticosveracruz.com\/?p=12808","name":"Paciencia, constancia y circunstancia\u2026 Convocatoria - Los pol\u00edticos Veracruz","isPartOf":{"@id":"https:\/\/lospoliticosveracruz.com\/#website"},"primaryImageOfPage":{"@id":"https:\/\/lospoliticosveracruz.com\/?p=12808#primaryimage"},"image":{"@id":"https:\/\/lospoliticosveracruz.com\/?p=12808#primaryimage"},"thumbnailUrl":"http:\/\/www.lospoliticosveracruz.com.mx\/wp-content\/uploads\/2014\/10\/Pepe-Yunes-300x199.jpg","datePublished":"2014-10-20T02:20:53+00:00","breadcrumb":{"@id":"https:\/\/lospoliticosveracruz.com\/?p=12808#breadcrumb"},"inLanguage":"es","potentialAction":[{"@type":"ReadAction","target":["https:\/\/lospoliticosveracruz.com\/?p=12808"]}]},{"@type":"ImageObject","inLanguage":"es","@id":"https:\/\/lospoliticosveracruz.com\/?p=12808#primaryimage","url":"http:\/\/www.lospoliticosveracruz.com.mx\/wp-content\/uploads\/2014\/10\/Pepe-Yunes-300x199.jpg","contentUrl":"http:\/\/www.lospoliticosveracruz.com.mx\/wp-content\/uploads\/2014\/10\/Pepe-Yunes-300x199.jpg"},{"@type":"BreadcrumbList","@id":"https:\/\/lospoliticosveracruz.com\/?p=12808#breadcrumb","itemListElement":[{"@type":"ListItem","position":1,"name":"Portada","item":"https:\/\/lospoliticosveracruz.com\/"},{"@type":"ListItem","position":2,"name":"Paciencia, constancia y circunstancia\u2026 Convocatoria"}]},{"@type":"WebSite","@id":"https:\/\/lospoliticosveracruz.com\/#website","url":"https:\/\/lospoliticosveracruz.com\/","name":"Los pol\u00edticos Veracruz","description":"","publisher":{"@id":"https:\/\/lospoliticosveracruz.com\/#organization"},"potentialAction":[{"@type":"SearchAction","target":{"@type":"EntryPoint","urlTemplate":"https:\/\/lospoliticosveracruz.com\/?s={search_term_string}"},"query-input":{"@type":"PropertyValueSpecification","valueRequired":true,"valueName":"search_term_string"}}],"inLanguage":"es"},{"@type":"Organization","@id":"https:\/\/lospoliticosveracruz.com\/#organization","name":"Los pol\u00edticos Veracruz","url":"https:\/\/lospoliticosveracruz.com\/","logo":{"@type":"ImageObject","inLanguage":"es","@id":"https:\/\/lospoliticosveracruz.com\/#\/schema\/logo\/image\/","url":"https:\/\/lospoliticosveracruz.com\/wp-content\/uploads\/2025\/12\/Logo-Nuevo-LOS-POLITICOS-1.jpg","contentUrl":"https:\/\/lospoliticosveracruz.com\/wp-content\/uploads\/2025\/12\/Logo-Nuevo-LOS-POLITICOS-1.jpg","width":260,"height":70,"caption":"Los pol\u00edticos Veracruz"},"image":{"@id":"https:\/\/lospoliticosveracruz.com\/#\/schema\/logo\/image\/"},"sameAs":["https:\/\/www.facebook.com\/people\/Notimemes-de-los-Polticos\/61565672886568\/","https:\/\/x.com\/LosPoliticosVer"]},{"@type":"Person","@id":"https:\/\/lospoliticosveracruz.com\/#\/schema\/person\/b8702bb0e538456e6efd07080bf2a4a2","name":"Lo viste en Los Pol\u00edticos","image":{"@type":"ImageObject","inLanguage":"es","@id":"https:\/\/secure.gravatar.com\/avatar\/3a8de04a2656d44082be478bd6c086daa447c4651605818287b9532d3d0bd435?s=96&d=mm&r=g","url":"https:\/\/secure.gravatar.com\/avatar\/3a8de04a2656d44082be478bd6c086daa447c4651605818287b9532d3d0bd435?s=96&d=mm&r=g","contentUrl":"https:\/\/secure.gravatar.com\/avatar\/3a8de04a2656d44082be478bd6c086daa447c4651605818287b9532d3d0bd435?s=96&d=mm&r=g","caption":"Lo viste en Los Pol\u00edticos"},"url":"https:\/\/lospoliticosveracruz.com\/?author=2"}]}},"_links":{"self":[{"href":"https:\/\/lospoliticosveracruz.com\/index.php?rest_route=\/wp\/v2\/posts\/12808","targetHints":{"allow":["GET"]}}],"collection":[{"href":"https:\/\/lospoliticosveracruz.com\/index.php?rest_route=\/wp\/v2\/posts"}],"about":[{"href":"https:\/\/lospoliticosveracruz.com\/index.php?rest_route=\/wp\/v2\/types\/post"}],"author":[{"embeddable":true,"href":"https:\/\/lospoliticosveracruz.com\/index.php?rest_route=\/wp\/v2\/users\/2"}],"replies":[{"embeddable":true,"href":"https:\/\/lospoliticosveracruz.com\/index.php?rest_route=%2Fwp%2Fv2%2Fcomments&post=12808"}],"version-history":[{"count":1,"href":"https:\/\/lospoliticosveracruz.com\/index.php?rest_route=\/wp\/v2\/posts\/12808\/revisions"}],"predecessor-version":[{"id":12810,"href":"https:\/\/lospoliticosveracruz.com\/index.php?rest_route=\/wp\/v2\/posts\/12808\/revisions\/12810"}],"wp:attachment":[{"href":"https:\/\/lospoliticosveracruz.com\/index.php?rest_route=%2Fwp%2Fv2%2Fmedia&parent=12808"}],"wp:term":[{"taxonomy":"category","embeddable":true,"href":"https:\/\/lospoliticosveracruz.com\/index.php?rest_route=%2Fwp%2Fv2%2Fcategories&post=12808"},{"taxonomy":"post_tag","embeddable":true,"href":"https:\/\/lospoliticosveracruz.com\/index.php?rest_route=%2Fwp%2Fv2%2Ftags&post=12808"}],"curies":[{"name":"wp","href":"https:\/\/api.w.org\/{rel}","templated":true}]}}