{"id":128224,"date":"2024-08-01T21:28:36","date_gmt":"2024-08-02T02:28:36","guid":{"rendered":"https:\/\/lospoliticosveracruz.com.mx\/?p=128224"},"modified":"2024-08-01T21:28:51","modified_gmt":"2024-08-02T02:28:51","slug":"el-mayo-zambada-i","status":"publish","type":"post","link":"https:\/\/lospoliticosveracruz.com\/?p=128224","title":{"rendered":"EL MAYO ZAMBADA I"},"content":{"rendered":"\n<p><strong>Jos\u00e9 Luis Ortega Vidal<br><\/strong>Claroscuros<br>(1)<br>En su obra El Siglo de las drogas (Espasa-Calpe, 1996) el investigador Luis Astorga narra \u201cinformaci\u00f3n relevante sobre una entidad federativa, Sinaloa, donde surgen originalmente las condiciones sociohist\u00f3ricas de posibilidad para el cultivo y tr\u00e1fico de opio en gran escala, y en donde en donde hacen su aparici\u00f3n los traficantes desde una \u00e9poca temprana\u201d.<br>Ayer, jueves 31 de julio, veintiocho a\u00f1os despu\u00e9s de la primera edici\u00f3n del libro cl\u00e1sico de Astorga -acad\u00e9mico de la UNAM, catedr\u00e1tico en la UNESCO, nativo de Sinaloa- Ismael \u201cEl mayo\u201d Zambada, apareci\u00f3 ante una juez de Texas sentado en una silla de ruedas, enfundado con un su\u00e9ter en el que se lee Carpe Diem, tras una semana de haber sido detenido bajo condiciones hasta hoy ocultas en t\u00e9rminos oficiales.<\/p>\n\n\n\n<figure class=\"wp-block-image size-large\"><a href=\"https:\/\/lospoliticosveracruz.com.mx\/wp-content\/uploads\/2016\/07\/Seguro-Julio-Cerecedo-2.jpg\"><img decoding=\"async\" src=\"https:\/\/lospoliticosveracruz.com.mx\/wp-content\/uploads\/2016\/07\/Seguro-Julio-Cerecedo-2-1024x381.jpg\" alt=\"\" class=\"wp-image-105879\"\/><\/a><\/figure>\n\n\n\n<p><br>\u201cEl mayo\u201d tambi\u00e9n es nativo de Sinaloa, donde inici\u00f3 desde la d\u00e9cada de los a\u00f1os setenta -medio siglo atr\u00e1s- la carrera delictiva que lo encumbr\u00f3 como uno de los l\u00edderes m\u00e1s poderosos del narcotr\u00e1fico en M\u00e9xico y el mundo.<\/p>\n\n\n\n<p>(2)<br>El acad\u00e9mico Luis Alejandro Astorga Almanza, con doctorado en sociolog\u00eda por la Universidad de Par\u00eds e investigador en el Instituto de Investigaciones Sociales de la UNAM, ha sido pionero en el acercamiento cient\u00edfico al proceso de la producci\u00f3n y tr\u00e1fico de las drogas, as\u00ed como la evoluci\u00f3n hist\u00f3rica sobre la concepci\u00f3n legal y social del mismo fen\u00f3meno.<br>Astorga nos acerca a los cambios dr\u00e1sticos de nuestra percepci\u00f3n moral y la concepci\u00f3n jur\u00eddica del Estado, en torno a una serie de productos de origen natural -actualmente tambi\u00e9n sint\u00e9ticos- cuyo empleo plantea opciones curativas y recreativas: las drogas.<br>La obra El Siglo de las drogas, remite a la segunda mitad del siglo XIX y las primeras d\u00e9cadas del siglo XX, cuando la mariguana, la coca\u00edna y el opio se produc\u00edan o importaban y se vend\u00edan en M\u00e9xico de forma legal.<br>\u201cEn el Porfiriato, las importaciones de opio alcanzaron cifras s\u00f3lo comparables, parcialmente y con algunas reservas, con las presentadas como destrucci\u00f3n del opio y la hero\u00edna para el periodo 1983-1991 en el Programa Nacional para el Control de Drogas 1989-1994. Las cantidades de opio importado oscilaron entre casi ochocientos kilos y cerca de doce toneladas, en el periodo que va de 1888 a 1911. El n\u00famero de habitantes de la \u00e9poca era poco m\u00e1s de quince millones en 1910, y el consumo de opio, en forma de l\u00e1udano y otros compuestos opiados, era leg\u00edtimo y usual\u201d.<br>\u201cLos vinos (cordiales) con coca y los cigarrillos de mariguana (para combatir el asma, por ejemplo) formaban parte de los productos que se ofrec\u00edan normalmente en las farmacias. En peri\u00f3dicos y revistas de finales del siglo XIX y todav\u00eda hasta los a\u00f1os treinta del siglo actual, se anunciaban estos f\u00e1rmacos y las propiedades curativas que les atribu\u00edan. En las farmacopeas de la \u00e9poca se indicaba c\u00f3mo preparar los compuestos con esas sustancias, las diversas formas que deber\u00edan existir en toda farmacia digna de ese nombre, a saber, jarabes, extractos, tinturas, etc\u00e9tera, as\u00ed como las dosis m\u00e1ximas para adultos y ni\u00f1os.\u201d<br>\u201cLas preocupaciones que empiezan a surgir a finales del siglo pasado, se refieren a las dosis a partir de las cuales el uso de esas sustancias provoca intoxicaciones, as\u00ed como a las adulteraciones realizadas por personas ajenas a la profesi\u00f3n farmac\u00e9utica. En otras palabras, preocupan la medida justa, el control de calidad y los agentes sociales que pueden garantizar tales cosas leg\u00edtimamente, El uso terap\u00e9utico no se pone en duda y los juicios morales est\u00e1n muy lejos de la orientaci\u00f3n actual, aunque ya es posible encontrar muestras de un cambio de percepci\u00f3n. Los farmac\u00e9uticos defienden su profesi\u00f3n y los intereses de su corporaci\u00f3n. Rechazan ser considerados como \u201cm\u00e9dicos de segunda\u201d y critican la ineficacia de la reglamentaci\u00f3n sanitaria para controlar la venta libre de algunas plantas como la mariguana, por ejemplo, que se pod\u00eda adquirir f\u00e1cilmente en el mercado de La Merced y en otros de la capital del pa\u00eds.\u201d<br>En Sinaloa, datos estad\u00edsticos de 1886 consignan ya desde entonces la existencia de la adormidera blanca entre la flora de la regi\u00f3n, as\u00ed como c\u00e1\u00f1amo de indio o mariguana -en 1828 se consigna \u00e9sta entre la flora de Sonora- y son clasificadas como plantas textiles y oleaginosas, pero no como medicinales.\u201d<br>\u201cEntre las causas de ingreso a las prisiones, a finales del siglo XIX y principios del XX, se encuentran m\u00e1s seguido la ebriedad y las ri\u00f1as, raras veces el consumo de mariguana, opio y sus derivados o coca\u00edna. Hay noticias de muertes y suicidios por sobredosis de morfina o de l\u00e1udano. Tambi\u00e9n publicidad de una cl\u00ednica de la ciudad de M\u00e9xico que trataba casos de morfinoman\u00eda.\u201d<br>\u201cAntes de la prohibici\u00f3n del cultivo y comercio de la mariguana en 1920 y de \u00e9sta y la adormidera en 1926, las noticias relacionadas con esas plantas se refieren principalmente a los usos sociales de la mariguana: entre los soldados, prisioneros, gente del bajo mundo, pero tambi\u00e9n de gente acomodada que asiste a fumaderos especiales decorados al estilo oriental. Cuando se habla de fumaderos de opio se les relaciona invariablemente con las minor\u00edas chinas.\u201d<\/p>\n\n\n\n<p>(3)<br>\u201cMi pap\u00e1 es Ismael Zambada Garc\u00eda. El Mayo es su sobrenombre m\u00e1s com\u00fan. Pero tambi\u00e9n le dicen el Padrino, la Doctora, la Se\u00f1ora, y las personas m\u00e1s cercanas como mi compadre Chapo, lo llaman la Cocina. Era un c\u00f3digo que se usaba en el tel\u00e9fono para hacer referencia a mi padre.\u201d<br>Fragmento, tomado del cap\u00edtulo Soy el hijo del Mayo Zambada, del libro El traidor. El diario secreto del hijo del Mayo. (Anabel Hern\u00e1ndez, 2019)<\/p>\n","protected":false},"excerpt":{"rendered":"<p>Jos\u00e9 Luis Ortega VidalClaroscuros(1)En su obra El Siglo de las drogas (Espasa-Calpe, 1996) el investigador Luis Astorga narra \u201cinformaci\u00f3n relevante sobre una entidad federativa, Sinaloa, donde surgen originalmente las condiciones sociohist\u00f3ricas de posibilidad para el cultivo y tr\u00e1fico de opio en gran escala, y en donde en donde hacen su aparici\u00f3n los traficantes desde una [&hellip;]<\/p>\n","protected":false},"author":2,"featured_media":119931,"comment_status":"closed","ping_status":"closed","sticky":false,"template":"","format":"standard","meta":{"tdm_status":"","tdm_grid_status":"","footnotes":""},"categories":[70],"tags":[41436,2769,41465,6868],"class_list":{"0":"post-128224","1":"post","2":"type-post","3":"status-publish","4":"format-standard","5":"has-post-thumbnail","7":"category-de-opinion","8":"tag-ismael-el-mayo-zambada","9":"tag-jose-luis-ortega-vidal","10":"tag-luis-alejandro-astorga-almanza","11":"tag-sinaloa"},"yoast_head":"<!-- This site is optimized with the Yoast SEO plugin v27.4 - https:\/\/yoast.com\/product\/yoast-seo-wordpress\/ -->\n<title>EL MAYO ZAMBADA I - Los pol\u00edticos Veracruz<\/title>\n<meta name=\"robots\" content=\"index, follow, max-snippet:-1, max-image-preview:large, max-video-preview:-1\" \/>\n<link rel=\"canonical\" href=\"https:\/\/lospoliticosveracruz.com\/?p=128224\" \/>\n<meta property=\"og:locale\" content=\"es_ES\" \/>\n<meta property=\"og:type\" content=\"article\" \/>\n<meta property=\"og:title\" content=\"EL MAYO ZAMBADA I - Los pol\u00edticos Veracruz\" \/>\n<meta property=\"og:description\" content=\"Jos\u00e9 Luis Ortega VidalClaroscuros(1)En su obra El Siglo de las drogas (Espasa-Calpe, 1996) el investigador Luis Astorga narra \u201cinformaci\u00f3n relevante sobre una entidad federativa, Sinaloa, donde surgen originalmente las condiciones sociohist\u00f3ricas de posibilidad para el cultivo y tr\u00e1fico de opio en gran escala, y en donde en donde hacen su aparici\u00f3n los traficantes desde una [&hellip;]\" \/>\n<meta property=\"og:url\" content=\"https:\/\/lospoliticosveracruz.com\/?p=128224\" \/>\n<meta property=\"og:site_name\" content=\"Los pol\u00edticos Veracruz\" \/>\n<meta property=\"article:publisher\" content=\"https:\/\/www.facebook.com\/people\/Notimemes-de-los-Polticos\/61565672886568\/\" \/>\n<meta property=\"article:published_time\" content=\"2024-08-02T02:28:36+00:00\" \/>\n<meta property=\"article:modified_time\" content=\"2024-08-02T02:28:51+00:00\" \/>\n<meta property=\"og:image\" content=\"https:\/\/lospoliticosveracruz.com\/wp-content\/uploads\/2024\/03\/Jose-Luis-Ortega-Vidal.jpg\" \/>\n\t<meta property=\"og:image:width\" content=\"1250\" \/>\n\t<meta property=\"og:image:height\" content=\"667\" \/>\n\t<meta property=\"og:image:type\" content=\"image\/jpeg\" \/>\n<meta name=\"author\" content=\"Lo viste en Los Pol\u00edticos\" \/>\n<meta name=\"twitter:card\" content=\"summary_large_image\" \/>\n<meta name=\"twitter:creator\" content=\"@LosPoliticosVer\" \/>\n<meta name=\"twitter:site\" content=\"@LosPoliticosVer\" \/>\n<meta name=\"twitter:label1\" content=\"Escrito por\" \/>\n\t<meta name=\"twitter:data1\" content=\"Lo viste en Los Pol\u00edticos\" \/>\n\t<meta name=\"twitter:label2\" content=\"Tiempo de lectura\" \/>\n\t<meta name=\"twitter:data2\" content=\"5 minutos\" \/>\n<script type=\"application\/ld+json\" class=\"yoast-schema-graph\">{\"@context\":\"https:\\\/\\\/schema.org\",\"@graph\":[{\"@type\":\"Article\",\"@id\":\"https:\\\/\\\/lospoliticosveracruz.com\\\/?p=128224#article\",\"isPartOf\":{\"@id\":\"https:\\\/\\\/lospoliticosveracruz.com\\\/?p=128224\"},\"author\":{\"name\":\"Lo viste en Los Pol\u00edticos\",\"@id\":\"https:\\\/\\\/lospoliticosveracruz.com\\\/#\\\/schema\\\/person\\\/b8702bb0e538456e6efd07080bf2a4a2\"},\"headline\":\"EL MAYO ZAMBADA I\",\"datePublished\":\"2024-08-02T02:28:36+00:00\",\"dateModified\":\"2024-08-02T02:28:51+00:00\",\"mainEntityOfPage\":{\"@id\":\"https:\\\/\\\/lospoliticosveracruz.com\\\/?p=128224\"},\"wordCount\":1010,\"publisher\":{\"@id\":\"https:\\\/\\\/lospoliticosveracruz.com\\\/#organization\"},\"image\":{\"@id\":\"https:\\\/\\\/lospoliticosveracruz.com\\\/?p=128224#primaryimage\"},\"thumbnailUrl\":\"https:\\\/\\\/lospoliticosveracruz.com\\\/wp-content\\\/uploads\\\/2024\\\/03\\\/Jose-Luis-Ortega-Vidal.jpg\",\"keywords\":[\"Ismael \u201cEl Mayo\u201d Zambada\",\"Jos\u00e9 Luis Ortega Vidal\",\"Luis Alejandro Astorga Almanza\",\"Sinaloa\"],\"articleSection\":[\"De Opini\u00f3n\"],\"inLanguage\":\"es\"},{\"@type\":\"WebPage\",\"@id\":\"https:\\\/\\\/lospoliticosveracruz.com\\\/?p=128224\",\"url\":\"https:\\\/\\\/lospoliticosveracruz.com\\\/?p=128224\",\"name\":\"EL MAYO ZAMBADA I - Los pol\u00edticos Veracruz\",\"isPartOf\":{\"@id\":\"https:\\\/\\\/lospoliticosveracruz.com\\\/#website\"},\"primaryImageOfPage\":{\"@id\":\"https:\\\/\\\/lospoliticosveracruz.com\\\/?p=128224#primaryimage\"},\"image\":{\"@id\":\"https:\\\/\\\/lospoliticosveracruz.com\\\/?p=128224#primaryimage\"},\"thumbnailUrl\":\"https:\\\/\\\/lospoliticosveracruz.com\\\/wp-content\\\/uploads\\\/2024\\\/03\\\/Jose-Luis-Ortega-Vidal.jpg\",\"datePublished\":\"2024-08-02T02:28:36+00:00\",\"dateModified\":\"2024-08-02T02:28:51+00:00\",\"breadcrumb\":{\"@id\":\"https:\\\/\\\/lospoliticosveracruz.com\\\/?p=128224#breadcrumb\"},\"inLanguage\":\"es\",\"potentialAction\":[{\"@type\":\"ReadAction\",\"target\":[\"https:\\\/\\\/lospoliticosveracruz.com\\\/?p=128224\"]}]},{\"@type\":\"ImageObject\",\"inLanguage\":\"es\",\"@id\":\"https:\\\/\\\/lospoliticosveracruz.com\\\/?p=128224#primaryimage\",\"url\":\"https:\\\/\\\/lospoliticosveracruz.com\\\/wp-content\\\/uploads\\\/2024\\\/03\\\/Jose-Luis-Ortega-Vidal.jpg\",\"contentUrl\":\"https:\\\/\\\/lospoliticosveracruz.com\\\/wp-content\\\/uploads\\\/2024\\\/03\\\/Jose-Luis-Ortega-Vidal.jpg\",\"width\":1250,\"height\":667},{\"@type\":\"BreadcrumbList\",\"@id\":\"https:\\\/\\\/lospoliticosveracruz.com\\\/?p=128224#breadcrumb\",\"itemListElement\":[{\"@type\":\"ListItem\",\"position\":1,\"name\":\"Portada\",\"item\":\"https:\\\/\\\/lospoliticosveracruz.com\\\/\"},{\"@type\":\"ListItem\",\"position\":2,\"name\":\"EL MAYO ZAMBADA I\"}]},{\"@type\":\"WebSite\",\"@id\":\"https:\\\/\\\/lospoliticosveracruz.com\\\/#website\",\"url\":\"https:\\\/\\\/lospoliticosveracruz.com\\\/\",\"name\":\"Los pol\u00edticos Veracruz\",\"description\":\"\",\"publisher\":{\"@id\":\"https:\\\/\\\/lospoliticosveracruz.com\\\/#organization\"},\"potentialAction\":[{\"@type\":\"SearchAction\",\"target\":{\"@type\":\"EntryPoint\",\"urlTemplate\":\"https:\\\/\\\/lospoliticosveracruz.com\\\/?s={search_term_string}\"},\"query-input\":{\"@type\":\"PropertyValueSpecification\",\"valueRequired\":true,\"valueName\":\"search_term_string\"}}],\"inLanguage\":\"es\"},{\"@type\":\"Organization\",\"@id\":\"https:\\\/\\\/lospoliticosveracruz.com\\\/#organization\",\"name\":\"Los pol\u00edticos Veracruz\",\"url\":\"https:\\\/\\\/lospoliticosveracruz.com\\\/\",\"logo\":{\"@type\":\"ImageObject\",\"inLanguage\":\"es\",\"@id\":\"https:\\\/\\\/lospoliticosveracruz.com\\\/#\\\/schema\\\/logo\\\/image\\\/\",\"url\":\"https:\\\/\\\/lospoliticosveracruz.com\\\/wp-content\\\/uploads\\\/2025\\\/12\\\/Logo-Nuevo-LOS-POLITICOS-1.jpg\",\"contentUrl\":\"https:\\\/\\\/lospoliticosveracruz.com\\\/wp-content\\\/uploads\\\/2025\\\/12\\\/Logo-Nuevo-LOS-POLITICOS-1.jpg\",\"width\":260,\"height\":70,\"caption\":\"Los pol\u00edticos Veracruz\"},\"image\":{\"@id\":\"https:\\\/\\\/lospoliticosveracruz.com\\\/#\\\/schema\\\/logo\\\/image\\\/\"},\"sameAs\":[\"https:\\\/\\\/www.facebook.com\\\/people\\\/Notimemes-de-los-Polticos\\\/61565672886568\\\/\",\"https:\\\/\\\/x.com\\\/LosPoliticosVer\"]},{\"@type\":\"Person\",\"@id\":\"https:\\\/\\\/lospoliticosveracruz.com\\\/#\\\/schema\\\/person\\\/b8702bb0e538456e6efd07080bf2a4a2\",\"name\":\"Lo viste en Los Pol\u00edticos\",\"image\":{\"@type\":\"ImageObject\",\"inLanguage\":\"es\",\"@id\":\"https:\\\/\\\/secure.gravatar.com\\\/avatar\\\/3a8de04a2656d44082be478bd6c086daa447c4651605818287b9532d3d0bd435?s=96&d=mm&r=g\",\"url\":\"https:\\\/\\\/secure.gravatar.com\\\/avatar\\\/3a8de04a2656d44082be478bd6c086daa447c4651605818287b9532d3d0bd435?s=96&d=mm&r=g\",\"contentUrl\":\"https:\\\/\\\/secure.gravatar.com\\\/avatar\\\/3a8de04a2656d44082be478bd6c086daa447c4651605818287b9532d3d0bd435?s=96&d=mm&r=g\",\"caption\":\"Lo viste en Los Pol\u00edticos\"},\"url\":\"https:\\\/\\\/lospoliticosveracruz.com\\\/?author=2\"}]}<\/script>\n<!-- \/ Yoast SEO plugin. -->","yoast_head_json":{"title":"EL MAYO ZAMBADA I - Los pol\u00edticos Veracruz","robots":{"index":"index","follow":"follow","max-snippet":"max-snippet:-1","max-image-preview":"max-image-preview:large","max-video-preview":"max-video-preview:-1"},"canonical":"https:\/\/lospoliticosveracruz.com\/?p=128224","og_locale":"es_ES","og_type":"article","og_title":"EL MAYO ZAMBADA I - Los pol\u00edticos Veracruz","og_description":"Jos\u00e9 Luis Ortega VidalClaroscuros(1)En su obra El Siglo de las drogas (Espasa-Calpe, 1996) el investigador Luis Astorga narra \u201cinformaci\u00f3n relevante sobre una entidad federativa, Sinaloa, donde surgen originalmente las condiciones sociohist\u00f3ricas de posibilidad para el cultivo y tr\u00e1fico de opio en gran escala, y en donde en donde hacen su aparici\u00f3n los traficantes desde una [&hellip;]","og_url":"https:\/\/lospoliticosveracruz.com\/?p=128224","og_site_name":"Los pol\u00edticos Veracruz","article_publisher":"https:\/\/www.facebook.com\/people\/Notimemes-de-los-Polticos\/61565672886568\/","article_published_time":"2024-08-02T02:28:36+00:00","article_modified_time":"2024-08-02T02:28:51+00:00","og_image":[{"width":1250,"height":667,"url":"https:\/\/lospoliticosveracruz.com\/wp-content\/uploads\/2024\/03\/Jose-Luis-Ortega-Vidal.jpg","type":"image\/jpeg"}],"author":"Lo viste en Los Pol\u00edticos","twitter_card":"summary_large_image","twitter_creator":"@LosPoliticosVer","twitter_site":"@LosPoliticosVer","twitter_misc":{"Escrito por":"Lo viste en Los Pol\u00edticos","Tiempo de lectura":"5 minutos"},"schema":{"@context":"https:\/\/schema.org","@graph":[{"@type":"Article","@id":"https:\/\/lospoliticosveracruz.com\/?p=128224#article","isPartOf":{"@id":"https:\/\/lospoliticosveracruz.com\/?p=128224"},"author":{"name":"Lo viste en Los Pol\u00edticos","@id":"https:\/\/lospoliticosveracruz.com\/#\/schema\/person\/b8702bb0e538456e6efd07080bf2a4a2"},"headline":"EL MAYO ZAMBADA I","datePublished":"2024-08-02T02:28:36+00:00","dateModified":"2024-08-02T02:28:51+00:00","mainEntityOfPage":{"@id":"https:\/\/lospoliticosveracruz.com\/?p=128224"},"wordCount":1010,"publisher":{"@id":"https:\/\/lospoliticosveracruz.com\/#organization"},"image":{"@id":"https:\/\/lospoliticosveracruz.com\/?p=128224#primaryimage"},"thumbnailUrl":"https:\/\/lospoliticosveracruz.com\/wp-content\/uploads\/2024\/03\/Jose-Luis-Ortega-Vidal.jpg","keywords":["Ismael \u201cEl Mayo\u201d Zambada","Jos\u00e9 Luis Ortega Vidal","Luis Alejandro Astorga Almanza","Sinaloa"],"articleSection":["De Opini\u00f3n"],"inLanguage":"es"},{"@type":"WebPage","@id":"https:\/\/lospoliticosveracruz.com\/?p=128224","url":"https:\/\/lospoliticosveracruz.com\/?p=128224","name":"EL MAYO ZAMBADA I - Los pol\u00edticos Veracruz","isPartOf":{"@id":"https:\/\/lospoliticosveracruz.com\/#website"},"primaryImageOfPage":{"@id":"https:\/\/lospoliticosveracruz.com\/?p=128224#primaryimage"},"image":{"@id":"https:\/\/lospoliticosveracruz.com\/?p=128224#primaryimage"},"thumbnailUrl":"https:\/\/lospoliticosveracruz.com\/wp-content\/uploads\/2024\/03\/Jose-Luis-Ortega-Vidal.jpg","datePublished":"2024-08-02T02:28:36+00:00","dateModified":"2024-08-02T02:28:51+00:00","breadcrumb":{"@id":"https:\/\/lospoliticosveracruz.com\/?p=128224#breadcrumb"},"inLanguage":"es","potentialAction":[{"@type":"ReadAction","target":["https:\/\/lospoliticosveracruz.com\/?p=128224"]}]},{"@type":"ImageObject","inLanguage":"es","@id":"https:\/\/lospoliticosveracruz.com\/?p=128224#primaryimage","url":"https:\/\/lospoliticosveracruz.com\/wp-content\/uploads\/2024\/03\/Jose-Luis-Ortega-Vidal.jpg","contentUrl":"https:\/\/lospoliticosveracruz.com\/wp-content\/uploads\/2024\/03\/Jose-Luis-Ortega-Vidal.jpg","width":1250,"height":667},{"@type":"BreadcrumbList","@id":"https:\/\/lospoliticosveracruz.com\/?p=128224#breadcrumb","itemListElement":[{"@type":"ListItem","position":1,"name":"Portada","item":"https:\/\/lospoliticosveracruz.com\/"},{"@type":"ListItem","position":2,"name":"EL MAYO ZAMBADA I"}]},{"@type":"WebSite","@id":"https:\/\/lospoliticosveracruz.com\/#website","url":"https:\/\/lospoliticosveracruz.com\/","name":"Los pol\u00edticos Veracruz","description":"","publisher":{"@id":"https:\/\/lospoliticosveracruz.com\/#organization"},"potentialAction":[{"@type":"SearchAction","target":{"@type":"EntryPoint","urlTemplate":"https:\/\/lospoliticosveracruz.com\/?s={search_term_string}"},"query-input":{"@type":"PropertyValueSpecification","valueRequired":true,"valueName":"search_term_string"}}],"inLanguage":"es"},{"@type":"Organization","@id":"https:\/\/lospoliticosveracruz.com\/#organization","name":"Los pol\u00edticos Veracruz","url":"https:\/\/lospoliticosveracruz.com\/","logo":{"@type":"ImageObject","inLanguage":"es","@id":"https:\/\/lospoliticosveracruz.com\/#\/schema\/logo\/image\/","url":"https:\/\/lospoliticosveracruz.com\/wp-content\/uploads\/2025\/12\/Logo-Nuevo-LOS-POLITICOS-1.jpg","contentUrl":"https:\/\/lospoliticosveracruz.com\/wp-content\/uploads\/2025\/12\/Logo-Nuevo-LOS-POLITICOS-1.jpg","width":260,"height":70,"caption":"Los pol\u00edticos Veracruz"},"image":{"@id":"https:\/\/lospoliticosveracruz.com\/#\/schema\/logo\/image\/"},"sameAs":["https:\/\/www.facebook.com\/people\/Notimemes-de-los-Polticos\/61565672886568\/","https:\/\/x.com\/LosPoliticosVer"]},{"@type":"Person","@id":"https:\/\/lospoliticosveracruz.com\/#\/schema\/person\/b8702bb0e538456e6efd07080bf2a4a2","name":"Lo viste en Los Pol\u00edticos","image":{"@type":"ImageObject","inLanguage":"es","@id":"https:\/\/secure.gravatar.com\/avatar\/3a8de04a2656d44082be478bd6c086daa447c4651605818287b9532d3d0bd435?s=96&d=mm&r=g","url":"https:\/\/secure.gravatar.com\/avatar\/3a8de04a2656d44082be478bd6c086daa447c4651605818287b9532d3d0bd435?s=96&d=mm&r=g","contentUrl":"https:\/\/secure.gravatar.com\/avatar\/3a8de04a2656d44082be478bd6c086daa447c4651605818287b9532d3d0bd435?s=96&d=mm&r=g","caption":"Lo viste en Los Pol\u00edticos"},"url":"https:\/\/lospoliticosveracruz.com\/?author=2"}]}},"_links":{"self":[{"href":"https:\/\/lospoliticosveracruz.com\/index.php?rest_route=\/wp\/v2\/posts\/128224","targetHints":{"allow":["GET"]}}],"collection":[{"href":"https:\/\/lospoliticosveracruz.com\/index.php?rest_route=\/wp\/v2\/posts"}],"about":[{"href":"https:\/\/lospoliticosveracruz.com\/index.php?rest_route=\/wp\/v2\/types\/post"}],"author":[{"embeddable":true,"href":"https:\/\/lospoliticosveracruz.com\/index.php?rest_route=\/wp\/v2\/users\/2"}],"replies":[{"embeddable":true,"href":"https:\/\/lospoliticosveracruz.com\/index.php?rest_route=%2Fwp%2Fv2%2Fcomments&post=128224"}],"version-history":[{"count":2,"href":"https:\/\/lospoliticosveracruz.com\/index.php?rest_route=\/wp\/v2\/posts\/128224\/revisions"}],"predecessor-version":[{"id":128226,"href":"https:\/\/lospoliticosveracruz.com\/index.php?rest_route=\/wp\/v2\/posts\/128224\/revisions\/128226"}],"wp:featuredmedia":[{"embeddable":true,"href":"https:\/\/lospoliticosveracruz.com\/index.php?rest_route=\/wp\/v2\/media\/119931"}],"wp:attachment":[{"href":"https:\/\/lospoliticosveracruz.com\/index.php?rest_route=%2Fwp%2Fv2%2Fmedia&parent=128224"}],"wp:term":[{"taxonomy":"category","embeddable":true,"href":"https:\/\/lospoliticosveracruz.com\/index.php?rest_route=%2Fwp%2Fv2%2Fcategories&post=128224"},{"taxonomy":"post_tag","embeddable":true,"href":"https:\/\/lospoliticosveracruz.com\/index.php?rest_route=%2Fwp%2Fv2%2Ftags&post=128224"}],"curies":[{"name":"wp","href":"https:\/\/api.w.org\/{rel}","templated":true}]}}