{"id":128233,"date":"2024-08-02T09:15:00","date_gmt":"2024-08-02T14:15:00","guid":{"rendered":"https:\/\/lospoliticosveracruz.com.mx\/?p=128233"},"modified":"2024-08-02T09:15:17","modified_gmt":"2024-08-02T14:15:17","slug":"el-fuego-amigo-sobre-cuitlahuac","status":"publish","type":"post","link":"https:\/\/lospoliticosveracruz.com\/?p=128233","title":{"rendered":"EL \u00abFUEGO AMIGO\u00bb SOBRE CUITL\u00c1HUAC"},"content":{"rendered":"\n<p><strong>Ricardo Chua<br><\/strong><em>Sale y Vale<br><\/em>A pesar de que lo tratan de \u00abdescarrilar\u00bb para que no llegue a su cargo como funcionario federal el gobernador de Veracruz, Cuitl\u00e1huac Garc\u00eda, se mantiene en el cargo de director de la Comisi\u00f3n Federal de Electricidad (CFE).. El mandatario anda molesto porque sus principales detractores son los mismos pol\u00edticos de MORENA.. Que ven como una \u00ababerraci\u00f3n\u00bb ese nombramiento.. Pero bueno es la 4T.. 90 por ciento lealtad.. El otro 10 por ciento vale una \u00abpura y dos con sal\u00bb..<\/p>\n\n\n<div class=\"wp-block-image\">\n<figure class=\"alignleft size-thumbnail\"><a href=\"https:\/\/lospoliticosveracruz.com.mx\/wp-content\/uploads\/2024\/05\/IMG_0341-e1716950925234.jpeg\"><img loading=\"lazy\" decoding=\"async\" width=\"150\" height=\"150\" src=\"https:\/\/lospoliticosveracruz.com.mx\/wp-content\/uploads\/2024\/05\/IMG_0341-150x150.jpeg\" alt=\"\" class=\"wp-image-125332\"\/><\/a><\/figure>\n<\/div>\n\n\n<p>Adem\u00e1s el equipo de Shienbaum en CDMX.. Tambi\u00e9n les vale lo que digan desde Veracruz, sobre la decisi\u00f3n que ha tomado la Presidenta Electa de mandar al xalape\u00f1o a la CFE en lugar de Manuel Bartlett.. As\u00ed que en la \u00abaldea\u00bb jarocha podr\u00e1n hasta \u00abberrear\u00bb porque Cuitl\u00e1huac entre al gobierno federal en un alto cargo.. La decisi\u00f3n est\u00e1 tomada y s\u00f3lo un REACOMODO de grupos y funcionarios podr\u00edan mover al veracruzano de la CFE.. Pero eso ser\u00e1 decisi\u00f3n de Claudia.. No de otra persona..<\/p>\n\n\n\n<p>S\u00f3lo hay que recordar que Shienbaum est\u00e1 pagando \u00abfacturas\u00bb por el apoyo que tuvo durante los 5 a\u00f1os que fue Jefa de Gobierno de Cuitl\u00e1huac para que fuera candidata Presidencial.. El xalape\u00f1o se la \u00abjug\u00f3\u00bb con ella en contra de Ricardo Monreal y Marcelo Ebrard.. Puso a disposici\u00f3n de Claudia, su equipo en Veracruz, pese a las sospechas que hay que ese equipo ped\u00eda el \u00abvoto cruzado\u00bb en contra de Roc\u00edo Nahle.. Pero a Shienabum le cumplieron.. Y ah\u00ed est\u00e1 el \u00abpago\u00bb de ese apoyo..<\/p>\n\n\n\n<p>Cuitl\u00e1huac lo podr\u00e1n criticar por la forma de hacer pol\u00edtica en Veracruz.. De ser un mal administrador.. De no dejar una obra insigne.. De considerarlo el peor gobernador de estos tiempos modernos en la entidad y de muchos \u00ablinduras\u00bb m\u00e1s.. Pero como gobernador, Cuitl\u00e1huac Garc\u00eda, le cumpli\u00f3 a MORENA, sus deseos a Andr\u00e9s Manuel L\u00f3pez Obrador.. Le dio m\u00e1s de dos millones de votos a Claudia y Nahle.. Electoralmente no entreg\u00f3 \u00abmalas cuentas\u00bb.. Es parte del equipo pol\u00edtico de Claudia y Mart\u00ed Batres.. SER\u00c1 DIF\u00cdCIL QUE LO REMUEVAN.. AMEN<\/p>\n\n\n\n<p>OJO.. El problema que tiene Cuitl\u00e1huac a\u00fan en Veracruz como gobernador saliente con los pr\u00f3ximos due\u00f1os de MORENA en Veracruz.. Que tomar\u00e1n Palacio de Gobierno en 4 meses.. Es con el \u00abPrimo\u00bb Eleazar Guerrero P\u00e9rez, ya que el diputado federal electo, sigue moviendo sus \u00abfichas\u00bb en la entidad y al interior de ese partido.. Al cual, les \u00abinyect\u00f3\u00bb mucho dinero cuando era subsecretario de Finanzas, a trav\u00e9s de su organizaci\u00f3n pol\u00edtico \u00abUnidos Todos\u00bb.. Para el tema de las elecciones a presidentes municipales en el 2025..<\/p>\n\n\n\n<p>Es que adem\u00e1s las \u00abgrillas\u00bb que llegan contra el Primo de Cuitl\u00e1huac al \u00abb\u00fanker\u00bb de Roc\u00edo Nahle.. Es que este personaje sigue con la idea de seguir pretendiendo trascender en el futuro gabinete.. Ya que el tema de las pr\u00f3ximas direcciones administrativas de las futuras dependencias estatales, es una \u00abgrilla\u00bb que no termina y eso sumado a las presuntas candidaturas que Guerrero P\u00e9rez quiere imponer en decenas de alcald\u00edas por MORENA, sigue escuchandose esta versi\u00f3n al interior del partido..<\/p>\n\n\n\n<p>Adem\u00e1s que al interior del equipo de Nahle.. Les \u00abpeg\u00f3\u00bb eso de que supuestamente la gente que opera con Eleazar Guerrero dec\u00edan que los nuevos funcionarios estatales que entrar\u00e1n en diciembre pr\u00f3ximo.. Si vienen con \u00abuna mano adelante y otra atr\u00e1s\u00bb.. Llegan \u00abcon mucha hambre y no tienen para amanecer\u00bb.. Eso nada gust\u00f3 y por eso, los allegados a Roc\u00edo no ven con buenos \u00abojos\u00bb a los del equipo de Cuitl\u00e1huac.. Y LO QUE FALTA.. Eleazar sabe que en un mes tiene fuero federal y podr\u00e1 seguir su camino en Veracruz. SALV\u00d3 QU\u00c9..<\/p>\n\n\n\n<p>Lo que s\u00ed es un \u00absecreto a voces\u00bb es que el equipo de \u00abLa T\u00eda Ch\u00edo\u00bb si anda documentando todas las propiedades con las que cuentan el equipo de El Primo Eleazar.. Los carros y residencias en toda la entidad, CDMX y presuntamente algunas m\u00e1s en Puebla y Canc\u00fan.. De esa manera, habr\u00e1 una manera m\u00e1s de presi\u00f3n en contra del diputado federal electo.. Sobre todo para que ya deje en paz los temas pol\u00edticos en Veracruz.. Y se dedique a disfrutar lo suyo y lo que hizo.. No se descarta \u00abVOMITO NEGRO\u00bb..<\/p>\n\n\n\n<p>As\u00ed que las semanas por venir habr\u00e1 muchas noticias en torno al primo de Cuitl\u00e1huac.. Se sabe que no faltan los \u00abqueda bien\u00bb que le van a \u00abchismear\u00bb a todos.. Lo que Eleazar hizo y deshizo en SEFIPLAN.. Al final de cuentas.. Su ex jefe, Jos\u00e9 Luis Lima Franco, con quien el Primo sostuvo desencuentros fuertes, se queda con Roc\u00edo de nueva cuenta como titular de la Secretar\u00eda de Finanzas.. As\u00ed que por informaci\u00f3n no van a sufrir.. Moraleja: ES BUENO CONFIAR.. PERO ES MEJOR NO CONFIAR. EL QUE ENTENDI\u00d3, ENTENDI\u00d3..<\/p>\n","protected":false},"excerpt":{"rendered":"<p>Ricardo ChuaSale y ValeA pesar de que lo tratan de \u00abdescarrilar\u00bb para que no llegue a su cargo como funcionario federal el gobernador de Veracruz, Cuitl\u00e1huac Garc\u00eda, se mantiene en el cargo de director de la Comisi\u00f3n Federal de Electricidad (CFE).. El mandatario anda molesto porque sus principales detractores son los mismos pol\u00edticos de MORENA.. [&hellip;]<\/p>\n","protected":false},"author":2,"featured_media":119817,"comment_status":"closed","ping_status":"closed","sticky":false,"template":"","format":"standard","meta":{"tdm_status":"","tdm_grid_status":"","footnotes":""},"categories":[70],"tags":[1563,13912,1026,28660,10353,195],"class_list":{"0":"post-128233","1":"post","2":"type-post","3":"status-publish","4":"format-standard","5":"has-post-thumbnail","7":"category-de-opinion","8":"tag-cuitlahuac-garcia-jimenez","9":"tag-eleazar-guerrero-perez","10":"tag-morena","11":"tag-ricardo-chua-2","12":"tag-ricardo-monreal","13":"tag-veracruz"},"yoast_head":"<!-- This site is optimized with the Yoast SEO plugin v27.4 - https:\/\/yoast.com\/product\/yoast-seo-wordpress\/ -->\n<title>EL &quot;FUEGO AMIGO&quot; SOBRE CUITL\u00c1HUAC - Los pol\u00edticos Veracruz<\/title>\n<meta name=\"robots\" content=\"index, follow, max-snippet:-1, max-image-preview:large, max-video-preview:-1\" \/>\n<link rel=\"canonical\" href=\"https:\/\/lospoliticosveracruz.com\/?p=128233\" \/>\n<meta property=\"og:locale\" content=\"es_ES\" \/>\n<meta property=\"og:type\" content=\"article\" \/>\n<meta property=\"og:title\" content=\"EL &quot;FUEGO AMIGO&quot; SOBRE CUITL\u00c1HUAC - Los pol\u00edticos Veracruz\" \/>\n<meta property=\"og:description\" content=\"Ricardo ChuaSale y ValeA pesar de que lo tratan de \u00abdescarrilar\u00bb para que no llegue a su cargo como funcionario federal el gobernador de Veracruz, Cuitl\u00e1huac Garc\u00eda, se mantiene en el cargo de director de la Comisi\u00f3n Federal de Electricidad (CFE).. El mandatario anda molesto porque sus principales detractores son los mismos pol\u00edticos de MORENA.. [&hellip;]\" \/>\n<meta property=\"og:url\" content=\"https:\/\/lospoliticosveracruz.com\/?p=128233\" \/>\n<meta property=\"og:site_name\" content=\"Los pol\u00edticos Veracruz\" \/>\n<meta property=\"article:publisher\" content=\"https:\/\/www.facebook.com\/people\/Notimemes-de-los-Polticos\/61565672886568\/\" \/>\n<meta property=\"article:published_time\" content=\"2024-08-02T14:15:00+00:00\" \/>\n<meta property=\"article:modified_time\" content=\"2024-08-02T14:15:17+00:00\" \/>\n<meta property=\"og:image\" content=\"https:\/\/lospoliticosveracruz.com\/wp-content\/uploads\/2024\/03\/Ricardo-Chua.jpg\" \/>\n\t<meta property=\"og:image:width\" content=\"1250\" \/>\n\t<meta property=\"og:image:height\" content=\"667\" \/>\n\t<meta property=\"og:image:type\" content=\"image\/jpeg\" \/>\n<meta name=\"author\" content=\"Lo viste en Los Pol\u00edticos\" \/>\n<meta name=\"twitter:card\" content=\"summary_large_image\" \/>\n<meta name=\"twitter:creator\" content=\"@LosPoliticosVer\" \/>\n<meta name=\"twitter:site\" content=\"@LosPoliticosVer\" \/>\n<meta name=\"twitter:label1\" content=\"Escrito por\" \/>\n\t<meta name=\"twitter:data1\" content=\"Lo viste en Los Pol\u00edticos\" \/>\n\t<meta name=\"twitter:label2\" content=\"Tiempo de lectura\" \/>\n\t<meta name=\"twitter:data2\" content=\"4 minutos\" \/>\n<script type=\"application\/ld+json\" class=\"yoast-schema-graph\">{\"@context\":\"https:\\\/\\\/schema.org\",\"@graph\":[{\"@type\":\"Article\",\"@id\":\"https:\\\/\\\/lospoliticosveracruz.com\\\/?p=128233#article\",\"isPartOf\":{\"@id\":\"https:\\\/\\\/lospoliticosveracruz.com\\\/?p=128233\"},\"author\":{\"name\":\"Lo viste en Los Pol\u00edticos\",\"@id\":\"https:\\\/\\\/lospoliticosveracruz.com\\\/#\\\/schema\\\/person\\\/b8702bb0e538456e6efd07080bf2a4a2\"},\"headline\":\"EL \u00abFUEGO AMIGO\u00bb SOBRE CUITL\u00c1HUAC\",\"datePublished\":\"2024-08-02T14:15:00+00:00\",\"dateModified\":\"2024-08-02T14:15:17+00:00\",\"mainEntityOfPage\":{\"@id\":\"https:\\\/\\\/lospoliticosveracruz.com\\\/?p=128233\"},\"wordCount\":853,\"publisher\":{\"@id\":\"https:\\\/\\\/lospoliticosveracruz.com\\\/#organization\"},\"image\":{\"@id\":\"https:\\\/\\\/lospoliticosveracruz.com\\\/?p=128233#primaryimage\"},\"thumbnailUrl\":\"https:\\\/\\\/lospoliticosveracruz.com\\\/wp-content\\\/uploads\\\/2024\\\/03\\\/Ricardo-Chua.jpg\",\"keywords\":[\"Cuitl\u00e1huac Garc\u00eda Jim\u00e9nez\",\"Eleazar Guerrero P\u00e9rez\",\"Morena\",\"Ricardo Chua\",\"Ricardo Monreal\",\"Veracruz\"],\"articleSection\":[\"De Opini\u00f3n\"],\"inLanguage\":\"es\"},{\"@type\":\"WebPage\",\"@id\":\"https:\\\/\\\/lospoliticosveracruz.com\\\/?p=128233\",\"url\":\"https:\\\/\\\/lospoliticosveracruz.com\\\/?p=128233\",\"name\":\"EL \\\"FUEGO AMIGO\\\" SOBRE CUITL\u00c1HUAC - Los pol\u00edticos Veracruz\",\"isPartOf\":{\"@id\":\"https:\\\/\\\/lospoliticosveracruz.com\\\/#website\"},\"primaryImageOfPage\":{\"@id\":\"https:\\\/\\\/lospoliticosveracruz.com\\\/?p=128233#primaryimage\"},\"image\":{\"@id\":\"https:\\\/\\\/lospoliticosveracruz.com\\\/?p=128233#primaryimage\"},\"thumbnailUrl\":\"https:\\\/\\\/lospoliticosveracruz.com\\\/wp-content\\\/uploads\\\/2024\\\/03\\\/Ricardo-Chua.jpg\",\"datePublished\":\"2024-08-02T14:15:00+00:00\",\"dateModified\":\"2024-08-02T14:15:17+00:00\",\"breadcrumb\":{\"@id\":\"https:\\\/\\\/lospoliticosveracruz.com\\\/?p=128233#breadcrumb\"},\"inLanguage\":\"es\",\"potentialAction\":[{\"@type\":\"ReadAction\",\"target\":[\"https:\\\/\\\/lospoliticosveracruz.com\\\/?p=128233\"]}]},{\"@type\":\"ImageObject\",\"inLanguage\":\"es\",\"@id\":\"https:\\\/\\\/lospoliticosveracruz.com\\\/?p=128233#primaryimage\",\"url\":\"https:\\\/\\\/lospoliticosveracruz.com\\\/wp-content\\\/uploads\\\/2024\\\/03\\\/Ricardo-Chua.jpg\",\"contentUrl\":\"https:\\\/\\\/lospoliticosveracruz.com\\\/wp-content\\\/uploads\\\/2024\\\/03\\\/Ricardo-Chua.jpg\",\"width\":1250,\"height\":667},{\"@type\":\"BreadcrumbList\",\"@id\":\"https:\\\/\\\/lospoliticosveracruz.com\\\/?p=128233#breadcrumb\",\"itemListElement\":[{\"@type\":\"ListItem\",\"position\":1,\"name\":\"Portada\",\"item\":\"https:\\\/\\\/lospoliticosveracruz.com\\\/\"},{\"@type\":\"ListItem\",\"position\":2,\"name\":\"EL \u00abFUEGO AMIGO\u00bb SOBRE CUITL\u00c1HUAC\"}]},{\"@type\":\"WebSite\",\"@id\":\"https:\\\/\\\/lospoliticosveracruz.com\\\/#website\",\"url\":\"https:\\\/\\\/lospoliticosveracruz.com\\\/\",\"name\":\"Los pol\u00edticos Veracruz\",\"description\":\"\",\"publisher\":{\"@id\":\"https:\\\/\\\/lospoliticosveracruz.com\\\/#organization\"},\"potentialAction\":[{\"@type\":\"SearchAction\",\"target\":{\"@type\":\"EntryPoint\",\"urlTemplate\":\"https:\\\/\\\/lospoliticosveracruz.com\\\/?s={search_term_string}\"},\"query-input\":{\"@type\":\"PropertyValueSpecification\",\"valueRequired\":true,\"valueName\":\"search_term_string\"}}],\"inLanguage\":\"es\"},{\"@type\":\"Organization\",\"@id\":\"https:\\\/\\\/lospoliticosveracruz.com\\\/#organization\",\"name\":\"Los pol\u00edticos Veracruz\",\"url\":\"https:\\\/\\\/lospoliticosveracruz.com\\\/\",\"logo\":{\"@type\":\"ImageObject\",\"inLanguage\":\"es\",\"@id\":\"https:\\\/\\\/lospoliticosveracruz.com\\\/#\\\/schema\\\/logo\\\/image\\\/\",\"url\":\"https:\\\/\\\/lospoliticosveracruz.com\\\/wp-content\\\/uploads\\\/2025\\\/12\\\/Logo-Nuevo-LOS-POLITICOS-1.jpg\",\"contentUrl\":\"https:\\\/\\\/lospoliticosveracruz.com\\\/wp-content\\\/uploads\\\/2025\\\/12\\\/Logo-Nuevo-LOS-POLITICOS-1.jpg\",\"width\":260,\"height\":70,\"caption\":\"Los pol\u00edticos Veracruz\"},\"image\":{\"@id\":\"https:\\\/\\\/lospoliticosveracruz.com\\\/#\\\/schema\\\/logo\\\/image\\\/\"},\"sameAs\":[\"https:\\\/\\\/www.facebook.com\\\/people\\\/Notimemes-de-los-Polticos\\\/61565672886568\\\/\",\"https:\\\/\\\/x.com\\\/LosPoliticosVer\"]},{\"@type\":\"Person\",\"@id\":\"https:\\\/\\\/lospoliticosveracruz.com\\\/#\\\/schema\\\/person\\\/b8702bb0e538456e6efd07080bf2a4a2\",\"name\":\"Lo viste en Los Pol\u00edticos\",\"image\":{\"@type\":\"ImageObject\",\"inLanguage\":\"es\",\"@id\":\"https:\\\/\\\/secure.gravatar.com\\\/avatar\\\/3a8de04a2656d44082be478bd6c086daa447c4651605818287b9532d3d0bd435?s=96&d=mm&r=g\",\"url\":\"https:\\\/\\\/secure.gravatar.com\\\/avatar\\\/3a8de04a2656d44082be478bd6c086daa447c4651605818287b9532d3d0bd435?s=96&d=mm&r=g\",\"contentUrl\":\"https:\\\/\\\/secure.gravatar.com\\\/avatar\\\/3a8de04a2656d44082be478bd6c086daa447c4651605818287b9532d3d0bd435?s=96&d=mm&r=g\",\"caption\":\"Lo viste en Los Pol\u00edticos\"},\"url\":\"https:\\\/\\\/lospoliticosveracruz.com\\\/?author=2\"}]}<\/script>\n<!-- \/ Yoast SEO plugin. -->","yoast_head_json":{"title":"EL \"FUEGO AMIGO\" SOBRE CUITL\u00c1HUAC - Los pol\u00edticos Veracruz","robots":{"index":"index","follow":"follow","max-snippet":"max-snippet:-1","max-image-preview":"max-image-preview:large","max-video-preview":"max-video-preview:-1"},"canonical":"https:\/\/lospoliticosveracruz.com\/?p=128233","og_locale":"es_ES","og_type":"article","og_title":"EL \"FUEGO AMIGO\" SOBRE CUITL\u00c1HUAC - Los pol\u00edticos Veracruz","og_description":"Ricardo ChuaSale y ValeA pesar de que lo tratan de \u00abdescarrilar\u00bb para que no llegue a su cargo como funcionario federal el gobernador de Veracruz, Cuitl\u00e1huac Garc\u00eda, se mantiene en el cargo de director de la Comisi\u00f3n Federal de Electricidad (CFE).. El mandatario anda molesto porque sus principales detractores son los mismos pol\u00edticos de MORENA.. [&hellip;]","og_url":"https:\/\/lospoliticosveracruz.com\/?p=128233","og_site_name":"Los pol\u00edticos Veracruz","article_publisher":"https:\/\/www.facebook.com\/people\/Notimemes-de-los-Polticos\/61565672886568\/","article_published_time":"2024-08-02T14:15:00+00:00","article_modified_time":"2024-08-02T14:15:17+00:00","og_image":[{"width":1250,"height":667,"url":"https:\/\/lospoliticosveracruz.com\/wp-content\/uploads\/2024\/03\/Ricardo-Chua.jpg","type":"image\/jpeg"}],"author":"Lo viste en Los Pol\u00edticos","twitter_card":"summary_large_image","twitter_creator":"@LosPoliticosVer","twitter_site":"@LosPoliticosVer","twitter_misc":{"Escrito por":"Lo viste en Los Pol\u00edticos","Tiempo de lectura":"4 minutos"},"schema":{"@context":"https:\/\/schema.org","@graph":[{"@type":"Article","@id":"https:\/\/lospoliticosveracruz.com\/?p=128233#article","isPartOf":{"@id":"https:\/\/lospoliticosveracruz.com\/?p=128233"},"author":{"name":"Lo viste en Los Pol\u00edticos","@id":"https:\/\/lospoliticosveracruz.com\/#\/schema\/person\/b8702bb0e538456e6efd07080bf2a4a2"},"headline":"EL \u00abFUEGO AMIGO\u00bb SOBRE CUITL\u00c1HUAC","datePublished":"2024-08-02T14:15:00+00:00","dateModified":"2024-08-02T14:15:17+00:00","mainEntityOfPage":{"@id":"https:\/\/lospoliticosveracruz.com\/?p=128233"},"wordCount":853,"publisher":{"@id":"https:\/\/lospoliticosveracruz.com\/#organization"},"image":{"@id":"https:\/\/lospoliticosveracruz.com\/?p=128233#primaryimage"},"thumbnailUrl":"https:\/\/lospoliticosveracruz.com\/wp-content\/uploads\/2024\/03\/Ricardo-Chua.jpg","keywords":["Cuitl\u00e1huac Garc\u00eda Jim\u00e9nez","Eleazar Guerrero P\u00e9rez","Morena","Ricardo Chua","Ricardo Monreal","Veracruz"],"articleSection":["De Opini\u00f3n"],"inLanguage":"es"},{"@type":"WebPage","@id":"https:\/\/lospoliticosveracruz.com\/?p=128233","url":"https:\/\/lospoliticosveracruz.com\/?p=128233","name":"EL \"FUEGO AMIGO\" SOBRE CUITL\u00c1HUAC - Los pol\u00edticos Veracruz","isPartOf":{"@id":"https:\/\/lospoliticosveracruz.com\/#website"},"primaryImageOfPage":{"@id":"https:\/\/lospoliticosveracruz.com\/?p=128233#primaryimage"},"image":{"@id":"https:\/\/lospoliticosveracruz.com\/?p=128233#primaryimage"},"thumbnailUrl":"https:\/\/lospoliticosveracruz.com\/wp-content\/uploads\/2024\/03\/Ricardo-Chua.jpg","datePublished":"2024-08-02T14:15:00+00:00","dateModified":"2024-08-02T14:15:17+00:00","breadcrumb":{"@id":"https:\/\/lospoliticosveracruz.com\/?p=128233#breadcrumb"},"inLanguage":"es","potentialAction":[{"@type":"ReadAction","target":["https:\/\/lospoliticosveracruz.com\/?p=128233"]}]},{"@type":"ImageObject","inLanguage":"es","@id":"https:\/\/lospoliticosveracruz.com\/?p=128233#primaryimage","url":"https:\/\/lospoliticosveracruz.com\/wp-content\/uploads\/2024\/03\/Ricardo-Chua.jpg","contentUrl":"https:\/\/lospoliticosveracruz.com\/wp-content\/uploads\/2024\/03\/Ricardo-Chua.jpg","width":1250,"height":667},{"@type":"BreadcrumbList","@id":"https:\/\/lospoliticosveracruz.com\/?p=128233#breadcrumb","itemListElement":[{"@type":"ListItem","position":1,"name":"Portada","item":"https:\/\/lospoliticosveracruz.com\/"},{"@type":"ListItem","position":2,"name":"EL \u00abFUEGO AMIGO\u00bb SOBRE CUITL\u00c1HUAC"}]},{"@type":"WebSite","@id":"https:\/\/lospoliticosveracruz.com\/#website","url":"https:\/\/lospoliticosveracruz.com\/","name":"Los pol\u00edticos Veracruz","description":"","publisher":{"@id":"https:\/\/lospoliticosveracruz.com\/#organization"},"potentialAction":[{"@type":"SearchAction","target":{"@type":"EntryPoint","urlTemplate":"https:\/\/lospoliticosveracruz.com\/?s={search_term_string}"},"query-input":{"@type":"PropertyValueSpecification","valueRequired":true,"valueName":"search_term_string"}}],"inLanguage":"es"},{"@type":"Organization","@id":"https:\/\/lospoliticosveracruz.com\/#organization","name":"Los pol\u00edticos Veracruz","url":"https:\/\/lospoliticosveracruz.com\/","logo":{"@type":"ImageObject","inLanguage":"es","@id":"https:\/\/lospoliticosveracruz.com\/#\/schema\/logo\/image\/","url":"https:\/\/lospoliticosveracruz.com\/wp-content\/uploads\/2025\/12\/Logo-Nuevo-LOS-POLITICOS-1.jpg","contentUrl":"https:\/\/lospoliticosveracruz.com\/wp-content\/uploads\/2025\/12\/Logo-Nuevo-LOS-POLITICOS-1.jpg","width":260,"height":70,"caption":"Los pol\u00edticos Veracruz"},"image":{"@id":"https:\/\/lospoliticosveracruz.com\/#\/schema\/logo\/image\/"},"sameAs":["https:\/\/www.facebook.com\/people\/Notimemes-de-los-Polticos\/61565672886568\/","https:\/\/x.com\/LosPoliticosVer"]},{"@type":"Person","@id":"https:\/\/lospoliticosveracruz.com\/#\/schema\/person\/b8702bb0e538456e6efd07080bf2a4a2","name":"Lo viste en Los Pol\u00edticos","image":{"@type":"ImageObject","inLanguage":"es","@id":"https:\/\/secure.gravatar.com\/avatar\/3a8de04a2656d44082be478bd6c086daa447c4651605818287b9532d3d0bd435?s=96&d=mm&r=g","url":"https:\/\/secure.gravatar.com\/avatar\/3a8de04a2656d44082be478bd6c086daa447c4651605818287b9532d3d0bd435?s=96&d=mm&r=g","contentUrl":"https:\/\/secure.gravatar.com\/avatar\/3a8de04a2656d44082be478bd6c086daa447c4651605818287b9532d3d0bd435?s=96&d=mm&r=g","caption":"Lo viste en Los Pol\u00edticos"},"url":"https:\/\/lospoliticosveracruz.com\/?author=2"}]}},"_links":{"self":[{"href":"https:\/\/lospoliticosveracruz.com\/index.php?rest_route=\/wp\/v2\/posts\/128233","targetHints":{"allow":["GET"]}}],"collection":[{"href":"https:\/\/lospoliticosveracruz.com\/index.php?rest_route=\/wp\/v2\/posts"}],"about":[{"href":"https:\/\/lospoliticosveracruz.com\/index.php?rest_route=\/wp\/v2\/types\/post"}],"author":[{"embeddable":true,"href":"https:\/\/lospoliticosveracruz.com\/index.php?rest_route=\/wp\/v2\/users\/2"}],"replies":[{"embeddable":true,"href":"https:\/\/lospoliticosveracruz.com\/index.php?rest_route=%2Fwp%2Fv2%2Fcomments&post=128233"}],"version-history":[{"count":1,"href":"https:\/\/lospoliticosveracruz.com\/index.php?rest_route=\/wp\/v2\/posts\/128233\/revisions"}],"predecessor-version":[{"id":128234,"href":"https:\/\/lospoliticosveracruz.com\/index.php?rest_route=\/wp\/v2\/posts\/128233\/revisions\/128234"}],"wp:featuredmedia":[{"embeddable":true,"href":"https:\/\/lospoliticosveracruz.com\/index.php?rest_route=\/wp\/v2\/media\/119817"}],"wp:attachment":[{"href":"https:\/\/lospoliticosveracruz.com\/index.php?rest_route=%2Fwp%2Fv2%2Fmedia&parent=128233"}],"wp:term":[{"taxonomy":"category","embeddable":true,"href":"https:\/\/lospoliticosveracruz.com\/index.php?rest_route=%2Fwp%2Fv2%2Fcategories&post=128233"},{"taxonomy":"post_tag","embeddable":true,"href":"https:\/\/lospoliticosveracruz.com\/index.php?rest_route=%2Fwp%2Fv2%2Ftags&post=128233"}],"curies":[{"name":"wp","href":"https:\/\/api.w.org\/{rel}","templated":true}]}}