{"id":128236,"date":"2024-08-02T09:24:37","date_gmt":"2024-08-02T14:24:37","guid":{"rendered":"https:\/\/lospoliticosveracruz.com.mx\/?p=128236"},"modified":"2024-08-02T09:24:50","modified_gmt":"2024-08-02T14:24:50","slug":"futuro-incierto-2","status":"publish","type":"post","link":"https:\/\/lospoliticosveracruz.com\/?p=128236","title":{"rendered":"FUTURO INCIERTO"},"content":{"rendered":"\n<p><strong>Oved Contreras<\/strong><\/p>\n\n\n\n<p><em>Secas Mecas<\/em><\/p>\n\n\n\n<p>A Cuitl\u00e1huac Garc\u00eda le pasa lo que a la canci\u00f3n del m\u00edtico Jos\u00e9 Alfredo Jim\u00e9nez que dice \u201cporque est\u00e1s que te vas, y te vas y te vas, y no te has ido\u201d\u2026dicen que despu\u00e9s de presentar su \u00faltimo informe de gobierno para el 18 de agosto se definir\u00e1 su futuro pol\u00edtico\u2026algunos lo colocan en CFE y otros en Conagua pero lo cierto es que todav\u00eda no hay nada seguro para el Ku\u00edkaras en el gabinete de Claudia Sheinbaum.<\/p>\n\n\n<div class=\"wp-block-image\">\n<figure class=\"alignleft size-medium\"><a href=\"https:\/\/lospoliticosveracruz.com.mx\/wp-content\/uploads\/2021\/10\/Zacauilt.jpg\"><img decoding=\"async\" src=\"https:\/\/lospoliticosveracruz.com.mx\/wp-content\/uploads\/2021\/10\/Zacauilt-150x300.jpg\" alt=\"\" class=\"wp-image-80558\"\/><\/a><\/figure>\n<\/div>\n\n\n<p>La jefa de la Oficina del Programa de Gobierno, Waltraud Mart\u00ednez Olvera, confirm\u00f3 que el pr\u00f3ximo 18 de agosto es el informe pero todav\u00eda est\u00e1 por definirse el lugar donde se rendir\u00e1n cuentas a la ciudadan\u00eda sobre las acciones realizadas en el \u00faltimo a\u00f1o de la administraci\u00f3n.<\/p>\n\n\n\n<p>Para ese mismo acto se contempla que el documento oficial sea entregado formalmente al Congreso de Veracruz hasta el pr\u00f3ximo 15 de noviembre, tal como lo marca la Constituci\u00f3n. Mart\u00ednez Olvera asegura que esta administraci\u00f3n se ha basado en la restituci\u00f3n de los derechos sociales b\u00e1sicos, prioritariamente para quienes m\u00e1s lo necesitan, pero atendiendo a toda la poblaci\u00f3n\u2026eso en el discurso porque en los hechos, el gobierno de Cuitl\u00e1huac siempre estuvo alejado de la gente\u2026basta ver los reclamos que le hacen sectores como los colectivos feministas y de personas desaparecidas.<\/p>\n\n\n\n<p>El informe de Cuitl\u00e1huac Garc\u00eda ser\u00e1 pintar un Veracruz paralelo alejado de la realidad, con rezagos en rubros como sector Salud, carreteras y educativo\u2026le hereda seis a\u00f1os de rezago a la t\u00eda Ch\u00edo que en muchos casos tendr\u00e1 que empezar de cero.<\/p>\n\n\n\n<p><strong>SON UN DESASTRE<\/strong>\u2026Las carreteras de Veracruz \u201cson un desastre\u201d y tanto Cuitl\u00e1huac Garc\u00eda como Roc\u00edo Nahle deber\u00edan estar preocupados por las malas condiciones de la red carretera estatal, acus\u00f3 el senador electo Manuel Huerta, qui\u00e9n sugiri\u00f3 que deber\u00edan auditarse todas las obras de rehabilitaci\u00f3n de caminos ante su r\u00e1pido deterioro, pues seguramente hubo corrupci\u00f3n.<\/p>\n\n\n\n<p>Incluso, afirm\u00f3 que con la visita del presidente Andr\u00e9s Manuel L\u00f3pez Obrador a Veracruz este domingo, para inaugurar obras como el puente que une a Oaxaca con Veracruz, el mandatario federal podr\u00e1 constatar las malas condiciones de vialidades en la entidad, y seguro que se va a enterar del desastre en las carreteras que existen por otros lados.<\/p>\n\n\n\n<p>\u201cYo en particular estoy sorprendido del deterioro en las carreteras, sobre todo aqu\u00ed alrededor de Laguna Verde, por la implicaci\u00f3n que tiene. Ya se hab\u00eda dicho que se iba a dar no s\u00f3lo mantenimiento, sino un cuidado m\u00e1s especial. Y la verdad es que no se nota ni ah\u00ed ni en varias carreteras que anda uno circulando. Yo ando para arriba y para abajo y me doy cuenta de las dificultades que hay\u201d, expuso.<\/p>\n\n\n\n<p>El ex delegado de Bienestar afirma que no es por falta de mantenimiento o problemas menores, por lo que tendr\u00eda que haber una auditor\u00eda para revisar las condiciones en que las obras se llevaron a cabo, pues no puede haber deterioros tan r\u00e1pidos. Hace unos d\u00edas, dice que estuvo en la zona de Los Tuxtlas y viniendo del sur para ac\u00e1, son carreteras recientemente hechas, nuevas se puede decir, y que con una lluvia se parezcan a la luna no puede ser posible.<\/p>\n\n\n\n<p><strong>LE META MANO<\/strong>\u2026La regidora de Veracruz, Lissethe Mart\u00ednez Echeverr\u00eda inici\u00f3 con los tr\u00e1mites para que se ejecute la reparaci\u00f3n de la bomba de agua en el fraccionamiento Costa Dorada al norte de la ciudad, y se\u00f1ala que en la \u00faltima sesi\u00f3n de Cabildo hizo la solicitud a la alcaldesa, Patricia Lobeira, para que se atienda esta problem\u00e1tica que afecta a cientos de familias en el mencionado complejo habitacional.<\/p>\n\n\n\n<p>\u00abQue es lo que podemos hacer, hacer una muy buena gesti\u00f3n con las dependencias a cargo del servicio de abastecimiento del agua como es Grupo MAS y diferentes concesionarios que est\u00e1n en la zona norte de nuestro municipio de Veracruz, y tambi\u00e9n si hay voluntad por parte de la alcaldesa, poderlos ayudar para reparar la bomba de agua que est\u00e1 ah\u00ed suministrando en esa colonia\u201d, refiere.<\/p>\n\n\n\n<p>La edil inici\u00f3 con los trabajos de gesti\u00f3n, actualmente tiene ya el expediente completo y se ha girado las \u00e1reas correspondientes como es la direcci\u00f3n de Obras, al Instituto Metropolitano del Agua, tambi\u00e9n al Grupo MAS y por supuesto a la alcaldesa y, a la direcci\u00f3n de Gobernaci\u00f3n, pues para que en la suma de esos esfuerzos se pueda dar la atenci\u00f3n precisa\u00bb, coment\u00f3 la edil de Morena.<\/p>\n\n\n\n<p>Lissethe Mart\u00ednez lament\u00f3 que esta situaci\u00f3n sea com\u00fan en varias colonias y fraccionamientos de la zona norte de la ciudad, pues muchas fueron abandonadas por los desarrolladores de vivienda que dejaron sin municipalizar varios complejos habitacionales, ocasionando que no todos cuenten con los servicios b\u00e1sicos como el suministro de agua o la recolecci\u00f3n de basura.<\/p>\n","protected":false},"excerpt":{"rendered":"<p>Oved Contreras Secas Mecas A Cuitl\u00e1huac Garc\u00eda le pasa lo que a la canci\u00f3n del m\u00edtico Jos\u00e9 Alfredo Jim\u00e9nez que dice \u201cporque est\u00e1s que te vas, y te vas y te vas, y no te has ido\u201d\u2026dicen que despu\u00e9s de presentar su \u00faltimo informe de gobierno para el 18 de agosto se definir\u00e1 su futuro [&hellip;]<\/p>\n","protected":false},"author":2,"featured_media":119816,"comment_status":"closed","ping_status":"closed","sticky":false,"template":"","format":"standard","meta":{"tdm_status":"","tdm_grid_status":"","footnotes":""},"categories":[70],"tags":[1563,35101,1026,39715,28254,3578,195],"class_list":{"0":"post-128236","1":"post","2":"type-post","3":"status-publish","4":"format-standard","5":"has-post-thumbnail","7":"category-de-opinion","8":"tag-cuitlahuac-garcia-jimenez","9":"tag-lissethe-martinez-echeverria","10":"tag-morena","11":"tag-oved-contreras","12":"tag-patricia-lobeira","13":"tag-rocio-nahle","14":"tag-veracruz"},"yoast_head":"<!-- This site is optimized with the Yoast SEO plugin v27.4 - https:\/\/yoast.com\/product\/yoast-seo-wordpress\/ -->\n<title>FUTURO INCIERTO - Los pol\u00edticos Veracruz<\/title>\n<meta name=\"robots\" content=\"index, follow, max-snippet:-1, max-image-preview:large, max-video-preview:-1\" \/>\n<link rel=\"canonical\" href=\"https:\/\/lospoliticosveracruz.com\/?p=128236\" \/>\n<meta property=\"og:locale\" content=\"es_ES\" \/>\n<meta property=\"og:type\" content=\"article\" \/>\n<meta property=\"og:title\" content=\"FUTURO INCIERTO - Los pol\u00edticos Veracruz\" \/>\n<meta property=\"og:description\" content=\"Oved Contreras Secas Mecas A Cuitl\u00e1huac Garc\u00eda le pasa lo que a la canci\u00f3n del m\u00edtico Jos\u00e9 Alfredo Jim\u00e9nez que dice \u201cporque est\u00e1s que te vas, y te vas y te vas, y no te has ido\u201d\u2026dicen que despu\u00e9s de presentar su \u00faltimo informe de gobierno para el 18 de agosto se definir\u00e1 su futuro [&hellip;]\" \/>\n<meta property=\"og:url\" content=\"https:\/\/lospoliticosveracruz.com\/?p=128236\" \/>\n<meta property=\"og:site_name\" content=\"Los pol\u00edticos Veracruz\" \/>\n<meta property=\"article:publisher\" content=\"https:\/\/www.facebook.com\/people\/Notimemes-de-los-Polticos\/61565672886568\/\" \/>\n<meta property=\"article:published_time\" content=\"2024-08-02T14:24:37+00:00\" \/>\n<meta property=\"article:modified_time\" content=\"2024-08-02T14:24:50+00:00\" \/>\n<meta property=\"og:image\" content=\"https:\/\/lospoliticosveracruz.com\/wp-content\/uploads\/2024\/03\/Oved-Contreras.jpg\" \/>\n\t<meta property=\"og:image:width\" content=\"1250\" \/>\n\t<meta property=\"og:image:height\" content=\"667\" \/>\n\t<meta property=\"og:image:type\" content=\"image\/jpeg\" \/>\n<meta name=\"author\" content=\"Lo viste en Los Pol\u00edticos\" \/>\n<meta name=\"twitter:card\" content=\"summary_large_image\" \/>\n<meta name=\"twitter:creator\" content=\"@LosPoliticosVer\" \/>\n<meta name=\"twitter:site\" content=\"@LosPoliticosVer\" \/>\n<meta name=\"twitter:label1\" content=\"Escrito por\" \/>\n\t<meta name=\"twitter:data1\" content=\"Lo viste en Los Pol\u00edticos\" \/>\n\t<meta name=\"twitter:label2\" content=\"Tiempo de lectura\" \/>\n\t<meta name=\"twitter:data2\" content=\"4 minutos\" \/>\n<script type=\"application\/ld+json\" class=\"yoast-schema-graph\">{\"@context\":\"https:\\\/\\\/schema.org\",\"@graph\":[{\"@type\":\"Article\",\"@id\":\"https:\\\/\\\/lospoliticosveracruz.com\\\/?p=128236#article\",\"isPartOf\":{\"@id\":\"https:\\\/\\\/lospoliticosveracruz.com\\\/?p=128236\"},\"author\":{\"name\":\"Lo viste en Los Pol\u00edticos\",\"@id\":\"https:\\\/\\\/lospoliticosveracruz.com\\\/#\\\/schema\\\/person\\\/b8702bb0e538456e6efd07080bf2a4a2\"},\"headline\":\"FUTURO INCIERTO\",\"datePublished\":\"2024-08-02T14:24:37+00:00\",\"dateModified\":\"2024-08-02T14:24:50+00:00\",\"mainEntityOfPage\":{\"@id\":\"https:\\\/\\\/lospoliticosveracruz.com\\\/?p=128236\"},\"wordCount\":865,\"publisher\":{\"@id\":\"https:\\\/\\\/lospoliticosveracruz.com\\\/#organization\"},\"image\":{\"@id\":\"https:\\\/\\\/lospoliticosveracruz.com\\\/?p=128236#primaryimage\"},\"thumbnailUrl\":\"https:\\\/\\\/lospoliticosveracruz.com\\\/wp-content\\\/uploads\\\/2024\\\/03\\\/Oved-Contreras.jpg\",\"keywords\":[\"Cuitl\u00e1huac Garc\u00eda Jim\u00e9nez\",\"Lissethe Mart\u00ednez Echeverr\u00eda\",\"Morena\",\"Oved Contreras\",\"Patricia Lobeira\",\"Roc\u00edo Nahle\",\"Veracruz\"],\"articleSection\":[\"De Opini\u00f3n\"],\"inLanguage\":\"es\"},{\"@type\":\"WebPage\",\"@id\":\"https:\\\/\\\/lospoliticosveracruz.com\\\/?p=128236\",\"url\":\"https:\\\/\\\/lospoliticosveracruz.com\\\/?p=128236\",\"name\":\"FUTURO INCIERTO - Los pol\u00edticos Veracruz\",\"isPartOf\":{\"@id\":\"https:\\\/\\\/lospoliticosveracruz.com\\\/#website\"},\"primaryImageOfPage\":{\"@id\":\"https:\\\/\\\/lospoliticosveracruz.com\\\/?p=128236#primaryimage\"},\"image\":{\"@id\":\"https:\\\/\\\/lospoliticosveracruz.com\\\/?p=128236#primaryimage\"},\"thumbnailUrl\":\"https:\\\/\\\/lospoliticosveracruz.com\\\/wp-content\\\/uploads\\\/2024\\\/03\\\/Oved-Contreras.jpg\",\"datePublished\":\"2024-08-02T14:24:37+00:00\",\"dateModified\":\"2024-08-02T14:24:50+00:00\",\"breadcrumb\":{\"@id\":\"https:\\\/\\\/lospoliticosveracruz.com\\\/?p=128236#breadcrumb\"},\"inLanguage\":\"es\",\"potentialAction\":[{\"@type\":\"ReadAction\",\"target\":[\"https:\\\/\\\/lospoliticosveracruz.com\\\/?p=128236\"]}]},{\"@type\":\"ImageObject\",\"inLanguage\":\"es\",\"@id\":\"https:\\\/\\\/lospoliticosveracruz.com\\\/?p=128236#primaryimage\",\"url\":\"https:\\\/\\\/lospoliticosveracruz.com\\\/wp-content\\\/uploads\\\/2024\\\/03\\\/Oved-Contreras.jpg\",\"contentUrl\":\"https:\\\/\\\/lospoliticosveracruz.com\\\/wp-content\\\/uploads\\\/2024\\\/03\\\/Oved-Contreras.jpg\",\"width\":1250,\"height\":667},{\"@type\":\"BreadcrumbList\",\"@id\":\"https:\\\/\\\/lospoliticosveracruz.com\\\/?p=128236#breadcrumb\",\"itemListElement\":[{\"@type\":\"ListItem\",\"position\":1,\"name\":\"Portada\",\"item\":\"https:\\\/\\\/lospoliticosveracruz.com\\\/\"},{\"@type\":\"ListItem\",\"position\":2,\"name\":\"FUTURO INCIERTO\"}]},{\"@type\":\"WebSite\",\"@id\":\"https:\\\/\\\/lospoliticosveracruz.com\\\/#website\",\"url\":\"https:\\\/\\\/lospoliticosveracruz.com\\\/\",\"name\":\"Los pol\u00edticos Veracruz\",\"description\":\"\",\"publisher\":{\"@id\":\"https:\\\/\\\/lospoliticosveracruz.com\\\/#organization\"},\"potentialAction\":[{\"@type\":\"SearchAction\",\"target\":{\"@type\":\"EntryPoint\",\"urlTemplate\":\"https:\\\/\\\/lospoliticosveracruz.com\\\/?s={search_term_string}\"},\"query-input\":{\"@type\":\"PropertyValueSpecification\",\"valueRequired\":true,\"valueName\":\"search_term_string\"}}],\"inLanguage\":\"es\"},{\"@type\":\"Organization\",\"@id\":\"https:\\\/\\\/lospoliticosveracruz.com\\\/#organization\",\"name\":\"Los pol\u00edticos Veracruz\",\"url\":\"https:\\\/\\\/lospoliticosveracruz.com\\\/\",\"logo\":{\"@type\":\"ImageObject\",\"inLanguage\":\"es\",\"@id\":\"https:\\\/\\\/lospoliticosveracruz.com\\\/#\\\/schema\\\/logo\\\/image\\\/\",\"url\":\"https:\\\/\\\/lospoliticosveracruz.com\\\/wp-content\\\/uploads\\\/2025\\\/12\\\/Logo-Nuevo-LOS-POLITICOS-1.jpg\",\"contentUrl\":\"https:\\\/\\\/lospoliticosveracruz.com\\\/wp-content\\\/uploads\\\/2025\\\/12\\\/Logo-Nuevo-LOS-POLITICOS-1.jpg\",\"width\":260,\"height\":70,\"caption\":\"Los pol\u00edticos Veracruz\"},\"image\":{\"@id\":\"https:\\\/\\\/lospoliticosveracruz.com\\\/#\\\/schema\\\/logo\\\/image\\\/\"},\"sameAs\":[\"https:\\\/\\\/www.facebook.com\\\/people\\\/Notimemes-de-los-Polticos\\\/61565672886568\\\/\",\"https:\\\/\\\/x.com\\\/LosPoliticosVer\"]},{\"@type\":\"Person\",\"@id\":\"https:\\\/\\\/lospoliticosveracruz.com\\\/#\\\/schema\\\/person\\\/b8702bb0e538456e6efd07080bf2a4a2\",\"name\":\"Lo viste en Los Pol\u00edticos\",\"image\":{\"@type\":\"ImageObject\",\"inLanguage\":\"es\",\"@id\":\"https:\\\/\\\/secure.gravatar.com\\\/avatar\\\/3a8de04a2656d44082be478bd6c086daa447c4651605818287b9532d3d0bd435?s=96&d=mm&r=g\",\"url\":\"https:\\\/\\\/secure.gravatar.com\\\/avatar\\\/3a8de04a2656d44082be478bd6c086daa447c4651605818287b9532d3d0bd435?s=96&d=mm&r=g\",\"contentUrl\":\"https:\\\/\\\/secure.gravatar.com\\\/avatar\\\/3a8de04a2656d44082be478bd6c086daa447c4651605818287b9532d3d0bd435?s=96&d=mm&r=g\",\"caption\":\"Lo viste en Los Pol\u00edticos\"},\"url\":\"https:\\\/\\\/lospoliticosveracruz.com\\\/?author=2\"}]}<\/script>\n<!-- \/ Yoast SEO plugin. -->","yoast_head_json":{"title":"FUTURO INCIERTO - Los pol\u00edticos Veracruz","robots":{"index":"index","follow":"follow","max-snippet":"max-snippet:-1","max-image-preview":"max-image-preview:large","max-video-preview":"max-video-preview:-1"},"canonical":"https:\/\/lospoliticosveracruz.com\/?p=128236","og_locale":"es_ES","og_type":"article","og_title":"FUTURO INCIERTO - Los pol\u00edticos Veracruz","og_description":"Oved Contreras Secas Mecas A Cuitl\u00e1huac Garc\u00eda le pasa lo que a la canci\u00f3n del m\u00edtico Jos\u00e9 Alfredo Jim\u00e9nez que dice \u201cporque est\u00e1s que te vas, y te vas y te vas, y no te has ido\u201d\u2026dicen que despu\u00e9s de presentar su \u00faltimo informe de gobierno para el 18 de agosto se definir\u00e1 su futuro [&hellip;]","og_url":"https:\/\/lospoliticosveracruz.com\/?p=128236","og_site_name":"Los pol\u00edticos Veracruz","article_publisher":"https:\/\/www.facebook.com\/people\/Notimemes-de-los-Polticos\/61565672886568\/","article_published_time":"2024-08-02T14:24:37+00:00","article_modified_time":"2024-08-02T14:24:50+00:00","og_image":[{"width":1250,"height":667,"url":"https:\/\/lospoliticosveracruz.com\/wp-content\/uploads\/2024\/03\/Oved-Contreras.jpg","type":"image\/jpeg"}],"author":"Lo viste en Los Pol\u00edticos","twitter_card":"summary_large_image","twitter_creator":"@LosPoliticosVer","twitter_site":"@LosPoliticosVer","twitter_misc":{"Escrito por":"Lo viste en Los Pol\u00edticos","Tiempo de lectura":"4 minutos"},"schema":{"@context":"https:\/\/schema.org","@graph":[{"@type":"Article","@id":"https:\/\/lospoliticosveracruz.com\/?p=128236#article","isPartOf":{"@id":"https:\/\/lospoliticosveracruz.com\/?p=128236"},"author":{"name":"Lo viste en Los Pol\u00edticos","@id":"https:\/\/lospoliticosveracruz.com\/#\/schema\/person\/b8702bb0e538456e6efd07080bf2a4a2"},"headline":"FUTURO INCIERTO","datePublished":"2024-08-02T14:24:37+00:00","dateModified":"2024-08-02T14:24:50+00:00","mainEntityOfPage":{"@id":"https:\/\/lospoliticosveracruz.com\/?p=128236"},"wordCount":865,"publisher":{"@id":"https:\/\/lospoliticosveracruz.com\/#organization"},"image":{"@id":"https:\/\/lospoliticosveracruz.com\/?p=128236#primaryimage"},"thumbnailUrl":"https:\/\/lospoliticosveracruz.com\/wp-content\/uploads\/2024\/03\/Oved-Contreras.jpg","keywords":["Cuitl\u00e1huac Garc\u00eda Jim\u00e9nez","Lissethe Mart\u00ednez Echeverr\u00eda","Morena","Oved Contreras","Patricia Lobeira","Roc\u00edo Nahle","Veracruz"],"articleSection":["De Opini\u00f3n"],"inLanguage":"es"},{"@type":"WebPage","@id":"https:\/\/lospoliticosveracruz.com\/?p=128236","url":"https:\/\/lospoliticosveracruz.com\/?p=128236","name":"FUTURO INCIERTO - Los pol\u00edticos Veracruz","isPartOf":{"@id":"https:\/\/lospoliticosveracruz.com\/#website"},"primaryImageOfPage":{"@id":"https:\/\/lospoliticosveracruz.com\/?p=128236#primaryimage"},"image":{"@id":"https:\/\/lospoliticosveracruz.com\/?p=128236#primaryimage"},"thumbnailUrl":"https:\/\/lospoliticosveracruz.com\/wp-content\/uploads\/2024\/03\/Oved-Contreras.jpg","datePublished":"2024-08-02T14:24:37+00:00","dateModified":"2024-08-02T14:24:50+00:00","breadcrumb":{"@id":"https:\/\/lospoliticosveracruz.com\/?p=128236#breadcrumb"},"inLanguage":"es","potentialAction":[{"@type":"ReadAction","target":["https:\/\/lospoliticosveracruz.com\/?p=128236"]}]},{"@type":"ImageObject","inLanguage":"es","@id":"https:\/\/lospoliticosveracruz.com\/?p=128236#primaryimage","url":"https:\/\/lospoliticosveracruz.com\/wp-content\/uploads\/2024\/03\/Oved-Contreras.jpg","contentUrl":"https:\/\/lospoliticosveracruz.com\/wp-content\/uploads\/2024\/03\/Oved-Contreras.jpg","width":1250,"height":667},{"@type":"BreadcrumbList","@id":"https:\/\/lospoliticosveracruz.com\/?p=128236#breadcrumb","itemListElement":[{"@type":"ListItem","position":1,"name":"Portada","item":"https:\/\/lospoliticosveracruz.com\/"},{"@type":"ListItem","position":2,"name":"FUTURO INCIERTO"}]},{"@type":"WebSite","@id":"https:\/\/lospoliticosveracruz.com\/#website","url":"https:\/\/lospoliticosveracruz.com\/","name":"Los pol\u00edticos Veracruz","description":"","publisher":{"@id":"https:\/\/lospoliticosveracruz.com\/#organization"},"potentialAction":[{"@type":"SearchAction","target":{"@type":"EntryPoint","urlTemplate":"https:\/\/lospoliticosveracruz.com\/?s={search_term_string}"},"query-input":{"@type":"PropertyValueSpecification","valueRequired":true,"valueName":"search_term_string"}}],"inLanguage":"es"},{"@type":"Organization","@id":"https:\/\/lospoliticosveracruz.com\/#organization","name":"Los pol\u00edticos Veracruz","url":"https:\/\/lospoliticosveracruz.com\/","logo":{"@type":"ImageObject","inLanguage":"es","@id":"https:\/\/lospoliticosveracruz.com\/#\/schema\/logo\/image\/","url":"https:\/\/lospoliticosveracruz.com\/wp-content\/uploads\/2025\/12\/Logo-Nuevo-LOS-POLITICOS-1.jpg","contentUrl":"https:\/\/lospoliticosveracruz.com\/wp-content\/uploads\/2025\/12\/Logo-Nuevo-LOS-POLITICOS-1.jpg","width":260,"height":70,"caption":"Los pol\u00edticos Veracruz"},"image":{"@id":"https:\/\/lospoliticosveracruz.com\/#\/schema\/logo\/image\/"},"sameAs":["https:\/\/www.facebook.com\/people\/Notimemes-de-los-Polticos\/61565672886568\/","https:\/\/x.com\/LosPoliticosVer"]},{"@type":"Person","@id":"https:\/\/lospoliticosveracruz.com\/#\/schema\/person\/b8702bb0e538456e6efd07080bf2a4a2","name":"Lo viste en Los Pol\u00edticos","image":{"@type":"ImageObject","inLanguage":"es","@id":"https:\/\/secure.gravatar.com\/avatar\/3a8de04a2656d44082be478bd6c086daa447c4651605818287b9532d3d0bd435?s=96&d=mm&r=g","url":"https:\/\/secure.gravatar.com\/avatar\/3a8de04a2656d44082be478bd6c086daa447c4651605818287b9532d3d0bd435?s=96&d=mm&r=g","contentUrl":"https:\/\/secure.gravatar.com\/avatar\/3a8de04a2656d44082be478bd6c086daa447c4651605818287b9532d3d0bd435?s=96&d=mm&r=g","caption":"Lo viste en Los Pol\u00edticos"},"url":"https:\/\/lospoliticosveracruz.com\/?author=2"}]}},"_links":{"self":[{"href":"https:\/\/lospoliticosveracruz.com\/index.php?rest_route=\/wp\/v2\/posts\/128236","targetHints":{"allow":["GET"]}}],"collection":[{"href":"https:\/\/lospoliticosveracruz.com\/index.php?rest_route=\/wp\/v2\/posts"}],"about":[{"href":"https:\/\/lospoliticosveracruz.com\/index.php?rest_route=\/wp\/v2\/types\/post"}],"author":[{"embeddable":true,"href":"https:\/\/lospoliticosveracruz.com\/index.php?rest_route=\/wp\/v2\/users\/2"}],"replies":[{"embeddable":true,"href":"https:\/\/lospoliticosveracruz.com\/index.php?rest_route=%2Fwp%2Fv2%2Fcomments&post=128236"}],"version-history":[{"count":1,"href":"https:\/\/lospoliticosveracruz.com\/index.php?rest_route=\/wp\/v2\/posts\/128236\/revisions"}],"predecessor-version":[{"id":128237,"href":"https:\/\/lospoliticosveracruz.com\/index.php?rest_route=\/wp\/v2\/posts\/128236\/revisions\/128237"}],"wp:featuredmedia":[{"embeddable":true,"href":"https:\/\/lospoliticosveracruz.com\/index.php?rest_route=\/wp\/v2\/media\/119816"}],"wp:attachment":[{"href":"https:\/\/lospoliticosveracruz.com\/index.php?rest_route=%2Fwp%2Fv2%2Fmedia&parent=128236"}],"wp:term":[{"taxonomy":"category","embeddable":true,"href":"https:\/\/lospoliticosveracruz.com\/index.php?rest_route=%2Fwp%2Fv2%2Fcategories&post=128236"},{"taxonomy":"post_tag","embeddable":true,"href":"https:\/\/lospoliticosveracruz.com\/index.php?rest_route=%2Fwp%2Fv2%2Ftags&post=128236"}],"curies":[{"name":"wp","href":"https:\/\/api.w.org\/{rel}","templated":true}]}}