{"id":12826,"date":"2014-10-19T22:40:41","date_gmt":"2014-10-20T03:40:41","guid":{"rendered":"http:\/\/www.lospoliticosveracruz.com.mx\/?p=12826"},"modified":"2014-10-19T22:40:41","modified_gmt":"2014-10-20T03:40:41","slug":"el-camaleonico-sanchez-abreu","status":"publish","type":"post","link":"https:\/\/lospoliticosveracruz.com\/?p=12826","title":{"rendered":"El camale\u00f3nico S\u00e1nchez Abreu"},"content":{"rendered":"<p><a href=\"http:\/\/www.lospoliticosveracruz.com.mx\/wp-content\/uploads\/2014\/10\/Juan-de-Dios-S\u00e1nchez-Abreu.png\"><img loading=\"lazy\" decoding=\"async\" class=\"alignnone size-medium wp-image-12827\" src=\"http:\/\/www.lospoliticosveracruz.com.mx\/wp-content\/uploads\/2014\/10\/Juan-de-Dios-S\u00e1nchez-Abreu-300x183.png\" alt=\"Juan de Dios S\u00e1nchez Abreu\" width=\"300\" height=\"183\" \/><\/a><\/p>\n<p><strong>Fidel P\u00e9rez<\/strong><\/p>\n<p><em>De Poder a Poder<\/em><\/p>\n<p>&nbsp;<\/p>\n<p>A Juan de Dios S\u00e1nchez Abreu no solo se le conoce actualmente como un tipo ambicioso.<br \/>\n\u00a1No!<br \/>\nQuienes saben de su pasado lo ubican como un hombre amoldable, flexi, manejable, titiriteable, pues.<br \/>\nDesde su negro pasado en aquel desaparecido Consejo Estudiantil de Escuelas y Facultades de la Universidad Veracruzana (Ceefuv), todo mundo dentro de la entonces Facultad de Ciencias y T\u00e9cnicas de la Comunicaci\u00f3n -hoy solo Facultad de Ciencias de la Comunicaci\u00f3n-, tiene presente, muy presente su biograf\u00eda porril.<br \/>\nPor eso no es dif\u00edcil entender que del PRI salte al Partido Encuentro Social (PES), como su secretario de Organizaci\u00f3n.<br \/>\nUn camale\u00f3nico como el coatzacoalque\u00f1o no podr\u00eda hacer gala de esa actitud pol\u00edtico-saltarina.<br \/>\nAunque finalmente, habr\u00e1 que hacer poco caso a ese deseo del regordete S\u00e1nchez Abreu, de estar en un partido (PRI) para posteriormente pasar a otro sin rubor alguno: el PES.<br \/>\nMire usted.<br \/>\nEl PES, cuya cabeza estatal es el priista-panista-pesista, y qui\u00e9n sabe que menjurjes m\u00e1s, Gonzalo Gu\u00edzar Valladares es un partido de reciente creaci\u00f3n.<br \/>\nY nadie, nadie debe dudar de la reputaci\u00f3n de este partidillo.<br \/>\nQue por qu\u00e9.<br \/>\nF\u00e1cil.<br \/>\nTodo mundo sabe que, diga lo que diga Gu\u00edzar Valladares, el PES es un sat\u00e9lite del PRI.<br \/>\nO, usted le dar\u00eda su voto a un partidillo como \u00e9ste.<br \/>\nA ver, me explico.<br \/>\nGonzalo Gu\u00edzar Valladares se va del PRI en marzo de 2010, partido en el que milit\u00f3 por 20 a\u00f1os, como berrinche porque el tricolor no le dio la candidatura a la alcald\u00eda de Coatzacoalcos.<br \/>\nEntonces, decide apoyar a Miguel \u00c1ngel Yunes Linares, quien en aquel entonces era candidato del PAN a la gubernatura.<br \/>\nPero, Gonzalo copi\u00f3 al s\u00edndrome yunista, quien tambi\u00e9n renunci\u00f3 al PRI en 2004, tras 35 a\u00f1os de militancia, por el mismo motivo: berrinche pol\u00edtico-electoral.<br \/>\nY as\u00ed, casi cortados con la misma tijera, ambos Yunes-Gu\u00edzar, y si usted me apura tantito S\u00e1nchez Abreu \u2013aunque \u00e9ste \u00faltimo no le llegar\u00e1 jam\u00e1s ni a las valencianas de uno u otro pol\u00edticamente hablando-, brincan de un partido a otro por ambici\u00f3n.<br \/>\nLuego entonces, all\u00e1 usted si les da su voto.<br \/>\nY si hablamos del porro de S\u00e1nchez Abreu, pues, mejor ni le cuento.<br \/>\nAquellos tienen estatura pol\u00edtica hacia arriba y \u00e9ste jam\u00e1s.<br \/>\nBueno, solo para los lados, por aquello de sus casi 120 kilos de peso en grasa.<\/p>\n<p><strong>Tips\u2026tips\u2026tips<\/strong><br \/>\nOjal\u00e1 y sirva este espacio para ayudar a un amigo. Amigo de muchos periodistas. Rafael P\u00e9rez Partida, un fotorreportero que se encuentra muy delicado de salud y que se ha conducido por el camino siempre, del profesionalismo y el respeto. Y aunque Rafael P\u00e9rez Partida, haya sido un excelente aliado del ahora diputado federal por Xalapa Rural, Alejando Montano Guzm\u00e1n, hay que decir que poco apoyo ha recibido de nosotros. Y es que tras permanecer casi un mes internado en la Cl\u00ednica 11 del IMSS, el comunicador fue llevado a su domicilio particular del fraccionamiento Buena Vista, donde convalece en una dif\u00edcil situaci\u00f3n econ\u00f3mica, por lo que su familia ha convocado a parientes y amigos para que los apoyen con material m\u00e9dico como gasas de 5 cms., gasas esterilizadas de 10X10 cms., ap\u00f3sitos, agua inyectable, cubre bocas, toallitas h\u00famedas, cinta porosa (microporo), guantes, Microdacym y Lidoca\u00edna en spray. Para cualquier donaci\u00f3n o informe se pueden comunicar a los siguientes tel\u00e9fonos celulares: el n\u00famero 2281448615 de su esposa In\u00e9s, o al 2288548493 de su hijo Francisco P\u00e9rez. Hasta pronto. Cualquier comentario o duda: redaccion-dpoderapoder.mx@hotmail.com. Tambi\u00e9n puede seguirnos e Twitter: @fidelps.<\/p>\n","protected":false},"excerpt":{"rendered":"<p>Fidel P\u00e9rez De Poder a Poder &nbsp; A Juan de Dios S\u00e1nchez Abreu no solo se le conoce actualmente como un tipo ambicioso. \u00a1No! Quienes saben de su pasado lo ubican como un hombre amoldable, flexi, manejable, titiriteable, pues. Desde su negro pasado en aquel desaparecido Consejo Estudiantil de Escuelas y Facultades de la Universidad [&hellip;]<\/p>\n","protected":false},"author":2,"featured_media":0,"comment_status":"open","ping_status":"open","sticky":false,"template":"","format":"standard","meta":{"tdm_status":"","tdm_grid_status":"","footnotes":""},"categories":[70],"tags":[438,436,437,251],"class_list":{"0":"post-12826","1":"post","2":"type-post","3":"status-publish","4":"format-standard","6":"category-de-opinion","7":"tag-gonzalo-guizar-valladares","8":"tag-juan-de-dios-sanchez-abreu","9":"tag-pes","10":"tag-pri"},"yoast_head":"<!-- This site is optimized with the Yoast SEO plugin v27.4 - https:\/\/yoast.com\/product\/yoast-seo-wordpress\/ -->\n<title>El camale\u00f3nico S\u00e1nchez Abreu - Los pol\u00edticos Veracruz<\/title>\n<meta name=\"robots\" content=\"index, follow, max-snippet:-1, max-image-preview:large, max-video-preview:-1\" \/>\n<link rel=\"canonical\" href=\"https:\/\/lospoliticosveracruz.com\/?p=12826\" \/>\n<meta property=\"og:locale\" content=\"es_ES\" \/>\n<meta property=\"og:type\" content=\"article\" \/>\n<meta property=\"og:title\" content=\"El camale\u00f3nico S\u00e1nchez Abreu - Los pol\u00edticos Veracruz\" \/>\n<meta property=\"og:description\" content=\"Fidel P\u00e9rez De Poder a Poder &nbsp; A Juan de Dios S\u00e1nchez Abreu no solo se le conoce actualmente como un tipo ambicioso. \u00a1No! Quienes saben de su pasado lo ubican como un hombre amoldable, flexi, manejable, titiriteable, pues. Desde su negro pasado en aquel desaparecido Consejo Estudiantil de Escuelas y Facultades de la Universidad [&hellip;]\" \/>\n<meta property=\"og:url\" content=\"https:\/\/lospoliticosveracruz.com\/?p=12826\" \/>\n<meta property=\"og:site_name\" content=\"Los pol\u00edticos Veracruz\" \/>\n<meta property=\"article:publisher\" content=\"https:\/\/www.facebook.com\/people\/Notimemes-de-los-Polticos\/61565672886568\/\" \/>\n<meta property=\"article:published_time\" content=\"2014-10-20T03:40:41+00:00\" \/>\n<meta property=\"og:image\" content=\"https:\/\/lospoliticosveracruz.com\/wp-content\/uploads\/2016\/07\/Logo-Dor.jpg\" \/>\n\t<meta property=\"og:image:width\" content=\"200\" \/>\n\t<meta property=\"og:image:height\" content=\"200\" \/>\n\t<meta property=\"og:image:type\" content=\"image\/jpeg\" \/>\n<meta name=\"author\" content=\"Lo viste en Los Pol\u00edticos\" \/>\n<meta name=\"twitter:card\" content=\"summary_large_image\" \/>\n<meta name=\"twitter:creator\" content=\"@LosPoliticosVer\" \/>\n<meta name=\"twitter:site\" content=\"@LosPoliticosVer\" \/>\n<meta name=\"twitter:label1\" content=\"Escrito por\" \/>\n\t<meta name=\"twitter:data1\" content=\"Lo viste en Los Pol\u00edticos\" \/>\n\t<meta name=\"twitter:label2\" content=\"Tiempo de lectura\" \/>\n\t<meta name=\"twitter:data2\" content=\"3 minutos\" \/>\n<script type=\"application\/ld+json\" class=\"yoast-schema-graph\">{\"@context\":\"https:\\\/\\\/schema.org\",\"@graph\":[{\"@type\":\"Article\",\"@id\":\"https:\\\/\\\/lospoliticosveracruz.com\\\/?p=12826#article\",\"isPartOf\":{\"@id\":\"https:\\\/\\\/lospoliticosveracruz.com\\\/?p=12826\"},\"author\":{\"name\":\"Lo viste en Los Pol\u00edticos\",\"@id\":\"https:\\\/\\\/lospoliticosveracruz.com\\\/#\\\/schema\\\/person\\\/b8702bb0e538456e6efd07080bf2a4a2\"},\"headline\":\"El camale\u00f3nico S\u00e1nchez Abreu\",\"datePublished\":\"2014-10-20T03:40:41+00:00\",\"mainEntityOfPage\":{\"@id\":\"https:\\\/\\\/lospoliticosveracruz.com\\\/?p=12826\"},\"wordCount\":634,\"commentCount\":0,\"publisher\":{\"@id\":\"https:\\\/\\\/lospoliticosveracruz.com\\\/#organization\"},\"keywords\":[\"Gonzalo Gu\u00edzar Valladares\",\"Juan de Dios S\u00e1nchez Abreu\",\"PES\",\"PRI\"],\"articleSection\":[\"De Opini\u00f3n\"],\"inLanguage\":\"es\",\"potentialAction\":[{\"@type\":\"CommentAction\",\"name\":\"Comment\",\"target\":[\"https:\\\/\\\/lospoliticosveracruz.com\\\/?p=12826#respond\"]}]},{\"@type\":\"WebPage\",\"@id\":\"https:\\\/\\\/lospoliticosveracruz.com\\\/?p=12826\",\"url\":\"https:\\\/\\\/lospoliticosveracruz.com\\\/?p=12826\",\"name\":\"El camale\u00f3nico S\u00e1nchez Abreu - Los pol\u00edticos Veracruz\",\"isPartOf\":{\"@id\":\"https:\\\/\\\/lospoliticosveracruz.com\\\/#website\"},\"datePublished\":\"2014-10-20T03:40:41+00:00\",\"breadcrumb\":{\"@id\":\"https:\\\/\\\/lospoliticosveracruz.com\\\/?p=12826#breadcrumb\"},\"inLanguage\":\"es\",\"potentialAction\":[{\"@type\":\"ReadAction\",\"target\":[\"https:\\\/\\\/lospoliticosveracruz.com\\\/?p=12826\"]}]},{\"@type\":\"BreadcrumbList\",\"@id\":\"https:\\\/\\\/lospoliticosveracruz.com\\\/?p=12826#breadcrumb\",\"itemListElement\":[{\"@type\":\"ListItem\",\"position\":1,\"name\":\"Portada\",\"item\":\"https:\\\/\\\/lospoliticosveracruz.com\\\/\"},{\"@type\":\"ListItem\",\"position\":2,\"name\":\"El camale\u00f3nico S\u00e1nchez Abreu\"}]},{\"@type\":\"WebSite\",\"@id\":\"https:\\\/\\\/lospoliticosveracruz.com\\\/#website\",\"url\":\"https:\\\/\\\/lospoliticosveracruz.com\\\/\",\"name\":\"Los pol\u00edticos Veracruz\",\"description\":\"\",\"publisher\":{\"@id\":\"https:\\\/\\\/lospoliticosveracruz.com\\\/#organization\"},\"potentialAction\":[{\"@type\":\"SearchAction\",\"target\":{\"@type\":\"EntryPoint\",\"urlTemplate\":\"https:\\\/\\\/lospoliticosveracruz.com\\\/?s={search_term_string}\"},\"query-input\":{\"@type\":\"PropertyValueSpecification\",\"valueRequired\":true,\"valueName\":\"search_term_string\"}}],\"inLanguage\":\"es\"},{\"@type\":\"Organization\",\"@id\":\"https:\\\/\\\/lospoliticosveracruz.com\\\/#organization\",\"name\":\"Los pol\u00edticos Veracruz\",\"url\":\"https:\\\/\\\/lospoliticosveracruz.com\\\/\",\"logo\":{\"@type\":\"ImageObject\",\"inLanguage\":\"es\",\"@id\":\"https:\\\/\\\/lospoliticosveracruz.com\\\/#\\\/schema\\\/logo\\\/image\\\/\",\"url\":\"https:\\\/\\\/lospoliticosveracruz.com\\\/wp-content\\\/uploads\\\/2025\\\/12\\\/Logo-Nuevo-LOS-POLITICOS-1.jpg\",\"contentUrl\":\"https:\\\/\\\/lospoliticosveracruz.com\\\/wp-content\\\/uploads\\\/2025\\\/12\\\/Logo-Nuevo-LOS-POLITICOS-1.jpg\",\"width\":260,\"height\":70,\"caption\":\"Los pol\u00edticos Veracruz\"},\"image\":{\"@id\":\"https:\\\/\\\/lospoliticosveracruz.com\\\/#\\\/schema\\\/logo\\\/image\\\/\"},\"sameAs\":[\"https:\\\/\\\/www.facebook.com\\\/people\\\/Notimemes-de-los-Polticos\\\/61565672886568\\\/\",\"https:\\\/\\\/x.com\\\/LosPoliticosVer\"]},{\"@type\":\"Person\",\"@id\":\"https:\\\/\\\/lospoliticosveracruz.com\\\/#\\\/schema\\\/person\\\/b8702bb0e538456e6efd07080bf2a4a2\",\"name\":\"Lo viste en Los Pol\u00edticos\",\"image\":{\"@type\":\"ImageObject\",\"inLanguage\":\"es\",\"@id\":\"https:\\\/\\\/secure.gravatar.com\\\/avatar\\\/3a8de04a2656d44082be478bd6c086daa447c4651605818287b9532d3d0bd435?s=96&d=mm&r=g\",\"url\":\"https:\\\/\\\/secure.gravatar.com\\\/avatar\\\/3a8de04a2656d44082be478bd6c086daa447c4651605818287b9532d3d0bd435?s=96&d=mm&r=g\",\"contentUrl\":\"https:\\\/\\\/secure.gravatar.com\\\/avatar\\\/3a8de04a2656d44082be478bd6c086daa447c4651605818287b9532d3d0bd435?s=96&d=mm&r=g\",\"caption\":\"Lo viste en Los Pol\u00edticos\"},\"url\":\"https:\\\/\\\/lospoliticosveracruz.com\\\/?author=2\"}]}<\/script>\n<!-- \/ Yoast SEO plugin. -->","yoast_head_json":{"title":"El camale\u00f3nico S\u00e1nchez Abreu - Los pol\u00edticos Veracruz","robots":{"index":"index","follow":"follow","max-snippet":"max-snippet:-1","max-image-preview":"max-image-preview:large","max-video-preview":"max-video-preview:-1"},"canonical":"https:\/\/lospoliticosveracruz.com\/?p=12826","og_locale":"es_ES","og_type":"article","og_title":"El camale\u00f3nico S\u00e1nchez Abreu - Los pol\u00edticos Veracruz","og_description":"Fidel P\u00e9rez De Poder a Poder &nbsp; A Juan de Dios S\u00e1nchez Abreu no solo se le conoce actualmente como un tipo ambicioso. \u00a1No! Quienes saben de su pasado lo ubican como un hombre amoldable, flexi, manejable, titiriteable, pues. Desde su negro pasado en aquel desaparecido Consejo Estudiantil de Escuelas y Facultades de la Universidad [&hellip;]","og_url":"https:\/\/lospoliticosveracruz.com\/?p=12826","og_site_name":"Los pol\u00edticos Veracruz","article_publisher":"https:\/\/www.facebook.com\/people\/Notimemes-de-los-Polticos\/61565672886568\/","article_published_time":"2014-10-20T03:40:41+00:00","og_image":[{"width":200,"height":200,"url":"https:\/\/lospoliticosveracruz.com\/wp-content\/uploads\/2016\/07\/Logo-Dor.jpg","type":"image\/jpeg"}],"author":"Lo viste en Los Pol\u00edticos","twitter_card":"summary_large_image","twitter_creator":"@LosPoliticosVer","twitter_site":"@LosPoliticosVer","twitter_misc":{"Escrito por":"Lo viste en Los Pol\u00edticos","Tiempo de lectura":"3 minutos"},"schema":{"@context":"https:\/\/schema.org","@graph":[{"@type":"Article","@id":"https:\/\/lospoliticosveracruz.com\/?p=12826#article","isPartOf":{"@id":"https:\/\/lospoliticosveracruz.com\/?p=12826"},"author":{"name":"Lo viste en Los Pol\u00edticos","@id":"https:\/\/lospoliticosveracruz.com\/#\/schema\/person\/b8702bb0e538456e6efd07080bf2a4a2"},"headline":"El camale\u00f3nico S\u00e1nchez Abreu","datePublished":"2014-10-20T03:40:41+00:00","mainEntityOfPage":{"@id":"https:\/\/lospoliticosveracruz.com\/?p=12826"},"wordCount":634,"commentCount":0,"publisher":{"@id":"https:\/\/lospoliticosveracruz.com\/#organization"},"keywords":["Gonzalo Gu\u00edzar Valladares","Juan de Dios S\u00e1nchez Abreu","PES","PRI"],"articleSection":["De Opini\u00f3n"],"inLanguage":"es","potentialAction":[{"@type":"CommentAction","name":"Comment","target":["https:\/\/lospoliticosveracruz.com\/?p=12826#respond"]}]},{"@type":"WebPage","@id":"https:\/\/lospoliticosveracruz.com\/?p=12826","url":"https:\/\/lospoliticosveracruz.com\/?p=12826","name":"El camale\u00f3nico S\u00e1nchez Abreu - Los pol\u00edticos Veracruz","isPartOf":{"@id":"https:\/\/lospoliticosveracruz.com\/#website"},"datePublished":"2014-10-20T03:40:41+00:00","breadcrumb":{"@id":"https:\/\/lospoliticosveracruz.com\/?p=12826#breadcrumb"},"inLanguage":"es","potentialAction":[{"@type":"ReadAction","target":["https:\/\/lospoliticosveracruz.com\/?p=12826"]}]},{"@type":"BreadcrumbList","@id":"https:\/\/lospoliticosveracruz.com\/?p=12826#breadcrumb","itemListElement":[{"@type":"ListItem","position":1,"name":"Portada","item":"https:\/\/lospoliticosveracruz.com\/"},{"@type":"ListItem","position":2,"name":"El camale\u00f3nico S\u00e1nchez Abreu"}]},{"@type":"WebSite","@id":"https:\/\/lospoliticosveracruz.com\/#website","url":"https:\/\/lospoliticosveracruz.com\/","name":"Los pol\u00edticos Veracruz","description":"","publisher":{"@id":"https:\/\/lospoliticosveracruz.com\/#organization"},"potentialAction":[{"@type":"SearchAction","target":{"@type":"EntryPoint","urlTemplate":"https:\/\/lospoliticosveracruz.com\/?s={search_term_string}"},"query-input":{"@type":"PropertyValueSpecification","valueRequired":true,"valueName":"search_term_string"}}],"inLanguage":"es"},{"@type":"Organization","@id":"https:\/\/lospoliticosveracruz.com\/#organization","name":"Los pol\u00edticos Veracruz","url":"https:\/\/lospoliticosveracruz.com\/","logo":{"@type":"ImageObject","inLanguage":"es","@id":"https:\/\/lospoliticosveracruz.com\/#\/schema\/logo\/image\/","url":"https:\/\/lospoliticosveracruz.com\/wp-content\/uploads\/2025\/12\/Logo-Nuevo-LOS-POLITICOS-1.jpg","contentUrl":"https:\/\/lospoliticosveracruz.com\/wp-content\/uploads\/2025\/12\/Logo-Nuevo-LOS-POLITICOS-1.jpg","width":260,"height":70,"caption":"Los pol\u00edticos Veracruz"},"image":{"@id":"https:\/\/lospoliticosveracruz.com\/#\/schema\/logo\/image\/"},"sameAs":["https:\/\/www.facebook.com\/people\/Notimemes-de-los-Polticos\/61565672886568\/","https:\/\/x.com\/LosPoliticosVer"]},{"@type":"Person","@id":"https:\/\/lospoliticosveracruz.com\/#\/schema\/person\/b8702bb0e538456e6efd07080bf2a4a2","name":"Lo viste en Los Pol\u00edticos","image":{"@type":"ImageObject","inLanguage":"es","@id":"https:\/\/secure.gravatar.com\/avatar\/3a8de04a2656d44082be478bd6c086daa447c4651605818287b9532d3d0bd435?s=96&d=mm&r=g","url":"https:\/\/secure.gravatar.com\/avatar\/3a8de04a2656d44082be478bd6c086daa447c4651605818287b9532d3d0bd435?s=96&d=mm&r=g","contentUrl":"https:\/\/secure.gravatar.com\/avatar\/3a8de04a2656d44082be478bd6c086daa447c4651605818287b9532d3d0bd435?s=96&d=mm&r=g","caption":"Lo viste en Los Pol\u00edticos"},"url":"https:\/\/lospoliticosveracruz.com\/?author=2"}]}},"_links":{"self":[{"href":"https:\/\/lospoliticosveracruz.com\/index.php?rest_route=\/wp\/v2\/posts\/12826","targetHints":{"allow":["GET"]}}],"collection":[{"href":"https:\/\/lospoliticosveracruz.com\/index.php?rest_route=\/wp\/v2\/posts"}],"about":[{"href":"https:\/\/lospoliticosveracruz.com\/index.php?rest_route=\/wp\/v2\/types\/post"}],"author":[{"embeddable":true,"href":"https:\/\/lospoliticosveracruz.com\/index.php?rest_route=\/wp\/v2\/users\/2"}],"replies":[{"embeddable":true,"href":"https:\/\/lospoliticosveracruz.com\/index.php?rest_route=%2Fwp%2Fv2%2Fcomments&post=12826"}],"version-history":[{"count":1,"href":"https:\/\/lospoliticosveracruz.com\/index.php?rest_route=\/wp\/v2\/posts\/12826\/revisions"}],"predecessor-version":[{"id":12828,"href":"https:\/\/lospoliticosveracruz.com\/index.php?rest_route=\/wp\/v2\/posts\/12826\/revisions\/12828"}],"wp:attachment":[{"href":"https:\/\/lospoliticosveracruz.com\/index.php?rest_route=%2Fwp%2Fv2%2Fmedia&parent=12826"}],"wp:term":[{"taxonomy":"category","embeddable":true,"href":"https:\/\/lospoliticosveracruz.com\/index.php?rest_route=%2Fwp%2Fv2%2Fcategories&post=12826"},{"taxonomy":"post_tag","embeddable":true,"href":"https:\/\/lospoliticosveracruz.com\/index.php?rest_route=%2Fwp%2Fv2%2Ftags&post=12826"}],"curies":[{"name":"wp","href":"https:\/\/api.w.org\/{rel}","templated":true}]}}