{"id":128317,"date":"2024-08-05T11:58:49","date_gmt":"2024-08-05T16:58:49","guid":{"rendered":"https:\/\/lospoliticosveracruz.com.mx\/?p=128317"},"modified":"2024-08-05T11:58:59","modified_gmt":"2024-08-05T16:58:59","slug":"irse-de-mexico","status":"publish","type":"post","link":"https:\/\/lospoliticosveracruz.com\/?p=128317","title":{"rendered":"IRSE DE M\u00c9XICO"},"content":{"rendered":"\n<p><strong>Sergio Gonz\u00e1lez Levet<\/strong><\/p>\n\n\n\n<p><em>Sin tacto<\/em><\/p>\n\n\n\n<p>Unos se van por exilio, otros por \u00e9xodo. Es decir, unos huyen de las terribles condiciones de vida (\u00bfo de muerte?) y otros van en pos de un sue\u00f1o. Ambos buscan una vida mejor, pero se tienen que ir porque ac\u00e1 ya no se puede hacer nada con tanta violencia, con tan pocas leyes.<\/p>\n\n\n\n<figure class=\"wp-block-image size-large\"><a href=\"https:\/\/lospoliticosveracruz.com.mx\/wp-content\/uploads\/2016\/07\/Seguro-Julio-Cerecedo-2.jpg\"><img decoding=\"async\" src=\"https:\/\/lospoliticosveracruz.com.mx\/wp-content\/uploads\/2016\/07\/Seguro-Julio-Cerecedo-2-1024x381.jpg\" alt=\"\" class=\"wp-image-105879\"\/><\/a><\/figure>\n\n\n\n<p>&nbsp;&nbsp; &nbsp;&nbsp;Ya lo dije: les va la vida o les van los sue\u00f1os; les va el miedo o les va la ilusi\u00f3n; les va el presente o les va el futuro.<\/p>\n\n\n\n<p>&nbsp;&nbsp; &nbsp;&nbsp;Se suben al autob\u00fas o al tren o al avi\u00f3n, seg\u00fan las posibilidades, y todos quieren lo mismo, que es un salario para llegar a la quincena con algunos billetes en la bolsa. Tambi\u00e9n buscan una paz que no sea la de los sepulcros; vivir en un lugar tranquilo en el que puedas salir a la calle -de noche o de d\u00eda- sin miedo a que te asalten, te quiten el celular, la pluma, la billetera\u2026 la vida misma.<\/p>\n\n\n\n<p>&nbsp;&nbsp; &nbsp;&nbsp;Van en pos de un empleo, o de una beca que les permita ser mejores all\u00e1, prepararse como no se puede hacer en M\u00e9xico, lograr reconocimientos acad\u00e9micos que ac\u00e1 ya no valen nada (90 por ciento de incapacidad y 100 por ciento de sumisi\u00f3n, es la consigna).<\/p>\n\n\n\n<p>&nbsp;&nbsp; &nbsp;&nbsp;Son un mill\u00f3n de mexicanos al a\u00f1o los que se van. Entre \u00e9stos y los que regresan hay fuera del pa\u00eds, unos con otros, m\u00e1s de 15 millones de paisanos que son migrantes, la mayor\u00eda en Estados Unidos y con documentaci\u00f3n irregular; 13 millones de personas que viven a salto de mata, huyendo de la migra despu\u00e9s de que huyeron de las polic\u00edas y de los soldados que les cortan el paso en su propio pa\u00eds.<\/p>\n\n\n\n<p>&nbsp;&nbsp; &nbsp;&nbsp;Hay otros, muy pocos, que lograron salir con todas las de la ley. Entre ellos, los que consiguieron uno de los escasos apoyos del austero Gobierno de la Cuarta Transformaci\u00f3n, o una subvenci\u00f3n de un pa\u00eds o una universidad del extranjero, y que har\u00e1n un posgrado y conseguir\u00e1n muy probablemente un empleo con buenas condiciones y todas las protecciones que ofrecen los gobiernos neoliberales (Cuba, Nicaragua y Venezuela, las dictaduras populistas, no son opciones, obvio).<\/p>\n\n\n\n<p>&nbsp;&nbsp; &nbsp;&nbsp;Vamos a ver, M\u00e9xico est\u00e1 perdiendo a sus mejores hijos por la escasez de las oportunidades, por el exceso en las inseguridades, porque el Gobierno de los pobres no protege ni ayuda a nadie, s\u00f3lo da limosnas que apenas alcanzan para sobrevivir entre mendrugos.<\/p>\n\n\n\n<p>&nbsp;&nbsp; &nbsp;&nbsp;Y all\u00e1 van. Llevan la mente y el coraz\u00f3n llenos de buenos deseos, de grandes ilusiones, de la mejor intenci\u00f3n de trabajar como solamente lo saben hacer los mexicanos de bien. Y van a conseguir en el extranjero el \u00e9xito que les robaron en su tierra.<\/p>\n\n\n\n<p>&nbsp;&nbsp; &nbsp;&nbsp;Se han ido, se est\u00e1n yendo, \u2026 que les vaya muy bien y que les sirva de algo nuestra bendici\u00f3n.<\/p>\n\n\n\n<p>sglevet@gmail.com<\/p>\n","protected":false},"excerpt":{"rendered":"<p>Sergio Gonz\u00e1lez Levet Sin tacto Unos se van por exilio, otros por \u00e9xodo. Es decir, unos huyen de las terribles condiciones de vida (\u00bfo de muerte?) y otros van en pos de un sue\u00f1o. Ambos buscan una vida mejor, pero se tienen que ir porque ac\u00e1 ya no se puede hacer nada con tanta violencia, [&hellip;]<\/p>\n","protected":false},"author":2,"featured_media":119911,"comment_status":"closed","ping_status":"closed","sticky":false,"template":"","format":"standard","meta":{"tdm_status":"","tdm_grid_status":"","footnotes":""},"categories":[70],"tags":[395,1282,463],"class_list":{"0":"post-128317","1":"post","2":"type-post","3":"status-publish","4":"format-standard","5":"has-post-thumbnail","7":"category-de-opinion","8":"tag-mexico","9":"tag-sergio-gonzalez-levet","10":"tag-violencia"},"yoast_head":"<!-- This site is optimized with the Yoast SEO plugin v27.4 - https:\/\/yoast.com\/product\/yoast-seo-wordpress\/ -->\n<title>IRSE DE M\u00c9XICO - Los pol\u00edticos Veracruz<\/title>\n<meta name=\"robots\" content=\"index, follow, max-snippet:-1, max-image-preview:large, max-video-preview:-1\" \/>\n<link rel=\"canonical\" href=\"https:\/\/lospoliticosveracruz.com\/?p=128317\" \/>\n<meta property=\"og:locale\" content=\"es_ES\" \/>\n<meta property=\"og:type\" content=\"article\" \/>\n<meta property=\"og:title\" content=\"IRSE DE M\u00c9XICO - Los pol\u00edticos Veracruz\" \/>\n<meta property=\"og:description\" content=\"Sergio Gonz\u00e1lez Levet Sin tacto Unos se van por exilio, otros por \u00e9xodo. Es decir, unos huyen de las terribles condiciones de vida (\u00bfo de muerte?) y otros van en pos de un sue\u00f1o. Ambos buscan una vida mejor, pero se tienen que ir porque ac\u00e1 ya no se puede hacer nada con tanta violencia, [&hellip;]\" \/>\n<meta property=\"og:url\" content=\"https:\/\/lospoliticosveracruz.com\/?p=128317\" \/>\n<meta property=\"og:site_name\" content=\"Los pol\u00edticos Veracruz\" \/>\n<meta property=\"article:publisher\" content=\"https:\/\/www.facebook.com\/people\/Notimemes-de-los-Polticos\/61565672886568\/\" \/>\n<meta property=\"article:published_time\" content=\"2024-08-05T16:58:49+00:00\" \/>\n<meta property=\"article:modified_time\" content=\"2024-08-05T16:58:59+00:00\" \/>\n<meta property=\"og:image\" content=\"https:\/\/lospoliticosveracruz.com\/wp-content\/uploads\/2024\/03\/Levet.jpg\" \/>\n\t<meta property=\"og:image:width\" content=\"1250\" \/>\n\t<meta property=\"og:image:height\" content=\"667\" \/>\n\t<meta property=\"og:image:type\" content=\"image\/jpeg\" \/>\n<meta name=\"author\" content=\"Lo viste en Los Pol\u00edticos\" \/>\n<meta name=\"twitter:card\" content=\"summary_large_image\" \/>\n<meta name=\"twitter:creator\" content=\"@LosPoliticosVer\" \/>\n<meta name=\"twitter:site\" content=\"@LosPoliticosVer\" \/>\n<meta name=\"twitter:label1\" content=\"Escrito por\" \/>\n\t<meta name=\"twitter:data1\" content=\"Lo viste en Los Pol\u00edticos\" \/>\n\t<meta name=\"twitter:label2\" content=\"Tiempo de lectura\" \/>\n\t<meta name=\"twitter:data2\" content=\"3 minutos\" \/>\n<script type=\"application\/ld+json\" class=\"yoast-schema-graph\">{\"@context\":\"https:\\\/\\\/schema.org\",\"@graph\":[{\"@type\":\"Article\",\"@id\":\"https:\\\/\\\/lospoliticosveracruz.com\\\/?p=128317#article\",\"isPartOf\":{\"@id\":\"https:\\\/\\\/lospoliticosveracruz.com\\\/?p=128317\"},\"author\":{\"name\":\"Lo viste en Los Pol\u00edticos\",\"@id\":\"https:\\\/\\\/lospoliticosveracruz.com\\\/#\\\/schema\\\/person\\\/b8702bb0e538456e6efd07080bf2a4a2\"},\"headline\":\"IRSE DE M\u00c9XICO\",\"datePublished\":\"2024-08-05T16:58:49+00:00\",\"dateModified\":\"2024-08-05T16:58:59+00:00\",\"mainEntityOfPage\":{\"@id\":\"https:\\\/\\\/lospoliticosveracruz.com\\\/?p=128317\"},\"wordCount\":542,\"publisher\":{\"@id\":\"https:\\\/\\\/lospoliticosveracruz.com\\\/#organization\"},\"image\":{\"@id\":\"https:\\\/\\\/lospoliticosveracruz.com\\\/?p=128317#primaryimage\"},\"thumbnailUrl\":\"https:\\\/\\\/lospoliticosveracruz.com\\\/wp-content\\\/uploads\\\/2024\\\/03\\\/Levet.jpg\",\"keywords\":[\"M\u00e9xico\",\"Sergio Gonz\u00e1lez Levet\",\"violencia\"],\"articleSection\":[\"De Opini\u00f3n\"],\"inLanguage\":\"es\"},{\"@type\":\"WebPage\",\"@id\":\"https:\\\/\\\/lospoliticosveracruz.com\\\/?p=128317\",\"url\":\"https:\\\/\\\/lospoliticosveracruz.com\\\/?p=128317\",\"name\":\"IRSE DE M\u00c9XICO - Los pol\u00edticos Veracruz\",\"isPartOf\":{\"@id\":\"https:\\\/\\\/lospoliticosveracruz.com\\\/#website\"},\"primaryImageOfPage\":{\"@id\":\"https:\\\/\\\/lospoliticosveracruz.com\\\/?p=128317#primaryimage\"},\"image\":{\"@id\":\"https:\\\/\\\/lospoliticosveracruz.com\\\/?p=128317#primaryimage\"},\"thumbnailUrl\":\"https:\\\/\\\/lospoliticosveracruz.com\\\/wp-content\\\/uploads\\\/2024\\\/03\\\/Levet.jpg\",\"datePublished\":\"2024-08-05T16:58:49+00:00\",\"dateModified\":\"2024-08-05T16:58:59+00:00\",\"breadcrumb\":{\"@id\":\"https:\\\/\\\/lospoliticosveracruz.com\\\/?p=128317#breadcrumb\"},\"inLanguage\":\"es\",\"potentialAction\":[{\"@type\":\"ReadAction\",\"target\":[\"https:\\\/\\\/lospoliticosveracruz.com\\\/?p=128317\"]}]},{\"@type\":\"ImageObject\",\"inLanguage\":\"es\",\"@id\":\"https:\\\/\\\/lospoliticosveracruz.com\\\/?p=128317#primaryimage\",\"url\":\"https:\\\/\\\/lospoliticosveracruz.com\\\/wp-content\\\/uploads\\\/2024\\\/03\\\/Levet.jpg\",\"contentUrl\":\"https:\\\/\\\/lospoliticosveracruz.com\\\/wp-content\\\/uploads\\\/2024\\\/03\\\/Levet.jpg\",\"width\":1250,\"height\":667},{\"@type\":\"BreadcrumbList\",\"@id\":\"https:\\\/\\\/lospoliticosveracruz.com\\\/?p=128317#breadcrumb\",\"itemListElement\":[{\"@type\":\"ListItem\",\"position\":1,\"name\":\"Portada\",\"item\":\"https:\\\/\\\/lospoliticosveracruz.com\\\/\"},{\"@type\":\"ListItem\",\"position\":2,\"name\":\"IRSE DE M\u00c9XICO\"}]},{\"@type\":\"WebSite\",\"@id\":\"https:\\\/\\\/lospoliticosveracruz.com\\\/#website\",\"url\":\"https:\\\/\\\/lospoliticosveracruz.com\\\/\",\"name\":\"Los pol\u00edticos Veracruz\",\"description\":\"\",\"publisher\":{\"@id\":\"https:\\\/\\\/lospoliticosveracruz.com\\\/#organization\"},\"potentialAction\":[{\"@type\":\"SearchAction\",\"target\":{\"@type\":\"EntryPoint\",\"urlTemplate\":\"https:\\\/\\\/lospoliticosveracruz.com\\\/?s={search_term_string}\"},\"query-input\":{\"@type\":\"PropertyValueSpecification\",\"valueRequired\":true,\"valueName\":\"search_term_string\"}}],\"inLanguage\":\"es\"},{\"@type\":\"Organization\",\"@id\":\"https:\\\/\\\/lospoliticosveracruz.com\\\/#organization\",\"name\":\"Los pol\u00edticos Veracruz\",\"url\":\"https:\\\/\\\/lospoliticosveracruz.com\\\/\",\"logo\":{\"@type\":\"ImageObject\",\"inLanguage\":\"es\",\"@id\":\"https:\\\/\\\/lospoliticosveracruz.com\\\/#\\\/schema\\\/logo\\\/image\\\/\",\"url\":\"https:\\\/\\\/lospoliticosveracruz.com\\\/wp-content\\\/uploads\\\/2025\\\/12\\\/Logo-Nuevo-LOS-POLITICOS-1.jpg\",\"contentUrl\":\"https:\\\/\\\/lospoliticosveracruz.com\\\/wp-content\\\/uploads\\\/2025\\\/12\\\/Logo-Nuevo-LOS-POLITICOS-1.jpg\",\"width\":260,\"height\":70,\"caption\":\"Los pol\u00edticos Veracruz\"},\"image\":{\"@id\":\"https:\\\/\\\/lospoliticosveracruz.com\\\/#\\\/schema\\\/logo\\\/image\\\/\"},\"sameAs\":[\"https:\\\/\\\/www.facebook.com\\\/people\\\/Notimemes-de-los-Polticos\\\/61565672886568\\\/\",\"https:\\\/\\\/x.com\\\/LosPoliticosVer\"]},{\"@type\":\"Person\",\"@id\":\"https:\\\/\\\/lospoliticosveracruz.com\\\/#\\\/schema\\\/person\\\/b8702bb0e538456e6efd07080bf2a4a2\",\"name\":\"Lo viste en Los Pol\u00edticos\",\"image\":{\"@type\":\"ImageObject\",\"inLanguage\":\"es\",\"@id\":\"https:\\\/\\\/secure.gravatar.com\\\/avatar\\\/3a8de04a2656d44082be478bd6c086daa447c4651605818287b9532d3d0bd435?s=96&d=mm&r=g\",\"url\":\"https:\\\/\\\/secure.gravatar.com\\\/avatar\\\/3a8de04a2656d44082be478bd6c086daa447c4651605818287b9532d3d0bd435?s=96&d=mm&r=g\",\"contentUrl\":\"https:\\\/\\\/secure.gravatar.com\\\/avatar\\\/3a8de04a2656d44082be478bd6c086daa447c4651605818287b9532d3d0bd435?s=96&d=mm&r=g\",\"caption\":\"Lo viste en Los Pol\u00edticos\"},\"url\":\"https:\\\/\\\/lospoliticosveracruz.com\\\/?author=2\"}]}<\/script>\n<!-- \/ Yoast SEO plugin. -->","yoast_head_json":{"title":"IRSE DE M\u00c9XICO - Los pol\u00edticos Veracruz","robots":{"index":"index","follow":"follow","max-snippet":"max-snippet:-1","max-image-preview":"max-image-preview:large","max-video-preview":"max-video-preview:-1"},"canonical":"https:\/\/lospoliticosveracruz.com\/?p=128317","og_locale":"es_ES","og_type":"article","og_title":"IRSE DE M\u00c9XICO - Los pol\u00edticos Veracruz","og_description":"Sergio Gonz\u00e1lez Levet Sin tacto Unos se van por exilio, otros por \u00e9xodo. Es decir, unos huyen de las terribles condiciones de vida (\u00bfo de muerte?) y otros van en pos de un sue\u00f1o. Ambos buscan una vida mejor, pero se tienen que ir porque ac\u00e1 ya no se puede hacer nada con tanta violencia, [&hellip;]","og_url":"https:\/\/lospoliticosveracruz.com\/?p=128317","og_site_name":"Los pol\u00edticos Veracruz","article_publisher":"https:\/\/www.facebook.com\/people\/Notimemes-de-los-Polticos\/61565672886568\/","article_published_time":"2024-08-05T16:58:49+00:00","article_modified_time":"2024-08-05T16:58:59+00:00","og_image":[{"width":1250,"height":667,"url":"https:\/\/lospoliticosveracruz.com\/wp-content\/uploads\/2024\/03\/Levet.jpg","type":"image\/jpeg"}],"author":"Lo viste en Los Pol\u00edticos","twitter_card":"summary_large_image","twitter_creator":"@LosPoliticosVer","twitter_site":"@LosPoliticosVer","twitter_misc":{"Escrito por":"Lo viste en Los Pol\u00edticos","Tiempo de lectura":"3 minutos"},"schema":{"@context":"https:\/\/schema.org","@graph":[{"@type":"Article","@id":"https:\/\/lospoliticosveracruz.com\/?p=128317#article","isPartOf":{"@id":"https:\/\/lospoliticosveracruz.com\/?p=128317"},"author":{"name":"Lo viste en Los Pol\u00edticos","@id":"https:\/\/lospoliticosveracruz.com\/#\/schema\/person\/b8702bb0e538456e6efd07080bf2a4a2"},"headline":"IRSE DE M\u00c9XICO","datePublished":"2024-08-05T16:58:49+00:00","dateModified":"2024-08-05T16:58:59+00:00","mainEntityOfPage":{"@id":"https:\/\/lospoliticosveracruz.com\/?p=128317"},"wordCount":542,"publisher":{"@id":"https:\/\/lospoliticosveracruz.com\/#organization"},"image":{"@id":"https:\/\/lospoliticosveracruz.com\/?p=128317#primaryimage"},"thumbnailUrl":"https:\/\/lospoliticosveracruz.com\/wp-content\/uploads\/2024\/03\/Levet.jpg","keywords":["M\u00e9xico","Sergio Gonz\u00e1lez Levet","violencia"],"articleSection":["De Opini\u00f3n"],"inLanguage":"es"},{"@type":"WebPage","@id":"https:\/\/lospoliticosveracruz.com\/?p=128317","url":"https:\/\/lospoliticosveracruz.com\/?p=128317","name":"IRSE DE M\u00c9XICO - Los pol\u00edticos Veracruz","isPartOf":{"@id":"https:\/\/lospoliticosveracruz.com\/#website"},"primaryImageOfPage":{"@id":"https:\/\/lospoliticosveracruz.com\/?p=128317#primaryimage"},"image":{"@id":"https:\/\/lospoliticosveracruz.com\/?p=128317#primaryimage"},"thumbnailUrl":"https:\/\/lospoliticosveracruz.com\/wp-content\/uploads\/2024\/03\/Levet.jpg","datePublished":"2024-08-05T16:58:49+00:00","dateModified":"2024-08-05T16:58:59+00:00","breadcrumb":{"@id":"https:\/\/lospoliticosveracruz.com\/?p=128317#breadcrumb"},"inLanguage":"es","potentialAction":[{"@type":"ReadAction","target":["https:\/\/lospoliticosveracruz.com\/?p=128317"]}]},{"@type":"ImageObject","inLanguage":"es","@id":"https:\/\/lospoliticosveracruz.com\/?p=128317#primaryimage","url":"https:\/\/lospoliticosveracruz.com\/wp-content\/uploads\/2024\/03\/Levet.jpg","contentUrl":"https:\/\/lospoliticosveracruz.com\/wp-content\/uploads\/2024\/03\/Levet.jpg","width":1250,"height":667},{"@type":"BreadcrumbList","@id":"https:\/\/lospoliticosveracruz.com\/?p=128317#breadcrumb","itemListElement":[{"@type":"ListItem","position":1,"name":"Portada","item":"https:\/\/lospoliticosveracruz.com\/"},{"@type":"ListItem","position":2,"name":"IRSE DE M\u00c9XICO"}]},{"@type":"WebSite","@id":"https:\/\/lospoliticosveracruz.com\/#website","url":"https:\/\/lospoliticosveracruz.com\/","name":"Los pol\u00edticos Veracruz","description":"","publisher":{"@id":"https:\/\/lospoliticosveracruz.com\/#organization"},"potentialAction":[{"@type":"SearchAction","target":{"@type":"EntryPoint","urlTemplate":"https:\/\/lospoliticosveracruz.com\/?s={search_term_string}"},"query-input":{"@type":"PropertyValueSpecification","valueRequired":true,"valueName":"search_term_string"}}],"inLanguage":"es"},{"@type":"Organization","@id":"https:\/\/lospoliticosveracruz.com\/#organization","name":"Los pol\u00edticos Veracruz","url":"https:\/\/lospoliticosveracruz.com\/","logo":{"@type":"ImageObject","inLanguage":"es","@id":"https:\/\/lospoliticosveracruz.com\/#\/schema\/logo\/image\/","url":"https:\/\/lospoliticosveracruz.com\/wp-content\/uploads\/2025\/12\/Logo-Nuevo-LOS-POLITICOS-1.jpg","contentUrl":"https:\/\/lospoliticosveracruz.com\/wp-content\/uploads\/2025\/12\/Logo-Nuevo-LOS-POLITICOS-1.jpg","width":260,"height":70,"caption":"Los pol\u00edticos Veracruz"},"image":{"@id":"https:\/\/lospoliticosveracruz.com\/#\/schema\/logo\/image\/"},"sameAs":["https:\/\/www.facebook.com\/people\/Notimemes-de-los-Polticos\/61565672886568\/","https:\/\/x.com\/LosPoliticosVer"]},{"@type":"Person","@id":"https:\/\/lospoliticosveracruz.com\/#\/schema\/person\/b8702bb0e538456e6efd07080bf2a4a2","name":"Lo viste en Los Pol\u00edticos","image":{"@type":"ImageObject","inLanguage":"es","@id":"https:\/\/secure.gravatar.com\/avatar\/3a8de04a2656d44082be478bd6c086daa447c4651605818287b9532d3d0bd435?s=96&d=mm&r=g","url":"https:\/\/secure.gravatar.com\/avatar\/3a8de04a2656d44082be478bd6c086daa447c4651605818287b9532d3d0bd435?s=96&d=mm&r=g","contentUrl":"https:\/\/secure.gravatar.com\/avatar\/3a8de04a2656d44082be478bd6c086daa447c4651605818287b9532d3d0bd435?s=96&d=mm&r=g","caption":"Lo viste en Los Pol\u00edticos"},"url":"https:\/\/lospoliticosveracruz.com\/?author=2"}]}},"_links":{"self":[{"href":"https:\/\/lospoliticosveracruz.com\/index.php?rest_route=\/wp\/v2\/posts\/128317","targetHints":{"allow":["GET"]}}],"collection":[{"href":"https:\/\/lospoliticosveracruz.com\/index.php?rest_route=\/wp\/v2\/posts"}],"about":[{"href":"https:\/\/lospoliticosveracruz.com\/index.php?rest_route=\/wp\/v2\/types\/post"}],"author":[{"embeddable":true,"href":"https:\/\/lospoliticosveracruz.com\/index.php?rest_route=\/wp\/v2\/users\/2"}],"replies":[{"embeddable":true,"href":"https:\/\/lospoliticosveracruz.com\/index.php?rest_route=%2Fwp%2Fv2%2Fcomments&post=128317"}],"version-history":[{"count":1,"href":"https:\/\/lospoliticosveracruz.com\/index.php?rest_route=\/wp\/v2\/posts\/128317\/revisions"}],"predecessor-version":[{"id":128318,"href":"https:\/\/lospoliticosveracruz.com\/index.php?rest_route=\/wp\/v2\/posts\/128317\/revisions\/128318"}],"wp:featuredmedia":[{"embeddable":true,"href":"https:\/\/lospoliticosveracruz.com\/index.php?rest_route=\/wp\/v2\/media\/119911"}],"wp:attachment":[{"href":"https:\/\/lospoliticosveracruz.com\/index.php?rest_route=%2Fwp%2Fv2%2Fmedia&parent=128317"}],"wp:term":[{"taxonomy":"category","embeddable":true,"href":"https:\/\/lospoliticosveracruz.com\/index.php?rest_route=%2Fwp%2Fv2%2Fcategories&post=128317"},{"taxonomy":"post_tag","embeddable":true,"href":"https:\/\/lospoliticosveracruz.com\/index.php?rest_route=%2Fwp%2Fv2%2Ftags&post=128317"}],"curies":[{"name":"wp","href":"https:\/\/api.w.org\/{rel}","templated":true}]}}