{"id":128319,"date":"2024-08-05T12:49:34","date_gmt":"2024-08-05T17:49:34","guid":{"rendered":"https:\/\/lospoliticosveracruz.com.mx\/?p=128319"},"modified":"2024-08-05T12:49:40","modified_gmt":"2024-08-05T17:49:40","slug":"una-barda-y-una-refineria","status":"publish","type":"post","link":"https:\/\/lospoliticosveracruz.com\/?p=128319","title":{"rendered":"UNA BARDA Y UNA REFINER\u00cdA"},"content":{"rendered":"\n<p><strong>Fanny Y\u00e9pez<\/strong><\/p>\n\n\n\n<p><em>La Columna<\/em><\/p>\n\n\n\n<p>Fue un 18 de marzo del 2008, con motivo del 70 aniversario de la expropiaci\u00f3n petrolera de L\u00e1zaro C\u00e1rdenas, cuando Felipe Calder\u00f3n Hinojosa hizo un rimbombante anuncio para M\u00e9xico,\u00a0\u00a0la construcci\u00f3n de la refiner\u00eda en Tula, Hidalgo a 16 a\u00f1os de distancia lo \u00fanico que existe en el lugar es una barda perimetral que tuvo un costo de 500 millones de pesos, que es un ejemplo a la gran corrupci\u00f3n del gobierno panista.<\/p>\n\n\n<div class=\"wp-block-image\">\n<figure class=\"alignleft size-medium\"><a href=\"https:\/\/lospoliticosveracruz.com.mx\/wp-content\/uploads\/2021\/10\/Zacauilt.jpg\"><img decoding=\"async\" src=\"https:\/\/lospoliticosveracruz.com.mx\/wp-content\/uploads\/2021\/10\/Zacauilt-150x300.jpg\" alt=\"\" class=\"wp-image-80558\"\/><\/a><\/figure>\n<\/div>\n\n\n<p>Muchos recuerdan las palabras de Calder\u00f3n Hinojosa, quien sin recato&nbsp;&nbsp;alguno y mintiendo al pueblo anuncio \u201cpor primera vez en treinta a\u00f1os construiremos una nueva refiner\u00eda con una inversi\u00f3n inicial de 12 mil millones de pesos el primer a\u00f1o. Con ellos se generar\u00e1n miles de empleos directos e indirectos fortaleciendo la econom\u00eda nacional. Al recuperar la posici\u00f3n que M\u00e9xico merece en el mundo como verdadera potencia petrolera, lograremos detonar el crecimiento y el desarrollo del pa\u00eds\u201d.<\/p>\n\n\n\n<p>Como todos lo sabemos Felipe Calder\u00f3n con cinismo enga\u00f1\u00f3 a los mexicanos, s\u00f3lo levant\u00f3 una barda, alrededor del terreno de 700 hect\u00e1reas que el entonces gobernador&nbsp;&nbsp;de Hidalgo, Miguel \u00c1ngel Osorio Chong,&nbsp;&nbsp;compr\u00f3 a campesinos para entreg\u00e1rselo a Petr\u00f3leos Mexicanos (PEMEX) que represent\u00f3 a su vez un endeudamiento para los hidalguenses de m\u00e1s de mil 500 millones de pesos a 20 a\u00f1os.<\/p>\n\n\n\n<p>Con gran indignaci\u00f3n sacamos del ba\u00fal de los ingratos recuerdos este gran fraude que se cometi\u00f3 en contra el pueblo, entonces volteamos y vemos que la refiner\u00eda Dos Bocas est\u00e1 trabajando y procesa 100 mil barriles diarios de crudo.<\/p>\n\n\n\n<p>De acuerdo con la dependencia, la refiner\u00eda Olmeca, conocida como Dos Bocas, ya refina crudo en procesos intermedios, y su contribuci\u00f3n en 2024 ser\u00e1 de 160 mil barriles diarios.&nbsp;&nbsp; &nbsp; &nbsp;<\/p>\n\n\n\n<p>La refiner\u00eda Dos Bocas que se construy\u00f3 en tiempo record de acuerdo con el reporte trimestral de la empresa, en el segundo trimestre de 2024, el proceso de crudo en el Sistema Nacional de Refinaci\u00f3n (SNR) promedi\u00f3 un total de 886 mil barriles por d\u00eda, lo que representa un incremento de 60 mil 500 barriles m\u00e1s o un avance de 7.3 por ciento, con respecto al mismo periodo de 2023.<\/p>\n\n\n\n<p>\u201cSe estima que este 2024, las seis refiner\u00edas actuales procesen un mill\u00f3n de barriles, m\u00e1s una contribuci\u00f3n promedio de 160 mil barriles diarios de la Olmeca. No cabe duda que la escena es muy distinta, en septiembre pr\u00f3ximo el proceso de crudo se ubicar\u00e1 en 1.7 millones de barriles un 233 por ciento m\u00e1s a lo observado en diciembre de 2018\u201d, indic\u00f3 el director general de PEMEX, Octavio Romero Oropeza.<\/p>\n\n\n\n<p>A\u00f1adi\u00f3 que se alcanz\u00f3 la capacidad de proceso de 170 mil barriles de petr\u00f3leo crudo, equivalen a 50 por ciento de la capacidad de la refiner\u00eda Olmeca, y tambi\u00e9n inici\u00f3 la producci\u00f3n de gasolinas de bajo azufre.<\/p>\n\n\n\n<p>Consider\u00f3 que en pr\u00f3ximos d\u00edas llegar\u00e1 a la capacidad m\u00e1xima de 340 mil barriles diarios, es decir, 175 mil barriles de gasolinas, y 130 mil de di\u00e9sel de bajo azufre, con lo cual se cumple cabalmente la instrucci\u00f3n del Presidente&nbsp;&nbsp;Andr\u00e9s Manuel L\u00f3pez Obrador que dio al inicio de su sexenio.<\/p>\n\n\n\n<p>La refiner\u00eda cuenta con una ubicaci\u00f3n estrat\u00e9gica que le permite recibir m\u00e1s de 800 mil barriles de petr\u00f3leo crudo al d\u00eda, con lo cual desaparecen los costos y riesgos de transportarlo.<\/p>\n\n\n\n<p>La refiner\u00eda Olmeca tuvo una inversi\u00f3n de 16 mil 816 millones de d\u00f3lares; tiene capacidad de 340 mil barriles diarios; producir\u00e1 304 mil barriles diarios de gasolina y di\u00e9sel; gener\u00f3 m\u00e1s de 44 mil empleos directos y m\u00e1s de 286 mil indirectos; participaron m\u00e1s de 160 empresas contratistas; alcanz\u00f3 73 por ciento de contenido nacional, y la mano de obra fue de casi 100 por ciento.<\/p>\n\n\n\n<p>Un personaje que trabaj\u00f3 arduamente en la construcci\u00f3n de la refiner\u00eda de Dos Bocas es la gobernadora electa del estado de Veracruz, Roc\u00edo Nahle quien se dijo contenta y activa despu\u00e9s del fin de semana al estar en un evento hist\u00f3rico porque estuvo en Minatitl\u00e1n y en Sayula con el presidente Constitucional, Andr\u00e9s Manuel L\u00f3pez Obrador, y con la presidenta Electa, Claudia Sheinbaum; y el gobernador del estado de Veracruz, Cuitl\u00e1huac Garc\u00eda.<\/p>\n\n\n\n<p>Mencion\u00f3 que el s\u00e1bado estuvo en la refiner\u00eda Olmeca, de Dos Bocas, en donde la invit\u00f3 el Presidente Andr\u00e9s Manuel, y enfatiz\u00f3 que se est\u00e1 trabajando y es una respuesta a todos los pol\u00edticos que criticaban el trabajo del Ejecutivo Federal, de que era una refiner\u00eda que no refina, por lo que se dieron a la tarea para hacer una refiner\u00eda, y esta no se construye de la noche a la ma\u00f1ana, pero se construy\u00f3 en tiempo r\u00e9cord, por lo que se realiz\u00f3 esta gran obra, gracias a los mexicanos.<\/p>\n\n\n\n<p>Se\u00f1al\u00f3 que el pasado domingo inauguraron dos obras de beneficio para los veracruzanos, como es la de Sayula de Alem\u00e1n, y tambi\u00e9n en Minatitl\u00e1n inauguraron una carretera que va de Hidalgotitl\u00e1n a Hidalgo, generando una v\u00eda de acceso de calidad.<\/p>\n\n\n\n<p>Dijo que ella trae la encomienda de dar mantenimiento a todas las carreteras del estado. En otro tenor, inform\u00f3 que al momento no habr\u00e1 m\u00e1s nombramientos de Secretarios, y esta semana estar\u00e1 en una reuni\u00f3n; el pr\u00f3ximo martes y jueves en la Ciudad de M\u00e9xico, con la presidenta electa, Claudia Sheinbaum, en donde abordar\u00e1n proyectos espec\u00edficos de gran calado, para que los primeros tres a\u00f1os de su gesti\u00f3n tengan el avance o conclusi\u00f3n de obras, como es el puente de Coatzacoalcos I.<\/p>\n","protected":false},"excerpt":{"rendered":"<p>Fanny Y\u00e9pez La Columna Fue un 18 de marzo del 2008, con motivo del 70 aniversario de la expropiaci\u00f3n petrolera de L\u00e1zaro C\u00e1rdenas, cuando Felipe Calder\u00f3n Hinojosa hizo un rimbombante anuncio para M\u00e9xico,\u00a0\u00a0la construcci\u00f3n de la refiner\u00eda en Tula, Hidalgo a 16 a\u00f1os de distancia lo \u00fanico que existe en el lugar es una barda [&hellip;]<\/p>\n","protected":false},"author":2,"featured_media":126076,"comment_status":"closed","ping_status":"closed","sticky":false,"template":"","format":"standard","meta":{"tdm_status":"","tdm_grid_status":"","footnotes":""},"categories":[70],"tags":[],"class_list":{"0":"post-128319","1":"post","2":"type-post","3":"status-publish","4":"format-standard","5":"has-post-thumbnail","7":"category-de-opinion"},"yoast_head":"<!-- This site is optimized with the Yoast SEO plugin v27.4 - https:\/\/yoast.com\/product\/yoast-seo-wordpress\/ -->\n<title>UNA BARDA Y UNA REFINER\u00cdA - Los pol\u00edticos Veracruz<\/title>\n<meta name=\"robots\" content=\"index, follow, max-snippet:-1, max-image-preview:large, max-video-preview:-1\" \/>\n<link rel=\"canonical\" href=\"https:\/\/lospoliticosveracruz.com\/?p=128319\" \/>\n<meta property=\"og:locale\" content=\"es_ES\" \/>\n<meta property=\"og:type\" content=\"article\" \/>\n<meta property=\"og:title\" content=\"UNA BARDA Y UNA REFINER\u00cdA - Los pol\u00edticos Veracruz\" \/>\n<meta property=\"og:description\" content=\"Fanny Y\u00e9pez La Columna Fue un 18 de marzo del 2008, con motivo del 70 aniversario de la expropiaci\u00f3n petrolera de L\u00e1zaro C\u00e1rdenas, cuando Felipe Calder\u00f3n Hinojosa hizo un rimbombante anuncio para M\u00e9xico,\u00a0\u00a0la construcci\u00f3n de la refiner\u00eda en Tula, Hidalgo a 16 a\u00f1os de distancia lo \u00fanico que existe en el lugar es una barda [&hellip;]\" \/>\n<meta property=\"og:url\" content=\"https:\/\/lospoliticosveracruz.com\/?p=128319\" \/>\n<meta property=\"og:site_name\" content=\"Los pol\u00edticos Veracruz\" \/>\n<meta property=\"article:publisher\" content=\"https:\/\/www.facebook.com\/people\/Notimemes-de-los-Polticos\/61565672886568\/\" \/>\n<meta property=\"article:published_time\" content=\"2024-08-05T17:49:34+00:00\" \/>\n<meta property=\"article:modified_time\" content=\"2024-08-05T17:49:40+00:00\" \/>\n<meta property=\"og:image\" content=\"https:\/\/lospoliticosveracruz.com\/wp-content\/uploads\/2024\/06\/Fanny-Yepez.jpg\" \/>\n\t<meta property=\"og:image:width\" content=\"1250\" \/>\n\t<meta property=\"og:image:height\" content=\"667\" \/>\n\t<meta property=\"og:image:type\" content=\"image\/jpeg\" \/>\n<meta name=\"author\" content=\"Lo viste en Los Pol\u00edticos\" \/>\n<meta name=\"twitter:card\" content=\"summary_large_image\" \/>\n<meta name=\"twitter:creator\" content=\"@LosPoliticosVer\" \/>\n<meta name=\"twitter:site\" content=\"@LosPoliticosVer\" \/>\n<meta name=\"twitter:label1\" content=\"Escrito por\" \/>\n\t<meta name=\"twitter:data1\" content=\"Lo viste en Los Pol\u00edticos\" \/>\n\t<meta name=\"twitter:label2\" content=\"Tiempo de lectura\" \/>\n\t<meta name=\"twitter:data2\" content=\"5 minutos\" \/>\n<script type=\"application\/ld+json\" class=\"yoast-schema-graph\">{\"@context\":\"https:\\\/\\\/schema.org\",\"@graph\":[{\"@type\":\"Article\",\"@id\":\"https:\\\/\\\/lospoliticosveracruz.com\\\/?p=128319#article\",\"isPartOf\":{\"@id\":\"https:\\\/\\\/lospoliticosveracruz.com\\\/?p=128319\"},\"author\":{\"name\":\"Lo viste en Los Pol\u00edticos\",\"@id\":\"https:\\\/\\\/lospoliticosveracruz.com\\\/#\\\/schema\\\/person\\\/b8702bb0e538456e6efd07080bf2a4a2\"},\"headline\":\"UNA BARDA Y UNA REFINER\u00cdA\",\"datePublished\":\"2024-08-05T17:49:34+00:00\",\"dateModified\":\"2024-08-05T17:49:40+00:00\",\"mainEntityOfPage\":{\"@id\":\"https:\\\/\\\/lospoliticosveracruz.com\\\/?p=128319\"},\"wordCount\":972,\"publisher\":{\"@id\":\"https:\\\/\\\/lospoliticosveracruz.com\\\/#organization\"},\"image\":{\"@id\":\"https:\\\/\\\/lospoliticosveracruz.com\\\/?p=128319#primaryimage\"},\"thumbnailUrl\":\"https:\\\/\\\/lospoliticosveracruz.com\\\/wp-content\\\/uploads\\\/2024\\\/06\\\/Fanny-Yepez.jpg\",\"articleSection\":[\"De Opini\u00f3n\"],\"inLanguage\":\"es\"},{\"@type\":\"WebPage\",\"@id\":\"https:\\\/\\\/lospoliticosveracruz.com\\\/?p=128319\",\"url\":\"https:\\\/\\\/lospoliticosveracruz.com\\\/?p=128319\",\"name\":\"UNA BARDA Y UNA REFINER\u00cdA - Los pol\u00edticos Veracruz\",\"isPartOf\":{\"@id\":\"https:\\\/\\\/lospoliticosveracruz.com\\\/#website\"},\"primaryImageOfPage\":{\"@id\":\"https:\\\/\\\/lospoliticosveracruz.com\\\/?p=128319#primaryimage\"},\"image\":{\"@id\":\"https:\\\/\\\/lospoliticosveracruz.com\\\/?p=128319#primaryimage\"},\"thumbnailUrl\":\"https:\\\/\\\/lospoliticosveracruz.com\\\/wp-content\\\/uploads\\\/2024\\\/06\\\/Fanny-Yepez.jpg\",\"datePublished\":\"2024-08-05T17:49:34+00:00\",\"dateModified\":\"2024-08-05T17:49:40+00:00\",\"breadcrumb\":{\"@id\":\"https:\\\/\\\/lospoliticosveracruz.com\\\/?p=128319#breadcrumb\"},\"inLanguage\":\"es\",\"potentialAction\":[{\"@type\":\"ReadAction\",\"target\":[\"https:\\\/\\\/lospoliticosveracruz.com\\\/?p=128319\"]}]},{\"@type\":\"ImageObject\",\"inLanguage\":\"es\",\"@id\":\"https:\\\/\\\/lospoliticosveracruz.com\\\/?p=128319#primaryimage\",\"url\":\"https:\\\/\\\/lospoliticosveracruz.com\\\/wp-content\\\/uploads\\\/2024\\\/06\\\/Fanny-Yepez.jpg\",\"contentUrl\":\"https:\\\/\\\/lospoliticosveracruz.com\\\/wp-content\\\/uploads\\\/2024\\\/06\\\/Fanny-Yepez.jpg\",\"width\":1250,\"height\":667},{\"@type\":\"BreadcrumbList\",\"@id\":\"https:\\\/\\\/lospoliticosveracruz.com\\\/?p=128319#breadcrumb\",\"itemListElement\":[{\"@type\":\"ListItem\",\"position\":1,\"name\":\"Portada\",\"item\":\"https:\\\/\\\/lospoliticosveracruz.com\\\/\"},{\"@type\":\"ListItem\",\"position\":2,\"name\":\"UNA BARDA Y UNA REFINER\u00cdA\"}]},{\"@type\":\"WebSite\",\"@id\":\"https:\\\/\\\/lospoliticosveracruz.com\\\/#website\",\"url\":\"https:\\\/\\\/lospoliticosveracruz.com\\\/\",\"name\":\"Los pol\u00edticos Veracruz\",\"description\":\"\",\"publisher\":{\"@id\":\"https:\\\/\\\/lospoliticosveracruz.com\\\/#organization\"},\"potentialAction\":[{\"@type\":\"SearchAction\",\"target\":{\"@type\":\"EntryPoint\",\"urlTemplate\":\"https:\\\/\\\/lospoliticosveracruz.com\\\/?s={search_term_string}\"},\"query-input\":{\"@type\":\"PropertyValueSpecification\",\"valueRequired\":true,\"valueName\":\"search_term_string\"}}],\"inLanguage\":\"es\"},{\"@type\":\"Organization\",\"@id\":\"https:\\\/\\\/lospoliticosveracruz.com\\\/#organization\",\"name\":\"Los pol\u00edticos Veracruz\",\"url\":\"https:\\\/\\\/lospoliticosveracruz.com\\\/\",\"logo\":{\"@type\":\"ImageObject\",\"inLanguage\":\"es\",\"@id\":\"https:\\\/\\\/lospoliticosveracruz.com\\\/#\\\/schema\\\/logo\\\/image\\\/\",\"url\":\"https:\\\/\\\/lospoliticosveracruz.com\\\/wp-content\\\/uploads\\\/2025\\\/12\\\/Logo-Nuevo-LOS-POLITICOS-1.jpg\",\"contentUrl\":\"https:\\\/\\\/lospoliticosveracruz.com\\\/wp-content\\\/uploads\\\/2025\\\/12\\\/Logo-Nuevo-LOS-POLITICOS-1.jpg\",\"width\":260,\"height\":70,\"caption\":\"Los pol\u00edticos Veracruz\"},\"image\":{\"@id\":\"https:\\\/\\\/lospoliticosveracruz.com\\\/#\\\/schema\\\/logo\\\/image\\\/\"},\"sameAs\":[\"https:\\\/\\\/www.facebook.com\\\/people\\\/Notimemes-de-los-Polticos\\\/61565672886568\\\/\",\"https:\\\/\\\/x.com\\\/LosPoliticosVer\"]},{\"@type\":\"Person\",\"@id\":\"https:\\\/\\\/lospoliticosveracruz.com\\\/#\\\/schema\\\/person\\\/b8702bb0e538456e6efd07080bf2a4a2\",\"name\":\"Lo viste en Los Pol\u00edticos\",\"image\":{\"@type\":\"ImageObject\",\"inLanguage\":\"es\",\"@id\":\"https:\\\/\\\/secure.gravatar.com\\\/avatar\\\/3a8de04a2656d44082be478bd6c086daa447c4651605818287b9532d3d0bd435?s=96&d=mm&r=g\",\"url\":\"https:\\\/\\\/secure.gravatar.com\\\/avatar\\\/3a8de04a2656d44082be478bd6c086daa447c4651605818287b9532d3d0bd435?s=96&d=mm&r=g\",\"contentUrl\":\"https:\\\/\\\/secure.gravatar.com\\\/avatar\\\/3a8de04a2656d44082be478bd6c086daa447c4651605818287b9532d3d0bd435?s=96&d=mm&r=g\",\"caption\":\"Lo viste en Los Pol\u00edticos\"},\"url\":\"https:\\\/\\\/lospoliticosveracruz.com\\\/?author=2\"}]}<\/script>\n<!-- \/ Yoast SEO plugin. -->","yoast_head_json":{"title":"UNA BARDA Y UNA REFINER\u00cdA - Los pol\u00edticos Veracruz","robots":{"index":"index","follow":"follow","max-snippet":"max-snippet:-1","max-image-preview":"max-image-preview:large","max-video-preview":"max-video-preview:-1"},"canonical":"https:\/\/lospoliticosveracruz.com\/?p=128319","og_locale":"es_ES","og_type":"article","og_title":"UNA BARDA Y UNA REFINER\u00cdA - Los pol\u00edticos Veracruz","og_description":"Fanny Y\u00e9pez La Columna Fue un 18 de marzo del 2008, con motivo del 70 aniversario de la expropiaci\u00f3n petrolera de L\u00e1zaro C\u00e1rdenas, cuando Felipe Calder\u00f3n Hinojosa hizo un rimbombante anuncio para M\u00e9xico,\u00a0\u00a0la construcci\u00f3n de la refiner\u00eda en Tula, Hidalgo a 16 a\u00f1os de distancia lo \u00fanico que existe en el lugar es una barda [&hellip;]","og_url":"https:\/\/lospoliticosveracruz.com\/?p=128319","og_site_name":"Los pol\u00edticos Veracruz","article_publisher":"https:\/\/www.facebook.com\/people\/Notimemes-de-los-Polticos\/61565672886568\/","article_published_time":"2024-08-05T17:49:34+00:00","article_modified_time":"2024-08-05T17:49:40+00:00","og_image":[{"width":1250,"height":667,"url":"https:\/\/lospoliticosveracruz.com\/wp-content\/uploads\/2024\/06\/Fanny-Yepez.jpg","type":"image\/jpeg"}],"author":"Lo viste en Los Pol\u00edticos","twitter_card":"summary_large_image","twitter_creator":"@LosPoliticosVer","twitter_site":"@LosPoliticosVer","twitter_misc":{"Escrito por":"Lo viste en Los Pol\u00edticos","Tiempo de lectura":"5 minutos"},"schema":{"@context":"https:\/\/schema.org","@graph":[{"@type":"Article","@id":"https:\/\/lospoliticosveracruz.com\/?p=128319#article","isPartOf":{"@id":"https:\/\/lospoliticosveracruz.com\/?p=128319"},"author":{"name":"Lo viste en Los Pol\u00edticos","@id":"https:\/\/lospoliticosveracruz.com\/#\/schema\/person\/b8702bb0e538456e6efd07080bf2a4a2"},"headline":"UNA BARDA Y UNA REFINER\u00cdA","datePublished":"2024-08-05T17:49:34+00:00","dateModified":"2024-08-05T17:49:40+00:00","mainEntityOfPage":{"@id":"https:\/\/lospoliticosveracruz.com\/?p=128319"},"wordCount":972,"publisher":{"@id":"https:\/\/lospoliticosveracruz.com\/#organization"},"image":{"@id":"https:\/\/lospoliticosveracruz.com\/?p=128319#primaryimage"},"thumbnailUrl":"https:\/\/lospoliticosveracruz.com\/wp-content\/uploads\/2024\/06\/Fanny-Yepez.jpg","articleSection":["De Opini\u00f3n"],"inLanguage":"es"},{"@type":"WebPage","@id":"https:\/\/lospoliticosveracruz.com\/?p=128319","url":"https:\/\/lospoliticosveracruz.com\/?p=128319","name":"UNA BARDA Y UNA REFINER\u00cdA - Los pol\u00edticos Veracruz","isPartOf":{"@id":"https:\/\/lospoliticosveracruz.com\/#website"},"primaryImageOfPage":{"@id":"https:\/\/lospoliticosveracruz.com\/?p=128319#primaryimage"},"image":{"@id":"https:\/\/lospoliticosveracruz.com\/?p=128319#primaryimage"},"thumbnailUrl":"https:\/\/lospoliticosveracruz.com\/wp-content\/uploads\/2024\/06\/Fanny-Yepez.jpg","datePublished":"2024-08-05T17:49:34+00:00","dateModified":"2024-08-05T17:49:40+00:00","breadcrumb":{"@id":"https:\/\/lospoliticosveracruz.com\/?p=128319#breadcrumb"},"inLanguage":"es","potentialAction":[{"@type":"ReadAction","target":["https:\/\/lospoliticosveracruz.com\/?p=128319"]}]},{"@type":"ImageObject","inLanguage":"es","@id":"https:\/\/lospoliticosveracruz.com\/?p=128319#primaryimage","url":"https:\/\/lospoliticosveracruz.com\/wp-content\/uploads\/2024\/06\/Fanny-Yepez.jpg","contentUrl":"https:\/\/lospoliticosveracruz.com\/wp-content\/uploads\/2024\/06\/Fanny-Yepez.jpg","width":1250,"height":667},{"@type":"BreadcrumbList","@id":"https:\/\/lospoliticosveracruz.com\/?p=128319#breadcrumb","itemListElement":[{"@type":"ListItem","position":1,"name":"Portada","item":"https:\/\/lospoliticosveracruz.com\/"},{"@type":"ListItem","position":2,"name":"UNA BARDA Y UNA REFINER\u00cdA"}]},{"@type":"WebSite","@id":"https:\/\/lospoliticosveracruz.com\/#website","url":"https:\/\/lospoliticosveracruz.com\/","name":"Los pol\u00edticos Veracruz","description":"","publisher":{"@id":"https:\/\/lospoliticosveracruz.com\/#organization"},"potentialAction":[{"@type":"SearchAction","target":{"@type":"EntryPoint","urlTemplate":"https:\/\/lospoliticosveracruz.com\/?s={search_term_string}"},"query-input":{"@type":"PropertyValueSpecification","valueRequired":true,"valueName":"search_term_string"}}],"inLanguage":"es"},{"@type":"Organization","@id":"https:\/\/lospoliticosveracruz.com\/#organization","name":"Los pol\u00edticos Veracruz","url":"https:\/\/lospoliticosveracruz.com\/","logo":{"@type":"ImageObject","inLanguage":"es","@id":"https:\/\/lospoliticosveracruz.com\/#\/schema\/logo\/image\/","url":"https:\/\/lospoliticosveracruz.com\/wp-content\/uploads\/2025\/12\/Logo-Nuevo-LOS-POLITICOS-1.jpg","contentUrl":"https:\/\/lospoliticosveracruz.com\/wp-content\/uploads\/2025\/12\/Logo-Nuevo-LOS-POLITICOS-1.jpg","width":260,"height":70,"caption":"Los pol\u00edticos Veracruz"},"image":{"@id":"https:\/\/lospoliticosveracruz.com\/#\/schema\/logo\/image\/"},"sameAs":["https:\/\/www.facebook.com\/people\/Notimemes-de-los-Polticos\/61565672886568\/","https:\/\/x.com\/LosPoliticosVer"]},{"@type":"Person","@id":"https:\/\/lospoliticosveracruz.com\/#\/schema\/person\/b8702bb0e538456e6efd07080bf2a4a2","name":"Lo viste en Los Pol\u00edticos","image":{"@type":"ImageObject","inLanguage":"es","@id":"https:\/\/secure.gravatar.com\/avatar\/3a8de04a2656d44082be478bd6c086daa447c4651605818287b9532d3d0bd435?s=96&d=mm&r=g","url":"https:\/\/secure.gravatar.com\/avatar\/3a8de04a2656d44082be478bd6c086daa447c4651605818287b9532d3d0bd435?s=96&d=mm&r=g","contentUrl":"https:\/\/secure.gravatar.com\/avatar\/3a8de04a2656d44082be478bd6c086daa447c4651605818287b9532d3d0bd435?s=96&d=mm&r=g","caption":"Lo viste en Los Pol\u00edticos"},"url":"https:\/\/lospoliticosveracruz.com\/?author=2"}]}},"_links":{"self":[{"href":"https:\/\/lospoliticosveracruz.com\/index.php?rest_route=\/wp\/v2\/posts\/128319","targetHints":{"allow":["GET"]}}],"collection":[{"href":"https:\/\/lospoliticosveracruz.com\/index.php?rest_route=\/wp\/v2\/posts"}],"about":[{"href":"https:\/\/lospoliticosveracruz.com\/index.php?rest_route=\/wp\/v2\/types\/post"}],"author":[{"embeddable":true,"href":"https:\/\/lospoliticosveracruz.com\/index.php?rest_route=\/wp\/v2\/users\/2"}],"replies":[{"embeddable":true,"href":"https:\/\/lospoliticosveracruz.com\/index.php?rest_route=%2Fwp%2Fv2%2Fcomments&post=128319"}],"version-history":[{"count":1,"href":"https:\/\/lospoliticosveracruz.com\/index.php?rest_route=\/wp\/v2\/posts\/128319\/revisions"}],"predecessor-version":[{"id":128320,"href":"https:\/\/lospoliticosveracruz.com\/index.php?rest_route=\/wp\/v2\/posts\/128319\/revisions\/128320"}],"wp:featuredmedia":[{"embeddable":true,"href":"https:\/\/lospoliticosveracruz.com\/index.php?rest_route=\/wp\/v2\/media\/126076"}],"wp:attachment":[{"href":"https:\/\/lospoliticosveracruz.com\/index.php?rest_route=%2Fwp%2Fv2%2Fmedia&parent=128319"}],"wp:term":[{"taxonomy":"category","embeddable":true,"href":"https:\/\/lospoliticosveracruz.com\/index.php?rest_route=%2Fwp%2Fv2%2Fcategories&post=128319"},{"taxonomy":"post_tag","embeddable":true,"href":"https:\/\/lospoliticosveracruz.com\/index.php?rest_route=%2Fwp%2Fv2%2Ftags&post=128319"}],"curies":[{"name":"wp","href":"https:\/\/api.w.org\/{rel}","templated":true}]}}