{"id":128328,"date":"2024-08-05T17:08:19","date_gmt":"2024-08-05T22:08:19","guid":{"rendered":"https:\/\/lospoliticosveracruz.com.mx\/?p=128328"},"modified":"2024-08-05T17:08:27","modified_gmt":"2024-08-05T22:08:27","slug":"el-interoceanico-por-carretera","status":"publish","type":"post","link":"https:\/\/lospoliticosveracruz.com\/?p=128328","title":{"rendered":"EL INTEROCE\u00c1NICO POR CARRETERA"},"content":{"rendered":"\n<p><strong>Juan Javier G\u00f3mez Cazar\u00edn*<\/strong><\/p>\n\n\n\n<p><em>Parlamento Veracruz<\/em><\/p>\n\n\n\n<p>Hace seis a\u00f1os, por estas fechas, cuando el presidente Andr\u00e9s Manuel L\u00f3pez Obrador todav\u00eda no tomaba posesi\u00f3n de su cargo, muchas y muchos dudaban de que el Corredor Interoce\u00e1nico prometido en campa\u00f1a fuera a ser realidad.<\/p>\n\n\n\n<p>El despertar del Corredor Interoce\u00e1nico con un segundo aire desde la \u00e9poca de Porfirio D\u00edaz hab\u00eda sido una mentira llevada y tra\u00edda durante d\u00e9cadas por los gobiernos anteriores.<\/p>\n\n\n<div class=\"wp-block-image\">\n<figure class=\"alignleft size-medium\"><a href=\"https:\/\/lospoliticosveracruz.com.mx\/wp-content\/uploads\/2021\/10\/WhatsApp-Image-2021-10-02-at-15.20.25.jpeg\"><img loading=\"lazy\" decoding=\"async\" width=\"212\" height=\"300\" src=\"https:\/\/lospoliticosveracruz.com.mx\/wp-content\/uploads\/2021\/10\/WhatsApp-Image-2021-10-02-at-15.20.25-212x300.jpeg\" alt=\"\" class=\"wp-image-80177\" srcset=\"https:\/\/lospoliticosveracruz.com\/wp-content\/uploads\/2021\/10\/WhatsApp-Image-2021-10-02-at-15.20.25-212x300.jpeg 212w, https:\/\/lospoliticosveracruz.com\/wp-content\/uploads\/2021\/10\/WhatsApp-Image-2021-10-02-at-15.20.25-724x1024.jpeg 724w, https:\/\/lospoliticosveracruz.com\/wp-content\/uploads\/2021\/10\/WhatsApp-Image-2021-10-02-at-15.20.25-768x1086.jpeg 768w, https:\/\/lospoliticosveracruz.com\/wp-content\/uploads\/2021\/10\/WhatsApp-Image-2021-10-02-at-15.20.25.jpeg 905w\" sizes=\"auto, (max-width: 212px) 100vw, 212px\" \/><\/a><\/figure>\n<\/div>\n\n\n<p>Callando a esas bocas, a lo largo de este esplendoroso sexenio para M\u00e9xico el Corredor Interoce\u00e1nico ha dado numerosas muestras de que la cosa va muy en serio.<\/p>\n\n\n\n<p>Este domingo en Sayula de Alem\u00e1n, en una de sus \u00faltimas giras en Veracruz como Presidente, L\u00f3pez Obrador inaugur\u00f3 la modernizaci\u00f3n del tramo carretero entre Acayucan y La Ventosa, que ahora se recorre en s\u00f3lo dos horas. Lo acompa\u00f1\u00f3 la presidenta electa, Claudia Sheinbaum; el gobernador Cuitl\u00e1huac Garc\u00eda y la gobernadora electa, Roc\u00edo Nahle.<\/p>\n\n\n\n<p>\u00bfPor qu\u00e9 es importante este tramo de autopista, si el Corredor Interoce\u00e1nico es, b\u00e1sicamente, un ferrocarril? Porque el Corredor incluye 10 Polos de Desarrollo de Bienestar, que son parques industriales donde se instalar\u00e1n empresas y ofrecer\u00e1n empleo.<\/p>\n\n\n\n<p>El presidente Andr\u00e9s Manuel piensa en todo y busc\u00f3 que el bienestar incluyera al mayor n\u00famero de poblaciones. Por eso, esos parques industriales no estar\u00e1n s\u00f3lo en Coatzacoalcos y Salina Cruz, que son los dos extremos del Corredor, sino a lo largo de todo el Istmo. Uno de ellos, por ejemplo, estar\u00e1 en San Juan Evangelista; uno m\u00e1s, en Texistepec.<\/p>\n\n\n\n<p>As\u00ed que no todo el intercambio de mercanc\u00edas ser\u00e1 por tren, porque los Polos de Desarrollo podr\u00e1n comerciar entre ellos. Por ejemplo, si uno elabora alg\u00fan producto que se necesita en otro de ellos. Habr\u00e1, adem\u00e1s, un mayor tr\u00e1nsito de personas que trabajar\u00e1n en esos parques industriales y que har\u00e1n su vida en alguna de las poblaciones cercanas.<\/p>\n\n\n\n<p>Esta modernizaci\u00f3n carretera es la m\u00e1s importante del Istmo en cuando menos 50 a\u00f1os. Ser\u00e1 un legado imborrable del cari\u00f1o que tiene L\u00f3pez Obrador por el sureste mexicano y, en especial, por Veracruz, su segunda casa.<\/p>\n\n\n\n<p>Y si de bocas calladas hablamos, es necesario hablar de otro proyecto estrat\u00e9gico del sexenio de L\u00f3pez Obrador: la Refiner\u00eda Olmeca, en Tabasco.<\/p>\n\n\n\n<p>La refiner\u00eda que dec\u00edan que era imposible y que se hizo posible gracias a la determinaci\u00f3n de una paisana nuestra: Roc\u00edo Nahle Garc\u00eda, quien como Secretaria de Energ\u00eda estuvo a cargo del proyecto. Para bien de Veracruz, Roc\u00edo ahora es nuestra Gobernadora electa y ahora dedicar\u00e1 ese talento y compromiso con el futuro de nuestro Estado.<\/p>\n\n\n\n<p>*Diputado Local. Presidente de la Junta de Coordinaci\u00f3n Pol\u00edtica.<\/p>\n","protected":false},"excerpt":{"rendered":"<p>Juan Javier G\u00f3mez Cazar\u00edn* Parlamento Veracruz Hace seis a\u00f1os, por estas fechas, cuando el presidente Andr\u00e9s Manuel L\u00f3pez Obrador todav\u00eda no tomaba posesi\u00f3n de su cargo, muchas y muchos dudaban de que el Corredor Interoce\u00e1nico prometido en campa\u00f1a fuera a ser realidad. El despertar del Corredor Interoce\u00e1nico con un segundo aire desde la \u00e9poca de [&hellip;]<\/p>\n","protected":false},"author":2,"featured_media":119933,"comment_status":"closed","ping_status":"closed","sticky":false,"template":"","format":"standard","meta":{"tdm_status":"","tdm_grid_status":"","footnotes":""},"categories":[70],"tags":[618,21078,12695,1026,195],"class_list":{"0":"post-128328","1":"post","2":"type-post","3":"status-publish","4":"format-standard","5":"has-post-thumbnail","7":"category-de-opinion","8":"tag-andres-manuel-lopez-obrador","9":"tag-corredor-interoceanico","10":"tag-juan-javier-gomez-cazarin","11":"tag-morena","12":"tag-veracruz"},"yoast_head":"<!-- This site is optimized with the Yoast SEO plugin v27.4 - https:\/\/yoast.com\/product\/yoast-seo-wordpress\/ -->\n<title>EL INTEROCE\u00c1NICO POR CARRETERA - Los pol\u00edticos Veracruz<\/title>\n<meta name=\"robots\" content=\"index, follow, max-snippet:-1, max-image-preview:large, max-video-preview:-1\" \/>\n<link rel=\"canonical\" href=\"https:\/\/lospoliticosveracruz.com\/?p=128328\" \/>\n<meta property=\"og:locale\" content=\"es_ES\" \/>\n<meta property=\"og:type\" content=\"article\" \/>\n<meta property=\"og:title\" content=\"EL INTEROCE\u00c1NICO POR CARRETERA - Los pol\u00edticos Veracruz\" \/>\n<meta property=\"og:description\" content=\"Juan Javier G\u00f3mez Cazar\u00edn* Parlamento Veracruz Hace seis a\u00f1os, por estas fechas, cuando el presidente Andr\u00e9s Manuel L\u00f3pez Obrador todav\u00eda no tomaba posesi\u00f3n de su cargo, muchas y muchos dudaban de que el Corredor Interoce\u00e1nico prometido en campa\u00f1a fuera a ser realidad. El despertar del Corredor Interoce\u00e1nico con un segundo aire desde la \u00e9poca de [&hellip;]\" \/>\n<meta property=\"og:url\" content=\"https:\/\/lospoliticosveracruz.com\/?p=128328\" \/>\n<meta property=\"og:site_name\" content=\"Los pol\u00edticos Veracruz\" \/>\n<meta property=\"article:publisher\" content=\"https:\/\/www.facebook.com\/people\/Notimemes-de-los-Polticos\/61565672886568\/\" \/>\n<meta property=\"article:published_time\" content=\"2024-08-05T22:08:19+00:00\" \/>\n<meta property=\"article:modified_time\" content=\"2024-08-05T22:08:27+00:00\" \/>\n<meta property=\"og:image\" content=\"https:\/\/lospoliticosveracruz.com\/wp-content\/uploads\/2024\/03\/Juan-Javier-Gomez-Cazarin.jpg\" \/>\n\t<meta property=\"og:image:width\" content=\"1250\" \/>\n\t<meta property=\"og:image:height\" content=\"667\" \/>\n\t<meta property=\"og:image:type\" content=\"image\/jpeg\" \/>\n<meta name=\"author\" content=\"Lo viste en Los Pol\u00edticos\" \/>\n<meta name=\"twitter:card\" content=\"summary_large_image\" \/>\n<meta name=\"twitter:creator\" content=\"@LosPoliticosVer\" \/>\n<meta name=\"twitter:site\" content=\"@LosPoliticosVer\" \/>\n<meta name=\"twitter:label1\" content=\"Escrito por\" \/>\n\t<meta name=\"twitter:data1\" content=\"Lo viste en Los Pol\u00edticos\" \/>\n\t<meta name=\"twitter:label2\" content=\"Tiempo de lectura\" \/>\n\t<meta name=\"twitter:data2\" content=\"2 minutos\" \/>\n<script type=\"application\/ld+json\" class=\"yoast-schema-graph\">{\"@context\":\"https:\\\/\\\/schema.org\",\"@graph\":[{\"@type\":\"Article\",\"@id\":\"https:\\\/\\\/lospoliticosveracruz.com\\\/?p=128328#article\",\"isPartOf\":{\"@id\":\"https:\\\/\\\/lospoliticosveracruz.com\\\/?p=128328\"},\"author\":{\"name\":\"Lo viste en Los Pol\u00edticos\",\"@id\":\"https:\\\/\\\/lospoliticosveracruz.com\\\/#\\\/schema\\\/person\\\/b8702bb0e538456e6efd07080bf2a4a2\"},\"headline\":\"EL INTEROCE\u00c1NICO POR CARRETERA\",\"datePublished\":\"2024-08-05T22:08:19+00:00\",\"dateModified\":\"2024-08-05T22:08:27+00:00\",\"mainEntityOfPage\":{\"@id\":\"https:\\\/\\\/lospoliticosveracruz.com\\\/?p=128328\"},\"wordCount\":490,\"publisher\":{\"@id\":\"https:\\\/\\\/lospoliticosveracruz.com\\\/#organization\"},\"image\":{\"@id\":\"https:\\\/\\\/lospoliticosveracruz.com\\\/?p=128328#primaryimage\"},\"thumbnailUrl\":\"https:\\\/\\\/lospoliticosveracruz.com\\\/wp-content\\\/uploads\\\/2024\\\/03\\\/Juan-Javier-Gomez-Cazarin.jpg\",\"keywords\":[\"Andr\u00e9s Manuel L\u00f3pez Obrador\",\"Corredor Interoce\u00e1nico\",\"Juan Javier G\u00f3mez Cazar\u00edn\",\"Morena\",\"Veracruz\"],\"articleSection\":[\"De Opini\u00f3n\"],\"inLanguage\":\"es\"},{\"@type\":\"WebPage\",\"@id\":\"https:\\\/\\\/lospoliticosveracruz.com\\\/?p=128328\",\"url\":\"https:\\\/\\\/lospoliticosveracruz.com\\\/?p=128328\",\"name\":\"EL INTEROCE\u00c1NICO POR CARRETERA - Los pol\u00edticos Veracruz\",\"isPartOf\":{\"@id\":\"https:\\\/\\\/lospoliticosveracruz.com\\\/#website\"},\"primaryImageOfPage\":{\"@id\":\"https:\\\/\\\/lospoliticosveracruz.com\\\/?p=128328#primaryimage\"},\"image\":{\"@id\":\"https:\\\/\\\/lospoliticosveracruz.com\\\/?p=128328#primaryimage\"},\"thumbnailUrl\":\"https:\\\/\\\/lospoliticosveracruz.com\\\/wp-content\\\/uploads\\\/2024\\\/03\\\/Juan-Javier-Gomez-Cazarin.jpg\",\"datePublished\":\"2024-08-05T22:08:19+00:00\",\"dateModified\":\"2024-08-05T22:08:27+00:00\",\"breadcrumb\":{\"@id\":\"https:\\\/\\\/lospoliticosveracruz.com\\\/?p=128328#breadcrumb\"},\"inLanguage\":\"es\",\"potentialAction\":[{\"@type\":\"ReadAction\",\"target\":[\"https:\\\/\\\/lospoliticosveracruz.com\\\/?p=128328\"]}]},{\"@type\":\"ImageObject\",\"inLanguage\":\"es\",\"@id\":\"https:\\\/\\\/lospoliticosveracruz.com\\\/?p=128328#primaryimage\",\"url\":\"https:\\\/\\\/lospoliticosveracruz.com\\\/wp-content\\\/uploads\\\/2024\\\/03\\\/Juan-Javier-Gomez-Cazarin.jpg\",\"contentUrl\":\"https:\\\/\\\/lospoliticosveracruz.com\\\/wp-content\\\/uploads\\\/2024\\\/03\\\/Juan-Javier-Gomez-Cazarin.jpg\",\"width\":1250,\"height\":667},{\"@type\":\"BreadcrumbList\",\"@id\":\"https:\\\/\\\/lospoliticosveracruz.com\\\/?p=128328#breadcrumb\",\"itemListElement\":[{\"@type\":\"ListItem\",\"position\":1,\"name\":\"Portada\",\"item\":\"https:\\\/\\\/lospoliticosveracruz.com\\\/\"},{\"@type\":\"ListItem\",\"position\":2,\"name\":\"EL INTEROCE\u00c1NICO POR CARRETERA\"}]},{\"@type\":\"WebSite\",\"@id\":\"https:\\\/\\\/lospoliticosveracruz.com\\\/#website\",\"url\":\"https:\\\/\\\/lospoliticosveracruz.com\\\/\",\"name\":\"Los pol\u00edticos Veracruz\",\"description\":\"\",\"publisher\":{\"@id\":\"https:\\\/\\\/lospoliticosveracruz.com\\\/#organization\"},\"potentialAction\":[{\"@type\":\"SearchAction\",\"target\":{\"@type\":\"EntryPoint\",\"urlTemplate\":\"https:\\\/\\\/lospoliticosveracruz.com\\\/?s={search_term_string}\"},\"query-input\":{\"@type\":\"PropertyValueSpecification\",\"valueRequired\":true,\"valueName\":\"search_term_string\"}}],\"inLanguage\":\"es\"},{\"@type\":\"Organization\",\"@id\":\"https:\\\/\\\/lospoliticosveracruz.com\\\/#organization\",\"name\":\"Los pol\u00edticos Veracruz\",\"url\":\"https:\\\/\\\/lospoliticosveracruz.com\\\/\",\"logo\":{\"@type\":\"ImageObject\",\"inLanguage\":\"es\",\"@id\":\"https:\\\/\\\/lospoliticosveracruz.com\\\/#\\\/schema\\\/logo\\\/image\\\/\",\"url\":\"https:\\\/\\\/lospoliticosveracruz.com\\\/wp-content\\\/uploads\\\/2025\\\/12\\\/Logo-Nuevo-LOS-POLITICOS-1.jpg\",\"contentUrl\":\"https:\\\/\\\/lospoliticosveracruz.com\\\/wp-content\\\/uploads\\\/2025\\\/12\\\/Logo-Nuevo-LOS-POLITICOS-1.jpg\",\"width\":260,\"height\":70,\"caption\":\"Los pol\u00edticos Veracruz\"},\"image\":{\"@id\":\"https:\\\/\\\/lospoliticosveracruz.com\\\/#\\\/schema\\\/logo\\\/image\\\/\"},\"sameAs\":[\"https:\\\/\\\/www.facebook.com\\\/people\\\/Notimemes-de-los-Polticos\\\/61565672886568\\\/\",\"https:\\\/\\\/x.com\\\/LosPoliticosVer\"]},{\"@type\":\"Person\",\"@id\":\"https:\\\/\\\/lospoliticosveracruz.com\\\/#\\\/schema\\\/person\\\/b8702bb0e538456e6efd07080bf2a4a2\",\"name\":\"Lo viste en Los Pol\u00edticos\",\"image\":{\"@type\":\"ImageObject\",\"inLanguage\":\"es\",\"@id\":\"https:\\\/\\\/secure.gravatar.com\\\/avatar\\\/3a8de04a2656d44082be478bd6c086daa447c4651605818287b9532d3d0bd435?s=96&d=mm&r=g\",\"url\":\"https:\\\/\\\/secure.gravatar.com\\\/avatar\\\/3a8de04a2656d44082be478bd6c086daa447c4651605818287b9532d3d0bd435?s=96&d=mm&r=g\",\"contentUrl\":\"https:\\\/\\\/secure.gravatar.com\\\/avatar\\\/3a8de04a2656d44082be478bd6c086daa447c4651605818287b9532d3d0bd435?s=96&d=mm&r=g\",\"caption\":\"Lo viste en Los Pol\u00edticos\"},\"url\":\"https:\\\/\\\/lospoliticosveracruz.com\\\/?author=2\"}]}<\/script>\n<!-- \/ Yoast SEO plugin. -->","yoast_head_json":{"title":"EL INTEROCE\u00c1NICO POR CARRETERA - Los pol\u00edticos Veracruz","robots":{"index":"index","follow":"follow","max-snippet":"max-snippet:-1","max-image-preview":"max-image-preview:large","max-video-preview":"max-video-preview:-1"},"canonical":"https:\/\/lospoliticosveracruz.com\/?p=128328","og_locale":"es_ES","og_type":"article","og_title":"EL INTEROCE\u00c1NICO POR CARRETERA - Los pol\u00edticos Veracruz","og_description":"Juan Javier G\u00f3mez Cazar\u00edn* Parlamento Veracruz Hace seis a\u00f1os, por estas fechas, cuando el presidente Andr\u00e9s Manuel L\u00f3pez Obrador todav\u00eda no tomaba posesi\u00f3n de su cargo, muchas y muchos dudaban de que el Corredor Interoce\u00e1nico prometido en campa\u00f1a fuera a ser realidad. El despertar del Corredor Interoce\u00e1nico con un segundo aire desde la \u00e9poca de [&hellip;]","og_url":"https:\/\/lospoliticosveracruz.com\/?p=128328","og_site_name":"Los pol\u00edticos Veracruz","article_publisher":"https:\/\/www.facebook.com\/people\/Notimemes-de-los-Polticos\/61565672886568\/","article_published_time":"2024-08-05T22:08:19+00:00","article_modified_time":"2024-08-05T22:08:27+00:00","og_image":[{"width":1250,"height":667,"url":"https:\/\/lospoliticosveracruz.com\/wp-content\/uploads\/2024\/03\/Juan-Javier-Gomez-Cazarin.jpg","type":"image\/jpeg"}],"author":"Lo viste en Los Pol\u00edticos","twitter_card":"summary_large_image","twitter_creator":"@LosPoliticosVer","twitter_site":"@LosPoliticosVer","twitter_misc":{"Escrito por":"Lo viste en Los Pol\u00edticos","Tiempo de lectura":"2 minutos"},"schema":{"@context":"https:\/\/schema.org","@graph":[{"@type":"Article","@id":"https:\/\/lospoliticosveracruz.com\/?p=128328#article","isPartOf":{"@id":"https:\/\/lospoliticosveracruz.com\/?p=128328"},"author":{"name":"Lo viste en Los Pol\u00edticos","@id":"https:\/\/lospoliticosveracruz.com\/#\/schema\/person\/b8702bb0e538456e6efd07080bf2a4a2"},"headline":"EL INTEROCE\u00c1NICO POR CARRETERA","datePublished":"2024-08-05T22:08:19+00:00","dateModified":"2024-08-05T22:08:27+00:00","mainEntityOfPage":{"@id":"https:\/\/lospoliticosveracruz.com\/?p=128328"},"wordCount":490,"publisher":{"@id":"https:\/\/lospoliticosveracruz.com\/#organization"},"image":{"@id":"https:\/\/lospoliticosveracruz.com\/?p=128328#primaryimage"},"thumbnailUrl":"https:\/\/lospoliticosveracruz.com\/wp-content\/uploads\/2024\/03\/Juan-Javier-Gomez-Cazarin.jpg","keywords":["Andr\u00e9s Manuel L\u00f3pez Obrador","Corredor Interoce\u00e1nico","Juan Javier G\u00f3mez Cazar\u00edn","Morena","Veracruz"],"articleSection":["De Opini\u00f3n"],"inLanguage":"es"},{"@type":"WebPage","@id":"https:\/\/lospoliticosveracruz.com\/?p=128328","url":"https:\/\/lospoliticosveracruz.com\/?p=128328","name":"EL INTEROCE\u00c1NICO POR CARRETERA - Los pol\u00edticos Veracruz","isPartOf":{"@id":"https:\/\/lospoliticosveracruz.com\/#website"},"primaryImageOfPage":{"@id":"https:\/\/lospoliticosveracruz.com\/?p=128328#primaryimage"},"image":{"@id":"https:\/\/lospoliticosveracruz.com\/?p=128328#primaryimage"},"thumbnailUrl":"https:\/\/lospoliticosveracruz.com\/wp-content\/uploads\/2024\/03\/Juan-Javier-Gomez-Cazarin.jpg","datePublished":"2024-08-05T22:08:19+00:00","dateModified":"2024-08-05T22:08:27+00:00","breadcrumb":{"@id":"https:\/\/lospoliticosveracruz.com\/?p=128328#breadcrumb"},"inLanguage":"es","potentialAction":[{"@type":"ReadAction","target":["https:\/\/lospoliticosveracruz.com\/?p=128328"]}]},{"@type":"ImageObject","inLanguage":"es","@id":"https:\/\/lospoliticosveracruz.com\/?p=128328#primaryimage","url":"https:\/\/lospoliticosveracruz.com\/wp-content\/uploads\/2024\/03\/Juan-Javier-Gomez-Cazarin.jpg","contentUrl":"https:\/\/lospoliticosveracruz.com\/wp-content\/uploads\/2024\/03\/Juan-Javier-Gomez-Cazarin.jpg","width":1250,"height":667},{"@type":"BreadcrumbList","@id":"https:\/\/lospoliticosveracruz.com\/?p=128328#breadcrumb","itemListElement":[{"@type":"ListItem","position":1,"name":"Portada","item":"https:\/\/lospoliticosveracruz.com\/"},{"@type":"ListItem","position":2,"name":"EL INTEROCE\u00c1NICO POR CARRETERA"}]},{"@type":"WebSite","@id":"https:\/\/lospoliticosveracruz.com\/#website","url":"https:\/\/lospoliticosveracruz.com\/","name":"Los pol\u00edticos Veracruz","description":"","publisher":{"@id":"https:\/\/lospoliticosveracruz.com\/#organization"},"potentialAction":[{"@type":"SearchAction","target":{"@type":"EntryPoint","urlTemplate":"https:\/\/lospoliticosveracruz.com\/?s={search_term_string}"},"query-input":{"@type":"PropertyValueSpecification","valueRequired":true,"valueName":"search_term_string"}}],"inLanguage":"es"},{"@type":"Organization","@id":"https:\/\/lospoliticosveracruz.com\/#organization","name":"Los pol\u00edticos Veracruz","url":"https:\/\/lospoliticosveracruz.com\/","logo":{"@type":"ImageObject","inLanguage":"es","@id":"https:\/\/lospoliticosveracruz.com\/#\/schema\/logo\/image\/","url":"https:\/\/lospoliticosveracruz.com\/wp-content\/uploads\/2025\/12\/Logo-Nuevo-LOS-POLITICOS-1.jpg","contentUrl":"https:\/\/lospoliticosveracruz.com\/wp-content\/uploads\/2025\/12\/Logo-Nuevo-LOS-POLITICOS-1.jpg","width":260,"height":70,"caption":"Los pol\u00edticos Veracruz"},"image":{"@id":"https:\/\/lospoliticosveracruz.com\/#\/schema\/logo\/image\/"},"sameAs":["https:\/\/www.facebook.com\/people\/Notimemes-de-los-Polticos\/61565672886568\/","https:\/\/x.com\/LosPoliticosVer"]},{"@type":"Person","@id":"https:\/\/lospoliticosveracruz.com\/#\/schema\/person\/b8702bb0e538456e6efd07080bf2a4a2","name":"Lo viste en Los Pol\u00edticos","image":{"@type":"ImageObject","inLanguage":"es","@id":"https:\/\/secure.gravatar.com\/avatar\/3a8de04a2656d44082be478bd6c086daa447c4651605818287b9532d3d0bd435?s=96&d=mm&r=g","url":"https:\/\/secure.gravatar.com\/avatar\/3a8de04a2656d44082be478bd6c086daa447c4651605818287b9532d3d0bd435?s=96&d=mm&r=g","contentUrl":"https:\/\/secure.gravatar.com\/avatar\/3a8de04a2656d44082be478bd6c086daa447c4651605818287b9532d3d0bd435?s=96&d=mm&r=g","caption":"Lo viste en Los Pol\u00edticos"},"url":"https:\/\/lospoliticosveracruz.com\/?author=2"}]}},"_links":{"self":[{"href":"https:\/\/lospoliticosveracruz.com\/index.php?rest_route=\/wp\/v2\/posts\/128328","targetHints":{"allow":["GET"]}}],"collection":[{"href":"https:\/\/lospoliticosveracruz.com\/index.php?rest_route=\/wp\/v2\/posts"}],"about":[{"href":"https:\/\/lospoliticosveracruz.com\/index.php?rest_route=\/wp\/v2\/types\/post"}],"author":[{"embeddable":true,"href":"https:\/\/lospoliticosveracruz.com\/index.php?rest_route=\/wp\/v2\/users\/2"}],"replies":[{"embeddable":true,"href":"https:\/\/lospoliticosveracruz.com\/index.php?rest_route=%2Fwp%2Fv2%2Fcomments&post=128328"}],"version-history":[{"count":1,"href":"https:\/\/lospoliticosveracruz.com\/index.php?rest_route=\/wp\/v2\/posts\/128328\/revisions"}],"predecessor-version":[{"id":128329,"href":"https:\/\/lospoliticosveracruz.com\/index.php?rest_route=\/wp\/v2\/posts\/128328\/revisions\/128329"}],"wp:featuredmedia":[{"embeddable":true,"href":"https:\/\/lospoliticosveracruz.com\/index.php?rest_route=\/wp\/v2\/media\/119933"}],"wp:attachment":[{"href":"https:\/\/lospoliticosveracruz.com\/index.php?rest_route=%2Fwp%2Fv2%2Fmedia&parent=128328"}],"wp:term":[{"taxonomy":"category","embeddable":true,"href":"https:\/\/lospoliticosveracruz.com\/index.php?rest_route=%2Fwp%2Fv2%2Fcategories&post=128328"},{"taxonomy":"post_tag","embeddable":true,"href":"https:\/\/lospoliticosveracruz.com\/index.php?rest_route=%2Fwp%2Fv2%2Ftags&post=128328"}],"curies":[{"name":"wp","href":"https:\/\/api.w.org\/{rel}","templated":true}]}}