{"id":128340,"date":"2024-08-05T22:06:02","date_gmt":"2024-08-06T03:06:02","guid":{"rendered":"https:\/\/lospoliticosveracruz.com.mx\/?p=128340"},"modified":"2024-08-05T22:06:08","modified_gmt":"2024-08-06T03:06:08","slug":"grave-mentira-en-sayula","status":"publish","type":"post","link":"https:\/\/lospoliticosveracruz.com\/?p=128340","title":{"rendered":"GRAVE MENTIRA EN SAYULA"},"content":{"rendered":"\n<p><strong>Jos\u00e9 Luis Ortega Vidal<br><\/strong><em>Claroscuros<br><\/em>(1)<br>La noche del doce de junio del 2022, pobladores del municipio de Jes\u00fas Carranza, en la parte veracruzana del istmo de Tehuantepec \u2013donde cruza el megaproyecto del Corredor Interoce\u00e1nico- interrumpieron el paso del presidente Andr\u00e9s Manuel L\u00f3pez Obrador para pedir la liberaci\u00f3n de su alcalde electo, Pasiano Rueda Canseco, preso durante desde el 2021 en el marco de las elecciones municipales de aquel a\u00f1o.<br>El presidente viajaba por carretera entre Salina Cruz, en Oaxaca, y Coatzacoalcos, en Veracruz; las dos ciudades cuyos hist\u00f3ricos puertos comunican los oc\u00e9anos Pac\u00edfico y Atl\u00e1ntico.<br>De este modo, AMLO viaj\u00f3 -hace dos a\u00f1os y dos meses- entre las poblaciones de La Ventosa y Acayucan, separadas por 199 kil\u00f3metros.<\/p>\n\n\n<div class=\"wp-block-image\">\n<figure class=\"alignleft size-medium\"><a href=\"https:\/\/lospoliticosveracruz.com.mx\/wp-content\/uploads\/2021\/10\/WhatsApp-Image-2021-10-02-at-15.20.25.jpeg\"><img loading=\"lazy\" decoding=\"async\" width=\"212\" height=\"300\" src=\"https:\/\/lospoliticosveracruz.com.mx\/wp-content\/uploads\/2021\/10\/WhatsApp-Image-2021-10-02-at-15.20.25-212x300.jpeg\" alt=\"\" class=\"wp-image-80177\" srcset=\"https:\/\/lospoliticosveracruz.com\/wp-content\/uploads\/2021\/10\/WhatsApp-Image-2021-10-02-at-15.20.25-212x300.jpeg 212w, https:\/\/lospoliticosveracruz.com\/wp-content\/uploads\/2021\/10\/WhatsApp-Image-2021-10-02-at-15.20.25-724x1024.jpeg 724w, https:\/\/lospoliticosveracruz.com\/wp-content\/uploads\/2021\/10\/WhatsApp-Image-2021-10-02-at-15.20.25-768x1086.jpeg 768w, https:\/\/lospoliticosveracruz.com\/wp-content\/uploads\/2021\/10\/WhatsApp-Image-2021-10-02-at-15.20.25.jpeg 905w\" sizes=\"auto, (max-width: 212px) 100vw, 212px\" \/><\/a><\/figure>\n<\/div>\n\n\n<p><br>El domingo pasado, en un campo deportivo de Sayula de Alem\u00e1n, Veracruz, AMLO inaugur\u00f3 la construcci\u00f3n y modernizaci\u00f3n de la carretera La Ventosa-Acayucan, con la inversi\u00f3n \u2013de acuerdo a informaci\u00f3n ventilada en el evento- de 9 mil 073 millones de pesos.<br>Alguien enga\u00f1\u00f3 al presidente L\u00f3pez Obrador y el autor de tal acci\u00f3n debe ser investigado y castigado.<br>S\u00f3lo as\u00ed se explica que el jefe del ejecutivo haya expuesto un discurso por m\u00e1s de cuarenta minutos, reiterando su pol\u00edtica sexenal de no robar, no mentir, no enga\u00f1ar al pueblo, al tiempo de inaugurar una obra multimillonaria y sin concluir.<br>Y es que, entre Acayucan, Veracruz, y La Ventosa, Oaxaca, efectivamente cruza la carretera federal 185 o trans\u00edstmica; pero \u2013de modo espec\u00edfico- entre Sayula de Alem\u00e1n y Palomares, Oaxaca, corren 93 kil\u00f3metros donde no hay huellas de una nueva construcci\u00f3n ni modernizaci\u00f3n.<br>Lo \u00fanico que se ha construido del lado veracruzano entre Acayucan-La Ventosa es un libramiento de 5.7 kil\u00f3metros que evita cruzar la cabecera municipal de Sayula de Alem\u00e1n.<br>Dicho libramiento, muy bien construido por cierto, necesario y moderno, apoya a los automovilistas en el ahorro de tiempo al continuar desde Sayula hacia Jes\u00fas Carranza, Veracruz, y desde este municipio a Palomares, municipio de Mat\u00edas Romero, en Oaxaca.<br>De los 199 kil\u00f3metros que el Secretario de Comunicaciones y Transportes, Jorge Nu\u00f1o Lara, anunci\u00f3 como construidos y modernizados durante el actual gobierno, en la parte veracruzana apenas se realizaron los 5.7 kil\u00f3metros del referido libramiento en Sayula de Alem\u00e1n.<br>Ciertamente hay una carretera de cuatro carriles entre Acayucan y Sayula, que conecta con el nuevo libramiento y mide unos cinco kil\u00f3metros; s\u00f3lo que es una r\u00faa construida durante alg\u00fan sexenio anterior y que durante el gobierno de AMLO ha recibido mantenimiento b\u00e1sico.<br>Detallo: entre el libramiento de Sayula y la carretera que cruza la cabecera de este municipio, efectivamente se moderniz\u00f3 un tramo de unos cinco kil\u00f3metros que se encontraban en p\u00e9simas condiciones y hoy han quedado modernizados.<br>Retorno al tema medular de este CLAROSCUROS: una vez atravesado el libramiento, los viajeros del Corredor Interoce\u00e1nico del Istmo de Tehuantepec retornan a la carretera 185 y habr\u00e1n de atravesar pueblos de Sayula, San Juan Evangelista hasta llegar a Jes\u00fas Carranza.<br>Entre Sayula de Alem\u00e1n y Palomares, est\u00e1n los 93 kil\u00f3metros sin nueva construcci\u00f3n ni modernizaci\u00f3n\u2026<br>Vaya, ni siquiera se han atendido los baches que cada temporada de lluvias aparecen y se incrementan, en el caso de no recibir la atenci\u00f3n adecuada.<\/p>\n\n\n\n<p><strong>(2)<\/strong><br>El presidente Andr\u00e9s Manuel L\u00f3pez Obrador inaugur\u00f3 una obra que \u2013seg\u00fan la SCT- incluye seis puentes, diecis\u00e9is entronques y quince pasos vehiculares en beneficio de once municipios de Veracruz y Oaxaca.<br>Del lado oaxaque\u00f1o, entre Palomares y La Ventosa, seguramente se realiz\u00f3 lo inaugurado este domingo; pero del lado veracruzano el \u00fanico municipio beneficiado en forma directa ha sido Sayula de Alem\u00e1n, por el libramiento de 5.7 kil\u00f3metros y el arreglo del tramo en la carretera 185 que cruza su cabecera,<br>S\u00ed, el libramiento tambi\u00e9n beneficia colateralmente a los pobladores de Acayucan y San Juan Evangelista que ahora est\u00e1n mejor conectados\u2026bien.<\/p>\n\n\n\n<p><strong>(3)<\/strong><br>Aquella noche del 12 de junio del 2022, cuando fue abordado por pobladores de Jes\u00fas Carranza que ped\u00edan la libertad para su alcalde electo, AMLO tuvo que detenerse en Palo Dulce, la comunidad de paso obligado para adentrarse a la cabecera carrance\u00f1a, antes denominado Santa Lucrecia.<br>Durante a\u00f1os ah\u00ed \u2013en Palo Dulce- se han colocado topes y retenes policiacos; es un sitio de taxis; es un espacio obligado de paso lento, dificultoso, debido al cruce de trailers, camiones con ganado, docenas de miles de migrantes, veh\u00edculos que atraviesan el Corredor Interoce\u00e1nico en su estructura carretera.<br>Nada ha cambiado en Palo Dulce ni entre Sayula y Palomares a lo largo de 93 kil\u00f3metros supuestamente \u00abconstruidos y modernizados\u00bb, lo cual resulta falso.<br>L\u00f3pez Obrador conoce esta regi\u00f3n como conoce todo el pa\u00eds\u2026<br>Pero el sur veracruzano lo conoce a\u00fan m\u00e1s porque lo recorri\u00f3 a pie, en autos, de muchas maneras pues por aqu\u00ed pas\u00f3 en sus marchas hacia la ciudad de M\u00e9xico, hace m\u00e1s de tres d\u00e9cadas\u2026<br>De hecho, ya libre e instalado como alcalde, Pasiano Rueda pudo dialogar con el presidente y le pidi\u00f3 un puente entre la cabecera municipal y la hist\u00f3rica poblaci\u00f3n de Suchilapan del R\u00edo\u2026<br>El presidente aprob\u00f3 la obra y el puente quedar\u00e1 concluido pronto.<\/p>\n\n\n\n<p><strong>(4)<\/strong><br>Resulta de suma importancia remarcar el peso estrat\u00e9gico de la carretera Acayucan-La Ventosa al ser parte del Corredor Interoce\u00e1nico del Istmo de Tehuantepec.<br>\u00bfPor qu\u00e9 el presidente saliente y la presidenta electa, Claudia Sheinbaum, encabezaron un evento que adem\u00e1s de su peso simb\u00f3lico en el escenario pol\u00edtico nacional, implica un compromiso institucional al m\u00e1s alto nivel, por tratarse de infraestructura del Corredor Interoce\u00e1nico del Istmo de Tehuantepec, una de las cuatro megaobras del sexenio, sin estar debidamente informados?<br>\u00bfLa mentira viene del Secretario de Comunicaciones y Transportes o \u00e9l tambi\u00e9n ha sido v\u00edctima?<br>Hay Polos de Desarrollo para el Bienestar (PODEBIS), concursados y asignados a empresas como Mota Engil y Pro Istmo; hay otros capitalistas involucrados en la creaci\u00f3n de parques industriales a lo largo del istmo de Tehuantepec, con los cuales se pretende generar cientos de miles de empleos durante los pr\u00f3ximos a\u00f1os\u2026<br>\u00bfC\u00f3mo impulsar los aterrizajes de las inversiones multimillonarias en d\u00f3lares, si ocurre una inauguraci\u00f3n carretera con medias verdades y mentiras?<br>\u00bfQui\u00e9n minti\u00f3 en Sayula de Alem\u00e1n este domingo cuatro de agosto?<br>\u00bfPor qu\u00e9 mentir?<br>\u00bfCu\u00e1les son las consecuencias de una mentira de esta envergadura?<br>\u00bfC\u00f3mo procesar\u00e1 Claudia Sheinbaum, desde la praxis del poder, una coyuntura como la vivida en el istmo veracruzano?<\/p>\n","protected":false},"excerpt":{"rendered":"<p>Jos\u00e9 Luis Ortega VidalClaroscuros(1)La noche del doce de junio del 2022, pobladores del municipio de Jes\u00fas Carranza, en la parte veracruzana del istmo de Tehuantepec \u2013donde cruza el megaproyecto del Corredor Interoce\u00e1nico- interrumpieron el paso del presidente Andr\u00e9s Manuel L\u00f3pez Obrador para pedir la liberaci\u00f3n de su alcalde electo, Pasiano Rueda Canseco, preso durante desde [&hellip;]<\/p>\n","protected":false},"author":2,"featured_media":119931,"comment_status":"closed","ping_status":"closed","sticky":false,"template":"","format":"standard","meta":{"tdm_status":"","tdm_grid_status":"","footnotes":""},"categories":[70],"tags":[21078,2769,10434,195],"class_list":{"0":"post-128340","1":"post","2":"type-post","3":"status-publish","4":"format-standard","5":"has-post-thumbnail","7":"category-de-opinion","8":"tag-corredor-interoceanico","9":"tag-jose-luis-ortega-vidal","10":"tag-sayula-de-aleman","11":"tag-veracruz"},"yoast_head":"<!-- This site is optimized with the Yoast SEO plugin v27.4 - https:\/\/yoast.com\/product\/yoast-seo-wordpress\/ -->\n<title>GRAVE MENTIRA EN SAYULA - Los pol\u00edticos Veracruz<\/title>\n<meta name=\"robots\" content=\"index, follow, max-snippet:-1, max-image-preview:large, max-video-preview:-1\" \/>\n<link rel=\"canonical\" href=\"https:\/\/lospoliticosveracruz.com\/?p=128340\" \/>\n<meta property=\"og:locale\" content=\"es_ES\" \/>\n<meta property=\"og:type\" content=\"article\" \/>\n<meta property=\"og:title\" content=\"GRAVE MENTIRA EN SAYULA - Los pol\u00edticos Veracruz\" \/>\n<meta property=\"og:description\" content=\"Jos\u00e9 Luis Ortega VidalClaroscuros(1)La noche del doce de junio del 2022, pobladores del municipio de Jes\u00fas Carranza, en la parte veracruzana del istmo de Tehuantepec \u2013donde cruza el megaproyecto del Corredor Interoce\u00e1nico- interrumpieron el paso del presidente Andr\u00e9s Manuel L\u00f3pez Obrador para pedir la liberaci\u00f3n de su alcalde electo, Pasiano Rueda Canseco, preso durante desde [&hellip;]\" \/>\n<meta property=\"og:url\" content=\"https:\/\/lospoliticosveracruz.com\/?p=128340\" \/>\n<meta property=\"og:site_name\" content=\"Los pol\u00edticos Veracruz\" \/>\n<meta property=\"article:publisher\" content=\"https:\/\/www.facebook.com\/people\/Notimemes-de-los-Polticos\/61565672886568\/\" \/>\n<meta property=\"article:published_time\" content=\"2024-08-06T03:06:02+00:00\" \/>\n<meta property=\"article:modified_time\" content=\"2024-08-06T03:06:08+00:00\" \/>\n<meta property=\"og:image\" content=\"https:\/\/lospoliticosveracruz.com\/wp-content\/uploads\/2024\/03\/Jose-Luis-Ortega-Vidal.jpg\" \/>\n\t<meta property=\"og:image:width\" content=\"1250\" \/>\n\t<meta property=\"og:image:height\" content=\"667\" \/>\n\t<meta property=\"og:image:type\" content=\"image\/jpeg\" \/>\n<meta name=\"author\" content=\"Lo viste en Los Pol\u00edticos\" \/>\n<meta name=\"twitter:card\" content=\"summary_large_image\" \/>\n<meta name=\"twitter:creator\" content=\"@LosPoliticosVer\" \/>\n<meta name=\"twitter:site\" content=\"@LosPoliticosVer\" \/>\n<meta name=\"twitter:label1\" content=\"Escrito por\" \/>\n\t<meta name=\"twitter:data1\" content=\"Lo viste en Los Pol\u00edticos\" \/>\n\t<meta name=\"twitter:label2\" content=\"Tiempo de lectura\" \/>\n\t<meta name=\"twitter:data2\" content=\"6 minutos\" \/>\n<script type=\"application\/ld+json\" class=\"yoast-schema-graph\">{\"@context\":\"https:\\\/\\\/schema.org\",\"@graph\":[{\"@type\":\"Article\",\"@id\":\"https:\\\/\\\/lospoliticosveracruz.com\\\/?p=128340#article\",\"isPartOf\":{\"@id\":\"https:\\\/\\\/lospoliticosveracruz.com\\\/?p=128340\"},\"author\":{\"name\":\"Lo viste en Los Pol\u00edticos\",\"@id\":\"https:\\\/\\\/lospoliticosveracruz.com\\\/#\\\/schema\\\/person\\\/b8702bb0e538456e6efd07080bf2a4a2\"},\"headline\":\"GRAVE MENTIRA EN SAYULA\",\"datePublished\":\"2024-08-06T03:06:02+00:00\",\"dateModified\":\"2024-08-06T03:06:08+00:00\",\"mainEntityOfPage\":{\"@id\":\"https:\\\/\\\/lospoliticosveracruz.com\\\/?p=128340\"},\"wordCount\":1129,\"publisher\":{\"@id\":\"https:\\\/\\\/lospoliticosveracruz.com\\\/#organization\"},\"image\":{\"@id\":\"https:\\\/\\\/lospoliticosveracruz.com\\\/?p=128340#primaryimage\"},\"thumbnailUrl\":\"https:\\\/\\\/lospoliticosveracruz.com\\\/wp-content\\\/uploads\\\/2024\\\/03\\\/Jose-Luis-Ortega-Vidal.jpg\",\"keywords\":[\"Corredor Interoce\u00e1nico\",\"Jos\u00e9 Luis Ortega Vidal\",\"Sayula de Alem\u00e1n\",\"Veracruz\"],\"articleSection\":[\"De Opini\u00f3n\"],\"inLanguage\":\"es\"},{\"@type\":\"WebPage\",\"@id\":\"https:\\\/\\\/lospoliticosveracruz.com\\\/?p=128340\",\"url\":\"https:\\\/\\\/lospoliticosveracruz.com\\\/?p=128340\",\"name\":\"GRAVE MENTIRA EN SAYULA - Los pol\u00edticos Veracruz\",\"isPartOf\":{\"@id\":\"https:\\\/\\\/lospoliticosveracruz.com\\\/#website\"},\"primaryImageOfPage\":{\"@id\":\"https:\\\/\\\/lospoliticosveracruz.com\\\/?p=128340#primaryimage\"},\"image\":{\"@id\":\"https:\\\/\\\/lospoliticosveracruz.com\\\/?p=128340#primaryimage\"},\"thumbnailUrl\":\"https:\\\/\\\/lospoliticosveracruz.com\\\/wp-content\\\/uploads\\\/2024\\\/03\\\/Jose-Luis-Ortega-Vidal.jpg\",\"datePublished\":\"2024-08-06T03:06:02+00:00\",\"dateModified\":\"2024-08-06T03:06:08+00:00\",\"breadcrumb\":{\"@id\":\"https:\\\/\\\/lospoliticosveracruz.com\\\/?p=128340#breadcrumb\"},\"inLanguage\":\"es\",\"potentialAction\":[{\"@type\":\"ReadAction\",\"target\":[\"https:\\\/\\\/lospoliticosveracruz.com\\\/?p=128340\"]}]},{\"@type\":\"ImageObject\",\"inLanguage\":\"es\",\"@id\":\"https:\\\/\\\/lospoliticosveracruz.com\\\/?p=128340#primaryimage\",\"url\":\"https:\\\/\\\/lospoliticosveracruz.com\\\/wp-content\\\/uploads\\\/2024\\\/03\\\/Jose-Luis-Ortega-Vidal.jpg\",\"contentUrl\":\"https:\\\/\\\/lospoliticosveracruz.com\\\/wp-content\\\/uploads\\\/2024\\\/03\\\/Jose-Luis-Ortega-Vidal.jpg\",\"width\":1250,\"height\":667},{\"@type\":\"BreadcrumbList\",\"@id\":\"https:\\\/\\\/lospoliticosveracruz.com\\\/?p=128340#breadcrumb\",\"itemListElement\":[{\"@type\":\"ListItem\",\"position\":1,\"name\":\"Portada\",\"item\":\"https:\\\/\\\/lospoliticosveracruz.com\\\/\"},{\"@type\":\"ListItem\",\"position\":2,\"name\":\"GRAVE MENTIRA EN SAYULA\"}]},{\"@type\":\"WebSite\",\"@id\":\"https:\\\/\\\/lospoliticosveracruz.com\\\/#website\",\"url\":\"https:\\\/\\\/lospoliticosveracruz.com\\\/\",\"name\":\"Los pol\u00edticos Veracruz\",\"description\":\"\",\"publisher\":{\"@id\":\"https:\\\/\\\/lospoliticosveracruz.com\\\/#organization\"},\"potentialAction\":[{\"@type\":\"SearchAction\",\"target\":{\"@type\":\"EntryPoint\",\"urlTemplate\":\"https:\\\/\\\/lospoliticosveracruz.com\\\/?s={search_term_string}\"},\"query-input\":{\"@type\":\"PropertyValueSpecification\",\"valueRequired\":true,\"valueName\":\"search_term_string\"}}],\"inLanguage\":\"es\"},{\"@type\":\"Organization\",\"@id\":\"https:\\\/\\\/lospoliticosveracruz.com\\\/#organization\",\"name\":\"Los pol\u00edticos Veracruz\",\"url\":\"https:\\\/\\\/lospoliticosveracruz.com\\\/\",\"logo\":{\"@type\":\"ImageObject\",\"inLanguage\":\"es\",\"@id\":\"https:\\\/\\\/lospoliticosveracruz.com\\\/#\\\/schema\\\/logo\\\/image\\\/\",\"url\":\"https:\\\/\\\/lospoliticosveracruz.com\\\/wp-content\\\/uploads\\\/2025\\\/12\\\/Logo-Nuevo-LOS-POLITICOS-1.jpg\",\"contentUrl\":\"https:\\\/\\\/lospoliticosveracruz.com\\\/wp-content\\\/uploads\\\/2025\\\/12\\\/Logo-Nuevo-LOS-POLITICOS-1.jpg\",\"width\":260,\"height\":70,\"caption\":\"Los pol\u00edticos Veracruz\"},\"image\":{\"@id\":\"https:\\\/\\\/lospoliticosveracruz.com\\\/#\\\/schema\\\/logo\\\/image\\\/\"},\"sameAs\":[\"https:\\\/\\\/www.facebook.com\\\/people\\\/Notimemes-de-los-Polticos\\\/61565672886568\\\/\",\"https:\\\/\\\/x.com\\\/LosPoliticosVer\"]},{\"@type\":\"Person\",\"@id\":\"https:\\\/\\\/lospoliticosveracruz.com\\\/#\\\/schema\\\/person\\\/b8702bb0e538456e6efd07080bf2a4a2\",\"name\":\"Lo viste en Los Pol\u00edticos\",\"image\":{\"@type\":\"ImageObject\",\"inLanguage\":\"es\",\"@id\":\"https:\\\/\\\/secure.gravatar.com\\\/avatar\\\/3a8de04a2656d44082be478bd6c086daa447c4651605818287b9532d3d0bd435?s=96&d=mm&r=g\",\"url\":\"https:\\\/\\\/secure.gravatar.com\\\/avatar\\\/3a8de04a2656d44082be478bd6c086daa447c4651605818287b9532d3d0bd435?s=96&d=mm&r=g\",\"contentUrl\":\"https:\\\/\\\/secure.gravatar.com\\\/avatar\\\/3a8de04a2656d44082be478bd6c086daa447c4651605818287b9532d3d0bd435?s=96&d=mm&r=g\",\"caption\":\"Lo viste en Los Pol\u00edticos\"},\"url\":\"https:\\\/\\\/lospoliticosveracruz.com\\\/?author=2\"}]}<\/script>\n<!-- \/ Yoast SEO plugin. -->","yoast_head_json":{"title":"GRAVE MENTIRA EN SAYULA - Los pol\u00edticos Veracruz","robots":{"index":"index","follow":"follow","max-snippet":"max-snippet:-1","max-image-preview":"max-image-preview:large","max-video-preview":"max-video-preview:-1"},"canonical":"https:\/\/lospoliticosveracruz.com\/?p=128340","og_locale":"es_ES","og_type":"article","og_title":"GRAVE MENTIRA EN SAYULA - Los pol\u00edticos Veracruz","og_description":"Jos\u00e9 Luis Ortega VidalClaroscuros(1)La noche del doce de junio del 2022, pobladores del municipio de Jes\u00fas Carranza, en la parte veracruzana del istmo de Tehuantepec \u2013donde cruza el megaproyecto del Corredor Interoce\u00e1nico- interrumpieron el paso del presidente Andr\u00e9s Manuel L\u00f3pez Obrador para pedir la liberaci\u00f3n de su alcalde electo, Pasiano Rueda Canseco, preso durante desde [&hellip;]","og_url":"https:\/\/lospoliticosveracruz.com\/?p=128340","og_site_name":"Los pol\u00edticos Veracruz","article_publisher":"https:\/\/www.facebook.com\/people\/Notimemes-de-los-Polticos\/61565672886568\/","article_published_time":"2024-08-06T03:06:02+00:00","article_modified_time":"2024-08-06T03:06:08+00:00","og_image":[{"width":1250,"height":667,"url":"https:\/\/lospoliticosveracruz.com\/wp-content\/uploads\/2024\/03\/Jose-Luis-Ortega-Vidal.jpg","type":"image\/jpeg"}],"author":"Lo viste en Los Pol\u00edticos","twitter_card":"summary_large_image","twitter_creator":"@LosPoliticosVer","twitter_site":"@LosPoliticosVer","twitter_misc":{"Escrito por":"Lo viste en Los Pol\u00edticos","Tiempo de lectura":"6 minutos"},"schema":{"@context":"https:\/\/schema.org","@graph":[{"@type":"Article","@id":"https:\/\/lospoliticosveracruz.com\/?p=128340#article","isPartOf":{"@id":"https:\/\/lospoliticosveracruz.com\/?p=128340"},"author":{"name":"Lo viste en Los Pol\u00edticos","@id":"https:\/\/lospoliticosveracruz.com\/#\/schema\/person\/b8702bb0e538456e6efd07080bf2a4a2"},"headline":"GRAVE MENTIRA EN SAYULA","datePublished":"2024-08-06T03:06:02+00:00","dateModified":"2024-08-06T03:06:08+00:00","mainEntityOfPage":{"@id":"https:\/\/lospoliticosveracruz.com\/?p=128340"},"wordCount":1129,"publisher":{"@id":"https:\/\/lospoliticosveracruz.com\/#organization"},"image":{"@id":"https:\/\/lospoliticosveracruz.com\/?p=128340#primaryimage"},"thumbnailUrl":"https:\/\/lospoliticosveracruz.com\/wp-content\/uploads\/2024\/03\/Jose-Luis-Ortega-Vidal.jpg","keywords":["Corredor Interoce\u00e1nico","Jos\u00e9 Luis Ortega Vidal","Sayula de Alem\u00e1n","Veracruz"],"articleSection":["De Opini\u00f3n"],"inLanguage":"es"},{"@type":"WebPage","@id":"https:\/\/lospoliticosveracruz.com\/?p=128340","url":"https:\/\/lospoliticosveracruz.com\/?p=128340","name":"GRAVE MENTIRA EN SAYULA - Los pol\u00edticos Veracruz","isPartOf":{"@id":"https:\/\/lospoliticosveracruz.com\/#website"},"primaryImageOfPage":{"@id":"https:\/\/lospoliticosveracruz.com\/?p=128340#primaryimage"},"image":{"@id":"https:\/\/lospoliticosveracruz.com\/?p=128340#primaryimage"},"thumbnailUrl":"https:\/\/lospoliticosveracruz.com\/wp-content\/uploads\/2024\/03\/Jose-Luis-Ortega-Vidal.jpg","datePublished":"2024-08-06T03:06:02+00:00","dateModified":"2024-08-06T03:06:08+00:00","breadcrumb":{"@id":"https:\/\/lospoliticosveracruz.com\/?p=128340#breadcrumb"},"inLanguage":"es","potentialAction":[{"@type":"ReadAction","target":["https:\/\/lospoliticosveracruz.com\/?p=128340"]}]},{"@type":"ImageObject","inLanguage":"es","@id":"https:\/\/lospoliticosveracruz.com\/?p=128340#primaryimage","url":"https:\/\/lospoliticosveracruz.com\/wp-content\/uploads\/2024\/03\/Jose-Luis-Ortega-Vidal.jpg","contentUrl":"https:\/\/lospoliticosveracruz.com\/wp-content\/uploads\/2024\/03\/Jose-Luis-Ortega-Vidal.jpg","width":1250,"height":667},{"@type":"BreadcrumbList","@id":"https:\/\/lospoliticosveracruz.com\/?p=128340#breadcrumb","itemListElement":[{"@type":"ListItem","position":1,"name":"Portada","item":"https:\/\/lospoliticosveracruz.com\/"},{"@type":"ListItem","position":2,"name":"GRAVE MENTIRA EN SAYULA"}]},{"@type":"WebSite","@id":"https:\/\/lospoliticosveracruz.com\/#website","url":"https:\/\/lospoliticosveracruz.com\/","name":"Los pol\u00edticos Veracruz","description":"","publisher":{"@id":"https:\/\/lospoliticosveracruz.com\/#organization"},"potentialAction":[{"@type":"SearchAction","target":{"@type":"EntryPoint","urlTemplate":"https:\/\/lospoliticosveracruz.com\/?s={search_term_string}"},"query-input":{"@type":"PropertyValueSpecification","valueRequired":true,"valueName":"search_term_string"}}],"inLanguage":"es"},{"@type":"Organization","@id":"https:\/\/lospoliticosveracruz.com\/#organization","name":"Los pol\u00edticos Veracruz","url":"https:\/\/lospoliticosveracruz.com\/","logo":{"@type":"ImageObject","inLanguage":"es","@id":"https:\/\/lospoliticosveracruz.com\/#\/schema\/logo\/image\/","url":"https:\/\/lospoliticosveracruz.com\/wp-content\/uploads\/2025\/12\/Logo-Nuevo-LOS-POLITICOS-1.jpg","contentUrl":"https:\/\/lospoliticosveracruz.com\/wp-content\/uploads\/2025\/12\/Logo-Nuevo-LOS-POLITICOS-1.jpg","width":260,"height":70,"caption":"Los pol\u00edticos Veracruz"},"image":{"@id":"https:\/\/lospoliticosveracruz.com\/#\/schema\/logo\/image\/"},"sameAs":["https:\/\/www.facebook.com\/people\/Notimemes-de-los-Polticos\/61565672886568\/","https:\/\/x.com\/LosPoliticosVer"]},{"@type":"Person","@id":"https:\/\/lospoliticosveracruz.com\/#\/schema\/person\/b8702bb0e538456e6efd07080bf2a4a2","name":"Lo viste en Los Pol\u00edticos","image":{"@type":"ImageObject","inLanguage":"es","@id":"https:\/\/secure.gravatar.com\/avatar\/3a8de04a2656d44082be478bd6c086daa447c4651605818287b9532d3d0bd435?s=96&d=mm&r=g","url":"https:\/\/secure.gravatar.com\/avatar\/3a8de04a2656d44082be478bd6c086daa447c4651605818287b9532d3d0bd435?s=96&d=mm&r=g","contentUrl":"https:\/\/secure.gravatar.com\/avatar\/3a8de04a2656d44082be478bd6c086daa447c4651605818287b9532d3d0bd435?s=96&d=mm&r=g","caption":"Lo viste en Los Pol\u00edticos"},"url":"https:\/\/lospoliticosveracruz.com\/?author=2"}]}},"_links":{"self":[{"href":"https:\/\/lospoliticosveracruz.com\/index.php?rest_route=\/wp\/v2\/posts\/128340","targetHints":{"allow":["GET"]}}],"collection":[{"href":"https:\/\/lospoliticosveracruz.com\/index.php?rest_route=\/wp\/v2\/posts"}],"about":[{"href":"https:\/\/lospoliticosveracruz.com\/index.php?rest_route=\/wp\/v2\/types\/post"}],"author":[{"embeddable":true,"href":"https:\/\/lospoliticosveracruz.com\/index.php?rest_route=\/wp\/v2\/users\/2"}],"replies":[{"embeddable":true,"href":"https:\/\/lospoliticosveracruz.com\/index.php?rest_route=%2Fwp%2Fv2%2Fcomments&post=128340"}],"version-history":[{"count":1,"href":"https:\/\/lospoliticosveracruz.com\/index.php?rest_route=\/wp\/v2\/posts\/128340\/revisions"}],"predecessor-version":[{"id":128341,"href":"https:\/\/lospoliticosveracruz.com\/index.php?rest_route=\/wp\/v2\/posts\/128340\/revisions\/128341"}],"wp:featuredmedia":[{"embeddable":true,"href":"https:\/\/lospoliticosveracruz.com\/index.php?rest_route=\/wp\/v2\/media\/119931"}],"wp:attachment":[{"href":"https:\/\/lospoliticosveracruz.com\/index.php?rest_route=%2Fwp%2Fv2%2Fmedia&parent=128340"}],"wp:term":[{"taxonomy":"category","embeddable":true,"href":"https:\/\/lospoliticosveracruz.com\/index.php?rest_route=%2Fwp%2Fv2%2Fcategories&post=128340"},{"taxonomy":"post_tag","embeddable":true,"href":"https:\/\/lospoliticosveracruz.com\/index.php?rest_route=%2Fwp%2Fv2%2Ftags&post=128340"}],"curies":[{"name":"wp","href":"https:\/\/api.w.org\/{rel}","templated":true}]}}