{"id":128342,"date":"2024-08-06T06:22:56","date_gmt":"2024-08-06T11:22:56","guid":{"rendered":"https:\/\/lospoliticosveracruz.com.mx\/?p=128342"},"modified":"2024-08-06T08:58:31","modified_gmt":"2024-08-06T13:58:31","slug":"cuitlahuac-y-el-fuego-amigo","status":"publish","type":"post","link":"https:\/\/lospoliticosveracruz.com\/?p=128342","title":{"rendered":"CUITL\u00c1HUAC Y EL \u00abFUEGO AMIGO\u00bb"},"content":{"rendered":"\n<p><strong>Ricardo Chua<\/strong><\/p>\n\n\n\n<p><em>Sale y Vale<\/em><\/p>\n\n\n\n<p>Pareciera que al gobernador de Veracruz, Cuitl\u00e1huac Garc\u00eda Jim\u00e9nez, lo est\u00e1n \u00abcocinando en la hoguera\u00bb al ser \u00abv\u00edctima\u00bb del \u00abfuego amigo\u00bb realizado por pol\u00edticos y empresarios simpatizantes y miembros de MORENA.. Y que todo pareciera ser para evitar que el xalape\u00f1o, tenga alguna posibilidad real para integrarse al equipo Presidencial de Claudia Sheinabum a partir del 1 de octubre.. Ya que le est\u00e1n dando con todo.. Una caso m\u00e1s del \u00abCanibalismo\u00bb pol\u00edtico que existe al interior de este partido..<\/p>\n\n\n\n<figure class=\"wp-block-image size-large\"><a href=\"https:\/\/lospoliticosveracruz.com.mx\/wp-content\/uploads\/2016\/07\/Seguro-Julio-Cerecedo-2.jpg\"><img decoding=\"async\" src=\"https:\/\/lospoliticosveracruz.com.mx\/wp-content\/uploads\/2016\/07\/Seguro-Julio-Cerecedo-2-1024x381.jpg\" alt=\"\" class=\"wp-image-105879\"\/><\/a><\/figure>\n\n\n\n<p>Sus adversarios pol\u00edticos al interior de MORENA en Veracruz parece ser que quieren que se quede en Veracruz a ser un simple \u00abchapeador\u00bb de terrenos en escuelas o avenidas de Xalapa.. Tambi\u00e9n como bailador de salsa en Boca del R\u00edo o en el puerto.. Para saber si en verdad aprendi\u00f3 el \u00abarte de gobernar\u00bb en estos casi 6 a\u00f1os que lleva al frente de la administraci\u00f3n estatal.. Los ataques contra Cuitl\u00e1huac est\u00e1n fuertes y a la orden del d\u00eda.. Est\u00e1 viendo su suerte.. Es objeto del vac\u00edo de poder de su gobierno..<\/p>\n\n\n\n<p>Adem\u00e1s dice \u00abGarganta Profunda\u00bb que el propio gobernador no se ayuda a s\u00ed mismo.. Porque se sigue metiendo en temas que desconoce y queda muy mal parado ante la opini\u00f3n p\u00fablica al opinar sobre asuntos que no tiene ni idea.. Como son los asuntos de la administraci\u00f3n p\u00fablica federal o administraci\u00f3n de justicia y sus marcos jur\u00eddicos, pues, ah\u00ed, es donde todo le sale mal.. Ya que Cuitl\u00e1huac piensa que \u00abaprendi\u00f3\u00bb a \u00abjugar\u00bb a la pol\u00edtica.. Pero en Veracruz casi todos saben como lleg\u00f3 a ser gobernador en 2018.. La historia se cuenta sola..<\/p>\n\n\n\n<p>Por ello, hoy pareciera que al gobernador le est\u00e1n haciendo su \u00abchamba\u00bb y sus adversarios en MORENA Veracruz, ni siquiera nacional, lo est\u00e1n \u00abcocinando a fuego lento\u00bb para dejarlo fuera de la \u00abjugada\u00bb y eso ser\u00e1 de aqu\u00ed hasta que deje el cargo de gobernador.. Parece que as\u00ed ser\u00e1 todos los d\u00edas por 4 meses m\u00e1s.. Le ponen hasta la \u00abmanzana en la boca\u00bb.. Ya que el senador electo, Manuel Huerta Ladr\u00f3n de Guevara viene y lo remata con los presuntos actos de corrupci\u00f3n de su gobierno.. Cuitl\u00e1huac queda atrapado..<\/p>\n\n\n\n<p>Huerta no se necesito \u00abgrillarlo\u00bb mucho porque en estos temas de corrupci\u00f3n.. El gobierno de Cuitl\u00e1huac ha \u00abbrillado\u00bb por s\u00ed solo y mucho.. El ex delegado federal de Bienestar s\u00f3lo lo remat\u00f3 se\u00f1alando el esc\u00e1ndalo de presunto desv\u00edo de recursos en la construcci\u00f3n del nuevo Estadio de f\u00fatbol de \u00abEl Pirata\u00bb Fuente.. Que se construye en el fraccionamiento Virginia de Boca del R\u00edo.. Y que supuestamente se gast\u00f3 m\u00e1s del 100 por ciento de lo que cuesta construir un coloso de f\u00fatbol nuevo..<\/p>\n\n\n\n<p>As\u00ed que todo eso aunado a la \u00abgrilla\u00bb pol\u00edtica en contra al interior de MORENA, en la que tambi\u00e9n est\u00e1 inmerso su primo, Eleazar Guerrero P\u00e9rez, ex subsecretario de Finanzas y actual diputado federal electo por este partido.. Los d\u00edas por venir para Cuitl\u00e1huac en lo que le resta de su sexenio, por presuntos hechos de corrupci\u00f3n, ser\u00e1n el \u00abpan nuestro de cada d\u00eda\u00bb.. No se le ve f\u00e1cil el cierre de su administraci\u00f3n y sobre todo que desde Veracruz pretenden influir en Claudia Sheinbaum para evitar que lo incluya en su gabinete federal.. \u00bfQu\u00e9 les hizo?..<\/p>\n\n\n\n<p>Motivo por el cual, por todos estas cuestiones y por no tener apertura pol\u00edtica en sus 6 a\u00f1os como gobernador en Veracruz.. Es que Cuitl\u00e1huac Garc\u00eda se \u00abestrella\u00bb en este momento ante las \u00abgrillas palaciegas\u00bb en Veracruz.. Ya que siempre se mantuvo en su \u00abcaja de cristal\u00bb y ahora que se acaba el poder pol\u00edtico.. Vive en \u00abcarne propia\u00bb todas aquellas mismas insidias, que vivieron sus enemigos pol\u00edticos durante su administraci\u00f3n.. \u00abGarganta Profunda\u00bb dice que a eso se le llama: \u00abKarma\u00bb.. El que las hace.. No las tolera.. AMEN..<\/p>\n\n\n\n<p>REFLEXI\u00d3N.. Pero si algo faltaba para seguir \u00ababonando\u00bb al tema de Cuitl\u00e1huac Garc\u00eda y al \u00abfuego amigo\u00bb que est\u00e1 viviendo en MORENA y en el \u00abjaloneo\u00bb pol\u00edtico ante de que Claudia Shienbaum tome el poder Presidencial y Roc\u00edo Nahle sea la gobernadora que lo sustituya.. Ah\u00ed est\u00e1n los bloqueos de los habitantes en Xalapa por la falta de agua.. Y las protestas ciudadanas y empresariales por el mal estado de las carreteras estatales en la zona norte de la entidad.. Pareciera su \u00abWATERLOO\u00bb..<\/p>\n\n\n\n<p>A lo mejor el gobernador de Veracruz, pase lo que pase, se puede sentir muy seguro que su amiga y aliada Claudia Shienbaum.. Le va a cumplir el compromiso y el acuerdo de llev\u00e1rselo al gabinete federal.. Por el apoyo otorgado a ella cuando era aspirante a la candidatura Presidencial de MORENA y que siempre se la \u00abjug\u00f3\u00bb con ella.. Pero Cuitl\u00e1huac en los casi 6 a\u00f1os que lleva de gobernador.. Debi\u00f3 aprender que en pol\u00edtica los amigos no existen, s\u00f3lo los intereses.. EL QUE ENTENDI\u00d3, ENTENDI\u00d3..<\/p>\n","protected":false},"excerpt":{"rendered":"<p>Ricardo Chua Sale y Vale Pareciera que al gobernador de Veracruz, Cuitl\u00e1huac Garc\u00eda Jim\u00e9nez, lo est\u00e1n \u00abcocinando en la hoguera\u00bb al ser \u00abv\u00edctima\u00bb del \u00abfuego amigo\u00bb realizado por pol\u00edticos y empresarios simpatizantes y miembros de MORENA.. Y que todo pareciera ser para evitar que el xalape\u00f1o, tenga alguna posibilidad real para integrarse al equipo Presidencial [&hellip;]<\/p>\n","protected":false},"author":2,"featured_media":119817,"comment_status":"closed","ping_status":"closed","sticky":false,"template":"","format":"standard","meta":{"tdm_status":"","tdm_grid_status":"","footnotes":""},"categories":[70],"tags":[9627,1563,1026,3578,195],"class_list":{"0":"post-128342","1":"post","2":"type-post","3":"status-publish","4":"format-standard","5":"has-post-thumbnail","7":"category-de-opinion","8":"tag-claudia-sheinbaum","9":"tag-cuitlahuac-garcia-jimenez","10":"tag-morena","11":"tag-rocio-nahle","12":"tag-veracruz"},"yoast_head":"<!-- This site is optimized with the Yoast SEO plugin v27.4 - https:\/\/yoast.com\/product\/yoast-seo-wordpress\/ -->\n<title>CUITL\u00c1HUAC Y EL &quot;FUEGO AMIGO&quot; - Los pol\u00edticos Veracruz<\/title>\n<meta name=\"robots\" content=\"index, follow, max-snippet:-1, max-image-preview:large, max-video-preview:-1\" \/>\n<link rel=\"canonical\" href=\"https:\/\/lospoliticosveracruz.com\/?p=128342\" \/>\n<meta property=\"og:locale\" content=\"es_ES\" \/>\n<meta property=\"og:type\" content=\"article\" \/>\n<meta property=\"og:title\" content=\"CUITL\u00c1HUAC Y EL &quot;FUEGO AMIGO&quot; - Los pol\u00edticos Veracruz\" \/>\n<meta property=\"og:description\" content=\"Ricardo Chua Sale y Vale Pareciera que al gobernador de Veracruz, Cuitl\u00e1huac Garc\u00eda Jim\u00e9nez, lo est\u00e1n \u00abcocinando en la hoguera\u00bb al ser \u00abv\u00edctima\u00bb del \u00abfuego amigo\u00bb realizado por pol\u00edticos y empresarios simpatizantes y miembros de MORENA.. Y que todo pareciera ser para evitar que el xalape\u00f1o, tenga alguna posibilidad real para integrarse al equipo Presidencial [&hellip;]\" \/>\n<meta property=\"og:url\" content=\"https:\/\/lospoliticosveracruz.com\/?p=128342\" \/>\n<meta property=\"og:site_name\" content=\"Los pol\u00edticos Veracruz\" \/>\n<meta property=\"article:publisher\" content=\"https:\/\/www.facebook.com\/people\/Notimemes-de-los-Polticos\/61565672886568\/\" \/>\n<meta property=\"article:published_time\" content=\"2024-08-06T11:22:56+00:00\" \/>\n<meta property=\"article:modified_time\" content=\"2024-08-06T13:58:31+00:00\" \/>\n<meta property=\"og:image\" content=\"https:\/\/lospoliticosveracruz.com\/wp-content\/uploads\/2024\/03\/Ricardo-Chua.jpg\" \/>\n\t<meta property=\"og:image:width\" content=\"1250\" \/>\n\t<meta property=\"og:image:height\" content=\"667\" \/>\n\t<meta property=\"og:image:type\" content=\"image\/jpeg\" \/>\n<meta name=\"author\" content=\"Lo viste en Los Pol\u00edticos\" \/>\n<meta name=\"twitter:card\" content=\"summary_large_image\" \/>\n<meta name=\"twitter:creator\" content=\"@LosPoliticosVer\" \/>\n<meta name=\"twitter:site\" content=\"@LosPoliticosVer\" \/>\n<meta name=\"twitter:label1\" content=\"Escrito por\" \/>\n\t<meta name=\"twitter:data1\" content=\"Lo viste en Los Pol\u00edticos\" \/>\n\t<meta name=\"twitter:label2\" content=\"Tiempo de lectura\" \/>\n\t<meta name=\"twitter:data2\" content=\"4 minutos\" \/>\n<script type=\"application\/ld+json\" class=\"yoast-schema-graph\">{\"@context\":\"https:\\\/\\\/schema.org\",\"@graph\":[{\"@type\":\"Article\",\"@id\":\"https:\\\/\\\/lospoliticosveracruz.com\\\/?p=128342#article\",\"isPartOf\":{\"@id\":\"https:\\\/\\\/lospoliticosveracruz.com\\\/?p=128342\"},\"author\":{\"name\":\"Lo viste en Los Pol\u00edticos\",\"@id\":\"https:\\\/\\\/lospoliticosveracruz.com\\\/#\\\/schema\\\/person\\\/b8702bb0e538456e6efd07080bf2a4a2\"},\"headline\":\"CUITL\u00c1HUAC Y EL \u00abFUEGO AMIGO\u00bb\",\"datePublished\":\"2024-08-06T11:22:56+00:00\",\"dateModified\":\"2024-08-06T13:58:31+00:00\",\"mainEntityOfPage\":{\"@id\":\"https:\\\/\\\/lospoliticosveracruz.com\\\/?p=128342\"},\"wordCount\":872,\"publisher\":{\"@id\":\"https:\\\/\\\/lospoliticosveracruz.com\\\/#organization\"},\"image\":{\"@id\":\"https:\\\/\\\/lospoliticosveracruz.com\\\/?p=128342#primaryimage\"},\"thumbnailUrl\":\"https:\\\/\\\/lospoliticosveracruz.com\\\/wp-content\\\/uploads\\\/2024\\\/03\\\/Ricardo-Chua.jpg\",\"keywords\":[\"Claudia Sheinbaum\",\"Cuitl\u00e1huac Garc\u00eda Jim\u00e9nez\",\"Morena\",\"Roc\u00edo Nahle\",\"Veracruz\"],\"articleSection\":[\"De Opini\u00f3n\"],\"inLanguage\":\"es\"},{\"@type\":\"WebPage\",\"@id\":\"https:\\\/\\\/lospoliticosveracruz.com\\\/?p=128342\",\"url\":\"https:\\\/\\\/lospoliticosveracruz.com\\\/?p=128342\",\"name\":\"CUITL\u00c1HUAC Y EL \\\"FUEGO AMIGO\\\" - Los pol\u00edticos Veracruz\",\"isPartOf\":{\"@id\":\"https:\\\/\\\/lospoliticosveracruz.com\\\/#website\"},\"primaryImageOfPage\":{\"@id\":\"https:\\\/\\\/lospoliticosveracruz.com\\\/?p=128342#primaryimage\"},\"image\":{\"@id\":\"https:\\\/\\\/lospoliticosveracruz.com\\\/?p=128342#primaryimage\"},\"thumbnailUrl\":\"https:\\\/\\\/lospoliticosveracruz.com\\\/wp-content\\\/uploads\\\/2024\\\/03\\\/Ricardo-Chua.jpg\",\"datePublished\":\"2024-08-06T11:22:56+00:00\",\"dateModified\":\"2024-08-06T13:58:31+00:00\",\"breadcrumb\":{\"@id\":\"https:\\\/\\\/lospoliticosveracruz.com\\\/?p=128342#breadcrumb\"},\"inLanguage\":\"es\",\"potentialAction\":[{\"@type\":\"ReadAction\",\"target\":[\"https:\\\/\\\/lospoliticosveracruz.com\\\/?p=128342\"]}]},{\"@type\":\"ImageObject\",\"inLanguage\":\"es\",\"@id\":\"https:\\\/\\\/lospoliticosveracruz.com\\\/?p=128342#primaryimage\",\"url\":\"https:\\\/\\\/lospoliticosveracruz.com\\\/wp-content\\\/uploads\\\/2024\\\/03\\\/Ricardo-Chua.jpg\",\"contentUrl\":\"https:\\\/\\\/lospoliticosveracruz.com\\\/wp-content\\\/uploads\\\/2024\\\/03\\\/Ricardo-Chua.jpg\",\"width\":1250,\"height\":667},{\"@type\":\"BreadcrumbList\",\"@id\":\"https:\\\/\\\/lospoliticosveracruz.com\\\/?p=128342#breadcrumb\",\"itemListElement\":[{\"@type\":\"ListItem\",\"position\":1,\"name\":\"Portada\",\"item\":\"https:\\\/\\\/lospoliticosveracruz.com\\\/\"},{\"@type\":\"ListItem\",\"position\":2,\"name\":\"CUITL\u00c1HUAC Y EL \u00abFUEGO AMIGO\u00bb\"}]},{\"@type\":\"WebSite\",\"@id\":\"https:\\\/\\\/lospoliticosveracruz.com\\\/#website\",\"url\":\"https:\\\/\\\/lospoliticosveracruz.com\\\/\",\"name\":\"Los pol\u00edticos Veracruz\",\"description\":\"\",\"publisher\":{\"@id\":\"https:\\\/\\\/lospoliticosveracruz.com\\\/#organization\"},\"potentialAction\":[{\"@type\":\"SearchAction\",\"target\":{\"@type\":\"EntryPoint\",\"urlTemplate\":\"https:\\\/\\\/lospoliticosveracruz.com\\\/?s={search_term_string}\"},\"query-input\":{\"@type\":\"PropertyValueSpecification\",\"valueRequired\":true,\"valueName\":\"search_term_string\"}}],\"inLanguage\":\"es\"},{\"@type\":\"Organization\",\"@id\":\"https:\\\/\\\/lospoliticosveracruz.com\\\/#organization\",\"name\":\"Los pol\u00edticos Veracruz\",\"url\":\"https:\\\/\\\/lospoliticosveracruz.com\\\/\",\"logo\":{\"@type\":\"ImageObject\",\"inLanguage\":\"es\",\"@id\":\"https:\\\/\\\/lospoliticosveracruz.com\\\/#\\\/schema\\\/logo\\\/image\\\/\",\"url\":\"https:\\\/\\\/lospoliticosveracruz.com\\\/wp-content\\\/uploads\\\/2025\\\/12\\\/Logo-Nuevo-LOS-POLITICOS-1.jpg\",\"contentUrl\":\"https:\\\/\\\/lospoliticosveracruz.com\\\/wp-content\\\/uploads\\\/2025\\\/12\\\/Logo-Nuevo-LOS-POLITICOS-1.jpg\",\"width\":260,\"height\":70,\"caption\":\"Los pol\u00edticos Veracruz\"},\"image\":{\"@id\":\"https:\\\/\\\/lospoliticosveracruz.com\\\/#\\\/schema\\\/logo\\\/image\\\/\"},\"sameAs\":[\"https:\\\/\\\/www.facebook.com\\\/people\\\/Notimemes-de-los-Polticos\\\/61565672886568\\\/\",\"https:\\\/\\\/x.com\\\/LosPoliticosVer\"]},{\"@type\":\"Person\",\"@id\":\"https:\\\/\\\/lospoliticosveracruz.com\\\/#\\\/schema\\\/person\\\/b8702bb0e538456e6efd07080bf2a4a2\",\"name\":\"Lo viste en Los Pol\u00edticos\",\"image\":{\"@type\":\"ImageObject\",\"inLanguage\":\"es\",\"@id\":\"https:\\\/\\\/secure.gravatar.com\\\/avatar\\\/3a8de04a2656d44082be478bd6c086daa447c4651605818287b9532d3d0bd435?s=96&d=mm&r=g\",\"url\":\"https:\\\/\\\/secure.gravatar.com\\\/avatar\\\/3a8de04a2656d44082be478bd6c086daa447c4651605818287b9532d3d0bd435?s=96&d=mm&r=g\",\"contentUrl\":\"https:\\\/\\\/secure.gravatar.com\\\/avatar\\\/3a8de04a2656d44082be478bd6c086daa447c4651605818287b9532d3d0bd435?s=96&d=mm&r=g\",\"caption\":\"Lo viste en Los Pol\u00edticos\"},\"url\":\"https:\\\/\\\/lospoliticosveracruz.com\\\/?author=2\"}]}<\/script>\n<!-- \/ Yoast SEO plugin. -->","yoast_head_json":{"title":"CUITL\u00c1HUAC Y EL \"FUEGO AMIGO\" - Los pol\u00edticos Veracruz","robots":{"index":"index","follow":"follow","max-snippet":"max-snippet:-1","max-image-preview":"max-image-preview:large","max-video-preview":"max-video-preview:-1"},"canonical":"https:\/\/lospoliticosveracruz.com\/?p=128342","og_locale":"es_ES","og_type":"article","og_title":"CUITL\u00c1HUAC Y EL \"FUEGO AMIGO\" - Los pol\u00edticos Veracruz","og_description":"Ricardo Chua Sale y Vale Pareciera que al gobernador de Veracruz, Cuitl\u00e1huac Garc\u00eda Jim\u00e9nez, lo est\u00e1n \u00abcocinando en la hoguera\u00bb al ser \u00abv\u00edctima\u00bb del \u00abfuego amigo\u00bb realizado por pol\u00edticos y empresarios simpatizantes y miembros de MORENA.. Y que todo pareciera ser para evitar que el xalape\u00f1o, tenga alguna posibilidad real para integrarse al equipo Presidencial [&hellip;]","og_url":"https:\/\/lospoliticosveracruz.com\/?p=128342","og_site_name":"Los pol\u00edticos Veracruz","article_publisher":"https:\/\/www.facebook.com\/people\/Notimemes-de-los-Polticos\/61565672886568\/","article_published_time":"2024-08-06T11:22:56+00:00","article_modified_time":"2024-08-06T13:58:31+00:00","og_image":[{"width":1250,"height":667,"url":"https:\/\/lospoliticosveracruz.com\/wp-content\/uploads\/2024\/03\/Ricardo-Chua.jpg","type":"image\/jpeg"}],"author":"Lo viste en Los Pol\u00edticos","twitter_card":"summary_large_image","twitter_creator":"@LosPoliticosVer","twitter_site":"@LosPoliticosVer","twitter_misc":{"Escrito por":"Lo viste en Los Pol\u00edticos","Tiempo de lectura":"4 minutos"},"schema":{"@context":"https:\/\/schema.org","@graph":[{"@type":"Article","@id":"https:\/\/lospoliticosveracruz.com\/?p=128342#article","isPartOf":{"@id":"https:\/\/lospoliticosveracruz.com\/?p=128342"},"author":{"name":"Lo viste en Los Pol\u00edticos","@id":"https:\/\/lospoliticosveracruz.com\/#\/schema\/person\/b8702bb0e538456e6efd07080bf2a4a2"},"headline":"CUITL\u00c1HUAC Y EL \u00abFUEGO AMIGO\u00bb","datePublished":"2024-08-06T11:22:56+00:00","dateModified":"2024-08-06T13:58:31+00:00","mainEntityOfPage":{"@id":"https:\/\/lospoliticosveracruz.com\/?p=128342"},"wordCount":872,"publisher":{"@id":"https:\/\/lospoliticosveracruz.com\/#organization"},"image":{"@id":"https:\/\/lospoliticosveracruz.com\/?p=128342#primaryimage"},"thumbnailUrl":"https:\/\/lospoliticosveracruz.com\/wp-content\/uploads\/2024\/03\/Ricardo-Chua.jpg","keywords":["Claudia Sheinbaum","Cuitl\u00e1huac Garc\u00eda Jim\u00e9nez","Morena","Roc\u00edo Nahle","Veracruz"],"articleSection":["De Opini\u00f3n"],"inLanguage":"es"},{"@type":"WebPage","@id":"https:\/\/lospoliticosveracruz.com\/?p=128342","url":"https:\/\/lospoliticosveracruz.com\/?p=128342","name":"CUITL\u00c1HUAC Y EL \"FUEGO AMIGO\" - Los pol\u00edticos Veracruz","isPartOf":{"@id":"https:\/\/lospoliticosveracruz.com\/#website"},"primaryImageOfPage":{"@id":"https:\/\/lospoliticosveracruz.com\/?p=128342#primaryimage"},"image":{"@id":"https:\/\/lospoliticosveracruz.com\/?p=128342#primaryimage"},"thumbnailUrl":"https:\/\/lospoliticosveracruz.com\/wp-content\/uploads\/2024\/03\/Ricardo-Chua.jpg","datePublished":"2024-08-06T11:22:56+00:00","dateModified":"2024-08-06T13:58:31+00:00","breadcrumb":{"@id":"https:\/\/lospoliticosveracruz.com\/?p=128342#breadcrumb"},"inLanguage":"es","potentialAction":[{"@type":"ReadAction","target":["https:\/\/lospoliticosveracruz.com\/?p=128342"]}]},{"@type":"ImageObject","inLanguage":"es","@id":"https:\/\/lospoliticosveracruz.com\/?p=128342#primaryimage","url":"https:\/\/lospoliticosveracruz.com\/wp-content\/uploads\/2024\/03\/Ricardo-Chua.jpg","contentUrl":"https:\/\/lospoliticosveracruz.com\/wp-content\/uploads\/2024\/03\/Ricardo-Chua.jpg","width":1250,"height":667},{"@type":"BreadcrumbList","@id":"https:\/\/lospoliticosveracruz.com\/?p=128342#breadcrumb","itemListElement":[{"@type":"ListItem","position":1,"name":"Portada","item":"https:\/\/lospoliticosveracruz.com\/"},{"@type":"ListItem","position":2,"name":"CUITL\u00c1HUAC Y EL \u00abFUEGO AMIGO\u00bb"}]},{"@type":"WebSite","@id":"https:\/\/lospoliticosveracruz.com\/#website","url":"https:\/\/lospoliticosveracruz.com\/","name":"Los pol\u00edticos Veracruz","description":"","publisher":{"@id":"https:\/\/lospoliticosveracruz.com\/#organization"},"potentialAction":[{"@type":"SearchAction","target":{"@type":"EntryPoint","urlTemplate":"https:\/\/lospoliticosveracruz.com\/?s={search_term_string}"},"query-input":{"@type":"PropertyValueSpecification","valueRequired":true,"valueName":"search_term_string"}}],"inLanguage":"es"},{"@type":"Organization","@id":"https:\/\/lospoliticosveracruz.com\/#organization","name":"Los pol\u00edticos Veracruz","url":"https:\/\/lospoliticosveracruz.com\/","logo":{"@type":"ImageObject","inLanguage":"es","@id":"https:\/\/lospoliticosveracruz.com\/#\/schema\/logo\/image\/","url":"https:\/\/lospoliticosveracruz.com\/wp-content\/uploads\/2025\/12\/Logo-Nuevo-LOS-POLITICOS-1.jpg","contentUrl":"https:\/\/lospoliticosveracruz.com\/wp-content\/uploads\/2025\/12\/Logo-Nuevo-LOS-POLITICOS-1.jpg","width":260,"height":70,"caption":"Los pol\u00edticos Veracruz"},"image":{"@id":"https:\/\/lospoliticosveracruz.com\/#\/schema\/logo\/image\/"},"sameAs":["https:\/\/www.facebook.com\/people\/Notimemes-de-los-Polticos\/61565672886568\/","https:\/\/x.com\/LosPoliticosVer"]},{"@type":"Person","@id":"https:\/\/lospoliticosveracruz.com\/#\/schema\/person\/b8702bb0e538456e6efd07080bf2a4a2","name":"Lo viste en Los Pol\u00edticos","image":{"@type":"ImageObject","inLanguage":"es","@id":"https:\/\/secure.gravatar.com\/avatar\/3a8de04a2656d44082be478bd6c086daa447c4651605818287b9532d3d0bd435?s=96&d=mm&r=g","url":"https:\/\/secure.gravatar.com\/avatar\/3a8de04a2656d44082be478bd6c086daa447c4651605818287b9532d3d0bd435?s=96&d=mm&r=g","contentUrl":"https:\/\/secure.gravatar.com\/avatar\/3a8de04a2656d44082be478bd6c086daa447c4651605818287b9532d3d0bd435?s=96&d=mm&r=g","caption":"Lo viste en Los Pol\u00edticos"},"url":"https:\/\/lospoliticosveracruz.com\/?author=2"}]}},"_links":{"self":[{"href":"https:\/\/lospoliticosveracruz.com\/index.php?rest_route=\/wp\/v2\/posts\/128342","targetHints":{"allow":["GET"]}}],"collection":[{"href":"https:\/\/lospoliticosveracruz.com\/index.php?rest_route=\/wp\/v2\/posts"}],"about":[{"href":"https:\/\/lospoliticosveracruz.com\/index.php?rest_route=\/wp\/v2\/types\/post"}],"author":[{"embeddable":true,"href":"https:\/\/lospoliticosveracruz.com\/index.php?rest_route=\/wp\/v2\/users\/2"}],"replies":[{"embeddable":true,"href":"https:\/\/lospoliticosveracruz.com\/index.php?rest_route=%2Fwp%2Fv2%2Fcomments&post=128342"}],"version-history":[{"count":2,"href":"https:\/\/lospoliticosveracruz.com\/index.php?rest_route=\/wp\/v2\/posts\/128342\/revisions"}],"predecessor-version":[{"id":128346,"href":"https:\/\/lospoliticosveracruz.com\/index.php?rest_route=\/wp\/v2\/posts\/128342\/revisions\/128346"}],"wp:featuredmedia":[{"embeddable":true,"href":"https:\/\/lospoliticosveracruz.com\/index.php?rest_route=\/wp\/v2\/media\/119817"}],"wp:attachment":[{"href":"https:\/\/lospoliticosveracruz.com\/index.php?rest_route=%2Fwp%2Fv2%2Fmedia&parent=128342"}],"wp:term":[{"taxonomy":"category","embeddable":true,"href":"https:\/\/lospoliticosveracruz.com\/index.php?rest_route=%2Fwp%2Fv2%2Fcategories&post=128342"},{"taxonomy":"post_tag","embeddable":true,"href":"https:\/\/lospoliticosveracruz.com\/index.php?rest_route=%2Fwp%2Fv2%2Ftags&post=128342"}],"curies":[{"name":"wp","href":"https:\/\/api.w.org\/{rel}","templated":true}]}}