{"id":12835,"date":"2014-10-20T11:47:52","date_gmt":"2014-10-20T16:47:52","guid":{"rendered":"http:\/\/www.lospoliticosveracruz.com.mx\/?p=12835"},"modified":"2014-10-20T11:47:52","modified_gmt":"2014-10-20T16:47:52","slug":"pepe-tavo-y-nemesio","status":"publish","type":"post","link":"https:\/\/lospoliticosveracruz.com\/?p=12835","title":{"rendered":"Pepe, Tavo y Nemesio"},"content":{"rendered":"<p><a href=\"http:\/\/www.lospoliticosveracruz.com.mx\/wp-content\/uploads\/2014\/10\/Pepe-Yunes2.jpg\"><img loading=\"lazy\" decoding=\"async\" class=\"alignnone size-medium wp-image-12833\" src=\"http:\/\/www.lospoliticosveracruz.com.mx\/wp-content\/uploads\/2014\/10\/Pepe-Yunes2-300x199.jpg\" alt=\"Pepe Yunes\" width=\"300\" height=\"199\" \/><\/a><\/p>\n<p><strong>Iv\u00e1n Calder\u00f3n<\/strong><\/p>\n<p><em>Perfilando<\/em><\/p>\n<p>&nbsp;<\/p>\n<p>El pasado fin de semana en los Tuxtlas se vivi\u00f3 un verdadero carnaval pol\u00edtico.<\/p>\n<p>La inauguraci\u00f3n de la casa de gesti\u00f3n del diputado local Octavio P\u00e9rez Garay fue el pretexto, y el arribo del senador Jos\u00e9 Yunes Zorrilla el catalizador.<\/p>\n<p>Pepe Yunes visit\u00f3 nuevamente San Andr\u00e9s Tuxtla.<\/p>\n<p>El senador fue el asistente de honor a este acto donde se congreg\u00f3 gran parte de le \u00e9lite pol\u00edtica veracruzana.<\/p>\n<p>Acompa\u00f1aron a Tavo P\u00e9rez Garay, 12 de sus hom\u00f3logos diputados.<\/p>\n<p>Destac\u00f3 la presencia de Juan Nicol\u00e1s Callejas y Anil\u00fa Igram, una inveros\u00edmil combinaci\u00f3n de experiencia y juventud que por el momento mantiene en orden al congreso.<\/p>\n<p>Presentes tambi\u00e9n los alcaldes Manuel Rosendo Pelayo, Jorge Gonz\u00e1lez Azamar, Santiago Avenda\u00f1o Barrios, Vinicio Mojica Lira, el representante del Oficial Mayor de la SEV Vicente Ben\u00edtez, Rafael Grajales Sansores, ex presidentes municipales, l\u00edderes de organizaciones civiles, funcionarios y exfuncionarios municipales.<\/p>\n<p>Menci\u00f3n aparte amerita la asistencia del ex diputado federal y actual subsecretario de la SEV Nemesio Dom\u00ednguez Dom\u00ednguez.<\/p>\n<p>Pese a su discreta llegada, el morenazo fue reconocido por su trabajo permanente.<\/p>\n<p>Nemesio salud\u00f3 a todos y fue saludado por todos.<\/p>\n<p>No hay dudas, el oriundo de Santiago Tuxtla sigue contando con una plena identificaci\u00f3n con los sectores de la sociedad.<\/p>\n<p>En fin, en su evento a Tavo P\u00e9rez Garay, le fue muy bien y mostr\u00f3 plena madurez pol\u00edtica.<\/p>\n<p>Se quit\u00f3 el cord\u00f3n umbilical y lleg\u00f3 su momento de brillar. Ahora m\u00e1s que nunca tendr\u00e1 que cumplir verdaderamente sus compromisos y no quedar mal por las expectativas fincadas.<\/p>\n<p>Hay que decirlo, la cargada veracruzana a parte de responder al llamado del legislador, tambi\u00e9n hicieron presencia ante la llegada del senador.<\/p>\n<p>Como colof\u00f3n, en el mismo instante que se congregaba la plana mayor de la bancada priista, el panista Miguel \u00c1ngel Yunes tambi\u00e9n pisaba esta tierra.<\/p>\n<p>Yunes Linares se qued\u00f3 solo, y vivi\u00f3 en carne propia el desd\u00e9n de la ciudadan\u00eda, su discurso anti frutsis y ping\u00fcinos fue escuchado por mas sillas vac\u00edas que militantes.<\/p>\n<p>Esta vez la visita de MIYULI fue un rotundo fracaso.<\/p>\n<p>Pero con los rojos hubo un gran ausente, el Secretario de Desarrollo Social, Jorge Alejandro Carvallo Delf\u00edn.<\/p>\n<p>Hay que decirlo, la Stevia ya no endulza a los Tuxtlas.<\/p>\n<p>La Stevia de Carvallo en vez de ser dulce como la miel, se ha convertido en su propia hiel.<\/p>\n<p>Los pocos integrantes de su equipo como Tom\u00e1s Montoya o Rafael Fararoni desprotegidos ya buscan sombra.<\/p>\n<p>Y es que se sabe, el Lerdense otra vez se est\u00e1 quedando sin cobijo y quiz\u00e1s se convierta en el eterno precandidato.<\/p>\n<p>Mientras Jorge Carvallo se aleja y opera con personajes alternos a las filas de su partido, el equipo de los Tuxtlas se vuelve cada vez m\u00e1s compacto.<\/p>\n<p>Es m\u00e1s, toda la clase pol\u00edtica de Veracruz ya tom\u00f3 cuenta de ello.<\/p>\n<p>Carvallo est\u00e1 infecto de su soberbia y egocentrismo, esta enfermedad como siempre le ha tra\u00eddo serios efectos negativos.<\/p>\n<p>A sus \u00f3rdenes.<\/p>\n<p>@IvanKalderon<\/p>\n","protected":false},"excerpt":{"rendered":"<p>Iv\u00e1n Calder\u00f3n Perfilando &nbsp; El pasado fin de semana en los Tuxtlas se vivi\u00f3 un verdadero carnaval pol\u00edtico. La inauguraci\u00f3n de la casa de gesti\u00f3n del diputado local Octavio P\u00e9rez Garay fue el pretexto, y el arribo del senador Jos\u00e9 Yunes Zorrilla el catalizador. Pepe Yunes visit\u00f3 nuevamente San Andr\u00e9s Tuxtla. El senador fue el [&hellip;]<\/p>\n","protected":false},"author":2,"featured_media":0,"comment_status":"open","ping_status":"open","sticky":false,"template":"","format":"standard","meta":{"tdm_status":"","tdm_grid_status":"","footnotes":""},"categories":[70],"tags":[105,441,246,122],"class_list":{"0":"post-12835","1":"post","2":"type-post","3":"status-publish","4":"format-standard","6":"category-de-opinion","7":"tag-carvallo","8":"tag-nemesio","9":"tag-pepe-yunes-zorrilla","10":"tag-san-andres-tuxtla"},"yoast_head":"<!-- This site is optimized with the Yoast SEO plugin v27.4 - https:\/\/yoast.com\/product\/yoast-seo-wordpress\/ -->\n<title>Pepe, Tavo y Nemesio - Los pol\u00edticos Veracruz<\/title>\n<meta name=\"robots\" content=\"index, follow, max-snippet:-1, max-image-preview:large, max-video-preview:-1\" \/>\n<link rel=\"canonical\" href=\"https:\/\/lospoliticosveracruz.com\/?p=12835\" \/>\n<meta property=\"og:locale\" content=\"es_ES\" \/>\n<meta property=\"og:type\" content=\"article\" \/>\n<meta property=\"og:title\" content=\"Pepe, Tavo y Nemesio - Los pol\u00edticos Veracruz\" \/>\n<meta property=\"og:description\" content=\"Iv\u00e1n Calder\u00f3n Perfilando &nbsp; El pasado fin de semana en los Tuxtlas se vivi\u00f3 un verdadero carnaval pol\u00edtico. La inauguraci\u00f3n de la casa de gesti\u00f3n del diputado local Octavio P\u00e9rez Garay fue el pretexto, y el arribo del senador Jos\u00e9 Yunes Zorrilla el catalizador. Pepe Yunes visit\u00f3 nuevamente San Andr\u00e9s Tuxtla. El senador fue el [&hellip;]\" \/>\n<meta property=\"og:url\" content=\"https:\/\/lospoliticosveracruz.com\/?p=12835\" \/>\n<meta property=\"og:site_name\" content=\"Los pol\u00edticos Veracruz\" \/>\n<meta property=\"article:publisher\" content=\"https:\/\/www.facebook.com\/people\/Notimemes-de-los-Polticos\/61565672886568\/\" \/>\n<meta property=\"article:published_time\" content=\"2014-10-20T16:47:52+00:00\" \/>\n<meta property=\"og:image\" content=\"http:\/\/www.lospoliticosveracruz.com.mx\/wp-content\/uploads\/2014\/10\/Pepe-Yunes2-300x199.jpg\" \/>\n<meta name=\"author\" content=\"Lo viste en Los Pol\u00edticos\" \/>\n<meta name=\"twitter:card\" content=\"summary_large_image\" \/>\n<meta name=\"twitter:creator\" content=\"@LosPoliticosVer\" \/>\n<meta name=\"twitter:site\" content=\"@LosPoliticosVer\" \/>\n<meta name=\"twitter:label1\" content=\"Escrito por\" \/>\n\t<meta name=\"twitter:data1\" content=\"Lo viste en Los Pol\u00edticos\" \/>\n\t<meta name=\"twitter:label2\" content=\"Tiempo de lectura\" \/>\n\t<meta name=\"twitter:data2\" content=\"3 minutos\" \/>\n<script type=\"application\/ld+json\" class=\"yoast-schema-graph\">{\"@context\":\"https:\\\/\\\/schema.org\",\"@graph\":[{\"@type\":\"Article\",\"@id\":\"https:\\\/\\\/lospoliticosveracruz.com\\\/?p=12835#article\",\"isPartOf\":{\"@id\":\"https:\\\/\\\/lospoliticosveracruz.com\\\/?p=12835\"},\"author\":{\"name\":\"Lo viste en Los Pol\u00edticos\",\"@id\":\"https:\\\/\\\/lospoliticosveracruz.com\\\/#\\\/schema\\\/person\\\/b8702bb0e538456e6efd07080bf2a4a2\"},\"headline\":\"Pepe, Tavo y Nemesio\",\"datePublished\":\"2014-10-20T16:47:52+00:00\",\"mainEntityOfPage\":{\"@id\":\"https:\\\/\\\/lospoliticosveracruz.com\\\/?p=12835\"},\"wordCount\":531,\"commentCount\":0,\"publisher\":{\"@id\":\"https:\\\/\\\/lospoliticosveracruz.com\\\/#organization\"},\"image\":{\"@id\":\"https:\\\/\\\/lospoliticosveracruz.com\\\/?p=12835#primaryimage\"},\"thumbnailUrl\":\"http:\\\/\\\/www.lospoliticosveracruz.com.mx\\\/wp-content\\\/uploads\\\/2014\\\/10\\\/Pepe-Yunes2-300x199.jpg\",\"keywords\":[\"Carvallo\",\"Nemesio\",\"Pepe Yunes Zorrilla\",\"San Andr\u00e9s Tuxtla\"],\"articleSection\":[\"De Opini\u00f3n\"],\"inLanguage\":\"es\",\"potentialAction\":[{\"@type\":\"CommentAction\",\"name\":\"Comment\",\"target\":[\"https:\\\/\\\/lospoliticosveracruz.com\\\/?p=12835#respond\"]}]},{\"@type\":\"WebPage\",\"@id\":\"https:\\\/\\\/lospoliticosveracruz.com\\\/?p=12835\",\"url\":\"https:\\\/\\\/lospoliticosveracruz.com\\\/?p=12835\",\"name\":\"Pepe, Tavo y Nemesio - Los pol\u00edticos Veracruz\",\"isPartOf\":{\"@id\":\"https:\\\/\\\/lospoliticosveracruz.com\\\/#website\"},\"primaryImageOfPage\":{\"@id\":\"https:\\\/\\\/lospoliticosveracruz.com\\\/?p=12835#primaryimage\"},\"image\":{\"@id\":\"https:\\\/\\\/lospoliticosveracruz.com\\\/?p=12835#primaryimage\"},\"thumbnailUrl\":\"http:\\\/\\\/www.lospoliticosveracruz.com.mx\\\/wp-content\\\/uploads\\\/2014\\\/10\\\/Pepe-Yunes2-300x199.jpg\",\"datePublished\":\"2014-10-20T16:47:52+00:00\",\"breadcrumb\":{\"@id\":\"https:\\\/\\\/lospoliticosveracruz.com\\\/?p=12835#breadcrumb\"},\"inLanguage\":\"es\",\"potentialAction\":[{\"@type\":\"ReadAction\",\"target\":[\"https:\\\/\\\/lospoliticosveracruz.com\\\/?p=12835\"]}]},{\"@type\":\"ImageObject\",\"inLanguage\":\"es\",\"@id\":\"https:\\\/\\\/lospoliticosveracruz.com\\\/?p=12835#primaryimage\",\"url\":\"http:\\\/\\\/www.lospoliticosveracruz.com.mx\\\/wp-content\\\/uploads\\\/2014\\\/10\\\/Pepe-Yunes2-300x199.jpg\",\"contentUrl\":\"http:\\\/\\\/www.lospoliticosveracruz.com.mx\\\/wp-content\\\/uploads\\\/2014\\\/10\\\/Pepe-Yunes2-300x199.jpg\"},{\"@type\":\"BreadcrumbList\",\"@id\":\"https:\\\/\\\/lospoliticosveracruz.com\\\/?p=12835#breadcrumb\",\"itemListElement\":[{\"@type\":\"ListItem\",\"position\":1,\"name\":\"Portada\",\"item\":\"https:\\\/\\\/lospoliticosveracruz.com\\\/\"},{\"@type\":\"ListItem\",\"position\":2,\"name\":\"Pepe, Tavo y Nemesio\"}]},{\"@type\":\"WebSite\",\"@id\":\"https:\\\/\\\/lospoliticosveracruz.com\\\/#website\",\"url\":\"https:\\\/\\\/lospoliticosveracruz.com\\\/\",\"name\":\"Los pol\u00edticos Veracruz\",\"description\":\"\",\"publisher\":{\"@id\":\"https:\\\/\\\/lospoliticosveracruz.com\\\/#organization\"},\"potentialAction\":[{\"@type\":\"SearchAction\",\"target\":{\"@type\":\"EntryPoint\",\"urlTemplate\":\"https:\\\/\\\/lospoliticosveracruz.com\\\/?s={search_term_string}\"},\"query-input\":{\"@type\":\"PropertyValueSpecification\",\"valueRequired\":true,\"valueName\":\"search_term_string\"}}],\"inLanguage\":\"es\"},{\"@type\":\"Organization\",\"@id\":\"https:\\\/\\\/lospoliticosveracruz.com\\\/#organization\",\"name\":\"Los pol\u00edticos Veracruz\",\"url\":\"https:\\\/\\\/lospoliticosveracruz.com\\\/\",\"logo\":{\"@type\":\"ImageObject\",\"inLanguage\":\"es\",\"@id\":\"https:\\\/\\\/lospoliticosveracruz.com\\\/#\\\/schema\\\/logo\\\/image\\\/\",\"url\":\"https:\\\/\\\/lospoliticosveracruz.com\\\/wp-content\\\/uploads\\\/2025\\\/12\\\/Logo-Nuevo-LOS-POLITICOS-1.jpg\",\"contentUrl\":\"https:\\\/\\\/lospoliticosveracruz.com\\\/wp-content\\\/uploads\\\/2025\\\/12\\\/Logo-Nuevo-LOS-POLITICOS-1.jpg\",\"width\":260,\"height\":70,\"caption\":\"Los pol\u00edticos Veracruz\"},\"image\":{\"@id\":\"https:\\\/\\\/lospoliticosveracruz.com\\\/#\\\/schema\\\/logo\\\/image\\\/\"},\"sameAs\":[\"https:\\\/\\\/www.facebook.com\\\/people\\\/Notimemes-de-los-Polticos\\\/61565672886568\\\/\",\"https:\\\/\\\/x.com\\\/LosPoliticosVer\"]},{\"@type\":\"Person\",\"@id\":\"https:\\\/\\\/lospoliticosveracruz.com\\\/#\\\/schema\\\/person\\\/b8702bb0e538456e6efd07080bf2a4a2\",\"name\":\"Lo viste en Los Pol\u00edticos\",\"image\":{\"@type\":\"ImageObject\",\"inLanguage\":\"es\",\"@id\":\"https:\\\/\\\/secure.gravatar.com\\\/avatar\\\/3a8de04a2656d44082be478bd6c086daa447c4651605818287b9532d3d0bd435?s=96&d=mm&r=g\",\"url\":\"https:\\\/\\\/secure.gravatar.com\\\/avatar\\\/3a8de04a2656d44082be478bd6c086daa447c4651605818287b9532d3d0bd435?s=96&d=mm&r=g\",\"contentUrl\":\"https:\\\/\\\/secure.gravatar.com\\\/avatar\\\/3a8de04a2656d44082be478bd6c086daa447c4651605818287b9532d3d0bd435?s=96&d=mm&r=g\",\"caption\":\"Lo viste en Los Pol\u00edticos\"},\"url\":\"https:\\\/\\\/lospoliticosveracruz.com\\\/?author=2\"}]}<\/script>\n<!-- \/ Yoast SEO plugin. -->","yoast_head_json":{"title":"Pepe, Tavo y Nemesio - Los pol\u00edticos Veracruz","robots":{"index":"index","follow":"follow","max-snippet":"max-snippet:-1","max-image-preview":"max-image-preview:large","max-video-preview":"max-video-preview:-1"},"canonical":"https:\/\/lospoliticosveracruz.com\/?p=12835","og_locale":"es_ES","og_type":"article","og_title":"Pepe, Tavo y Nemesio - Los pol\u00edticos Veracruz","og_description":"Iv\u00e1n Calder\u00f3n Perfilando &nbsp; El pasado fin de semana en los Tuxtlas se vivi\u00f3 un verdadero carnaval pol\u00edtico. La inauguraci\u00f3n de la casa de gesti\u00f3n del diputado local Octavio P\u00e9rez Garay fue el pretexto, y el arribo del senador Jos\u00e9 Yunes Zorrilla el catalizador. Pepe Yunes visit\u00f3 nuevamente San Andr\u00e9s Tuxtla. El senador fue el [&hellip;]","og_url":"https:\/\/lospoliticosveracruz.com\/?p=12835","og_site_name":"Los pol\u00edticos Veracruz","article_publisher":"https:\/\/www.facebook.com\/people\/Notimemes-de-los-Polticos\/61565672886568\/","article_published_time":"2014-10-20T16:47:52+00:00","og_image":[{"url":"http:\/\/www.lospoliticosveracruz.com.mx\/wp-content\/uploads\/2014\/10\/Pepe-Yunes2-300x199.jpg","type":"","width":"","height":""}],"author":"Lo viste en Los Pol\u00edticos","twitter_card":"summary_large_image","twitter_creator":"@LosPoliticosVer","twitter_site":"@LosPoliticosVer","twitter_misc":{"Escrito por":"Lo viste en Los Pol\u00edticos","Tiempo de lectura":"3 minutos"},"schema":{"@context":"https:\/\/schema.org","@graph":[{"@type":"Article","@id":"https:\/\/lospoliticosveracruz.com\/?p=12835#article","isPartOf":{"@id":"https:\/\/lospoliticosveracruz.com\/?p=12835"},"author":{"name":"Lo viste en Los Pol\u00edticos","@id":"https:\/\/lospoliticosveracruz.com\/#\/schema\/person\/b8702bb0e538456e6efd07080bf2a4a2"},"headline":"Pepe, Tavo y Nemesio","datePublished":"2014-10-20T16:47:52+00:00","mainEntityOfPage":{"@id":"https:\/\/lospoliticosveracruz.com\/?p=12835"},"wordCount":531,"commentCount":0,"publisher":{"@id":"https:\/\/lospoliticosveracruz.com\/#organization"},"image":{"@id":"https:\/\/lospoliticosveracruz.com\/?p=12835#primaryimage"},"thumbnailUrl":"http:\/\/www.lospoliticosveracruz.com.mx\/wp-content\/uploads\/2014\/10\/Pepe-Yunes2-300x199.jpg","keywords":["Carvallo","Nemesio","Pepe Yunes Zorrilla","San Andr\u00e9s Tuxtla"],"articleSection":["De Opini\u00f3n"],"inLanguage":"es","potentialAction":[{"@type":"CommentAction","name":"Comment","target":["https:\/\/lospoliticosveracruz.com\/?p=12835#respond"]}]},{"@type":"WebPage","@id":"https:\/\/lospoliticosveracruz.com\/?p=12835","url":"https:\/\/lospoliticosveracruz.com\/?p=12835","name":"Pepe, Tavo y Nemesio - Los pol\u00edticos Veracruz","isPartOf":{"@id":"https:\/\/lospoliticosveracruz.com\/#website"},"primaryImageOfPage":{"@id":"https:\/\/lospoliticosveracruz.com\/?p=12835#primaryimage"},"image":{"@id":"https:\/\/lospoliticosveracruz.com\/?p=12835#primaryimage"},"thumbnailUrl":"http:\/\/www.lospoliticosveracruz.com.mx\/wp-content\/uploads\/2014\/10\/Pepe-Yunes2-300x199.jpg","datePublished":"2014-10-20T16:47:52+00:00","breadcrumb":{"@id":"https:\/\/lospoliticosveracruz.com\/?p=12835#breadcrumb"},"inLanguage":"es","potentialAction":[{"@type":"ReadAction","target":["https:\/\/lospoliticosveracruz.com\/?p=12835"]}]},{"@type":"ImageObject","inLanguage":"es","@id":"https:\/\/lospoliticosveracruz.com\/?p=12835#primaryimage","url":"http:\/\/www.lospoliticosveracruz.com.mx\/wp-content\/uploads\/2014\/10\/Pepe-Yunes2-300x199.jpg","contentUrl":"http:\/\/www.lospoliticosveracruz.com.mx\/wp-content\/uploads\/2014\/10\/Pepe-Yunes2-300x199.jpg"},{"@type":"BreadcrumbList","@id":"https:\/\/lospoliticosveracruz.com\/?p=12835#breadcrumb","itemListElement":[{"@type":"ListItem","position":1,"name":"Portada","item":"https:\/\/lospoliticosveracruz.com\/"},{"@type":"ListItem","position":2,"name":"Pepe, Tavo y Nemesio"}]},{"@type":"WebSite","@id":"https:\/\/lospoliticosveracruz.com\/#website","url":"https:\/\/lospoliticosveracruz.com\/","name":"Los pol\u00edticos Veracruz","description":"","publisher":{"@id":"https:\/\/lospoliticosveracruz.com\/#organization"},"potentialAction":[{"@type":"SearchAction","target":{"@type":"EntryPoint","urlTemplate":"https:\/\/lospoliticosveracruz.com\/?s={search_term_string}"},"query-input":{"@type":"PropertyValueSpecification","valueRequired":true,"valueName":"search_term_string"}}],"inLanguage":"es"},{"@type":"Organization","@id":"https:\/\/lospoliticosveracruz.com\/#organization","name":"Los pol\u00edticos Veracruz","url":"https:\/\/lospoliticosveracruz.com\/","logo":{"@type":"ImageObject","inLanguage":"es","@id":"https:\/\/lospoliticosveracruz.com\/#\/schema\/logo\/image\/","url":"https:\/\/lospoliticosveracruz.com\/wp-content\/uploads\/2025\/12\/Logo-Nuevo-LOS-POLITICOS-1.jpg","contentUrl":"https:\/\/lospoliticosveracruz.com\/wp-content\/uploads\/2025\/12\/Logo-Nuevo-LOS-POLITICOS-1.jpg","width":260,"height":70,"caption":"Los pol\u00edticos Veracruz"},"image":{"@id":"https:\/\/lospoliticosveracruz.com\/#\/schema\/logo\/image\/"},"sameAs":["https:\/\/www.facebook.com\/people\/Notimemes-de-los-Polticos\/61565672886568\/","https:\/\/x.com\/LosPoliticosVer"]},{"@type":"Person","@id":"https:\/\/lospoliticosveracruz.com\/#\/schema\/person\/b8702bb0e538456e6efd07080bf2a4a2","name":"Lo viste en Los Pol\u00edticos","image":{"@type":"ImageObject","inLanguage":"es","@id":"https:\/\/secure.gravatar.com\/avatar\/3a8de04a2656d44082be478bd6c086daa447c4651605818287b9532d3d0bd435?s=96&d=mm&r=g","url":"https:\/\/secure.gravatar.com\/avatar\/3a8de04a2656d44082be478bd6c086daa447c4651605818287b9532d3d0bd435?s=96&d=mm&r=g","contentUrl":"https:\/\/secure.gravatar.com\/avatar\/3a8de04a2656d44082be478bd6c086daa447c4651605818287b9532d3d0bd435?s=96&d=mm&r=g","caption":"Lo viste en Los Pol\u00edticos"},"url":"https:\/\/lospoliticosveracruz.com\/?author=2"}]}},"_links":{"self":[{"href":"https:\/\/lospoliticosveracruz.com\/index.php?rest_route=\/wp\/v2\/posts\/12835","targetHints":{"allow":["GET"]}}],"collection":[{"href":"https:\/\/lospoliticosveracruz.com\/index.php?rest_route=\/wp\/v2\/posts"}],"about":[{"href":"https:\/\/lospoliticosveracruz.com\/index.php?rest_route=\/wp\/v2\/types\/post"}],"author":[{"embeddable":true,"href":"https:\/\/lospoliticosveracruz.com\/index.php?rest_route=\/wp\/v2\/users\/2"}],"replies":[{"embeddable":true,"href":"https:\/\/lospoliticosveracruz.com\/index.php?rest_route=%2Fwp%2Fv2%2Fcomments&post=12835"}],"version-history":[{"count":1,"href":"https:\/\/lospoliticosveracruz.com\/index.php?rest_route=\/wp\/v2\/posts\/12835\/revisions"}],"predecessor-version":[{"id":12836,"href":"https:\/\/lospoliticosveracruz.com\/index.php?rest_route=\/wp\/v2\/posts\/12835\/revisions\/12836"}],"wp:attachment":[{"href":"https:\/\/lospoliticosveracruz.com\/index.php?rest_route=%2Fwp%2Fv2%2Fmedia&parent=12835"}],"wp:term":[{"taxonomy":"category","embeddable":true,"href":"https:\/\/lospoliticosveracruz.com\/index.php?rest_route=%2Fwp%2Fv2%2Fcategories&post=12835"},{"taxonomy":"post_tag","embeddable":true,"href":"https:\/\/lospoliticosveracruz.com\/index.php?rest_route=%2Fwp%2Fv2%2Ftags&post=12835"}],"curies":[{"name":"wp","href":"https:\/\/api.w.org\/{rel}","templated":true}]}}