{"id":12838,"date":"2014-10-20T14:40:25","date_gmt":"2014-10-20T19:40:25","guid":{"rendered":"http:\/\/www.lospoliticosveracruz.com.mx\/?p=12838"},"modified":"2014-10-20T20:01:53","modified_gmt":"2014-10-21T01:01:53","slug":"las-visitas-de-epn-y-de-osorio-chong","status":"publish","type":"post","link":"https:\/\/lospoliticosveracruz.com\/?p=12838","title":{"rendered":"Las visitas de EPN y de Osorio Chong"},"content":{"rendered":"<p><a href=\"http:\/\/www.lospoliticosveracruz.com.mx\/wp-content\/uploads\/2014\/10\/IMG_1615.jpg\"><img loading=\"lazy\" decoding=\"async\" src=\"http:\/\/www.lospoliticosveracruz.com.mx\/wp-content\/uploads\/2014\/10\/IMG_1615-300x200.jpg\" alt=\"IMG_1615.JPG\" width=\"300\" height=\"200\" class=\"alignnone size-medium wp-image-12837\" \/><\/a><br \/>\n<strong>Miguel Angel Cristiani Gonz\u00e1lez<\/strong><br \/>\n<em>Bit\u00e1cora Veracruz<\/em><\/p>\n<p>No es casualidad, que en casi todos sus discursos y mensajes que pronuncia el gobernador de Veracruz, Javier Duarte de Ochoa hace referencia a la coordinaci\u00f3n que existe con el gobierno federal para la realizaci\u00f3n de todos los programas, ya sea de construcci\u00f3n de obras, apoyos sociales, seguridad p\u00fablica, infraestructura o diversos beneficios para los veracruzanos.<\/p>\n<p>Por eso no es casualidad, tampoco, la visita que este lunes hace el presidente de la Rep\u00fablica, Enrique Pe\u00f1a Nieto al norte de la entidad veracruzana, espec\u00edficamente a la ciudad de Poza Rica en donde habr\u00e1 de evaluar y dar a conocer nuevos apoyos de uno de los principales programas de la actual administraci\u00f3n como lo es el denominado \u201cSin Hambre, Veracruz Prospera\u201d.<\/p>\n<p>Es el programa principal de la administraci\u00f3n federal para combatir la pobreza y por ello no es casual que el propio presidente de la rep\u00fablica, venga nuevamente al estado de Veracruz para ponerlo en marcha.<\/p>\n<p>Pero adem\u00e1s el gobernador Javier Duarte de Ochoa acaba de reiterar que Veracruz es uno de los estados m\u00e1s beneficiados con el Programa Nacional de Infraestructura 2014-2018.<\/p>\n<p>Puso como ejemplo la apertura de la autopista M\u00e9xico-Tuxpan, que tard\u00f3 m\u00e1s de 20 a\u00f1os en concretarse y que ahora representa m\u00e1s inversiones por conectar con el centro financiero del pa\u00eds.<\/p>\n<p>En obras de infraestructura sum\u00f3 el proyecto de la autopista Cardel-Poza Rica, la modernizaci\u00f3n del aeropuerto El Lencero, en la regi\u00f3n de Xalapa, y la ampliaci\u00f3n del puerto de Veracruz, pues representa una inversi\u00f3n hist\u00f3rica y la m\u00e1s importante de M\u00e9xico para fortalecer la econom\u00eda de la entidad.<\/p>\n<p>La Reforma Energ\u00e9tica, la m\u00e1s importante en la historia de la Naci\u00f3n, se traducir\u00e1 en m\u00e1s y mejores empleos, en mayor crecimiento para Veracruz, con la llegada de inversiones que se calculan en m\u00e1s de 300 mil millones de pesos para infraestructura en petr\u00f3leo y petroqu\u00edmica.<\/p>\n<p>As\u00ed las cosas, es mucho lo que hay que agradecer a la federaci\u00f3n para sacar adelante a Veracruz.<\/p>\n<p>Por si fuera poco lo anterior, este martes, el responsable de la pol\u00edtica interna en el pa\u00eds, el secretario de Gobernaci\u00f3n, Miguel \u00c1ngel Osorio Chong estar\u00e1 en el malec\u00f3n de Veracruz, para poner en marcha otro de los programas fundamentales de la actual administraci\u00f3n federal como lo es el de la Fuerza Civil de Veracruz que es el nuevo agrupamiento t\u00e1ctico y de inteligencia de la Secretar\u00eda de Seguridad P\u00fablica del estado (SSP) que reforzar\u00e1 todos los programas vigentes en el estado.<\/p>\n<p>Se trata de una fuerza polic\u00edaca, integrada por dos mil elementos con entrenamiento de \u00e9lite y la capacitaci\u00f3n, que recibieron adiestramiento de las secretar\u00edas de la Defensa Nacional (Sedena) y de Marina-Armada de M\u00e9xico (Semar), as\u00ed como de la Polic\u00eda Federal.<\/p>\n<p>Son dos mil elementos que seg\u00fan se dice son los mejor capacitados en el pa\u00eds, con estrategias que ya han sido comprobadas en el extranjero y que ahora con moderno equipo, est\u00e1n en condiciones de actuar en las diversas situaciones que se presenten en las distintas regiones de la entidad veracruzana.<\/p>\n<p><a href=\"http:\/\/www.lospoliticosveracruz.com.mx\/wp-content\/uploads\/2014\/10\/IMG_1615.jpg\"><img decoding=\"async\" class=\"alignnone size-full\" src=\"http:\/\/www.lospoliticosveracruz.com.mx\/wp-content\/uploads\/2014\/10\/IMG_1615.jpg\" alt=\"IMG_1615.JPG\" \/><\/a><\/p>\n","protected":false},"excerpt":{"rendered":"<p>Miguel Angel Cristiani Gonz\u00e1lez Bit\u00e1cora Veracruz No es casualidad, que en casi todos sus discursos y mensajes que pronuncia el gobernador de Veracruz, Javier Duarte de Ochoa hace referencia a la coordinaci\u00f3n que existe con el gobierno federal para la realizaci\u00f3n de todos los programas, ya sea de construcci\u00f3n de obras, apoyos sociales, seguridad p\u00fablica, [&hellip;]<\/p>\n","protected":false},"author":2,"featured_media":0,"comment_status":"open","ping_status":"open","sticky":false,"template":"","format":"standard","meta":{"tdm_status":"","tdm_grid_status":"","footnotes":""},"categories":[70],"tags":[442],"class_list":{"0":"post-12838","1":"post","2":"type-post","3":"status-publish","4":"format-standard","6":"category-de-opinion","7":"tag-pena"},"yoast_head":"<!-- This site is optimized with the Yoast SEO plugin v27.4 - https:\/\/yoast.com\/product\/yoast-seo-wordpress\/ -->\n<title>Las visitas de EPN y de Osorio Chong - Los pol\u00edticos Veracruz<\/title>\n<meta name=\"robots\" content=\"index, follow, max-snippet:-1, max-image-preview:large, max-video-preview:-1\" \/>\n<link rel=\"canonical\" href=\"https:\/\/lospoliticosveracruz.com\/?p=12838\" \/>\n<meta property=\"og:locale\" content=\"es_ES\" \/>\n<meta property=\"og:type\" content=\"article\" \/>\n<meta property=\"og:title\" content=\"Las visitas de EPN y de Osorio Chong - Los pol\u00edticos Veracruz\" \/>\n<meta property=\"og:description\" content=\"Miguel Angel Cristiani Gonz\u00e1lez Bit\u00e1cora Veracruz No es casualidad, que en casi todos sus discursos y mensajes que pronuncia el gobernador de Veracruz, Javier Duarte de Ochoa hace referencia a la coordinaci\u00f3n que existe con el gobierno federal para la realizaci\u00f3n de todos los programas, ya sea de construcci\u00f3n de obras, apoyos sociales, seguridad p\u00fablica, [&hellip;]\" \/>\n<meta property=\"og:url\" content=\"https:\/\/lospoliticosveracruz.com\/?p=12838\" \/>\n<meta property=\"og:site_name\" content=\"Los pol\u00edticos Veracruz\" \/>\n<meta property=\"article:publisher\" content=\"https:\/\/www.facebook.com\/people\/Notimemes-de-los-Polticos\/61565672886568\/\" \/>\n<meta property=\"article:published_time\" content=\"2014-10-20T19:40:25+00:00\" \/>\n<meta property=\"article:modified_time\" content=\"2014-10-21T01:01:53+00:00\" \/>\n<meta property=\"og:image\" content=\"http:\/\/www.lospoliticosveracruz.com.mx\/wp-content\/uploads\/2014\/10\/IMG_1615-300x200.jpg\" \/>\n<meta name=\"author\" content=\"Lo viste en Los Pol\u00edticos\" \/>\n<meta name=\"twitter:card\" content=\"summary_large_image\" \/>\n<meta name=\"twitter:creator\" content=\"@LosPoliticosVer\" \/>\n<meta name=\"twitter:site\" content=\"@LosPoliticosVer\" \/>\n<meta name=\"twitter:label1\" content=\"Escrito por\" \/>\n\t<meta name=\"twitter:data1\" content=\"Lo viste en Los Pol\u00edticos\" \/>\n\t<meta name=\"twitter:label2\" content=\"Tiempo de lectura\" \/>\n\t<meta name=\"twitter:data2\" content=\"3 minutos\" \/>\n<script type=\"application\/ld+json\" class=\"yoast-schema-graph\">{\"@context\":\"https:\\\/\\\/schema.org\",\"@graph\":[{\"@type\":\"Article\",\"@id\":\"https:\\\/\\\/lospoliticosveracruz.com\\\/?p=12838#article\",\"isPartOf\":{\"@id\":\"https:\\\/\\\/lospoliticosveracruz.com\\\/?p=12838\"},\"author\":{\"name\":\"Lo viste en Los Pol\u00edticos\",\"@id\":\"https:\\\/\\\/lospoliticosveracruz.com\\\/#\\\/schema\\\/person\\\/b8702bb0e538456e6efd07080bf2a4a2\"},\"headline\":\"Las visitas de EPN y de Osorio Chong\",\"datePublished\":\"2014-10-20T19:40:25+00:00\",\"dateModified\":\"2014-10-21T01:01:53+00:00\",\"mainEntityOfPage\":{\"@id\":\"https:\\\/\\\/lospoliticosveracruz.com\\\/?p=12838\"},\"wordCount\":561,\"commentCount\":0,\"publisher\":{\"@id\":\"https:\\\/\\\/lospoliticosveracruz.com\\\/#organization\"},\"image\":{\"@id\":\"https:\\\/\\\/lospoliticosveracruz.com\\\/?p=12838#primaryimage\"},\"thumbnailUrl\":\"http:\\\/\\\/www.lospoliticosveracruz.com.mx\\\/wp-content\\\/uploads\\\/2014\\\/10\\\/IMG_1615-300x200.jpg\",\"keywords\":[\"Pe\u00f1a\"],\"articleSection\":[\"De Opini\u00f3n\"],\"inLanguage\":\"es\",\"potentialAction\":[{\"@type\":\"CommentAction\",\"name\":\"Comment\",\"target\":[\"https:\\\/\\\/lospoliticosveracruz.com\\\/?p=12838#respond\"]}]},{\"@type\":\"WebPage\",\"@id\":\"https:\\\/\\\/lospoliticosveracruz.com\\\/?p=12838\",\"url\":\"https:\\\/\\\/lospoliticosveracruz.com\\\/?p=12838\",\"name\":\"Las visitas de EPN y de Osorio Chong - Los pol\u00edticos Veracruz\",\"isPartOf\":{\"@id\":\"https:\\\/\\\/lospoliticosveracruz.com\\\/#website\"},\"primaryImageOfPage\":{\"@id\":\"https:\\\/\\\/lospoliticosveracruz.com\\\/?p=12838#primaryimage\"},\"image\":{\"@id\":\"https:\\\/\\\/lospoliticosveracruz.com\\\/?p=12838#primaryimage\"},\"thumbnailUrl\":\"http:\\\/\\\/www.lospoliticosveracruz.com.mx\\\/wp-content\\\/uploads\\\/2014\\\/10\\\/IMG_1615-300x200.jpg\",\"datePublished\":\"2014-10-20T19:40:25+00:00\",\"dateModified\":\"2014-10-21T01:01:53+00:00\",\"breadcrumb\":{\"@id\":\"https:\\\/\\\/lospoliticosveracruz.com\\\/?p=12838#breadcrumb\"},\"inLanguage\":\"es\",\"potentialAction\":[{\"@type\":\"ReadAction\",\"target\":[\"https:\\\/\\\/lospoliticosveracruz.com\\\/?p=12838\"]}]},{\"@type\":\"ImageObject\",\"inLanguage\":\"es\",\"@id\":\"https:\\\/\\\/lospoliticosveracruz.com\\\/?p=12838#primaryimage\",\"url\":\"http:\\\/\\\/www.lospoliticosveracruz.com.mx\\\/wp-content\\\/uploads\\\/2014\\\/10\\\/IMG_1615-300x200.jpg\",\"contentUrl\":\"http:\\\/\\\/www.lospoliticosveracruz.com.mx\\\/wp-content\\\/uploads\\\/2014\\\/10\\\/IMG_1615-300x200.jpg\"},{\"@type\":\"BreadcrumbList\",\"@id\":\"https:\\\/\\\/lospoliticosveracruz.com\\\/?p=12838#breadcrumb\",\"itemListElement\":[{\"@type\":\"ListItem\",\"position\":1,\"name\":\"Portada\",\"item\":\"https:\\\/\\\/lospoliticosveracruz.com\\\/\"},{\"@type\":\"ListItem\",\"position\":2,\"name\":\"Las visitas de EPN y de Osorio Chong\"}]},{\"@type\":\"WebSite\",\"@id\":\"https:\\\/\\\/lospoliticosveracruz.com\\\/#website\",\"url\":\"https:\\\/\\\/lospoliticosveracruz.com\\\/\",\"name\":\"Los pol\u00edticos Veracruz\",\"description\":\"\",\"publisher\":{\"@id\":\"https:\\\/\\\/lospoliticosveracruz.com\\\/#organization\"},\"potentialAction\":[{\"@type\":\"SearchAction\",\"target\":{\"@type\":\"EntryPoint\",\"urlTemplate\":\"https:\\\/\\\/lospoliticosveracruz.com\\\/?s={search_term_string}\"},\"query-input\":{\"@type\":\"PropertyValueSpecification\",\"valueRequired\":true,\"valueName\":\"search_term_string\"}}],\"inLanguage\":\"es\"},{\"@type\":\"Organization\",\"@id\":\"https:\\\/\\\/lospoliticosveracruz.com\\\/#organization\",\"name\":\"Los pol\u00edticos Veracruz\",\"url\":\"https:\\\/\\\/lospoliticosveracruz.com\\\/\",\"logo\":{\"@type\":\"ImageObject\",\"inLanguage\":\"es\",\"@id\":\"https:\\\/\\\/lospoliticosveracruz.com\\\/#\\\/schema\\\/logo\\\/image\\\/\",\"url\":\"https:\\\/\\\/lospoliticosveracruz.com\\\/wp-content\\\/uploads\\\/2025\\\/12\\\/Logo-Nuevo-LOS-POLITICOS-1.jpg\",\"contentUrl\":\"https:\\\/\\\/lospoliticosveracruz.com\\\/wp-content\\\/uploads\\\/2025\\\/12\\\/Logo-Nuevo-LOS-POLITICOS-1.jpg\",\"width\":260,\"height\":70,\"caption\":\"Los pol\u00edticos Veracruz\"},\"image\":{\"@id\":\"https:\\\/\\\/lospoliticosveracruz.com\\\/#\\\/schema\\\/logo\\\/image\\\/\"},\"sameAs\":[\"https:\\\/\\\/www.facebook.com\\\/people\\\/Notimemes-de-los-Polticos\\\/61565672886568\\\/\",\"https:\\\/\\\/x.com\\\/LosPoliticosVer\"]},{\"@type\":\"Person\",\"@id\":\"https:\\\/\\\/lospoliticosveracruz.com\\\/#\\\/schema\\\/person\\\/b8702bb0e538456e6efd07080bf2a4a2\",\"name\":\"Lo viste en Los Pol\u00edticos\",\"image\":{\"@type\":\"ImageObject\",\"inLanguage\":\"es\",\"@id\":\"https:\\\/\\\/secure.gravatar.com\\\/avatar\\\/3a8de04a2656d44082be478bd6c086daa447c4651605818287b9532d3d0bd435?s=96&d=mm&r=g\",\"url\":\"https:\\\/\\\/secure.gravatar.com\\\/avatar\\\/3a8de04a2656d44082be478bd6c086daa447c4651605818287b9532d3d0bd435?s=96&d=mm&r=g\",\"contentUrl\":\"https:\\\/\\\/secure.gravatar.com\\\/avatar\\\/3a8de04a2656d44082be478bd6c086daa447c4651605818287b9532d3d0bd435?s=96&d=mm&r=g\",\"caption\":\"Lo viste en Los Pol\u00edticos\"},\"url\":\"https:\\\/\\\/lospoliticosveracruz.com\\\/?author=2\"}]}<\/script>\n<!-- \/ Yoast SEO plugin. -->","yoast_head_json":{"title":"Las visitas de EPN y de Osorio Chong - Los pol\u00edticos Veracruz","robots":{"index":"index","follow":"follow","max-snippet":"max-snippet:-1","max-image-preview":"max-image-preview:large","max-video-preview":"max-video-preview:-1"},"canonical":"https:\/\/lospoliticosveracruz.com\/?p=12838","og_locale":"es_ES","og_type":"article","og_title":"Las visitas de EPN y de Osorio Chong - Los pol\u00edticos Veracruz","og_description":"Miguel Angel Cristiani Gonz\u00e1lez Bit\u00e1cora Veracruz No es casualidad, que en casi todos sus discursos y mensajes que pronuncia el gobernador de Veracruz, Javier Duarte de Ochoa hace referencia a la coordinaci\u00f3n que existe con el gobierno federal para la realizaci\u00f3n de todos los programas, ya sea de construcci\u00f3n de obras, apoyos sociales, seguridad p\u00fablica, [&hellip;]","og_url":"https:\/\/lospoliticosveracruz.com\/?p=12838","og_site_name":"Los pol\u00edticos Veracruz","article_publisher":"https:\/\/www.facebook.com\/people\/Notimemes-de-los-Polticos\/61565672886568\/","article_published_time":"2014-10-20T19:40:25+00:00","article_modified_time":"2014-10-21T01:01:53+00:00","og_image":[{"url":"http:\/\/www.lospoliticosveracruz.com.mx\/wp-content\/uploads\/2014\/10\/IMG_1615-300x200.jpg","type":"","width":"","height":""}],"author":"Lo viste en Los Pol\u00edticos","twitter_card":"summary_large_image","twitter_creator":"@LosPoliticosVer","twitter_site":"@LosPoliticosVer","twitter_misc":{"Escrito por":"Lo viste en Los Pol\u00edticos","Tiempo de lectura":"3 minutos"},"schema":{"@context":"https:\/\/schema.org","@graph":[{"@type":"Article","@id":"https:\/\/lospoliticosveracruz.com\/?p=12838#article","isPartOf":{"@id":"https:\/\/lospoliticosveracruz.com\/?p=12838"},"author":{"name":"Lo viste en Los Pol\u00edticos","@id":"https:\/\/lospoliticosveracruz.com\/#\/schema\/person\/b8702bb0e538456e6efd07080bf2a4a2"},"headline":"Las visitas de EPN y de Osorio Chong","datePublished":"2014-10-20T19:40:25+00:00","dateModified":"2014-10-21T01:01:53+00:00","mainEntityOfPage":{"@id":"https:\/\/lospoliticosveracruz.com\/?p=12838"},"wordCount":561,"commentCount":0,"publisher":{"@id":"https:\/\/lospoliticosveracruz.com\/#organization"},"image":{"@id":"https:\/\/lospoliticosveracruz.com\/?p=12838#primaryimage"},"thumbnailUrl":"http:\/\/www.lospoliticosveracruz.com.mx\/wp-content\/uploads\/2014\/10\/IMG_1615-300x200.jpg","keywords":["Pe\u00f1a"],"articleSection":["De Opini\u00f3n"],"inLanguage":"es","potentialAction":[{"@type":"CommentAction","name":"Comment","target":["https:\/\/lospoliticosveracruz.com\/?p=12838#respond"]}]},{"@type":"WebPage","@id":"https:\/\/lospoliticosveracruz.com\/?p=12838","url":"https:\/\/lospoliticosveracruz.com\/?p=12838","name":"Las visitas de EPN y de Osorio Chong - Los pol\u00edticos Veracruz","isPartOf":{"@id":"https:\/\/lospoliticosveracruz.com\/#website"},"primaryImageOfPage":{"@id":"https:\/\/lospoliticosveracruz.com\/?p=12838#primaryimage"},"image":{"@id":"https:\/\/lospoliticosveracruz.com\/?p=12838#primaryimage"},"thumbnailUrl":"http:\/\/www.lospoliticosveracruz.com.mx\/wp-content\/uploads\/2014\/10\/IMG_1615-300x200.jpg","datePublished":"2014-10-20T19:40:25+00:00","dateModified":"2014-10-21T01:01:53+00:00","breadcrumb":{"@id":"https:\/\/lospoliticosveracruz.com\/?p=12838#breadcrumb"},"inLanguage":"es","potentialAction":[{"@type":"ReadAction","target":["https:\/\/lospoliticosveracruz.com\/?p=12838"]}]},{"@type":"ImageObject","inLanguage":"es","@id":"https:\/\/lospoliticosveracruz.com\/?p=12838#primaryimage","url":"http:\/\/www.lospoliticosveracruz.com.mx\/wp-content\/uploads\/2014\/10\/IMG_1615-300x200.jpg","contentUrl":"http:\/\/www.lospoliticosveracruz.com.mx\/wp-content\/uploads\/2014\/10\/IMG_1615-300x200.jpg"},{"@type":"BreadcrumbList","@id":"https:\/\/lospoliticosveracruz.com\/?p=12838#breadcrumb","itemListElement":[{"@type":"ListItem","position":1,"name":"Portada","item":"https:\/\/lospoliticosveracruz.com\/"},{"@type":"ListItem","position":2,"name":"Las visitas de EPN y de Osorio Chong"}]},{"@type":"WebSite","@id":"https:\/\/lospoliticosveracruz.com\/#website","url":"https:\/\/lospoliticosveracruz.com\/","name":"Los pol\u00edticos Veracruz","description":"","publisher":{"@id":"https:\/\/lospoliticosveracruz.com\/#organization"},"potentialAction":[{"@type":"SearchAction","target":{"@type":"EntryPoint","urlTemplate":"https:\/\/lospoliticosveracruz.com\/?s={search_term_string}"},"query-input":{"@type":"PropertyValueSpecification","valueRequired":true,"valueName":"search_term_string"}}],"inLanguage":"es"},{"@type":"Organization","@id":"https:\/\/lospoliticosveracruz.com\/#organization","name":"Los pol\u00edticos Veracruz","url":"https:\/\/lospoliticosveracruz.com\/","logo":{"@type":"ImageObject","inLanguage":"es","@id":"https:\/\/lospoliticosveracruz.com\/#\/schema\/logo\/image\/","url":"https:\/\/lospoliticosveracruz.com\/wp-content\/uploads\/2025\/12\/Logo-Nuevo-LOS-POLITICOS-1.jpg","contentUrl":"https:\/\/lospoliticosveracruz.com\/wp-content\/uploads\/2025\/12\/Logo-Nuevo-LOS-POLITICOS-1.jpg","width":260,"height":70,"caption":"Los pol\u00edticos Veracruz"},"image":{"@id":"https:\/\/lospoliticosveracruz.com\/#\/schema\/logo\/image\/"},"sameAs":["https:\/\/www.facebook.com\/people\/Notimemes-de-los-Polticos\/61565672886568\/","https:\/\/x.com\/LosPoliticosVer"]},{"@type":"Person","@id":"https:\/\/lospoliticosveracruz.com\/#\/schema\/person\/b8702bb0e538456e6efd07080bf2a4a2","name":"Lo viste en Los Pol\u00edticos","image":{"@type":"ImageObject","inLanguage":"es","@id":"https:\/\/secure.gravatar.com\/avatar\/3a8de04a2656d44082be478bd6c086daa447c4651605818287b9532d3d0bd435?s=96&d=mm&r=g","url":"https:\/\/secure.gravatar.com\/avatar\/3a8de04a2656d44082be478bd6c086daa447c4651605818287b9532d3d0bd435?s=96&d=mm&r=g","contentUrl":"https:\/\/secure.gravatar.com\/avatar\/3a8de04a2656d44082be478bd6c086daa447c4651605818287b9532d3d0bd435?s=96&d=mm&r=g","caption":"Lo viste en Los Pol\u00edticos"},"url":"https:\/\/lospoliticosveracruz.com\/?author=2"}]}},"_links":{"self":[{"href":"https:\/\/lospoliticosveracruz.com\/index.php?rest_route=\/wp\/v2\/posts\/12838","targetHints":{"allow":["GET"]}}],"collection":[{"href":"https:\/\/lospoliticosveracruz.com\/index.php?rest_route=\/wp\/v2\/posts"}],"about":[{"href":"https:\/\/lospoliticosveracruz.com\/index.php?rest_route=\/wp\/v2\/types\/post"}],"author":[{"embeddable":true,"href":"https:\/\/lospoliticosveracruz.com\/index.php?rest_route=\/wp\/v2\/users\/2"}],"replies":[{"embeddable":true,"href":"https:\/\/lospoliticosveracruz.com\/index.php?rest_route=%2Fwp%2Fv2%2Fcomments&post=12838"}],"version-history":[{"count":2,"href":"https:\/\/lospoliticosveracruz.com\/index.php?rest_route=\/wp\/v2\/posts\/12838\/revisions"}],"predecessor-version":[{"id":12840,"href":"https:\/\/lospoliticosveracruz.com\/index.php?rest_route=\/wp\/v2\/posts\/12838\/revisions\/12840"}],"wp:attachment":[{"href":"https:\/\/lospoliticosveracruz.com\/index.php?rest_route=%2Fwp%2Fv2%2Fmedia&parent=12838"}],"wp:term":[{"taxonomy":"category","embeddable":true,"href":"https:\/\/lospoliticosveracruz.com\/index.php?rest_route=%2Fwp%2Fv2%2Fcategories&post=12838"},{"taxonomy":"post_tag","embeddable":true,"href":"https:\/\/lospoliticosveracruz.com\/index.php?rest_route=%2Fwp%2Fv2%2Ftags&post=12838"}],"curies":[{"name":"wp","href":"https:\/\/api.w.org\/{rel}","templated":true}]}}