{"id":12841,"date":"2014-10-20T21:21:20","date_gmt":"2014-10-21T02:21:20","guid":{"rendered":"http:\/\/www.lospoliticosveracruz.com.mx\/?p=12841"},"modified":"2014-10-20T21:21:20","modified_gmt":"2014-10-21T02:21:20","slug":"va-federacion-contra-policias-municipales","status":"publish","type":"post","link":"https:\/\/lospoliticosveracruz.com\/?p=12841","title":{"rendered":"Va Federaci\u00f3n contra polic\u00edas municipales"},"content":{"rendered":"<p><a href=\"http:\/\/www.lospoliticosveracruz.com.mx\/wp-content\/uploads\/2014\/10\/Fuerza-Civil-Veracruz.jpg\"><img loading=\"lazy\" decoding=\"async\" class=\"alignnone size-medium wp-image-12842\" src=\"http:\/\/www.lospoliticosveracruz.com.mx\/wp-content\/uploads\/2014\/10\/Fuerza-Civil-Veracruz-300x200.jpg\" alt=\"Fuerza Civil Veracruz\" width=\"300\" height=\"200\" \/><\/a><br \/>\n<strong>\u00c1lvaro Belin Andrade<\/strong><\/p>\n<p><em>Hora Libre<\/em><\/p>\n<p>&nbsp;<\/p>\n<p>No err\u00e1bamos ayer cuando, al referirnos al creciente poder de las polic\u00edas municipales, se\u00f1alamos que el gobierno federal deb\u00eda abrir otro frente en su batalla contra el crimen organizado investigando los vasos comunicantes y de colaboraci\u00f3n que este mantiene con los cuerpos policiacos locales.<br \/>\nEste lunes en Poza Rica, el propio presidente Enrique Pe\u00f1a Nieto fue muy claro en se\u00f1alar que, a prop\u00f3sito de los cr\u00edmenes perpetrados por la polic\u00eda municipal de Iguala, conjuntamente con la organizaci\u00f3n Guerreros Unidos, contra normalistas de Ayotzinapa, se atender\u00eda la participaci\u00f3n de los cuerpos policiacos locales en hechos delictivos.<br \/>\nAl presentar el programa Sin Hambre Veracruz Prospera, Pe\u00f1a Nieto se refiri\u00f3 a la toma del control, por parte de las fuerzas federales, de la seguridad en otros 12 municipios guerrerenses y uno del Estado de M\u00e9xico, cuyos cuerpos policiacos se habr\u00edan aliado a los grupos criminales, y a\u00f1adi\u00f3 que seguir\u00e1 trabajando con los gobiernos locales para poner orden y evitar \u201cque el crimen organizado se infiltre en las instituciones, sobre todo las encargadas de dar seguridad a las familias mexicanas\u201d.<br \/>\nAdem\u00e1s de los municipios de Iguala y Cocula, las fuerzas federales se hicieron con el control de la seguridad p\u00fablica en los municipios guerrerenses de Apaxtla de Calder\u00f3n, Buenavista de Cu\u00e9llar, General Canuto A. Neri, Ixcateopan de Cuauht\u00e9moc, Pilcaya, Taxco y Teloloapan, en la regi\u00f3n Norte, y de Arcelia, Coyuca de Catal\u00e1n, Pungarabato, San Miguel Totolapan y Tlapehuala, en la regi\u00f3n de Tierra Caliente. En el Edomex fue el municipio de Ixtapan de la Sal. Los efectivos policiacos fueron remitidos a la VI Regi\u00f3n Militar en Mazaquiahuac, en el estado de Tlaxcala.<br \/>\nAntes, el presidente Enrique Pe\u00f1a Nieto hab\u00eda dicho que las fuerzas federales intervendr\u00e1n en los municipios donde, de acuerdo con las investigaciones de inteligencia, haya evidencias de infiltraci\u00f3n del crimen organizado.<br \/>\nJusto ayer, en este mismo espacio, reflexion\u00e9 sobre este tema:<br \/>\n\u201cDefinir el papel que deben cumplir las autoridades federales y estatales para hacer frente a esta peligrosa alianza es un tema que debe abordarse de inmediato en el pa\u00eds para encontrar soluciones efectivas, r\u00e1pidas y duraderas\u201d.<br \/>\nY a\u00f1ad\u00eda: \u201cEl gobierno federal, en su lucha contra el crimen organizado, debiera incluir tambi\u00e9n la investigaci\u00f3n sobre los nexos que los cuerpos policiacos mantienen con las organizaciones criminales para perseguir y castigar con todo el peso de la ley a los infractores. Una tarea monumental que urge en el pa\u00eds y cuya implantaci\u00f3n no debiera requerir casos como el de Ayotzinapa\u201d.<\/p>\n<p><strong>Fuerza Civil se presenta en sociedad<\/strong><\/p>\n<p>Independientemente de que la Macroplaza del Malec\u00f3n, en el Puerto de Veracruz, parece haber sido adoptado (algunos se atreven a decir: expropiado) para los eventos masivos del Gobierno del Estado, desde la reuni\u00f3n con el SNTE hasta la presentaci\u00f3n de la Fuerza Civil este martes ante el secretario de Gobernaci\u00f3n Miguel \u00c1ngel Osorio Chong, la puesta en operaci\u00f3n de esta nueva polic\u00eda, con dos mil elementos, ha encontrado la aprobaci\u00f3n del gobierno federal.<br \/>\nDescrita como un grupo de \u00e9lite de la Secretar\u00eda de Seguridad P\u00fablica estatal que atender\u00e1 la problem\u00e1tica que se presente en cualquier regi\u00f3n del estado, est\u00e1 compuesta por dos mil elementos que son expertos francotiradores, monta\u00f1istas y rescatistas, con capacidad para desactivar explosivos y conducir cualquier veh\u00edculo terrestre, a\u00e9reo o mar\u00edtimo.<br \/>\nLos nuevos elementos que se suman al combate a la delincuencia, y que en su momento fue esgrimida como un argumento contra la presencia de la Gendarmer\u00eda Nacional, cuenta con entrenamiento, equipamiento t\u00e9cnico y tecnol\u00f3gico, as\u00ed como de la capacidad para intervenir y neutralizar cualquier actividad il\u00edcita, sin importar el terreno o zona donde se encuentren los delincuentes, seg\u00fan el vocero Alberto Silva Ramos.<br \/>\nEste grupo especial de operaciones lo componen los polic\u00edas mejor pagados, utilizar\u00e1n unidades altamente blindadas y contar\u00e1n con el armamento m\u00e1s sofisticado de la Secretar\u00eda de la Defensa Nacional (Sedena).<br \/>\nAyer mismo, el presidente Enrique Pe\u00f1a Nieto habr\u00eda felicitado al gobernador Javier Duarte de Ochoa por la integraci\u00f3n de esta polic\u00eda: \u201cquiero felicitarlo y desde ahora augurarle el mejor de los \u00e9xitos en este esfuerzo de su gobierno, la puesta en marcha de la Fuerza Civil, un nuevo cuerpo de seguridad p\u00fablica que estar\u00e1, a partir de ma\u00f1ana, al servicio de todos los veracruzanos\u201d.<br \/>\nSer\u00eda interesante que, en su pr\u00f3ximo Informe de Gobierno, el mandatario veracruzano nos brinde cifras puntuales sobre el n\u00famero de efectivos de cada uno de los cuerpos polic\u00edacos comandados por la Secretar\u00eda de Seguridad P\u00fablica, los recursos invertidos en su avituallamiento y adquisici\u00f3n de veh\u00edculos, blindados en el caso de la Fuerza Civil, y c\u00f3mo interactuar\u00e1n estas fuerzas, en qu\u00e9 casos intervendr\u00e1 la polic\u00eda de elite que se echar\u00e1 a andar este martes 21 y si estar\u00e1 en operaci\u00f3n permanente o ser\u00e1 acuartelada para actuar solo en caso de situaciones extremas.<\/p>\n<p>Comentarios: belin.alvaro@gmail.com<\/p>\n","protected":false},"excerpt":{"rendered":"<p>\u00c1lvaro Belin Andrade Hora Libre &nbsp; No err\u00e1bamos ayer cuando, al referirnos al creciente poder de las polic\u00edas municipales, se\u00f1alamos que el gobierno federal deb\u00eda abrir otro frente en su batalla contra el crimen organizado investigando los vasos comunicantes y de colaboraci\u00f3n que este mantiene con los cuerpos policiacos locales. Este lunes en Poza Rica, [&hellip;]<\/p>\n","protected":false},"author":2,"featured_media":0,"comment_status":"open","ping_status":"open","sticky":false,"template":"","format":"standard","meta":{"tdm_status":"","tdm_grid_status":"","footnotes":""},"categories":[70],"tags":[281,446,445,443,444],"class_list":{"0":"post-12841","1":"post","2":"type-post","3":"status-publish","4":"format-standard","6":"category-de-opinion","7":"tag-enrique-pena-nieto","8":"tag-fuerza-civil-veracruz","9":"tag-miguel-angel-osorio-chong","10":"tag-prospera","11":"tag-sin-hambre"},"yoast_head":"<!-- This site is optimized with the Yoast SEO plugin v27.4 - https:\/\/yoast.com\/product\/yoast-seo-wordpress\/ -->\n<title>Va Federaci\u00f3n contra polic\u00edas municipales - Los pol\u00edticos Veracruz<\/title>\n<meta name=\"robots\" content=\"index, follow, max-snippet:-1, max-image-preview:large, max-video-preview:-1\" \/>\n<link rel=\"canonical\" href=\"https:\/\/lospoliticosveracruz.com\/?p=12841\" \/>\n<meta property=\"og:locale\" content=\"es_ES\" \/>\n<meta property=\"og:type\" content=\"article\" \/>\n<meta property=\"og:title\" content=\"Va Federaci\u00f3n contra polic\u00edas municipales - Los pol\u00edticos Veracruz\" \/>\n<meta property=\"og:description\" content=\"\u00c1lvaro Belin Andrade Hora Libre &nbsp; No err\u00e1bamos ayer cuando, al referirnos al creciente poder de las polic\u00edas municipales, se\u00f1alamos que el gobierno federal deb\u00eda abrir otro frente en su batalla contra el crimen organizado investigando los vasos comunicantes y de colaboraci\u00f3n que este mantiene con los cuerpos policiacos locales. Este lunes en Poza Rica, [&hellip;]\" \/>\n<meta property=\"og:url\" content=\"https:\/\/lospoliticosveracruz.com\/?p=12841\" \/>\n<meta property=\"og:site_name\" content=\"Los pol\u00edticos Veracruz\" \/>\n<meta property=\"article:publisher\" content=\"https:\/\/www.facebook.com\/people\/Notimemes-de-los-Polticos\/61565672886568\/\" \/>\n<meta property=\"article:published_time\" content=\"2014-10-21T02:21:20+00:00\" \/>\n<meta property=\"og:image\" content=\"http:\/\/www.lospoliticosveracruz.com.mx\/wp-content\/uploads\/2014\/10\/Fuerza-Civil-Veracruz-300x200.jpg\" \/>\n<meta name=\"author\" content=\"Lo viste en Los Pol\u00edticos\" \/>\n<meta name=\"twitter:card\" content=\"summary_large_image\" \/>\n<meta name=\"twitter:creator\" content=\"@LosPoliticosVer\" \/>\n<meta name=\"twitter:site\" content=\"@LosPoliticosVer\" \/>\n<meta name=\"twitter:label1\" content=\"Escrito por\" \/>\n\t<meta name=\"twitter:data1\" content=\"Lo viste en Los Pol\u00edticos\" \/>\n\t<meta name=\"twitter:label2\" content=\"Tiempo de lectura\" \/>\n\t<meta name=\"twitter:data2\" content=\"4 minutos\" \/>\n<script type=\"application\/ld+json\" class=\"yoast-schema-graph\">{\"@context\":\"https:\\\/\\\/schema.org\",\"@graph\":[{\"@type\":\"Article\",\"@id\":\"https:\\\/\\\/lospoliticosveracruz.com\\\/?p=12841#article\",\"isPartOf\":{\"@id\":\"https:\\\/\\\/lospoliticosveracruz.com\\\/?p=12841\"},\"author\":{\"name\":\"Lo viste en Los Pol\u00edticos\",\"@id\":\"https:\\\/\\\/lospoliticosveracruz.com\\\/#\\\/schema\\\/person\\\/b8702bb0e538456e6efd07080bf2a4a2\"},\"headline\":\"Va Federaci\u00f3n contra polic\u00edas municipales\",\"datePublished\":\"2014-10-21T02:21:20+00:00\",\"mainEntityOfPage\":{\"@id\":\"https:\\\/\\\/lospoliticosveracruz.com\\\/?p=12841\"},\"wordCount\":883,\"commentCount\":0,\"publisher\":{\"@id\":\"https:\\\/\\\/lospoliticosveracruz.com\\\/#organization\"},\"image\":{\"@id\":\"https:\\\/\\\/lospoliticosveracruz.com\\\/?p=12841#primaryimage\"},\"thumbnailUrl\":\"http:\\\/\\\/www.lospoliticosveracruz.com.mx\\\/wp-content\\\/uploads\\\/2014\\\/10\\\/Fuerza-Civil-Veracruz-300x200.jpg\",\"keywords\":[\"Enrique Pe\u00f1a Nieto\",\"Fuerza Civil Veracruz\",\"Miguel \u00c1ngel Osorio Chong\",\"Prospera\",\"Sin Hambre\"],\"articleSection\":[\"De Opini\u00f3n\"],\"inLanguage\":\"es\",\"potentialAction\":[{\"@type\":\"CommentAction\",\"name\":\"Comment\",\"target\":[\"https:\\\/\\\/lospoliticosveracruz.com\\\/?p=12841#respond\"]}]},{\"@type\":\"WebPage\",\"@id\":\"https:\\\/\\\/lospoliticosveracruz.com\\\/?p=12841\",\"url\":\"https:\\\/\\\/lospoliticosveracruz.com\\\/?p=12841\",\"name\":\"Va Federaci\u00f3n contra polic\u00edas municipales - Los pol\u00edticos Veracruz\",\"isPartOf\":{\"@id\":\"https:\\\/\\\/lospoliticosveracruz.com\\\/#website\"},\"primaryImageOfPage\":{\"@id\":\"https:\\\/\\\/lospoliticosveracruz.com\\\/?p=12841#primaryimage\"},\"image\":{\"@id\":\"https:\\\/\\\/lospoliticosveracruz.com\\\/?p=12841#primaryimage\"},\"thumbnailUrl\":\"http:\\\/\\\/www.lospoliticosveracruz.com.mx\\\/wp-content\\\/uploads\\\/2014\\\/10\\\/Fuerza-Civil-Veracruz-300x200.jpg\",\"datePublished\":\"2014-10-21T02:21:20+00:00\",\"breadcrumb\":{\"@id\":\"https:\\\/\\\/lospoliticosveracruz.com\\\/?p=12841#breadcrumb\"},\"inLanguage\":\"es\",\"potentialAction\":[{\"@type\":\"ReadAction\",\"target\":[\"https:\\\/\\\/lospoliticosveracruz.com\\\/?p=12841\"]}]},{\"@type\":\"ImageObject\",\"inLanguage\":\"es\",\"@id\":\"https:\\\/\\\/lospoliticosveracruz.com\\\/?p=12841#primaryimage\",\"url\":\"http:\\\/\\\/www.lospoliticosveracruz.com.mx\\\/wp-content\\\/uploads\\\/2014\\\/10\\\/Fuerza-Civil-Veracruz-300x200.jpg\",\"contentUrl\":\"http:\\\/\\\/www.lospoliticosveracruz.com.mx\\\/wp-content\\\/uploads\\\/2014\\\/10\\\/Fuerza-Civil-Veracruz-300x200.jpg\"},{\"@type\":\"BreadcrumbList\",\"@id\":\"https:\\\/\\\/lospoliticosveracruz.com\\\/?p=12841#breadcrumb\",\"itemListElement\":[{\"@type\":\"ListItem\",\"position\":1,\"name\":\"Portada\",\"item\":\"https:\\\/\\\/lospoliticosveracruz.com\\\/\"},{\"@type\":\"ListItem\",\"position\":2,\"name\":\"Va Federaci\u00f3n contra polic\u00edas municipales\"}]},{\"@type\":\"WebSite\",\"@id\":\"https:\\\/\\\/lospoliticosveracruz.com\\\/#website\",\"url\":\"https:\\\/\\\/lospoliticosveracruz.com\\\/\",\"name\":\"Los pol\u00edticos Veracruz\",\"description\":\"\",\"publisher\":{\"@id\":\"https:\\\/\\\/lospoliticosveracruz.com\\\/#organization\"},\"potentialAction\":[{\"@type\":\"SearchAction\",\"target\":{\"@type\":\"EntryPoint\",\"urlTemplate\":\"https:\\\/\\\/lospoliticosveracruz.com\\\/?s={search_term_string}\"},\"query-input\":{\"@type\":\"PropertyValueSpecification\",\"valueRequired\":true,\"valueName\":\"search_term_string\"}}],\"inLanguage\":\"es\"},{\"@type\":\"Organization\",\"@id\":\"https:\\\/\\\/lospoliticosveracruz.com\\\/#organization\",\"name\":\"Los pol\u00edticos Veracruz\",\"url\":\"https:\\\/\\\/lospoliticosveracruz.com\\\/\",\"logo\":{\"@type\":\"ImageObject\",\"inLanguage\":\"es\",\"@id\":\"https:\\\/\\\/lospoliticosveracruz.com\\\/#\\\/schema\\\/logo\\\/image\\\/\",\"url\":\"https:\\\/\\\/lospoliticosveracruz.com\\\/wp-content\\\/uploads\\\/2025\\\/12\\\/Logo-Nuevo-LOS-POLITICOS-1.jpg\",\"contentUrl\":\"https:\\\/\\\/lospoliticosveracruz.com\\\/wp-content\\\/uploads\\\/2025\\\/12\\\/Logo-Nuevo-LOS-POLITICOS-1.jpg\",\"width\":260,\"height\":70,\"caption\":\"Los pol\u00edticos Veracruz\"},\"image\":{\"@id\":\"https:\\\/\\\/lospoliticosveracruz.com\\\/#\\\/schema\\\/logo\\\/image\\\/\"},\"sameAs\":[\"https:\\\/\\\/www.facebook.com\\\/people\\\/Notimemes-de-los-Polticos\\\/61565672886568\\\/\",\"https:\\\/\\\/x.com\\\/LosPoliticosVer\"]},{\"@type\":\"Person\",\"@id\":\"https:\\\/\\\/lospoliticosveracruz.com\\\/#\\\/schema\\\/person\\\/b8702bb0e538456e6efd07080bf2a4a2\",\"name\":\"Lo viste en Los Pol\u00edticos\",\"image\":{\"@type\":\"ImageObject\",\"inLanguage\":\"es\",\"@id\":\"https:\\\/\\\/secure.gravatar.com\\\/avatar\\\/3a8de04a2656d44082be478bd6c086daa447c4651605818287b9532d3d0bd435?s=96&d=mm&r=g\",\"url\":\"https:\\\/\\\/secure.gravatar.com\\\/avatar\\\/3a8de04a2656d44082be478bd6c086daa447c4651605818287b9532d3d0bd435?s=96&d=mm&r=g\",\"contentUrl\":\"https:\\\/\\\/secure.gravatar.com\\\/avatar\\\/3a8de04a2656d44082be478bd6c086daa447c4651605818287b9532d3d0bd435?s=96&d=mm&r=g\",\"caption\":\"Lo viste en Los Pol\u00edticos\"},\"url\":\"https:\\\/\\\/lospoliticosveracruz.com\\\/?author=2\"}]}<\/script>\n<!-- \/ Yoast SEO plugin. -->","yoast_head_json":{"title":"Va Federaci\u00f3n contra polic\u00edas municipales - Los pol\u00edticos Veracruz","robots":{"index":"index","follow":"follow","max-snippet":"max-snippet:-1","max-image-preview":"max-image-preview:large","max-video-preview":"max-video-preview:-1"},"canonical":"https:\/\/lospoliticosveracruz.com\/?p=12841","og_locale":"es_ES","og_type":"article","og_title":"Va Federaci\u00f3n contra polic\u00edas municipales - Los pol\u00edticos Veracruz","og_description":"\u00c1lvaro Belin Andrade Hora Libre &nbsp; No err\u00e1bamos ayer cuando, al referirnos al creciente poder de las polic\u00edas municipales, se\u00f1alamos que el gobierno federal deb\u00eda abrir otro frente en su batalla contra el crimen organizado investigando los vasos comunicantes y de colaboraci\u00f3n que este mantiene con los cuerpos policiacos locales. Este lunes en Poza Rica, [&hellip;]","og_url":"https:\/\/lospoliticosveracruz.com\/?p=12841","og_site_name":"Los pol\u00edticos Veracruz","article_publisher":"https:\/\/www.facebook.com\/people\/Notimemes-de-los-Polticos\/61565672886568\/","article_published_time":"2014-10-21T02:21:20+00:00","og_image":[{"url":"http:\/\/www.lospoliticosveracruz.com.mx\/wp-content\/uploads\/2014\/10\/Fuerza-Civil-Veracruz-300x200.jpg","type":"","width":"","height":""}],"author":"Lo viste en Los Pol\u00edticos","twitter_card":"summary_large_image","twitter_creator":"@LosPoliticosVer","twitter_site":"@LosPoliticosVer","twitter_misc":{"Escrito por":"Lo viste en Los Pol\u00edticos","Tiempo de lectura":"4 minutos"},"schema":{"@context":"https:\/\/schema.org","@graph":[{"@type":"Article","@id":"https:\/\/lospoliticosveracruz.com\/?p=12841#article","isPartOf":{"@id":"https:\/\/lospoliticosveracruz.com\/?p=12841"},"author":{"name":"Lo viste en Los Pol\u00edticos","@id":"https:\/\/lospoliticosveracruz.com\/#\/schema\/person\/b8702bb0e538456e6efd07080bf2a4a2"},"headline":"Va Federaci\u00f3n contra polic\u00edas municipales","datePublished":"2014-10-21T02:21:20+00:00","mainEntityOfPage":{"@id":"https:\/\/lospoliticosveracruz.com\/?p=12841"},"wordCount":883,"commentCount":0,"publisher":{"@id":"https:\/\/lospoliticosveracruz.com\/#organization"},"image":{"@id":"https:\/\/lospoliticosveracruz.com\/?p=12841#primaryimage"},"thumbnailUrl":"http:\/\/www.lospoliticosveracruz.com.mx\/wp-content\/uploads\/2014\/10\/Fuerza-Civil-Veracruz-300x200.jpg","keywords":["Enrique Pe\u00f1a Nieto","Fuerza Civil Veracruz","Miguel \u00c1ngel Osorio Chong","Prospera","Sin Hambre"],"articleSection":["De Opini\u00f3n"],"inLanguage":"es","potentialAction":[{"@type":"CommentAction","name":"Comment","target":["https:\/\/lospoliticosveracruz.com\/?p=12841#respond"]}]},{"@type":"WebPage","@id":"https:\/\/lospoliticosveracruz.com\/?p=12841","url":"https:\/\/lospoliticosveracruz.com\/?p=12841","name":"Va Federaci\u00f3n contra polic\u00edas municipales - Los pol\u00edticos Veracruz","isPartOf":{"@id":"https:\/\/lospoliticosveracruz.com\/#website"},"primaryImageOfPage":{"@id":"https:\/\/lospoliticosveracruz.com\/?p=12841#primaryimage"},"image":{"@id":"https:\/\/lospoliticosveracruz.com\/?p=12841#primaryimage"},"thumbnailUrl":"http:\/\/www.lospoliticosveracruz.com.mx\/wp-content\/uploads\/2014\/10\/Fuerza-Civil-Veracruz-300x200.jpg","datePublished":"2014-10-21T02:21:20+00:00","breadcrumb":{"@id":"https:\/\/lospoliticosveracruz.com\/?p=12841#breadcrumb"},"inLanguage":"es","potentialAction":[{"@type":"ReadAction","target":["https:\/\/lospoliticosveracruz.com\/?p=12841"]}]},{"@type":"ImageObject","inLanguage":"es","@id":"https:\/\/lospoliticosveracruz.com\/?p=12841#primaryimage","url":"http:\/\/www.lospoliticosveracruz.com.mx\/wp-content\/uploads\/2014\/10\/Fuerza-Civil-Veracruz-300x200.jpg","contentUrl":"http:\/\/www.lospoliticosveracruz.com.mx\/wp-content\/uploads\/2014\/10\/Fuerza-Civil-Veracruz-300x200.jpg"},{"@type":"BreadcrumbList","@id":"https:\/\/lospoliticosveracruz.com\/?p=12841#breadcrumb","itemListElement":[{"@type":"ListItem","position":1,"name":"Portada","item":"https:\/\/lospoliticosveracruz.com\/"},{"@type":"ListItem","position":2,"name":"Va Federaci\u00f3n contra polic\u00edas municipales"}]},{"@type":"WebSite","@id":"https:\/\/lospoliticosveracruz.com\/#website","url":"https:\/\/lospoliticosveracruz.com\/","name":"Los pol\u00edticos Veracruz","description":"","publisher":{"@id":"https:\/\/lospoliticosveracruz.com\/#organization"},"potentialAction":[{"@type":"SearchAction","target":{"@type":"EntryPoint","urlTemplate":"https:\/\/lospoliticosveracruz.com\/?s={search_term_string}"},"query-input":{"@type":"PropertyValueSpecification","valueRequired":true,"valueName":"search_term_string"}}],"inLanguage":"es"},{"@type":"Organization","@id":"https:\/\/lospoliticosveracruz.com\/#organization","name":"Los pol\u00edticos Veracruz","url":"https:\/\/lospoliticosveracruz.com\/","logo":{"@type":"ImageObject","inLanguage":"es","@id":"https:\/\/lospoliticosveracruz.com\/#\/schema\/logo\/image\/","url":"https:\/\/lospoliticosveracruz.com\/wp-content\/uploads\/2025\/12\/Logo-Nuevo-LOS-POLITICOS-1.jpg","contentUrl":"https:\/\/lospoliticosveracruz.com\/wp-content\/uploads\/2025\/12\/Logo-Nuevo-LOS-POLITICOS-1.jpg","width":260,"height":70,"caption":"Los pol\u00edticos Veracruz"},"image":{"@id":"https:\/\/lospoliticosveracruz.com\/#\/schema\/logo\/image\/"},"sameAs":["https:\/\/www.facebook.com\/people\/Notimemes-de-los-Polticos\/61565672886568\/","https:\/\/x.com\/LosPoliticosVer"]},{"@type":"Person","@id":"https:\/\/lospoliticosveracruz.com\/#\/schema\/person\/b8702bb0e538456e6efd07080bf2a4a2","name":"Lo viste en Los Pol\u00edticos","image":{"@type":"ImageObject","inLanguage":"es","@id":"https:\/\/secure.gravatar.com\/avatar\/3a8de04a2656d44082be478bd6c086daa447c4651605818287b9532d3d0bd435?s=96&d=mm&r=g","url":"https:\/\/secure.gravatar.com\/avatar\/3a8de04a2656d44082be478bd6c086daa447c4651605818287b9532d3d0bd435?s=96&d=mm&r=g","contentUrl":"https:\/\/secure.gravatar.com\/avatar\/3a8de04a2656d44082be478bd6c086daa447c4651605818287b9532d3d0bd435?s=96&d=mm&r=g","caption":"Lo viste en Los Pol\u00edticos"},"url":"https:\/\/lospoliticosveracruz.com\/?author=2"}]}},"_links":{"self":[{"href":"https:\/\/lospoliticosveracruz.com\/index.php?rest_route=\/wp\/v2\/posts\/12841","targetHints":{"allow":["GET"]}}],"collection":[{"href":"https:\/\/lospoliticosveracruz.com\/index.php?rest_route=\/wp\/v2\/posts"}],"about":[{"href":"https:\/\/lospoliticosveracruz.com\/index.php?rest_route=\/wp\/v2\/types\/post"}],"author":[{"embeddable":true,"href":"https:\/\/lospoliticosveracruz.com\/index.php?rest_route=\/wp\/v2\/users\/2"}],"replies":[{"embeddable":true,"href":"https:\/\/lospoliticosveracruz.com\/index.php?rest_route=%2Fwp%2Fv2%2Fcomments&post=12841"}],"version-history":[{"count":1,"href":"https:\/\/lospoliticosveracruz.com\/index.php?rest_route=\/wp\/v2\/posts\/12841\/revisions"}],"predecessor-version":[{"id":12843,"href":"https:\/\/lospoliticosveracruz.com\/index.php?rest_route=\/wp\/v2\/posts\/12841\/revisions\/12843"}],"wp:attachment":[{"href":"https:\/\/lospoliticosveracruz.com\/index.php?rest_route=%2Fwp%2Fv2%2Fmedia&parent=12841"}],"wp:term":[{"taxonomy":"category","embeddable":true,"href":"https:\/\/lospoliticosveracruz.com\/index.php?rest_route=%2Fwp%2Fv2%2Fcategories&post=12841"},{"taxonomy":"post_tag","embeddable":true,"href":"https:\/\/lospoliticosveracruz.com\/index.php?rest_route=%2Fwp%2Fv2%2Ftags&post=12841"}],"curies":[{"name":"wp","href":"https:\/\/api.w.org\/{rel}","templated":true}]}}