{"id":12844,"date":"2014-10-20T21:35:29","date_gmt":"2014-10-21T02:35:29","guid":{"rendered":"http:\/\/www.lospoliticosveracruz.com.mx\/?p=12844"},"modified":"2014-10-20T21:35:29","modified_gmt":"2014-10-21T02:35:29","slug":"epn-al-rescate-de-veracruz","status":"publish","type":"post","link":"https:\/\/lospoliticosveracruz.com\/?p=12844","title":{"rendered":"EPN al rescate de Veracruz"},"content":{"rendered":"<p><a href=\"http:\/\/www.lospoliticosveracruz.com.mx\/wp-content\/uploads\/2014\/10\/Javier-Duarte-Enrique-Pe\u00f1a.jpg\"><img loading=\"lazy\" decoding=\"async\" class=\"alignnone size-medium wp-image-12845\" src=\"http:\/\/www.lospoliticosveracruz.com.mx\/wp-content\/uploads\/2014\/10\/Javier-Duarte-Enrique-Pe\u00f1a-300x271.jpg\" alt=\"Javier-Duarte-Enrique-Pe\u00f1a\" width=\"300\" height=\"271\" \/><\/a><\/p>\n<p><strong>Marco Antonio Aguirre Rodr\u00edguez<\/strong><\/p>\n<p><em>M\u00edsticos y Terrenales<\/em><\/p>\n<p>&nbsp;<\/p>\n<p>Enrique Pe\u00f1a Nieto lleg\u00f3 a Veracruz para reconocer el trabajo que se desarrolla en el estado.<br \/>\nLa Secretar\u00eda de Desarrollo Social en la entidad incorpor\u00f3 ya a 400 familias a su programa Prospera\u00a0para la siembra de Stevia, la planta endulzante que se ha puesto de moda y cuyo cultivo se fomenta en M\u00e9xico.<br \/>\nPe\u00f1a Nieto lleg\u00f3 a M\u00e9xico por este programa y para entregar apoyos diversos de este programa.<br \/>\nEntonces a quien el Presidente reconoci\u00f3 fue a Rosario Robles Berlanga, la secretaria de Desarrollo Social, y a su delegado en la entidad, Marcelo Montiel, que fue quien realmente arm\u00f3 el trabajo.<br \/>\nPe\u00f1a Nieto est\u00e1 interesado en Veracruz m\u00e1s que nunca porque aqu\u00ed se juega su imagen internacional.<br \/>\nLa habilidad del exgobernador Fidel Herrera para conseguir que se celebrasen en el estado los Juegos Centroamericanos y la reuni\u00f3n de Jefes de Estado hace que el presidente Pe\u00f1a Nieto este m\u00e1s que interesado en la seguridad de Veracruz; desde el extranjero cualquier falla en alguno de esos eventos, no se ver\u00e1 como algo relativo al gobernador, si no que repercutir\u00e1 en el Presidente de la Rep\u00fablica.<br \/>\nSabe que Veracruz es una entidad que tiene un fuerte d\u00e9ficit en este rubro, a\u00fan cuando se implementa la llamada Fuerza Civil, que para nada proporciona m\u00e1s o mejores elementos, si no que tan s\u00f3lo reacomoda a los que ya est\u00e1n, en una divisi\u00f3n con otro nombre.<br \/>\nPor cierto, \u00bfpara qu\u00e9 quiere el gobernador Javier Duarte una fuerza policiaca especial si en Veracruz los mayores delitos que se cometen son el robo de frutsis y ping\u00fcinos?.<br \/>\nComo que las declaraciones del gobernador no corresponden con sus acciones.<br \/>\n\u00bfPorqu\u00e9 ser\u00e1?<br \/>\nPe\u00f1a Nieto dijo aqu\u00ed, en Veracruz, que busca poner orden y evitar \u201cque el crimen organizado se infiltre en las instituciones, sobre todo, encargadas de darle seguridad a las familias mexicanas\u201d.<br \/>\nDe hecho poco a poco empiezan a llegar fuerzas federales para retomar la vigilancia en el estado, sobre todo en los puntos donde se desarrollar\u00e1n los Juegos Centroamericanos.<br \/>\nYa de por si es una gran presi\u00f3n que el Parlamento Europeo discuta la situaci\u00f3n en Guerrero y que pidan anular los acuerdos comerciales de M\u00e9xico con los integrantes de la Uni\u00f3n Europea.<br \/>\n\u00bfSe imagina el esc\u00e1ndalo internacional si llegan a secuestrar a alguno de los integrantes de las delegaciones que vienen?. Vaya, tan s\u00f3lo el gran inconveniente diplom\u00e1tico si alguno de los miembros es asaltado en plena calle. \u00bfY qu\u00e9 ocurrir\u00eda con la imagen de Pe\u00f1a Nieto en el extranjero si alguno de ellos es asesinado?.<br \/>\nY Javier Duarte se cuelga de ese inter\u00e9s para buscar promocionarse.<br \/>\nPor eso el Comit\u00e9 organizador de los Juegos pidi\u00f3 que se le ampl\u00ede el presupuesto de difusi\u00f3n de 320 millones a 520 millones de pesos.<br \/>\nPero adem\u00e1s, \u00bfc\u00f3mo van a incrementar el presupuesto para difusi\u00f3n si tienen problemas financieros?.<br \/>\nLa mejor muestra es que este 20 de octubre los integrantes de la Uni\u00f3n de Transportistas de la CTM colocaron sus veh\u00edculos a las afueras de una de las instalaciones que se construyen para los Centroamericanos en protesta porque no se les paga desde mayo.<br \/>\nPor cierto, el llamado \u201cComplejo Omega\u201d es parte de las instalaciones que el 17 de octubre Gerardo Buganza dijo que ya estaban terminadas, pero resulta que estas siguen sin concluirse, al igual que la mayor\u00eda de los escenarios.<br \/>\nSi el gobierno del estado tiene 200 millones de pesos m\u00e1s para dedicar a la proyecci\u00f3n de imagen de Javier Duarte, \u00bfpor qu\u00e9 no se han cubierto deudas como la de los transportistas, a quienes se les debe s\u00f3lo un mill\u00f3n de pesos?.<br \/>\nPor cierto, si ya hay dinero para ejercerlo fuera de los medios informativos del gobierno del estado (principalmente en los que son parte del \u201ccirculo del poder\u201d) \u00bfporqu\u00e9 se mantiene el atraso con los hoteleros que deber\u00e1n alojar a las delegaciones que llegar\u00e1n?, \u00bfya se cubrieron todas las becas de los deportistas que participar\u00e1n en los Juegos?, \u00bflos sueldos del personal del Comit\u00e9 Organizador ya se cubren en los montos en que est\u00e1n presupuestados?.<br \/>\n\u00bfY de d\u00f3nde salieron esos 200 millones de pesos?.<br \/>\nEsa \u00faltima pregunta puede que no sea un misterio, porque a todos los ayuntamientos \u2013pero absolutamente a todos- al igual que a otras instancias que reciben participaciones federales, les est\u00e1n reteniendo \u2013para no decir quitando- estos recursos, los cuales la federaci\u00f3n ha entregado a tiempo y lo ha anunciado, para que no le acusen de ser quien se queda con el dinero.<br \/>\nPero ser\u00eda bueno que la Secretar\u00eda de Finanzas en un ejercicio de transparencia y para demostrar que esto de que se est\u00e1n quedando con las participaciones federales que no les corresponden, es pura mentira, mostrase los documentos que comprueban lo recibido y lo entregado y las fechas correspondientes.<br \/>\n\u00bfO no?.<br \/>\nLos terrenales queremos transparencia y orden.<br \/>\nLos m\u00edsticos del estado, el que se considera el gran m\u00edstico de Veracruz, s\u00f3lo quiere que se hable bien de su persona, pero \u00bfqu\u00e9 ha hecho de bueno para ello?.<\/p>\n","protected":false},"excerpt":{"rendered":"<p>Marco Antonio Aguirre Rodr\u00edguez M\u00edsticos y Terrenales &nbsp; Enrique Pe\u00f1a Nieto lleg\u00f3 a Veracruz para reconocer el trabajo que se desarrolla en el estado. La Secretar\u00eda de Desarrollo Social en la entidad incorpor\u00f3 ya a 400 familias a su programa Prospera\u00a0para la siembra de Stevia, la planta endulzante que se ha puesto de moda y [&hellip;]<\/p>\n","protected":false},"author":2,"featured_media":0,"comment_status":"open","ping_status":"open","sticky":false,"template":"","format":"standard","meta":{"tdm_status":"","tdm_grid_status":"","footnotes":""},"categories":[70],"tags":[448,281,79,446,447,92,200],"class_list":{"0":"post-12844","1":"post","2":"type-post","3":"status-publish","4":"format-standard","6":"category-de-opinion","7":"tag-complejo-omega","8":"tag-enrique-pena-nieto","9":"tag-fidel-herrera","10":"tag-fuerza-civil-veracruz","11":"tag-gerardo-buganza","12":"tag-guerrero","13":"tag-juegos-centroamericanos"},"yoast_head":"<!-- This site is optimized with the Yoast SEO plugin v27.4 - https:\/\/yoast.com\/product\/yoast-seo-wordpress\/ -->\n<title>EPN al rescate de Veracruz - Los pol\u00edticos Veracruz<\/title>\n<meta name=\"robots\" content=\"index, follow, max-snippet:-1, max-image-preview:large, max-video-preview:-1\" \/>\n<link rel=\"canonical\" href=\"https:\/\/lospoliticosveracruz.com\/?p=12844\" \/>\n<meta property=\"og:locale\" content=\"es_ES\" \/>\n<meta property=\"og:type\" content=\"article\" \/>\n<meta property=\"og:title\" content=\"EPN al rescate de Veracruz - Los pol\u00edticos Veracruz\" \/>\n<meta property=\"og:description\" content=\"Marco Antonio Aguirre Rodr\u00edguez M\u00edsticos y Terrenales &nbsp; Enrique Pe\u00f1a Nieto lleg\u00f3 a Veracruz para reconocer el trabajo que se desarrolla en el estado. La Secretar\u00eda de Desarrollo Social en la entidad incorpor\u00f3 ya a 400 familias a su programa Prospera\u00a0para la siembra de Stevia, la planta endulzante que se ha puesto de moda y [&hellip;]\" \/>\n<meta property=\"og:url\" content=\"https:\/\/lospoliticosveracruz.com\/?p=12844\" \/>\n<meta property=\"og:site_name\" content=\"Los pol\u00edticos Veracruz\" \/>\n<meta property=\"article:publisher\" content=\"https:\/\/www.facebook.com\/people\/Notimemes-de-los-Polticos\/61565672886568\/\" \/>\n<meta property=\"article:published_time\" content=\"2014-10-21T02:35:29+00:00\" \/>\n<meta property=\"og:image\" content=\"https:\/\/lospoliticosveracruz.com\/wp-content\/uploads\/2016\/07\/Logo-Dor.jpg\" \/>\n\t<meta property=\"og:image:width\" content=\"200\" \/>\n\t<meta property=\"og:image:height\" content=\"200\" \/>\n\t<meta property=\"og:image:type\" content=\"image\/jpeg\" \/>\n<meta name=\"author\" content=\"Lo viste en Los Pol\u00edticos\" \/>\n<meta name=\"twitter:card\" content=\"summary_large_image\" \/>\n<meta name=\"twitter:creator\" content=\"@LosPoliticosVer\" \/>\n<meta name=\"twitter:site\" content=\"@LosPoliticosVer\" \/>\n<meta name=\"twitter:label1\" content=\"Escrito por\" \/>\n\t<meta name=\"twitter:data1\" content=\"Lo viste en Los Pol\u00edticos\" \/>\n\t<meta name=\"twitter:label2\" content=\"Tiempo de lectura\" \/>\n\t<meta name=\"twitter:data2\" content=\"4 minutos\" \/>\n<script type=\"application\/ld+json\" class=\"yoast-schema-graph\">{\"@context\":\"https:\\\/\\\/schema.org\",\"@graph\":[{\"@type\":\"Article\",\"@id\":\"https:\\\/\\\/lospoliticosveracruz.com\\\/?p=12844#article\",\"isPartOf\":{\"@id\":\"https:\\\/\\\/lospoliticosveracruz.com\\\/?p=12844\"},\"author\":{\"name\":\"Lo viste en Los Pol\u00edticos\",\"@id\":\"https:\\\/\\\/lospoliticosveracruz.com\\\/#\\\/schema\\\/person\\\/b8702bb0e538456e6efd07080bf2a4a2\"},\"headline\":\"EPN al rescate de Veracruz\",\"datePublished\":\"2014-10-21T02:35:29+00:00\",\"mainEntityOfPage\":{\"@id\":\"https:\\\/\\\/lospoliticosveracruz.com\\\/?p=12844\"},\"wordCount\":890,\"commentCount\":0,\"publisher\":{\"@id\":\"https:\\\/\\\/lospoliticosveracruz.com\\\/#organization\"},\"keywords\":[\"Complejo Omega\",\"Enrique Pe\u00f1a Nieto\",\"Fidel Herrera\",\"Fuerza Civil Veracruz\",\"Gerardo Buganza\",\"Guerrero\",\"Juegos Centroamericanos\"],\"articleSection\":[\"De Opini\u00f3n\"],\"inLanguage\":\"es\",\"potentialAction\":[{\"@type\":\"CommentAction\",\"name\":\"Comment\",\"target\":[\"https:\\\/\\\/lospoliticosveracruz.com\\\/?p=12844#respond\"]}]},{\"@type\":\"WebPage\",\"@id\":\"https:\\\/\\\/lospoliticosveracruz.com\\\/?p=12844\",\"url\":\"https:\\\/\\\/lospoliticosveracruz.com\\\/?p=12844\",\"name\":\"EPN al rescate de Veracruz - Los pol\u00edticos Veracruz\",\"isPartOf\":{\"@id\":\"https:\\\/\\\/lospoliticosveracruz.com\\\/#website\"},\"datePublished\":\"2014-10-21T02:35:29+00:00\",\"breadcrumb\":{\"@id\":\"https:\\\/\\\/lospoliticosveracruz.com\\\/?p=12844#breadcrumb\"},\"inLanguage\":\"es\",\"potentialAction\":[{\"@type\":\"ReadAction\",\"target\":[\"https:\\\/\\\/lospoliticosveracruz.com\\\/?p=12844\"]}]},{\"@type\":\"BreadcrumbList\",\"@id\":\"https:\\\/\\\/lospoliticosveracruz.com\\\/?p=12844#breadcrumb\",\"itemListElement\":[{\"@type\":\"ListItem\",\"position\":1,\"name\":\"Portada\",\"item\":\"https:\\\/\\\/lospoliticosveracruz.com\\\/\"},{\"@type\":\"ListItem\",\"position\":2,\"name\":\"EPN al rescate de Veracruz\"}]},{\"@type\":\"WebSite\",\"@id\":\"https:\\\/\\\/lospoliticosveracruz.com\\\/#website\",\"url\":\"https:\\\/\\\/lospoliticosveracruz.com\\\/\",\"name\":\"Los pol\u00edticos Veracruz\",\"description\":\"\",\"publisher\":{\"@id\":\"https:\\\/\\\/lospoliticosveracruz.com\\\/#organization\"},\"potentialAction\":[{\"@type\":\"SearchAction\",\"target\":{\"@type\":\"EntryPoint\",\"urlTemplate\":\"https:\\\/\\\/lospoliticosveracruz.com\\\/?s={search_term_string}\"},\"query-input\":{\"@type\":\"PropertyValueSpecification\",\"valueRequired\":true,\"valueName\":\"search_term_string\"}}],\"inLanguage\":\"es\"},{\"@type\":\"Organization\",\"@id\":\"https:\\\/\\\/lospoliticosveracruz.com\\\/#organization\",\"name\":\"Los pol\u00edticos Veracruz\",\"url\":\"https:\\\/\\\/lospoliticosveracruz.com\\\/\",\"logo\":{\"@type\":\"ImageObject\",\"inLanguage\":\"es\",\"@id\":\"https:\\\/\\\/lospoliticosveracruz.com\\\/#\\\/schema\\\/logo\\\/image\\\/\",\"url\":\"https:\\\/\\\/lospoliticosveracruz.com\\\/wp-content\\\/uploads\\\/2025\\\/12\\\/Logo-Nuevo-LOS-POLITICOS-1.jpg\",\"contentUrl\":\"https:\\\/\\\/lospoliticosveracruz.com\\\/wp-content\\\/uploads\\\/2025\\\/12\\\/Logo-Nuevo-LOS-POLITICOS-1.jpg\",\"width\":260,\"height\":70,\"caption\":\"Los pol\u00edticos Veracruz\"},\"image\":{\"@id\":\"https:\\\/\\\/lospoliticosveracruz.com\\\/#\\\/schema\\\/logo\\\/image\\\/\"},\"sameAs\":[\"https:\\\/\\\/www.facebook.com\\\/people\\\/Notimemes-de-los-Polticos\\\/61565672886568\\\/\",\"https:\\\/\\\/x.com\\\/LosPoliticosVer\"]},{\"@type\":\"Person\",\"@id\":\"https:\\\/\\\/lospoliticosveracruz.com\\\/#\\\/schema\\\/person\\\/b8702bb0e538456e6efd07080bf2a4a2\",\"name\":\"Lo viste en Los Pol\u00edticos\",\"image\":{\"@type\":\"ImageObject\",\"inLanguage\":\"es\",\"@id\":\"https:\\\/\\\/secure.gravatar.com\\\/avatar\\\/3a8de04a2656d44082be478bd6c086daa447c4651605818287b9532d3d0bd435?s=96&d=mm&r=g\",\"url\":\"https:\\\/\\\/secure.gravatar.com\\\/avatar\\\/3a8de04a2656d44082be478bd6c086daa447c4651605818287b9532d3d0bd435?s=96&d=mm&r=g\",\"contentUrl\":\"https:\\\/\\\/secure.gravatar.com\\\/avatar\\\/3a8de04a2656d44082be478bd6c086daa447c4651605818287b9532d3d0bd435?s=96&d=mm&r=g\",\"caption\":\"Lo viste en Los Pol\u00edticos\"},\"url\":\"https:\\\/\\\/lospoliticosveracruz.com\\\/?author=2\"}]}<\/script>\n<!-- \/ Yoast SEO plugin. -->","yoast_head_json":{"title":"EPN al rescate de Veracruz - Los pol\u00edticos Veracruz","robots":{"index":"index","follow":"follow","max-snippet":"max-snippet:-1","max-image-preview":"max-image-preview:large","max-video-preview":"max-video-preview:-1"},"canonical":"https:\/\/lospoliticosveracruz.com\/?p=12844","og_locale":"es_ES","og_type":"article","og_title":"EPN al rescate de Veracruz - Los pol\u00edticos Veracruz","og_description":"Marco Antonio Aguirre Rodr\u00edguez M\u00edsticos y Terrenales &nbsp; Enrique Pe\u00f1a Nieto lleg\u00f3 a Veracruz para reconocer el trabajo que se desarrolla en el estado. La Secretar\u00eda de Desarrollo Social en la entidad incorpor\u00f3 ya a 400 familias a su programa Prospera\u00a0para la siembra de Stevia, la planta endulzante que se ha puesto de moda y [&hellip;]","og_url":"https:\/\/lospoliticosveracruz.com\/?p=12844","og_site_name":"Los pol\u00edticos Veracruz","article_publisher":"https:\/\/www.facebook.com\/people\/Notimemes-de-los-Polticos\/61565672886568\/","article_published_time":"2014-10-21T02:35:29+00:00","og_image":[{"width":200,"height":200,"url":"https:\/\/lospoliticosveracruz.com\/wp-content\/uploads\/2016\/07\/Logo-Dor.jpg","type":"image\/jpeg"}],"author":"Lo viste en Los Pol\u00edticos","twitter_card":"summary_large_image","twitter_creator":"@LosPoliticosVer","twitter_site":"@LosPoliticosVer","twitter_misc":{"Escrito por":"Lo viste en Los Pol\u00edticos","Tiempo de lectura":"4 minutos"},"schema":{"@context":"https:\/\/schema.org","@graph":[{"@type":"Article","@id":"https:\/\/lospoliticosveracruz.com\/?p=12844#article","isPartOf":{"@id":"https:\/\/lospoliticosveracruz.com\/?p=12844"},"author":{"name":"Lo viste en Los Pol\u00edticos","@id":"https:\/\/lospoliticosveracruz.com\/#\/schema\/person\/b8702bb0e538456e6efd07080bf2a4a2"},"headline":"EPN al rescate de Veracruz","datePublished":"2014-10-21T02:35:29+00:00","mainEntityOfPage":{"@id":"https:\/\/lospoliticosveracruz.com\/?p=12844"},"wordCount":890,"commentCount":0,"publisher":{"@id":"https:\/\/lospoliticosveracruz.com\/#organization"},"keywords":["Complejo Omega","Enrique Pe\u00f1a Nieto","Fidel Herrera","Fuerza Civil Veracruz","Gerardo Buganza","Guerrero","Juegos Centroamericanos"],"articleSection":["De Opini\u00f3n"],"inLanguage":"es","potentialAction":[{"@type":"CommentAction","name":"Comment","target":["https:\/\/lospoliticosveracruz.com\/?p=12844#respond"]}]},{"@type":"WebPage","@id":"https:\/\/lospoliticosveracruz.com\/?p=12844","url":"https:\/\/lospoliticosveracruz.com\/?p=12844","name":"EPN al rescate de Veracruz - Los pol\u00edticos Veracruz","isPartOf":{"@id":"https:\/\/lospoliticosveracruz.com\/#website"},"datePublished":"2014-10-21T02:35:29+00:00","breadcrumb":{"@id":"https:\/\/lospoliticosveracruz.com\/?p=12844#breadcrumb"},"inLanguage":"es","potentialAction":[{"@type":"ReadAction","target":["https:\/\/lospoliticosveracruz.com\/?p=12844"]}]},{"@type":"BreadcrumbList","@id":"https:\/\/lospoliticosveracruz.com\/?p=12844#breadcrumb","itemListElement":[{"@type":"ListItem","position":1,"name":"Portada","item":"https:\/\/lospoliticosveracruz.com\/"},{"@type":"ListItem","position":2,"name":"EPN al rescate de Veracruz"}]},{"@type":"WebSite","@id":"https:\/\/lospoliticosveracruz.com\/#website","url":"https:\/\/lospoliticosveracruz.com\/","name":"Los pol\u00edticos Veracruz","description":"","publisher":{"@id":"https:\/\/lospoliticosveracruz.com\/#organization"},"potentialAction":[{"@type":"SearchAction","target":{"@type":"EntryPoint","urlTemplate":"https:\/\/lospoliticosveracruz.com\/?s={search_term_string}"},"query-input":{"@type":"PropertyValueSpecification","valueRequired":true,"valueName":"search_term_string"}}],"inLanguage":"es"},{"@type":"Organization","@id":"https:\/\/lospoliticosveracruz.com\/#organization","name":"Los pol\u00edticos Veracruz","url":"https:\/\/lospoliticosveracruz.com\/","logo":{"@type":"ImageObject","inLanguage":"es","@id":"https:\/\/lospoliticosveracruz.com\/#\/schema\/logo\/image\/","url":"https:\/\/lospoliticosveracruz.com\/wp-content\/uploads\/2025\/12\/Logo-Nuevo-LOS-POLITICOS-1.jpg","contentUrl":"https:\/\/lospoliticosveracruz.com\/wp-content\/uploads\/2025\/12\/Logo-Nuevo-LOS-POLITICOS-1.jpg","width":260,"height":70,"caption":"Los pol\u00edticos Veracruz"},"image":{"@id":"https:\/\/lospoliticosveracruz.com\/#\/schema\/logo\/image\/"},"sameAs":["https:\/\/www.facebook.com\/people\/Notimemes-de-los-Polticos\/61565672886568\/","https:\/\/x.com\/LosPoliticosVer"]},{"@type":"Person","@id":"https:\/\/lospoliticosveracruz.com\/#\/schema\/person\/b8702bb0e538456e6efd07080bf2a4a2","name":"Lo viste en Los Pol\u00edticos","image":{"@type":"ImageObject","inLanguage":"es","@id":"https:\/\/secure.gravatar.com\/avatar\/3a8de04a2656d44082be478bd6c086daa447c4651605818287b9532d3d0bd435?s=96&d=mm&r=g","url":"https:\/\/secure.gravatar.com\/avatar\/3a8de04a2656d44082be478bd6c086daa447c4651605818287b9532d3d0bd435?s=96&d=mm&r=g","contentUrl":"https:\/\/secure.gravatar.com\/avatar\/3a8de04a2656d44082be478bd6c086daa447c4651605818287b9532d3d0bd435?s=96&d=mm&r=g","caption":"Lo viste en Los Pol\u00edticos"},"url":"https:\/\/lospoliticosveracruz.com\/?author=2"}]}},"_links":{"self":[{"href":"https:\/\/lospoliticosveracruz.com\/index.php?rest_route=\/wp\/v2\/posts\/12844","targetHints":{"allow":["GET"]}}],"collection":[{"href":"https:\/\/lospoliticosveracruz.com\/index.php?rest_route=\/wp\/v2\/posts"}],"about":[{"href":"https:\/\/lospoliticosveracruz.com\/index.php?rest_route=\/wp\/v2\/types\/post"}],"author":[{"embeddable":true,"href":"https:\/\/lospoliticosveracruz.com\/index.php?rest_route=\/wp\/v2\/users\/2"}],"replies":[{"embeddable":true,"href":"https:\/\/lospoliticosveracruz.com\/index.php?rest_route=%2Fwp%2Fv2%2Fcomments&post=12844"}],"version-history":[{"count":1,"href":"https:\/\/lospoliticosveracruz.com\/index.php?rest_route=\/wp\/v2\/posts\/12844\/revisions"}],"predecessor-version":[{"id":12846,"href":"https:\/\/lospoliticosveracruz.com\/index.php?rest_route=\/wp\/v2\/posts\/12844\/revisions\/12846"}],"wp:attachment":[{"href":"https:\/\/lospoliticosveracruz.com\/index.php?rest_route=%2Fwp%2Fv2%2Fmedia&parent=12844"}],"wp:term":[{"taxonomy":"category","embeddable":true,"href":"https:\/\/lospoliticosveracruz.com\/index.php?rest_route=%2Fwp%2Fv2%2Fcategories&post=12844"},{"taxonomy":"post_tag","embeddable":true,"href":"https:\/\/lospoliticosveracruz.com\/index.php?rest_route=%2Fwp%2Fv2%2Ftags&post=12844"}],"curies":[{"name":"wp","href":"https:\/\/api.w.org\/{rel}","templated":true}]}}