{"id":128445,"date":"2024-08-08T06:31:54","date_gmt":"2024-08-08T11:31:54","guid":{"rendered":"https:\/\/lospoliticosveracruz.com.mx\/?p=128445"},"modified":"2024-08-08T09:01:18","modified_gmt":"2024-08-08T14:01:18","slug":"se-le-cayo-a-cuitlahuac","status":"publish","type":"post","link":"https:\/\/lospoliticosveracruz.com\/?p=128445","title":{"rendered":"\u00bfSE LE CAY\u00d3 A CUITL\u00c1HUAC?"},"content":{"rendered":"\n<p><strong>Ricardo Chua<\/strong><\/p>\n\n\n\n<p><em>Sale y Vale<\/em><\/p>\n\n\n\n<p>EXCLUSIVA.. Se menciona alrededor del c\u00edrculo de poder de Claudia Shienbaum en CDMX y tambi\u00e9n dentro de su equipo de transici\u00f3n Presidencial.. Que todo parece indicar que en las \u00faltimas horas de ayer por la tarde.. La posible integraci\u00f3n del gobernador de Veracruz, Cuitl\u00e1huac Garc\u00eda Jim\u00e9nez, al futuro gabinete ampliado de la Presidenta Electa, como titular de la Comisi\u00f3n Federal de Electricidad (CFE).. SE LE HAB\u00cdA \u00abCA\u00cdDO\u00bb..<\/p>\n\n\n\n<figure class=\"wp-block-image size-large\"><a href=\"https:\/\/lospoliticosveracruz.com.mx\/wp-content\/uploads\/2016\/07\/Seguro-Julio-Cerecedo-2.jpg\"><img decoding=\"async\" src=\"https:\/\/lospoliticosveracruz.com.mx\/wp-content\/uploads\/2016\/07\/Seguro-Julio-Cerecedo-2-1024x381.jpg\" alt=\"\" class=\"wp-image-105879\"\/><\/a><\/figure>\n\n\n\n<p>Informaci\u00f3n que proviene de la capital del pa\u00eds.. Se\u00f1ala que las presiones pol\u00edticas de grupos de poder al interior de Palacio Nacional, que domina Andr\u00e9s Manuel L\u00f3pez Obrador, hicieron valer su fuerza para que este nombramiento de Cuitl\u00e1huac Garc\u00eda en CFE.. Se \u00abechara para atr\u00e1s\u00bb.. Y que en este sitio, se quede de nuevo el famoso pol\u00edtico ex priista y \u00abdinosaurio\u00bb sexenal, Manuel Bartlett D\u00edaz.. El xalape\u00f1o es prescindible en este momento para la Presidenta Electa.. Y por movimiento no le quedar\u00e1 de otra m\u00e1s que \u00abaguantar\u00bb.. ABROONNN<\/p>\n\n\n\n<p>Ya que al quedarse Manuel Barlett al interior del futuro gabinete federal.. Lo \u00abprotegen\u00bb de los se\u00f1alamientos pol\u00edticos y medi\u00e1ticos de las inversiones que est\u00e1 haciendo en la zona donde pasa el Tren Maya.. Y cuya adquisici\u00f3n no ha quedado muy clara.. A pesar de que L\u00f3pez Obrador desestim\u00f3 esta situaci\u00f3n que public\u00f3 \u00abProceso\u00bb y \u00abReforma\u00bb.. Es un hecho que Barlett prefiere quedar \u00abprotegido\u00bb dentro del gobierno de lo que viene cuando se vaya AMLO y se quede Claudia.. Las cosas pueden cambiar..<\/p>\n\n\n\n<p>Motivo por el cual, los grupos de poder al interior de Palacio Nacional que tienen intereses en conjunto con Manuel Bartlett han decidido que mejor permanezca dentro del futuro gabinete federal.. Y as\u00ed no hay un \u00absusto\u00bb para nadie en meses posteriores cuando Andr\u00e9s Manuel, ya no sea el Presidente.. Por esa situaci\u00f3n, presuntamente el \u00absacrificado\u00bb ser\u00eda Cuitl\u00e1huac Garc\u00eda, que ya sus allegados en Veracruz.. Ya lo ve\u00edan y lo publicitan como futuro director de CFE.. ABROOONN DE NUEVO..<\/p>\n\n\n\n<p>Pero OJO eso no significa que Garc\u00eda Jim\u00e9nez quede fuera del \u00abpara\u00edso terrenal\u00bb que ser\u00e1 el gobierno de Claudia Sheinbaum.. Simplemente que este REACOMODO de cargos.. Le puede tocar otra dependencia, quiz\u00e1s, no tan fuerte como CFE.. Pero al menos seguir\u00eda como funcionario federal.. De esa manera, su amiga y aliada, la Presidenta Electa le cumplir\u00eda la palabra de llev\u00e1rselo a la CDMX a su gabinete.. Ya donde le toque es otra \u00abcanci\u00f3n\u00bb.. Bien dice el dicho: \u00abDel plato a la boca.. se cae la..\u00bb.. EL QUE ENTENDI\u00d3, ENTENDI\u00d3..<\/p>\n\n\n\n<p>MC EN VERACRUZ, DEMANDAS POR NO PAGAR.. Apenas acaba de pasar el proceso electoral local y federal en Veracruz.. Donde el partido \u00abMovimiento Ciudadano\u00bb alcanz\u00f3 una votaci\u00f3n hist\u00f3rica que le permitir\u00e1 seguir manejando un buen presupuesto econ\u00f3mico con las prerrogativas que le otorgue el OPLE, por lo votos alcanzados en esta elecci\u00f3n, donde tendr\u00e1n 3 diputados locales.. Uno m\u00e1s que el PRI y que eso los pone en el cuarto sitio como partido m\u00e1s votado en la entidad.. Pero pese a eso.. Los problemas econ\u00f3micos y deudas \u00abahorcan\u00bb a MC..<\/p>\n\n\n\n<p>Ya que resulta que al partido de Dante Delgado en Veracruz.. Muchos proveedores que le PRESTARON sus servicios para la campa\u00f1a a gobernador de Hip\u00f3lito Deschamps.. Al senado con Dante Delgado Morales y en los 30 distritos electorales con sus candidatos a diputados locales, a petici\u00f3n y por contrato de este partido pol\u00edtico.. Resulta que a m\u00e1s de DOS MESES que pas\u00f3 la elecci\u00f3n del 2 de junio aun NO LES PAGAN.. Y eso trae molesto a un personaje muy poderoso en la entidad que los apoy\u00f3 en la prestaci\u00f3n de servicios..<\/p>\n\n\n\n<p>Ahora debido a que MC est\u00e1 considerado como \u00abmala paga\u00bb en Veracruz.. Este personaje est\u00e1 exigiendo a los proveedores que ayud\u00f3.. Que apresuren el pago por parte de MC o que presenten las demandas correspondientes.. Vaya esc\u00e1ndalo.. Ya que son varios los empresarios que ofrecieron alg\u00fan tipo de servicio y proveedur\u00eda a Movimiento Ciudadano en Veracruz, pues, hasta el momento no ven reflejados estos saldos pendientes en sus cuentas empresariales.. Y la presi\u00f3n es demasiada.<\/p>\n\n\n\n<p>Obvio es que la desesperaci\u00f3n lleg\u00f3 a sus empresas porque han pasado m\u00e1s de 60 d\u00edas de que terminaron las elecciones y, pues, es hora de que el partido, no hace frente a sus compromisos pendientes que contrajeron en la pasada campa\u00f1a.. Estos empresarios y comerciantes comentan que desconocen si los dirigentes nacional y estatal de MC.. Est\u00e1n enterados de estos pendientes de solventar, pues los trabajos los solicitaron personal de \u00abmedio pelo\u00bb.. Pero de confianza de Dante Delgado.. Ah\u00ed es donde se deriva el problema..<\/p>\n\n\n\n<p>Motivo por el cual, dice \u00abGarganta Profunda\u00bb que a estos comerciantes no les queda de otra.. Que alzar la voz o proceder de manera legal para que el partido y personal administrativo, que ya tiene las facturas de lo que cost\u00f3 hacer todo el trabajo de campa\u00f1a, les sean solventados.. Al final, ellos lo que quieren es que les paguen.. Ya que el monto de su adeudo es algo abultado.. Falta que MC ahora se destaque por no pagar.. Si tuvo y tiene candidatos \u00abforrados\u00bb de $$.. Que no jodan al empresariado.. Es dinero del partido, no de ellos.. AMEN..<\/p>\n","protected":false},"excerpt":{"rendered":"<p>Ricardo Chua Sale y Vale EXCLUSIVA.. Se menciona alrededor del c\u00edrculo de poder de Claudia Shienbaum en CDMX y tambi\u00e9n dentro de su equipo de transici\u00f3n Presidencial.. Que todo parece indicar que en las \u00faltimas horas de ayer por la tarde.. La posible integraci\u00f3n del gobernador de Veracruz, Cuitl\u00e1huac Garc\u00eda Jim\u00e9nez, al futuro gabinete ampliado [&hellip;]<\/p>\n","protected":false},"author":2,"featured_media":119817,"comment_status":"closed","ping_status":"closed","sticky":false,"template":"","format":"standard","meta":{"tdm_status":"","tdm_grid_status":"","footnotes":""},"categories":[70],"tags":[9627,1563,12040,1026,2327,195],"class_list":{"0":"post-128445","1":"post","2":"type-post","3":"status-publish","4":"format-standard","5":"has-post-thumbnail","7":"category-de-opinion","8":"tag-claudia-sheinbaum","9":"tag-cuitlahuac-garcia-jimenez","10":"tag-manuel-bartlett","11":"tag-morena","12":"tag-movimiento-ciudadano","13":"tag-veracruz"},"yoast_head":"<!-- This site is optimized with the Yoast SEO plugin v27.4 - https:\/\/yoast.com\/product\/yoast-seo-wordpress\/ -->\n<title>\u00bfSE LE CAY\u00d3 A CUITL\u00c1HUAC? - Los pol\u00edticos Veracruz<\/title>\n<meta name=\"robots\" content=\"index, follow, max-snippet:-1, max-image-preview:large, max-video-preview:-1\" \/>\n<link rel=\"canonical\" href=\"https:\/\/lospoliticosveracruz.com\/?p=128445\" \/>\n<meta property=\"og:locale\" content=\"es_ES\" \/>\n<meta property=\"og:type\" content=\"article\" \/>\n<meta property=\"og:title\" content=\"\u00bfSE LE CAY\u00d3 A CUITL\u00c1HUAC? - Los pol\u00edticos Veracruz\" \/>\n<meta property=\"og:description\" content=\"Ricardo Chua Sale y Vale EXCLUSIVA.. Se menciona alrededor del c\u00edrculo de poder de Claudia Shienbaum en CDMX y tambi\u00e9n dentro de su equipo de transici\u00f3n Presidencial.. Que todo parece indicar que en las \u00faltimas horas de ayer por la tarde.. La posible integraci\u00f3n del gobernador de Veracruz, Cuitl\u00e1huac Garc\u00eda Jim\u00e9nez, al futuro gabinete ampliado [&hellip;]\" \/>\n<meta property=\"og:url\" content=\"https:\/\/lospoliticosveracruz.com\/?p=128445\" \/>\n<meta property=\"og:site_name\" content=\"Los pol\u00edticos Veracruz\" \/>\n<meta property=\"article:publisher\" content=\"https:\/\/www.facebook.com\/people\/Notimemes-de-los-Polticos\/61565672886568\/\" \/>\n<meta property=\"article:published_time\" content=\"2024-08-08T11:31:54+00:00\" \/>\n<meta property=\"article:modified_time\" content=\"2024-08-08T14:01:18+00:00\" \/>\n<meta property=\"og:image\" content=\"https:\/\/lospoliticosveracruz.com\/wp-content\/uploads\/2024\/03\/Ricardo-Chua.jpg\" \/>\n\t<meta property=\"og:image:width\" content=\"1250\" \/>\n\t<meta property=\"og:image:height\" content=\"667\" \/>\n\t<meta property=\"og:image:type\" content=\"image\/jpeg\" \/>\n<meta name=\"author\" content=\"Lo viste en Los Pol\u00edticos\" \/>\n<meta name=\"twitter:card\" content=\"summary_large_image\" \/>\n<meta name=\"twitter:creator\" content=\"@LosPoliticosVer\" \/>\n<meta name=\"twitter:site\" content=\"@LosPoliticosVer\" \/>\n<meta name=\"twitter:label1\" content=\"Escrito por\" \/>\n\t<meta name=\"twitter:data1\" content=\"Lo viste en Los Pol\u00edticos\" \/>\n\t<meta name=\"twitter:label2\" content=\"Tiempo de lectura\" \/>\n\t<meta name=\"twitter:data2\" content=\"5 minutos\" \/>\n<script type=\"application\/ld+json\" class=\"yoast-schema-graph\">{\"@context\":\"https:\\\/\\\/schema.org\",\"@graph\":[{\"@type\":\"Article\",\"@id\":\"https:\\\/\\\/lospoliticosveracruz.com\\\/?p=128445#article\",\"isPartOf\":{\"@id\":\"https:\\\/\\\/lospoliticosveracruz.com\\\/?p=128445\"},\"author\":{\"name\":\"Lo viste en Los Pol\u00edticos\",\"@id\":\"https:\\\/\\\/lospoliticosveracruz.com\\\/#\\\/schema\\\/person\\\/b8702bb0e538456e6efd07080bf2a4a2\"},\"headline\":\"\u00bfSE LE CAY\u00d3 A CUITL\u00c1HUAC?\",\"datePublished\":\"2024-08-08T11:31:54+00:00\",\"dateModified\":\"2024-08-08T14:01:18+00:00\",\"mainEntityOfPage\":{\"@id\":\"https:\\\/\\\/lospoliticosveracruz.com\\\/?p=128445\"},\"wordCount\":923,\"publisher\":{\"@id\":\"https:\\\/\\\/lospoliticosveracruz.com\\\/#organization\"},\"image\":{\"@id\":\"https:\\\/\\\/lospoliticosveracruz.com\\\/?p=128445#primaryimage\"},\"thumbnailUrl\":\"https:\\\/\\\/lospoliticosveracruz.com\\\/wp-content\\\/uploads\\\/2024\\\/03\\\/Ricardo-Chua.jpg\",\"keywords\":[\"Claudia Sheinbaum\",\"Cuitl\u00e1huac Garc\u00eda Jim\u00e9nez\",\"Manuel Bartlett\",\"Morena\",\"Movimiento Ciudadano\",\"Veracruz\"],\"articleSection\":[\"De Opini\u00f3n\"],\"inLanguage\":\"es\"},{\"@type\":\"WebPage\",\"@id\":\"https:\\\/\\\/lospoliticosveracruz.com\\\/?p=128445\",\"url\":\"https:\\\/\\\/lospoliticosveracruz.com\\\/?p=128445\",\"name\":\"\u00bfSE LE CAY\u00d3 A CUITL\u00c1HUAC? - Los pol\u00edticos Veracruz\",\"isPartOf\":{\"@id\":\"https:\\\/\\\/lospoliticosveracruz.com\\\/#website\"},\"primaryImageOfPage\":{\"@id\":\"https:\\\/\\\/lospoliticosveracruz.com\\\/?p=128445#primaryimage\"},\"image\":{\"@id\":\"https:\\\/\\\/lospoliticosveracruz.com\\\/?p=128445#primaryimage\"},\"thumbnailUrl\":\"https:\\\/\\\/lospoliticosveracruz.com\\\/wp-content\\\/uploads\\\/2024\\\/03\\\/Ricardo-Chua.jpg\",\"datePublished\":\"2024-08-08T11:31:54+00:00\",\"dateModified\":\"2024-08-08T14:01:18+00:00\",\"breadcrumb\":{\"@id\":\"https:\\\/\\\/lospoliticosveracruz.com\\\/?p=128445#breadcrumb\"},\"inLanguage\":\"es\",\"potentialAction\":[{\"@type\":\"ReadAction\",\"target\":[\"https:\\\/\\\/lospoliticosveracruz.com\\\/?p=128445\"]}]},{\"@type\":\"ImageObject\",\"inLanguage\":\"es\",\"@id\":\"https:\\\/\\\/lospoliticosveracruz.com\\\/?p=128445#primaryimage\",\"url\":\"https:\\\/\\\/lospoliticosveracruz.com\\\/wp-content\\\/uploads\\\/2024\\\/03\\\/Ricardo-Chua.jpg\",\"contentUrl\":\"https:\\\/\\\/lospoliticosveracruz.com\\\/wp-content\\\/uploads\\\/2024\\\/03\\\/Ricardo-Chua.jpg\",\"width\":1250,\"height\":667},{\"@type\":\"BreadcrumbList\",\"@id\":\"https:\\\/\\\/lospoliticosveracruz.com\\\/?p=128445#breadcrumb\",\"itemListElement\":[{\"@type\":\"ListItem\",\"position\":1,\"name\":\"Portada\",\"item\":\"https:\\\/\\\/lospoliticosveracruz.com\\\/\"},{\"@type\":\"ListItem\",\"position\":2,\"name\":\"\u00bfSE LE CAY\u00d3 A CUITL\u00c1HUAC?\"}]},{\"@type\":\"WebSite\",\"@id\":\"https:\\\/\\\/lospoliticosveracruz.com\\\/#website\",\"url\":\"https:\\\/\\\/lospoliticosveracruz.com\\\/\",\"name\":\"Los pol\u00edticos Veracruz\",\"description\":\"\",\"publisher\":{\"@id\":\"https:\\\/\\\/lospoliticosveracruz.com\\\/#organization\"},\"potentialAction\":[{\"@type\":\"SearchAction\",\"target\":{\"@type\":\"EntryPoint\",\"urlTemplate\":\"https:\\\/\\\/lospoliticosveracruz.com\\\/?s={search_term_string}\"},\"query-input\":{\"@type\":\"PropertyValueSpecification\",\"valueRequired\":true,\"valueName\":\"search_term_string\"}}],\"inLanguage\":\"es\"},{\"@type\":\"Organization\",\"@id\":\"https:\\\/\\\/lospoliticosveracruz.com\\\/#organization\",\"name\":\"Los pol\u00edticos Veracruz\",\"url\":\"https:\\\/\\\/lospoliticosveracruz.com\\\/\",\"logo\":{\"@type\":\"ImageObject\",\"inLanguage\":\"es\",\"@id\":\"https:\\\/\\\/lospoliticosveracruz.com\\\/#\\\/schema\\\/logo\\\/image\\\/\",\"url\":\"https:\\\/\\\/lospoliticosveracruz.com\\\/wp-content\\\/uploads\\\/2025\\\/12\\\/Logo-Nuevo-LOS-POLITICOS-1.jpg\",\"contentUrl\":\"https:\\\/\\\/lospoliticosveracruz.com\\\/wp-content\\\/uploads\\\/2025\\\/12\\\/Logo-Nuevo-LOS-POLITICOS-1.jpg\",\"width\":260,\"height\":70,\"caption\":\"Los pol\u00edticos Veracruz\"},\"image\":{\"@id\":\"https:\\\/\\\/lospoliticosveracruz.com\\\/#\\\/schema\\\/logo\\\/image\\\/\"},\"sameAs\":[\"https:\\\/\\\/www.facebook.com\\\/people\\\/Notimemes-de-los-Polticos\\\/61565672886568\\\/\",\"https:\\\/\\\/x.com\\\/LosPoliticosVer\"]},{\"@type\":\"Person\",\"@id\":\"https:\\\/\\\/lospoliticosveracruz.com\\\/#\\\/schema\\\/person\\\/b8702bb0e538456e6efd07080bf2a4a2\",\"name\":\"Lo viste en Los Pol\u00edticos\",\"image\":{\"@type\":\"ImageObject\",\"inLanguage\":\"es\",\"@id\":\"https:\\\/\\\/secure.gravatar.com\\\/avatar\\\/3a8de04a2656d44082be478bd6c086daa447c4651605818287b9532d3d0bd435?s=96&d=mm&r=g\",\"url\":\"https:\\\/\\\/secure.gravatar.com\\\/avatar\\\/3a8de04a2656d44082be478bd6c086daa447c4651605818287b9532d3d0bd435?s=96&d=mm&r=g\",\"contentUrl\":\"https:\\\/\\\/secure.gravatar.com\\\/avatar\\\/3a8de04a2656d44082be478bd6c086daa447c4651605818287b9532d3d0bd435?s=96&d=mm&r=g\",\"caption\":\"Lo viste en Los Pol\u00edticos\"},\"url\":\"https:\\\/\\\/lospoliticosveracruz.com\\\/?author=2\"}]}<\/script>\n<!-- \/ Yoast SEO plugin. -->","yoast_head_json":{"title":"\u00bfSE LE CAY\u00d3 A CUITL\u00c1HUAC? - Los pol\u00edticos Veracruz","robots":{"index":"index","follow":"follow","max-snippet":"max-snippet:-1","max-image-preview":"max-image-preview:large","max-video-preview":"max-video-preview:-1"},"canonical":"https:\/\/lospoliticosveracruz.com\/?p=128445","og_locale":"es_ES","og_type":"article","og_title":"\u00bfSE LE CAY\u00d3 A CUITL\u00c1HUAC? - Los pol\u00edticos Veracruz","og_description":"Ricardo Chua Sale y Vale EXCLUSIVA.. Se menciona alrededor del c\u00edrculo de poder de Claudia Shienbaum en CDMX y tambi\u00e9n dentro de su equipo de transici\u00f3n Presidencial.. Que todo parece indicar que en las \u00faltimas horas de ayer por la tarde.. La posible integraci\u00f3n del gobernador de Veracruz, Cuitl\u00e1huac Garc\u00eda Jim\u00e9nez, al futuro gabinete ampliado [&hellip;]","og_url":"https:\/\/lospoliticosveracruz.com\/?p=128445","og_site_name":"Los pol\u00edticos Veracruz","article_publisher":"https:\/\/www.facebook.com\/people\/Notimemes-de-los-Polticos\/61565672886568\/","article_published_time":"2024-08-08T11:31:54+00:00","article_modified_time":"2024-08-08T14:01:18+00:00","og_image":[{"width":1250,"height":667,"url":"https:\/\/lospoliticosveracruz.com\/wp-content\/uploads\/2024\/03\/Ricardo-Chua.jpg","type":"image\/jpeg"}],"author":"Lo viste en Los Pol\u00edticos","twitter_card":"summary_large_image","twitter_creator":"@LosPoliticosVer","twitter_site":"@LosPoliticosVer","twitter_misc":{"Escrito por":"Lo viste en Los Pol\u00edticos","Tiempo de lectura":"5 minutos"},"schema":{"@context":"https:\/\/schema.org","@graph":[{"@type":"Article","@id":"https:\/\/lospoliticosveracruz.com\/?p=128445#article","isPartOf":{"@id":"https:\/\/lospoliticosveracruz.com\/?p=128445"},"author":{"name":"Lo viste en Los Pol\u00edticos","@id":"https:\/\/lospoliticosveracruz.com\/#\/schema\/person\/b8702bb0e538456e6efd07080bf2a4a2"},"headline":"\u00bfSE LE CAY\u00d3 A CUITL\u00c1HUAC?","datePublished":"2024-08-08T11:31:54+00:00","dateModified":"2024-08-08T14:01:18+00:00","mainEntityOfPage":{"@id":"https:\/\/lospoliticosveracruz.com\/?p=128445"},"wordCount":923,"publisher":{"@id":"https:\/\/lospoliticosveracruz.com\/#organization"},"image":{"@id":"https:\/\/lospoliticosveracruz.com\/?p=128445#primaryimage"},"thumbnailUrl":"https:\/\/lospoliticosveracruz.com\/wp-content\/uploads\/2024\/03\/Ricardo-Chua.jpg","keywords":["Claudia Sheinbaum","Cuitl\u00e1huac Garc\u00eda Jim\u00e9nez","Manuel Bartlett","Morena","Movimiento Ciudadano","Veracruz"],"articleSection":["De Opini\u00f3n"],"inLanguage":"es"},{"@type":"WebPage","@id":"https:\/\/lospoliticosveracruz.com\/?p=128445","url":"https:\/\/lospoliticosveracruz.com\/?p=128445","name":"\u00bfSE LE CAY\u00d3 A CUITL\u00c1HUAC? - Los pol\u00edticos Veracruz","isPartOf":{"@id":"https:\/\/lospoliticosveracruz.com\/#website"},"primaryImageOfPage":{"@id":"https:\/\/lospoliticosveracruz.com\/?p=128445#primaryimage"},"image":{"@id":"https:\/\/lospoliticosveracruz.com\/?p=128445#primaryimage"},"thumbnailUrl":"https:\/\/lospoliticosveracruz.com\/wp-content\/uploads\/2024\/03\/Ricardo-Chua.jpg","datePublished":"2024-08-08T11:31:54+00:00","dateModified":"2024-08-08T14:01:18+00:00","breadcrumb":{"@id":"https:\/\/lospoliticosveracruz.com\/?p=128445#breadcrumb"},"inLanguage":"es","potentialAction":[{"@type":"ReadAction","target":["https:\/\/lospoliticosveracruz.com\/?p=128445"]}]},{"@type":"ImageObject","inLanguage":"es","@id":"https:\/\/lospoliticosveracruz.com\/?p=128445#primaryimage","url":"https:\/\/lospoliticosveracruz.com\/wp-content\/uploads\/2024\/03\/Ricardo-Chua.jpg","contentUrl":"https:\/\/lospoliticosveracruz.com\/wp-content\/uploads\/2024\/03\/Ricardo-Chua.jpg","width":1250,"height":667},{"@type":"BreadcrumbList","@id":"https:\/\/lospoliticosveracruz.com\/?p=128445#breadcrumb","itemListElement":[{"@type":"ListItem","position":1,"name":"Portada","item":"https:\/\/lospoliticosveracruz.com\/"},{"@type":"ListItem","position":2,"name":"\u00bfSE LE CAY\u00d3 A CUITL\u00c1HUAC?"}]},{"@type":"WebSite","@id":"https:\/\/lospoliticosveracruz.com\/#website","url":"https:\/\/lospoliticosveracruz.com\/","name":"Los pol\u00edticos Veracruz","description":"","publisher":{"@id":"https:\/\/lospoliticosveracruz.com\/#organization"},"potentialAction":[{"@type":"SearchAction","target":{"@type":"EntryPoint","urlTemplate":"https:\/\/lospoliticosveracruz.com\/?s={search_term_string}"},"query-input":{"@type":"PropertyValueSpecification","valueRequired":true,"valueName":"search_term_string"}}],"inLanguage":"es"},{"@type":"Organization","@id":"https:\/\/lospoliticosveracruz.com\/#organization","name":"Los pol\u00edticos Veracruz","url":"https:\/\/lospoliticosveracruz.com\/","logo":{"@type":"ImageObject","inLanguage":"es","@id":"https:\/\/lospoliticosveracruz.com\/#\/schema\/logo\/image\/","url":"https:\/\/lospoliticosveracruz.com\/wp-content\/uploads\/2025\/12\/Logo-Nuevo-LOS-POLITICOS-1.jpg","contentUrl":"https:\/\/lospoliticosveracruz.com\/wp-content\/uploads\/2025\/12\/Logo-Nuevo-LOS-POLITICOS-1.jpg","width":260,"height":70,"caption":"Los pol\u00edticos Veracruz"},"image":{"@id":"https:\/\/lospoliticosveracruz.com\/#\/schema\/logo\/image\/"},"sameAs":["https:\/\/www.facebook.com\/people\/Notimemes-de-los-Polticos\/61565672886568\/","https:\/\/x.com\/LosPoliticosVer"]},{"@type":"Person","@id":"https:\/\/lospoliticosveracruz.com\/#\/schema\/person\/b8702bb0e538456e6efd07080bf2a4a2","name":"Lo viste en Los Pol\u00edticos","image":{"@type":"ImageObject","inLanguage":"es","@id":"https:\/\/secure.gravatar.com\/avatar\/3a8de04a2656d44082be478bd6c086daa447c4651605818287b9532d3d0bd435?s=96&d=mm&r=g","url":"https:\/\/secure.gravatar.com\/avatar\/3a8de04a2656d44082be478bd6c086daa447c4651605818287b9532d3d0bd435?s=96&d=mm&r=g","contentUrl":"https:\/\/secure.gravatar.com\/avatar\/3a8de04a2656d44082be478bd6c086daa447c4651605818287b9532d3d0bd435?s=96&d=mm&r=g","caption":"Lo viste en Los Pol\u00edticos"},"url":"https:\/\/lospoliticosveracruz.com\/?author=2"}]}},"_links":{"self":[{"href":"https:\/\/lospoliticosveracruz.com\/index.php?rest_route=\/wp\/v2\/posts\/128445","targetHints":{"allow":["GET"]}}],"collection":[{"href":"https:\/\/lospoliticosveracruz.com\/index.php?rest_route=\/wp\/v2\/posts"}],"about":[{"href":"https:\/\/lospoliticosveracruz.com\/index.php?rest_route=\/wp\/v2\/types\/post"}],"author":[{"embeddable":true,"href":"https:\/\/lospoliticosveracruz.com\/index.php?rest_route=\/wp\/v2\/users\/2"}],"replies":[{"embeddable":true,"href":"https:\/\/lospoliticosveracruz.com\/index.php?rest_route=%2Fwp%2Fv2%2Fcomments&post=128445"}],"version-history":[{"count":2,"href":"https:\/\/lospoliticosveracruz.com\/index.php?rest_route=\/wp\/v2\/posts\/128445\/revisions"}],"predecessor-version":[{"id":128450,"href":"https:\/\/lospoliticosveracruz.com\/index.php?rest_route=\/wp\/v2\/posts\/128445\/revisions\/128450"}],"wp:featuredmedia":[{"embeddable":true,"href":"https:\/\/lospoliticosveracruz.com\/index.php?rest_route=\/wp\/v2\/media\/119817"}],"wp:attachment":[{"href":"https:\/\/lospoliticosveracruz.com\/index.php?rest_route=%2Fwp%2Fv2%2Fmedia&parent=128445"}],"wp:term":[{"taxonomy":"category","embeddable":true,"href":"https:\/\/lospoliticosveracruz.com\/index.php?rest_route=%2Fwp%2Fv2%2Fcategories&post=128445"},{"taxonomy":"post_tag","embeddable":true,"href":"https:\/\/lospoliticosveracruz.com\/index.php?rest_route=%2Fwp%2Fv2%2Ftags&post=128445"}],"curies":[{"name":"wp","href":"https:\/\/api.w.org\/{rel}","templated":true}]}}