{"id":128447,"date":"2024-08-08T08:23:02","date_gmt":"2024-08-08T13:23:02","guid":{"rendered":"https:\/\/lospoliticosveracruz.com.mx\/?p=128447"},"modified":"2024-08-08T09:04:38","modified_gmt":"2024-08-08T14:04:38","slug":"mundo-mundial-hubris","status":"publish","type":"post","link":"https:\/\/lospoliticosveracruz.com\/?p=128447","title":{"rendered":"MUNDO MUNDIAL: HUBRIS"},"content":{"rendered":"\n<p><br><strong>Uriel Flores Aguayo<\/strong><\/p>\n\n\n\n<p>La historia de los hombres del poder est\u00e1 llena de ejemplos de un ejercicio tal que desborda lo racional y crea situaciones extra\u00f1as con su cubierta de incertidumbre y regresiones peligrosas. No es asunto de ideolog\u00edas, pr\u00e1cticamente inexistentes en su caso. Trasciende la simple denominaci\u00f3n populista. Es una condici\u00f3n humana, puede ser un transtorno que implique cuestiones psicol\u00f3gicas. Es algo que est\u00e1 m\u00e1s all\u00e1 de las razones. Quienes concentran poder en t\u00e9rminos personalistas y con afanes de trascendencia en la historia hacen girar todo en torno suyo: hablan demasiado, opinan de todo, saben m\u00e1s que nadie, ordenan lo que sea, mienten, inventan datos, no informan, se creen eternos, orientan un culto a su personalidad, exageran en todo, sostienen una narrativa heroica y combinan los papeles del bueno y el malo. Nadie est\u00e1 a su altura, suponen. Su af\u00e1n principal tiene que ver con un pedestal y su legado. Lo que eso sea.<\/p>\n\n\n<div class=\"wp-block-image\">\n<figure class=\"alignleft size-thumbnail\"><a href=\"https:\/\/lospoliticosveracruz.com.mx\/wp-content\/uploads\/2023\/02\/Vinissimo.jpg\"><img decoding=\"async\" src=\"https:\/\/lospoliticosveracruz.com.mx\/wp-content\/uploads\/2023\/02\/Vinissimo-150x150.jpg\" alt=\"\" class=\"wp-image-102752\"\/><\/a><\/figure>\n<\/div>\n\n\n<p><br>Son casi nada de instituciones, su discurso democr\u00e1tico es de fachada. Se asumen como eternos. Fidel Castro dej\u00f3 el poder a su hermano hasta que empez\u00f3 a caerse en los actos; Ch\u00e1vez design\u00f3 a Maduro hasta que no pudo con el cancer; Daniel Ortega estar\u00e1 eternizado en el poder hasta que todav\u00eda pueda caminar. Son adictos al poder. Hacen lo que sea para no soltarlo. Esa concentraci\u00f3n del poder se realiza en detrimento de la democracia y las libertades. Son incompatibles. El llamado amor al pueblo es, en realidad, amor a s\u00ed mismos: narcisismo. Son exagerados hasta grados lun\u00e1ticos; lo que digan o hagan siempre es lo m\u00e1ximo del mundo. Recuerdo una de las m\u00e1s pat\u00e9ticas desproporciones de AMLO cuando dijo, iniciando el sexenio, que Cuitl\u00e1huac Garc\u00eda era una bendici\u00f3n para Veracruz. De esas,muchas. Que rayan en la fantas\u00eda y hacen dudar de su car\u00e1cter racional y l\u00f3gico.<br>De todos ellos lo central es el poder, que tienden a concentrar y aumentar. Son repelentes a la transparencia y a los contrapesos. No son dem\u00f3cratas. Les importa m\u00e1s su ego desbordado y el mejor lugar en la historia. Trabajan para su popularidad. Todo est\u00e1 condicionado a que su nombre brille y a que reciban los v\u00edtores y la idolatr\u00eda de la gente. No piensan en ciudadanos como individuos, su enfoque es a la abstracci\u00f3n del pueblo, como masa sin rostro. Aplican una visi\u00f3n individual del poder, personalista, re\u00f1ida con la divisi\u00f3n de poderes y los contrapesos. Sin esas cualidades democr\u00e1ticas es natural que cometan todo tipo de excesos y corrupcion. No buscan desarrollo, no se puede as\u00ed. Lo suyo es disfrute, muchas veces como borrachera y locura, del poder. Tienen algo de iluminados, de mesi\u00e1nicos. Sus decisiones son f\u00e9rreas. Ellos reparten dones y perdones. Nunca sueltan el poder realmente, donde pueden se reeligen hasta la muerte; donde no , est\u00e1n tras bambalinas. En M\u00e9xico tuvimos un maximato que vino del af\u00e1n de Calles, de ser el jefe m\u00e1ximo de la revoluci\u00f3n mexicana. Derrotado por L\u00e1zaro Cardenas, el breve periodo de maximato deriv\u00f3 en una hegemon\u00eda de partido. Hay una gigantesca curiosidad por saber c\u00f3mo se procesar\u00e1 el retiro real o supuesto de AMLO y las reacciones de la nueva mandataria. Es obvio que el talante del actual presidente es de tipo caudillista, de esos que no se retiran nunca por las buenas. Creo que todo depender\u00e1 de cu\u00e1nto estire la liga y de su auto contenci\u00f3n. Deja candados suficientes para reducir los m\u00e1rgenes de Claudia; piensa en un longevo ejercicio del poder a su imagen y semejanza.<br>De personajes con Hubris han salido los m\u00e1s lun\u00e1ticos y sanguinarios dictadores. Es deseable que ya estemos del otro lado de la orilla y caminemos a una presidencia normal y de corte democr\u00e1tico.<br>Recadito: los baches son el resumen de un gobierno fr\u00edvolo y corrupto.<\/p>\n","protected":false},"excerpt":{"rendered":"<p>Uriel Flores Aguayo La historia de los hombres del poder est\u00e1 llena de ejemplos de un ejercicio tal que desborda lo racional y crea situaciones extra\u00f1as con su cubierta de incertidumbre y regresiones peligrosas. No es asunto de ideolog\u00edas, pr\u00e1cticamente inexistentes en su caso. Trasciende la simple denominaci\u00f3n populista. Es una condici\u00f3n humana, puede ser [&hellip;]<\/p>\n","protected":false},"author":2,"featured_media":119915,"comment_status":"closed","ping_status":"closed","sticky":false,"template":"","format":"standard","meta":{"tdm_status":"","tdm_grid_status":"","footnotes":""},"categories":[70],"tags":[618,1563,1026,195],"class_list":{"0":"post-128447","1":"post","2":"type-post","3":"status-publish","4":"format-standard","5":"has-post-thumbnail","7":"category-de-opinion","8":"tag-andres-manuel-lopez-obrador","9":"tag-cuitlahuac-garcia-jimenez","10":"tag-morena","11":"tag-veracruz"},"yoast_head":"<!-- This site is optimized with the Yoast SEO plugin v27.4 - https:\/\/yoast.com\/product\/yoast-seo-wordpress\/ -->\n<title>MUNDO MUNDIAL: HUBRIS - Los pol\u00edticos Veracruz<\/title>\n<meta name=\"robots\" content=\"index, follow, max-snippet:-1, max-image-preview:large, max-video-preview:-1\" \/>\n<link rel=\"canonical\" href=\"https:\/\/lospoliticosveracruz.com\/?p=128447\" \/>\n<meta property=\"og:locale\" content=\"es_ES\" \/>\n<meta property=\"og:type\" content=\"article\" \/>\n<meta property=\"og:title\" content=\"MUNDO MUNDIAL: HUBRIS - Los pol\u00edticos Veracruz\" \/>\n<meta property=\"og:description\" content=\"Uriel Flores Aguayo La historia de los hombres del poder est\u00e1 llena de ejemplos de un ejercicio tal que desborda lo racional y crea situaciones extra\u00f1as con su cubierta de incertidumbre y regresiones peligrosas. No es asunto de ideolog\u00edas, pr\u00e1cticamente inexistentes en su caso. Trasciende la simple denominaci\u00f3n populista. Es una condici\u00f3n humana, puede ser [&hellip;]\" \/>\n<meta property=\"og:url\" content=\"https:\/\/lospoliticosveracruz.com\/?p=128447\" \/>\n<meta property=\"og:site_name\" content=\"Los pol\u00edticos Veracruz\" \/>\n<meta property=\"article:publisher\" content=\"https:\/\/www.facebook.com\/people\/Notimemes-de-los-Polticos\/61565672886568\/\" \/>\n<meta property=\"article:published_time\" content=\"2024-08-08T13:23:02+00:00\" \/>\n<meta property=\"article:modified_time\" content=\"2024-08-08T14:04:38+00:00\" \/>\n<meta property=\"og:image\" content=\"https:\/\/lospoliticosveracruz.com\/wp-content\/uploads\/2024\/03\/Uriel-Flores.jpg\" \/>\n\t<meta property=\"og:image:width\" content=\"1250\" \/>\n\t<meta property=\"og:image:height\" content=\"667\" \/>\n\t<meta property=\"og:image:type\" content=\"image\/jpeg\" \/>\n<meta name=\"author\" content=\"Lo viste en Los Pol\u00edticos\" \/>\n<meta name=\"twitter:card\" content=\"summary_large_image\" \/>\n<meta name=\"twitter:creator\" content=\"@LosPoliticosVer\" \/>\n<meta name=\"twitter:site\" content=\"@LosPoliticosVer\" \/>\n<meta name=\"twitter:label1\" content=\"Escrito por\" \/>\n\t<meta name=\"twitter:data1\" content=\"Lo viste en Los Pol\u00edticos\" \/>\n\t<meta name=\"twitter:label2\" content=\"Tiempo de lectura\" \/>\n\t<meta name=\"twitter:data2\" content=\"3 minutos\" \/>\n<script type=\"application\/ld+json\" class=\"yoast-schema-graph\">{\"@context\":\"https:\\\/\\\/schema.org\",\"@graph\":[{\"@type\":\"Article\",\"@id\":\"https:\\\/\\\/lospoliticosveracruz.com\\\/?p=128447#article\",\"isPartOf\":{\"@id\":\"https:\\\/\\\/lospoliticosveracruz.com\\\/?p=128447\"},\"author\":{\"name\":\"Lo viste en Los Pol\u00edticos\",\"@id\":\"https:\\\/\\\/lospoliticosveracruz.com\\\/#\\\/schema\\\/person\\\/b8702bb0e538456e6efd07080bf2a4a2\"},\"headline\":\"MUNDO MUNDIAL: HUBRIS\",\"datePublished\":\"2024-08-08T13:23:02+00:00\",\"dateModified\":\"2024-08-08T14:04:38+00:00\",\"mainEntityOfPage\":{\"@id\":\"https:\\\/\\\/lospoliticosveracruz.com\\\/?p=128447\"},\"wordCount\":679,\"publisher\":{\"@id\":\"https:\\\/\\\/lospoliticosveracruz.com\\\/#organization\"},\"image\":{\"@id\":\"https:\\\/\\\/lospoliticosveracruz.com\\\/?p=128447#primaryimage\"},\"thumbnailUrl\":\"https:\\\/\\\/lospoliticosveracruz.com\\\/wp-content\\\/uploads\\\/2024\\\/03\\\/Uriel-Flores.jpg\",\"keywords\":[\"Andr\u00e9s Manuel L\u00f3pez Obrador\",\"Cuitl\u00e1huac Garc\u00eda Jim\u00e9nez\",\"Morena\",\"Veracruz\"],\"articleSection\":[\"De Opini\u00f3n\"],\"inLanguage\":\"es\"},{\"@type\":\"WebPage\",\"@id\":\"https:\\\/\\\/lospoliticosveracruz.com\\\/?p=128447\",\"url\":\"https:\\\/\\\/lospoliticosveracruz.com\\\/?p=128447\",\"name\":\"MUNDO MUNDIAL: HUBRIS - Los pol\u00edticos Veracruz\",\"isPartOf\":{\"@id\":\"https:\\\/\\\/lospoliticosveracruz.com\\\/#website\"},\"primaryImageOfPage\":{\"@id\":\"https:\\\/\\\/lospoliticosveracruz.com\\\/?p=128447#primaryimage\"},\"image\":{\"@id\":\"https:\\\/\\\/lospoliticosveracruz.com\\\/?p=128447#primaryimage\"},\"thumbnailUrl\":\"https:\\\/\\\/lospoliticosveracruz.com\\\/wp-content\\\/uploads\\\/2024\\\/03\\\/Uriel-Flores.jpg\",\"datePublished\":\"2024-08-08T13:23:02+00:00\",\"dateModified\":\"2024-08-08T14:04:38+00:00\",\"breadcrumb\":{\"@id\":\"https:\\\/\\\/lospoliticosveracruz.com\\\/?p=128447#breadcrumb\"},\"inLanguage\":\"es\",\"potentialAction\":[{\"@type\":\"ReadAction\",\"target\":[\"https:\\\/\\\/lospoliticosveracruz.com\\\/?p=128447\"]}]},{\"@type\":\"ImageObject\",\"inLanguage\":\"es\",\"@id\":\"https:\\\/\\\/lospoliticosveracruz.com\\\/?p=128447#primaryimage\",\"url\":\"https:\\\/\\\/lospoliticosveracruz.com\\\/wp-content\\\/uploads\\\/2024\\\/03\\\/Uriel-Flores.jpg\",\"contentUrl\":\"https:\\\/\\\/lospoliticosveracruz.com\\\/wp-content\\\/uploads\\\/2024\\\/03\\\/Uriel-Flores.jpg\",\"width\":1250,\"height\":667},{\"@type\":\"BreadcrumbList\",\"@id\":\"https:\\\/\\\/lospoliticosveracruz.com\\\/?p=128447#breadcrumb\",\"itemListElement\":[{\"@type\":\"ListItem\",\"position\":1,\"name\":\"Portada\",\"item\":\"https:\\\/\\\/lospoliticosveracruz.com\\\/\"},{\"@type\":\"ListItem\",\"position\":2,\"name\":\"MUNDO MUNDIAL: HUBRIS\"}]},{\"@type\":\"WebSite\",\"@id\":\"https:\\\/\\\/lospoliticosveracruz.com\\\/#website\",\"url\":\"https:\\\/\\\/lospoliticosveracruz.com\\\/\",\"name\":\"Los pol\u00edticos Veracruz\",\"description\":\"\",\"publisher\":{\"@id\":\"https:\\\/\\\/lospoliticosveracruz.com\\\/#organization\"},\"potentialAction\":[{\"@type\":\"SearchAction\",\"target\":{\"@type\":\"EntryPoint\",\"urlTemplate\":\"https:\\\/\\\/lospoliticosveracruz.com\\\/?s={search_term_string}\"},\"query-input\":{\"@type\":\"PropertyValueSpecification\",\"valueRequired\":true,\"valueName\":\"search_term_string\"}}],\"inLanguage\":\"es\"},{\"@type\":\"Organization\",\"@id\":\"https:\\\/\\\/lospoliticosveracruz.com\\\/#organization\",\"name\":\"Los pol\u00edticos Veracruz\",\"url\":\"https:\\\/\\\/lospoliticosveracruz.com\\\/\",\"logo\":{\"@type\":\"ImageObject\",\"inLanguage\":\"es\",\"@id\":\"https:\\\/\\\/lospoliticosveracruz.com\\\/#\\\/schema\\\/logo\\\/image\\\/\",\"url\":\"https:\\\/\\\/lospoliticosveracruz.com\\\/wp-content\\\/uploads\\\/2025\\\/12\\\/Logo-Nuevo-LOS-POLITICOS-1.jpg\",\"contentUrl\":\"https:\\\/\\\/lospoliticosveracruz.com\\\/wp-content\\\/uploads\\\/2025\\\/12\\\/Logo-Nuevo-LOS-POLITICOS-1.jpg\",\"width\":260,\"height\":70,\"caption\":\"Los pol\u00edticos Veracruz\"},\"image\":{\"@id\":\"https:\\\/\\\/lospoliticosveracruz.com\\\/#\\\/schema\\\/logo\\\/image\\\/\"},\"sameAs\":[\"https:\\\/\\\/www.facebook.com\\\/people\\\/Notimemes-de-los-Polticos\\\/61565672886568\\\/\",\"https:\\\/\\\/x.com\\\/LosPoliticosVer\"]},{\"@type\":\"Person\",\"@id\":\"https:\\\/\\\/lospoliticosveracruz.com\\\/#\\\/schema\\\/person\\\/b8702bb0e538456e6efd07080bf2a4a2\",\"name\":\"Lo viste en Los Pol\u00edticos\",\"image\":{\"@type\":\"ImageObject\",\"inLanguage\":\"es\",\"@id\":\"https:\\\/\\\/secure.gravatar.com\\\/avatar\\\/3a8de04a2656d44082be478bd6c086daa447c4651605818287b9532d3d0bd435?s=96&d=mm&r=g\",\"url\":\"https:\\\/\\\/secure.gravatar.com\\\/avatar\\\/3a8de04a2656d44082be478bd6c086daa447c4651605818287b9532d3d0bd435?s=96&d=mm&r=g\",\"contentUrl\":\"https:\\\/\\\/secure.gravatar.com\\\/avatar\\\/3a8de04a2656d44082be478bd6c086daa447c4651605818287b9532d3d0bd435?s=96&d=mm&r=g\",\"caption\":\"Lo viste en Los Pol\u00edticos\"},\"url\":\"https:\\\/\\\/lospoliticosveracruz.com\\\/?author=2\"}]}<\/script>\n<!-- \/ Yoast SEO plugin. -->","yoast_head_json":{"title":"MUNDO MUNDIAL: HUBRIS - Los pol\u00edticos Veracruz","robots":{"index":"index","follow":"follow","max-snippet":"max-snippet:-1","max-image-preview":"max-image-preview:large","max-video-preview":"max-video-preview:-1"},"canonical":"https:\/\/lospoliticosveracruz.com\/?p=128447","og_locale":"es_ES","og_type":"article","og_title":"MUNDO MUNDIAL: HUBRIS - Los pol\u00edticos Veracruz","og_description":"Uriel Flores Aguayo La historia de los hombres del poder est\u00e1 llena de ejemplos de un ejercicio tal que desborda lo racional y crea situaciones extra\u00f1as con su cubierta de incertidumbre y regresiones peligrosas. No es asunto de ideolog\u00edas, pr\u00e1cticamente inexistentes en su caso. Trasciende la simple denominaci\u00f3n populista. Es una condici\u00f3n humana, puede ser [&hellip;]","og_url":"https:\/\/lospoliticosveracruz.com\/?p=128447","og_site_name":"Los pol\u00edticos Veracruz","article_publisher":"https:\/\/www.facebook.com\/people\/Notimemes-de-los-Polticos\/61565672886568\/","article_published_time":"2024-08-08T13:23:02+00:00","article_modified_time":"2024-08-08T14:04:38+00:00","og_image":[{"width":1250,"height":667,"url":"https:\/\/lospoliticosveracruz.com\/wp-content\/uploads\/2024\/03\/Uriel-Flores.jpg","type":"image\/jpeg"}],"author":"Lo viste en Los Pol\u00edticos","twitter_card":"summary_large_image","twitter_creator":"@LosPoliticosVer","twitter_site":"@LosPoliticosVer","twitter_misc":{"Escrito por":"Lo viste en Los Pol\u00edticos","Tiempo de lectura":"3 minutos"},"schema":{"@context":"https:\/\/schema.org","@graph":[{"@type":"Article","@id":"https:\/\/lospoliticosveracruz.com\/?p=128447#article","isPartOf":{"@id":"https:\/\/lospoliticosveracruz.com\/?p=128447"},"author":{"name":"Lo viste en Los Pol\u00edticos","@id":"https:\/\/lospoliticosveracruz.com\/#\/schema\/person\/b8702bb0e538456e6efd07080bf2a4a2"},"headline":"MUNDO MUNDIAL: HUBRIS","datePublished":"2024-08-08T13:23:02+00:00","dateModified":"2024-08-08T14:04:38+00:00","mainEntityOfPage":{"@id":"https:\/\/lospoliticosveracruz.com\/?p=128447"},"wordCount":679,"publisher":{"@id":"https:\/\/lospoliticosveracruz.com\/#organization"},"image":{"@id":"https:\/\/lospoliticosveracruz.com\/?p=128447#primaryimage"},"thumbnailUrl":"https:\/\/lospoliticosveracruz.com\/wp-content\/uploads\/2024\/03\/Uriel-Flores.jpg","keywords":["Andr\u00e9s Manuel L\u00f3pez Obrador","Cuitl\u00e1huac Garc\u00eda Jim\u00e9nez","Morena","Veracruz"],"articleSection":["De Opini\u00f3n"],"inLanguage":"es"},{"@type":"WebPage","@id":"https:\/\/lospoliticosveracruz.com\/?p=128447","url":"https:\/\/lospoliticosveracruz.com\/?p=128447","name":"MUNDO MUNDIAL: HUBRIS - Los pol\u00edticos Veracruz","isPartOf":{"@id":"https:\/\/lospoliticosveracruz.com\/#website"},"primaryImageOfPage":{"@id":"https:\/\/lospoliticosveracruz.com\/?p=128447#primaryimage"},"image":{"@id":"https:\/\/lospoliticosveracruz.com\/?p=128447#primaryimage"},"thumbnailUrl":"https:\/\/lospoliticosveracruz.com\/wp-content\/uploads\/2024\/03\/Uriel-Flores.jpg","datePublished":"2024-08-08T13:23:02+00:00","dateModified":"2024-08-08T14:04:38+00:00","breadcrumb":{"@id":"https:\/\/lospoliticosveracruz.com\/?p=128447#breadcrumb"},"inLanguage":"es","potentialAction":[{"@type":"ReadAction","target":["https:\/\/lospoliticosveracruz.com\/?p=128447"]}]},{"@type":"ImageObject","inLanguage":"es","@id":"https:\/\/lospoliticosveracruz.com\/?p=128447#primaryimage","url":"https:\/\/lospoliticosveracruz.com\/wp-content\/uploads\/2024\/03\/Uriel-Flores.jpg","contentUrl":"https:\/\/lospoliticosveracruz.com\/wp-content\/uploads\/2024\/03\/Uriel-Flores.jpg","width":1250,"height":667},{"@type":"BreadcrumbList","@id":"https:\/\/lospoliticosveracruz.com\/?p=128447#breadcrumb","itemListElement":[{"@type":"ListItem","position":1,"name":"Portada","item":"https:\/\/lospoliticosveracruz.com\/"},{"@type":"ListItem","position":2,"name":"MUNDO MUNDIAL: HUBRIS"}]},{"@type":"WebSite","@id":"https:\/\/lospoliticosveracruz.com\/#website","url":"https:\/\/lospoliticosveracruz.com\/","name":"Los pol\u00edticos Veracruz","description":"","publisher":{"@id":"https:\/\/lospoliticosveracruz.com\/#organization"},"potentialAction":[{"@type":"SearchAction","target":{"@type":"EntryPoint","urlTemplate":"https:\/\/lospoliticosveracruz.com\/?s={search_term_string}"},"query-input":{"@type":"PropertyValueSpecification","valueRequired":true,"valueName":"search_term_string"}}],"inLanguage":"es"},{"@type":"Organization","@id":"https:\/\/lospoliticosveracruz.com\/#organization","name":"Los pol\u00edticos Veracruz","url":"https:\/\/lospoliticosveracruz.com\/","logo":{"@type":"ImageObject","inLanguage":"es","@id":"https:\/\/lospoliticosveracruz.com\/#\/schema\/logo\/image\/","url":"https:\/\/lospoliticosveracruz.com\/wp-content\/uploads\/2025\/12\/Logo-Nuevo-LOS-POLITICOS-1.jpg","contentUrl":"https:\/\/lospoliticosveracruz.com\/wp-content\/uploads\/2025\/12\/Logo-Nuevo-LOS-POLITICOS-1.jpg","width":260,"height":70,"caption":"Los pol\u00edticos Veracruz"},"image":{"@id":"https:\/\/lospoliticosveracruz.com\/#\/schema\/logo\/image\/"},"sameAs":["https:\/\/www.facebook.com\/people\/Notimemes-de-los-Polticos\/61565672886568\/","https:\/\/x.com\/LosPoliticosVer"]},{"@type":"Person","@id":"https:\/\/lospoliticosveracruz.com\/#\/schema\/person\/b8702bb0e538456e6efd07080bf2a4a2","name":"Lo viste en Los Pol\u00edticos","image":{"@type":"ImageObject","inLanguage":"es","@id":"https:\/\/secure.gravatar.com\/avatar\/3a8de04a2656d44082be478bd6c086daa447c4651605818287b9532d3d0bd435?s=96&d=mm&r=g","url":"https:\/\/secure.gravatar.com\/avatar\/3a8de04a2656d44082be478bd6c086daa447c4651605818287b9532d3d0bd435?s=96&d=mm&r=g","contentUrl":"https:\/\/secure.gravatar.com\/avatar\/3a8de04a2656d44082be478bd6c086daa447c4651605818287b9532d3d0bd435?s=96&d=mm&r=g","caption":"Lo viste en Los Pol\u00edticos"},"url":"https:\/\/lospoliticosveracruz.com\/?author=2"}]}},"_links":{"self":[{"href":"https:\/\/lospoliticosveracruz.com\/index.php?rest_route=\/wp\/v2\/posts\/128447","targetHints":{"allow":["GET"]}}],"collection":[{"href":"https:\/\/lospoliticosveracruz.com\/index.php?rest_route=\/wp\/v2\/posts"}],"about":[{"href":"https:\/\/lospoliticosveracruz.com\/index.php?rest_route=\/wp\/v2\/types\/post"}],"author":[{"embeddable":true,"href":"https:\/\/lospoliticosveracruz.com\/index.php?rest_route=\/wp\/v2\/users\/2"}],"replies":[{"embeddable":true,"href":"https:\/\/lospoliticosveracruz.com\/index.php?rest_route=%2Fwp%2Fv2%2Fcomments&post=128447"}],"version-history":[{"count":2,"href":"https:\/\/lospoliticosveracruz.com\/index.php?rest_route=\/wp\/v2\/posts\/128447\/revisions"}],"predecessor-version":[{"id":128452,"href":"https:\/\/lospoliticosveracruz.com\/index.php?rest_route=\/wp\/v2\/posts\/128447\/revisions\/128452"}],"wp:featuredmedia":[{"embeddable":true,"href":"https:\/\/lospoliticosveracruz.com\/index.php?rest_route=\/wp\/v2\/media\/119915"}],"wp:attachment":[{"href":"https:\/\/lospoliticosveracruz.com\/index.php?rest_route=%2Fwp%2Fv2%2Fmedia&parent=128447"}],"wp:term":[{"taxonomy":"category","embeddable":true,"href":"https:\/\/lospoliticosveracruz.com\/index.php?rest_route=%2Fwp%2Fv2%2Fcategories&post=128447"},{"taxonomy":"post_tag","embeddable":true,"href":"https:\/\/lospoliticosveracruz.com\/index.php?rest_route=%2Fwp%2Fv2%2Ftags&post=128447"}],"curies":[{"name":"wp","href":"https:\/\/api.w.org\/{rel}","templated":true}]}}