{"id":12853,"date":"2014-10-20T22:29:28","date_gmt":"2014-10-21T03:29:28","guid":{"rendered":"http:\/\/www.lospoliticosveracruz.com.mx\/?p=12853"},"modified":"2014-10-20T22:29:28","modified_gmt":"2014-10-21T03:29:28","slug":"candidatos-del-escandalo","status":"publish","type":"post","link":"https:\/\/lospoliticosveracruz.com\/?p=12853","title":{"rendered":"Candidatos del esc\u00e1ndalo"},"content":{"rendered":"<p><a href=\"http:\/\/www.lospoliticosveracruz.com.mx\/wp-content\/uploads\/2014\/10\/Spinoso-Carvallo-Erick.jpg\"><img loading=\"lazy\" decoding=\"async\" class=\"alignnone size-medium wp-image-12854\" src=\"http:\/\/www.lospoliticosveracruz.com.mx\/wp-content\/uploads\/2014\/10\/Spinoso-Carvallo-Erick-300x171.jpg\" alt=\"Spinoso-Carvallo-Erick\" width=\"300\" height=\"171\" \/><\/a><br \/>\n<strong>Salvador Mu\u00f1oz<\/strong><\/p>\n<p><em>Los Pol\u00edticos<\/em><\/p>\n<p>&nbsp;<\/p>\n<p>Cada quien ve la pol\u00edtica como mejor le conviene o como mejor le entiende. Es el caso de la \u00faltima visita de Enrique Pe\u00f1a Nieto a Veracruz, espec\u00edficamente a Poza Rica, donde vino a platicar de todas las bondades que hay dentro del programa social \u201cProspera\u201d que, de acuerdo a su nuevo esquema, pretende deshacerse del mote \u201cPaternalista\u201d que hay en cada acci\u00f3n del Gobierno estatal, federal o municipal, en pro de quienes menos tienen\u2026 por eso les dec\u00eda al principio\u2026 la pol\u00edtica la ve cada quien como mejor le conviene o como mejor le entiende.<br \/>\nEn lo particular, yo sigo viendo \u201cpaternalismo\u201d&#8230;<br \/>\nII<br \/>\nPero, \u00bfcu\u00e1l es el inter\u00e9s del \u201cPRIsidente\u201d en torno a Veracruz? en t\u00e9rminos demogr\u00e1ficos, nos falta casi nada para pasar a ser el segundo punto m\u00e1s poblado en el pa\u00eds por encima del DF y posterior al Estado de M\u00e9xico.<br \/>\nTanto Edomex como Veracruz (sin contar Guerrero por las circunstancias que le rodean, tanto pol\u00edtica como clim\u00e1ticamente), est\u00e1n entre los m\u00e1s visitados por Pe\u00f1a Nieto. No es para menos. Su valor en votos definen mucho, y este 2015 ha de convertirse en un laboratorio post-reformista, capaz de medirle el agua a los mexicanos para ver qu\u00e9 tanto nos dolieron las \u201cenmiendas\u201d a la Constituci\u00f3n en las diferentes ramas que se dieron en los primeros 24 meses de Gobierno.<br \/>\nSi bien es cierto que la parte m\u00e1s dolorosa de la administraci\u00f3n de Pe\u00f1a Nieto ya se dio, no est\u00e1 de m\u00e1s que en la renovaci\u00f3n del Congreso de la Uni\u00f3n para este 2015, se conserve como aliado a un Poder Legislativo, como el que tiene hasta este momento aunque ello se significara para el PAN, PRD y PRI \u201cel a\u00f1o del sacrificio del prestigio\u201d.<br \/>\nY es que despu\u00e9s de que se dieran tantos cambios donde un alto porcentaje de poblaci\u00f3n se sinti\u00f3 traicionada por la mayor\u00eda de sus diputados y senadores, \u00bfqu\u00e9 le queda al elector? o m\u00e1s bien, la pregunta ser\u00eda: \u00bfQu\u00e9 le queda a los partidos?<br \/>\nIII<br \/>\nEn el caso del PRI, aqu\u00ed en Veracruz, donde apuesta a ganar 17 de los 21 distritos en disputa para este 2015, \u00bfcon qu\u00e9 candidatos estar\u00e1 apostando para alcanzar una posici\u00f3n en San L\u00e1zaro que signifique para el Gobernador un \u201c\u00a1Mire, se\u00f1or PRIsidente: aqu\u00ed est\u00e1n mis diputados federales!\u201d?<br \/>\nAs\u00ed, a ojo de buen cubero, como dijeran en el rancho: Hay de chile, de dulce, de manteca, de cerdo y de mole\u2026 de todos sabores.<br \/>\nAunque en la mayor\u00eda de algunos casos bien podr\u00edamos hablar de \u201ccandidatos del esc\u00e1ndalo\u201d.<br \/>\nS\u00ed, nom\u00e1s por hacer memoria, recuerde por all\u00ed a quien \u201ccorrieron\u201d vergonzosamente de su trabajo y publicaron a ocho columnas \u00a1y hoy ya lo citan como \u201cel candidato id\u00f3neo para Mart\u00ednez de la Torre\u201d aun cuando hayan estado involucrado en un asunto Spinoso\u2026<br \/>\nO qu\u00e9 decir de aqu\u00e9l que en aras de no entrar a un pleito que debe ser \u00fanico y exclusivo de la familia, permiti\u00f3 que su padre enlodara no al hijo, sino al apellido completo.<br \/>\nPeor a\u00fan: los candidatos que disfrazados de duartistas no son m\u00e1s que la copia barata del fidelismo con el sue\u00f1o de ser Gobernador de dos a\u00f1os\u2026<br \/>\nIV<br \/>\nAl final, seg\u00fan el PRI, los delegados han de ubicar al \u201cungido\u201d por distrito, pero qu\u00e9 pueden esperar los militantes de \u00e9stos cuando enquistado desde hace m\u00e1s de dos sexenios tenemos a Jes\u00fas Medell\u00edn Mu\u00f1oz al que la an\u00e9cdota cuenta que Fidel Herrera anuncia: \u201ca partir de hoy, Jes\u00fas Medell\u00edn Mu\u00f1oz deja de ser delegado del CEN del PRI en Veracruz\u201d, y no habiendo dicho eso, do\u00f1a Rosa Borunda le corrigi\u00f3 la plana. En la siguiente intervenci\u00f3n del entonces Gobernador, repite: \u201ca partir de hoy, Jes\u00fas Medell\u00edn Mu\u00f1oz deja de ser delegado del CEN del PRI en Veracruz para ser delegado del PRI de Veracruz ante el CEN\u201d&#8230; juego de palabras y juego de poderes\u2026<br \/>\nLa militancia priista busca que con sus candidatos, se prestigie la designaci\u00f3n y que el partido no s\u00f3lo busque un resultado cuantitativo sino cualitativo en San L\u00e1zaro o en cualquier otro escenario donde la representaci\u00f3n popular est\u00e9 presente. Ojal\u00e1 el \u201cPRIsidente\u201d, adem\u00e1s de buscar tener un Poder Legislativo a modo tambi\u00e9n buscara la respetabilidad de sus integrantes\u2026<br \/>\nSi as\u00ed como apuesta el \u201cPRIsidente\u201d a \u201cProspera\u201d en favor de los que menos tienen, igual deber\u00eda apostar por candidatos con prestigio porque candidatos escandalosos, a \u00faltimas fechas, se han tenido y a montones, desde alcaldes, diputados locales, federales y uno que otro senador, tanto en el PRI, PAN y PRD, que al final, hasta pareciera, son casi lo mismo.<\/p>\n<p>email: smcainito@gmail.com<\/p>\n","protected":false},"excerpt":{"rendered":"<p>Salvador Mu\u00f1oz Los Pol\u00edticos &nbsp; Cada quien ve la pol\u00edtica como mejor le conviene o como mejor le entiende. Es el caso de la \u00faltima visita de Enrique Pe\u00f1a Nieto a Veracruz, espec\u00edficamente a Poza Rica, donde vino a platicar de todas las bondades que hay dentro del programa social \u201cProspera\u201d que, de acuerdo a [&hellip;]<\/p>\n","protected":false},"author":2,"featured_media":0,"comment_status":"open","ping_status":"open","sticky":false,"template":"","format":"standard","meta":{"tdm_status":"","tdm_grid_status":"","footnotes":""},"categories":[70],"tags":[105,281,443,87,195],"class_list":{"0":"post-12853","1":"post","2":"type-post","3":"status-publish","4":"format-standard","6":"category-de-opinion","7":"tag-carvallo","8":"tag-enrique-pena-nieto","9":"tag-prospera","10":"tag-spinoso","11":"tag-veracruz"},"yoast_head":"<!-- This site is optimized with the Yoast SEO plugin v27.4 - https:\/\/yoast.com\/product\/yoast-seo-wordpress\/ -->\n<title>Candidatos del esc\u00e1ndalo - Los pol\u00edticos Veracruz<\/title>\n<meta name=\"robots\" content=\"index, follow, max-snippet:-1, max-image-preview:large, max-video-preview:-1\" \/>\n<link rel=\"canonical\" href=\"https:\/\/lospoliticosveracruz.com\/?p=12853\" \/>\n<meta property=\"og:locale\" content=\"es_ES\" \/>\n<meta property=\"og:type\" content=\"article\" \/>\n<meta property=\"og:title\" content=\"Candidatos del esc\u00e1ndalo - Los pol\u00edticos Veracruz\" \/>\n<meta property=\"og:description\" content=\"Salvador Mu\u00f1oz Los Pol\u00edticos &nbsp; Cada quien ve la pol\u00edtica como mejor le conviene o como mejor le entiende. Es el caso de la \u00faltima visita de Enrique Pe\u00f1a Nieto a Veracruz, espec\u00edficamente a Poza Rica, donde vino a platicar de todas las bondades que hay dentro del programa social \u201cProspera\u201d que, de acuerdo a [&hellip;]\" \/>\n<meta property=\"og:url\" content=\"https:\/\/lospoliticosveracruz.com\/?p=12853\" \/>\n<meta property=\"og:site_name\" content=\"Los pol\u00edticos Veracruz\" \/>\n<meta property=\"article:publisher\" content=\"https:\/\/www.facebook.com\/people\/Notimemes-de-los-Polticos\/61565672886568\/\" \/>\n<meta property=\"article:published_time\" content=\"2014-10-21T03:29:28+00:00\" \/>\n<meta property=\"og:image\" content=\"http:\/\/www.lospoliticosveracruz.com.mx\/wp-content\/uploads\/2014\/10\/Spinoso-Carvallo-Erick-300x171.jpg\" \/>\n<meta name=\"author\" content=\"Lo viste en Los Pol\u00edticos\" \/>\n<meta name=\"twitter:card\" content=\"summary_large_image\" \/>\n<meta name=\"twitter:creator\" content=\"@LosPoliticosVer\" \/>\n<meta name=\"twitter:site\" content=\"@LosPoliticosVer\" \/>\n<meta name=\"twitter:label1\" content=\"Escrito por\" \/>\n\t<meta name=\"twitter:data1\" content=\"Lo viste en Los Pol\u00edticos\" \/>\n\t<meta name=\"twitter:label2\" content=\"Tiempo de lectura\" \/>\n\t<meta name=\"twitter:data2\" content=\"4 minutos\" \/>\n<script type=\"application\/ld+json\" class=\"yoast-schema-graph\">{\"@context\":\"https:\\\/\\\/schema.org\",\"@graph\":[{\"@type\":\"Article\",\"@id\":\"https:\\\/\\\/lospoliticosveracruz.com\\\/?p=12853#article\",\"isPartOf\":{\"@id\":\"https:\\\/\\\/lospoliticosveracruz.com\\\/?p=12853\"},\"author\":{\"name\":\"Lo viste en Los Pol\u00edticos\",\"@id\":\"https:\\\/\\\/lospoliticosveracruz.com\\\/#\\\/schema\\\/person\\\/b8702bb0e538456e6efd07080bf2a4a2\"},\"headline\":\"Candidatos del esc\u00e1ndalo\",\"datePublished\":\"2014-10-21T03:29:28+00:00\",\"mainEntityOfPage\":{\"@id\":\"https:\\\/\\\/lospoliticosveracruz.com\\\/?p=12853\"},\"wordCount\":833,\"commentCount\":0,\"publisher\":{\"@id\":\"https:\\\/\\\/lospoliticosveracruz.com\\\/#organization\"},\"image\":{\"@id\":\"https:\\\/\\\/lospoliticosveracruz.com\\\/?p=12853#primaryimage\"},\"thumbnailUrl\":\"http:\\\/\\\/www.lospoliticosveracruz.com.mx\\\/wp-content\\\/uploads\\\/2014\\\/10\\\/Spinoso-Carvallo-Erick-300x171.jpg\",\"keywords\":[\"Carvallo\",\"Enrique Pe\u00f1a Nieto\",\"Prospera\",\"Spinoso\",\"Veracruz\"],\"articleSection\":[\"De Opini\u00f3n\"],\"inLanguage\":\"es\",\"potentialAction\":[{\"@type\":\"CommentAction\",\"name\":\"Comment\",\"target\":[\"https:\\\/\\\/lospoliticosveracruz.com\\\/?p=12853#respond\"]}]},{\"@type\":\"WebPage\",\"@id\":\"https:\\\/\\\/lospoliticosveracruz.com\\\/?p=12853\",\"url\":\"https:\\\/\\\/lospoliticosveracruz.com\\\/?p=12853\",\"name\":\"Candidatos del esc\u00e1ndalo - Los pol\u00edticos Veracruz\",\"isPartOf\":{\"@id\":\"https:\\\/\\\/lospoliticosveracruz.com\\\/#website\"},\"primaryImageOfPage\":{\"@id\":\"https:\\\/\\\/lospoliticosveracruz.com\\\/?p=12853#primaryimage\"},\"image\":{\"@id\":\"https:\\\/\\\/lospoliticosveracruz.com\\\/?p=12853#primaryimage\"},\"thumbnailUrl\":\"http:\\\/\\\/www.lospoliticosveracruz.com.mx\\\/wp-content\\\/uploads\\\/2014\\\/10\\\/Spinoso-Carvallo-Erick-300x171.jpg\",\"datePublished\":\"2014-10-21T03:29:28+00:00\",\"breadcrumb\":{\"@id\":\"https:\\\/\\\/lospoliticosveracruz.com\\\/?p=12853#breadcrumb\"},\"inLanguage\":\"es\",\"potentialAction\":[{\"@type\":\"ReadAction\",\"target\":[\"https:\\\/\\\/lospoliticosveracruz.com\\\/?p=12853\"]}]},{\"@type\":\"ImageObject\",\"inLanguage\":\"es\",\"@id\":\"https:\\\/\\\/lospoliticosveracruz.com\\\/?p=12853#primaryimage\",\"url\":\"http:\\\/\\\/www.lospoliticosveracruz.com.mx\\\/wp-content\\\/uploads\\\/2014\\\/10\\\/Spinoso-Carvallo-Erick-300x171.jpg\",\"contentUrl\":\"http:\\\/\\\/www.lospoliticosveracruz.com.mx\\\/wp-content\\\/uploads\\\/2014\\\/10\\\/Spinoso-Carvallo-Erick-300x171.jpg\"},{\"@type\":\"BreadcrumbList\",\"@id\":\"https:\\\/\\\/lospoliticosveracruz.com\\\/?p=12853#breadcrumb\",\"itemListElement\":[{\"@type\":\"ListItem\",\"position\":1,\"name\":\"Portada\",\"item\":\"https:\\\/\\\/lospoliticosveracruz.com\\\/\"},{\"@type\":\"ListItem\",\"position\":2,\"name\":\"Candidatos del esc\u00e1ndalo\"}]},{\"@type\":\"WebSite\",\"@id\":\"https:\\\/\\\/lospoliticosveracruz.com\\\/#website\",\"url\":\"https:\\\/\\\/lospoliticosveracruz.com\\\/\",\"name\":\"Los pol\u00edticos Veracruz\",\"description\":\"\",\"publisher\":{\"@id\":\"https:\\\/\\\/lospoliticosveracruz.com\\\/#organization\"},\"potentialAction\":[{\"@type\":\"SearchAction\",\"target\":{\"@type\":\"EntryPoint\",\"urlTemplate\":\"https:\\\/\\\/lospoliticosveracruz.com\\\/?s={search_term_string}\"},\"query-input\":{\"@type\":\"PropertyValueSpecification\",\"valueRequired\":true,\"valueName\":\"search_term_string\"}}],\"inLanguage\":\"es\"},{\"@type\":\"Organization\",\"@id\":\"https:\\\/\\\/lospoliticosveracruz.com\\\/#organization\",\"name\":\"Los pol\u00edticos Veracruz\",\"url\":\"https:\\\/\\\/lospoliticosveracruz.com\\\/\",\"logo\":{\"@type\":\"ImageObject\",\"inLanguage\":\"es\",\"@id\":\"https:\\\/\\\/lospoliticosveracruz.com\\\/#\\\/schema\\\/logo\\\/image\\\/\",\"url\":\"https:\\\/\\\/lospoliticosveracruz.com\\\/wp-content\\\/uploads\\\/2025\\\/12\\\/Logo-Nuevo-LOS-POLITICOS-1.jpg\",\"contentUrl\":\"https:\\\/\\\/lospoliticosveracruz.com\\\/wp-content\\\/uploads\\\/2025\\\/12\\\/Logo-Nuevo-LOS-POLITICOS-1.jpg\",\"width\":260,\"height\":70,\"caption\":\"Los pol\u00edticos Veracruz\"},\"image\":{\"@id\":\"https:\\\/\\\/lospoliticosveracruz.com\\\/#\\\/schema\\\/logo\\\/image\\\/\"},\"sameAs\":[\"https:\\\/\\\/www.facebook.com\\\/people\\\/Notimemes-de-los-Polticos\\\/61565672886568\\\/\",\"https:\\\/\\\/x.com\\\/LosPoliticosVer\"]},{\"@type\":\"Person\",\"@id\":\"https:\\\/\\\/lospoliticosveracruz.com\\\/#\\\/schema\\\/person\\\/b8702bb0e538456e6efd07080bf2a4a2\",\"name\":\"Lo viste en Los Pol\u00edticos\",\"image\":{\"@type\":\"ImageObject\",\"inLanguage\":\"es\",\"@id\":\"https:\\\/\\\/secure.gravatar.com\\\/avatar\\\/3a8de04a2656d44082be478bd6c086daa447c4651605818287b9532d3d0bd435?s=96&d=mm&r=g\",\"url\":\"https:\\\/\\\/secure.gravatar.com\\\/avatar\\\/3a8de04a2656d44082be478bd6c086daa447c4651605818287b9532d3d0bd435?s=96&d=mm&r=g\",\"contentUrl\":\"https:\\\/\\\/secure.gravatar.com\\\/avatar\\\/3a8de04a2656d44082be478bd6c086daa447c4651605818287b9532d3d0bd435?s=96&d=mm&r=g\",\"caption\":\"Lo viste en Los Pol\u00edticos\"},\"url\":\"https:\\\/\\\/lospoliticosveracruz.com\\\/?author=2\"}]}<\/script>\n<!-- \/ Yoast SEO plugin. -->","yoast_head_json":{"title":"Candidatos del esc\u00e1ndalo - Los pol\u00edticos Veracruz","robots":{"index":"index","follow":"follow","max-snippet":"max-snippet:-1","max-image-preview":"max-image-preview:large","max-video-preview":"max-video-preview:-1"},"canonical":"https:\/\/lospoliticosveracruz.com\/?p=12853","og_locale":"es_ES","og_type":"article","og_title":"Candidatos del esc\u00e1ndalo - Los pol\u00edticos Veracruz","og_description":"Salvador Mu\u00f1oz Los Pol\u00edticos &nbsp; Cada quien ve la pol\u00edtica como mejor le conviene o como mejor le entiende. Es el caso de la \u00faltima visita de Enrique Pe\u00f1a Nieto a Veracruz, espec\u00edficamente a Poza Rica, donde vino a platicar de todas las bondades que hay dentro del programa social \u201cProspera\u201d que, de acuerdo a [&hellip;]","og_url":"https:\/\/lospoliticosveracruz.com\/?p=12853","og_site_name":"Los pol\u00edticos Veracruz","article_publisher":"https:\/\/www.facebook.com\/people\/Notimemes-de-los-Polticos\/61565672886568\/","article_published_time":"2014-10-21T03:29:28+00:00","og_image":[{"url":"http:\/\/www.lospoliticosveracruz.com.mx\/wp-content\/uploads\/2014\/10\/Spinoso-Carvallo-Erick-300x171.jpg","type":"","width":"","height":""}],"author":"Lo viste en Los Pol\u00edticos","twitter_card":"summary_large_image","twitter_creator":"@LosPoliticosVer","twitter_site":"@LosPoliticosVer","twitter_misc":{"Escrito por":"Lo viste en Los Pol\u00edticos","Tiempo de lectura":"4 minutos"},"schema":{"@context":"https:\/\/schema.org","@graph":[{"@type":"Article","@id":"https:\/\/lospoliticosveracruz.com\/?p=12853#article","isPartOf":{"@id":"https:\/\/lospoliticosveracruz.com\/?p=12853"},"author":{"name":"Lo viste en Los Pol\u00edticos","@id":"https:\/\/lospoliticosveracruz.com\/#\/schema\/person\/b8702bb0e538456e6efd07080bf2a4a2"},"headline":"Candidatos del esc\u00e1ndalo","datePublished":"2014-10-21T03:29:28+00:00","mainEntityOfPage":{"@id":"https:\/\/lospoliticosveracruz.com\/?p=12853"},"wordCount":833,"commentCount":0,"publisher":{"@id":"https:\/\/lospoliticosveracruz.com\/#organization"},"image":{"@id":"https:\/\/lospoliticosveracruz.com\/?p=12853#primaryimage"},"thumbnailUrl":"http:\/\/www.lospoliticosveracruz.com.mx\/wp-content\/uploads\/2014\/10\/Spinoso-Carvallo-Erick-300x171.jpg","keywords":["Carvallo","Enrique Pe\u00f1a Nieto","Prospera","Spinoso","Veracruz"],"articleSection":["De Opini\u00f3n"],"inLanguage":"es","potentialAction":[{"@type":"CommentAction","name":"Comment","target":["https:\/\/lospoliticosveracruz.com\/?p=12853#respond"]}]},{"@type":"WebPage","@id":"https:\/\/lospoliticosveracruz.com\/?p=12853","url":"https:\/\/lospoliticosveracruz.com\/?p=12853","name":"Candidatos del esc\u00e1ndalo - Los pol\u00edticos Veracruz","isPartOf":{"@id":"https:\/\/lospoliticosveracruz.com\/#website"},"primaryImageOfPage":{"@id":"https:\/\/lospoliticosveracruz.com\/?p=12853#primaryimage"},"image":{"@id":"https:\/\/lospoliticosveracruz.com\/?p=12853#primaryimage"},"thumbnailUrl":"http:\/\/www.lospoliticosveracruz.com.mx\/wp-content\/uploads\/2014\/10\/Spinoso-Carvallo-Erick-300x171.jpg","datePublished":"2014-10-21T03:29:28+00:00","breadcrumb":{"@id":"https:\/\/lospoliticosveracruz.com\/?p=12853#breadcrumb"},"inLanguage":"es","potentialAction":[{"@type":"ReadAction","target":["https:\/\/lospoliticosveracruz.com\/?p=12853"]}]},{"@type":"ImageObject","inLanguage":"es","@id":"https:\/\/lospoliticosveracruz.com\/?p=12853#primaryimage","url":"http:\/\/www.lospoliticosveracruz.com.mx\/wp-content\/uploads\/2014\/10\/Spinoso-Carvallo-Erick-300x171.jpg","contentUrl":"http:\/\/www.lospoliticosveracruz.com.mx\/wp-content\/uploads\/2014\/10\/Spinoso-Carvallo-Erick-300x171.jpg"},{"@type":"BreadcrumbList","@id":"https:\/\/lospoliticosveracruz.com\/?p=12853#breadcrumb","itemListElement":[{"@type":"ListItem","position":1,"name":"Portada","item":"https:\/\/lospoliticosveracruz.com\/"},{"@type":"ListItem","position":2,"name":"Candidatos del esc\u00e1ndalo"}]},{"@type":"WebSite","@id":"https:\/\/lospoliticosveracruz.com\/#website","url":"https:\/\/lospoliticosveracruz.com\/","name":"Los pol\u00edticos Veracruz","description":"","publisher":{"@id":"https:\/\/lospoliticosveracruz.com\/#organization"},"potentialAction":[{"@type":"SearchAction","target":{"@type":"EntryPoint","urlTemplate":"https:\/\/lospoliticosveracruz.com\/?s={search_term_string}"},"query-input":{"@type":"PropertyValueSpecification","valueRequired":true,"valueName":"search_term_string"}}],"inLanguage":"es"},{"@type":"Organization","@id":"https:\/\/lospoliticosveracruz.com\/#organization","name":"Los pol\u00edticos Veracruz","url":"https:\/\/lospoliticosveracruz.com\/","logo":{"@type":"ImageObject","inLanguage":"es","@id":"https:\/\/lospoliticosveracruz.com\/#\/schema\/logo\/image\/","url":"https:\/\/lospoliticosveracruz.com\/wp-content\/uploads\/2025\/12\/Logo-Nuevo-LOS-POLITICOS-1.jpg","contentUrl":"https:\/\/lospoliticosveracruz.com\/wp-content\/uploads\/2025\/12\/Logo-Nuevo-LOS-POLITICOS-1.jpg","width":260,"height":70,"caption":"Los pol\u00edticos Veracruz"},"image":{"@id":"https:\/\/lospoliticosveracruz.com\/#\/schema\/logo\/image\/"},"sameAs":["https:\/\/www.facebook.com\/people\/Notimemes-de-los-Polticos\/61565672886568\/","https:\/\/x.com\/LosPoliticosVer"]},{"@type":"Person","@id":"https:\/\/lospoliticosveracruz.com\/#\/schema\/person\/b8702bb0e538456e6efd07080bf2a4a2","name":"Lo viste en Los Pol\u00edticos","image":{"@type":"ImageObject","inLanguage":"es","@id":"https:\/\/secure.gravatar.com\/avatar\/3a8de04a2656d44082be478bd6c086daa447c4651605818287b9532d3d0bd435?s=96&d=mm&r=g","url":"https:\/\/secure.gravatar.com\/avatar\/3a8de04a2656d44082be478bd6c086daa447c4651605818287b9532d3d0bd435?s=96&d=mm&r=g","contentUrl":"https:\/\/secure.gravatar.com\/avatar\/3a8de04a2656d44082be478bd6c086daa447c4651605818287b9532d3d0bd435?s=96&d=mm&r=g","caption":"Lo viste en Los Pol\u00edticos"},"url":"https:\/\/lospoliticosveracruz.com\/?author=2"}]}},"_links":{"self":[{"href":"https:\/\/lospoliticosveracruz.com\/index.php?rest_route=\/wp\/v2\/posts\/12853","targetHints":{"allow":["GET"]}}],"collection":[{"href":"https:\/\/lospoliticosveracruz.com\/index.php?rest_route=\/wp\/v2\/posts"}],"about":[{"href":"https:\/\/lospoliticosveracruz.com\/index.php?rest_route=\/wp\/v2\/types\/post"}],"author":[{"embeddable":true,"href":"https:\/\/lospoliticosveracruz.com\/index.php?rest_route=\/wp\/v2\/users\/2"}],"replies":[{"embeddable":true,"href":"https:\/\/lospoliticosveracruz.com\/index.php?rest_route=%2Fwp%2Fv2%2Fcomments&post=12853"}],"version-history":[{"count":1,"href":"https:\/\/lospoliticosveracruz.com\/index.php?rest_route=\/wp\/v2\/posts\/12853\/revisions"}],"predecessor-version":[{"id":12855,"href":"https:\/\/lospoliticosveracruz.com\/index.php?rest_route=\/wp\/v2\/posts\/12853\/revisions\/12855"}],"wp:attachment":[{"href":"https:\/\/lospoliticosveracruz.com\/index.php?rest_route=%2Fwp%2Fv2%2Fmedia&parent=12853"}],"wp:term":[{"taxonomy":"category","embeddable":true,"href":"https:\/\/lospoliticosveracruz.com\/index.php?rest_route=%2Fwp%2Fv2%2Fcategories&post=12853"},{"taxonomy":"post_tag","embeddable":true,"href":"https:\/\/lospoliticosveracruz.com\/index.php?rest_route=%2Fwp%2Fv2%2Ftags&post=12853"}],"curies":[{"name":"wp","href":"https:\/\/api.w.org\/{rel}","templated":true}]}}