{"id":12867,"date":"2014-10-21T12:35:54","date_gmt":"2014-10-21T17:35:54","guid":{"rendered":"http:\/\/www.lospoliticosveracruz.com.mx\/?p=12867"},"modified":"2014-10-21T12:35:54","modified_gmt":"2014-10-21T17:35:54","slug":"es-por-ellas","status":"publish","type":"post","link":"https:\/\/lospoliticosveracruz.com\/?p=12867","title":{"rendered":"\u00bfEs por ellas?"},"content":{"rendered":"<p><a href=\"http:\/\/www.lospoliticosveracruz.com.mx\/wp-content\/uploads\/2014\/10\/Emma-Watson.jpg\"><img loading=\"lazy\" decoding=\"async\" class=\"alignnone size-medium wp-image-12868\" src=\"http:\/\/www.lospoliticosveracruz.com.mx\/wp-content\/uploads\/2014\/10\/Emma-Watson-300x155.jpg\" alt=\"Emma Watson\" width=\"300\" height=\"155\" \/><\/a><\/p>\n<p><strong>Paco Contreras<\/strong><\/p>\n<p><em>Mujeres que Saben Lat\u00edn<\/em><br \/>\nCon el impulso que ONU-Mujeres ha dado a la participaci\u00f3n masculina para alcanzar la igualdad como Derecho Humano (trabajo que se ha venido desarrollando desde el feminismo) se abre una l\u00ednea interesante en el desarrollo de acciones para la reducci\u00f3n de las desigualdades entre hombres y mujeres, hoy en d\u00eda, se hacen visibles varones que se proclaman a favor de la igualdad y en contra de la violencia que se ejerce hacia las mujeres.<br \/>\nEste llamado a hombres y ni\u00f1os a sumarse de manera solidaria al movimiento por la igualdad de g\u00e9nero se impulsa a trav\u00e9s de la campa\u00f1a \u201cHe for She\u201d que se present\u00f3 el pasado 20 de septiembre con la participaci\u00f3n de Emma Watson con su tan sonado \u00abLa igualdad de g\u00e9nero tambi\u00e9n es problema de ustedes\u201d. Es clar\u00edsimo que cuando una figura de la talla de Emma Watson se proclama con estaa palabras, habr\u00e1 posturas de seguimiento y detracci\u00f3n, pensemos porqu\u00e9 genera incomodidad el pensar en involucrarnos en la igualdad de g\u00e9nero.<br \/>\nEl trabajo que se ha desarrollado desde el feminismo en la b\u00fasqueda de una igualdad entre hombres y mujeres ha dado frutos y permitido que se avance en participaci\u00f3n femenina en la esfera p\u00fablica y en la privada, reconociendo sus derechos, capacidades y actividades, tambi\u00e9n se han creado instituciones, instancias y grupos organizados que trabajan fuertemente para garantizar a las mujeres el acceso a sus Derechos Humanos, es verdad que a\u00fan falta mucho por hacer y ese es el compromiso principal.<br \/>\nEsto nos lleva a la pregunta, \u00bfQu\u00e9 ha sucedido en el caso de los hombres? Ya en este espacio se ha tocado la participaci\u00f3n masculina en lo dom\u00e9stico y en relaci\u00f3n a los privilegios a los que tenemos que renunciar, hoy a los hombres nos corresponde activarnos, generar todo un movimiento que camine en pos de la igualdad y desde mi opini\u00f3n no es \u201cpor ellas\u201d, sino \u201cCON ELLAS\u201d y esto lo planteo as\u00ed por que pensar que los hombres \u201cdefendamos\u201d a las mujeres es una manera de replicar los roles e identidades masculinas que han generado la desigualdad.<br \/>\nSiendo las mujeres capaces de defender sus ideas, acciones, intereses y necesidades (lo cual ha quedado demostrado), no nos toca a los hombres \u201chacer algo por ellas\u201d nos corresponde trabajar fuertemente para que el machismo y la violencia se erradique de nuestras vidas, que tengamos acceso a mayores oportunidades (mujeres y hombres) a una vida sin violencia y sin da\u00f1os a nuestra integridad.<br \/>\nM\u00e1s all\u00e1 de una campa\u00f1a donde aparezcan personalidades proclam\u00e1ndose feministas o a favor de los Derechos Humanos de las Mujeres, necesitamos como hombres revisar profundamente los aprendizajes que contribuyeron a nuestra identidad, aquellas ideas que aparecen cuando nuestros planteamientos, necesidades y expectativas no son atendidas, es necesario que nos comprometamos a mejorar la comunicaci\u00f3n y busquemos formas para la resoluci\u00f3n de conflictos a trav\u00e9s de la noviolencia.<br \/>\nRenunciar a la violencia, no es renunciar a las identidades masculinas, es un compromiso de construirse como hombres m\u00e1s seguros, capaces de hacerse cargo de sus necesidades y poder colaborar con otras personas para el mejoramiento de las condiciones que rodean las relaciones que se establecen, la noviolencia es un reconocimiento personal y de la otra(s) persona(s) para un entendimiento y una mejor convivencia.<br \/>\nEsto, no se lograr\u00e1 solamente sum\u00e1ndose a una iniciativa a partir de la solidaridad con las mujeres, para ello es necesario que los varones nos involucremos en un proceso de an\u00e1lisis profundo de nuestra realidad y de todo aquello que nos construye y nos ha hecho los hombres que hoy somos, con miras a una transformaci\u00f3n activa y comprometida.<br \/>\nEn Xalapa, el Programa de Hombres Renunciando a su Violencia busca contribuir en la reflexi\u00f3n de los varones que asisten y que a su vez logren avanzar hacia mejores relaciones de pareja y con las mujeres y hombres que les rodean. Las sesiones son los mi\u00e9rcoles en punto de las 18:00 horas en las instalaciones del Centro de Integraci\u00f3n Juvenil de Xalapa, en la esquina que forman las avenidas Acueducto y Ruiz Cortines de la Unidad Magisterial de la ciudad de Xalapa, Veracruz.<\/p>\n","protected":false},"excerpt":{"rendered":"<p>Paco Contreras Mujeres que Saben Lat\u00edn Con el impulso que ONU-Mujeres ha dado a la participaci\u00f3n masculina para alcanzar la igualdad como Derecho Humano (trabajo que se ha venido desarrollando desde el feminismo) se abre una l\u00ednea interesante en el desarrollo de acciones para la reducci\u00f3n de las desigualdades entre hombres y mujeres, hoy en [&hellip;]<\/p>\n","protected":false},"author":2,"featured_media":0,"comment_status":"open","ping_status":"open","sticky":false,"template":"","format":"standard","meta":{"tdm_status":"","tdm_grid_status":"","footnotes":""},"categories":[70],"tags":[99,461,459,462,460,463],"class_list":{"0":"post-12867","1":"post","2":"type-post","3":"status-publish","4":"format-standard","6":"category-de-opinion","7":"tag-emma-watson","8":"tag-genero","9":"tag-he-for-she","10":"tag-hombres","11":"tag-igualdad","12":"tag-violencia"},"yoast_head":"<!-- This site is optimized with the Yoast SEO plugin v27.4 - https:\/\/yoast.com\/product\/yoast-seo-wordpress\/ -->\n<title>\u00bfEs por ellas? - Los pol\u00edticos Veracruz<\/title>\n<meta name=\"robots\" content=\"index, follow, max-snippet:-1, max-image-preview:large, max-video-preview:-1\" \/>\n<link rel=\"canonical\" href=\"https:\/\/lospoliticosveracruz.com\/?p=12867\" \/>\n<meta property=\"og:locale\" content=\"es_ES\" \/>\n<meta property=\"og:type\" content=\"article\" \/>\n<meta property=\"og:title\" content=\"\u00bfEs por ellas? - Los pol\u00edticos Veracruz\" \/>\n<meta property=\"og:description\" content=\"Paco Contreras Mujeres que Saben Lat\u00edn Con el impulso que ONU-Mujeres ha dado a la participaci\u00f3n masculina para alcanzar la igualdad como Derecho Humano (trabajo que se ha venido desarrollando desde el feminismo) se abre una l\u00ednea interesante en el desarrollo de acciones para la reducci\u00f3n de las desigualdades entre hombres y mujeres, hoy en [&hellip;]\" \/>\n<meta property=\"og:url\" content=\"https:\/\/lospoliticosveracruz.com\/?p=12867\" \/>\n<meta property=\"og:site_name\" content=\"Los pol\u00edticos Veracruz\" \/>\n<meta property=\"article:publisher\" content=\"https:\/\/www.facebook.com\/people\/Notimemes-de-los-Polticos\/61565672886568\/\" \/>\n<meta property=\"article:published_time\" content=\"2014-10-21T17:35:54+00:00\" \/>\n<meta property=\"og:image\" content=\"http:\/\/www.lospoliticosveracruz.com.mx\/wp-content\/uploads\/2014\/10\/Emma-Watson-300x155.jpg\" \/>\n<meta name=\"author\" content=\"Lo viste en Los Pol\u00edticos\" \/>\n<meta name=\"twitter:card\" content=\"summary_large_image\" \/>\n<meta name=\"twitter:creator\" content=\"@LosPoliticosVer\" \/>\n<meta name=\"twitter:site\" content=\"@LosPoliticosVer\" \/>\n<meta name=\"twitter:label1\" content=\"Escrito por\" \/>\n\t<meta name=\"twitter:data1\" content=\"Lo viste en Los Pol\u00edticos\" \/>\n\t<meta name=\"twitter:label2\" content=\"Tiempo de lectura\" \/>\n\t<meta name=\"twitter:data2\" content=\"4 minutos\" \/>\n<script type=\"application\/ld+json\" class=\"yoast-schema-graph\">{\"@context\":\"https:\\\/\\\/schema.org\",\"@graph\":[{\"@type\":\"Article\",\"@id\":\"https:\\\/\\\/lospoliticosveracruz.com\\\/?p=12867#article\",\"isPartOf\":{\"@id\":\"https:\\\/\\\/lospoliticosveracruz.com\\\/?p=12867\"},\"author\":{\"name\":\"Lo viste en Los Pol\u00edticos\",\"@id\":\"https:\\\/\\\/lospoliticosveracruz.com\\\/#\\\/schema\\\/person\\\/b8702bb0e538456e6efd07080bf2a4a2\"},\"headline\":\"\u00bfEs por ellas?\",\"datePublished\":\"2014-10-21T17:35:54+00:00\",\"mainEntityOfPage\":{\"@id\":\"https:\\\/\\\/lospoliticosveracruz.com\\\/?p=12867\"},\"wordCount\":728,\"commentCount\":0,\"publisher\":{\"@id\":\"https:\\\/\\\/lospoliticosveracruz.com\\\/#organization\"},\"image\":{\"@id\":\"https:\\\/\\\/lospoliticosveracruz.com\\\/?p=12867#primaryimage\"},\"thumbnailUrl\":\"http:\\\/\\\/www.lospoliticosveracruz.com.mx\\\/wp-content\\\/uploads\\\/2014\\\/10\\\/Emma-Watson-300x155.jpg\",\"keywords\":[\"Emma Watson\",\"g\u00e9nero\",\"He for She\",\"Hombres\",\"igualdad\",\"violencia\"],\"articleSection\":[\"De Opini\u00f3n\"],\"inLanguage\":\"es\",\"potentialAction\":[{\"@type\":\"CommentAction\",\"name\":\"Comment\",\"target\":[\"https:\\\/\\\/lospoliticosveracruz.com\\\/?p=12867#respond\"]}]},{\"@type\":\"WebPage\",\"@id\":\"https:\\\/\\\/lospoliticosveracruz.com\\\/?p=12867\",\"url\":\"https:\\\/\\\/lospoliticosveracruz.com\\\/?p=12867\",\"name\":\"\u00bfEs por ellas? - Los pol\u00edticos Veracruz\",\"isPartOf\":{\"@id\":\"https:\\\/\\\/lospoliticosveracruz.com\\\/#website\"},\"primaryImageOfPage\":{\"@id\":\"https:\\\/\\\/lospoliticosveracruz.com\\\/?p=12867#primaryimage\"},\"image\":{\"@id\":\"https:\\\/\\\/lospoliticosveracruz.com\\\/?p=12867#primaryimage\"},\"thumbnailUrl\":\"http:\\\/\\\/www.lospoliticosveracruz.com.mx\\\/wp-content\\\/uploads\\\/2014\\\/10\\\/Emma-Watson-300x155.jpg\",\"datePublished\":\"2014-10-21T17:35:54+00:00\",\"breadcrumb\":{\"@id\":\"https:\\\/\\\/lospoliticosveracruz.com\\\/?p=12867#breadcrumb\"},\"inLanguage\":\"es\",\"potentialAction\":[{\"@type\":\"ReadAction\",\"target\":[\"https:\\\/\\\/lospoliticosveracruz.com\\\/?p=12867\"]}]},{\"@type\":\"ImageObject\",\"inLanguage\":\"es\",\"@id\":\"https:\\\/\\\/lospoliticosveracruz.com\\\/?p=12867#primaryimage\",\"url\":\"http:\\\/\\\/www.lospoliticosveracruz.com.mx\\\/wp-content\\\/uploads\\\/2014\\\/10\\\/Emma-Watson-300x155.jpg\",\"contentUrl\":\"http:\\\/\\\/www.lospoliticosveracruz.com.mx\\\/wp-content\\\/uploads\\\/2014\\\/10\\\/Emma-Watson-300x155.jpg\"},{\"@type\":\"BreadcrumbList\",\"@id\":\"https:\\\/\\\/lospoliticosveracruz.com\\\/?p=12867#breadcrumb\",\"itemListElement\":[{\"@type\":\"ListItem\",\"position\":1,\"name\":\"Portada\",\"item\":\"https:\\\/\\\/lospoliticosveracruz.com\\\/\"},{\"@type\":\"ListItem\",\"position\":2,\"name\":\"\u00bfEs por ellas?\"}]},{\"@type\":\"WebSite\",\"@id\":\"https:\\\/\\\/lospoliticosveracruz.com\\\/#website\",\"url\":\"https:\\\/\\\/lospoliticosveracruz.com\\\/\",\"name\":\"Los pol\u00edticos Veracruz\",\"description\":\"\",\"publisher\":{\"@id\":\"https:\\\/\\\/lospoliticosveracruz.com\\\/#organization\"},\"potentialAction\":[{\"@type\":\"SearchAction\",\"target\":{\"@type\":\"EntryPoint\",\"urlTemplate\":\"https:\\\/\\\/lospoliticosveracruz.com\\\/?s={search_term_string}\"},\"query-input\":{\"@type\":\"PropertyValueSpecification\",\"valueRequired\":true,\"valueName\":\"search_term_string\"}}],\"inLanguage\":\"es\"},{\"@type\":\"Organization\",\"@id\":\"https:\\\/\\\/lospoliticosveracruz.com\\\/#organization\",\"name\":\"Los pol\u00edticos Veracruz\",\"url\":\"https:\\\/\\\/lospoliticosveracruz.com\\\/\",\"logo\":{\"@type\":\"ImageObject\",\"inLanguage\":\"es\",\"@id\":\"https:\\\/\\\/lospoliticosveracruz.com\\\/#\\\/schema\\\/logo\\\/image\\\/\",\"url\":\"https:\\\/\\\/lospoliticosveracruz.com\\\/wp-content\\\/uploads\\\/2025\\\/12\\\/Logo-Nuevo-LOS-POLITICOS-1.jpg\",\"contentUrl\":\"https:\\\/\\\/lospoliticosveracruz.com\\\/wp-content\\\/uploads\\\/2025\\\/12\\\/Logo-Nuevo-LOS-POLITICOS-1.jpg\",\"width\":260,\"height\":70,\"caption\":\"Los pol\u00edticos Veracruz\"},\"image\":{\"@id\":\"https:\\\/\\\/lospoliticosveracruz.com\\\/#\\\/schema\\\/logo\\\/image\\\/\"},\"sameAs\":[\"https:\\\/\\\/www.facebook.com\\\/people\\\/Notimemes-de-los-Polticos\\\/61565672886568\\\/\",\"https:\\\/\\\/x.com\\\/LosPoliticosVer\"]},{\"@type\":\"Person\",\"@id\":\"https:\\\/\\\/lospoliticosveracruz.com\\\/#\\\/schema\\\/person\\\/b8702bb0e538456e6efd07080bf2a4a2\",\"name\":\"Lo viste en Los Pol\u00edticos\",\"image\":{\"@type\":\"ImageObject\",\"inLanguage\":\"es\",\"@id\":\"https:\\\/\\\/secure.gravatar.com\\\/avatar\\\/3a8de04a2656d44082be478bd6c086daa447c4651605818287b9532d3d0bd435?s=96&d=mm&r=g\",\"url\":\"https:\\\/\\\/secure.gravatar.com\\\/avatar\\\/3a8de04a2656d44082be478bd6c086daa447c4651605818287b9532d3d0bd435?s=96&d=mm&r=g\",\"contentUrl\":\"https:\\\/\\\/secure.gravatar.com\\\/avatar\\\/3a8de04a2656d44082be478bd6c086daa447c4651605818287b9532d3d0bd435?s=96&d=mm&r=g\",\"caption\":\"Lo viste en Los Pol\u00edticos\"},\"url\":\"https:\\\/\\\/lospoliticosveracruz.com\\\/?author=2\"}]}<\/script>\n<!-- \/ Yoast SEO plugin. -->","yoast_head_json":{"title":"\u00bfEs por ellas? - Los pol\u00edticos Veracruz","robots":{"index":"index","follow":"follow","max-snippet":"max-snippet:-1","max-image-preview":"max-image-preview:large","max-video-preview":"max-video-preview:-1"},"canonical":"https:\/\/lospoliticosveracruz.com\/?p=12867","og_locale":"es_ES","og_type":"article","og_title":"\u00bfEs por ellas? - Los pol\u00edticos Veracruz","og_description":"Paco Contreras Mujeres que Saben Lat\u00edn Con el impulso que ONU-Mujeres ha dado a la participaci\u00f3n masculina para alcanzar la igualdad como Derecho Humano (trabajo que se ha venido desarrollando desde el feminismo) se abre una l\u00ednea interesante en el desarrollo de acciones para la reducci\u00f3n de las desigualdades entre hombres y mujeres, hoy en [&hellip;]","og_url":"https:\/\/lospoliticosveracruz.com\/?p=12867","og_site_name":"Los pol\u00edticos Veracruz","article_publisher":"https:\/\/www.facebook.com\/people\/Notimemes-de-los-Polticos\/61565672886568\/","article_published_time":"2014-10-21T17:35:54+00:00","og_image":[{"url":"http:\/\/www.lospoliticosveracruz.com.mx\/wp-content\/uploads\/2014\/10\/Emma-Watson-300x155.jpg","type":"","width":"","height":""}],"author":"Lo viste en Los Pol\u00edticos","twitter_card":"summary_large_image","twitter_creator":"@LosPoliticosVer","twitter_site":"@LosPoliticosVer","twitter_misc":{"Escrito por":"Lo viste en Los Pol\u00edticos","Tiempo de lectura":"4 minutos"},"schema":{"@context":"https:\/\/schema.org","@graph":[{"@type":"Article","@id":"https:\/\/lospoliticosveracruz.com\/?p=12867#article","isPartOf":{"@id":"https:\/\/lospoliticosveracruz.com\/?p=12867"},"author":{"name":"Lo viste en Los Pol\u00edticos","@id":"https:\/\/lospoliticosveracruz.com\/#\/schema\/person\/b8702bb0e538456e6efd07080bf2a4a2"},"headline":"\u00bfEs por ellas?","datePublished":"2014-10-21T17:35:54+00:00","mainEntityOfPage":{"@id":"https:\/\/lospoliticosveracruz.com\/?p=12867"},"wordCount":728,"commentCount":0,"publisher":{"@id":"https:\/\/lospoliticosveracruz.com\/#organization"},"image":{"@id":"https:\/\/lospoliticosveracruz.com\/?p=12867#primaryimage"},"thumbnailUrl":"http:\/\/www.lospoliticosveracruz.com.mx\/wp-content\/uploads\/2014\/10\/Emma-Watson-300x155.jpg","keywords":["Emma Watson","g\u00e9nero","He for She","Hombres","igualdad","violencia"],"articleSection":["De Opini\u00f3n"],"inLanguage":"es","potentialAction":[{"@type":"CommentAction","name":"Comment","target":["https:\/\/lospoliticosveracruz.com\/?p=12867#respond"]}]},{"@type":"WebPage","@id":"https:\/\/lospoliticosveracruz.com\/?p=12867","url":"https:\/\/lospoliticosveracruz.com\/?p=12867","name":"\u00bfEs por ellas? - Los pol\u00edticos Veracruz","isPartOf":{"@id":"https:\/\/lospoliticosveracruz.com\/#website"},"primaryImageOfPage":{"@id":"https:\/\/lospoliticosveracruz.com\/?p=12867#primaryimage"},"image":{"@id":"https:\/\/lospoliticosveracruz.com\/?p=12867#primaryimage"},"thumbnailUrl":"http:\/\/www.lospoliticosveracruz.com.mx\/wp-content\/uploads\/2014\/10\/Emma-Watson-300x155.jpg","datePublished":"2014-10-21T17:35:54+00:00","breadcrumb":{"@id":"https:\/\/lospoliticosveracruz.com\/?p=12867#breadcrumb"},"inLanguage":"es","potentialAction":[{"@type":"ReadAction","target":["https:\/\/lospoliticosveracruz.com\/?p=12867"]}]},{"@type":"ImageObject","inLanguage":"es","@id":"https:\/\/lospoliticosveracruz.com\/?p=12867#primaryimage","url":"http:\/\/www.lospoliticosveracruz.com.mx\/wp-content\/uploads\/2014\/10\/Emma-Watson-300x155.jpg","contentUrl":"http:\/\/www.lospoliticosveracruz.com.mx\/wp-content\/uploads\/2014\/10\/Emma-Watson-300x155.jpg"},{"@type":"BreadcrumbList","@id":"https:\/\/lospoliticosveracruz.com\/?p=12867#breadcrumb","itemListElement":[{"@type":"ListItem","position":1,"name":"Portada","item":"https:\/\/lospoliticosveracruz.com\/"},{"@type":"ListItem","position":2,"name":"\u00bfEs por ellas?"}]},{"@type":"WebSite","@id":"https:\/\/lospoliticosveracruz.com\/#website","url":"https:\/\/lospoliticosveracruz.com\/","name":"Los pol\u00edticos Veracruz","description":"","publisher":{"@id":"https:\/\/lospoliticosveracruz.com\/#organization"},"potentialAction":[{"@type":"SearchAction","target":{"@type":"EntryPoint","urlTemplate":"https:\/\/lospoliticosveracruz.com\/?s={search_term_string}"},"query-input":{"@type":"PropertyValueSpecification","valueRequired":true,"valueName":"search_term_string"}}],"inLanguage":"es"},{"@type":"Organization","@id":"https:\/\/lospoliticosveracruz.com\/#organization","name":"Los pol\u00edticos Veracruz","url":"https:\/\/lospoliticosveracruz.com\/","logo":{"@type":"ImageObject","inLanguage":"es","@id":"https:\/\/lospoliticosveracruz.com\/#\/schema\/logo\/image\/","url":"https:\/\/lospoliticosveracruz.com\/wp-content\/uploads\/2025\/12\/Logo-Nuevo-LOS-POLITICOS-1.jpg","contentUrl":"https:\/\/lospoliticosveracruz.com\/wp-content\/uploads\/2025\/12\/Logo-Nuevo-LOS-POLITICOS-1.jpg","width":260,"height":70,"caption":"Los pol\u00edticos Veracruz"},"image":{"@id":"https:\/\/lospoliticosveracruz.com\/#\/schema\/logo\/image\/"},"sameAs":["https:\/\/www.facebook.com\/people\/Notimemes-de-los-Polticos\/61565672886568\/","https:\/\/x.com\/LosPoliticosVer"]},{"@type":"Person","@id":"https:\/\/lospoliticosveracruz.com\/#\/schema\/person\/b8702bb0e538456e6efd07080bf2a4a2","name":"Lo viste en Los Pol\u00edticos","image":{"@type":"ImageObject","inLanguage":"es","@id":"https:\/\/secure.gravatar.com\/avatar\/3a8de04a2656d44082be478bd6c086daa447c4651605818287b9532d3d0bd435?s=96&d=mm&r=g","url":"https:\/\/secure.gravatar.com\/avatar\/3a8de04a2656d44082be478bd6c086daa447c4651605818287b9532d3d0bd435?s=96&d=mm&r=g","contentUrl":"https:\/\/secure.gravatar.com\/avatar\/3a8de04a2656d44082be478bd6c086daa447c4651605818287b9532d3d0bd435?s=96&d=mm&r=g","caption":"Lo viste en Los Pol\u00edticos"},"url":"https:\/\/lospoliticosveracruz.com\/?author=2"}]}},"_links":{"self":[{"href":"https:\/\/lospoliticosveracruz.com\/index.php?rest_route=\/wp\/v2\/posts\/12867","targetHints":{"allow":["GET"]}}],"collection":[{"href":"https:\/\/lospoliticosveracruz.com\/index.php?rest_route=\/wp\/v2\/posts"}],"about":[{"href":"https:\/\/lospoliticosveracruz.com\/index.php?rest_route=\/wp\/v2\/types\/post"}],"author":[{"embeddable":true,"href":"https:\/\/lospoliticosveracruz.com\/index.php?rest_route=\/wp\/v2\/users\/2"}],"replies":[{"embeddable":true,"href":"https:\/\/lospoliticosveracruz.com\/index.php?rest_route=%2Fwp%2Fv2%2Fcomments&post=12867"}],"version-history":[{"count":1,"href":"https:\/\/lospoliticosveracruz.com\/index.php?rest_route=\/wp\/v2\/posts\/12867\/revisions"}],"predecessor-version":[{"id":12869,"href":"https:\/\/lospoliticosveracruz.com\/index.php?rest_route=\/wp\/v2\/posts\/12867\/revisions\/12869"}],"wp:attachment":[{"href":"https:\/\/lospoliticosveracruz.com\/index.php?rest_route=%2Fwp%2Fv2%2Fmedia&parent=12867"}],"wp:term":[{"taxonomy":"category","embeddable":true,"href":"https:\/\/lospoliticosveracruz.com\/index.php?rest_route=%2Fwp%2Fv2%2Fcategories&post=12867"},{"taxonomy":"post_tag","embeddable":true,"href":"https:\/\/lospoliticosveracruz.com\/index.php?rest_route=%2Fwp%2Fv2%2Ftags&post=12867"}],"curies":[{"name":"wp","href":"https:\/\/api.w.org\/{rel}","templated":true}]}}