{"id":12880,"date":"2014-10-21T20:54:07","date_gmt":"2014-10-22T01:54:07","guid":{"rendered":"http:\/\/www.lospoliticosveracruz.com.mx\/?p=12880"},"modified":"2014-10-21T20:54:07","modified_gmt":"2014-10-22T01:54:07","slug":"tercera-llamada-tercera","status":"publish","type":"post","link":"https:\/\/lospoliticosveracruz.com\/?p=12880","title":{"rendered":"Tercera llamada, tercera"},"content":{"rendered":"<p><a href=\"http:\/\/www.lospoliticosveracruz.com.mx\/wp-content\/uploads\/2014\/10\/Ayotzinapa2.jpg\"><img loading=\"lazy\" decoding=\"async\" class=\"alignnone size-medium wp-image-12881\" src=\"http:\/\/www.lospoliticosveracruz.com.mx\/wp-content\/uploads\/2014\/10\/Ayotzinapa2-300x297.jpg\" alt=\"Ayotzinapa2\" width=\"300\" height=\"297\" \/><\/a><\/p>\n<p><strong>Ricardo V\u00e1zquez Salazar<\/strong><\/p>\n<p><em>Esfera Pol\u00edtica<\/em><\/p>\n<p>&nbsp;<\/p>\n<p>Desde hace casi un mes, adem\u00e1s del \u00e9bola, la otra noticia que tiene cautiva la atenci\u00f3n internacional es la desaparici\u00f3n de los estudiantes normalistas de Ayotzinapa, Guerrero. Conforme transcurran los d\u00edas de incertidumbre, la agitaci\u00f3n a la que se suman otras organizaciones, se torna m\u00e1s \u00e1spera y violenta.<\/p>\n<p>Como lo hemos venido observando, los medios de comunicaci\u00f3n m\u00e1s influyentes del planeta siguen haciendo de manera constante fuertes se\u00f1alamientos. The Economist, The New York Times, The Independent, entre otros, contin\u00faan insistiendo en la urgente necesidad de restaurar la seguridad y la paz en M\u00e9xico.<\/p>\n<p>Por tercera ocasi\u00f3n, este lunes en Poza Rica el presidente Pe\u00f1a Nieto advirti\u00f3, lo que se pudiera interpretar de manera sutil como una tercera llamada, al se\u00f1alar: \u201cPara el gobierno de la Rep\u00fablica es fundamental llegar a fondo. Y como hoy lo hacemos en Guerrero, vamos a poner orden para evitar que el crimen organizado se infiltre en las instituciones encargadas de dar seguridad a las familias\u00bb.<\/p>\n<p>La infiltraci\u00f3n del crimen organizado con autoridades no es novedad. Lo de Guerrero es solo una muestra. Ejemplos de funcionarios que han contribuido a enlutar cientos de miles de familias mexicanas, abundan.<\/p>\n<p>En el mes de febrero del presente a\u00f1o, el Consejo de la Judicatura Federal confirm\u00f3 que los amparos interpuestos por el exgobernador de Tamaulipas, Tom\u00e1s Yarrington Ruvalcaba, fueron sobrese\u00eddos, por lo que podr\u00eda ser detenido y procesado en cualquier momento. Los amparos solicitados contra de los delitos de delincuencia organizada, operaciones con recursos de procedencia il\u00edcita, contra la salud y contra la b\u00fasqueda y detenci\u00f3n internacional por parte de la Interpol. Imputaciones hechas por parte de fiscales federales del sur de Texas.<\/p>\n<p>En diciembre de 2013, el empresario mexicano Guillermo Flores Cordero, investigado por lavado de alrededor de 30 millones de d\u00f3lares, declar\u00f3 a una corte en Texas que Eugenio Hern\u00e1ndez Flores, ex gobernador de Tamaulipas de 2005 a 2010, acept\u00f3 sobornos de Los Zetas durante su administraci\u00f3n y lav\u00f3 ese dinero en territorio texano.<\/p>\n<p>Al ex gobernador panista de Aguascalientes, Luis Armando Reynoso Femat, 2004-2010, la Fiscal\u00eda de esa entidad ha integrado al menos ocho averiguaciones en contra de Reynoso: por peculado, ejercicio indebido de la funci\u00f3n p\u00fablica, enriquecimiento il\u00edcito y lavado de dinero.<\/p>\n<p>Uno de los testimonios obtenidos por MVS Noticias, del Sistema de Transparencia de Estados Unidos, establece que el crimen organizado pag\u00f3 para obtener protecci\u00f3n pol\u00edtica en Veracruz, durante el gobierno de Fidel Herrera Beltr\u00e1n para operar el trasiego de drogas hacia Estados Unidos, lavar dinero, extorsionar y secuestrar con libertad. El expediente se\u00f1ala al due\u00f1o de la empresa ADT Petroservicios, \u2018Pancho\u2019 Colorado, como su principal intermediario.<\/p>\n<p>Felipe Calder\u00f3n no pudo. Mientras se sigan solapando autoridades municipales, estatales y federales coludidas con criminales, dif\u00edcilmente alg\u00fan presidente podr\u00e1 reestablecer la paz en nuestro pa\u00eds.<\/p>\n<p>La situaci\u00f3n de lo que est\u00e1 ocurriendo es tan delicada que Pe\u00f1a Nieto sabe que no puede esperar a que las Fuerzas Armadas peguen un manotazo sobre el escritorio, no tiene otro recurso m\u00e1s que actuar contra todo funcionario que se identifique en complicidad o encubrimiento con la delincuencia organizada.<\/p>\n<p>Con la puesta en marcha de la polic\u00eda llamada \u201cFuerza Civil\u201d en Veracruz, Javier Duarte est\u00e1 asumiendo por completo la responsabilidad de restaurar la seguridad y tranquilidad de los veracruzanos, con mayor peso por el ya cercano inicio de los Juegos Centroamericanos, as\u00ed como por la celebraci\u00f3n en el mes de diciembre de la Cumbre Iberoamericana de Jefes de Estado y de Gobierno. Si las cosas mejoran, si realmente se abate la inseguridad y los veracruzanos lo constatan, Duarte recibir\u00e1 el reconocimiento de la sociedad, habr\u00eda motivos para felicitarlo; de lo contrario, quedar\u00e1 en evidencia que la polic\u00eda estatal solo cambi\u00f3 de nombre y de logo.<\/p>\n<p>rvazquez002@Yahoo.com.mx<\/p>\n","protected":false},"excerpt":{"rendered":"<p>Ricardo V\u00e1zquez Salazar Esfera Pol\u00edtica &nbsp; Desde hace casi un mes, adem\u00e1s del \u00e9bola, la otra noticia que tiene cautiva la atenci\u00f3n internacional es la desaparici\u00f3n de los estudiantes normalistas de Ayotzinapa, Guerrero. Conforme transcurran los d\u00edas de incertidumbre, la agitaci\u00f3n a la que se suman otras organizaciones, se torna m\u00e1s \u00e1spera y violenta. Como [&hellip;]<\/p>\n","protected":false},"author":2,"featured_media":0,"comment_status":"open","ping_status":"open","sticky":false,"template":"","format":"standard","meta":{"tdm_status":"","tdm_grid_status":"","footnotes":""},"categories":[70],"tags":[101,477,478,94,473,475,474,476],"class_list":{"0":"post-12880","1":"post","2":"type-post","3":"status-publish","4":"format-standard","6":"category-de-opinion","7":"tag-ayotzinapa","8":"tag-eugenio-hernandez-flores","9":"tag-mvs-noticias","10":"tag-pena-nieto","11":"tag-the-economist","12":"tag-the-independent","13":"tag-the-new-york-times","14":"tag-tomas-yarrington"},"yoast_head":"<!-- This site is optimized with the Yoast SEO plugin v27.4 - https:\/\/yoast.com\/product\/yoast-seo-wordpress\/ -->\n<title>Tercera llamada, tercera - Los pol\u00edticos Veracruz<\/title>\n<meta name=\"robots\" content=\"index, follow, max-snippet:-1, max-image-preview:large, max-video-preview:-1\" \/>\n<link rel=\"canonical\" href=\"https:\/\/lospoliticosveracruz.com\/?p=12880\" \/>\n<meta property=\"og:locale\" content=\"es_ES\" \/>\n<meta property=\"og:type\" content=\"article\" \/>\n<meta property=\"og:title\" content=\"Tercera llamada, tercera - Los pol\u00edticos Veracruz\" \/>\n<meta property=\"og:description\" content=\"Ricardo V\u00e1zquez Salazar Esfera Pol\u00edtica &nbsp; Desde hace casi un mes, adem\u00e1s del \u00e9bola, la otra noticia que tiene cautiva la atenci\u00f3n internacional es la desaparici\u00f3n de los estudiantes normalistas de Ayotzinapa, Guerrero. Conforme transcurran los d\u00edas de incertidumbre, la agitaci\u00f3n a la que se suman otras organizaciones, se torna m\u00e1s \u00e1spera y violenta. Como [&hellip;]\" \/>\n<meta property=\"og:url\" content=\"https:\/\/lospoliticosveracruz.com\/?p=12880\" \/>\n<meta property=\"og:site_name\" content=\"Los pol\u00edticos Veracruz\" \/>\n<meta property=\"article:publisher\" content=\"https:\/\/www.facebook.com\/people\/Notimemes-de-los-Polticos\/61565672886568\/\" \/>\n<meta property=\"article:published_time\" content=\"2014-10-22T01:54:07+00:00\" \/>\n<meta property=\"og:image\" content=\"http:\/\/www.lospoliticosveracruz.com.mx\/wp-content\/uploads\/2014\/10\/Ayotzinapa2-300x297.jpg\" \/>\n<meta name=\"author\" content=\"Lo viste en Los Pol\u00edticos\" \/>\n<meta name=\"twitter:card\" content=\"summary_large_image\" \/>\n<meta name=\"twitter:creator\" content=\"@LosPoliticosVer\" \/>\n<meta name=\"twitter:site\" content=\"@LosPoliticosVer\" \/>\n<meta name=\"twitter:label1\" content=\"Escrito por\" \/>\n\t<meta name=\"twitter:data1\" content=\"Lo viste en Los Pol\u00edticos\" \/>\n\t<meta name=\"twitter:label2\" content=\"Tiempo de lectura\" \/>\n\t<meta name=\"twitter:data2\" content=\"3 minutos\" \/>\n<script type=\"application\/ld+json\" class=\"yoast-schema-graph\">{\"@context\":\"https:\\\/\\\/schema.org\",\"@graph\":[{\"@type\":\"Article\",\"@id\":\"https:\\\/\\\/lospoliticosveracruz.com\\\/?p=12880#article\",\"isPartOf\":{\"@id\":\"https:\\\/\\\/lospoliticosveracruz.com\\\/?p=12880\"},\"author\":{\"name\":\"Lo viste en Los Pol\u00edticos\",\"@id\":\"https:\\\/\\\/lospoliticosveracruz.com\\\/#\\\/schema\\\/person\\\/b8702bb0e538456e6efd07080bf2a4a2\"},\"headline\":\"Tercera llamada, tercera\",\"datePublished\":\"2014-10-22T01:54:07+00:00\",\"mainEntityOfPage\":{\"@id\":\"https:\\\/\\\/lospoliticosveracruz.com\\\/?p=12880\"},\"wordCount\":672,\"commentCount\":0,\"publisher\":{\"@id\":\"https:\\\/\\\/lospoliticosveracruz.com\\\/#organization\"},\"image\":{\"@id\":\"https:\\\/\\\/lospoliticosveracruz.com\\\/?p=12880#primaryimage\"},\"thumbnailUrl\":\"http:\\\/\\\/www.lospoliticosveracruz.com.mx\\\/wp-content\\\/uploads\\\/2014\\\/10\\\/Ayotzinapa2-300x297.jpg\",\"keywords\":[\"Ayotzinapa\",\"Eugenio Hern\u00e1ndez Flores\",\"MVS Noticias\",\"Pe\u00f1a Nieto\",\"The Economist\",\"The Independent\",\"The New York Times\",\"Tom\u00e1s Yarrington\"],\"articleSection\":[\"De Opini\u00f3n\"],\"inLanguage\":\"es\",\"potentialAction\":[{\"@type\":\"CommentAction\",\"name\":\"Comment\",\"target\":[\"https:\\\/\\\/lospoliticosveracruz.com\\\/?p=12880#respond\"]}]},{\"@type\":\"WebPage\",\"@id\":\"https:\\\/\\\/lospoliticosveracruz.com\\\/?p=12880\",\"url\":\"https:\\\/\\\/lospoliticosveracruz.com\\\/?p=12880\",\"name\":\"Tercera llamada, tercera - Los pol\u00edticos Veracruz\",\"isPartOf\":{\"@id\":\"https:\\\/\\\/lospoliticosveracruz.com\\\/#website\"},\"primaryImageOfPage\":{\"@id\":\"https:\\\/\\\/lospoliticosveracruz.com\\\/?p=12880#primaryimage\"},\"image\":{\"@id\":\"https:\\\/\\\/lospoliticosveracruz.com\\\/?p=12880#primaryimage\"},\"thumbnailUrl\":\"http:\\\/\\\/www.lospoliticosveracruz.com.mx\\\/wp-content\\\/uploads\\\/2014\\\/10\\\/Ayotzinapa2-300x297.jpg\",\"datePublished\":\"2014-10-22T01:54:07+00:00\",\"breadcrumb\":{\"@id\":\"https:\\\/\\\/lospoliticosveracruz.com\\\/?p=12880#breadcrumb\"},\"inLanguage\":\"es\",\"potentialAction\":[{\"@type\":\"ReadAction\",\"target\":[\"https:\\\/\\\/lospoliticosveracruz.com\\\/?p=12880\"]}]},{\"@type\":\"ImageObject\",\"inLanguage\":\"es\",\"@id\":\"https:\\\/\\\/lospoliticosveracruz.com\\\/?p=12880#primaryimage\",\"url\":\"http:\\\/\\\/www.lospoliticosveracruz.com.mx\\\/wp-content\\\/uploads\\\/2014\\\/10\\\/Ayotzinapa2-300x297.jpg\",\"contentUrl\":\"http:\\\/\\\/www.lospoliticosveracruz.com.mx\\\/wp-content\\\/uploads\\\/2014\\\/10\\\/Ayotzinapa2-300x297.jpg\"},{\"@type\":\"BreadcrumbList\",\"@id\":\"https:\\\/\\\/lospoliticosveracruz.com\\\/?p=12880#breadcrumb\",\"itemListElement\":[{\"@type\":\"ListItem\",\"position\":1,\"name\":\"Portada\",\"item\":\"https:\\\/\\\/lospoliticosveracruz.com\\\/\"},{\"@type\":\"ListItem\",\"position\":2,\"name\":\"Tercera llamada, tercera\"}]},{\"@type\":\"WebSite\",\"@id\":\"https:\\\/\\\/lospoliticosveracruz.com\\\/#website\",\"url\":\"https:\\\/\\\/lospoliticosveracruz.com\\\/\",\"name\":\"Los pol\u00edticos Veracruz\",\"description\":\"\",\"publisher\":{\"@id\":\"https:\\\/\\\/lospoliticosveracruz.com\\\/#organization\"},\"potentialAction\":[{\"@type\":\"SearchAction\",\"target\":{\"@type\":\"EntryPoint\",\"urlTemplate\":\"https:\\\/\\\/lospoliticosveracruz.com\\\/?s={search_term_string}\"},\"query-input\":{\"@type\":\"PropertyValueSpecification\",\"valueRequired\":true,\"valueName\":\"search_term_string\"}}],\"inLanguage\":\"es\"},{\"@type\":\"Organization\",\"@id\":\"https:\\\/\\\/lospoliticosveracruz.com\\\/#organization\",\"name\":\"Los pol\u00edticos Veracruz\",\"url\":\"https:\\\/\\\/lospoliticosveracruz.com\\\/\",\"logo\":{\"@type\":\"ImageObject\",\"inLanguage\":\"es\",\"@id\":\"https:\\\/\\\/lospoliticosveracruz.com\\\/#\\\/schema\\\/logo\\\/image\\\/\",\"url\":\"https:\\\/\\\/lospoliticosveracruz.com\\\/wp-content\\\/uploads\\\/2025\\\/12\\\/Logo-Nuevo-LOS-POLITICOS-1.jpg\",\"contentUrl\":\"https:\\\/\\\/lospoliticosveracruz.com\\\/wp-content\\\/uploads\\\/2025\\\/12\\\/Logo-Nuevo-LOS-POLITICOS-1.jpg\",\"width\":260,\"height\":70,\"caption\":\"Los pol\u00edticos Veracruz\"},\"image\":{\"@id\":\"https:\\\/\\\/lospoliticosveracruz.com\\\/#\\\/schema\\\/logo\\\/image\\\/\"},\"sameAs\":[\"https:\\\/\\\/www.facebook.com\\\/people\\\/Notimemes-de-los-Polticos\\\/61565672886568\\\/\",\"https:\\\/\\\/x.com\\\/LosPoliticosVer\"]},{\"@type\":\"Person\",\"@id\":\"https:\\\/\\\/lospoliticosveracruz.com\\\/#\\\/schema\\\/person\\\/b8702bb0e538456e6efd07080bf2a4a2\",\"name\":\"Lo viste en Los Pol\u00edticos\",\"image\":{\"@type\":\"ImageObject\",\"inLanguage\":\"es\",\"@id\":\"https:\\\/\\\/secure.gravatar.com\\\/avatar\\\/3a8de04a2656d44082be478bd6c086daa447c4651605818287b9532d3d0bd435?s=96&d=mm&r=g\",\"url\":\"https:\\\/\\\/secure.gravatar.com\\\/avatar\\\/3a8de04a2656d44082be478bd6c086daa447c4651605818287b9532d3d0bd435?s=96&d=mm&r=g\",\"contentUrl\":\"https:\\\/\\\/secure.gravatar.com\\\/avatar\\\/3a8de04a2656d44082be478bd6c086daa447c4651605818287b9532d3d0bd435?s=96&d=mm&r=g\",\"caption\":\"Lo viste en Los Pol\u00edticos\"},\"url\":\"https:\\\/\\\/lospoliticosveracruz.com\\\/?author=2\"}]}<\/script>\n<!-- \/ Yoast SEO plugin. -->","yoast_head_json":{"title":"Tercera llamada, tercera - Los pol\u00edticos Veracruz","robots":{"index":"index","follow":"follow","max-snippet":"max-snippet:-1","max-image-preview":"max-image-preview:large","max-video-preview":"max-video-preview:-1"},"canonical":"https:\/\/lospoliticosveracruz.com\/?p=12880","og_locale":"es_ES","og_type":"article","og_title":"Tercera llamada, tercera - Los pol\u00edticos Veracruz","og_description":"Ricardo V\u00e1zquez Salazar Esfera Pol\u00edtica &nbsp; Desde hace casi un mes, adem\u00e1s del \u00e9bola, la otra noticia que tiene cautiva la atenci\u00f3n internacional es la desaparici\u00f3n de los estudiantes normalistas de Ayotzinapa, Guerrero. Conforme transcurran los d\u00edas de incertidumbre, la agitaci\u00f3n a la que se suman otras organizaciones, se torna m\u00e1s \u00e1spera y violenta. Como [&hellip;]","og_url":"https:\/\/lospoliticosveracruz.com\/?p=12880","og_site_name":"Los pol\u00edticos Veracruz","article_publisher":"https:\/\/www.facebook.com\/people\/Notimemes-de-los-Polticos\/61565672886568\/","article_published_time":"2014-10-22T01:54:07+00:00","og_image":[{"url":"http:\/\/www.lospoliticosveracruz.com.mx\/wp-content\/uploads\/2014\/10\/Ayotzinapa2-300x297.jpg","type":"","width":"","height":""}],"author":"Lo viste en Los Pol\u00edticos","twitter_card":"summary_large_image","twitter_creator":"@LosPoliticosVer","twitter_site":"@LosPoliticosVer","twitter_misc":{"Escrito por":"Lo viste en Los Pol\u00edticos","Tiempo de lectura":"3 minutos"},"schema":{"@context":"https:\/\/schema.org","@graph":[{"@type":"Article","@id":"https:\/\/lospoliticosveracruz.com\/?p=12880#article","isPartOf":{"@id":"https:\/\/lospoliticosveracruz.com\/?p=12880"},"author":{"name":"Lo viste en Los Pol\u00edticos","@id":"https:\/\/lospoliticosveracruz.com\/#\/schema\/person\/b8702bb0e538456e6efd07080bf2a4a2"},"headline":"Tercera llamada, tercera","datePublished":"2014-10-22T01:54:07+00:00","mainEntityOfPage":{"@id":"https:\/\/lospoliticosveracruz.com\/?p=12880"},"wordCount":672,"commentCount":0,"publisher":{"@id":"https:\/\/lospoliticosveracruz.com\/#organization"},"image":{"@id":"https:\/\/lospoliticosveracruz.com\/?p=12880#primaryimage"},"thumbnailUrl":"http:\/\/www.lospoliticosveracruz.com.mx\/wp-content\/uploads\/2014\/10\/Ayotzinapa2-300x297.jpg","keywords":["Ayotzinapa","Eugenio Hern\u00e1ndez Flores","MVS Noticias","Pe\u00f1a Nieto","The Economist","The Independent","The New York Times","Tom\u00e1s Yarrington"],"articleSection":["De Opini\u00f3n"],"inLanguage":"es","potentialAction":[{"@type":"CommentAction","name":"Comment","target":["https:\/\/lospoliticosveracruz.com\/?p=12880#respond"]}]},{"@type":"WebPage","@id":"https:\/\/lospoliticosveracruz.com\/?p=12880","url":"https:\/\/lospoliticosveracruz.com\/?p=12880","name":"Tercera llamada, tercera - Los pol\u00edticos Veracruz","isPartOf":{"@id":"https:\/\/lospoliticosveracruz.com\/#website"},"primaryImageOfPage":{"@id":"https:\/\/lospoliticosveracruz.com\/?p=12880#primaryimage"},"image":{"@id":"https:\/\/lospoliticosveracruz.com\/?p=12880#primaryimage"},"thumbnailUrl":"http:\/\/www.lospoliticosveracruz.com.mx\/wp-content\/uploads\/2014\/10\/Ayotzinapa2-300x297.jpg","datePublished":"2014-10-22T01:54:07+00:00","breadcrumb":{"@id":"https:\/\/lospoliticosveracruz.com\/?p=12880#breadcrumb"},"inLanguage":"es","potentialAction":[{"@type":"ReadAction","target":["https:\/\/lospoliticosveracruz.com\/?p=12880"]}]},{"@type":"ImageObject","inLanguage":"es","@id":"https:\/\/lospoliticosveracruz.com\/?p=12880#primaryimage","url":"http:\/\/www.lospoliticosveracruz.com.mx\/wp-content\/uploads\/2014\/10\/Ayotzinapa2-300x297.jpg","contentUrl":"http:\/\/www.lospoliticosveracruz.com.mx\/wp-content\/uploads\/2014\/10\/Ayotzinapa2-300x297.jpg"},{"@type":"BreadcrumbList","@id":"https:\/\/lospoliticosveracruz.com\/?p=12880#breadcrumb","itemListElement":[{"@type":"ListItem","position":1,"name":"Portada","item":"https:\/\/lospoliticosveracruz.com\/"},{"@type":"ListItem","position":2,"name":"Tercera llamada, tercera"}]},{"@type":"WebSite","@id":"https:\/\/lospoliticosveracruz.com\/#website","url":"https:\/\/lospoliticosveracruz.com\/","name":"Los pol\u00edticos Veracruz","description":"","publisher":{"@id":"https:\/\/lospoliticosveracruz.com\/#organization"},"potentialAction":[{"@type":"SearchAction","target":{"@type":"EntryPoint","urlTemplate":"https:\/\/lospoliticosveracruz.com\/?s={search_term_string}"},"query-input":{"@type":"PropertyValueSpecification","valueRequired":true,"valueName":"search_term_string"}}],"inLanguage":"es"},{"@type":"Organization","@id":"https:\/\/lospoliticosveracruz.com\/#organization","name":"Los pol\u00edticos Veracruz","url":"https:\/\/lospoliticosveracruz.com\/","logo":{"@type":"ImageObject","inLanguage":"es","@id":"https:\/\/lospoliticosveracruz.com\/#\/schema\/logo\/image\/","url":"https:\/\/lospoliticosveracruz.com\/wp-content\/uploads\/2025\/12\/Logo-Nuevo-LOS-POLITICOS-1.jpg","contentUrl":"https:\/\/lospoliticosveracruz.com\/wp-content\/uploads\/2025\/12\/Logo-Nuevo-LOS-POLITICOS-1.jpg","width":260,"height":70,"caption":"Los pol\u00edticos Veracruz"},"image":{"@id":"https:\/\/lospoliticosveracruz.com\/#\/schema\/logo\/image\/"},"sameAs":["https:\/\/www.facebook.com\/people\/Notimemes-de-los-Polticos\/61565672886568\/","https:\/\/x.com\/LosPoliticosVer"]},{"@type":"Person","@id":"https:\/\/lospoliticosveracruz.com\/#\/schema\/person\/b8702bb0e538456e6efd07080bf2a4a2","name":"Lo viste en Los Pol\u00edticos","image":{"@type":"ImageObject","inLanguage":"es","@id":"https:\/\/secure.gravatar.com\/avatar\/3a8de04a2656d44082be478bd6c086daa447c4651605818287b9532d3d0bd435?s=96&d=mm&r=g","url":"https:\/\/secure.gravatar.com\/avatar\/3a8de04a2656d44082be478bd6c086daa447c4651605818287b9532d3d0bd435?s=96&d=mm&r=g","contentUrl":"https:\/\/secure.gravatar.com\/avatar\/3a8de04a2656d44082be478bd6c086daa447c4651605818287b9532d3d0bd435?s=96&d=mm&r=g","caption":"Lo viste en Los Pol\u00edticos"},"url":"https:\/\/lospoliticosveracruz.com\/?author=2"}]}},"_links":{"self":[{"href":"https:\/\/lospoliticosveracruz.com\/index.php?rest_route=\/wp\/v2\/posts\/12880","targetHints":{"allow":["GET"]}}],"collection":[{"href":"https:\/\/lospoliticosveracruz.com\/index.php?rest_route=\/wp\/v2\/posts"}],"about":[{"href":"https:\/\/lospoliticosveracruz.com\/index.php?rest_route=\/wp\/v2\/types\/post"}],"author":[{"embeddable":true,"href":"https:\/\/lospoliticosveracruz.com\/index.php?rest_route=\/wp\/v2\/users\/2"}],"replies":[{"embeddable":true,"href":"https:\/\/lospoliticosveracruz.com\/index.php?rest_route=%2Fwp%2Fv2%2Fcomments&post=12880"}],"version-history":[{"count":1,"href":"https:\/\/lospoliticosveracruz.com\/index.php?rest_route=\/wp\/v2\/posts\/12880\/revisions"}],"predecessor-version":[{"id":12882,"href":"https:\/\/lospoliticosveracruz.com\/index.php?rest_route=\/wp\/v2\/posts\/12880\/revisions\/12882"}],"wp:attachment":[{"href":"https:\/\/lospoliticosveracruz.com\/index.php?rest_route=%2Fwp%2Fv2%2Fmedia&parent=12880"}],"wp:term":[{"taxonomy":"category","embeddable":true,"href":"https:\/\/lospoliticosveracruz.com\/index.php?rest_route=%2Fwp%2Fv2%2Fcategories&post=12880"},{"taxonomy":"post_tag","embeddable":true,"href":"https:\/\/lospoliticosveracruz.com\/index.php?rest_route=%2Fwp%2Fv2%2Ftags&post=12880"}],"curies":[{"name":"wp","href":"https:\/\/api.w.org\/{rel}","templated":true}]}}