{"id":128883,"date":"2024-08-20T10:31:50","date_gmt":"2024-08-20T15:31:50","guid":{"rendered":"https:\/\/lospoliticosveracruz.com.mx\/?p=128883"},"modified":"2024-08-20T10:31:50","modified_gmt":"2024-08-20T15:31:50","slug":"impunidad-7","status":"publish","type":"post","link":"https:\/\/lospoliticosveracruz.com\/?p=128883","title":{"rendered":"IMPUNIDAD"},"content":{"rendered":"\n<p><\/p>\n\n\n\n<p><strong>Roberto Morales Ayala<\/strong><\/p>\n\n\n\n<p>La impunidad en M\u00e9xico ha alcanzado niveles alarmantes, y el estado de Veracruz es uno de los escenarios m\u00e1s desoladores de esta crisis. Los datos no mienten: en un pa\u00eds donde el 77 por ciento de la poblaci\u00f3n cree que el esclarecimiento de delitos depende de presiones pol\u00edticas o medi\u00e1ticas, y donde solo uno de cada diez homicidios dolosos es resuelto, es evidente que la justicia est\u00e1 lejos de ser accesible para todos.<\/p>\n\n\n\n<p>Veracruz destaca de manera tr\u00e1gica en este panorama. Entre 2019 y 2023, se registraron 346 feminicidios en la entidad, lo que lo sit\u00faa como el tercer estado con mayor n\u00famero de casos a nivel nacional. Sin embargo, el \u00edndice de impunidad es abrumador: del total de feminicidios, ning\u00fan caso fue vinculado a proceso en la etapa inicial, lo que resulta en un \u00edndice de impunidad del 100 por ciento en esta fase cr\u00edtica. Y aunque se emitieron 38 sentencias por feminicidio, solo 37 fueron condenatorias.&nbsp;<\/p>\n\n\n\n<p>Es decir, la gran mayor\u00eda de estos cr\u00edmenes sigue sin castigo, un reflejo devastador de la ineficacia del sistema judicial.<\/p>\n\n\n\n<p>El problema no se limita a los feminicidios. La trata de personas es otro delito con \u00edndices de impunidad aterradores en Veracruz. De los 32 casos reportados en los \u00faltimos cuatro a\u00f1os, apenas cuatro fueron vinculados a proceso, y solo una sentencia fue emitida. Esto significa que el 96.88 por ciento de los casos de trata en el estado quedan impunes.<\/p>\n\n\n\n<p>M\u00e1s alarmante a\u00fan es la violencia homicida que afecta a los menores en Veracruz. Desde 2016 hasta 2023, 156 ni\u00f1os murieron y 129 resultaron heridos por armas de fuego. A pesar de la gravedad de estos cr\u00edmenes, el sistema judicial solo ha logrado emitir dos sentencias condenatorias. La impunidad en estos casos es del 99 por ciento, una cifra que no solo indigna, sino que desmoraliza.<\/p>\n\n\n\n<p>Esta falta de acci\u00f3n efectiva por parte de las autoridades no solo perpet\u00faa la violencia, sino que tambi\u00e9n socava la confianza p\u00fablica en las instituciones. Seg\u00fan el estudio de Impunidad Cero, la mayor\u00eda de los mexicanos cree que la c\u00e1rcel es la \u00fanica respuesta para combatir el crimen, pero este enfoque&nbsp;punitivista&nbsp;y militarista no ha logrado frenar la ola de impunidad. Por el contrario, parece que la justicia retributiva predomina sobre otras formas de justicia, como la reparaci\u00f3n del da\u00f1o, que apenas comienza a ganar aceptaci\u00f3n.<\/p>\n\n\n\n<p>La crisis de impunidad en Veracruz es un reflejo de un problema estructural que afecta a todo M\u00e9xico. La falta de resoluci\u00f3n de casos, la ineficacia de las instituciones judiciales, y la percepci\u00f3n de que el poder pol\u00edtico puede manipular la&nbsp;justicia, son factores que contribuyen a la desesperanza de la poblaci\u00f3n. A pesar del respaldo considerable que tiene el partido en el poder, casi la mitad de los mexicanos cree que la impunidad se ha mantenido o ha empeorado en los \u00faltimos a\u00f1os.<\/p>\n\n\n\n<p>Atender las causas de la impunidad pasa por fortalecer las instituciones de seguridad p\u00fablica de corte civil, construir capacidades de procuraci\u00f3n de justicia y optar por la prevenci\u00f3n en lugar de la represi\u00f3n. Si no se toman medidas urgentes y significativas, la violencia y la impunidad seguir\u00e1n siendo una plaga que devora a Veracruz y a todo M\u00e9xico. La sociedad no puede permitirse seguir siendo reh\u00e9n de un sistema que no ofrece garant\u00edas de justicia.<\/p>\n","protected":false},"excerpt":{"rendered":"<p>Roberto Morales Ayala La impunidad en M\u00e9xico ha alcanzado niveles alarmantes, y el estado de Veracruz es uno de los escenarios m\u00e1s desoladores de esta crisis. Los datos no mienten: en un pa\u00eds donde el 77 por ciento de la poblaci\u00f3n cree que el esclarecimiento de delitos depende de presiones pol\u00edticas o medi\u00e1ticas, y donde [&hellip;]<\/p>\n","protected":false},"author":2,"featured_media":127743,"comment_status":"closed","ping_status":"","sticky":false,"template":"","format":"standard","meta":{"tdm_status":"","tdm_grid_status":"","footnotes":""},"categories":[70],"tags":[826,1177,1048,195],"class_list":{"0":"post-128883","1":"post","2":"type-post","3":"status-publish","4":"format-standard","5":"has-post-thumbnail","7":"category-de-opinion","8":"tag-feminicidios","9":"tag-impunidad","10":"tag-justicia","11":"tag-veracruz"},"yoast_head":"<!-- This site is optimized with the Yoast SEO plugin v27.4 - https:\/\/yoast.com\/product\/yoast-seo-wordpress\/ -->\n<title>IMPUNIDAD - Los pol\u00edticos Veracruz<\/title>\n<meta name=\"robots\" content=\"index, follow, max-snippet:-1, max-image-preview:large, max-video-preview:-1\" \/>\n<link rel=\"canonical\" href=\"https:\/\/lospoliticosveracruz.com\/?p=128883\" \/>\n<meta property=\"og:locale\" content=\"es_ES\" \/>\n<meta property=\"og:type\" content=\"article\" \/>\n<meta property=\"og:title\" content=\"IMPUNIDAD - Los pol\u00edticos Veracruz\" \/>\n<meta property=\"og:description\" content=\"Roberto Morales Ayala La impunidad en M\u00e9xico ha alcanzado niveles alarmantes, y el estado de Veracruz es uno de los escenarios m\u00e1s desoladores de esta crisis. Los datos no mienten: en un pa\u00eds donde el 77 por ciento de la poblaci\u00f3n cree que el esclarecimiento de delitos depende de presiones pol\u00edticas o medi\u00e1ticas, y donde [&hellip;]\" \/>\n<meta property=\"og:url\" content=\"https:\/\/lospoliticosveracruz.com\/?p=128883\" \/>\n<meta property=\"og:site_name\" content=\"Los pol\u00edticos Veracruz\" \/>\n<meta property=\"article:publisher\" content=\"https:\/\/www.facebook.com\/people\/Notimemes-de-los-Polticos\/61565672886568\/\" \/>\n<meta property=\"article:published_time\" content=\"2024-08-20T15:31:50+00:00\" \/>\n<meta property=\"og:image\" content=\"https:\/\/lospoliticosveracruz.com\/wp-content\/uploads\/2024\/07\/Roberto-Morales-Ayala.jpg\" \/>\n\t<meta property=\"og:image:width\" content=\"1250\" \/>\n\t<meta property=\"og:image:height\" content=\"667\" \/>\n\t<meta property=\"og:image:type\" content=\"image\/jpeg\" \/>\n<meta name=\"author\" content=\"Lo viste en Los Pol\u00edticos\" \/>\n<meta name=\"twitter:card\" content=\"summary_large_image\" \/>\n<meta name=\"twitter:creator\" content=\"@LosPoliticosVer\" \/>\n<meta name=\"twitter:site\" content=\"@LosPoliticosVer\" \/>\n<meta name=\"twitter:label1\" content=\"Escrito por\" \/>\n\t<meta name=\"twitter:data1\" content=\"Lo viste en Los Pol\u00edticos\" \/>\n\t<meta name=\"twitter:label2\" content=\"Tiempo de lectura\" \/>\n\t<meta name=\"twitter:data2\" content=\"3 minutos\" \/>\n<script type=\"application\/ld+json\" class=\"yoast-schema-graph\">{\"@context\":\"https:\\\/\\\/schema.org\",\"@graph\":[{\"@type\":\"Article\",\"@id\":\"https:\\\/\\\/lospoliticosveracruz.com\\\/?p=128883#article\",\"isPartOf\":{\"@id\":\"https:\\\/\\\/lospoliticosveracruz.com\\\/?p=128883\"},\"author\":{\"name\":\"Lo viste en Los Pol\u00edticos\",\"@id\":\"https:\\\/\\\/lospoliticosveracruz.com\\\/#\\\/schema\\\/person\\\/b8702bb0e538456e6efd07080bf2a4a2\"},\"headline\":\"IMPUNIDAD\",\"datePublished\":\"2024-08-20T15:31:50+00:00\",\"mainEntityOfPage\":{\"@id\":\"https:\\\/\\\/lospoliticosveracruz.com\\\/?p=128883\"},\"wordCount\":587,\"publisher\":{\"@id\":\"https:\\\/\\\/lospoliticosveracruz.com\\\/#organization\"},\"image\":{\"@id\":\"https:\\\/\\\/lospoliticosveracruz.com\\\/?p=128883#primaryimage\"},\"thumbnailUrl\":\"https:\\\/\\\/lospoliticosveracruz.com\\\/wp-content\\\/uploads\\\/2024\\\/07\\\/Roberto-Morales-Ayala.jpg\",\"keywords\":[\"feminicidios\",\"impunidad\",\"justicia\",\"Veracruz\"],\"articleSection\":[\"De Opini\u00f3n\"],\"inLanguage\":\"es\"},{\"@type\":\"WebPage\",\"@id\":\"https:\\\/\\\/lospoliticosveracruz.com\\\/?p=128883\",\"url\":\"https:\\\/\\\/lospoliticosveracruz.com\\\/?p=128883\",\"name\":\"IMPUNIDAD - Los pol\u00edticos Veracruz\",\"isPartOf\":{\"@id\":\"https:\\\/\\\/lospoliticosveracruz.com\\\/#website\"},\"primaryImageOfPage\":{\"@id\":\"https:\\\/\\\/lospoliticosveracruz.com\\\/?p=128883#primaryimage\"},\"image\":{\"@id\":\"https:\\\/\\\/lospoliticosveracruz.com\\\/?p=128883#primaryimage\"},\"thumbnailUrl\":\"https:\\\/\\\/lospoliticosveracruz.com\\\/wp-content\\\/uploads\\\/2024\\\/07\\\/Roberto-Morales-Ayala.jpg\",\"datePublished\":\"2024-08-20T15:31:50+00:00\",\"breadcrumb\":{\"@id\":\"https:\\\/\\\/lospoliticosveracruz.com\\\/?p=128883#breadcrumb\"},\"inLanguage\":\"es\",\"potentialAction\":[{\"@type\":\"ReadAction\",\"target\":[\"https:\\\/\\\/lospoliticosveracruz.com\\\/?p=128883\"]}]},{\"@type\":\"ImageObject\",\"inLanguage\":\"es\",\"@id\":\"https:\\\/\\\/lospoliticosveracruz.com\\\/?p=128883#primaryimage\",\"url\":\"https:\\\/\\\/lospoliticosveracruz.com\\\/wp-content\\\/uploads\\\/2024\\\/07\\\/Roberto-Morales-Ayala.jpg\",\"contentUrl\":\"https:\\\/\\\/lospoliticosveracruz.com\\\/wp-content\\\/uploads\\\/2024\\\/07\\\/Roberto-Morales-Ayala.jpg\",\"width\":1250,\"height\":667},{\"@type\":\"BreadcrumbList\",\"@id\":\"https:\\\/\\\/lospoliticosveracruz.com\\\/?p=128883#breadcrumb\",\"itemListElement\":[{\"@type\":\"ListItem\",\"position\":1,\"name\":\"Portada\",\"item\":\"https:\\\/\\\/lospoliticosveracruz.com\\\/\"},{\"@type\":\"ListItem\",\"position\":2,\"name\":\"IMPUNIDAD\"}]},{\"@type\":\"WebSite\",\"@id\":\"https:\\\/\\\/lospoliticosveracruz.com\\\/#website\",\"url\":\"https:\\\/\\\/lospoliticosveracruz.com\\\/\",\"name\":\"Los pol\u00edticos Veracruz\",\"description\":\"\",\"publisher\":{\"@id\":\"https:\\\/\\\/lospoliticosveracruz.com\\\/#organization\"},\"potentialAction\":[{\"@type\":\"SearchAction\",\"target\":{\"@type\":\"EntryPoint\",\"urlTemplate\":\"https:\\\/\\\/lospoliticosveracruz.com\\\/?s={search_term_string}\"},\"query-input\":{\"@type\":\"PropertyValueSpecification\",\"valueRequired\":true,\"valueName\":\"search_term_string\"}}],\"inLanguage\":\"es\"},{\"@type\":\"Organization\",\"@id\":\"https:\\\/\\\/lospoliticosveracruz.com\\\/#organization\",\"name\":\"Los pol\u00edticos Veracruz\",\"url\":\"https:\\\/\\\/lospoliticosveracruz.com\\\/\",\"logo\":{\"@type\":\"ImageObject\",\"inLanguage\":\"es\",\"@id\":\"https:\\\/\\\/lospoliticosveracruz.com\\\/#\\\/schema\\\/logo\\\/image\\\/\",\"url\":\"https:\\\/\\\/lospoliticosveracruz.com\\\/wp-content\\\/uploads\\\/2025\\\/12\\\/Logo-Nuevo-LOS-POLITICOS-1.jpg\",\"contentUrl\":\"https:\\\/\\\/lospoliticosveracruz.com\\\/wp-content\\\/uploads\\\/2025\\\/12\\\/Logo-Nuevo-LOS-POLITICOS-1.jpg\",\"width\":260,\"height\":70,\"caption\":\"Los pol\u00edticos Veracruz\"},\"image\":{\"@id\":\"https:\\\/\\\/lospoliticosveracruz.com\\\/#\\\/schema\\\/logo\\\/image\\\/\"},\"sameAs\":[\"https:\\\/\\\/www.facebook.com\\\/people\\\/Notimemes-de-los-Polticos\\\/61565672886568\\\/\",\"https:\\\/\\\/x.com\\\/LosPoliticosVer\"]},{\"@type\":\"Person\",\"@id\":\"https:\\\/\\\/lospoliticosveracruz.com\\\/#\\\/schema\\\/person\\\/b8702bb0e538456e6efd07080bf2a4a2\",\"name\":\"Lo viste en Los Pol\u00edticos\",\"image\":{\"@type\":\"ImageObject\",\"inLanguage\":\"es\",\"@id\":\"https:\\\/\\\/secure.gravatar.com\\\/avatar\\\/3a8de04a2656d44082be478bd6c086daa447c4651605818287b9532d3d0bd435?s=96&d=mm&r=g\",\"url\":\"https:\\\/\\\/secure.gravatar.com\\\/avatar\\\/3a8de04a2656d44082be478bd6c086daa447c4651605818287b9532d3d0bd435?s=96&d=mm&r=g\",\"contentUrl\":\"https:\\\/\\\/secure.gravatar.com\\\/avatar\\\/3a8de04a2656d44082be478bd6c086daa447c4651605818287b9532d3d0bd435?s=96&d=mm&r=g\",\"caption\":\"Lo viste en Los Pol\u00edticos\"},\"url\":\"https:\\\/\\\/lospoliticosveracruz.com\\\/?author=2\"}]}<\/script>\n<!-- \/ Yoast SEO plugin. -->","yoast_head_json":{"title":"IMPUNIDAD - Los pol\u00edticos Veracruz","robots":{"index":"index","follow":"follow","max-snippet":"max-snippet:-1","max-image-preview":"max-image-preview:large","max-video-preview":"max-video-preview:-1"},"canonical":"https:\/\/lospoliticosveracruz.com\/?p=128883","og_locale":"es_ES","og_type":"article","og_title":"IMPUNIDAD - Los pol\u00edticos Veracruz","og_description":"Roberto Morales Ayala La impunidad en M\u00e9xico ha alcanzado niveles alarmantes, y el estado de Veracruz es uno de los escenarios m\u00e1s desoladores de esta crisis. Los datos no mienten: en un pa\u00eds donde el 77 por ciento de la poblaci\u00f3n cree que el esclarecimiento de delitos depende de presiones pol\u00edticas o medi\u00e1ticas, y donde [&hellip;]","og_url":"https:\/\/lospoliticosveracruz.com\/?p=128883","og_site_name":"Los pol\u00edticos Veracruz","article_publisher":"https:\/\/www.facebook.com\/people\/Notimemes-de-los-Polticos\/61565672886568\/","article_published_time":"2024-08-20T15:31:50+00:00","og_image":[{"width":1250,"height":667,"url":"https:\/\/lospoliticosveracruz.com\/wp-content\/uploads\/2024\/07\/Roberto-Morales-Ayala.jpg","type":"image\/jpeg"}],"author":"Lo viste en Los Pol\u00edticos","twitter_card":"summary_large_image","twitter_creator":"@LosPoliticosVer","twitter_site":"@LosPoliticosVer","twitter_misc":{"Escrito por":"Lo viste en Los Pol\u00edticos","Tiempo de lectura":"3 minutos"},"schema":{"@context":"https:\/\/schema.org","@graph":[{"@type":"Article","@id":"https:\/\/lospoliticosveracruz.com\/?p=128883#article","isPartOf":{"@id":"https:\/\/lospoliticosveracruz.com\/?p=128883"},"author":{"name":"Lo viste en Los Pol\u00edticos","@id":"https:\/\/lospoliticosveracruz.com\/#\/schema\/person\/b8702bb0e538456e6efd07080bf2a4a2"},"headline":"IMPUNIDAD","datePublished":"2024-08-20T15:31:50+00:00","mainEntityOfPage":{"@id":"https:\/\/lospoliticosveracruz.com\/?p=128883"},"wordCount":587,"publisher":{"@id":"https:\/\/lospoliticosveracruz.com\/#organization"},"image":{"@id":"https:\/\/lospoliticosveracruz.com\/?p=128883#primaryimage"},"thumbnailUrl":"https:\/\/lospoliticosveracruz.com\/wp-content\/uploads\/2024\/07\/Roberto-Morales-Ayala.jpg","keywords":["feminicidios","impunidad","justicia","Veracruz"],"articleSection":["De Opini\u00f3n"],"inLanguage":"es"},{"@type":"WebPage","@id":"https:\/\/lospoliticosveracruz.com\/?p=128883","url":"https:\/\/lospoliticosveracruz.com\/?p=128883","name":"IMPUNIDAD - Los pol\u00edticos Veracruz","isPartOf":{"@id":"https:\/\/lospoliticosveracruz.com\/#website"},"primaryImageOfPage":{"@id":"https:\/\/lospoliticosveracruz.com\/?p=128883#primaryimage"},"image":{"@id":"https:\/\/lospoliticosveracruz.com\/?p=128883#primaryimage"},"thumbnailUrl":"https:\/\/lospoliticosveracruz.com\/wp-content\/uploads\/2024\/07\/Roberto-Morales-Ayala.jpg","datePublished":"2024-08-20T15:31:50+00:00","breadcrumb":{"@id":"https:\/\/lospoliticosveracruz.com\/?p=128883#breadcrumb"},"inLanguage":"es","potentialAction":[{"@type":"ReadAction","target":["https:\/\/lospoliticosveracruz.com\/?p=128883"]}]},{"@type":"ImageObject","inLanguage":"es","@id":"https:\/\/lospoliticosveracruz.com\/?p=128883#primaryimage","url":"https:\/\/lospoliticosveracruz.com\/wp-content\/uploads\/2024\/07\/Roberto-Morales-Ayala.jpg","contentUrl":"https:\/\/lospoliticosveracruz.com\/wp-content\/uploads\/2024\/07\/Roberto-Morales-Ayala.jpg","width":1250,"height":667},{"@type":"BreadcrumbList","@id":"https:\/\/lospoliticosveracruz.com\/?p=128883#breadcrumb","itemListElement":[{"@type":"ListItem","position":1,"name":"Portada","item":"https:\/\/lospoliticosveracruz.com\/"},{"@type":"ListItem","position":2,"name":"IMPUNIDAD"}]},{"@type":"WebSite","@id":"https:\/\/lospoliticosveracruz.com\/#website","url":"https:\/\/lospoliticosveracruz.com\/","name":"Los pol\u00edticos Veracruz","description":"","publisher":{"@id":"https:\/\/lospoliticosveracruz.com\/#organization"},"potentialAction":[{"@type":"SearchAction","target":{"@type":"EntryPoint","urlTemplate":"https:\/\/lospoliticosveracruz.com\/?s={search_term_string}"},"query-input":{"@type":"PropertyValueSpecification","valueRequired":true,"valueName":"search_term_string"}}],"inLanguage":"es"},{"@type":"Organization","@id":"https:\/\/lospoliticosveracruz.com\/#organization","name":"Los pol\u00edticos Veracruz","url":"https:\/\/lospoliticosveracruz.com\/","logo":{"@type":"ImageObject","inLanguage":"es","@id":"https:\/\/lospoliticosveracruz.com\/#\/schema\/logo\/image\/","url":"https:\/\/lospoliticosveracruz.com\/wp-content\/uploads\/2025\/12\/Logo-Nuevo-LOS-POLITICOS-1.jpg","contentUrl":"https:\/\/lospoliticosveracruz.com\/wp-content\/uploads\/2025\/12\/Logo-Nuevo-LOS-POLITICOS-1.jpg","width":260,"height":70,"caption":"Los pol\u00edticos Veracruz"},"image":{"@id":"https:\/\/lospoliticosveracruz.com\/#\/schema\/logo\/image\/"},"sameAs":["https:\/\/www.facebook.com\/people\/Notimemes-de-los-Polticos\/61565672886568\/","https:\/\/x.com\/LosPoliticosVer"]},{"@type":"Person","@id":"https:\/\/lospoliticosveracruz.com\/#\/schema\/person\/b8702bb0e538456e6efd07080bf2a4a2","name":"Lo viste en Los Pol\u00edticos","image":{"@type":"ImageObject","inLanguage":"es","@id":"https:\/\/secure.gravatar.com\/avatar\/3a8de04a2656d44082be478bd6c086daa447c4651605818287b9532d3d0bd435?s=96&d=mm&r=g","url":"https:\/\/secure.gravatar.com\/avatar\/3a8de04a2656d44082be478bd6c086daa447c4651605818287b9532d3d0bd435?s=96&d=mm&r=g","contentUrl":"https:\/\/secure.gravatar.com\/avatar\/3a8de04a2656d44082be478bd6c086daa447c4651605818287b9532d3d0bd435?s=96&d=mm&r=g","caption":"Lo viste en Los Pol\u00edticos"},"url":"https:\/\/lospoliticosveracruz.com\/?author=2"}]}},"_links":{"self":[{"href":"https:\/\/lospoliticosveracruz.com\/index.php?rest_route=\/wp\/v2\/posts\/128883","targetHints":{"allow":["GET"]}}],"collection":[{"href":"https:\/\/lospoliticosveracruz.com\/index.php?rest_route=\/wp\/v2\/posts"}],"about":[{"href":"https:\/\/lospoliticosveracruz.com\/index.php?rest_route=\/wp\/v2\/types\/post"}],"author":[{"embeddable":true,"href":"https:\/\/lospoliticosveracruz.com\/index.php?rest_route=\/wp\/v2\/users\/2"}],"replies":[{"embeddable":true,"href":"https:\/\/lospoliticosveracruz.com\/index.php?rest_route=%2Fwp%2Fv2%2Fcomments&post=128883"}],"version-history":[{"count":1,"href":"https:\/\/lospoliticosveracruz.com\/index.php?rest_route=\/wp\/v2\/posts\/128883\/revisions"}],"predecessor-version":[{"id":128884,"href":"https:\/\/lospoliticosveracruz.com\/index.php?rest_route=\/wp\/v2\/posts\/128883\/revisions\/128884"}],"wp:featuredmedia":[{"embeddable":true,"href":"https:\/\/lospoliticosveracruz.com\/index.php?rest_route=\/wp\/v2\/media\/127743"}],"wp:attachment":[{"href":"https:\/\/lospoliticosveracruz.com\/index.php?rest_route=%2Fwp%2Fv2%2Fmedia&parent=128883"}],"wp:term":[{"taxonomy":"category","embeddable":true,"href":"https:\/\/lospoliticosveracruz.com\/index.php?rest_route=%2Fwp%2Fv2%2Fcategories&post=128883"},{"taxonomy":"post_tag","embeddable":true,"href":"https:\/\/lospoliticosveracruz.com\/index.php?rest_route=%2Fwp%2Fv2%2Ftags&post=128883"}],"curies":[{"name":"wp","href":"https:\/\/api.w.org\/{rel}","templated":true}]}}