{"id":128902,"date":"2024-08-20T19:05:14","date_gmt":"2024-08-21T00:05:14","guid":{"rendered":"https:\/\/lospoliticosveracruz.com.mx\/?p=128902"},"modified":"2024-08-20T19:05:25","modified_gmt":"2024-08-21T00:05:25","slug":"prioridades-7","status":"publish","type":"post","link":"https:\/\/lospoliticosveracruz.com\/?p=128902","title":{"rendered":"PRIORIDADES"},"content":{"rendered":"\n<p><strong>Guadalupe H. Mar<\/strong><\/p>\n\n\n\n<p><em>Mira Pol\u00edtica<\/em><\/p>\n\n\n\n<p><strong>DE JUAN GARABATO<\/strong> \u2026 En un comunicado de prensa emitido por el gobierno del estado de Veracruz, un d\u00eda despu\u00e9s de la \u201cprobadita\u201d del VI Informe de gobierno del ingeniero mec\u00e1nico electricista Cuitl\u00e1huac Garc\u00eda Jim\u00e9nez, a\u00fan mandatario estatal veracruzano, se da a conocer que \u201cse invirtieron m\u00e1s de mil 200 millones de pesos en la construcci\u00f3n y mantenimiento de escuelas e instalaciones deportivas; modernizaci\u00f3n de recintos, atenci\u00f3n a poblaci\u00f3n vulnerable y respaldo a la investigaci\u00f3n\u201d, suponemos que en los seis a\u00f1os de esta administraci\u00f3n.<\/p>\n\n\n\n<p>En el segundo p\u00e1rrafo, o de refuerzo, se da a conocer \u201cfueron 514 millones 281 mil 203 en preparatorias y bachilleratos; 173 millones 729 mil 774 en la rehabilitaci\u00f3n y construcci\u00f3n de complejos deportivos; 437 millones 375 mil 990 en universidades, normales y tecnol\u00f3gicos concluidos y m\u00e1s de 46 millones en la modernizaci\u00f3n de 17 espacios culturales\u201d.<\/p>\n\n\n\n<p>Vista de lejos, mil 200 millones de pesos destinados en este sexenio a la educaci\u00f3n y cultura, es una importante cantidad, sin embargo, el esfuerzo econ\u00f3mico se achica, cuando ese monto se compara con los m\u00e1s de mil 500 millones de pesos que en los \u00faltimos casi dos a\u00f1os ha destinado el gobierno del estado en la restauraci\u00f3n de un estadio de f\u00fatbol, que no tiene equipo futbol\u00edstico y que ahora en calidad de mientras ser\u00e1 tambi\u00e9n un centro comercial, tal y como alguna vez lo intent\u00f3 el ex propietario de ese s\u00ed, equipo de primera divisi\u00f3n, los Tiburones Rojos de Veracruz, el orizabe\u00f1o y ex diputado federal priista Fidel Kuri Grajales.<\/p>\n\n\n\n<p>Con base en lo anterior amables lectoras y lectores, la nota como se dice en el argot period\u00edstico es que el gobierno del ingeniero mec\u00e1nico electricista Cuitl\u00e1huac Garc\u00eda Jim\u00e9nez destin\u00f3 300 millones de pesos menos a la educaci\u00f3n y a la cultura en Veracruz, que al f\u00fatbol en el que ha invertido m\u00e1s de mil 500 millones de pesos. Esa ser\u00eda la entrada de la nota, dir\u00eda cualquier jefe de Redacci\u00f3n.<\/p>\n\n\n\n<p>Para darle realce al comunicado de prensa, el gobierno del estado de Veracruz describe en el quinto p\u00e1rrafo lo siguiente: \u201cM\u00e1s de 190 millones recaudados por el Organismo P\u00fablico Local Electoral por concepto de multas a partidos pol\u00edticos fueron destinados a programas de ciencia y tecnolog\u00eda\u201d, tema del que no se precisa al menos un caso de \u00e9xito para darle certeza a lo difundido en la siguiente liga: https:\/\/www.veracruz.gob.mx\/2024\/08\/19\/en-educacion-y-cultura-gobierno-de-veracruz-invierte-mas-de-mil-200-mdp\/<\/p>\n\n\n\n<p>Sumando esos 190 millones de pesos que dicen recuper\u00f3 el OPLE Veracruz a los mil 200 millones de pesos que destin\u00f3 el gobierno estatal, resultan mil 390 millones de pesos asignados a la educaci\u00f3n y a la cultura por el gobierno del estado de Veracruz, o sea, que con lo sumado, la educaci\u00f3n recibi\u00f3 menos que un estadio de f\u00fatbol, que est\u00e1 muy lejos de concluirse, en el que trabajan a obscuras para apurar su conclusi\u00f3n, lo que nos hace suponer que no estar\u00e1 listo para cuando termine el sexenio del ingeniero mec\u00e1nico electricista Cuitl\u00e1huac Garc\u00eda Jim\u00e9nez, quien el pasado domingo dio una \u201cprobadita\u201d de lo que dice que hizo en seis a\u00f1os.<\/p>\n\n\n\n<p><strong>\u00bfCU\u00c1L ES LA PRISA?<\/strong>&nbsp;\u2026 No est\u00e1n ustedes para saberlo, pero callada y silentemente varios diputados locales han solicitado licencia al Congreso del estado de Veracruz para irse a la Ciudad de M\u00e9xico donde est\u00e1n por asumir una diputaci\u00f3n federal, esto sin que se llame a sus suplentes para que ocupen la curul que se ha desocupado.<\/p>\n\n\n\n<p>La prisa de los diputados locales con licencia es porque en esta ocasi\u00f3n la Legislatura federal iniciar\u00e1 funciones el domingo primero de septiembre, o sea en diez d\u00edas y para entonces ya deben estar instalados en la Ciudad de M\u00e9xico.<\/p>\n\n\n\n<p>Dec\u00edamos que llama la atenci\u00f3n que, pese a la solicitud de licencias, no se ha llamado a los suplentes para que atiendan los asuntos pendientes que a\u00fan tiene la LXVI Legislatura veracruzana, que concluye sus funciones en la primera semana de noviembre pr\u00f3ximo.<\/p>\n\n\n\n<p><strong>COMO LOS NEOLIBERALES<\/strong>&nbsp;\u2026 Por cierto, desde la LXVI Legislatura veracruzana nos escriben para quejarse de quienes operan el Congreso local encabezados por Juan Javier G\u00f3mez Cazar\u00edn, presidente de la Junta de Coordinaci\u00f3n Pol\u00edtica, pues resulta que est\u00e1n despidiendo a muchos trabajadores con el argumento de que el Congreso local ya no tiene dinero.<\/p>\n\n\n\n<p>Se habla de 300 trabajadoras y trabajadores del Congreso veracruzano quienes tendr\u00e1n que renunciar a poco m\u00e1s de dos meses de que concluya la LXVI Legislatura, por lo que se hace extra\u00f1o que \u201clos jefes\u201d argumenten que no hay dinero para pagar sus salarios si eso ya fue presupuestado desde el a\u00f1o pasado, salvo que los gastos de los directivos de la Legislatura hayan sido mayores a lo estimado.<\/p>\n\n\n\n<p>En esta corredera de gente, comentan algunos quejosos, est\u00e1n dejando sin trabajo a muchas mujeres cuya \u00fanica fuente de ingreso era el de este empleo.<\/p>\n\n\n\n<p>\u00bfQu\u00e9 hay de eso Josefina?<\/p>\n\n\n\n<p>D\u00cdGALO SIN MIEDO \u2026 Al correo electr\u00f3nico guadalupehmar@gmail.com<\/p>\n","protected":false},"excerpt":{"rendered":"<p>Guadalupe H. Mar Mira Pol\u00edtica DE JUAN GARABATO \u2026 En un comunicado de prensa emitido por el gobierno del estado de Veracruz, un d\u00eda despu\u00e9s de la \u201cprobadita\u201d del VI Informe de gobierno del ingeniero mec\u00e1nico electricista Cuitl\u00e1huac Garc\u00eda Jim\u00e9nez, a\u00fan mandatario estatal veracruzano, se da a conocer que \u201cse invirtieron m\u00e1s de mil 200 [&hellip;]<\/p>\n","protected":false},"author":2,"featured_media":119929,"comment_status":"closed","ping_status":"closed","sticky":false,"template":"","format":"standard","meta":{"tdm_status":"","tdm_grid_status":"","footnotes":""},"categories":[70],"tags":[1563,1026,195],"class_list":{"0":"post-128902","1":"post","2":"type-post","3":"status-publish","4":"format-standard","5":"has-post-thumbnail","7":"category-de-opinion","8":"tag-cuitlahuac-garcia-jimenez","9":"tag-morena","10":"tag-veracruz"},"yoast_head":"<!-- This site is optimized with the Yoast SEO plugin v27.4 - https:\/\/yoast.com\/product\/yoast-seo-wordpress\/ -->\n<title>PRIORIDADES - Los pol\u00edticos Veracruz<\/title>\n<meta name=\"robots\" content=\"index, follow, max-snippet:-1, max-image-preview:large, max-video-preview:-1\" \/>\n<link rel=\"canonical\" href=\"https:\/\/lospoliticosveracruz.com\/?p=128902\" \/>\n<meta property=\"og:locale\" content=\"es_ES\" \/>\n<meta property=\"og:type\" content=\"article\" \/>\n<meta property=\"og:title\" content=\"PRIORIDADES - Los pol\u00edticos Veracruz\" \/>\n<meta property=\"og:description\" content=\"Guadalupe H. Mar Mira Pol\u00edtica DE JUAN GARABATO \u2026 En un comunicado de prensa emitido por el gobierno del estado de Veracruz, un d\u00eda despu\u00e9s de la \u201cprobadita\u201d del VI Informe de gobierno del ingeniero mec\u00e1nico electricista Cuitl\u00e1huac Garc\u00eda Jim\u00e9nez, a\u00fan mandatario estatal veracruzano, se da a conocer que \u201cse invirtieron m\u00e1s de mil 200 [&hellip;]\" \/>\n<meta property=\"og:url\" content=\"https:\/\/lospoliticosveracruz.com\/?p=128902\" \/>\n<meta property=\"og:site_name\" content=\"Los pol\u00edticos Veracruz\" \/>\n<meta property=\"article:publisher\" content=\"https:\/\/www.facebook.com\/people\/Notimemes-de-los-Polticos\/61565672886568\/\" \/>\n<meta property=\"article:published_time\" content=\"2024-08-21T00:05:14+00:00\" \/>\n<meta property=\"article:modified_time\" content=\"2024-08-21T00:05:25+00:00\" \/>\n<meta property=\"og:image\" content=\"https:\/\/lospoliticosveracruz.com\/wp-content\/uploads\/2024\/03\/Lupita-Mar.jpg\" \/>\n\t<meta property=\"og:image:width\" content=\"1250\" \/>\n\t<meta property=\"og:image:height\" content=\"667\" \/>\n\t<meta property=\"og:image:type\" content=\"image\/jpeg\" \/>\n<meta name=\"author\" content=\"Lo viste en Los Pol\u00edticos\" \/>\n<meta name=\"twitter:card\" content=\"summary_large_image\" \/>\n<meta name=\"twitter:creator\" content=\"@LosPoliticosVer\" \/>\n<meta name=\"twitter:site\" content=\"@LosPoliticosVer\" \/>\n<meta name=\"twitter:label1\" content=\"Escrito por\" \/>\n\t<meta name=\"twitter:data1\" content=\"Lo viste en Los Pol\u00edticos\" \/>\n\t<meta name=\"twitter:label2\" content=\"Tiempo de lectura\" \/>\n\t<meta name=\"twitter:data2\" content=\"4 minutos\" \/>\n<script type=\"application\/ld+json\" class=\"yoast-schema-graph\">{\"@context\":\"https:\\\/\\\/schema.org\",\"@graph\":[{\"@type\":\"Article\",\"@id\":\"https:\\\/\\\/lospoliticosveracruz.com\\\/?p=128902#article\",\"isPartOf\":{\"@id\":\"https:\\\/\\\/lospoliticosveracruz.com\\\/?p=128902\"},\"author\":{\"name\":\"Lo viste en Los Pol\u00edticos\",\"@id\":\"https:\\\/\\\/lospoliticosveracruz.com\\\/#\\\/schema\\\/person\\\/b8702bb0e538456e6efd07080bf2a4a2\"},\"headline\":\"PRIORIDADES\",\"datePublished\":\"2024-08-21T00:05:14+00:00\",\"dateModified\":\"2024-08-21T00:05:25+00:00\",\"mainEntityOfPage\":{\"@id\":\"https:\\\/\\\/lospoliticosveracruz.com\\\/?p=128902\"},\"wordCount\":879,\"publisher\":{\"@id\":\"https:\\\/\\\/lospoliticosveracruz.com\\\/#organization\"},\"image\":{\"@id\":\"https:\\\/\\\/lospoliticosveracruz.com\\\/?p=128902#primaryimage\"},\"thumbnailUrl\":\"https:\\\/\\\/lospoliticosveracruz.com\\\/wp-content\\\/uploads\\\/2024\\\/03\\\/Lupita-Mar.jpg\",\"keywords\":[\"Cuitl\u00e1huac Garc\u00eda Jim\u00e9nez\",\"Morena\",\"Veracruz\"],\"articleSection\":[\"De Opini\u00f3n\"],\"inLanguage\":\"es\"},{\"@type\":\"WebPage\",\"@id\":\"https:\\\/\\\/lospoliticosveracruz.com\\\/?p=128902\",\"url\":\"https:\\\/\\\/lospoliticosveracruz.com\\\/?p=128902\",\"name\":\"PRIORIDADES - Los pol\u00edticos Veracruz\",\"isPartOf\":{\"@id\":\"https:\\\/\\\/lospoliticosveracruz.com\\\/#website\"},\"primaryImageOfPage\":{\"@id\":\"https:\\\/\\\/lospoliticosveracruz.com\\\/?p=128902#primaryimage\"},\"image\":{\"@id\":\"https:\\\/\\\/lospoliticosveracruz.com\\\/?p=128902#primaryimage\"},\"thumbnailUrl\":\"https:\\\/\\\/lospoliticosveracruz.com\\\/wp-content\\\/uploads\\\/2024\\\/03\\\/Lupita-Mar.jpg\",\"datePublished\":\"2024-08-21T00:05:14+00:00\",\"dateModified\":\"2024-08-21T00:05:25+00:00\",\"breadcrumb\":{\"@id\":\"https:\\\/\\\/lospoliticosveracruz.com\\\/?p=128902#breadcrumb\"},\"inLanguage\":\"es\",\"potentialAction\":[{\"@type\":\"ReadAction\",\"target\":[\"https:\\\/\\\/lospoliticosveracruz.com\\\/?p=128902\"]}]},{\"@type\":\"ImageObject\",\"inLanguage\":\"es\",\"@id\":\"https:\\\/\\\/lospoliticosveracruz.com\\\/?p=128902#primaryimage\",\"url\":\"https:\\\/\\\/lospoliticosveracruz.com\\\/wp-content\\\/uploads\\\/2024\\\/03\\\/Lupita-Mar.jpg\",\"contentUrl\":\"https:\\\/\\\/lospoliticosveracruz.com\\\/wp-content\\\/uploads\\\/2024\\\/03\\\/Lupita-Mar.jpg\",\"width\":1250,\"height\":667},{\"@type\":\"BreadcrumbList\",\"@id\":\"https:\\\/\\\/lospoliticosveracruz.com\\\/?p=128902#breadcrumb\",\"itemListElement\":[{\"@type\":\"ListItem\",\"position\":1,\"name\":\"Portada\",\"item\":\"https:\\\/\\\/lospoliticosveracruz.com\\\/\"},{\"@type\":\"ListItem\",\"position\":2,\"name\":\"PRIORIDADES\"}]},{\"@type\":\"WebSite\",\"@id\":\"https:\\\/\\\/lospoliticosveracruz.com\\\/#website\",\"url\":\"https:\\\/\\\/lospoliticosveracruz.com\\\/\",\"name\":\"Los pol\u00edticos Veracruz\",\"description\":\"\",\"publisher\":{\"@id\":\"https:\\\/\\\/lospoliticosveracruz.com\\\/#organization\"},\"potentialAction\":[{\"@type\":\"SearchAction\",\"target\":{\"@type\":\"EntryPoint\",\"urlTemplate\":\"https:\\\/\\\/lospoliticosveracruz.com\\\/?s={search_term_string}\"},\"query-input\":{\"@type\":\"PropertyValueSpecification\",\"valueRequired\":true,\"valueName\":\"search_term_string\"}}],\"inLanguage\":\"es\"},{\"@type\":\"Organization\",\"@id\":\"https:\\\/\\\/lospoliticosveracruz.com\\\/#organization\",\"name\":\"Los pol\u00edticos Veracruz\",\"url\":\"https:\\\/\\\/lospoliticosveracruz.com\\\/\",\"logo\":{\"@type\":\"ImageObject\",\"inLanguage\":\"es\",\"@id\":\"https:\\\/\\\/lospoliticosveracruz.com\\\/#\\\/schema\\\/logo\\\/image\\\/\",\"url\":\"https:\\\/\\\/lospoliticosveracruz.com\\\/wp-content\\\/uploads\\\/2025\\\/12\\\/Logo-Nuevo-LOS-POLITICOS-1.jpg\",\"contentUrl\":\"https:\\\/\\\/lospoliticosveracruz.com\\\/wp-content\\\/uploads\\\/2025\\\/12\\\/Logo-Nuevo-LOS-POLITICOS-1.jpg\",\"width\":260,\"height\":70,\"caption\":\"Los pol\u00edticos Veracruz\"},\"image\":{\"@id\":\"https:\\\/\\\/lospoliticosveracruz.com\\\/#\\\/schema\\\/logo\\\/image\\\/\"},\"sameAs\":[\"https:\\\/\\\/www.facebook.com\\\/people\\\/Notimemes-de-los-Polticos\\\/61565672886568\\\/\",\"https:\\\/\\\/x.com\\\/LosPoliticosVer\"]},{\"@type\":\"Person\",\"@id\":\"https:\\\/\\\/lospoliticosveracruz.com\\\/#\\\/schema\\\/person\\\/b8702bb0e538456e6efd07080bf2a4a2\",\"name\":\"Lo viste en Los Pol\u00edticos\",\"image\":{\"@type\":\"ImageObject\",\"inLanguage\":\"es\",\"@id\":\"https:\\\/\\\/secure.gravatar.com\\\/avatar\\\/3a8de04a2656d44082be478bd6c086daa447c4651605818287b9532d3d0bd435?s=96&d=mm&r=g\",\"url\":\"https:\\\/\\\/secure.gravatar.com\\\/avatar\\\/3a8de04a2656d44082be478bd6c086daa447c4651605818287b9532d3d0bd435?s=96&d=mm&r=g\",\"contentUrl\":\"https:\\\/\\\/secure.gravatar.com\\\/avatar\\\/3a8de04a2656d44082be478bd6c086daa447c4651605818287b9532d3d0bd435?s=96&d=mm&r=g\",\"caption\":\"Lo viste en Los Pol\u00edticos\"},\"url\":\"https:\\\/\\\/lospoliticosveracruz.com\\\/?author=2\"}]}<\/script>\n<!-- \/ Yoast SEO plugin. -->","yoast_head_json":{"title":"PRIORIDADES - Los pol\u00edticos Veracruz","robots":{"index":"index","follow":"follow","max-snippet":"max-snippet:-1","max-image-preview":"max-image-preview:large","max-video-preview":"max-video-preview:-1"},"canonical":"https:\/\/lospoliticosveracruz.com\/?p=128902","og_locale":"es_ES","og_type":"article","og_title":"PRIORIDADES - Los pol\u00edticos Veracruz","og_description":"Guadalupe H. Mar Mira Pol\u00edtica DE JUAN GARABATO \u2026 En un comunicado de prensa emitido por el gobierno del estado de Veracruz, un d\u00eda despu\u00e9s de la \u201cprobadita\u201d del VI Informe de gobierno del ingeniero mec\u00e1nico electricista Cuitl\u00e1huac Garc\u00eda Jim\u00e9nez, a\u00fan mandatario estatal veracruzano, se da a conocer que \u201cse invirtieron m\u00e1s de mil 200 [&hellip;]","og_url":"https:\/\/lospoliticosveracruz.com\/?p=128902","og_site_name":"Los pol\u00edticos Veracruz","article_publisher":"https:\/\/www.facebook.com\/people\/Notimemes-de-los-Polticos\/61565672886568\/","article_published_time":"2024-08-21T00:05:14+00:00","article_modified_time":"2024-08-21T00:05:25+00:00","og_image":[{"width":1250,"height":667,"url":"https:\/\/lospoliticosveracruz.com\/wp-content\/uploads\/2024\/03\/Lupita-Mar.jpg","type":"image\/jpeg"}],"author":"Lo viste en Los Pol\u00edticos","twitter_card":"summary_large_image","twitter_creator":"@LosPoliticosVer","twitter_site":"@LosPoliticosVer","twitter_misc":{"Escrito por":"Lo viste en Los Pol\u00edticos","Tiempo de lectura":"4 minutos"},"schema":{"@context":"https:\/\/schema.org","@graph":[{"@type":"Article","@id":"https:\/\/lospoliticosveracruz.com\/?p=128902#article","isPartOf":{"@id":"https:\/\/lospoliticosveracruz.com\/?p=128902"},"author":{"name":"Lo viste en Los Pol\u00edticos","@id":"https:\/\/lospoliticosveracruz.com\/#\/schema\/person\/b8702bb0e538456e6efd07080bf2a4a2"},"headline":"PRIORIDADES","datePublished":"2024-08-21T00:05:14+00:00","dateModified":"2024-08-21T00:05:25+00:00","mainEntityOfPage":{"@id":"https:\/\/lospoliticosveracruz.com\/?p=128902"},"wordCount":879,"publisher":{"@id":"https:\/\/lospoliticosveracruz.com\/#organization"},"image":{"@id":"https:\/\/lospoliticosveracruz.com\/?p=128902#primaryimage"},"thumbnailUrl":"https:\/\/lospoliticosveracruz.com\/wp-content\/uploads\/2024\/03\/Lupita-Mar.jpg","keywords":["Cuitl\u00e1huac Garc\u00eda Jim\u00e9nez","Morena","Veracruz"],"articleSection":["De Opini\u00f3n"],"inLanguage":"es"},{"@type":"WebPage","@id":"https:\/\/lospoliticosveracruz.com\/?p=128902","url":"https:\/\/lospoliticosveracruz.com\/?p=128902","name":"PRIORIDADES - Los pol\u00edticos Veracruz","isPartOf":{"@id":"https:\/\/lospoliticosveracruz.com\/#website"},"primaryImageOfPage":{"@id":"https:\/\/lospoliticosveracruz.com\/?p=128902#primaryimage"},"image":{"@id":"https:\/\/lospoliticosveracruz.com\/?p=128902#primaryimage"},"thumbnailUrl":"https:\/\/lospoliticosveracruz.com\/wp-content\/uploads\/2024\/03\/Lupita-Mar.jpg","datePublished":"2024-08-21T00:05:14+00:00","dateModified":"2024-08-21T00:05:25+00:00","breadcrumb":{"@id":"https:\/\/lospoliticosveracruz.com\/?p=128902#breadcrumb"},"inLanguage":"es","potentialAction":[{"@type":"ReadAction","target":["https:\/\/lospoliticosveracruz.com\/?p=128902"]}]},{"@type":"ImageObject","inLanguage":"es","@id":"https:\/\/lospoliticosveracruz.com\/?p=128902#primaryimage","url":"https:\/\/lospoliticosveracruz.com\/wp-content\/uploads\/2024\/03\/Lupita-Mar.jpg","contentUrl":"https:\/\/lospoliticosveracruz.com\/wp-content\/uploads\/2024\/03\/Lupita-Mar.jpg","width":1250,"height":667},{"@type":"BreadcrumbList","@id":"https:\/\/lospoliticosveracruz.com\/?p=128902#breadcrumb","itemListElement":[{"@type":"ListItem","position":1,"name":"Portada","item":"https:\/\/lospoliticosveracruz.com\/"},{"@type":"ListItem","position":2,"name":"PRIORIDADES"}]},{"@type":"WebSite","@id":"https:\/\/lospoliticosveracruz.com\/#website","url":"https:\/\/lospoliticosveracruz.com\/","name":"Los pol\u00edticos Veracruz","description":"","publisher":{"@id":"https:\/\/lospoliticosveracruz.com\/#organization"},"potentialAction":[{"@type":"SearchAction","target":{"@type":"EntryPoint","urlTemplate":"https:\/\/lospoliticosveracruz.com\/?s={search_term_string}"},"query-input":{"@type":"PropertyValueSpecification","valueRequired":true,"valueName":"search_term_string"}}],"inLanguage":"es"},{"@type":"Organization","@id":"https:\/\/lospoliticosveracruz.com\/#organization","name":"Los pol\u00edticos Veracruz","url":"https:\/\/lospoliticosveracruz.com\/","logo":{"@type":"ImageObject","inLanguage":"es","@id":"https:\/\/lospoliticosveracruz.com\/#\/schema\/logo\/image\/","url":"https:\/\/lospoliticosveracruz.com\/wp-content\/uploads\/2025\/12\/Logo-Nuevo-LOS-POLITICOS-1.jpg","contentUrl":"https:\/\/lospoliticosveracruz.com\/wp-content\/uploads\/2025\/12\/Logo-Nuevo-LOS-POLITICOS-1.jpg","width":260,"height":70,"caption":"Los pol\u00edticos Veracruz"},"image":{"@id":"https:\/\/lospoliticosveracruz.com\/#\/schema\/logo\/image\/"},"sameAs":["https:\/\/www.facebook.com\/people\/Notimemes-de-los-Polticos\/61565672886568\/","https:\/\/x.com\/LosPoliticosVer"]},{"@type":"Person","@id":"https:\/\/lospoliticosveracruz.com\/#\/schema\/person\/b8702bb0e538456e6efd07080bf2a4a2","name":"Lo viste en Los Pol\u00edticos","image":{"@type":"ImageObject","inLanguage":"es","@id":"https:\/\/secure.gravatar.com\/avatar\/3a8de04a2656d44082be478bd6c086daa447c4651605818287b9532d3d0bd435?s=96&d=mm&r=g","url":"https:\/\/secure.gravatar.com\/avatar\/3a8de04a2656d44082be478bd6c086daa447c4651605818287b9532d3d0bd435?s=96&d=mm&r=g","contentUrl":"https:\/\/secure.gravatar.com\/avatar\/3a8de04a2656d44082be478bd6c086daa447c4651605818287b9532d3d0bd435?s=96&d=mm&r=g","caption":"Lo viste en Los Pol\u00edticos"},"url":"https:\/\/lospoliticosveracruz.com\/?author=2"}]}},"_links":{"self":[{"href":"https:\/\/lospoliticosveracruz.com\/index.php?rest_route=\/wp\/v2\/posts\/128902","targetHints":{"allow":["GET"]}}],"collection":[{"href":"https:\/\/lospoliticosveracruz.com\/index.php?rest_route=\/wp\/v2\/posts"}],"about":[{"href":"https:\/\/lospoliticosveracruz.com\/index.php?rest_route=\/wp\/v2\/types\/post"}],"author":[{"embeddable":true,"href":"https:\/\/lospoliticosveracruz.com\/index.php?rest_route=\/wp\/v2\/users\/2"}],"replies":[{"embeddable":true,"href":"https:\/\/lospoliticosveracruz.com\/index.php?rest_route=%2Fwp%2Fv2%2Fcomments&post=128902"}],"version-history":[{"count":1,"href":"https:\/\/lospoliticosveracruz.com\/index.php?rest_route=\/wp\/v2\/posts\/128902\/revisions"}],"predecessor-version":[{"id":128903,"href":"https:\/\/lospoliticosveracruz.com\/index.php?rest_route=\/wp\/v2\/posts\/128902\/revisions\/128903"}],"wp:featuredmedia":[{"embeddable":true,"href":"https:\/\/lospoliticosveracruz.com\/index.php?rest_route=\/wp\/v2\/media\/119929"}],"wp:attachment":[{"href":"https:\/\/lospoliticosveracruz.com\/index.php?rest_route=%2Fwp%2Fv2%2Fmedia&parent=128902"}],"wp:term":[{"taxonomy":"category","embeddable":true,"href":"https:\/\/lospoliticosveracruz.com\/index.php?rest_route=%2Fwp%2Fv2%2Fcategories&post=128902"},{"taxonomy":"post_tag","embeddable":true,"href":"https:\/\/lospoliticosveracruz.com\/index.php?rest_route=%2Fwp%2Fv2%2Ftags&post=128902"}],"curies":[{"name":"wp","href":"https:\/\/api.w.org\/{rel}","templated":true}]}}