{"id":128913,"date":"2024-08-20T23:24:10","date_gmt":"2024-08-21T04:24:10","guid":{"rendered":"https:\/\/lospoliticosveracruz.com.mx\/?p=128913"},"modified":"2024-08-20T23:24:20","modified_gmt":"2024-08-21T04:24:20","slug":"coatzacoalcos-3","status":"publish","type":"post","link":"https:\/\/lospoliticosveracruz.com\/?p=128913","title":{"rendered":"COATZACOALCOS"},"content":{"rendered":"\n<p><\/p>\n\n\n\n<p><\/p>\n\n\n\n<p><strong>Jos\u00e9 Luis Ortega Vidal<br><\/strong><em>Claroscuros<\/em><\/p>\n\n\n\n<p>(1)<br>Hay \u00e1reas en el Ayuntamiento de Coatzacoalcos que cambiaron para mejorar: la Secretar\u00eda, ahora a cargo de Ricardo Ord\u00f3\u00f1ez Malpica y la Coordinaci\u00f3n de Comunicaci\u00f3n Social con Maythe Morales Ramos al frente\u2026<br>La idea de realizar ruedas de prensa semanales -cada lunes- marca una oportunidad bien aprovechada para impulsar dos procesos de comunicaci\u00f3n pol\u00edtica por parte del alcalde Amado Cruz Malpica: hacia el interior con ediles y directivos y hacia el exterior con medios de comunicaci\u00f3n y en consecuencia con la sociedad.<\/p>\n\n\n<div class=\"wp-block-image\">\n<figure class=\"alignleft size-thumbnail\"><a href=\"https:\/\/lospoliticosveracruz.com.mx\/wp-content\/uploads\/2024\/05\/IMG_0341-e1716950925234.jpeg\"><img loading=\"lazy\" decoding=\"async\" width=\"150\" height=\"150\" src=\"https:\/\/lospoliticosveracruz.com.mx\/wp-content\/uploads\/2024\/05\/IMG_0341-150x150.jpeg\" alt=\"\" class=\"wp-image-125332\"\/><\/a><\/figure>\n<\/div>\n\n\n<p><br>Ni los medios de comunicaci\u00f3n alcanzan a informar todo a toda la sociedad, ni \u00e9sta se informa de todo y los datos a los que accede provienen de varias v\u00edas.<br>Por ello: hacer bien lo que se puede hacer, luce bien\u2026<br>Se a\u00f1ade la estrategia del gobierno de puertas abiertas, donde los ciudadanos pueden acudir al foro respectivo, en la zona correspondiente y gestionar la atenci\u00f3n, la soluci\u00f3n a la problem\u00e1tica que enfrentan; este mi\u00e9rcoles ser\u00e1 el quinto foro ciudadano del a\u00f1o.<br>Durante la rueda de prensa del pasado lunes, se present\u00f3 un programa de equipamiento, se\u00f1al\u00e9ticas y semaforizaci\u00f3n del municipio, para atender un rubro con treinta a\u00f1os de rezago.<br>Me llam\u00f3 la atenci\u00f3n el presupuesto a invertir: poco m\u00e1s de ochenta y dos millones de pesos.<br>Es una cantidad fuerte que saldr\u00e1 del Fondo de Aportaciones para el Fortalecimiento de los Municipios Territoriales del Distrito Federal, de acuerdo a informaci\u00f3n difundida en el bolet\u00edn del Ayuntamiento.<br>No est\u00e1 a discusi\u00f3n la necesidad de actualizar y modernizar las condiciones de tr\u00e1nsito en un municipio cuya poblaci\u00f3n rebasa los trescientos mil habitantes, con una flota vehicular -entre p\u00fablica y privada- por arriba de las doscientas treinta y un mil unidades.<br>El detalle est\u00e1 en el costo de 508 luces LED, 221 postes y 185 sem\u00e1foros en los 50 cruces de la ciudad.<br>Treinta de esos cruceros contar\u00e1n con sem\u00e1foros peatonales.<br>\u00bfEsta lista de materiales y la respectiva mano de obra cuestan 82 millones de pesos?<br>Por lo pronto hay un punto a favor de las autoridades: el proyecto, sus costos generales, sus caracter\u00edsticas, fueron expuestos con transparencia ante periodistas y se generaron transmisiones en vivo de la rueda de prensa.<br>Hubo, tambi\u00e9n, oportunidad de preguntar.<br>Vaya: este tema se maneja con transparencia inicial\u2026<br>Ser\u00e1 obligaci\u00f3n de periodistas y ciudadanos dar seguimiento detallado a la inversi\u00f3n, a sus costos espec\u00edficos, al desarrollo del plan que incluye obras en varios aspectos, as\u00ed como el resultado final.<br>Si hay necesidad de aplicar un recurso p\u00fablico, si existen las condiciones para hacerlo y si el resultado final es positivo, bien.<br>En eso consiste un ejercicio de gobierno.<br>Para indagar, dudar e informar est\u00e1n los medios de comunicaci\u00f3n.<br>Permanecer atentos y vigilantes es obligaci\u00f3n y derecho de todos los ciudadanos.<\/p>\n\n\n\n<p>(2)<br>Sobre Coatzacoalcos, resultan de suma importancia dos tem\u00e1ticas m\u00e1s:<\/p>\n\n\n\n<p>A) Las obras anunciadas por la gobernadora electa Roc\u00edo Nahle Garc\u00eda, particularmente la ampliaci\u00f3n del puente Coatzacoalcos 1 y el distribuidor vial al otro lado del r\u00edo, es decir en la zona de acceso a Nanchital, al complejo petroqu\u00edmico Pajaritos, as\u00ed como la carretera que conduce a Nuevo Teapa, en cuyo trayecto se ubican los complejos petroqu\u00edmicos Cangrejera y Morelos.<br>Construir y modernizar esas v\u00edas de comunicaci\u00f3n urge desde hace varios lustros, pero sexenios -federales y estatales- han pasado, sin que nadie rescate del abandono los accesos a la zona industrial del sur veracruzano.<\/p>\n\n\n\n<p>B) La segunda tem\u00e1tica es el Corredor Interoce\u00e1nico del Istmo de Tehuantepec (CIIT)\u2026<br>Y es que justamente la carretera que conduce de Coatzacoalcos hacia Nuevo Teapa se une, en esta poblaci\u00f3n, con la autopista que -en direcci\u00f3n norte- comunica a Minatitl\u00e1n, Cosoleacaque, Sayula, La Tinaja y permite llegar a las ciudades de Veracruz y M\u00e9xico; mientras que en direcci\u00f3n sur se dirige a Tabasco, Chiapas, Campeche y la Pen\u00ednsula de Yucat\u00e1n.<br>Al mismo tiempo, esta carretera que Roc\u00edo Nahle se ha comprometido a modernizar, conecta con los terrenos asignados para dos Polos de Desarrollo de Bienestar (PODEBIS) del CIIT.<br>Sin infraestructura no hay Polos de Desarrollo.<br>Sin esos Polos de Desarrollo no hay futuro macroecon\u00f3mico para Coatzacoalcos, ni para el sur veracruzano.<br>Nuevos y modernos puentes y autopistas son piezas clave para el Corredor Interoce\u00e1nico del Istmo de Tehuantepec, porque el tren no es suficiente; adem\u00e1s de que las obras ferroviarias entre los puertos de Coatzacoalcos y Salina Cruz a\u00fan no concluyen.<\/p>\n\n\n\n<p>(3)<br>Queda muy claro, todo se vincula: la inversi\u00f3n en obra p\u00fablica por parte del Ayuntamiento para mejorar las condiciones urbanas porte\u00f1as es un punto relevante de ochenta millones de pesos y el Corredor Interoce\u00e1nico del Istmo de Tehuantepec es un megaproyecto cuyo costo sumar\u00eda y sumar\u00eda miles de millones de d\u00f3lares\u2026<br>En medio de ambos temas est\u00e1n las obras anunciadas por Roc\u00edo Nahle, cuyo monto a\u00fan no conocemos.<br>Y por encima de todo est\u00e1 el compromiso pol\u00edtico de cumplir los compromisos pol\u00edticos.<\/p>\n","protected":false},"excerpt":{"rendered":"<p>Jos\u00e9 Luis Ortega VidalClaroscuros (1)Hay \u00e1reas en el Ayuntamiento de Coatzacoalcos que cambiaron para mejorar: la Secretar\u00eda, ahora a cargo de Ricardo Ord\u00f3\u00f1ez Malpica y la Coordinaci\u00f3n de Comunicaci\u00f3n Social con Maythe Morales Ramos al frente\u2026La idea de realizar ruedas de prensa semanales -cada lunes- marca una oportunidad bien aprovechada para impulsar dos procesos de [&hellip;]<\/p>\n","protected":false},"author":2,"featured_media":119931,"comment_status":"closed","ping_status":"closed","sticky":false,"template":"","format":"standard","meta":{"tdm_status":"","tdm_grid_status":"","footnotes":""},"categories":[70],"tags":[5618,2769,41604,41603],"class_list":{"0":"post-128913","1":"post","2":"type-post","3":"status-publish","4":"format-standard","5":"has-post-thumbnail","7":"category-de-opinion","8":"tag-amado-cruz-malpica","9":"tag-jose-luis-ortega-vidal","10":"tag-maythe-morales-ramos","11":"tag-ricardo-ordonez-malpica"},"yoast_head":"<!-- This site is optimized with the Yoast SEO plugin v27.4 - https:\/\/yoast.com\/product\/yoast-seo-wordpress\/ -->\n<title>COATZACOALCOS - Los pol\u00edticos Veracruz<\/title>\n<meta name=\"robots\" content=\"index, follow, max-snippet:-1, max-image-preview:large, max-video-preview:-1\" \/>\n<link rel=\"canonical\" href=\"https:\/\/lospoliticosveracruz.com\/?p=128913\" \/>\n<meta property=\"og:locale\" content=\"es_ES\" \/>\n<meta property=\"og:type\" content=\"article\" \/>\n<meta property=\"og:title\" content=\"COATZACOALCOS - Los pol\u00edticos Veracruz\" \/>\n<meta property=\"og:description\" content=\"Jos\u00e9 Luis Ortega VidalClaroscuros (1)Hay \u00e1reas en el Ayuntamiento de Coatzacoalcos que cambiaron para mejorar: la Secretar\u00eda, ahora a cargo de Ricardo Ord\u00f3\u00f1ez Malpica y la Coordinaci\u00f3n de Comunicaci\u00f3n Social con Maythe Morales Ramos al frente\u2026La idea de realizar ruedas de prensa semanales -cada lunes- marca una oportunidad bien aprovechada para impulsar dos procesos de [&hellip;]\" \/>\n<meta property=\"og:url\" content=\"https:\/\/lospoliticosveracruz.com\/?p=128913\" \/>\n<meta property=\"og:site_name\" content=\"Los pol\u00edticos Veracruz\" \/>\n<meta property=\"article:publisher\" content=\"https:\/\/www.facebook.com\/people\/Notimemes-de-los-Polticos\/61565672886568\/\" \/>\n<meta property=\"article:published_time\" content=\"2024-08-21T04:24:10+00:00\" \/>\n<meta property=\"article:modified_time\" content=\"2024-08-21T04:24:20+00:00\" \/>\n<meta property=\"og:image\" content=\"https:\/\/lospoliticosveracruz.com\/wp-content\/uploads\/2024\/03\/Jose-Luis-Ortega-Vidal.jpg\" \/>\n\t<meta property=\"og:image:width\" content=\"1250\" \/>\n\t<meta property=\"og:image:height\" content=\"667\" \/>\n\t<meta property=\"og:image:type\" content=\"image\/jpeg\" \/>\n<meta name=\"author\" content=\"Lo viste en Los Pol\u00edticos\" \/>\n<meta name=\"twitter:card\" content=\"summary_large_image\" \/>\n<meta name=\"twitter:creator\" content=\"@LosPoliticosVer\" \/>\n<meta name=\"twitter:site\" content=\"@LosPoliticosVer\" \/>\n<meta name=\"twitter:label1\" content=\"Escrito por\" \/>\n\t<meta name=\"twitter:data1\" content=\"Lo viste en Los Pol\u00edticos\" \/>\n\t<meta name=\"twitter:label2\" content=\"Tiempo de lectura\" \/>\n\t<meta name=\"twitter:data2\" content=\"4 minutos\" \/>\n<script type=\"application\/ld+json\" class=\"yoast-schema-graph\">{\"@context\":\"https:\\\/\\\/schema.org\",\"@graph\":[{\"@type\":\"Article\",\"@id\":\"https:\\\/\\\/lospoliticosveracruz.com\\\/?p=128913#article\",\"isPartOf\":{\"@id\":\"https:\\\/\\\/lospoliticosveracruz.com\\\/?p=128913\"},\"author\":{\"name\":\"Lo viste en Los Pol\u00edticos\",\"@id\":\"https:\\\/\\\/lospoliticosveracruz.com\\\/#\\\/schema\\\/person\\\/b8702bb0e538456e6efd07080bf2a4a2\"},\"headline\":\"COATZACOALCOS\",\"datePublished\":\"2024-08-21T04:24:10+00:00\",\"dateModified\":\"2024-08-21T04:24:20+00:00\",\"mainEntityOfPage\":{\"@id\":\"https:\\\/\\\/lospoliticosveracruz.com\\\/?p=128913\"},\"wordCount\":878,\"publisher\":{\"@id\":\"https:\\\/\\\/lospoliticosveracruz.com\\\/#organization\"},\"image\":{\"@id\":\"https:\\\/\\\/lospoliticosveracruz.com\\\/?p=128913#primaryimage\"},\"thumbnailUrl\":\"https:\\\/\\\/lospoliticosveracruz.com\\\/wp-content\\\/uploads\\\/2024\\\/03\\\/Jose-Luis-Ortega-Vidal.jpg\",\"keywords\":[\"Amado Cruz Malpica\",\"Jos\u00e9 Luis Ortega Vidal\",\"Maythe Morales Ramos\",\"Ricardo Ord\u00f3\u00f1ez Malpica\"],\"articleSection\":[\"De Opini\u00f3n\"],\"inLanguage\":\"es\"},{\"@type\":\"WebPage\",\"@id\":\"https:\\\/\\\/lospoliticosveracruz.com\\\/?p=128913\",\"url\":\"https:\\\/\\\/lospoliticosveracruz.com\\\/?p=128913\",\"name\":\"COATZACOALCOS - Los pol\u00edticos Veracruz\",\"isPartOf\":{\"@id\":\"https:\\\/\\\/lospoliticosveracruz.com\\\/#website\"},\"primaryImageOfPage\":{\"@id\":\"https:\\\/\\\/lospoliticosveracruz.com\\\/?p=128913#primaryimage\"},\"image\":{\"@id\":\"https:\\\/\\\/lospoliticosveracruz.com\\\/?p=128913#primaryimage\"},\"thumbnailUrl\":\"https:\\\/\\\/lospoliticosveracruz.com\\\/wp-content\\\/uploads\\\/2024\\\/03\\\/Jose-Luis-Ortega-Vidal.jpg\",\"datePublished\":\"2024-08-21T04:24:10+00:00\",\"dateModified\":\"2024-08-21T04:24:20+00:00\",\"breadcrumb\":{\"@id\":\"https:\\\/\\\/lospoliticosveracruz.com\\\/?p=128913#breadcrumb\"},\"inLanguage\":\"es\",\"potentialAction\":[{\"@type\":\"ReadAction\",\"target\":[\"https:\\\/\\\/lospoliticosveracruz.com\\\/?p=128913\"]}]},{\"@type\":\"ImageObject\",\"inLanguage\":\"es\",\"@id\":\"https:\\\/\\\/lospoliticosveracruz.com\\\/?p=128913#primaryimage\",\"url\":\"https:\\\/\\\/lospoliticosveracruz.com\\\/wp-content\\\/uploads\\\/2024\\\/03\\\/Jose-Luis-Ortega-Vidal.jpg\",\"contentUrl\":\"https:\\\/\\\/lospoliticosveracruz.com\\\/wp-content\\\/uploads\\\/2024\\\/03\\\/Jose-Luis-Ortega-Vidal.jpg\",\"width\":1250,\"height\":667},{\"@type\":\"BreadcrumbList\",\"@id\":\"https:\\\/\\\/lospoliticosveracruz.com\\\/?p=128913#breadcrumb\",\"itemListElement\":[{\"@type\":\"ListItem\",\"position\":1,\"name\":\"Portada\",\"item\":\"https:\\\/\\\/lospoliticosveracruz.com\\\/\"},{\"@type\":\"ListItem\",\"position\":2,\"name\":\"COATZACOALCOS\"}]},{\"@type\":\"WebSite\",\"@id\":\"https:\\\/\\\/lospoliticosveracruz.com\\\/#website\",\"url\":\"https:\\\/\\\/lospoliticosveracruz.com\\\/\",\"name\":\"Los pol\u00edticos Veracruz\",\"description\":\"\",\"publisher\":{\"@id\":\"https:\\\/\\\/lospoliticosveracruz.com\\\/#organization\"},\"potentialAction\":[{\"@type\":\"SearchAction\",\"target\":{\"@type\":\"EntryPoint\",\"urlTemplate\":\"https:\\\/\\\/lospoliticosveracruz.com\\\/?s={search_term_string}\"},\"query-input\":{\"@type\":\"PropertyValueSpecification\",\"valueRequired\":true,\"valueName\":\"search_term_string\"}}],\"inLanguage\":\"es\"},{\"@type\":\"Organization\",\"@id\":\"https:\\\/\\\/lospoliticosveracruz.com\\\/#organization\",\"name\":\"Los pol\u00edticos Veracruz\",\"url\":\"https:\\\/\\\/lospoliticosveracruz.com\\\/\",\"logo\":{\"@type\":\"ImageObject\",\"inLanguage\":\"es\",\"@id\":\"https:\\\/\\\/lospoliticosveracruz.com\\\/#\\\/schema\\\/logo\\\/image\\\/\",\"url\":\"https:\\\/\\\/lospoliticosveracruz.com\\\/wp-content\\\/uploads\\\/2025\\\/12\\\/Logo-Nuevo-LOS-POLITICOS-1.jpg\",\"contentUrl\":\"https:\\\/\\\/lospoliticosveracruz.com\\\/wp-content\\\/uploads\\\/2025\\\/12\\\/Logo-Nuevo-LOS-POLITICOS-1.jpg\",\"width\":260,\"height\":70,\"caption\":\"Los pol\u00edticos Veracruz\"},\"image\":{\"@id\":\"https:\\\/\\\/lospoliticosveracruz.com\\\/#\\\/schema\\\/logo\\\/image\\\/\"},\"sameAs\":[\"https:\\\/\\\/www.facebook.com\\\/people\\\/Notimemes-de-los-Polticos\\\/61565672886568\\\/\",\"https:\\\/\\\/x.com\\\/LosPoliticosVer\"]},{\"@type\":\"Person\",\"@id\":\"https:\\\/\\\/lospoliticosveracruz.com\\\/#\\\/schema\\\/person\\\/b8702bb0e538456e6efd07080bf2a4a2\",\"name\":\"Lo viste en Los Pol\u00edticos\",\"image\":{\"@type\":\"ImageObject\",\"inLanguage\":\"es\",\"@id\":\"https:\\\/\\\/secure.gravatar.com\\\/avatar\\\/3a8de04a2656d44082be478bd6c086daa447c4651605818287b9532d3d0bd435?s=96&d=mm&r=g\",\"url\":\"https:\\\/\\\/secure.gravatar.com\\\/avatar\\\/3a8de04a2656d44082be478bd6c086daa447c4651605818287b9532d3d0bd435?s=96&d=mm&r=g\",\"contentUrl\":\"https:\\\/\\\/secure.gravatar.com\\\/avatar\\\/3a8de04a2656d44082be478bd6c086daa447c4651605818287b9532d3d0bd435?s=96&d=mm&r=g\",\"caption\":\"Lo viste en Los Pol\u00edticos\"},\"url\":\"https:\\\/\\\/lospoliticosveracruz.com\\\/?author=2\"}]}<\/script>\n<!-- \/ Yoast SEO plugin. -->","yoast_head_json":{"title":"COATZACOALCOS - Los pol\u00edticos Veracruz","robots":{"index":"index","follow":"follow","max-snippet":"max-snippet:-1","max-image-preview":"max-image-preview:large","max-video-preview":"max-video-preview:-1"},"canonical":"https:\/\/lospoliticosveracruz.com\/?p=128913","og_locale":"es_ES","og_type":"article","og_title":"COATZACOALCOS - Los pol\u00edticos Veracruz","og_description":"Jos\u00e9 Luis Ortega VidalClaroscuros (1)Hay \u00e1reas en el Ayuntamiento de Coatzacoalcos que cambiaron para mejorar: la Secretar\u00eda, ahora a cargo de Ricardo Ord\u00f3\u00f1ez Malpica y la Coordinaci\u00f3n de Comunicaci\u00f3n Social con Maythe Morales Ramos al frente\u2026La idea de realizar ruedas de prensa semanales -cada lunes- marca una oportunidad bien aprovechada para impulsar dos procesos de [&hellip;]","og_url":"https:\/\/lospoliticosveracruz.com\/?p=128913","og_site_name":"Los pol\u00edticos Veracruz","article_publisher":"https:\/\/www.facebook.com\/people\/Notimemes-de-los-Polticos\/61565672886568\/","article_published_time":"2024-08-21T04:24:10+00:00","article_modified_time":"2024-08-21T04:24:20+00:00","og_image":[{"width":1250,"height":667,"url":"https:\/\/lospoliticosveracruz.com\/wp-content\/uploads\/2024\/03\/Jose-Luis-Ortega-Vidal.jpg","type":"image\/jpeg"}],"author":"Lo viste en Los Pol\u00edticos","twitter_card":"summary_large_image","twitter_creator":"@LosPoliticosVer","twitter_site":"@LosPoliticosVer","twitter_misc":{"Escrito por":"Lo viste en Los Pol\u00edticos","Tiempo de lectura":"4 minutos"},"schema":{"@context":"https:\/\/schema.org","@graph":[{"@type":"Article","@id":"https:\/\/lospoliticosveracruz.com\/?p=128913#article","isPartOf":{"@id":"https:\/\/lospoliticosveracruz.com\/?p=128913"},"author":{"name":"Lo viste en Los Pol\u00edticos","@id":"https:\/\/lospoliticosveracruz.com\/#\/schema\/person\/b8702bb0e538456e6efd07080bf2a4a2"},"headline":"COATZACOALCOS","datePublished":"2024-08-21T04:24:10+00:00","dateModified":"2024-08-21T04:24:20+00:00","mainEntityOfPage":{"@id":"https:\/\/lospoliticosveracruz.com\/?p=128913"},"wordCount":878,"publisher":{"@id":"https:\/\/lospoliticosveracruz.com\/#organization"},"image":{"@id":"https:\/\/lospoliticosveracruz.com\/?p=128913#primaryimage"},"thumbnailUrl":"https:\/\/lospoliticosveracruz.com\/wp-content\/uploads\/2024\/03\/Jose-Luis-Ortega-Vidal.jpg","keywords":["Amado Cruz Malpica","Jos\u00e9 Luis Ortega Vidal","Maythe Morales Ramos","Ricardo Ord\u00f3\u00f1ez Malpica"],"articleSection":["De Opini\u00f3n"],"inLanguage":"es"},{"@type":"WebPage","@id":"https:\/\/lospoliticosveracruz.com\/?p=128913","url":"https:\/\/lospoliticosveracruz.com\/?p=128913","name":"COATZACOALCOS - Los pol\u00edticos Veracruz","isPartOf":{"@id":"https:\/\/lospoliticosveracruz.com\/#website"},"primaryImageOfPage":{"@id":"https:\/\/lospoliticosveracruz.com\/?p=128913#primaryimage"},"image":{"@id":"https:\/\/lospoliticosveracruz.com\/?p=128913#primaryimage"},"thumbnailUrl":"https:\/\/lospoliticosveracruz.com\/wp-content\/uploads\/2024\/03\/Jose-Luis-Ortega-Vidal.jpg","datePublished":"2024-08-21T04:24:10+00:00","dateModified":"2024-08-21T04:24:20+00:00","breadcrumb":{"@id":"https:\/\/lospoliticosveracruz.com\/?p=128913#breadcrumb"},"inLanguage":"es","potentialAction":[{"@type":"ReadAction","target":["https:\/\/lospoliticosveracruz.com\/?p=128913"]}]},{"@type":"ImageObject","inLanguage":"es","@id":"https:\/\/lospoliticosveracruz.com\/?p=128913#primaryimage","url":"https:\/\/lospoliticosveracruz.com\/wp-content\/uploads\/2024\/03\/Jose-Luis-Ortega-Vidal.jpg","contentUrl":"https:\/\/lospoliticosveracruz.com\/wp-content\/uploads\/2024\/03\/Jose-Luis-Ortega-Vidal.jpg","width":1250,"height":667},{"@type":"BreadcrumbList","@id":"https:\/\/lospoliticosveracruz.com\/?p=128913#breadcrumb","itemListElement":[{"@type":"ListItem","position":1,"name":"Portada","item":"https:\/\/lospoliticosveracruz.com\/"},{"@type":"ListItem","position":2,"name":"COATZACOALCOS"}]},{"@type":"WebSite","@id":"https:\/\/lospoliticosveracruz.com\/#website","url":"https:\/\/lospoliticosveracruz.com\/","name":"Los pol\u00edticos Veracruz","description":"","publisher":{"@id":"https:\/\/lospoliticosveracruz.com\/#organization"},"potentialAction":[{"@type":"SearchAction","target":{"@type":"EntryPoint","urlTemplate":"https:\/\/lospoliticosveracruz.com\/?s={search_term_string}"},"query-input":{"@type":"PropertyValueSpecification","valueRequired":true,"valueName":"search_term_string"}}],"inLanguage":"es"},{"@type":"Organization","@id":"https:\/\/lospoliticosveracruz.com\/#organization","name":"Los pol\u00edticos Veracruz","url":"https:\/\/lospoliticosveracruz.com\/","logo":{"@type":"ImageObject","inLanguage":"es","@id":"https:\/\/lospoliticosveracruz.com\/#\/schema\/logo\/image\/","url":"https:\/\/lospoliticosveracruz.com\/wp-content\/uploads\/2025\/12\/Logo-Nuevo-LOS-POLITICOS-1.jpg","contentUrl":"https:\/\/lospoliticosveracruz.com\/wp-content\/uploads\/2025\/12\/Logo-Nuevo-LOS-POLITICOS-1.jpg","width":260,"height":70,"caption":"Los pol\u00edticos Veracruz"},"image":{"@id":"https:\/\/lospoliticosveracruz.com\/#\/schema\/logo\/image\/"},"sameAs":["https:\/\/www.facebook.com\/people\/Notimemes-de-los-Polticos\/61565672886568\/","https:\/\/x.com\/LosPoliticosVer"]},{"@type":"Person","@id":"https:\/\/lospoliticosveracruz.com\/#\/schema\/person\/b8702bb0e538456e6efd07080bf2a4a2","name":"Lo viste en Los Pol\u00edticos","image":{"@type":"ImageObject","inLanguage":"es","@id":"https:\/\/secure.gravatar.com\/avatar\/3a8de04a2656d44082be478bd6c086daa447c4651605818287b9532d3d0bd435?s=96&d=mm&r=g","url":"https:\/\/secure.gravatar.com\/avatar\/3a8de04a2656d44082be478bd6c086daa447c4651605818287b9532d3d0bd435?s=96&d=mm&r=g","contentUrl":"https:\/\/secure.gravatar.com\/avatar\/3a8de04a2656d44082be478bd6c086daa447c4651605818287b9532d3d0bd435?s=96&d=mm&r=g","caption":"Lo viste en Los Pol\u00edticos"},"url":"https:\/\/lospoliticosveracruz.com\/?author=2"}]}},"_links":{"self":[{"href":"https:\/\/lospoliticosveracruz.com\/index.php?rest_route=\/wp\/v2\/posts\/128913","targetHints":{"allow":["GET"]}}],"collection":[{"href":"https:\/\/lospoliticosveracruz.com\/index.php?rest_route=\/wp\/v2\/posts"}],"about":[{"href":"https:\/\/lospoliticosveracruz.com\/index.php?rest_route=\/wp\/v2\/types\/post"}],"author":[{"embeddable":true,"href":"https:\/\/lospoliticosveracruz.com\/index.php?rest_route=\/wp\/v2\/users\/2"}],"replies":[{"embeddable":true,"href":"https:\/\/lospoliticosveracruz.com\/index.php?rest_route=%2Fwp%2Fv2%2Fcomments&post=128913"}],"version-history":[{"count":1,"href":"https:\/\/lospoliticosveracruz.com\/index.php?rest_route=\/wp\/v2\/posts\/128913\/revisions"}],"predecessor-version":[{"id":128914,"href":"https:\/\/lospoliticosveracruz.com\/index.php?rest_route=\/wp\/v2\/posts\/128913\/revisions\/128914"}],"wp:featuredmedia":[{"embeddable":true,"href":"https:\/\/lospoliticosveracruz.com\/index.php?rest_route=\/wp\/v2\/media\/119931"}],"wp:attachment":[{"href":"https:\/\/lospoliticosveracruz.com\/index.php?rest_route=%2Fwp%2Fv2%2Fmedia&parent=128913"}],"wp:term":[{"taxonomy":"category","embeddable":true,"href":"https:\/\/lospoliticosveracruz.com\/index.php?rest_route=%2Fwp%2Fv2%2Fcategories&post=128913"},{"taxonomy":"post_tag","embeddable":true,"href":"https:\/\/lospoliticosveracruz.com\/index.php?rest_route=%2Fwp%2Fv2%2Ftags&post=128913"}],"curies":[{"name":"wp","href":"https:\/\/api.w.org\/{rel}","templated":true}]}}