{"id":128976,"date":"2024-08-22T06:08:37","date_gmt":"2024-08-22T11:08:37","guid":{"rendered":"https:\/\/lospoliticosveracruz.com.mx\/?p=128976"},"modified":"2024-08-22T09:18:59","modified_gmt":"2024-08-22T14:18:59","slug":"veracruz-secuestros-al-alza","status":"publish","type":"post","link":"https:\/\/lospoliticosveracruz.com\/?p=128976","title":{"rendered":"VERACRUZ: SECUESTROS AL ALZA!"},"content":{"rendered":"\n<p><strong>Ricardo Chua<\/strong><\/p>\n\n\n\n<p><em><em>Sale y Vale<\/em><\/em><\/p>\n\n\n\n<p>La empresa en comunicaci\u00f3n pol\u00edtica \u00abTResearch International\u00bb dio a conocer que el estado del pa\u00eds, gobernado por MORENA, del 2018 a la fecha, que m\u00e1s SECUESTROS tiene en su territorio en estos casi 6 a\u00f1os es Veracruz, con un total de 722 casos reportados por diversas dependencias seguridad federal y estatal.. Una entidad cuyo gobernador, Cuitl\u00e1huac Garc\u00eda Jim\u00e9nez, uno de los mandatarios m\u00e1s cercanos al Presidente, Andr\u00e9s Manuel L\u00f3pez Obrador.. Y ni as\u00ed logr\u00f3 controlarse este delito..<\/p>\n\n\n<div class=\"wp-block-image\">\n<figure class=\"alignleft size-thumbnail\"><a href=\"https:\/\/lospoliticosveracruz.com.mx\/wp-content\/uploads\/2024\/05\/IMG_0341-e1716950925234.jpeg\"><img loading=\"lazy\" decoding=\"async\" width=\"150\" height=\"150\" src=\"https:\/\/lospoliticosveracruz.com.mx\/wp-content\/uploads\/2024\/05\/IMG_0341-150x150.jpeg\" alt=\"\" class=\"wp-image-125332\"\/><\/a><\/figure>\n<\/div>\n\n\n<p>Veracruz con esos 722 secuestros reportados en estos 6 a\u00f1os.. Le \u00abgana\u00bb en esas cifras a otras entidades gobernados por MORENA como son CDMX con 460; Morelos, con 282; Tamaulipas, con 225; Michoac\u00e1n, con 217; Puebla, con 201; Tabasco, con 184; Oaxaca, con 165; Zacatecas, con 154; Sonora, con 143; Quintana Roo, con 141; Hidalgo con 140; Chiapas, con 137, Guerrero, con 136.. Rebasa hasta entidades gobernadas por el PAN como Chihuahua, con 503; Quer\u00e9taro, con 82 y Yucat\u00e1n con 1\u2026<\/p>\n\n\n\n<p>Esas son las famosas cifras \u00abalegres\u00bb de la cual, el gobernador, Cuitl\u00e1huac Garc\u00eda no dijo nada en este Sexto Informe de Gobierno.. Se va del sexenio como el gobernador de MORENA, el que m\u00e1s le secuestraron personas en su estado.. Ya que el Estado de M\u00e9xico, que ocupa el primer lugar con 866 casos.. No se puede considerar toda la responsabilidad a Delfina G\u00f3mez porque el priista, Alfredo del Mazo, lo gobern\u00f3 del 2017 al 2023.. Por eso, el xalape\u00f1o se lleva este \u00abhonor\u00bb de lograr el primer sitio de manera en 6 a\u00f1os..<\/p>\n\n\n\n<p>S\u00f3lo hay que recordar como el mismo d\u00eda de su VI Informe, el domingo pasado, en Poza Rica secuestraron a dos j\u00f3venes empresarios y de los cuales, no se sabe absolutamente nada y que este martes encontraron asesinado al empresario y pol\u00edtico del PVEM de la zona norte del Estado, Amando Solis, que fue secuestrado la semana pasada en el municipio de \u00c1lamo, teniendo este tr\u00e1gico fin.. Los secuestros fue un tema que le gan\u00f3 la \u00abguerra\u00bb a Cuitl\u00e1huac Garc\u00eda y por esa raz\u00f3n en Veracruz sigue sumida en la inseguridad..<\/p>\n\n\n\n<p>Cuitl\u00e1huac y Andr\u00e9s Manuel L\u00f3pez Obrador, iniciaron su mandato el mismo d\u00eda, el 1 de diciembre del 2018.. Y esta misma empresa \u00abTResearch\u00bb anunci\u00f3 que adem\u00e1s de dar conocer los estados del pa\u00eds con m\u00e1s secuestros en su territorio.. Tambi\u00e9n hizo hincapi\u00e9 que durante el sexenio de AMLO se registraron en total, a 40 d\u00edas de dejar la Presidencia de M\u00e9xico, 5 mil 696 secuestros.. Una cifra alta que tampoco este gobierno federal de MORENA pudo resolver.. Y sin seguridad tampoco hubo Cuarta Transformaci\u00f3n en el pa\u00eds.. AMEN<\/p>\n\n\n\n<p>HOSTIGAN A PERIODISTA EN VERACRUZ, OJO FGE Y CUITL\u00c1HUAC.. Con ANTICIPACI\u00d3N se hace \u00e9nfasis que en Veracruz, el estado m\u00e1s peligroso del pa\u00eds para ejercer periodismo.. A la comunicadora y delegada de la Asociaci\u00f3n Mexicana de Periodistas y Comunicadores de Veracruz (AMECOPE), Patricia Aguilar Pardo, ha sido hostigada por un sujeto que no ha sido identificado, que ha intentando introducirse a su domicilio en este puerto de Veracruz y que esta acci\u00f3n la ha realizado por lo menos en 3 ocasiones..<\/p>\n\n\n\n<p>Un suceso que, al menos, en un tiempo no mayor a 45 d\u00edas.. Hay que recordar que en los \u00faltimos 24 a\u00f1os, Veracruz es uno de los sitios donde m\u00e1s periodistas han sido asesinados, y la denuncia p\u00fablica hecha por Aguilar Pardo, no es para tomarse a la ligera.. El gobernador, Cuitl\u00e1huac Garc\u00eda lo sabe y tiene que tomar cartas en el asunto.. Ya en su gobierno se han presentado cr\u00edmenes contra reporteros y por ello, esta denuncia la debe tomar con seriedad.. Sobre todo porque Patricia Aguilar vive en su domicilio con sus hijos menores de edad..<\/p>\n\n\n\n<p>Patricia Aguilar es una mujer con 20 a\u00f1os de ejercicio period\u00edstico.. Es una reportera seria y respetada por su trabajo por la comunidad reporteril de Veracruz.. LO GRAVE del caso es que cuando quiso interponer una denuncia, despu\u00e9s del \u00faltimo suceso violento en su domicilio que fue este martes, en la Fiscal\u00eda Regional de Veracruz.. La Unidad de Atenci\u00f3n Temprana de la FGE, le informaron que no porque por su profesi\u00f3n, la ten\u00eda que hacer en la Fiscal\u00eda Especializada en Protecci\u00f3n a Periodistas en Xalapa. \u00bfY mientras qui\u00e9n la protege?\u2026<\/p>\n\n\n\n<p>A este tema le tiene que poner atenci\u00f3n la misma Fiscal de Veracruz, Ver\u00f3nica Hern\u00e1ndez Gaidians.. Que por obvias razones, Aguilar Pardo est\u00e1 aterrada ante esta situaci\u00f3n, porque teme por su integridad y la de sus hijos.. As\u00ed que esta denuncia NOS SUMAMOS todos que conocemos a la periodista hoy hostigada.. Cuitl\u00e1huac Garc\u00eda y la titular de la FGE ya saben del caso y deben actuar en consecuencia.. No es un caso menor.. Uno de los estados m\u00e1s peligrosos para los periodistas, no se debe dejar a la ligera la denuncia.. TODO EL APOYO A PATY AGUILAR..<\/p>\n","protected":false},"excerpt":{"rendered":"<p>Ricardo Chua Sale y Vale La empresa en comunicaci\u00f3n pol\u00edtica \u00abTResearch International\u00bb dio a conocer que el estado del pa\u00eds, gobernado por MORENA, del 2018 a la fecha, que m\u00e1s SECUESTROS tiene en su territorio en estos casi 6 a\u00f1os es Veracruz, con un total de 722 casos reportados por diversas dependencias seguridad federal y [&hellip;]<\/p>\n","protected":false},"author":2,"featured_media":119817,"comment_status":"closed","ping_status":"closed","sticky":false,"template":"","format":"standard","meta":{"tdm_status":"","tdm_grid_status":"","footnotes":""},"categories":[70],"tags":[618,1563,1026,35550,3578,976,195,15165],"class_list":{"0":"post-128976","1":"post","2":"type-post","3":"status-publish","4":"format-standard","5":"has-post-thumbnail","7":"category-de-opinion","8":"tag-andres-manuel-lopez-obrador","9":"tag-cuitlahuac-garcia-jimenez","10":"tag-morena","11":"tag-patricia-aguilar-pardo","12":"tag-rocio-nahle","13":"tag-secuestro","14":"tag-veracruz","15":"tag-veronica-hernandez-giadans"},"yoast_head":"<!-- This site is optimized with the Yoast SEO plugin v27.4 - https:\/\/yoast.com\/product\/yoast-seo-wordpress\/ -->\n<title>VERACRUZ: SECUESTROS AL ALZA! - Los pol\u00edticos Veracruz<\/title>\n<meta name=\"robots\" content=\"index, follow, max-snippet:-1, max-image-preview:large, max-video-preview:-1\" \/>\n<link rel=\"canonical\" href=\"https:\/\/lospoliticosveracruz.com\/?p=128976\" \/>\n<meta property=\"og:locale\" content=\"es_ES\" \/>\n<meta property=\"og:type\" content=\"article\" \/>\n<meta property=\"og:title\" content=\"VERACRUZ: SECUESTROS AL ALZA! - Los pol\u00edticos Veracruz\" \/>\n<meta property=\"og:description\" content=\"Ricardo Chua Sale y Vale La empresa en comunicaci\u00f3n pol\u00edtica \u00abTResearch International\u00bb dio a conocer que el estado del pa\u00eds, gobernado por MORENA, del 2018 a la fecha, que m\u00e1s SECUESTROS tiene en su territorio en estos casi 6 a\u00f1os es Veracruz, con un total de 722 casos reportados por diversas dependencias seguridad federal y [&hellip;]\" \/>\n<meta property=\"og:url\" content=\"https:\/\/lospoliticosveracruz.com\/?p=128976\" \/>\n<meta property=\"og:site_name\" content=\"Los pol\u00edticos Veracruz\" \/>\n<meta property=\"article:publisher\" content=\"https:\/\/www.facebook.com\/people\/Notimemes-de-los-Polticos\/61565672886568\/\" \/>\n<meta property=\"article:published_time\" content=\"2024-08-22T11:08:37+00:00\" \/>\n<meta property=\"article:modified_time\" content=\"2024-08-22T14:18:59+00:00\" \/>\n<meta property=\"og:image\" content=\"https:\/\/lospoliticosveracruz.com\/wp-content\/uploads\/2024\/03\/Ricardo-Chua.jpg\" \/>\n\t<meta property=\"og:image:width\" content=\"1250\" \/>\n\t<meta property=\"og:image:height\" content=\"667\" \/>\n\t<meta property=\"og:image:type\" content=\"image\/jpeg\" \/>\n<meta name=\"author\" content=\"Lo viste en Los Pol\u00edticos\" \/>\n<meta name=\"twitter:card\" content=\"summary_large_image\" \/>\n<meta name=\"twitter:creator\" content=\"@LosPoliticosVer\" \/>\n<meta name=\"twitter:site\" content=\"@LosPoliticosVer\" \/>\n<meta name=\"twitter:label1\" content=\"Escrito por\" \/>\n\t<meta name=\"twitter:data1\" content=\"Lo viste en Los Pol\u00edticos\" \/>\n\t<meta name=\"twitter:label2\" content=\"Tiempo de lectura\" \/>\n\t<meta name=\"twitter:data2\" content=\"4 minutos\" \/>\n<script type=\"application\/ld+json\" class=\"yoast-schema-graph\">{\"@context\":\"https:\\\/\\\/schema.org\",\"@graph\":[{\"@type\":\"Article\",\"@id\":\"https:\\\/\\\/lospoliticosveracruz.com\\\/?p=128976#article\",\"isPartOf\":{\"@id\":\"https:\\\/\\\/lospoliticosveracruz.com\\\/?p=128976\"},\"author\":{\"name\":\"Lo viste en Los Pol\u00edticos\",\"@id\":\"https:\\\/\\\/lospoliticosveracruz.com\\\/#\\\/schema\\\/person\\\/b8702bb0e538456e6efd07080bf2a4a2\"},\"headline\":\"VERACRUZ: SECUESTROS AL ALZA!\",\"datePublished\":\"2024-08-22T11:08:37+00:00\",\"dateModified\":\"2024-08-22T14:18:59+00:00\",\"mainEntityOfPage\":{\"@id\":\"https:\\\/\\\/lospoliticosveracruz.com\\\/?p=128976\"},\"wordCount\":844,\"publisher\":{\"@id\":\"https:\\\/\\\/lospoliticosveracruz.com\\\/#organization\"},\"image\":{\"@id\":\"https:\\\/\\\/lospoliticosveracruz.com\\\/?p=128976#primaryimage\"},\"thumbnailUrl\":\"https:\\\/\\\/lospoliticosveracruz.com\\\/wp-content\\\/uploads\\\/2024\\\/03\\\/Ricardo-Chua.jpg\",\"keywords\":[\"Andr\u00e9s Manuel L\u00f3pez Obrador\",\"Cuitl\u00e1huac Garc\u00eda Jim\u00e9nez\",\"Morena\",\"Patricia Aguilar Pardo\",\"Roc\u00edo Nahle\",\"secuestro\",\"Veracruz\",\"Ver\u00f3nica Hern\u00e1ndez Giad\u00e1ns\"],\"articleSection\":[\"De Opini\u00f3n\"],\"inLanguage\":\"es\"},{\"@type\":\"WebPage\",\"@id\":\"https:\\\/\\\/lospoliticosveracruz.com\\\/?p=128976\",\"url\":\"https:\\\/\\\/lospoliticosveracruz.com\\\/?p=128976\",\"name\":\"VERACRUZ: SECUESTROS AL ALZA! - Los pol\u00edticos Veracruz\",\"isPartOf\":{\"@id\":\"https:\\\/\\\/lospoliticosveracruz.com\\\/#website\"},\"primaryImageOfPage\":{\"@id\":\"https:\\\/\\\/lospoliticosveracruz.com\\\/?p=128976#primaryimage\"},\"image\":{\"@id\":\"https:\\\/\\\/lospoliticosveracruz.com\\\/?p=128976#primaryimage\"},\"thumbnailUrl\":\"https:\\\/\\\/lospoliticosveracruz.com\\\/wp-content\\\/uploads\\\/2024\\\/03\\\/Ricardo-Chua.jpg\",\"datePublished\":\"2024-08-22T11:08:37+00:00\",\"dateModified\":\"2024-08-22T14:18:59+00:00\",\"breadcrumb\":{\"@id\":\"https:\\\/\\\/lospoliticosveracruz.com\\\/?p=128976#breadcrumb\"},\"inLanguage\":\"es\",\"potentialAction\":[{\"@type\":\"ReadAction\",\"target\":[\"https:\\\/\\\/lospoliticosveracruz.com\\\/?p=128976\"]}]},{\"@type\":\"ImageObject\",\"inLanguage\":\"es\",\"@id\":\"https:\\\/\\\/lospoliticosveracruz.com\\\/?p=128976#primaryimage\",\"url\":\"https:\\\/\\\/lospoliticosveracruz.com\\\/wp-content\\\/uploads\\\/2024\\\/03\\\/Ricardo-Chua.jpg\",\"contentUrl\":\"https:\\\/\\\/lospoliticosveracruz.com\\\/wp-content\\\/uploads\\\/2024\\\/03\\\/Ricardo-Chua.jpg\",\"width\":1250,\"height\":667},{\"@type\":\"BreadcrumbList\",\"@id\":\"https:\\\/\\\/lospoliticosveracruz.com\\\/?p=128976#breadcrumb\",\"itemListElement\":[{\"@type\":\"ListItem\",\"position\":1,\"name\":\"Portada\",\"item\":\"https:\\\/\\\/lospoliticosveracruz.com\\\/\"},{\"@type\":\"ListItem\",\"position\":2,\"name\":\"VERACRUZ: SECUESTROS AL ALZA!\"}]},{\"@type\":\"WebSite\",\"@id\":\"https:\\\/\\\/lospoliticosveracruz.com\\\/#website\",\"url\":\"https:\\\/\\\/lospoliticosveracruz.com\\\/\",\"name\":\"Los pol\u00edticos Veracruz\",\"description\":\"\",\"publisher\":{\"@id\":\"https:\\\/\\\/lospoliticosveracruz.com\\\/#organization\"},\"potentialAction\":[{\"@type\":\"SearchAction\",\"target\":{\"@type\":\"EntryPoint\",\"urlTemplate\":\"https:\\\/\\\/lospoliticosveracruz.com\\\/?s={search_term_string}\"},\"query-input\":{\"@type\":\"PropertyValueSpecification\",\"valueRequired\":true,\"valueName\":\"search_term_string\"}}],\"inLanguage\":\"es\"},{\"@type\":\"Organization\",\"@id\":\"https:\\\/\\\/lospoliticosveracruz.com\\\/#organization\",\"name\":\"Los pol\u00edticos Veracruz\",\"url\":\"https:\\\/\\\/lospoliticosveracruz.com\\\/\",\"logo\":{\"@type\":\"ImageObject\",\"inLanguage\":\"es\",\"@id\":\"https:\\\/\\\/lospoliticosveracruz.com\\\/#\\\/schema\\\/logo\\\/image\\\/\",\"url\":\"https:\\\/\\\/lospoliticosveracruz.com\\\/wp-content\\\/uploads\\\/2025\\\/12\\\/Logo-Nuevo-LOS-POLITICOS-1.jpg\",\"contentUrl\":\"https:\\\/\\\/lospoliticosveracruz.com\\\/wp-content\\\/uploads\\\/2025\\\/12\\\/Logo-Nuevo-LOS-POLITICOS-1.jpg\",\"width\":260,\"height\":70,\"caption\":\"Los pol\u00edticos Veracruz\"},\"image\":{\"@id\":\"https:\\\/\\\/lospoliticosveracruz.com\\\/#\\\/schema\\\/logo\\\/image\\\/\"},\"sameAs\":[\"https:\\\/\\\/www.facebook.com\\\/people\\\/Notimemes-de-los-Polticos\\\/61565672886568\\\/\",\"https:\\\/\\\/x.com\\\/LosPoliticosVer\"]},{\"@type\":\"Person\",\"@id\":\"https:\\\/\\\/lospoliticosveracruz.com\\\/#\\\/schema\\\/person\\\/b8702bb0e538456e6efd07080bf2a4a2\",\"name\":\"Lo viste en Los Pol\u00edticos\",\"image\":{\"@type\":\"ImageObject\",\"inLanguage\":\"es\",\"@id\":\"https:\\\/\\\/secure.gravatar.com\\\/avatar\\\/3a8de04a2656d44082be478bd6c086daa447c4651605818287b9532d3d0bd435?s=96&d=mm&r=g\",\"url\":\"https:\\\/\\\/secure.gravatar.com\\\/avatar\\\/3a8de04a2656d44082be478bd6c086daa447c4651605818287b9532d3d0bd435?s=96&d=mm&r=g\",\"contentUrl\":\"https:\\\/\\\/secure.gravatar.com\\\/avatar\\\/3a8de04a2656d44082be478bd6c086daa447c4651605818287b9532d3d0bd435?s=96&d=mm&r=g\",\"caption\":\"Lo viste en Los Pol\u00edticos\"},\"url\":\"https:\\\/\\\/lospoliticosveracruz.com\\\/?author=2\"}]}<\/script>\n<!-- \/ Yoast SEO plugin. -->","yoast_head_json":{"title":"VERACRUZ: SECUESTROS AL ALZA! - Los pol\u00edticos Veracruz","robots":{"index":"index","follow":"follow","max-snippet":"max-snippet:-1","max-image-preview":"max-image-preview:large","max-video-preview":"max-video-preview:-1"},"canonical":"https:\/\/lospoliticosveracruz.com\/?p=128976","og_locale":"es_ES","og_type":"article","og_title":"VERACRUZ: SECUESTROS AL ALZA! - Los pol\u00edticos Veracruz","og_description":"Ricardo Chua Sale y Vale La empresa en comunicaci\u00f3n pol\u00edtica \u00abTResearch International\u00bb dio a conocer que el estado del pa\u00eds, gobernado por MORENA, del 2018 a la fecha, que m\u00e1s SECUESTROS tiene en su territorio en estos casi 6 a\u00f1os es Veracruz, con un total de 722 casos reportados por diversas dependencias seguridad federal y [&hellip;]","og_url":"https:\/\/lospoliticosveracruz.com\/?p=128976","og_site_name":"Los pol\u00edticos Veracruz","article_publisher":"https:\/\/www.facebook.com\/people\/Notimemes-de-los-Polticos\/61565672886568\/","article_published_time":"2024-08-22T11:08:37+00:00","article_modified_time":"2024-08-22T14:18:59+00:00","og_image":[{"width":1250,"height":667,"url":"https:\/\/lospoliticosveracruz.com\/wp-content\/uploads\/2024\/03\/Ricardo-Chua.jpg","type":"image\/jpeg"}],"author":"Lo viste en Los Pol\u00edticos","twitter_card":"summary_large_image","twitter_creator":"@LosPoliticosVer","twitter_site":"@LosPoliticosVer","twitter_misc":{"Escrito por":"Lo viste en Los Pol\u00edticos","Tiempo de lectura":"4 minutos"},"schema":{"@context":"https:\/\/schema.org","@graph":[{"@type":"Article","@id":"https:\/\/lospoliticosveracruz.com\/?p=128976#article","isPartOf":{"@id":"https:\/\/lospoliticosveracruz.com\/?p=128976"},"author":{"name":"Lo viste en Los Pol\u00edticos","@id":"https:\/\/lospoliticosveracruz.com\/#\/schema\/person\/b8702bb0e538456e6efd07080bf2a4a2"},"headline":"VERACRUZ: SECUESTROS AL ALZA!","datePublished":"2024-08-22T11:08:37+00:00","dateModified":"2024-08-22T14:18:59+00:00","mainEntityOfPage":{"@id":"https:\/\/lospoliticosveracruz.com\/?p=128976"},"wordCount":844,"publisher":{"@id":"https:\/\/lospoliticosveracruz.com\/#organization"},"image":{"@id":"https:\/\/lospoliticosveracruz.com\/?p=128976#primaryimage"},"thumbnailUrl":"https:\/\/lospoliticosveracruz.com\/wp-content\/uploads\/2024\/03\/Ricardo-Chua.jpg","keywords":["Andr\u00e9s Manuel L\u00f3pez Obrador","Cuitl\u00e1huac Garc\u00eda Jim\u00e9nez","Morena","Patricia Aguilar Pardo","Roc\u00edo Nahle","secuestro","Veracruz","Ver\u00f3nica Hern\u00e1ndez Giad\u00e1ns"],"articleSection":["De Opini\u00f3n"],"inLanguage":"es"},{"@type":"WebPage","@id":"https:\/\/lospoliticosveracruz.com\/?p=128976","url":"https:\/\/lospoliticosveracruz.com\/?p=128976","name":"VERACRUZ: SECUESTROS AL ALZA! - Los pol\u00edticos Veracruz","isPartOf":{"@id":"https:\/\/lospoliticosveracruz.com\/#website"},"primaryImageOfPage":{"@id":"https:\/\/lospoliticosveracruz.com\/?p=128976#primaryimage"},"image":{"@id":"https:\/\/lospoliticosveracruz.com\/?p=128976#primaryimage"},"thumbnailUrl":"https:\/\/lospoliticosveracruz.com\/wp-content\/uploads\/2024\/03\/Ricardo-Chua.jpg","datePublished":"2024-08-22T11:08:37+00:00","dateModified":"2024-08-22T14:18:59+00:00","breadcrumb":{"@id":"https:\/\/lospoliticosveracruz.com\/?p=128976#breadcrumb"},"inLanguage":"es","potentialAction":[{"@type":"ReadAction","target":["https:\/\/lospoliticosveracruz.com\/?p=128976"]}]},{"@type":"ImageObject","inLanguage":"es","@id":"https:\/\/lospoliticosveracruz.com\/?p=128976#primaryimage","url":"https:\/\/lospoliticosveracruz.com\/wp-content\/uploads\/2024\/03\/Ricardo-Chua.jpg","contentUrl":"https:\/\/lospoliticosveracruz.com\/wp-content\/uploads\/2024\/03\/Ricardo-Chua.jpg","width":1250,"height":667},{"@type":"BreadcrumbList","@id":"https:\/\/lospoliticosveracruz.com\/?p=128976#breadcrumb","itemListElement":[{"@type":"ListItem","position":1,"name":"Portada","item":"https:\/\/lospoliticosveracruz.com\/"},{"@type":"ListItem","position":2,"name":"VERACRUZ: SECUESTROS AL ALZA!"}]},{"@type":"WebSite","@id":"https:\/\/lospoliticosveracruz.com\/#website","url":"https:\/\/lospoliticosveracruz.com\/","name":"Los pol\u00edticos Veracruz","description":"","publisher":{"@id":"https:\/\/lospoliticosveracruz.com\/#organization"},"potentialAction":[{"@type":"SearchAction","target":{"@type":"EntryPoint","urlTemplate":"https:\/\/lospoliticosveracruz.com\/?s={search_term_string}"},"query-input":{"@type":"PropertyValueSpecification","valueRequired":true,"valueName":"search_term_string"}}],"inLanguage":"es"},{"@type":"Organization","@id":"https:\/\/lospoliticosveracruz.com\/#organization","name":"Los pol\u00edticos Veracruz","url":"https:\/\/lospoliticosveracruz.com\/","logo":{"@type":"ImageObject","inLanguage":"es","@id":"https:\/\/lospoliticosveracruz.com\/#\/schema\/logo\/image\/","url":"https:\/\/lospoliticosveracruz.com\/wp-content\/uploads\/2025\/12\/Logo-Nuevo-LOS-POLITICOS-1.jpg","contentUrl":"https:\/\/lospoliticosveracruz.com\/wp-content\/uploads\/2025\/12\/Logo-Nuevo-LOS-POLITICOS-1.jpg","width":260,"height":70,"caption":"Los pol\u00edticos Veracruz"},"image":{"@id":"https:\/\/lospoliticosveracruz.com\/#\/schema\/logo\/image\/"},"sameAs":["https:\/\/www.facebook.com\/people\/Notimemes-de-los-Polticos\/61565672886568\/","https:\/\/x.com\/LosPoliticosVer"]},{"@type":"Person","@id":"https:\/\/lospoliticosveracruz.com\/#\/schema\/person\/b8702bb0e538456e6efd07080bf2a4a2","name":"Lo viste en Los Pol\u00edticos","image":{"@type":"ImageObject","inLanguage":"es","@id":"https:\/\/secure.gravatar.com\/avatar\/3a8de04a2656d44082be478bd6c086daa447c4651605818287b9532d3d0bd435?s=96&d=mm&r=g","url":"https:\/\/secure.gravatar.com\/avatar\/3a8de04a2656d44082be478bd6c086daa447c4651605818287b9532d3d0bd435?s=96&d=mm&r=g","contentUrl":"https:\/\/secure.gravatar.com\/avatar\/3a8de04a2656d44082be478bd6c086daa447c4651605818287b9532d3d0bd435?s=96&d=mm&r=g","caption":"Lo viste en Los Pol\u00edticos"},"url":"https:\/\/lospoliticosveracruz.com\/?author=2"}]}},"_links":{"self":[{"href":"https:\/\/lospoliticosveracruz.com\/index.php?rest_route=\/wp\/v2\/posts\/128976","targetHints":{"allow":["GET"]}}],"collection":[{"href":"https:\/\/lospoliticosveracruz.com\/index.php?rest_route=\/wp\/v2\/posts"}],"about":[{"href":"https:\/\/lospoliticosveracruz.com\/index.php?rest_route=\/wp\/v2\/types\/post"}],"author":[{"embeddable":true,"href":"https:\/\/lospoliticosveracruz.com\/index.php?rest_route=\/wp\/v2\/users\/2"}],"replies":[{"embeddable":true,"href":"https:\/\/lospoliticosveracruz.com\/index.php?rest_route=%2Fwp%2Fv2%2Fcomments&post=128976"}],"version-history":[{"count":2,"href":"https:\/\/lospoliticosveracruz.com\/index.php?rest_route=\/wp\/v2\/posts\/128976\/revisions"}],"predecessor-version":[{"id":128986,"href":"https:\/\/lospoliticosveracruz.com\/index.php?rest_route=\/wp\/v2\/posts\/128976\/revisions\/128986"}],"wp:featuredmedia":[{"embeddable":true,"href":"https:\/\/lospoliticosveracruz.com\/index.php?rest_route=\/wp\/v2\/media\/119817"}],"wp:attachment":[{"href":"https:\/\/lospoliticosveracruz.com\/index.php?rest_route=%2Fwp%2Fv2%2Fmedia&parent=128976"}],"wp:term":[{"taxonomy":"category","embeddable":true,"href":"https:\/\/lospoliticosveracruz.com\/index.php?rest_route=%2Fwp%2Fv2%2Fcategories&post=128976"},{"taxonomy":"post_tag","embeddable":true,"href":"https:\/\/lospoliticosveracruz.com\/index.php?rest_route=%2Fwp%2Fv2%2Ftags&post=128976"}],"curies":[{"name":"wp","href":"https:\/\/api.w.org\/{rel}","templated":true}]}}