{"id":128978,"date":"2024-08-22T08:17:30","date_gmt":"2024-08-22T13:17:30","guid":{"rendered":"https:\/\/lospoliticosveracruz.com.mx\/?p=128978"},"modified":"2024-08-22T08:17:51","modified_gmt":"2024-08-22T13:17:51","slug":"historia-primero-como-tragedia-y-segundo-como-farsa","status":"publish","type":"post","link":"https:\/\/lospoliticosveracruz.com\/?p=128978","title":{"rendered":"HISTORIA: PRIMERO COMO TRAGEDIA Y SEGUNDO COMO FARSA"},"content":{"rendered":"\n<p><br><strong>Uriel Flores Aguayo<\/strong><\/p>\n\n\n\n<p>Vive en un fenomenal error o una profunda confusi\u00f3n quien crea que lo que pasa en la pol\u00edtica mexicana es algo nuevo. Todo lo que estamos viendo ya se vivi\u00f3 en M\u00e9xico y en el mundo. Desde luego con grados y diversos personajes; sin obviar el colorido de rigor. Nuestra historia es de caudillos que simulaban ser institucionales y democr\u00e1ticos. Hemos tenido monarcas casi siempre, la excepci\u00f3n fueron los tiempos de la transici\u00f3n que deriv\u00f3 en una vuelta al pasado. Hubo partido de Estado y hegem\u00f3nico, Estatismo econ\u00f3mico, presidencia imperial, partidos comparsa, culto a la personalidad, pensamiento \u00fanico, escasos derechos, represi\u00f3n, m\u00ednima sociedad civil, etc.. Todo eso acab\u00f3 por sucumbir ante la globalizaci\u00f3n y la pluralidad real de nuestra sociedad. La restauraci\u00f3n en curso vivir\u00e1 poco o ser\u00e1 de fachada. La concentraci\u00f3n de poder es un obst\u00e1culo para el desarrollo social y el progreso. No tiene futuro. Se trata de un autoritarismo desfasado de la marcha del mundo, destinado al fracaso. Es una p\u00e9rdida de tiempo.<br>La historia mundial nos muestra que las sociedades logran salir hasta del totalitarismo. Esa es la experiencia del bloque sovi\u00e9tico, la Espa\u00f1a de Franco y la Italia de Mussolini. El totalitarismo es extremo en ahogamiento de libertades; lo nuestro es de menor grado, es autoritarismo. En los reg\u00edmenes totalitarios no hab\u00eda partidos de oposici\u00f3n, ni elecciones libres, tampoco libertad de expresi\u00f3n. Eso lo vive Cuba actualmente. Las dictaduras comunistas y fascistas eran opresoras y se desenvolv\u00edan en burbujas, en fachadas, sin el consenso de sus sociedades. Todo era forzado y fingido. Apenas se dieron las condiciones sociales necesarias y esos gobiernos eternos y arcaicos cayeron estrepitosamente y se hicieron polvo. Sus respectivos dictadores eran \u201c adorados\u201d por sus \u201c pueblos\u201d y celebraban triunfales desfiles de masas por cualquier motivo. Las popularidades se construyen con doctrina y propaganda. En algunos casos apenas terminaban las fastuosas celebraciones e inmediatamente la poblaci\u00f3n asaltaba los palacios hasta llegar a fusilar a sus gobernantes como pas\u00f3 en Ruman\u00eda. Lleva su tiempo, al final caen. No es una especulaci\u00f3n, son hechos vistos y verificables. El problema es que son a\u00f1os de sufrimientos y pobreza. Ninguna dictadura mesi\u00e1nica y opresora puede ser fuente de progreso. La sociedad las tolera por ilusi\u00f3n y por miedo. Primero hay esperanza, despu\u00e9s hay frustraci\u00f3n. No hay de otra. A m\u00e1s poder del gobierno corresponde m\u00e1s debilidad de la sociedad. El gobierno no genera econom\u00eda, la administra , y casi siempre mal. El culto a la personalidad despoja de auto estima al ciudadano y lo vuelve mediocre. Se vuelve dependiente y expectante de seres providenciales. Convierten en religi\u00f3n y asuntos de fe lo que es humano y de hechos.<br>No hay forma de salir adelante sin democracia, divisi\u00f3n de poderes y estado de derecho. Sin esos pilares de una sociedad moderna y viable viene el atraso, el abuso y la ocurrencia. Con el tiempo, ante una realidad que no pueden cambiar, suelen venir procesos de autocr\u00edtica y deslindes del grupo en el poder. Sin obviar rupturas y reacomodos. El triunfalismo, la ignorancia y la prepotencia hace que tarden un poco m\u00e1s en enfrentar la realidad; despu\u00e9s ser\u00e1n sus propios intereses personales y de grupo los que los enfrenten.<br>Todo eso est\u00e1 en la historia de M\u00e9xico y el mundo. Es una pel\u00edcula ya vista muchas veces. No debe haber lugar para el pesimismo; el problema es de ellos por su ambici\u00f3n de poder y af\u00e1n autoritario. Si no entienden, saldr\u00e1n mal y manchados. Al tiempo.<br>Recadito: hay gobierno en Veracruz?\u2026<\/p>\n","protected":false},"excerpt":{"rendered":"<p>Uriel Flores Aguayo Vive en un fenomenal error o una profunda confusi\u00f3n quien crea que lo que pasa en la pol\u00edtica mexicana es algo nuevo. Todo lo que estamos viendo ya se vivi\u00f3 en M\u00e9xico y en el mundo. Desde luego con grados y diversos personajes; sin obviar el colorido de rigor. Nuestra historia es [&hellip;]<\/p>\n","protected":false},"author":2,"featured_media":119915,"comment_status":"closed","ping_status":"closed","sticky":false,"template":"","format":"standard","meta":{"tdm_status":"","tdm_grid_status":"","footnotes":""},"categories":[70],"tags":[618,207,41590,1026,195],"class_list":{"0":"post-128978","1":"post","2":"type-post","3":"status-publish","4":"format-standard","5":"has-post-thumbnail","7":"category-de-opinion","8":"tag-andres-manuel-lopez-obrador","9":"tag-democracia","10":"tag-dictador","11":"tag-morena","12":"tag-veracruz"},"yoast_head":"<!-- This site is optimized with the Yoast SEO plugin v27.4 - https:\/\/yoast.com\/product\/yoast-seo-wordpress\/ -->\n<title>HISTORIA: PRIMERO COMO TRAGEDIA Y SEGUNDO COMO FARSA - Los pol\u00edticos Veracruz<\/title>\n<meta name=\"robots\" content=\"index, follow, max-snippet:-1, max-image-preview:large, max-video-preview:-1\" \/>\n<link rel=\"canonical\" href=\"https:\/\/lospoliticosveracruz.com\/?p=128978\" \/>\n<meta property=\"og:locale\" content=\"es_ES\" \/>\n<meta property=\"og:type\" content=\"article\" \/>\n<meta property=\"og:title\" content=\"HISTORIA: PRIMERO COMO TRAGEDIA Y SEGUNDO COMO FARSA - Los pol\u00edticos Veracruz\" \/>\n<meta property=\"og:description\" content=\"Uriel Flores Aguayo Vive en un fenomenal error o una profunda confusi\u00f3n quien crea que lo que pasa en la pol\u00edtica mexicana es algo nuevo. Todo lo que estamos viendo ya se vivi\u00f3 en M\u00e9xico y en el mundo. Desde luego con grados y diversos personajes; sin obviar el colorido de rigor. Nuestra historia es [&hellip;]\" \/>\n<meta property=\"og:url\" content=\"https:\/\/lospoliticosveracruz.com\/?p=128978\" \/>\n<meta property=\"og:site_name\" content=\"Los pol\u00edticos Veracruz\" \/>\n<meta property=\"article:publisher\" content=\"https:\/\/www.facebook.com\/people\/Notimemes-de-los-Polticos\/61565672886568\/\" \/>\n<meta property=\"article:published_time\" content=\"2024-08-22T13:17:30+00:00\" \/>\n<meta property=\"article:modified_time\" content=\"2024-08-22T13:17:51+00:00\" \/>\n<meta property=\"og:image\" content=\"https:\/\/lospoliticosveracruz.com\/wp-content\/uploads\/2024\/03\/Uriel-Flores.jpg\" \/>\n\t<meta property=\"og:image:width\" content=\"1250\" \/>\n\t<meta property=\"og:image:height\" content=\"667\" \/>\n\t<meta property=\"og:image:type\" content=\"image\/jpeg\" \/>\n<meta name=\"author\" content=\"Lo viste en Los Pol\u00edticos\" \/>\n<meta name=\"twitter:card\" content=\"summary_large_image\" \/>\n<meta name=\"twitter:creator\" content=\"@LosPoliticosVer\" \/>\n<meta name=\"twitter:site\" content=\"@LosPoliticosVer\" \/>\n<meta name=\"twitter:label1\" content=\"Escrito por\" \/>\n\t<meta name=\"twitter:data1\" content=\"Lo viste en Los Pol\u00edticos\" \/>\n\t<meta name=\"twitter:label2\" content=\"Tiempo de lectura\" \/>\n\t<meta name=\"twitter:data2\" content=\"3 minutos\" \/>\n<script type=\"application\/ld+json\" class=\"yoast-schema-graph\">{\"@context\":\"https:\\\/\\\/schema.org\",\"@graph\":[{\"@type\":\"Article\",\"@id\":\"https:\\\/\\\/lospoliticosveracruz.com\\\/?p=128978#article\",\"isPartOf\":{\"@id\":\"https:\\\/\\\/lospoliticosveracruz.com\\\/?p=128978\"},\"author\":{\"name\":\"Lo viste en Los Pol\u00edticos\",\"@id\":\"https:\\\/\\\/lospoliticosveracruz.com\\\/#\\\/schema\\\/person\\\/b8702bb0e538456e6efd07080bf2a4a2\"},\"headline\":\"HISTORIA: PRIMERO COMO TRAGEDIA Y SEGUNDO COMO FARSA\",\"datePublished\":\"2024-08-22T13:17:30+00:00\",\"dateModified\":\"2024-08-22T13:17:51+00:00\",\"mainEntityOfPage\":{\"@id\":\"https:\\\/\\\/lospoliticosveracruz.com\\\/?p=128978\"},\"wordCount\":636,\"publisher\":{\"@id\":\"https:\\\/\\\/lospoliticosveracruz.com\\\/#organization\"},\"image\":{\"@id\":\"https:\\\/\\\/lospoliticosveracruz.com\\\/?p=128978#primaryimage\"},\"thumbnailUrl\":\"https:\\\/\\\/lospoliticosveracruz.com\\\/wp-content\\\/uploads\\\/2024\\\/03\\\/Uriel-Flores.jpg\",\"keywords\":[\"Andr\u00e9s Manuel L\u00f3pez Obrador\",\"democracia\",\"dictador\",\"Morena\",\"Veracruz\"],\"articleSection\":[\"De Opini\u00f3n\"],\"inLanguage\":\"es\"},{\"@type\":\"WebPage\",\"@id\":\"https:\\\/\\\/lospoliticosveracruz.com\\\/?p=128978\",\"url\":\"https:\\\/\\\/lospoliticosveracruz.com\\\/?p=128978\",\"name\":\"HISTORIA: PRIMERO COMO TRAGEDIA Y SEGUNDO COMO FARSA - Los pol\u00edticos Veracruz\",\"isPartOf\":{\"@id\":\"https:\\\/\\\/lospoliticosveracruz.com\\\/#website\"},\"primaryImageOfPage\":{\"@id\":\"https:\\\/\\\/lospoliticosveracruz.com\\\/?p=128978#primaryimage\"},\"image\":{\"@id\":\"https:\\\/\\\/lospoliticosveracruz.com\\\/?p=128978#primaryimage\"},\"thumbnailUrl\":\"https:\\\/\\\/lospoliticosveracruz.com\\\/wp-content\\\/uploads\\\/2024\\\/03\\\/Uriel-Flores.jpg\",\"datePublished\":\"2024-08-22T13:17:30+00:00\",\"dateModified\":\"2024-08-22T13:17:51+00:00\",\"breadcrumb\":{\"@id\":\"https:\\\/\\\/lospoliticosveracruz.com\\\/?p=128978#breadcrumb\"},\"inLanguage\":\"es\",\"potentialAction\":[{\"@type\":\"ReadAction\",\"target\":[\"https:\\\/\\\/lospoliticosveracruz.com\\\/?p=128978\"]}]},{\"@type\":\"ImageObject\",\"inLanguage\":\"es\",\"@id\":\"https:\\\/\\\/lospoliticosveracruz.com\\\/?p=128978#primaryimage\",\"url\":\"https:\\\/\\\/lospoliticosveracruz.com\\\/wp-content\\\/uploads\\\/2024\\\/03\\\/Uriel-Flores.jpg\",\"contentUrl\":\"https:\\\/\\\/lospoliticosveracruz.com\\\/wp-content\\\/uploads\\\/2024\\\/03\\\/Uriel-Flores.jpg\",\"width\":1250,\"height\":667},{\"@type\":\"BreadcrumbList\",\"@id\":\"https:\\\/\\\/lospoliticosveracruz.com\\\/?p=128978#breadcrumb\",\"itemListElement\":[{\"@type\":\"ListItem\",\"position\":1,\"name\":\"Portada\",\"item\":\"https:\\\/\\\/lospoliticosveracruz.com\\\/\"},{\"@type\":\"ListItem\",\"position\":2,\"name\":\"HISTORIA: PRIMERO COMO TRAGEDIA Y SEGUNDO COMO FARSA\"}]},{\"@type\":\"WebSite\",\"@id\":\"https:\\\/\\\/lospoliticosveracruz.com\\\/#website\",\"url\":\"https:\\\/\\\/lospoliticosveracruz.com\\\/\",\"name\":\"Los pol\u00edticos Veracruz\",\"description\":\"\",\"publisher\":{\"@id\":\"https:\\\/\\\/lospoliticosveracruz.com\\\/#organization\"},\"potentialAction\":[{\"@type\":\"SearchAction\",\"target\":{\"@type\":\"EntryPoint\",\"urlTemplate\":\"https:\\\/\\\/lospoliticosveracruz.com\\\/?s={search_term_string}\"},\"query-input\":{\"@type\":\"PropertyValueSpecification\",\"valueRequired\":true,\"valueName\":\"search_term_string\"}}],\"inLanguage\":\"es\"},{\"@type\":\"Organization\",\"@id\":\"https:\\\/\\\/lospoliticosveracruz.com\\\/#organization\",\"name\":\"Los pol\u00edticos Veracruz\",\"url\":\"https:\\\/\\\/lospoliticosveracruz.com\\\/\",\"logo\":{\"@type\":\"ImageObject\",\"inLanguage\":\"es\",\"@id\":\"https:\\\/\\\/lospoliticosveracruz.com\\\/#\\\/schema\\\/logo\\\/image\\\/\",\"url\":\"https:\\\/\\\/lospoliticosveracruz.com\\\/wp-content\\\/uploads\\\/2025\\\/12\\\/Logo-Nuevo-LOS-POLITICOS-1.jpg\",\"contentUrl\":\"https:\\\/\\\/lospoliticosveracruz.com\\\/wp-content\\\/uploads\\\/2025\\\/12\\\/Logo-Nuevo-LOS-POLITICOS-1.jpg\",\"width\":260,\"height\":70,\"caption\":\"Los pol\u00edticos Veracruz\"},\"image\":{\"@id\":\"https:\\\/\\\/lospoliticosveracruz.com\\\/#\\\/schema\\\/logo\\\/image\\\/\"},\"sameAs\":[\"https:\\\/\\\/www.facebook.com\\\/people\\\/Notimemes-de-los-Polticos\\\/61565672886568\\\/\",\"https:\\\/\\\/x.com\\\/LosPoliticosVer\"]},{\"@type\":\"Person\",\"@id\":\"https:\\\/\\\/lospoliticosveracruz.com\\\/#\\\/schema\\\/person\\\/b8702bb0e538456e6efd07080bf2a4a2\",\"name\":\"Lo viste en Los Pol\u00edticos\",\"image\":{\"@type\":\"ImageObject\",\"inLanguage\":\"es\",\"@id\":\"https:\\\/\\\/secure.gravatar.com\\\/avatar\\\/3a8de04a2656d44082be478bd6c086daa447c4651605818287b9532d3d0bd435?s=96&d=mm&r=g\",\"url\":\"https:\\\/\\\/secure.gravatar.com\\\/avatar\\\/3a8de04a2656d44082be478bd6c086daa447c4651605818287b9532d3d0bd435?s=96&d=mm&r=g\",\"contentUrl\":\"https:\\\/\\\/secure.gravatar.com\\\/avatar\\\/3a8de04a2656d44082be478bd6c086daa447c4651605818287b9532d3d0bd435?s=96&d=mm&r=g\",\"caption\":\"Lo viste en Los Pol\u00edticos\"},\"url\":\"https:\\\/\\\/lospoliticosveracruz.com\\\/?author=2\"}]}<\/script>\n<!-- \/ Yoast SEO plugin. -->","yoast_head_json":{"title":"HISTORIA: PRIMERO COMO TRAGEDIA Y SEGUNDO COMO FARSA - Los pol\u00edticos Veracruz","robots":{"index":"index","follow":"follow","max-snippet":"max-snippet:-1","max-image-preview":"max-image-preview:large","max-video-preview":"max-video-preview:-1"},"canonical":"https:\/\/lospoliticosveracruz.com\/?p=128978","og_locale":"es_ES","og_type":"article","og_title":"HISTORIA: PRIMERO COMO TRAGEDIA Y SEGUNDO COMO FARSA - Los pol\u00edticos Veracruz","og_description":"Uriel Flores Aguayo Vive en un fenomenal error o una profunda confusi\u00f3n quien crea que lo que pasa en la pol\u00edtica mexicana es algo nuevo. Todo lo que estamos viendo ya se vivi\u00f3 en M\u00e9xico y en el mundo. Desde luego con grados y diversos personajes; sin obviar el colorido de rigor. Nuestra historia es [&hellip;]","og_url":"https:\/\/lospoliticosveracruz.com\/?p=128978","og_site_name":"Los pol\u00edticos Veracruz","article_publisher":"https:\/\/www.facebook.com\/people\/Notimemes-de-los-Polticos\/61565672886568\/","article_published_time":"2024-08-22T13:17:30+00:00","article_modified_time":"2024-08-22T13:17:51+00:00","og_image":[{"width":1250,"height":667,"url":"https:\/\/lospoliticosveracruz.com\/wp-content\/uploads\/2024\/03\/Uriel-Flores.jpg","type":"image\/jpeg"}],"author":"Lo viste en Los Pol\u00edticos","twitter_card":"summary_large_image","twitter_creator":"@LosPoliticosVer","twitter_site":"@LosPoliticosVer","twitter_misc":{"Escrito por":"Lo viste en Los Pol\u00edticos","Tiempo de lectura":"3 minutos"},"schema":{"@context":"https:\/\/schema.org","@graph":[{"@type":"Article","@id":"https:\/\/lospoliticosveracruz.com\/?p=128978#article","isPartOf":{"@id":"https:\/\/lospoliticosveracruz.com\/?p=128978"},"author":{"name":"Lo viste en Los Pol\u00edticos","@id":"https:\/\/lospoliticosveracruz.com\/#\/schema\/person\/b8702bb0e538456e6efd07080bf2a4a2"},"headline":"HISTORIA: PRIMERO COMO TRAGEDIA Y SEGUNDO COMO FARSA","datePublished":"2024-08-22T13:17:30+00:00","dateModified":"2024-08-22T13:17:51+00:00","mainEntityOfPage":{"@id":"https:\/\/lospoliticosveracruz.com\/?p=128978"},"wordCount":636,"publisher":{"@id":"https:\/\/lospoliticosveracruz.com\/#organization"},"image":{"@id":"https:\/\/lospoliticosveracruz.com\/?p=128978#primaryimage"},"thumbnailUrl":"https:\/\/lospoliticosveracruz.com\/wp-content\/uploads\/2024\/03\/Uriel-Flores.jpg","keywords":["Andr\u00e9s Manuel L\u00f3pez Obrador","democracia","dictador","Morena","Veracruz"],"articleSection":["De Opini\u00f3n"],"inLanguage":"es"},{"@type":"WebPage","@id":"https:\/\/lospoliticosveracruz.com\/?p=128978","url":"https:\/\/lospoliticosveracruz.com\/?p=128978","name":"HISTORIA: PRIMERO COMO TRAGEDIA Y SEGUNDO COMO FARSA - Los pol\u00edticos Veracruz","isPartOf":{"@id":"https:\/\/lospoliticosveracruz.com\/#website"},"primaryImageOfPage":{"@id":"https:\/\/lospoliticosveracruz.com\/?p=128978#primaryimage"},"image":{"@id":"https:\/\/lospoliticosveracruz.com\/?p=128978#primaryimage"},"thumbnailUrl":"https:\/\/lospoliticosveracruz.com\/wp-content\/uploads\/2024\/03\/Uriel-Flores.jpg","datePublished":"2024-08-22T13:17:30+00:00","dateModified":"2024-08-22T13:17:51+00:00","breadcrumb":{"@id":"https:\/\/lospoliticosveracruz.com\/?p=128978#breadcrumb"},"inLanguage":"es","potentialAction":[{"@type":"ReadAction","target":["https:\/\/lospoliticosveracruz.com\/?p=128978"]}]},{"@type":"ImageObject","inLanguage":"es","@id":"https:\/\/lospoliticosveracruz.com\/?p=128978#primaryimage","url":"https:\/\/lospoliticosveracruz.com\/wp-content\/uploads\/2024\/03\/Uriel-Flores.jpg","contentUrl":"https:\/\/lospoliticosveracruz.com\/wp-content\/uploads\/2024\/03\/Uriel-Flores.jpg","width":1250,"height":667},{"@type":"BreadcrumbList","@id":"https:\/\/lospoliticosveracruz.com\/?p=128978#breadcrumb","itemListElement":[{"@type":"ListItem","position":1,"name":"Portada","item":"https:\/\/lospoliticosveracruz.com\/"},{"@type":"ListItem","position":2,"name":"HISTORIA: PRIMERO COMO TRAGEDIA Y SEGUNDO COMO FARSA"}]},{"@type":"WebSite","@id":"https:\/\/lospoliticosveracruz.com\/#website","url":"https:\/\/lospoliticosveracruz.com\/","name":"Los pol\u00edticos Veracruz","description":"","publisher":{"@id":"https:\/\/lospoliticosveracruz.com\/#organization"},"potentialAction":[{"@type":"SearchAction","target":{"@type":"EntryPoint","urlTemplate":"https:\/\/lospoliticosveracruz.com\/?s={search_term_string}"},"query-input":{"@type":"PropertyValueSpecification","valueRequired":true,"valueName":"search_term_string"}}],"inLanguage":"es"},{"@type":"Organization","@id":"https:\/\/lospoliticosveracruz.com\/#organization","name":"Los pol\u00edticos Veracruz","url":"https:\/\/lospoliticosveracruz.com\/","logo":{"@type":"ImageObject","inLanguage":"es","@id":"https:\/\/lospoliticosveracruz.com\/#\/schema\/logo\/image\/","url":"https:\/\/lospoliticosveracruz.com\/wp-content\/uploads\/2025\/12\/Logo-Nuevo-LOS-POLITICOS-1.jpg","contentUrl":"https:\/\/lospoliticosveracruz.com\/wp-content\/uploads\/2025\/12\/Logo-Nuevo-LOS-POLITICOS-1.jpg","width":260,"height":70,"caption":"Los pol\u00edticos Veracruz"},"image":{"@id":"https:\/\/lospoliticosveracruz.com\/#\/schema\/logo\/image\/"},"sameAs":["https:\/\/www.facebook.com\/people\/Notimemes-de-los-Polticos\/61565672886568\/","https:\/\/x.com\/LosPoliticosVer"]},{"@type":"Person","@id":"https:\/\/lospoliticosveracruz.com\/#\/schema\/person\/b8702bb0e538456e6efd07080bf2a4a2","name":"Lo viste en Los Pol\u00edticos","image":{"@type":"ImageObject","inLanguage":"es","@id":"https:\/\/secure.gravatar.com\/avatar\/3a8de04a2656d44082be478bd6c086daa447c4651605818287b9532d3d0bd435?s=96&d=mm&r=g","url":"https:\/\/secure.gravatar.com\/avatar\/3a8de04a2656d44082be478bd6c086daa447c4651605818287b9532d3d0bd435?s=96&d=mm&r=g","contentUrl":"https:\/\/secure.gravatar.com\/avatar\/3a8de04a2656d44082be478bd6c086daa447c4651605818287b9532d3d0bd435?s=96&d=mm&r=g","caption":"Lo viste en Los Pol\u00edticos"},"url":"https:\/\/lospoliticosveracruz.com\/?author=2"}]}},"_links":{"self":[{"href":"https:\/\/lospoliticosveracruz.com\/index.php?rest_route=\/wp\/v2\/posts\/128978","targetHints":{"allow":["GET"]}}],"collection":[{"href":"https:\/\/lospoliticosveracruz.com\/index.php?rest_route=\/wp\/v2\/posts"}],"about":[{"href":"https:\/\/lospoliticosveracruz.com\/index.php?rest_route=\/wp\/v2\/types\/post"}],"author":[{"embeddable":true,"href":"https:\/\/lospoliticosveracruz.com\/index.php?rest_route=\/wp\/v2\/users\/2"}],"replies":[{"embeddable":true,"href":"https:\/\/lospoliticosveracruz.com\/index.php?rest_route=%2Fwp%2Fv2%2Fcomments&post=128978"}],"version-history":[{"count":1,"href":"https:\/\/lospoliticosveracruz.com\/index.php?rest_route=\/wp\/v2\/posts\/128978\/revisions"}],"predecessor-version":[{"id":128979,"href":"https:\/\/lospoliticosveracruz.com\/index.php?rest_route=\/wp\/v2\/posts\/128978\/revisions\/128979"}],"wp:featuredmedia":[{"embeddable":true,"href":"https:\/\/lospoliticosveracruz.com\/index.php?rest_route=\/wp\/v2\/media\/119915"}],"wp:attachment":[{"href":"https:\/\/lospoliticosveracruz.com\/index.php?rest_route=%2Fwp%2Fv2%2Fmedia&parent=128978"}],"wp:term":[{"taxonomy":"category","embeddable":true,"href":"https:\/\/lospoliticosveracruz.com\/index.php?rest_route=%2Fwp%2Fv2%2Fcategories&post=128978"},{"taxonomy":"post_tag","embeddable":true,"href":"https:\/\/lospoliticosveracruz.com\/index.php?rest_route=%2Fwp%2Fv2%2Ftags&post=128978"}],"curies":[{"name":"wp","href":"https:\/\/api.w.org\/{rel}","templated":true}]}}